{"id":120172,"date":"2020-12-16T17:37:08","date_gmt":"2020-12-16T16:37:08","guid":{"rendered":"http:\/\/www.bellunopress.it\/?p=120172"},"modified":"2020-12-16T18:53:53","modified_gmt":"2020-12-16T17:53:53","slug":"emergenza-covid-padrin-meglio-chiudere-durante-le-festivita-che-essere-costretti-a-trascinare-la-situazione-difficile-a-lungo-dopo-lepifania","status":"publish","type":"post","link":"https:\/\/www.bellunopress.it\/fr\/2020\/12\/16\/emergenza-covid-padrin-meglio-chiudere-durante-le-festivita-che-essere-costretti-a-trascinare-la-situazione-difficile-a-lungo-dopo-lepifania\/","title":{"rendered":"Emergenza Covid, Padrin: \u00abMeglio chiudere durante le festivit\u00e0 che essere costretti a trascinare la situazione difficile a lungo dopo l&#8217;Epifania\u00bb"},"content":{"rendered":"<figure id=\"attachment_114481\" aria-describedby=\"caption-attachment-114481\" style=\"width: 800px\" class=\"wp-caption alignleft\"><a href=\"http:\/\/www.bellunopress.it\/fr\/2020\/05\/17\/fase-2-bis-padrin-la-provincia-puo-fare-da-collettore-di-tutte-le-esigenze-e-le-idee-che-emergono-dal-nostro-territorio\/roberto-padrin_edited-2\/\" rel=\"attachment wp-att-114481\"><img loading=\"lazy\" decoding=\"async\" class=\"size-full wp-image-114481\" src=\"http:\/\/www.bellunopress.it\/wp-content\/uploads\/2020\/05\/roberto-padrin_edited-1.jpg\" alt=\"\" width=\"800\" height=\"595\" srcset=\"https:\/\/www.bellunopress.it\/wp-content\/uploads\/2020\/05\/roberto-padrin_edited-1.jpg 800w, https:\/\/www.bellunopress.it\/wp-content\/uploads\/2020\/05\/roberto-padrin_edited-1-500x372.jpg 500w, https:\/\/www.bellunopress.it\/wp-content\/uploads\/2020\/05\/roberto-padrin_edited-1-485x360.jpg 485w, https:\/\/www.bellunopress.it\/wp-content\/uploads\/2020\/05\/roberto-padrin_edited-1-696x518.jpg 696w, https:\/\/www.bellunopress.it\/wp-content\/uploads\/2020\/05\/roberto-padrin_edited-1-565x420.jpg 565w, https:\/\/www.bellunopress.it\/wp-content\/uploads\/2020\/05\/roberto-padrin_edited-1-80x60.jpg 80w, https:\/\/www.bellunopress.it\/wp-content\/uploads\/2020\/05\/roberto-padrin_edited-1-265x198.jpg 265w\" sizes=\"auto, (max-width: 800px) 100vw, 800px\" \/><\/a><figcaption id=\"caption-attachment-114481\" class=\"wp-caption-text\">Roberto Padrin &#8211; Presidente della Provincia<\/figcaption><\/figure>\n<p>\u00abSono favorevole a misure pi\u00f9 restrittive tra Natale e l&#8217;Epifania. In questo momento \u00e8 assolutamente vietato abbassare la guardia, pena ritrovarci a gennaio con una situazione ancora pi\u00f9 complicata, che renderebbe gravissima la crisi economica, oltre che l&#8217;emergenza sanitaria\u00bb. \u00c8 quanto afferma il presidente della Provincia di Belluno, Roberto Padrin.<\/p>\n<p>\u00abSono consapevole di quanto sia pesante e sofferta la decisione da prendere. Chiudere ancora di pi\u00f9 le maglie delle restrizioni e contenere gli spostamenti avr\u00e0 conseguenze inevitabili. Ma sono altrettanto consapevole della estrema difficolt\u00e0 in cui si trova il sistema sanitario. Che finora ha retto, anche grazie alla strutturazione della sanit\u00e0 veneta. Per\u00f2 ora la situazione va affrontata con decisioni forti e &#8211; se necessario &#8211; anche impopolari\u00bb.<\/p>\n<p>\u00abRicevo continuamente sollecitazioni dai medici, dagli infermieri. Quello che loro devono registrare ogni giorno &#8211; ospedali sotto pressione, contagi in aumento, case di riposo in fortissima difficolt\u00e0 a causa del personale ammalato o in quarantena &#8211; noi non lo vediamo, perch\u00e9 fortunatamente siamo all&#8217;esterno di quel mondo e ci\u00f2 significa che stiamo bene, in salute. Non per questo possiamo fingere di non comprendere l&#8217;emergenza in corso. Anzi, abbiamo il dovere di dare respiro a un sistema ormai in affanno\u00bb continua il presidente Padrin. \u00abSe vogliamo evitare la terza ondata e consentire una ripartenza pi\u00f9 rapida e semplice, \u00e8 necessario agire subito. Ecco perch\u00e9 non vedrei in maniera negativa l&#8217;applicazione di maggiori restrizioni da Natale all&#8217;Epifania. Di certo ci saranno attivit\u00e0 assai penalizzate. Penso al settore del commercio, della ristorazione, che da mesi stanno pagando gli effetti del Covid. Penso al turismo, che nel nostro territorio costituisce una fetta importante dell&#8217;economia e dei bilanci di migliaia di famiglie; piange il cuore vedere le montagne innevate, le piste pronte, localit\u00e0 come Auronzo, Cortina, Alleghe, Arabba, Rocca Pietore, Falcade, addobbate a festa per Natale e costrette a tenere gli impianti chiusi. Ma per queste attivit\u00e0, per il turismo e il suo indotto, dobbiamo fare in modo &#8211; e lo chiedo fin da subito al Governo &#8211; che arrivino ristori e indennizzi, dimensionati alle perdite e in grado di sopperire in maniera vera e reale ai danni subiti dalle eventuali chiusure. Cosa potrebbe accadere nel tirare per le lunghe questa situazione difficile? Sono certo che le conseguenze sarebbero peggiori delle restrizioni e i danni incalcolabili. Per questo sono convinto &#8211; seppur con amarezza &#8211; che fermarsi dieci giorni nel periodo delle festivit\u00e0 possa essere una scelta corretta. Festeggeremo pi\u00f9 facilmente e con maggiore ottimismo la rinascita, se oggi siamo costretti a celebrare il Natale in tono dimesso\u00bb.<\/p>\n<p>&nbsp;<\/p>","protected":false},"excerpt":{"rendered":"<p>\u00abSono favorevole a misure pi\u00f9 restrittive tra Natale e l&#8217;Epifania. In questo momento \u00e8 assolutamente vietato abbassare la guardia, pena ritrovarci a gennaio con una situazione ancora pi\u00f9 complicata, che renderebbe gravissima la crisi economica, oltre che l&#8217;emergenza sanitaria\u00bb. \u00c8 quanto afferma il presidente della Provincia di Belluno, Roberto Padrin. \u00abSono consapevole di quanto sia [&hellip;]<\/p>\n","protected":false},"author":2,"featured_media":114481,"comment_status":"closed","ping_status":"open","sticky":false,"template":"","format":"standard","meta":{"footnotes":""},"categories":[5,3446,26,17],"tags":[],"class_list":["post-120172","post","type-post","status-publish","format-standard","has-post-thumbnail","category-cronaca","category-featured","category-prima-pagina","category-sanita"],"yoast_head":"<!-- This site is optimized with the Yoast SEO plugin v28.4 - https:\/\/yoast.com\/product\/yoast-seo-wordpress\/ -->\n<title>Emergenza Covid, Padrin: \u00abMeglio chiudere durante le festivit\u00e0 che essere costretti a trascinare la situazione difficile a lungo dopo l&#039;Epifania\u00bb - Bellunopress - Dolomiti<\/title>\n<meta name=\"robots\" content=\"index, follow, max-snippet:-1, max-image-preview:large, max-video-preview:-1\" \/>\n<link rel=\"canonical\" href=\"https:\/\/www.bellunopress.it\/fr\/2020\/12\/16\/emergenza-covid-padrin-meglio-chiudere-durante-le-festivita-che-essere-costretti-a-trascinare-la-situazione-difficile-a-lungo-dopo-lepifania\/\" \/>\n<meta property=\"og:locale\" content=\"fr_FR\" \/>\n<meta property=\"og:type\" content=\"article\" \/>\n<meta property=\"og:title\" content=\"Emergenza Covid, Padrin: \u00abMeglio chiudere durante le festivit\u00e0 che essere costretti a trascinare la situazione difficile a lungo dopo l&#039;Epifania\u00bb - Bellunopress - Dolomiti\" \/>\n<meta property=\"og:description\" content=\"\u00abSono favorevole a misure pi\u00f9 restrittive tra Natale e l&#8217;Epifania. In questo momento \u00e8 assolutamente vietato abbassare la guardia, pena ritrovarci a gennaio con una situazione ancora pi\u00f9 complicata, che renderebbe gravissima la crisi economica, oltre che l&#8217;emergenza sanitaria\u00bb. \u00c8 quanto afferma il presidente della Provincia di Belluno, Roberto Padrin. \u00abSono consapevole di quanto sia [&hellip;]\" \/>\n<meta property=\"og:url\" content=\"https:\/\/www.bellunopress.it\/fr\/2020\/12\/16\/emergenza-covid-padrin-meglio-chiudere-durante-le-festivita-che-essere-costretti-a-trascinare-la-situazione-difficile-a-lungo-dopo-lepifania\/\" \/>\n<meta property=\"og:site_name\" content=\"Bellunopress - Dolomiti\" \/>\n<meta property=\"article:publisher\" content=\"https:\/\/www.facebook.com\/profile.php?id=100008943462799\" \/>\n<meta property=\"article:published_time\" content=\"2020-12-16T16:37:08+00:00\" \/>\n<meta property=\"article:modified_time\" content=\"2020-12-16T17:53:53+00:00\" \/>\n<meta property=\"og:image\" content=\"https:\/\/www.bellunopress.it\/wp-content\/uploads\/2020\/05\/roberto-padrin_edited-1.jpg\" \/>\n\t<meta property=\"og:image:width\" content=\"800\" \/>\n\t<meta property=\"og:image:height\" content=\"595\" \/>\n\t<meta property=\"og:image:type\" content=\"image\/jpeg\" \/>\n<meta name=\"author\" content=\"redazione\" \/>\n<meta name=\"twitter:card\" content=\"summary_large_image\" \/>\n<meta name=\"twitter:creator\" content=\"@bellunopress\" \/>\n<meta name=\"twitter:site\" content=\"@bellunopress\" \/>\n<meta name=\"twitter:label1\" content=\"\u00c9crit par\" \/>\n\t<meta name=\"twitter:data1\" content=\"redazione\" \/>\n\t<meta name=\"twitter:label2\" content=\"Dur\u00e9e de lecture estim\u00e9e\" \/>\n\t<meta name=\"twitter:data2\" content=\"2 minutes\" \/>\n<script type=\"application\/ld+json\" class=\"yoast-schema-graph\">{\"@context\":\"https:\\\/\\\/schema.org\",\"@graph\":[{\"@type\":\"Article\",\"@id\":\"https:\\\/\\\/www.bellunopress.it\\\/2020\\\/12\\\/16\\\/emergenza-covid-padrin-meglio-chiudere-durante-le-festivita-che-essere-costretti-a-trascinare-la-situazione-difficile-a-lungo-dopo-lepifania\\\/#article\",\"isPartOf\":{\"@id\":\"https:\\\/\\\/www.bellunopress.it\\\/2020\\\/12\\\/16\\\/emergenza-covid-padrin-meglio-chiudere-durante-le-festivita-che-essere-costretti-a-trascinare-la-situazione-difficile-a-lungo-dopo-lepifania\\\/\"},\"author\":{\"name\":\"redazione\",\"@id\":\"https:\\\/\\\/www.bellunopress.it\\\/#\\\/schema\\\/person\\\/79bb06722b37ece1c03d3e94beb30d73\"},\"headline\":\"Emergenza Covid, Padrin: \u00abMeglio chiudere durante le festivit\u00e0 che essere costretti a trascinare la situazione difficile a lungo dopo l&#8217;Epifania\u00bb\",\"datePublished\":\"2020-12-16T16:37:08+00:00\",\"dateModified\":\"2020-12-16T17:53:53+00:00\",\"mainEntityOfPage\":{\"@id\":\"https:\\\/\\\/www.bellunopress.it\\\/2020\\\/12\\\/16\\\/emergenza-covid-padrin-meglio-chiudere-durante-le-festivita-che-essere-costretti-a-trascinare-la-situazione-difficile-a-lungo-dopo-lepifania\\\/\"},\"wordCount\":460,\"publisher\":{\"@id\":\"https:\\\/\\\/www.bellunopress.it\\\/#organization\"},\"image\":{\"@id\":\"https:\\\/\\\/www.bellunopress.it\\\/2020\\\/12\\\/16\\\/emergenza-covid-padrin-meglio-chiudere-durante-le-festivita-che-essere-costretti-a-trascinare-la-situazione-difficile-a-lungo-dopo-lepifania\\\/#primaryimage\"},\"thumbnailUrl\":\"https:\\\/\\\/www.bellunopress.it\\\/wp-content\\\/uploads\\\/2020\\\/05\\\/roberto-padrin_edited-1.jpg\",\"articleSection\":[\"Cronaca\\\/Politica\",\"Featured\",\"Prima Pagina\",\"Sanit\u00e0 Medicina\"],\"inLanguage\":\"fr-FR\"},{\"@type\":\"WebPage\",\"@id\":\"https:\\\/\\\/www.bellunopress.it\\\/2020\\\/12\\\/16\\\/emergenza-covid-padrin-meglio-chiudere-durante-le-festivita-che-essere-costretti-a-trascinare-la-situazione-difficile-a-lungo-dopo-lepifania\\\/\",\"url\":\"https:\\\/\\\/www.bellunopress.it\\\/2020\\\/12\\\/16\\\/emergenza-covid-padrin-meglio-chiudere-durante-le-festivita-che-essere-costretti-a-trascinare-la-situazione-difficile-a-lungo-dopo-lepifania\\\/\",\"name\":\"Emergenza Covid, Padrin: \u00abMeglio chiudere durante le festivit\u00e0 che essere costretti a trascinare la situazione difficile a lungo dopo l'Epifania\u00bb - Bellunopress - Dolomiti\",\"isPartOf\":{\"@id\":\"https:\\\/\\\/www.bellunopress.it\\\/#website\"},\"primaryImageOfPage\":{\"@id\":\"https:\\\/\\\/www.bellunopress.it\\\/2020\\\/12\\\/16\\\/emergenza-covid-padrin-meglio-chiudere-durante-le-festivita-che-essere-costretti-a-trascinare-la-situazione-difficile-a-lungo-dopo-lepifania\\\/#primaryimage\"},\"image\":{\"@id\":\"https:\\\/\\\/www.bellunopress.it\\\/2020\\\/12\\\/16\\\/emergenza-covid-padrin-meglio-chiudere-durante-le-festivita-che-essere-costretti-a-trascinare-la-situazione-difficile-a-lungo-dopo-lepifania\\\/#primaryimage\"},\"thumbnailUrl\":\"https:\\\/\\\/www.bellunopress.it\\\/wp-content\\\/uploads\\\/2020\\\/05\\\/roberto-padrin_edited-1.jpg\",\"datePublished\":\"2020-12-16T16:37:08+00:00\",\"dateModified\":\"2020-12-16T17:53:53+00:00\",\"breadcrumb\":{\"@id\":\"https:\\\/\\\/www.bellunopress.it\\\/2020\\\/12\\\/16\\\/emergenza-covid-padrin-meglio-chiudere-durante-le-festivita-che-essere-costretti-a-trascinare-la-situazione-difficile-a-lungo-dopo-lepifania\\\/#breadcrumb\"},\"inLanguage\":\"fr-FR\",\"potentialAction\":[{\"@type\":\"ReadAction\",\"target\":[\"https:\\\/\\\/www.bellunopress.it\\\/2020\\\/12\\\/16\\\/emergenza-covid-padrin-meglio-chiudere-durante-le-festivita-che-essere-costretti-a-trascinare-la-situazione-difficile-a-lungo-dopo-lepifania\\\/\"]}]},{\"@type\":\"ImageObject\",\"inLanguage\":\"fr-FR\",\"@id\":\"https:\\\/\\\/www.bellunopress.it\\\/2020\\\/12\\\/16\\\/emergenza-covid-padrin-meglio-chiudere-durante-le-festivita-che-essere-costretti-a-trascinare-la-situazione-difficile-a-lungo-dopo-lepifania\\\/#primaryimage\",\"url\":\"https:\\\/\\\/www.bellunopress.it\\\/wp-content\\\/uploads\\\/2020\\\/05\\\/roberto-padrin_edited-1.jpg\",\"contentUrl\":\"https:\\\/\\\/www.bellunopress.it\\\/wp-content\\\/uploads\\\/2020\\\/05\\\/roberto-padrin_edited-1.jpg\",\"width\":800,\"height\":595,\"caption\":\"Roberto Padrin - Presidente della Provincia\"},{\"@type\":\"BreadcrumbList\",\"@id\":\"https:\\\/\\\/www.bellunopress.it\\\/2020\\\/12\\\/16\\\/emergenza-covid-padrin-meglio-chiudere-durante-le-festivita-che-essere-costretti-a-trascinare-la-situazione-difficile-a-lungo-dopo-lepifania\\\/#breadcrumb\",\"itemListElement\":[{\"@type\":\"ListItem\",\"position\":1,\"name\":\"Home\",\"item\":\"https:\\\/\\\/www.bellunopress.it\\\/\"},{\"@type\":\"ListItem\",\"position\":2,\"name\":\"Emergenza Covid, Padrin: \u00abMeglio chiudere durante le festivit\u00e0 che essere costretti a trascinare la situazione difficile a lungo dopo l&#8217;Epifania\u00bb\"}]},{\"@type\":\"WebSite\",\"@id\":\"https:\\\/\\\/www.bellunopress.it\\\/#website\",\"url\":\"https:\\\/\\\/www.bellunopress.it\\\/\",\"name\":\"Bellunopress - Dolomiti\",\"description\":\"e-mail: redazione@bellunopress.it\",\"publisher\":{\"@id\":\"https:\\\/\\\/www.bellunopress.it\\\/#organization\"},\"potentialAction\":[{\"@type\":\"SearchAction\",\"target\":{\"@type\":\"EntryPoint\",\"urlTemplate\":\"https:\\\/\\\/www.bellunopress.it\\\/?s={search_term_string}\"},\"query-input\":{\"@type\":\"PropertyValueSpecification\",\"valueRequired\":true,\"valueName\":\"search_term_string\"}}],\"inLanguage\":\"fr-FR\"},{\"@type\":\"Organization\",\"@id\":\"https:\\\/\\\/www.bellunopress.it\\\/#organization\",\"name\":\"Bellunopress\",\"url\":\"https:\\\/\\\/www.bellunopress.it\\\/\",\"logo\":{\"@type\":\"ImageObject\",\"inLanguage\":\"fr-FR\",\"@id\":\"https:\\\/\\\/www.bellunopress.it\\\/#\\\/schema\\\/logo\\\/image\\\/\",\"url\":\"https:\\\/\\\/www.bellunopress.it\\\/wp-content\\\/uploads\\\/2011\\\/05\\\/cropped-logo-bellunopress-.jpg\",\"contentUrl\":\"https:\\\/\\\/www.bellunopress.it\\\/wp-content\\\/uploads\\\/2011\\\/05\\\/cropped-logo-bellunopress-.jpg\",\"width\":512,\"height\":512,\"caption\":\"Bellunopress\"},\"image\":{\"@id\":\"https:\\\/\\\/www.bellunopress.it\\\/#\\\/schema\\\/logo\\\/image\\\/\"},\"sameAs\":[\"https:\\\/\\\/www.facebook.com\\\/profile.php?id=100008943462799\",\"https:\\\/\\\/x.com\\\/bellunopress\",\"https:\\\/\\\/www.linkedin.com\\\/hp\\\/?dnr=JBzUWaJfMUw8vbXJJ2tVW5-I3jZKvC4wsoxE&amp;amp;amp;amp;amp;amp;trk=nav_responsive_tab_home\",\"https:\\\/\\\/www.youtube.com\\\/channel\\\/UCxL0wu1uN0_3_7hGG0306cw\"]},{\"@type\":\"Person\",\"@id\":\"https:\\\/\\\/www.bellunopress.it\\\/#\\\/schema\\\/person\\\/79bb06722b37ece1c03d3e94beb30d73\",\"name\":\"redazione\",\"image\":{\"@type\":\"ImageObject\",\"inLanguage\":\"fr-FR\",\"@id\":\"https:\\\/\\\/secure.gravatar.com\\\/avatar\\\/37d968a2e67a6fd04c169c4bdef102d0bc5d31b2546345219e348575eb80e9a0?s=96&d=mm&r=g\",\"url\":\"https:\\\/\\\/secure.gravatar.com\\\/avatar\\\/37d968a2e67a6fd04c169c4bdef102d0bc5d31b2546345219e348575eb80e9a0?s=96&d=mm&r=g\",\"contentUrl\":\"https:\\\/\\\/secure.gravatar.com\\\/avatar\\\/37d968a2e67a6fd04c169c4bdef102d0bc5d31b2546345219e348575eb80e9a0?s=96&d=mm&r=g\",\"caption\":\"redazione\"},\"sameAs\":[\"http:\\\/\\\/www.bellunopress.it\",\"https:\\\/\\\/x.com\\\/bellunopress\"],\"url\":\"https:\\\/\\\/www.bellunopress.it\\\/fr\\\/author\\\/redazione\\\/\"}]}<\/script>\n<!-- \/ Yoast SEO plugin. -->","yoast_head_json":{"title":"Emergenza Covid, Padrin: \u00abMeglio chiudere durante le festivit\u00e0 che essere costretti a trascinare la situazione difficile a lungo dopo l'Epifania\u00bb - Bellunopress - Dolomiti","robots":{"index":"index","follow":"follow","max-snippet":"max-snippet:-1","max-image-preview":"max-image-preview:large","max-video-preview":"max-video-preview:-1"},"canonical":"https:\/\/www.bellunopress.it\/fr\/2020\/12\/16\/emergenza-covid-padrin-meglio-chiudere-durante-le-festivita-che-essere-costretti-a-trascinare-la-situazione-difficile-a-lungo-dopo-lepifania\/","og_locale":"fr_FR","og_type":"article","og_title":"Emergenza Covid, Padrin: \u00abMeglio chiudere durante le festivit\u00e0 che essere costretti a trascinare la situazione difficile a lungo dopo l'Epifania\u00bb - Bellunopress - Dolomiti","og_description":"\u00abSono favorevole a misure pi\u00f9 restrittive tra Natale e l&#8217;Epifania. In questo momento \u00e8 assolutamente vietato abbassare la guardia, pena ritrovarci a gennaio con una situazione ancora pi\u00f9 complicata, che renderebbe gravissima la crisi economica, oltre che l&#8217;emergenza sanitaria\u00bb. \u00c8 quanto afferma il presidente della Provincia di Belluno, Roberto Padrin. \u00abSono consapevole di quanto sia [&hellip;]","og_url":"https:\/\/www.bellunopress.it\/fr\/2020\/12\/16\/emergenza-covid-padrin-meglio-chiudere-durante-le-festivita-che-essere-costretti-a-trascinare-la-situazione-difficile-a-lungo-dopo-lepifania\/","og_site_name":"Bellunopress - Dolomiti","article_publisher":"https:\/\/www.facebook.com\/profile.php?id=100008943462799","article_published_time":"2020-12-16T16:37:08+00:00","article_modified_time":"2020-12-16T17:53:53+00:00","og_image":[{"width":800,"height":595,"url":"https:\/\/www.bellunopress.it\/wp-content\/uploads\/2020\/05\/roberto-padrin_edited-1.jpg","type":"image\/jpeg"}],"author":"redazione","twitter_card":"summary_large_image","twitter_creator":"@bellunopress","twitter_site":"@bellunopress","twitter_misc":{"\u00c9crit par":"redazione","Dur\u00e9e de lecture estim\u00e9e":"2 minutes"},"schema":{"@context":"https:\/\/schema.org","@graph":[{"@type":"Article","@id":"https:\/\/www.bellunopress.it\/2020\/12\/16\/emergenza-covid-padrin-meglio-chiudere-durante-le-festivita-che-essere-costretti-a-trascinare-la-situazione-difficile-a-lungo-dopo-lepifania\/#article","isPartOf":{"@id":"https:\/\/www.bellunopress.it\/2020\/12\/16\/emergenza-covid-padrin-meglio-chiudere-durante-le-festivita-che-essere-costretti-a-trascinare-la-situazione-difficile-a-lungo-dopo-lepifania\/"},"author":{"name":"redazione","@id":"https:\/\/www.bellunopress.it\/#\/schema\/person\/79bb06722b37ece1c03d3e94beb30d73"},"headline":"Emergenza Covid, Padrin: \u00abMeglio chiudere durante le festivit\u00e0 che essere costretti a trascinare la situazione difficile a lungo dopo l&#8217;Epifania\u00bb","datePublished":"2020-12-16T16:37:08+00:00","dateModified":"2020-12-16T17:53:53+00:00","mainEntityOfPage":{"@id":"https:\/\/www.bellunopress.it\/2020\/12\/16\/emergenza-covid-padrin-meglio-chiudere-durante-le-festivita-che-essere-costretti-a-trascinare-la-situazione-difficile-a-lungo-dopo-lepifania\/"},"wordCount":460,"publisher":{"@id":"https:\/\/www.bellunopress.it\/#organization"},"image":{"@id":"https:\/\/www.bellunopress.it\/2020\/12\/16\/emergenza-covid-padrin-meglio-chiudere-durante-le-festivita-che-essere-costretti-a-trascinare-la-situazione-difficile-a-lungo-dopo-lepifania\/#primaryimage"},"thumbnailUrl":"https:\/\/www.bellunopress.it\/wp-content\/uploads\/2020\/05\/roberto-padrin_edited-1.jpg","articleSection":["Cronaca\/Politica","Featured","Prima Pagina","Sanit\u00e0 Medicina"],"inLanguage":"fr-FR"},{"@type":"WebPage","@id":"https:\/\/www.bellunopress.it\/2020\/12\/16\/emergenza-covid-padrin-meglio-chiudere-durante-le-festivita-che-essere-costretti-a-trascinare-la-situazione-difficile-a-lungo-dopo-lepifania\/","url":"https:\/\/www.bellunopress.it\/2020\/12\/16\/emergenza-covid-padrin-meglio-chiudere-durante-le-festivita-che-essere-costretti-a-trascinare-la-situazione-difficile-a-lungo-dopo-lepifania\/","name":"Emergenza Covid, Padrin: \u00abMeglio chiudere durante le festivit\u00e0 che essere costretti a trascinare la situazione difficile a lungo dopo l'Epifania\u00bb - Bellunopress - Dolomiti","isPartOf":{"@id":"https:\/\/www.bellunopress.it\/#website"},"primaryImageOfPage":{"@id":"https:\/\/www.bellunopress.it\/2020\/12\/16\/emergenza-covid-padrin-meglio-chiudere-durante-le-festivita-che-essere-costretti-a-trascinare-la-situazione-difficile-a-lungo-dopo-lepifania\/#primaryimage"},"image":{"@id":"https:\/\/www.bellunopress.it\/2020\/12\/16\/emergenza-covid-padrin-meglio-chiudere-durante-le-festivita-che-essere-costretti-a-trascinare-la-situazione-difficile-a-lungo-dopo-lepifania\/#primaryimage"},"thumbnailUrl":"https:\/\/www.bellunopress.it\/wp-content\/uploads\/2020\/05\/roberto-padrin_edited-1.jpg","datePublished":"2020-12-16T16:37:08+00:00","dateModified":"2020-12-16T17:53:53+00:00","breadcrumb":{"@id":"https:\/\/www.bellunopress.it\/2020\/12\/16\/emergenza-covid-padrin-meglio-chiudere-durante-le-festivita-che-essere-costretti-a-trascinare-la-situazione-difficile-a-lungo-dopo-lepifania\/#breadcrumb"},"inLanguage":"fr-FR","potentialAction":[{"@type":"ReadAction","target":["https:\/\/www.bellunopress.it\/2020\/12\/16\/emergenza-covid-padrin-meglio-chiudere-durante-le-festivita-che-essere-costretti-a-trascinare-la-situazione-difficile-a-lungo-dopo-lepifania\/"]}]},{"@type":"ImageObject","inLanguage":"fr-FR","@id":"https:\/\/www.bellunopress.it\/2020\/12\/16\/emergenza-covid-padrin-meglio-chiudere-durante-le-festivita-che-essere-costretti-a-trascinare-la-situazione-difficile-a-lungo-dopo-lepifania\/#primaryimage","url":"https:\/\/www.bellunopress.it\/wp-content\/uploads\/2020\/05\/roberto-padrin_edited-1.jpg","contentUrl":"https:\/\/www.bellunopress.it\/wp-content\/uploads\/2020\/05\/roberto-padrin_edited-1.jpg","width":800,"height":595,"caption":"Roberto Padrin - Presidente della Provincia"},{"@type":"BreadcrumbList","@id":"https:\/\/www.bellunopress.it\/2020\/12\/16\/emergenza-covid-padrin-meglio-chiudere-durante-le-festivita-che-essere-costretti-a-trascinare-la-situazione-difficile-a-lungo-dopo-lepifania\/#breadcrumb","itemListElement":[{"@type":"ListItem","position":1,"name":"Home","item":"https:\/\/www.bellunopress.it\/"},{"@type":"ListItem","position":2,"name":"Emergenza Covid, Padrin: \u00abMeglio chiudere durante le festivit\u00e0 che essere costretti a trascinare la situazione difficile a lungo dopo l&#8217;Epifania\u00bb"}]},{"@type":"WebSite","@id":"https:\/\/www.bellunopress.it\/#website","url":"https:\/\/www.bellunopress.it\/","name":"Bellunopress - Dolomiti","description":"e-mail: redazione@bellunopress.it","publisher":{"@id":"https:\/\/www.bellunopress.it\/#organization"},"potentialAction":[{"@type":"SearchAction","target":{"@type":"EntryPoint","urlTemplate":"https:\/\/www.bellunopress.it\/?s={search_term_string}"},"query-input":{"@type":"PropertyValueSpecification","valueRequired":true,"valueName":"search_term_string"}}],"inLanguage":"fr-FR"},{"@type":"Organization","@id":"https:\/\/www.bellunopress.it\/#organization","name":"Bellunopress","url":"https:\/\/www.bellunopress.it\/","logo":{"@type":"ImageObject","inLanguage":"fr-FR","@id":"https:\/\/www.bellunopress.it\/#\/schema\/logo\/image\/","url":"https:\/\/www.bellunopress.it\/wp-content\/uploads\/2011\/05\/cropped-logo-bellunopress-.jpg","contentUrl":"https:\/\/www.bellunopress.it\/wp-content\/uploads\/2011\/05\/cropped-logo-bellunopress-.jpg","width":512,"height":512,"caption":"Bellunopress"},"image":{"@id":"https:\/\/www.bellunopress.it\/#\/schema\/logo\/image\/"},"sameAs":["https:\/\/www.facebook.com\/profile.php?id=100008943462799","https:\/\/x.com\/bellunopress","https:\/\/www.linkedin.com\/hp\/?dnr=JBzUWaJfMUw8vbXJJ2tVW5-I3jZKvC4wsoxE&amp;amp;amp;amp;amp;amp;trk=nav_responsive_tab_home","https:\/\/www.youtube.com\/channel\/UCxL0wu1uN0_3_7hGG0306cw"]},{"@type":"Person","@id":"https:\/\/www.bellunopress.it\/#\/schema\/person\/79bb06722b37ece1c03d3e94beb30d73","name":"r\u00e9daction","image":{"@type":"ImageObject","inLanguage":"fr-FR","@id":"https:\/\/secure.gravatar.com\/avatar\/37d968a2e67a6fd04c169c4bdef102d0bc5d31b2546345219e348575eb80e9a0?s=96&d=mm&r=g","url":"https:\/\/secure.gravatar.com\/avatar\/37d968a2e67a6fd04c169c4bdef102d0bc5d31b2546345219e348575eb80e9a0?s=96&d=mm&r=g","contentUrl":"https:\/\/secure.gravatar.com\/avatar\/37d968a2e67a6fd04c169c4bdef102d0bc5d31b2546345219e348575eb80e9a0?s=96&d=mm&r=g","caption":"redazione"},"sameAs":["http:\/\/www.bellunopress.it","https:\/\/x.com\/bellunopress"],"url":"https:\/\/www.bellunopress.it\/fr\/author\/redazione\/"}]}},"_links":{"self":[{"href":"https:\/\/www.bellunopress.it\/fr\/wp-json\/wp\/v2\/posts\/120172","targetHints":{"allow":["GET"]}}],"collection":[{"href":"https:\/\/www.bellunopress.it\/fr\/wp-json\/wp\/v2\/posts"}],"about":[{"href":"https:\/\/www.bellunopress.it\/fr\/wp-json\/wp\/v2\/types\/post"}],"author":[{"embeddable":true,"href":"https:\/\/www.bellunopress.it\/fr\/wp-json\/wp\/v2\/users\/2"}],"replies":[{"embeddable":true,"href":"https:\/\/www.bellunopress.it\/fr\/wp-json\/wp\/v2\/comments?post=120172"}],"version-history":[{"count":1,"href":"https:\/\/www.bellunopress.it\/fr\/wp-json\/wp\/v2\/posts\/120172\/revisions"}],"predecessor-version":[{"id":120173,"href":"https:\/\/www.bellunopress.it\/fr\/wp-json\/wp\/v2\/posts\/120172\/revisions\/120173"}],"wp:featuredmedia":[{"embeddable":true,"href":"https:\/\/www.bellunopress.it\/fr\/wp-json\/wp\/v2\/media\/114481"}],"wp:attachment":[{"href":"https:\/\/www.bellunopress.it\/fr\/wp-json\/wp\/v2\/media?parent=120172"}],"wp:term":[{"taxonomy":"category","embeddable":true,"href":"https:\/\/www.bellunopress.it\/fr\/wp-json\/wp\/v2\/categories?post=120172"},{"taxonomy":"post_tag","embeddable":true,"href":"https:\/\/www.bellunopress.it\/fr\/wp-json\/wp\/v2\/tags?post=120172"}],"curies":[{"name":"wp","href":"https:\/\/api.w.org\/{rel}","templated":true}]}}