{"id":120170,"date":"2020-12-16T17:30:14","date_gmt":"2020-12-16T16:30:14","guid":{"rendered":"http:\/\/www.bellunopress.it\/?p=120170"},"modified":"2020-12-16T17:30:14","modified_gmt":"2020-12-16T16:30:14","slug":"fondi-al-tpl-nel-decreto-ristori-de-carlo-e-ciriani-salvato-il-rientro-a-scuola","status":"publish","type":"post","link":"https:\/\/www.bellunopress.it\/fr\/2020\/12\/16\/fondi-al-tpl-nel-decreto-ristori-de-carlo-e-ciriani-salvato-il-rientro-a-scuola\/","title":{"rendered":"Fondi al Tpl nel Decreto Ristori. De Carlo e Ciriani: \u201cSalvato il rientro a scuola\u201d"},"content":{"rendered":"<p><a href=\"http:\/\/www.bellunopress.it\/fr\/2020\/04\/03\/controlli-agli-spostamenti-lappello-di-de-carlo-a-prefettura-e-questura-contrastare-larrivo-di-turisti-delle-seconde-case\/luca-de-carlo-6\/\" rel=\"attachment wp-att-113569\"><img loading=\"lazy\" decoding=\"async\" class=\"alignleft size-full wp-image-113569\" src=\"http:\/\/www.bellunopress.it\/wp-content\/uploads\/2020\/04\/luca-de-carlo.jpg\" alt=\"\" width=\"394\" height=\"305\" \/><\/a>90 milioni di euro nel Decreto Ristori per un fondo destinato al sostegno del trasporto pubblico locale: questo il grande risultato ottenuto da Fratelli d\u2019Italia, annunciato dai senatori Luca Ciriani e Luca De Carlo.<\/p>\n<p>\u201cGli amministratori locali avranno cos\u00ec le risorse per poter stipulare convenzioni con aziende private, titolari di licenze per l&#8217;esercizio di taxi e per gli Ncc (Noleggio con conducente)\u201d spiega Ciriani, capogruppo al Senato \u201cGrazie a Fratelli d&#8217;Italia ci sono le risorse per consentire trasporti pi\u00fa sicuri offrendo una duplice opportunit\u00e0 di rilancio e sostegno economico agli amministratori locali, ma anche alle aziende private di bus, ai tassisti e ai conducenti di Ncc che come tante altre categorie stanno soffrendo il peso economico della seconda ondata&#8221;.<\/p>\n<p>Soddisfatto anche il collega e coordinatore veneto, Luca De Carlo, che pochi giorni fa aveva lanciato l\u2019allarme relativo al trasporto scolastico in vista della ripresa delle lezioni a gennaio: \u201cAbbiamo messo la prima pietra per garantire il trasporto a oltre 160mila studenti veneti: senza questi fondi e le convenzioni con i privati, di tutti i ragazzi destinati a tornare in aula il 7 gennaio la met\u00e0 sarebbe rimasta appiedata. Con la certezza di queste risorse, che chiedevamo pochi giorni fa, ora le amministrazioni possono dare rassicurazioni alle aziende circa il ristoro economico. Non \u00e8 per\u00f2 una cifra sufficiente per mettere in sicurezza il servizio a livello nazionale: basti pensare che il solo Veneto ha presentato un piano di revisione del tpl da 31 milioni di euro. Dopo questo primo segnale, il Governo trovi le risorse che servono per tutta la nazione; parliamo di circa altri 400 milioni\u201d.<\/p>\n<p>De Carlo e Ciriani confermano il loro giudizio severamente negativo nei confronti dell\u2019esecutivo: \u201cDall&#8217;inizio di questa pandemia abbiamo denunciato l&#8217;impreparazione del Governo e la totale incapacit\u00e0 di programmazione, dalla riapertura delle scuole al sostegno al sistema turistico e dello sci. Alla prova dei fatti si \u00e8 dimostrato fallimentare pensare di risolvere tutti i problemi imponendo un limite alla capienza, mentre bisognava dall&#8217;inizio lavorare a soluzioni che potenziassero l&#8217;offerta. Il gioco dello scaricabarile sugli enti locali e sui privati non \u00e8 accettabile in questo lungo periodo di emergenza\u201d.<\/p>","protected":false},"excerpt":{"rendered":"<p>90 milioni di euro nel Decreto Ristori per un fondo destinato al sostegno del trasporto pubblico locale: questo il grande risultato ottenuto da Fratelli d\u2019Italia, annunciato dai senatori Luca Ciriani e Luca De Carlo. \u201cGli amministratori locali avranno cos\u00ec le risorse per poter stipulare convenzioni con aziende private, titolari di licenze per l&#8217;esercizio di taxi [&hellip;]<\/p>\n","protected":false},"author":2,"featured_media":113569,"comment_status":"closed","ping_status":"open","sticky":false,"template":"","format":"standard","meta":{"footnotes":""},"categories":[5,26,15],"tags":[],"class_list":["post-120170","post","type-post","status-publish","format-standard","has-post-thumbnail","category-cronaca","category-prima-pagina","category-scuola"],"yoast_head":"<!-- This site is optimized with the Yoast SEO plugin v28.4 - https:\/\/yoast.com\/product\/yoast-seo-wordpress\/ -->\n<title>Fondi al Tpl nel Decreto Ristori. De Carlo e Ciriani: \u201cSalvato il rientro a scuola\u201d - Bellunopress - Dolomiti<\/title>\n<meta name=\"robots\" content=\"index, follow, max-snippet:-1, max-image-preview:large, max-video-preview:-1\" \/>\n<link rel=\"canonical\" href=\"https:\/\/www.bellunopress.it\/fr\/2020\/12\/16\/fondi-al-tpl-nel-decreto-ristori-de-carlo-e-ciriani-salvato-il-rientro-a-scuola\/\" \/>\n<meta property=\"og:locale\" content=\"fr_FR\" \/>\n<meta property=\"og:type\" content=\"article\" \/>\n<meta property=\"og:title\" content=\"Fondi al Tpl nel Decreto Ristori. De Carlo e Ciriani: \u201cSalvato il rientro a scuola\u201d - Bellunopress - Dolomiti\" \/>\n<meta property=\"og:description\" content=\"90 milioni di euro nel Decreto Ristori per un fondo destinato al sostegno del trasporto pubblico locale: questo il grande risultato ottenuto da Fratelli d\u2019Italia, annunciato dai senatori Luca Ciriani e Luca De Carlo. \u201cGli amministratori locali avranno cos\u00ec le risorse per poter stipulare convenzioni con aziende private, titolari di licenze per l&#8217;esercizio di taxi [&hellip;]\" \/>\n<meta property=\"og:url\" content=\"https:\/\/www.bellunopress.it\/fr\/2020\/12\/16\/fondi-al-tpl-nel-decreto-ristori-de-carlo-e-ciriani-salvato-il-rientro-a-scuola\/\" \/>\n<meta property=\"og:site_name\" content=\"Bellunopress - Dolomiti\" \/>\n<meta property=\"article:publisher\" content=\"https:\/\/www.facebook.com\/profile.php?id=100008943462799\" \/>\n<meta property=\"article:published_time\" content=\"2020-12-16T16:30:14+00:00\" \/>\n<meta property=\"og:image\" content=\"https:\/\/www.bellunopress.it\/wp-content\/uploads\/2020\/04\/luca-de-carlo.jpg\" \/>\n\t<meta property=\"og:image:width\" content=\"394\" \/>\n\t<meta property=\"og:image:height\" content=\"305\" \/>\n\t<meta property=\"og:image:type\" content=\"image\/jpeg\" \/>\n<meta name=\"author\" content=\"redazione\" \/>\n<meta name=\"twitter:card\" content=\"summary_large_image\" \/>\n<meta name=\"twitter:creator\" content=\"@bellunopress\" \/>\n<meta name=\"twitter:site\" content=\"@bellunopress\" \/>\n<meta name=\"twitter:label1\" content=\"\u00c9crit par\" \/>\n\t<meta name=\"twitter:data1\" content=\"redazione\" \/>\n\t<meta name=\"twitter:label2\" content=\"Dur\u00e9e de lecture estim\u00e9e\" \/>\n\t<meta name=\"twitter:data2\" content=\"2 minutes\" \/>\n<script type=\"application\/ld+json\" class=\"yoast-schema-graph\">{\"@context\":\"https:\\\/\\\/schema.org\",\"@graph\":[{\"@type\":\"Article\",\"@id\":\"https:\\\/\\\/www.bellunopress.it\\\/2020\\\/12\\\/16\\\/fondi-al-tpl-nel-decreto-ristori-de-carlo-e-ciriani-salvato-il-rientro-a-scuola\\\/#article\",\"isPartOf\":{\"@id\":\"https:\\\/\\\/www.bellunopress.it\\\/2020\\\/12\\\/16\\\/fondi-al-tpl-nel-decreto-ristori-de-carlo-e-ciriani-salvato-il-rientro-a-scuola\\\/\"},\"author\":{\"name\":\"redazione\",\"@id\":\"https:\\\/\\\/www.bellunopress.it\\\/#\\\/schema\\\/person\\\/79bb06722b37ece1c03d3e94beb30d73\"},\"headline\":\"Fondi al Tpl nel Decreto Ristori. De Carlo e Ciriani: \u201cSalvato il rientro a scuola\u201d\",\"datePublished\":\"2020-12-16T16:30:14+00:00\",\"mainEntityOfPage\":{\"@id\":\"https:\\\/\\\/www.bellunopress.it\\\/2020\\\/12\\\/16\\\/fondi-al-tpl-nel-decreto-ristori-de-carlo-e-ciriani-salvato-il-rientro-a-scuola\\\/\"},\"wordCount\":370,\"publisher\":{\"@id\":\"https:\\\/\\\/www.bellunopress.it\\\/#organization\"},\"image\":{\"@id\":\"https:\\\/\\\/www.bellunopress.it\\\/2020\\\/12\\\/16\\\/fondi-al-tpl-nel-decreto-ristori-de-carlo-e-ciriani-salvato-il-rientro-a-scuola\\\/#primaryimage\"},\"thumbnailUrl\":\"https:\\\/\\\/www.bellunopress.it\\\/wp-content\\\/uploads\\\/2020\\\/04\\\/luca-de-carlo.jpg\",\"articleSection\":[\"Cronaca\\\/Politica\",\"Prima Pagina\",\"Scuola\"],\"inLanguage\":\"fr-FR\"},{\"@type\":\"WebPage\",\"@id\":\"https:\\\/\\\/www.bellunopress.it\\\/2020\\\/12\\\/16\\\/fondi-al-tpl-nel-decreto-ristori-de-carlo-e-ciriani-salvato-il-rientro-a-scuola\\\/\",\"url\":\"https:\\\/\\\/www.bellunopress.it\\\/2020\\\/12\\\/16\\\/fondi-al-tpl-nel-decreto-ristori-de-carlo-e-ciriani-salvato-il-rientro-a-scuola\\\/\",\"name\":\"Fondi al Tpl nel Decreto Ristori. De Carlo e Ciriani: \u201cSalvato il rientro a scuola\u201d - Bellunopress - Dolomiti\",\"isPartOf\":{\"@id\":\"https:\\\/\\\/www.bellunopress.it\\\/#website\"},\"primaryImageOfPage\":{\"@id\":\"https:\\\/\\\/www.bellunopress.it\\\/2020\\\/12\\\/16\\\/fondi-al-tpl-nel-decreto-ristori-de-carlo-e-ciriani-salvato-il-rientro-a-scuola\\\/#primaryimage\"},\"image\":{\"@id\":\"https:\\\/\\\/www.bellunopress.it\\\/2020\\\/12\\\/16\\\/fondi-al-tpl-nel-decreto-ristori-de-carlo-e-ciriani-salvato-il-rientro-a-scuola\\\/#primaryimage\"},\"thumbnailUrl\":\"https:\\\/\\\/www.bellunopress.it\\\/wp-content\\\/uploads\\\/2020\\\/04\\\/luca-de-carlo.jpg\",\"datePublished\":\"2020-12-16T16:30:14+00:00\",\"breadcrumb\":{\"@id\":\"https:\\\/\\\/www.bellunopress.it\\\/2020\\\/12\\\/16\\\/fondi-al-tpl-nel-decreto-ristori-de-carlo-e-ciriani-salvato-il-rientro-a-scuola\\\/#breadcrumb\"},\"inLanguage\":\"fr-FR\",\"potentialAction\":[{\"@type\":\"ReadAction\",\"target\":[\"https:\\\/\\\/www.bellunopress.it\\\/2020\\\/12\\\/16\\\/fondi-al-tpl-nel-decreto-ristori-de-carlo-e-ciriani-salvato-il-rientro-a-scuola\\\/\"]}]},{\"@type\":\"ImageObject\",\"inLanguage\":\"fr-FR\",\"@id\":\"https:\\\/\\\/www.bellunopress.it\\\/2020\\\/12\\\/16\\\/fondi-al-tpl-nel-decreto-ristori-de-carlo-e-ciriani-salvato-il-rientro-a-scuola\\\/#primaryimage\",\"url\":\"https:\\\/\\\/www.bellunopress.it\\\/wp-content\\\/uploads\\\/2020\\\/04\\\/luca-de-carlo.jpg\",\"contentUrl\":\"https:\\\/\\\/www.bellunopress.it\\\/wp-content\\\/uploads\\\/2020\\\/04\\\/luca-de-carlo.jpg\",\"width\":394,\"height\":305,\"caption\":\"Luca De Carlo - Senatore\"},{\"@type\":\"BreadcrumbList\",\"@id\":\"https:\\\/\\\/www.bellunopress.it\\\/2020\\\/12\\\/16\\\/fondi-al-tpl-nel-decreto-ristori-de-carlo-e-ciriani-salvato-il-rientro-a-scuola\\\/#breadcrumb\",\"itemListElement\":[{\"@type\":\"ListItem\",\"position\":1,\"name\":\"Home\",\"item\":\"https:\\\/\\\/www.bellunopress.it\\\/\"},{\"@type\":\"ListItem\",\"position\":2,\"name\":\"Fondi al Tpl nel Decreto Ristori. De Carlo e Ciriani: \u201cSalvato il rientro a scuola\u201d\"}]},{\"@type\":\"WebSite\",\"@id\":\"https:\\\/\\\/www.bellunopress.it\\\/#website\",\"url\":\"https:\\\/\\\/www.bellunopress.it\\\/\",\"name\":\"Bellunopress - Dolomiti\",\"description\":\"e-mail: redazione@bellunopress.it\",\"publisher\":{\"@id\":\"https:\\\/\\\/www.bellunopress.it\\\/#organization\"},\"potentialAction\":[{\"@type\":\"SearchAction\",\"target\":{\"@type\":\"EntryPoint\",\"urlTemplate\":\"https:\\\/\\\/www.bellunopress.it\\\/?s={search_term_string}\"},\"query-input\":{\"@type\":\"PropertyValueSpecification\",\"valueRequired\":true,\"valueName\":\"search_term_string\"}}],\"inLanguage\":\"fr-FR\"},{\"@type\":\"Organization\",\"@id\":\"https:\\\/\\\/www.bellunopress.it\\\/#organization\",\"name\":\"Bellunopress\",\"url\":\"https:\\\/\\\/www.bellunopress.it\\\/\",\"logo\":{\"@type\":\"ImageObject\",\"inLanguage\":\"fr-FR\",\"@id\":\"https:\\\/\\\/www.bellunopress.it\\\/#\\\/schema\\\/logo\\\/image\\\/\",\"url\":\"https:\\\/\\\/www.bellunopress.it\\\/wp-content\\\/uploads\\\/2011\\\/05\\\/cropped-logo-bellunopress-.jpg\",\"contentUrl\":\"https:\\\/\\\/www.bellunopress.it\\\/wp-content\\\/uploads\\\/2011\\\/05\\\/cropped-logo-bellunopress-.jpg\",\"width\":512,\"height\":512,\"caption\":\"Bellunopress\"},\"image\":{\"@id\":\"https:\\\/\\\/www.bellunopress.it\\\/#\\\/schema\\\/logo\\\/image\\\/\"},\"sameAs\":[\"https:\\\/\\\/www.facebook.com\\\/profile.php?id=100008943462799\",\"https:\\\/\\\/x.com\\\/bellunopress\",\"https:\\\/\\\/www.linkedin.com\\\/hp\\\/?dnr=JBzUWaJfMUw8vbXJJ2tVW5-I3jZKvC4wsoxE&amp;amp;amp;amp;amp;amp;trk=nav_responsive_tab_home\",\"https:\\\/\\\/www.youtube.com\\\/channel\\\/UCxL0wu1uN0_3_7hGG0306cw\"]},{\"@type\":\"Person\",\"@id\":\"https:\\\/\\\/www.bellunopress.it\\\/#\\\/schema\\\/person\\\/79bb06722b37ece1c03d3e94beb30d73\",\"name\":\"redazione\",\"image\":{\"@type\":\"ImageObject\",\"inLanguage\":\"fr-FR\",\"@id\":\"https:\\\/\\\/secure.gravatar.com\\\/avatar\\\/37d968a2e67a6fd04c169c4bdef102d0bc5d31b2546345219e348575eb80e9a0?s=96&d=mm&r=g\",\"url\":\"https:\\\/\\\/secure.gravatar.com\\\/avatar\\\/37d968a2e67a6fd04c169c4bdef102d0bc5d31b2546345219e348575eb80e9a0?s=96&d=mm&r=g\",\"contentUrl\":\"https:\\\/\\\/secure.gravatar.com\\\/avatar\\\/37d968a2e67a6fd04c169c4bdef102d0bc5d31b2546345219e348575eb80e9a0?s=96&d=mm&r=g\",\"caption\":\"redazione\"},\"sameAs\":[\"http:\\\/\\\/www.bellunopress.it\",\"https:\\\/\\\/x.com\\\/bellunopress\"],\"url\":\"https:\\\/\\\/www.bellunopress.it\\\/fr\\\/author\\\/redazione\\\/\"}]}<\/script>\n<!-- \/ Yoast SEO plugin. -->","yoast_head_json":{"title":"Fondi al Tpl nel Decreto Ristori. De Carlo e Ciriani: \u201cSalvato il rientro a scuola\u201d - Bellunopress - Dolomiti","robots":{"index":"index","follow":"follow","max-snippet":"max-snippet:-1","max-image-preview":"max-image-preview:large","max-video-preview":"max-video-preview:-1"},"canonical":"https:\/\/www.bellunopress.it\/fr\/2020\/12\/16\/fondi-al-tpl-nel-decreto-ristori-de-carlo-e-ciriani-salvato-il-rientro-a-scuola\/","og_locale":"fr_FR","og_type":"article","og_title":"Fondi al Tpl nel Decreto Ristori. De Carlo e Ciriani: \u201cSalvato il rientro a scuola\u201d - Bellunopress - Dolomiti","og_description":"90 milioni di euro nel Decreto Ristori per un fondo destinato al sostegno del trasporto pubblico locale: questo il grande risultato ottenuto da Fratelli d\u2019Italia, annunciato dai senatori Luca Ciriani e Luca De Carlo. \u201cGli amministratori locali avranno cos\u00ec le risorse per poter stipulare convenzioni con aziende private, titolari di licenze per l&#8217;esercizio di taxi [&hellip;]","og_url":"https:\/\/www.bellunopress.it\/fr\/2020\/12\/16\/fondi-al-tpl-nel-decreto-ristori-de-carlo-e-ciriani-salvato-il-rientro-a-scuola\/","og_site_name":"Bellunopress - Dolomiti","article_publisher":"https:\/\/www.facebook.com\/profile.php?id=100008943462799","article_published_time":"2020-12-16T16:30:14+00:00","og_image":[{"width":394,"height":305,"url":"https:\/\/www.bellunopress.it\/wp-content\/uploads\/2020\/04\/luca-de-carlo.jpg","type":"image\/jpeg"}],"author":"redazione","twitter_card":"summary_large_image","twitter_creator":"@bellunopress","twitter_site":"@bellunopress","twitter_misc":{"\u00c9crit par":"redazione","Dur\u00e9e de lecture estim\u00e9e":"2 minutes"},"schema":{"@context":"https:\/\/schema.org","@graph":[{"@type":"Article","@id":"https:\/\/www.bellunopress.it\/2020\/12\/16\/fondi-al-tpl-nel-decreto-ristori-de-carlo-e-ciriani-salvato-il-rientro-a-scuola\/#article","isPartOf":{"@id":"https:\/\/www.bellunopress.it\/2020\/12\/16\/fondi-al-tpl-nel-decreto-ristori-de-carlo-e-ciriani-salvato-il-rientro-a-scuola\/"},"author":{"name":"redazione","@id":"https:\/\/www.bellunopress.it\/#\/schema\/person\/79bb06722b37ece1c03d3e94beb30d73"},"headline":"Fondi al Tpl nel Decreto Ristori. De Carlo e Ciriani: \u201cSalvato il rientro a scuola\u201d","datePublished":"2020-12-16T16:30:14+00:00","mainEntityOfPage":{"@id":"https:\/\/www.bellunopress.it\/2020\/12\/16\/fondi-al-tpl-nel-decreto-ristori-de-carlo-e-ciriani-salvato-il-rientro-a-scuola\/"},"wordCount":370,"publisher":{"@id":"https:\/\/www.bellunopress.it\/#organization"},"image":{"@id":"https:\/\/www.bellunopress.it\/2020\/12\/16\/fondi-al-tpl-nel-decreto-ristori-de-carlo-e-ciriani-salvato-il-rientro-a-scuola\/#primaryimage"},"thumbnailUrl":"https:\/\/www.bellunopress.it\/wp-content\/uploads\/2020\/04\/luca-de-carlo.jpg","articleSection":["Cronaca\/Politica","Prima Pagina","Scuola"],"inLanguage":"fr-FR"},{"@type":"WebPage","@id":"https:\/\/www.bellunopress.it\/2020\/12\/16\/fondi-al-tpl-nel-decreto-ristori-de-carlo-e-ciriani-salvato-il-rientro-a-scuola\/","url":"https:\/\/www.bellunopress.it\/2020\/12\/16\/fondi-al-tpl-nel-decreto-ristori-de-carlo-e-ciriani-salvato-il-rientro-a-scuola\/","name":"Fondi al Tpl nel Decreto Ristori. De Carlo e Ciriani: \u201cSalvato il rientro a scuola\u201d - Bellunopress - Dolomiti","isPartOf":{"@id":"https:\/\/www.bellunopress.it\/#website"},"primaryImageOfPage":{"@id":"https:\/\/www.bellunopress.it\/2020\/12\/16\/fondi-al-tpl-nel-decreto-ristori-de-carlo-e-ciriani-salvato-il-rientro-a-scuola\/#primaryimage"},"image":{"@id":"https:\/\/www.bellunopress.it\/2020\/12\/16\/fondi-al-tpl-nel-decreto-ristori-de-carlo-e-ciriani-salvato-il-rientro-a-scuola\/#primaryimage"},"thumbnailUrl":"https:\/\/www.bellunopress.it\/wp-content\/uploads\/2020\/04\/luca-de-carlo.jpg","datePublished":"2020-12-16T16:30:14+00:00","breadcrumb":{"@id":"https:\/\/www.bellunopress.it\/2020\/12\/16\/fondi-al-tpl-nel-decreto-ristori-de-carlo-e-ciriani-salvato-il-rientro-a-scuola\/#breadcrumb"},"inLanguage":"fr-FR","potentialAction":[{"@type":"ReadAction","target":["https:\/\/www.bellunopress.it\/2020\/12\/16\/fondi-al-tpl-nel-decreto-ristori-de-carlo-e-ciriani-salvato-il-rientro-a-scuola\/"]}]},{"@type":"ImageObject","inLanguage":"fr-FR","@id":"https:\/\/www.bellunopress.it\/2020\/12\/16\/fondi-al-tpl-nel-decreto-ristori-de-carlo-e-ciriani-salvato-il-rientro-a-scuola\/#primaryimage","url":"https:\/\/www.bellunopress.it\/wp-content\/uploads\/2020\/04\/luca-de-carlo.jpg","contentUrl":"https:\/\/www.bellunopress.it\/wp-content\/uploads\/2020\/04\/luca-de-carlo.jpg","width":394,"height":305,"caption":"Luca De Carlo - Senatore"},{"@type":"BreadcrumbList","@id":"https:\/\/www.bellunopress.it\/2020\/12\/16\/fondi-al-tpl-nel-decreto-ristori-de-carlo-e-ciriani-salvato-il-rientro-a-scuola\/#breadcrumb","itemListElement":[{"@type":"ListItem","position":1,"name":"Home","item":"https:\/\/www.bellunopress.it\/"},{"@type":"ListItem","position":2,"name":"Fondi al Tpl nel Decreto Ristori. De Carlo e Ciriani: \u201cSalvato il rientro a scuola\u201d"}]},{"@type":"WebSite","@id":"https:\/\/www.bellunopress.it\/#website","url":"https:\/\/www.bellunopress.it\/","name":"Bellunopress - Dolomiti","description":"e-mail: redazione@bellunopress.it","publisher":{"@id":"https:\/\/www.bellunopress.it\/#organization"},"potentialAction":[{"@type":"SearchAction","target":{"@type":"EntryPoint","urlTemplate":"https:\/\/www.bellunopress.it\/?s={search_term_string}"},"query-input":{"@type":"PropertyValueSpecification","valueRequired":true,"valueName":"search_term_string"}}],"inLanguage":"fr-FR"},{"@type":"Organization","@id":"https:\/\/www.bellunopress.it\/#organization","name":"Bellunopress","url":"https:\/\/www.bellunopress.it\/","logo":{"@type":"ImageObject","inLanguage":"fr-FR","@id":"https:\/\/www.bellunopress.it\/#\/schema\/logo\/image\/","url":"https:\/\/www.bellunopress.it\/wp-content\/uploads\/2011\/05\/cropped-logo-bellunopress-.jpg","contentUrl":"https:\/\/www.bellunopress.it\/wp-content\/uploads\/2011\/05\/cropped-logo-bellunopress-.jpg","width":512,"height":512,"caption":"Bellunopress"},"image":{"@id":"https:\/\/www.bellunopress.it\/#\/schema\/logo\/image\/"},"sameAs":["https:\/\/www.facebook.com\/profile.php?id=100008943462799","https:\/\/x.com\/bellunopress","https:\/\/www.linkedin.com\/hp\/?dnr=JBzUWaJfMUw8vbXJJ2tVW5-I3jZKvC4wsoxE&amp;amp;amp;amp;amp;amp;trk=nav_responsive_tab_home","https:\/\/www.youtube.com\/channel\/UCxL0wu1uN0_3_7hGG0306cw"]},{"@type":"Person","@id":"https:\/\/www.bellunopress.it\/#\/schema\/person\/79bb06722b37ece1c03d3e94beb30d73","name":"r\u00e9daction","image":{"@type":"ImageObject","inLanguage":"fr-FR","@id":"https:\/\/secure.gravatar.com\/avatar\/37d968a2e67a6fd04c169c4bdef102d0bc5d31b2546345219e348575eb80e9a0?s=96&d=mm&r=g","url":"https:\/\/secure.gravatar.com\/avatar\/37d968a2e67a6fd04c169c4bdef102d0bc5d31b2546345219e348575eb80e9a0?s=96&d=mm&r=g","contentUrl":"https:\/\/secure.gravatar.com\/avatar\/37d968a2e67a6fd04c169c4bdef102d0bc5d31b2546345219e348575eb80e9a0?s=96&d=mm&r=g","caption":"redazione"},"sameAs":["http:\/\/www.bellunopress.it","https:\/\/x.com\/bellunopress"],"url":"https:\/\/www.bellunopress.it\/fr\/author\/redazione\/"}]}},"_links":{"self":[{"href":"https:\/\/www.bellunopress.it\/fr\/wp-json\/wp\/v2\/posts\/120170","targetHints":{"allow":["GET"]}}],"collection":[{"href":"https:\/\/www.bellunopress.it\/fr\/wp-json\/wp\/v2\/posts"}],"about":[{"href":"https:\/\/www.bellunopress.it\/fr\/wp-json\/wp\/v2\/types\/post"}],"author":[{"embeddable":true,"href":"https:\/\/www.bellunopress.it\/fr\/wp-json\/wp\/v2\/users\/2"}],"replies":[{"embeddable":true,"href":"https:\/\/www.bellunopress.it\/fr\/wp-json\/wp\/v2\/comments?post=120170"}],"version-history":[{"count":1,"href":"https:\/\/www.bellunopress.it\/fr\/wp-json\/wp\/v2\/posts\/120170\/revisions"}],"predecessor-version":[{"id":120171,"href":"https:\/\/www.bellunopress.it\/fr\/wp-json\/wp\/v2\/posts\/120170\/revisions\/120171"}],"wp:featuredmedia":[{"embeddable":true,"href":"https:\/\/www.bellunopress.it\/fr\/wp-json\/wp\/v2\/media\/113569"}],"wp:attachment":[{"href":"https:\/\/www.bellunopress.it\/fr\/wp-json\/wp\/v2\/media?parent=120170"}],"wp:term":[{"taxonomy":"category","embeddable":true,"href":"https:\/\/www.bellunopress.it\/fr\/wp-json\/wp\/v2\/categories?post=120170"},{"taxonomy":"post_tag","embeddable":true,"href":"https:\/\/www.bellunopress.it\/fr\/wp-json\/wp\/v2\/tags?post=120170"}],"curies":[{"name":"wp","href":"https:\/\/api.w.org\/{rel}","templated":true}]}}