{"id":120168,"date":"2020-12-16T13:57:46","date_gmt":"2020-12-16T12:57:46","guid":{"rendered":"http:\/\/www.bellunopress.it\/?p=120168"},"modified":"2020-12-16T13:57:46","modified_gmt":"2020-12-16T12:57:46","slug":"terapie-intensive-cristina-guarda-attendiamo-i-dati-veri-zaia-si-confronti-con-noi","status":"publish","type":"post","link":"https:\/\/www.bellunopress.it\/fr\/2020\/12\/16\/terapie-intensive-cristina-guarda-attendiamo-i-dati-veri-zaia-si-confronti-con-noi\/","title":{"rendered":"Terapie intensive. Cristina Guarda: &#8220;Attendiamo i dati veri. Zaia si confronti con noi&#8221;"},"content":{"rendered":"<figure id=\"attachment_73418\" aria-describedby=\"caption-attachment-73418\" style=\"width: 137px\" class=\"wp-caption alignleft\"><a href=\"http:\/\/www.bellunopress.it\/fr\/2015\/11\/26\/capanni-di-caccia-guarda-amp-e-la-vittoria-di-una-lobby-che-rappresenta-meno-dell1-per-cento-dei-veneti\/cristina-guarda-consigliere-regionale\/\" rel=\"attachment wp-att-73418\"><img loading=\"lazy\" decoding=\"async\" class=\"size-full wp-image-73418\" src=\"http:\/\/www.bellunopress.it\/wp-content\/uploads\/2015\/11\/Cristina-Guarda-consigliere-regionale.jpg\" alt=\"\" width=\"137\" height=\"190\" \/><\/a><figcaption id=\"caption-attachment-73418\" class=\"wp-caption-text\">Cristina Guarda, consigliere regionale<\/figcaption><\/figure>\n<p>La consigliera regionale Cristina Guarda di Europa Verde interviene sui dati delle terapie intensive dopo la dichiarazione alla stampa di Adriano Benazzato, segretario del sindacato veneto dell\u2019Anaao secondo la quale sui 540 posti di terapia intensiva disponibili in Veneto a dicembre 2019 la giunta regionale certificava una carenza di 148 anestesisti. Mentre oggi la Regione, per effetto della chiusura delle sale operatorie, dichiara una disponibilit\u00e0 di 1.016 posti in terapia intensiva. Come si pu\u00f2 pensare di raddoppiare i posti senza medici e infermieri. &#8220;Nonostante le gravi notizie apparse sui giornali &#8211; dichiara la consigliera di Europa Verde &#8211; \u00e8 umiliante sentirsi dire dall&#8217;assessora regionale alla sanit\u00e0 che parlare pubblicamente di quanto accade negli ospedali di Verona, Treviso e Vicenza \u00e8 un danno al lavoro di medici e infermieri. Perch\u00e9 sono loro stessi a chiederci di intervenire e a spronarci a fare chiarezza sulle condizioni delle terapie intensive e sul numero di posti letto realmente disponibili.<\/p>\n<p>Per questo diamo loro voce nel ribadire che Zaia deve fare ci\u00f2 \u00e8 suo compito: preservare la sanit\u00e0 regionale, tutelare il lavoro dei nostri medici ed infermieri. Invocare la zona rossa serve a poco: usala la tua autonomia, Presidente! Su questo tema, ce l&#8217;hai!&#8221;<\/p>\n<p>Continua Cristina Guarda: &#8220;Se anche per Zaia i numeri delle terapie intensive sono fittizi, chiarisca dove e come sono strutturati quelli che ha dichiarato lui stesso per farci rimanere in zona gialla: sono reali o in sale operatorie convertite?<\/p>\n<p>L&#8217;ho chiesto con Europa Verde ancora settimane fa alla direzione sanit\u00e0, senza aver risposta: oggi ripetiamo per l&#8217;ennesima volta la domanda, in un&#8217;interrogazione firmata anche dai colleghi Lorenzoni, Ostanel (VcV), Baldin (M5S) e Bigon, vicepresidente commissione sanit\u00e0 (PD).&#8221;<\/p>\n<p>La consigliera verde conclude: &#8220;Basta continuare a scaricare le responsabilit\u00e0 altrove o dire che \u00e8 tutta colpa degli assembramenti e quindi dei cittadini. Ha ragione quando afferma che esiste un problema ristori e le difficolt\u00e0 del Governo sono evidenti, ma in tema di sanit\u00e0 \u00e8 la regione a dover agire, e da quanto apparso sui media in questi giorni \u00e8 evidente che ci troviamo in pieno caos&#8221;.<\/p>","protected":false},"excerpt":{"rendered":"<p>La consigliera regionale Cristina Guarda di Europa Verde interviene sui dati delle terapie intensive dopo la dichiarazione alla stampa di Adriano Benazzato, segretario del sindacato veneto dell\u2019Anaao secondo la quale sui 540 posti di terapia intensiva disponibili in Veneto a dicembre 2019 la giunta regionale certificava una carenza di 148 anestesisti. Mentre oggi la Regione, [&hellip;]<\/p>\n","protected":false},"author":2,"featured_media":73418,"comment_status":"closed","ping_status":"open","sticky":false,"template":"","format":"standard","meta":{"footnotes":""},"categories":[5,26,17],"tags":[],"class_list":["post-120168","post","type-post","status-publish","format-standard","has-post-thumbnail","category-cronaca","category-prima-pagina","category-sanita"],"yoast_head":"<!-- This site is optimized with the Yoast SEO plugin v28.4 - https:\/\/yoast.com\/product\/yoast-seo-wordpress\/ -->\n<title>Terapie intensive. Cristina Guarda: &quot;Attendiamo i dati veri. Zaia si confronti con noi&quot; - Bellunopress - Dolomiti<\/title>\n<meta name=\"robots\" content=\"index, follow, max-snippet:-1, max-image-preview:large, max-video-preview:-1\" \/>\n<link rel=\"canonical\" href=\"https:\/\/www.bellunopress.it\/fr\/2020\/12\/16\/terapie-intensive-cristina-guarda-attendiamo-i-dati-veri-zaia-si-confronti-con-noi\/\" \/>\n<meta property=\"og:locale\" content=\"fr_FR\" \/>\n<meta property=\"og:type\" content=\"article\" \/>\n<meta property=\"og:title\" content=\"Terapie intensive. Cristina Guarda: &quot;Attendiamo i dati veri. Zaia si confronti con noi&quot; - Bellunopress - Dolomiti\" \/>\n<meta property=\"og:description\" content=\"La consigliera regionale Cristina Guarda di Europa Verde interviene sui dati delle terapie intensive dopo la dichiarazione alla stampa di Adriano Benazzato, segretario del sindacato veneto dell\u2019Anaao secondo la quale sui 540 posti di terapia intensiva disponibili in Veneto a dicembre 2019 la giunta regionale certificava una carenza di 148 anestesisti. Mentre oggi la Regione, [&hellip;]\" \/>\n<meta property=\"og:url\" content=\"https:\/\/www.bellunopress.it\/fr\/2020\/12\/16\/terapie-intensive-cristina-guarda-attendiamo-i-dati-veri-zaia-si-confronti-con-noi\/\" \/>\n<meta property=\"og:site_name\" content=\"Bellunopress - Dolomiti\" \/>\n<meta property=\"article:publisher\" content=\"https:\/\/www.facebook.com\/profile.php?id=100008943462799\" \/>\n<meta property=\"article:published_time\" content=\"2020-12-16T12:57:46+00:00\" \/>\n<meta property=\"og:image\" content=\"https:\/\/www.bellunopress.it\/wp-content\/uploads\/2015\/11\/Cristina-Guarda-consigliere-regionale.jpg\" \/>\n\t<meta property=\"og:image:width\" content=\"137\" \/>\n\t<meta property=\"og:image:height\" content=\"190\" \/>\n\t<meta property=\"og:image:type\" content=\"image\/jpeg\" \/>\n<meta name=\"author\" content=\"redazione\" \/>\n<meta name=\"twitter:card\" content=\"summary_large_image\" \/>\n<meta name=\"twitter:creator\" content=\"@bellunopress\" \/>\n<meta name=\"twitter:site\" content=\"@bellunopress\" \/>\n<meta name=\"twitter:label1\" content=\"\u00c9crit par\" \/>\n\t<meta name=\"twitter:data1\" content=\"redazione\" \/>\n\t<meta name=\"twitter:label2\" content=\"Dur\u00e9e de lecture estim\u00e9e\" \/>\n\t<meta name=\"twitter:data2\" content=\"2 minutes\" \/>\n<script type=\"application\/ld+json\" class=\"yoast-schema-graph\">{\"@context\":\"https:\\\/\\\/schema.org\",\"@graph\":[{\"@type\":\"Article\",\"@id\":\"https:\\\/\\\/www.bellunopress.it\\\/2020\\\/12\\\/16\\\/terapie-intensive-cristina-guarda-attendiamo-i-dati-veri-zaia-si-confronti-con-noi\\\/#article\",\"isPartOf\":{\"@id\":\"https:\\\/\\\/www.bellunopress.it\\\/2020\\\/12\\\/16\\\/terapie-intensive-cristina-guarda-attendiamo-i-dati-veri-zaia-si-confronti-con-noi\\\/\"},\"author\":{\"name\":\"redazione\",\"@id\":\"https:\\\/\\\/www.bellunopress.it\\\/#\\\/schema\\\/person\\\/79bb06722b37ece1c03d3e94beb30d73\"},\"headline\":\"Terapie intensive. Cristina Guarda: &#8220;Attendiamo i dati veri. Zaia si confronti con noi&#8221;\",\"datePublished\":\"2020-12-16T12:57:46+00:00\",\"mainEntityOfPage\":{\"@id\":\"https:\\\/\\\/www.bellunopress.it\\\/2020\\\/12\\\/16\\\/terapie-intensive-cristina-guarda-attendiamo-i-dati-veri-zaia-si-confronti-con-noi\\\/\"},\"wordCount\":364,\"publisher\":{\"@id\":\"https:\\\/\\\/www.bellunopress.it\\\/#organization\"},\"image\":{\"@id\":\"https:\\\/\\\/www.bellunopress.it\\\/2020\\\/12\\\/16\\\/terapie-intensive-cristina-guarda-attendiamo-i-dati-veri-zaia-si-confronti-con-noi\\\/#primaryimage\"},\"thumbnailUrl\":\"https:\\\/\\\/www.bellunopress.it\\\/wp-content\\\/uploads\\\/2015\\\/11\\\/Cristina-Guarda-consigliere-regionale.jpg\",\"articleSection\":[\"Cronaca\\\/Politica\",\"Prima Pagina\",\"Sanit\u00e0 Medicina\"],\"inLanguage\":\"fr-FR\"},{\"@type\":\"WebPage\",\"@id\":\"https:\\\/\\\/www.bellunopress.it\\\/2020\\\/12\\\/16\\\/terapie-intensive-cristina-guarda-attendiamo-i-dati-veri-zaia-si-confronti-con-noi\\\/\",\"url\":\"https:\\\/\\\/www.bellunopress.it\\\/2020\\\/12\\\/16\\\/terapie-intensive-cristina-guarda-attendiamo-i-dati-veri-zaia-si-confronti-con-noi\\\/\",\"name\":\"Terapie intensive. Cristina Guarda: \\\"Attendiamo i dati veri. Zaia si confronti con noi\\\" - Bellunopress - Dolomiti\",\"isPartOf\":{\"@id\":\"https:\\\/\\\/www.bellunopress.it\\\/#website\"},\"primaryImageOfPage\":{\"@id\":\"https:\\\/\\\/www.bellunopress.it\\\/2020\\\/12\\\/16\\\/terapie-intensive-cristina-guarda-attendiamo-i-dati-veri-zaia-si-confronti-con-noi\\\/#primaryimage\"},\"image\":{\"@id\":\"https:\\\/\\\/www.bellunopress.it\\\/2020\\\/12\\\/16\\\/terapie-intensive-cristina-guarda-attendiamo-i-dati-veri-zaia-si-confronti-con-noi\\\/#primaryimage\"},\"thumbnailUrl\":\"https:\\\/\\\/www.bellunopress.it\\\/wp-content\\\/uploads\\\/2015\\\/11\\\/Cristina-Guarda-consigliere-regionale.jpg\",\"datePublished\":\"2020-12-16T12:57:46+00:00\",\"breadcrumb\":{\"@id\":\"https:\\\/\\\/www.bellunopress.it\\\/2020\\\/12\\\/16\\\/terapie-intensive-cristina-guarda-attendiamo-i-dati-veri-zaia-si-confronti-con-noi\\\/#breadcrumb\"},\"inLanguage\":\"fr-FR\",\"potentialAction\":[{\"@type\":\"ReadAction\",\"target\":[\"https:\\\/\\\/www.bellunopress.it\\\/2020\\\/12\\\/16\\\/terapie-intensive-cristina-guarda-attendiamo-i-dati-veri-zaia-si-confronti-con-noi\\\/\"]}]},{\"@type\":\"ImageObject\",\"inLanguage\":\"fr-FR\",\"@id\":\"https:\\\/\\\/www.bellunopress.it\\\/2020\\\/12\\\/16\\\/terapie-intensive-cristina-guarda-attendiamo-i-dati-veri-zaia-si-confronti-con-noi\\\/#primaryimage\",\"url\":\"https:\\\/\\\/www.bellunopress.it\\\/wp-content\\\/uploads\\\/2015\\\/11\\\/Cristina-Guarda-consigliere-regionale.jpg\",\"contentUrl\":\"https:\\\/\\\/www.bellunopress.it\\\/wp-content\\\/uploads\\\/2015\\\/11\\\/Cristina-Guarda-consigliere-regionale.jpg\",\"width\":137,\"height\":190,\"caption\":\"Cristina Guarda, consigliere regionale\"},{\"@type\":\"BreadcrumbList\",\"@id\":\"https:\\\/\\\/www.bellunopress.it\\\/2020\\\/12\\\/16\\\/terapie-intensive-cristina-guarda-attendiamo-i-dati-veri-zaia-si-confronti-con-noi\\\/#breadcrumb\",\"itemListElement\":[{\"@type\":\"ListItem\",\"position\":1,\"name\":\"Home\",\"item\":\"https:\\\/\\\/www.bellunopress.it\\\/\"},{\"@type\":\"ListItem\",\"position\":2,\"name\":\"Terapie intensive. Cristina Guarda: &#8220;Attendiamo i dati veri. Zaia si confronti con noi&#8221;\"}]},{\"@type\":\"WebSite\",\"@id\":\"https:\\\/\\\/www.bellunopress.it\\\/#website\",\"url\":\"https:\\\/\\\/www.bellunopress.it\\\/\",\"name\":\"Bellunopress - Dolomiti\",\"description\":\"e-mail: redazione@bellunopress.it\",\"publisher\":{\"@id\":\"https:\\\/\\\/www.bellunopress.it\\\/#organization\"},\"potentialAction\":[{\"@type\":\"SearchAction\",\"target\":{\"@type\":\"EntryPoint\",\"urlTemplate\":\"https:\\\/\\\/www.bellunopress.it\\\/?s={search_term_string}\"},\"query-input\":{\"@type\":\"PropertyValueSpecification\",\"valueRequired\":true,\"valueName\":\"search_term_string\"}}],\"inLanguage\":\"fr-FR\"},{\"@type\":\"Organization\",\"@id\":\"https:\\\/\\\/www.bellunopress.it\\\/#organization\",\"name\":\"Bellunopress\",\"url\":\"https:\\\/\\\/www.bellunopress.it\\\/\",\"logo\":{\"@type\":\"ImageObject\",\"inLanguage\":\"fr-FR\",\"@id\":\"https:\\\/\\\/www.bellunopress.it\\\/#\\\/schema\\\/logo\\\/image\\\/\",\"url\":\"https:\\\/\\\/www.bellunopress.it\\\/wp-content\\\/uploads\\\/2011\\\/05\\\/cropped-logo-bellunopress-.jpg\",\"contentUrl\":\"https:\\\/\\\/www.bellunopress.it\\\/wp-content\\\/uploads\\\/2011\\\/05\\\/cropped-logo-bellunopress-.jpg\",\"width\":512,\"height\":512,\"caption\":\"Bellunopress\"},\"image\":{\"@id\":\"https:\\\/\\\/www.bellunopress.it\\\/#\\\/schema\\\/logo\\\/image\\\/\"},\"sameAs\":[\"https:\\\/\\\/www.facebook.com\\\/profile.php?id=100008943462799\",\"https:\\\/\\\/x.com\\\/bellunopress\",\"https:\\\/\\\/www.linkedin.com\\\/hp\\\/?dnr=JBzUWaJfMUw8vbXJJ2tVW5-I3jZKvC4wsoxE&amp;amp;amp;amp;amp;amp;trk=nav_responsive_tab_home\",\"https:\\\/\\\/www.youtube.com\\\/channel\\\/UCxL0wu1uN0_3_7hGG0306cw\"]},{\"@type\":\"Person\",\"@id\":\"https:\\\/\\\/www.bellunopress.it\\\/#\\\/schema\\\/person\\\/79bb06722b37ece1c03d3e94beb30d73\",\"name\":\"redazione\",\"image\":{\"@type\":\"ImageObject\",\"inLanguage\":\"fr-FR\",\"@id\":\"https:\\\/\\\/secure.gravatar.com\\\/avatar\\\/37d968a2e67a6fd04c169c4bdef102d0bc5d31b2546345219e348575eb80e9a0?s=96&d=mm&r=g\",\"url\":\"https:\\\/\\\/secure.gravatar.com\\\/avatar\\\/37d968a2e67a6fd04c169c4bdef102d0bc5d31b2546345219e348575eb80e9a0?s=96&d=mm&r=g\",\"contentUrl\":\"https:\\\/\\\/secure.gravatar.com\\\/avatar\\\/37d968a2e67a6fd04c169c4bdef102d0bc5d31b2546345219e348575eb80e9a0?s=96&d=mm&r=g\",\"caption\":\"redazione\"},\"sameAs\":[\"http:\\\/\\\/www.bellunopress.it\",\"https:\\\/\\\/x.com\\\/bellunopress\"],\"url\":\"https:\\\/\\\/www.bellunopress.it\\\/fr\\\/author\\\/redazione\\\/\"}]}<\/script>\n<!-- \/ Yoast SEO plugin. -->","yoast_head_json":{"title":"Terapie intensive. Cristina Guarda: \"Attendiamo i dati veri. Zaia si confronti con noi\" - Bellunopress - Dolomiti","robots":{"index":"index","follow":"follow","max-snippet":"max-snippet:-1","max-image-preview":"max-image-preview:large","max-video-preview":"max-video-preview:-1"},"canonical":"https:\/\/www.bellunopress.it\/fr\/2020\/12\/16\/terapie-intensive-cristina-guarda-attendiamo-i-dati-veri-zaia-si-confronti-con-noi\/","og_locale":"fr_FR","og_type":"article","og_title":"Terapie intensive. Cristina Guarda: \"Attendiamo i dati veri. Zaia si confronti con noi\" - Bellunopress - Dolomiti","og_description":"La consigliera regionale Cristina Guarda di Europa Verde interviene sui dati delle terapie intensive dopo la dichiarazione alla stampa di Adriano Benazzato, segretario del sindacato veneto dell\u2019Anaao secondo la quale sui 540 posti di terapia intensiva disponibili in Veneto a dicembre 2019 la giunta regionale certificava una carenza di 148 anestesisti. Mentre oggi la Regione, [&hellip;]","og_url":"https:\/\/www.bellunopress.it\/fr\/2020\/12\/16\/terapie-intensive-cristina-guarda-attendiamo-i-dati-veri-zaia-si-confronti-con-noi\/","og_site_name":"Bellunopress - Dolomiti","article_publisher":"https:\/\/www.facebook.com\/profile.php?id=100008943462799","article_published_time":"2020-12-16T12:57:46+00:00","og_image":[{"width":137,"height":190,"url":"https:\/\/www.bellunopress.it\/wp-content\/uploads\/2015\/11\/Cristina-Guarda-consigliere-regionale.jpg","type":"image\/jpeg"}],"author":"redazione","twitter_card":"summary_large_image","twitter_creator":"@bellunopress","twitter_site":"@bellunopress","twitter_misc":{"\u00c9crit par":"redazione","Dur\u00e9e de lecture estim\u00e9e":"2 minutes"},"schema":{"@context":"https:\/\/schema.org","@graph":[{"@type":"Article","@id":"https:\/\/www.bellunopress.it\/2020\/12\/16\/terapie-intensive-cristina-guarda-attendiamo-i-dati-veri-zaia-si-confronti-con-noi\/#article","isPartOf":{"@id":"https:\/\/www.bellunopress.it\/2020\/12\/16\/terapie-intensive-cristina-guarda-attendiamo-i-dati-veri-zaia-si-confronti-con-noi\/"},"author":{"name":"redazione","@id":"https:\/\/www.bellunopress.it\/#\/schema\/person\/79bb06722b37ece1c03d3e94beb30d73"},"headline":"Terapie intensive. Cristina Guarda: &#8220;Attendiamo i dati veri. Zaia si confronti con noi&#8221;","datePublished":"2020-12-16T12:57:46+00:00","mainEntityOfPage":{"@id":"https:\/\/www.bellunopress.it\/2020\/12\/16\/terapie-intensive-cristina-guarda-attendiamo-i-dati-veri-zaia-si-confronti-con-noi\/"},"wordCount":364,"publisher":{"@id":"https:\/\/www.bellunopress.it\/#organization"},"image":{"@id":"https:\/\/www.bellunopress.it\/2020\/12\/16\/terapie-intensive-cristina-guarda-attendiamo-i-dati-veri-zaia-si-confronti-con-noi\/#primaryimage"},"thumbnailUrl":"https:\/\/www.bellunopress.it\/wp-content\/uploads\/2015\/11\/Cristina-Guarda-consigliere-regionale.jpg","articleSection":["Cronaca\/Politica","Prima Pagina","Sanit\u00e0 Medicina"],"inLanguage":"fr-FR"},{"@type":"WebPage","@id":"https:\/\/www.bellunopress.it\/2020\/12\/16\/terapie-intensive-cristina-guarda-attendiamo-i-dati-veri-zaia-si-confronti-con-noi\/","url":"https:\/\/www.bellunopress.it\/2020\/12\/16\/terapie-intensive-cristina-guarda-attendiamo-i-dati-veri-zaia-si-confronti-con-noi\/","name":"Terapie intensive. Cristina Guarda: \"Attendiamo i dati veri. Zaia si confronti con noi\" - Bellunopress - Dolomiti","isPartOf":{"@id":"https:\/\/www.bellunopress.it\/#website"},"primaryImageOfPage":{"@id":"https:\/\/www.bellunopress.it\/2020\/12\/16\/terapie-intensive-cristina-guarda-attendiamo-i-dati-veri-zaia-si-confronti-con-noi\/#primaryimage"},"image":{"@id":"https:\/\/www.bellunopress.it\/2020\/12\/16\/terapie-intensive-cristina-guarda-attendiamo-i-dati-veri-zaia-si-confronti-con-noi\/#primaryimage"},"thumbnailUrl":"https:\/\/www.bellunopress.it\/wp-content\/uploads\/2015\/11\/Cristina-Guarda-consigliere-regionale.jpg","datePublished":"2020-12-16T12:57:46+00:00","breadcrumb":{"@id":"https:\/\/www.bellunopress.it\/2020\/12\/16\/terapie-intensive-cristina-guarda-attendiamo-i-dati-veri-zaia-si-confronti-con-noi\/#breadcrumb"},"inLanguage":"fr-FR","potentialAction":[{"@type":"ReadAction","target":["https:\/\/www.bellunopress.it\/2020\/12\/16\/terapie-intensive-cristina-guarda-attendiamo-i-dati-veri-zaia-si-confronti-con-noi\/"]}]},{"@type":"ImageObject","inLanguage":"fr-FR","@id":"https:\/\/www.bellunopress.it\/2020\/12\/16\/terapie-intensive-cristina-guarda-attendiamo-i-dati-veri-zaia-si-confronti-con-noi\/#primaryimage","url":"https:\/\/www.bellunopress.it\/wp-content\/uploads\/2015\/11\/Cristina-Guarda-consigliere-regionale.jpg","contentUrl":"https:\/\/www.bellunopress.it\/wp-content\/uploads\/2015\/11\/Cristina-Guarda-consigliere-regionale.jpg","width":137,"height":190,"caption":"Cristina Guarda, consigliere regionale"},{"@type":"BreadcrumbList","@id":"https:\/\/www.bellunopress.it\/2020\/12\/16\/terapie-intensive-cristina-guarda-attendiamo-i-dati-veri-zaia-si-confronti-con-noi\/#breadcrumb","itemListElement":[{"@type":"ListItem","position":1,"name":"Home","item":"https:\/\/www.bellunopress.it\/"},{"@type":"ListItem","position":2,"name":"Terapie intensive. Cristina Guarda: &#8220;Attendiamo i dati veri. Zaia si confronti con noi&#8221;"}]},{"@type":"WebSite","@id":"https:\/\/www.bellunopress.it\/#website","url":"https:\/\/www.bellunopress.it\/","name":"Bellunopress - Dolomiti","description":"e-mail: redazione@bellunopress.it","publisher":{"@id":"https:\/\/www.bellunopress.it\/#organization"},"potentialAction":[{"@type":"SearchAction","target":{"@type":"EntryPoint","urlTemplate":"https:\/\/www.bellunopress.it\/?s={search_term_string}"},"query-input":{"@type":"PropertyValueSpecification","valueRequired":true,"valueName":"search_term_string"}}],"inLanguage":"fr-FR"},{"@type":"Organization","@id":"https:\/\/www.bellunopress.it\/#organization","name":"Bellunopress","url":"https:\/\/www.bellunopress.it\/","logo":{"@type":"ImageObject","inLanguage":"fr-FR","@id":"https:\/\/www.bellunopress.it\/#\/schema\/logo\/image\/","url":"https:\/\/www.bellunopress.it\/wp-content\/uploads\/2011\/05\/cropped-logo-bellunopress-.jpg","contentUrl":"https:\/\/www.bellunopress.it\/wp-content\/uploads\/2011\/05\/cropped-logo-bellunopress-.jpg","width":512,"height":512,"caption":"Bellunopress"},"image":{"@id":"https:\/\/www.bellunopress.it\/#\/schema\/logo\/image\/"},"sameAs":["https:\/\/www.facebook.com\/profile.php?id=100008943462799","https:\/\/x.com\/bellunopress","https:\/\/www.linkedin.com\/hp\/?dnr=JBzUWaJfMUw8vbXJJ2tVW5-I3jZKvC4wsoxE&amp;amp;amp;amp;amp;amp;trk=nav_responsive_tab_home","https:\/\/www.youtube.com\/channel\/UCxL0wu1uN0_3_7hGG0306cw"]},{"@type":"Person","@id":"https:\/\/www.bellunopress.it\/#\/schema\/person\/79bb06722b37ece1c03d3e94beb30d73","name":"r\u00e9daction","image":{"@type":"ImageObject","inLanguage":"fr-FR","@id":"https:\/\/secure.gravatar.com\/avatar\/37d968a2e67a6fd04c169c4bdef102d0bc5d31b2546345219e348575eb80e9a0?s=96&d=mm&r=g","url":"https:\/\/secure.gravatar.com\/avatar\/37d968a2e67a6fd04c169c4bdef102d0bc5d31b2546345219e348575eb80e9a0?s=96&d=mm&r=g","contentUrl":"https:\/\/secure.gravatar.com\/avatar\/37d968a2e67a6fd04c169c4bdef102d0bc5d31b2546345219e348575eb80e9a0?s=96&d=mm&r=g","caption":"redazione"},"sameAs":["http:\/\/www.bellunopress.it","https:\/\/x.com\/bellunopress"],"url":"https:\/\/www.bellunopress.it\/fr\/author\/redazione\/"}]}},"_links":{"self":[{"href":"https:\/\/www.bellunopress.it\/fr\/wp-json\/wp\/v2\/posts\/120168","targetHints":{"allow":["GET"]}}],"collection":[{"href":"https:\/\/www.bellunopress.it\/fr\/wp-json\/wp\/v2\/posts"}],"about":[{"href":"https:\/\/www.bellunopress.it\/fr\/wp-json\/wp\/v2\/types\/post"}],"author":[{"embeddable":true,"href":"https:\/\/www.bellunopress.it\/fr\/wp-json\/wp\/v2\/users\/2"}],"replies":[{"embeddable":true,"href":"https:\/\/www.bellunopress.it\/fr\/wp-json\/wp\/v2\/comments?post=120168"}],"version-history":[{"count":1,"href":"https:\/\/www.bellunopress.it\/fr\/wp-json\/wp\/v2\/posts\/120168\/revisions"}],"predecessor-version":[{"id":120169,"href":"https:\/\/www.bellunopress.it\/fr\/wp-json\/wp\/v2\/posts\/120168\/revisions\/120169"}],"wp:featuredmedia":[{"embeddable":true,"href":"https:\/\/www.bellunopress.it\/fr\/wp-json\/wp\/v2\/media\/73418"}],"wp:attachment":[{"href":"https:\/\/www.bellunopress.it\/fr\/wp-json\/wp\/v2\/media?parent=120168"}],"wp:term":[{"taxonomy":"category","embeddable":true,"href":"https:\/\/www.bellunopress.it\/fr\/wp-json\/wp\/v2\/categories?post=120168"},{"taxonomy":"post_tag","embeddable":true,"href":"https:\/\/www.bellunopress.it\/fr\/wp-json\/wp\/v2\/tags?post=120168"}],"curies":[{"name":"wp","href":"https:\/\/api.w.org\/{rel}","templated":true}]}}