{"id":120164,"date":"2020-12-16T12:00:52","date_gmt":"2020-12-16T11:00:52","guid":{"rendered":"http:\/\/www.bellunopress.it\/?p=120164"},"modified":"2020-12-16T12:00:53","modified_gmt":"2020-12-16T11:00:53","slug":"luigi-pais-dei-mori-confermato-alla-presidenza-dellordine-delle-professioni-infermieristiche","status":"publish","type":"post","link":"https:\/\/www.bellunopress.it\/fr\/2020\/12\/16\/luigi-pais-dei-mori-confermato-alla-presidenza-dellordine-delle-professioni-infermieristiche\/","title":{"rendered":"Luigi Pais dei Mori confermato alla Presidenza dell\u2019Ordine delle Professioni Infermieristiche"},"content":{"rendered":"<figure id=\"attachment_120165\" aria-describedby=\"caption-attachment-120165\" style=\"width: 604px\" class=\"wp-caption alignleft\"><a href=\"http:\/\/www.bellunopress.it\/fr\/2020\/12\/16\/luigi-pais-dei-mori-confermato-alla-presidenza-dellordine-delle-professioni-infermieristiche\/luigi-pais-dei-mori_edited\/\" rel=\"attachment wp-att-120165\"><img loading=\"lazy\" decoding=\"async\" class=\"size-full wp-image-120165\" src=\"http:\/\/www.bellunopress.it\/wp-content\/uploads\/2020\/12\/Luigi-Pais-dei-Mori_edited.jpg\" alt=\"\" width=\"604\" height=\"800\" srcset=\"https:\/\/www.bellunopress.it\/wp-content\/uploads\/2020\/12\/Luigi-Pais-dei-Mori_edited.jpg 604w, https:\/\/www.bellunopress.it\/wp-content\/uploads\/2020\/12\/Luigi-Pais-dei-Mori_edited-378x500.jpg 378w, https:\/\/www.bellunopress.it\/wp-content\/uploads\/2020\/12\/Luigi-Pais-dei-Mori_edited-317x420.jpg 317w\" sizes=\"auto, (max-width: 604px) 100vw, 604px\" \/><\/a><figcaption id=\"caption-attachment-120165\" class=\"wp-caption-text\">Luigi Pais dei Mori<\/figcaption><\/figure>\n<p>Con la nomina delle nuove cariche istituzionali, avvenuta nel Consiglio Direttivo del 15 dicembre, si \u00e8 concluso l\u2019iter elettorale dell\u2019Ordine delle Professioni Infermieristiche della Provincia di Belluno.<br \/>\nLa tornata elettorale ha confermato per il quarto mandato consecutivo Luigi Pais dei Mori alla Presidenza dell\u2019Ordine, che si presenta alla comunit\u00e0 infermieristica bellunese con una squadra parzialmente rinnovata e con l\u2019introduzione, ai sensi della nuova normativa vigente, della Commissione d\u2019Albo.<\/p>\n<p>\u201cIn questi tempi difficili abbiamo davvero bisogno di stringere tra le mani la nostra Identit\u00e0 Professionale, di sentirla vicina e renderla visibile a chi incontriamo.<br \/>\nVogliamo lavorare a fondo su questo tema, con gli Infermieri, gli Infermieri Pediatrici, ma anche e soprattutto con le Istituzioni, gli Enti, le strutture sanitarie, le altre Professioni sanitarie, i Cittadini, affinch\u00e9 l\u2019Ordine sia un punto di riferimento identitario per la Comunit\u00e0 Infermieristica bellunese.<br \/>\nGli Infermieri sono portatori dei pi\u00f9 alti Valori professionali, che trovano concretezza nella Deontologia e nella Professionalit\u00e0 esperita. Il periodo che stiamo vivendo \u00e8 stato ed \u00e8 tutt\u2019ora la dimostrazione pi\u00f9 drammaticamente reale di questo.\u201d<\/p>\n<p>Le parole chiave di questo mandato istituzionale: trasparenza, esperienza, competenza, autorevolezza, rappresentativit\u00e0 e servizio.<\/p>\n<p>Il Consiglio Direttivo:<br \/>\nPresidente: Luigi Pais dei Mori<br \/>\nVicepresidente: Katia Pagotto<br \/>\nSegretaria: Ines Bernard<br \/>\nTesoriere: Massimo Lussu<br \/>\nConsiglieri: Sara Cavalet, Laura Dorigo, Paolo Fiabane, Lorena Francescon, Lidia Lizza, Athina Mansutti, Matteo Marin, Paola Pauletti, Rosa Perenzin, Michele Reveane, Luciana Tona.<\/p>\n<p>La Commissione d\u2019Albo:<br \/>\nPresidente: Irene Gallon<br \/>\nVicepresidente: Stefano De Salvador<br \/>\nSegretaria: Marzia Colmanet<br \/>\nComponenti: Laura Ciasullo, Anna Finocchiaro, Ankica Tunjic, Alessandra Turrin<\/p>\n<p>Collegio dei Revisori dei Conti:<br \/>\nDavide Caruzzo, Nicolas Oppio, Paola Talin.<\/p>","protected":false},"excerpt":{"rendered":"<p>Con la nomina delle nuove cariche istituzionali, avvenuta nel Consiglio Direttivo del 15 dicembre, si \u00e8 concluso l\u2019iter elettorale dell\u2019Ordine delle Professioni Infermieristiche della Provincia di Belluno. La tornata elettorale ha confermato per il quarto mandato consecutivo Luigi Pais dei Mori alla Presidenza dell\u2019Ordine, che si presenta alla comunit\u00e0 infermieristica bellunese con una squadra parzialmente [&hellip;]<\/p>\n","protected":false},"author":2,"featured_media":120165,"comment_status":"closed","ping_status":"open","sticky":false,"template":"","format":"standard","meta":{"footnotes":""},"categories":[26,17],"tags":[],"class_list":["post-120164","post","type-post","status-publish","format-standard","has-post-thumbnail","category-prima-pagina","category-sanita"],"yoast_head":"<!-- This site is optimized with the Yoast SEO plugin v28.4 - https:\/\/yoast.com\/product\/yoast-seo-wordpress\/ -->\n<title>Luigi Pais dei Mori confermato alla Presidenza dell\u2019Ordine delle Professioni Infermieristiche - Bellunopress - Dolomiti<\/title>\n<meta name=\"robots\" content=\"index, follow, max-snippet:-1, max-image-preview:large, max-video-preview:-1\" \/>\n<link rel=\"canonical\" href=\"https:\/\/www.bellunopress.it\/fr\/2020\/12\/16\/luigi-pais-dei-mori-confermato-alla-presidenza-dellordine-delle-professioni-infermieristiche\/\" \/>\n<meta property=\"og:locale\" content=\"fr_FR\" \/>\n<meta property=\"og:type\" content=\"article\" \/>\n<meta property=\"og:title\" content=\"Luigi Pais dei Mori confermato alla Presidenza dell\u2019Ordine delle Professioni Infermieristiche - Bellunopress - Dolomiti\" \/>\n<meta property=\"og:description\" content=\"Con la nomina delle nuove cariche istituzionali, avvenuta nel Consiglio Direttivo del 15 dicembre, si \u00e8 concluso l\u2019iter elettorale dell\u2019Ordine delle Professioni Infermieristiche della Provincia di Belluno. La tornata elettorale ha confermato per il quarto mandato consecutivo Luigi Pais dei Mori alla Presidenza dell\u2019Ordine, che si presenta alla comunit\u00e0 infermieristica bellunese con una squadra parzialmente [&hellip;]\" \/>\n<meta property=\"og:url\" content=\"https:\/\/www.bellunopress.it\/fr\/2020\/12\/16\/luigi-pais-dei-mori-confermato-alla-presidenza-dellordine-delle-professioni-infermieristiche\/\" \/>\n<meta property=\"og:site_name\" content=\"Bellunopress - Dolomiti\" \/>\n<meta property=\"article:publisher\" content=\"https:\/\/www.facebook.com\/profile.php?id=100008943462799\" \/>\n<meta property=\"article:published_time\" content=\"2020-12-16T11:00:52+00:00\" \/>\n<meta property=\"article:modified_time\" content=\"2020-12-16T11:00:53+00:00\" \/>\n<meta property=\"og:image\" content=\"https:\/\/www.bellunopress.it\/wp-content\/uploads\/2020\/12\/Luigi-Pais-dei-Mori_edited.jpg\" \/>\n\t<meta property=\"og:image:width\" content=\"604\" \/>\n\t<meta property=\"og:image:height\" content=\"800\" \/>\n\t<meta property=\"og:image:type\" content=\"image\/jpeg\" \/>\n<meta name=\"author\" content=\"redazione\" \/>\n<meta name=\"twitter:card\" content=\"summary_large_image\" \/>\n<meta name=\"twitter:creator\" content=\"@bellunopress\" \/>\n<meta name=\"twitter:site\" content=\"@bellunopress\" \/>\n<meta name=\"twitter:label1\" content=\"\u00c9crit par\" \/>\n\t<meta name=\"twitter:data1\" content=\"redazione\" \/>\n\t<meta name=\"twitter:label2\" content=\"Dur\u00e9e de lecture estim\u00e9e\" \/>\n\t<meta name=\"twitter:data2\" content=\"1 minute\" \/>\n<script type=\"application\/ld+json\" class=\"yoast-schema-graph\">{\"@context\":\"https:\\\/\\\/schema.org\",\"@graph\":[{\"@type\":\"Article\",\"@id\":\"https:\\\/\\\/www.bellunopress.it\\\/2020\\\/12\\\/16\\\/luigi-pais-dei-mori-confermato-alla-presidenza-dellordine-delle-professioni-infermieristiche\\\/#article\",\"isPartOf\":{\"@id\":\"https:\\\/\\\/www.bellunopress.it\\\/2020\\\/12\\\/16\\\/luigi-pais-dei-mori-confermato-alla-presidenza-dellordine-delle-professioni-infermieristiche\\\/\"},\"author\":{\"name\":\"redazione\",\"@id\":\"https:\\\/\\\/www.bellunopress.it\\\/#\\\/schema\\\/person\\\/79bb06722b37ece1c03d3e94beb30d73\"},\"headline\":\"Luigi Pais dei Mori confermato alla Presidenza dell\u2019Ordine delle Professioni Infermieristiche\",\"datePublished\":\"2020-12-16T11:00:52+00:00\",\"dateModified\":\"2020-12-16T11:00:53+00:00\",\"mainEntityOfPage\":{\"@id\":\"https:\\\/\\\/www.bellunopress.it\\\/2020\\\/12\\\/16\\\/luigi-pais-dei-mori-confermato-alla-presidenza-dellordine-delle-professioni-infermieristiche\\\/\"},\"wordCount\":286,\"publisher\":{\"@id\":\"https:\\\/\\\/www.bellunopress.it\\\/#organization\"},\"image\":{\"@id\":\"https:\\\/\\\/www.bellunopress.it\\\/2020\\\/12\\\/16\\\/luigi-pais-dei-mori-confermato-alla-presidenza-dellordine-delle-professioni-infermieristiche\\\/#primaryimage\"},\"thumbnailUrl\":\"https:\\\/\\\/www.bellunopress.it\\\/wp-content\\\/uploads\\\/2020\\\/12\\\/Luigi-Pais-dei-Mori_edited.jpg\",\"articleSection\":[\"Prima Pagina\",\"Sanit\u00e0 Medicina\"],\"inLanguage\":\"fr-FR\"},{\"@type\":\"WebPage\",\"@id\":\"https:\\\/\\\/www.bellunopress.it\\\/2020\\\/12\\\/16\\\/luigi-pais-dei-mori-confermato-alla-presidenza-dellordine-delle-professioni-infermieristiche\\\/\",\"url\":\"https:\\\/\\\/www.bellunopress.it\\\/2020\\\/12\\\/16\\\/luigi-pais-dei-mori-confermato-alla-presidenza-dellordine-delle-professioni-infermieristiche\\\/\",\"name\":\"Luigi Pais dei Mori confermato alla Presidenza dell\u2019Ordine delle Professioni Infermieristiche - Bellunopress - Dolomiti\",\"isPartOf\":{\"@id\":\"https:\\\/\\\/www.bellunopress.it\\\/#website\"},\"primaryImageOfPage\":{\"@id\":\"https:\\\/\\\/www.bellunopress.it\\\/2020\\\/12\\\/16\\\/luigi-pais-dei-mori-confermato-alla-presidenza-dellordine-delle-professioni-infermieristiche\\\/#primaryimage\"},\"image\":{\"@id\":\"https:\\\/\\\/www.bellunopress.it\\\/2020\\\/12\\\/16\\\/luigi-pais-dei-mori-confermato-alla-presidenza-dellordine-delle-professioni-infermieristiche\\\/#primaryimage\"},\"thumbnailUrl\":\"https:\\\/\\\/www.bellunopress.it\\\/wp-content\\\/uploads\\\/2020\\\/12\\\/Luigi-Pais-dei-Mori_edited.jpg\",\"datePublished\":\"2020-12-16T11:00:52+00:00\",\"dateModified\":\"2020-12-16T11:00:53+00:00\",\"breadcrumb\":{\"@id\":\"https:\\\/\\\/www.bellunopress.it\\\/2020\\\/12\\\/16\\\/luigi-pais-dei-mori-confermato-alla-presidenza-dellordine-delle-professioni-infermieristiche\\\/#breadcrumb\"},\"inLanguage\":\"fr-FR\",\"potentialAction\":[{\"@type\":\"ReadAction\",\"target\":[\"https:\\\/\\\/www.bellunopress.it\\\/2020\\\/12\\\/16\\\/luigi-pais-dei-mori-confermato-alla-presidenza-dellordine-delle-professioni-infermieristiche\\\/\"]}]},{\"@type\":\"ImageObject\",\"inLanguage\":\"fr-FR\",\"@id\":\"https:\\\/\\\/www.bellunopress.it\\\/2020\\\/12\\\/16\\\/luigi-pais-dei-mori-confermato-alla-presidenza-dellordine-delle-professioni-infermieristiche\\\/#primaryimage\",\"url\":\"https:\\\/\\\/www.bellunopress.it\\\/wp-content\\\/uploads\\\/2020\\\/12\\\/Luigi-Pais-dei-Mori_edited.jpg\",\"contentUrl\":\"https:\\\/\\\/www.bellunopress.it\\\/wp-content\\\/uploads\\\/2020\\\/12\\\/Luigi-Pais-dei-Mori_edited.jpg\",\"width\":604,\"height\":800,\"caption\":\"Luigi Pais dei Mori\"},{\"@type\":\"BreadcrumbList\",\"@id\":\"https:\\\/\\\/www.bellunopress.it\\\/2020\\\/12\\\/16\\\/luigi-pais-dei-mori-confermato-alla-presidenza-dellordine-delle-professioni-infermieristiche\\\/#breadcrumb\",\"itemListElement\":[{\"@type\":\"ListItem\",\"position\":1,\"name\":\"Home\",\"item\":\"https:\\\/\\\/www.bellunopress.it\\\/\"},{\"@type\":\"ListItem\",\"position\":2,\"name\":\"Luigi Pais dei Mori confermato alla Presidenza dell\u2019Ordine delle Professioni Infermieristiche\"}]},{\"@type\":\"WebSite\",\"@id\":\"https:\\\/\\\/www.bellunopress.it\\\/#website\",\"url\":\"https:\\\/\\\/www.bellunopress.it\\\/\",\"name\":\"Bellunopress - Dolomiti\",\"description\":\"e-mail: redazione@bellunopress.it\",\"publisher\":{\"@id\":\"https:\\\/\\\/www.bellunopress.it\\\/#organization\"},\"potentialAction\":[{\"@type\":\"SearchAction\",\"target\":{\"@type\":\"EntryPoint\",\"urlTemplate\":\"https:\\\/\\\/www.bellunopress.it\\\/?s={search_term_string}\"},\"query-input\":{\"@type\":\"PropertyValueSpecification\",\"valueRequired\":true,\"valueName\":\"search_term_string\"}}],\"inLanguage\":\"fr-FR\"},{\"@type\":\"Organization\",\"@id\":\"https:\\\/\\\/www.bellunopress.it\\\/#organization\",\"name\":\"Bellunopress\",\"url\":\"https:\\\/\\\/www.bellunopress.it\\\/\",\"logo\":{\"@type\":\"ImageObject\",\"inLanguage\":\"fr-FR\",\"@id\":\"https:\\\/\\\/www.bellunopress.it\\\/#\\\/schema\\\/logo\\\/image\\\/\",\"url\":\"https:\\\/\\\/www.bellunopress.it\\\/wp-content\\\/uploads\\\/2011\\\/05\\\/cropped-logo-bellunopress-.jpg\",\"contentUrl\":\"https:\\\/\\\/www.bellunopress.it\\\/wp-content\\\/uploads\\\/2011\\\/05\\\/cropped-logo-bellunopress-.jpg\",\"width\":512,\"height\":512,\"caption\":\"Bellunopress\"},\"image\":{\"@id\":\"https:\\\/\\\/www.bellunopress.it\\\/#\\\/schema\\\/logo\\\/image\\\/\"},\"sameAs\":[\"https:\\\/\\\/www.facebook.com\\\/profile.php?id=100008943462799\",\"https:\\\/\\\/x.com\\\/bellunopress\",\"https:\\\/\\\/www.linkedin.com\\\/hp\\\/?dnr=JBzUWaJfMUw8vbXJJ2tVW5-I3jZKvC4wsoxE&amp;amp;amp;amp;amp;amp;trk=nav_responsive_tab_home\",\"https:\\\/\\\/www.youtube.com\\\/channel\\\/UCxL0wu1uN0_3_7hGG0306cw\"]},{\"@type\":\"Person\",\"@id\":\"https:\\\/\\\/www.bellunopress.it\\\/#\\\/schema\\\/person\\\/79bb06722b37ece1c03d3e94beb30d73\",\"name\":\"redazione\",\"image\":{\"@type\":\"ImageObject\",\"inLanguage\":\"fr-FR\",\"@id\":\"https:\\\/\\\/secure.gravatar.com\\\/avatar\\\/37d968a2e67a6fd04c169c4bdef102d0bc5d31b2546345219e348575eb80e9a0?s=96&d=mm&r=g\",\"url\":\"https:\\\/\\\/secure.gravatar.com\\\/avatar\\\/37d968a2e67a6fd04c169c4bdef102d0bc5d31b2546345219e348575eb80e9a0?s=96&d=mm&r=g\",\"contentUrl\":\"https:\\\/\\\/secure.gravatar.com\\\/avatar\\\/37d968a2e67a6fd04c169c4bdef102d0bc5d31b2546345219e348575eb80e9a0?s=96&d=mm&r=g\",\"caption\":\"redazione\"},\"sameAs\":[\"http:\\\/\\\/www.bellunopress.it\",\"https:\\\/\\\/x.com\\\/bellunopress\"],\"url\":\"https:\\\/\\\/www.bellunopress.it\\\/fr\\\/author\\\/redazione\\\/\"}]}<\/script>\n<!-- \/ Yoast SEO plugin. -->","yoast_head_json":{"title":"Luigi Pais dei Mori confermato alla Presidenza dell\u2019Ordine delle Professioni Infermieristiche - Bellunopress - Dolomiti","robots":{"index":"index","follow":"follow","max-snippet":"max-snippet:-1","max-image-preview":"max-image-preview:large","max-video-preview":"max-video-preview:-1"},"canonical":"https:\/\/www.bellunopress.it\/fr\/2020\/12\/16\/luigi-pais-dei-mori-confermato-alla-presidenza-dellordine-delle-professioni-infermieristiche\/","og_locale":"fr_FR","og_type":"article","og_title":"Luigi Pais dei Mori confermato alla Presidenza dell\u2019Ordine delle Professioni Infermieristiche - Bellunopress - Dolomiti","og_description":"Con la nomina delle nuove cariche istituzionali, avvenuta nel Consiglio Direttivo del 15 dicembre, si \u00e8 concluso l\u2019iter elettorale dell\u2019Ordine delle Professioni Infermieristiche della Provincia di Belluno. La tornata elettorale ha confermato per il quarto mandato consecutivo Luigi Pais dei Mori alla Presidenza dell\u2019Ordine, che si presenta alla comunit\u00e0 infermieristica bellunese con una squadra parzialmente [&hellip;]","og_url":"https:\/\/www.bellunopress.it\/fr\/2020\/12\/16\/luigi-pais-dei-mori-confermato-alla-presidenza-dellordine-delle-professioni-infermieristiche\/","og_site_name":"Bellunopress - Dolomiti","article_publisher":"https:\/\/www.facebook.com\/profile.php?id=100008943462799","article_published_time":"2020-12-16T11:00:52+00:00","article_modified_time":"2020-12-16T11:00:53+00:00","og_image":[{"width":604,"height":800,"url":"https:\/\/www.bellunopress.it\/wp-content\/uploads\/2020\/12\/Luigi-Pais-dei-Mori_edited.jpg","type":"image\/jpeg"}],"author":"redazione","twitter_card":"summary_large_image","twitter_creator":"@bellunopress","twitter_site":"@bellunopress","twitter_misc":{"\u00c9crit par":"redazione","Dur\u00e9e de lecture estim\u00e9e":"1 minute"},"schema":{"@context":"https:\/\/schema.org","@graph":[{"@type":"Article","@id":"https:\/\/www.bellunopress.it\/2020\/12\/16\/luigi-pais-dei-mori-confermato-alla-presidenza-dellordine-delle-professioni-infermieristiche\/#article","isPartOf":{"@id":"https:\/\/www.bellunopress.it\/2020\/12\/16\/luigi-pais-dei-mori-confermato-alla-presidenza-dellordine-delle-professioni-infermieristiche\/"},"author":{"name":"redazione","@id":"https:\/\/www.bellunopress.it\/#\/schema\/person\/79bb06722b37ece1c03d3e94beb30d73"},"headline":"Luigi Pais dei Mori confermato alla Presidenza dell\u2019Ordine delle Professioni Infermieristiche","datePublished":"2020-12-16T11:00:52+00:00","dateModified":"2020-12-16T11:00:53+00:00","mainEntityOfPage":{"@id":"https:\/\/www.bellunopress.it\/2020\/12\/16\/luigi-pais-dei-mori-confermato-alla-presidenza-dellordine-delle-professioni-infermieristiche\/"},"wordCount":286,"publisher":{"@id":"https:\/\/www.bellunopress.it\/#organization"},"image":{"@id":"https:\/\/www.bellunopress.it\/2020\/12\/16\/luigi-pais-dei-mori-confermato-alla-presidenza-dellordine-delle-professioni-infermieristiche\/#primaryimage"},"thumbnailUrl":"https:\/\/www.bellunopress.it\/wp-content\/uploads\/2020\/12\/Luigi-Pais-dei-Mori_edited.jpg","articleSection":["Prima Pagina","Sanit\u00e0 Medicina"],"inLanguage":"fr-FR"},{"@type":"WebPage","@id":"https:\/\/www.bellunopress.it\/2020\/12\/16\/luigi-pais-dei-mori-confermato-alla-presidenza-dellordine-delle-professioni-infermieristiche\/","url":"https:\/\/www.bellunopress.it\/2020\/12\/16\/luigi-pais-dei-mori-confermato-alla-presidenza-dellordine-delle-professioni-infermieristiche\/","name":"Luigi Pais dei Mori confermato alla Presidenza dell\u2019Ordine delle Professioni Infermieristiche - Bellunopress - Dolomiti","isPartOf":{"@id":"https:\/\/www.bellunopress.it\/#website"},"primaryImageOfPage":{"@id":"https:\/\/www.bellunopress.it\/2020\/12\/16\/luigi-pais-dei-mori-confermato-alla-presidenza-dellordine-delle-professioni-infermieristiche\/#primaryimage"},"image":{"@id":"https:\/\/www.bellunopress.it\/2020\/12\/16\/luigi-pais-dei-mori-confermato-alla-presidenza-dellordine-delle-professioni-infermieristiche\/#primaryimage"},"thumbnailUrl":"https:\/\/www.bellunopress.it\/wp-content\/uploads\/2020\/12\/Luigi-Pais-dei-Mori_edited.jpg","datePublished":"2020-12-16T11:00:52+00:00","dateModified":"2020-12-16T11:00:53+00:00","breadcrumb":{"@id":"https:\/\/www.bellunopress.it\/2020\/12\/16\/luigi-pais-dei-mori-confermato-alla-presidenza-dellordine-delle-professioni-infermieristiche\/#breadcrumb"},"inLanguage":"fr-FR","potentialAction":[{"@type":"ReadAction","target":["https:\/\/www.bellunopress.it\/2020\/12\/16\/luigi-pais-dei-mori-confermato-alla-presidenza-dellordine-delle-professioni-infermieristiche\/"]}]},{"@type":"ImageObject","inLanguage":"fr-FR","@id":"https:\/\/www.bellunopress.it\/2020\/12\/16\/luigi-pais-dei-mori-confermato-alla-presidenza-dellordine-delle-professioni-infermieristiche\/#primaryimage","url":"https:\/\/www.bellunopress.it\/wp-content\/uploads\/2020\/12\/Luigi-Pais-dei-Mori_edited.jpg","contentUrl":"https:\/\/www.bellunopress.it\/wp-content\/uploads\/2020\/12\/Luigi-Pais-dei-Mori_edited.jpg","width":604,"height":800,"caption":"Luigi Pais dei Mori"},{"@type":"BreadcrumbList","@id":"https:\/\/www.bellunopress.it\/2020\/12\/16\/luigi-pais-dei-mori-confermato-alla-presidenza-dellordine-delle-professioni-infermieristiche\/#breadcrumb","itemListElement":[{"@type":"ListItem","position":1,"name":"Home","item":"https:\/\/www.bellunopress.it\/"},{"@type":"ListItem","position":2,"name":"Luigi Pais dei Mori confermato alla Presidenza dell\u2019Ordine delle Professioni Infermieristiche"}]},{"@type":"WebSite","@id":"https:\/\/www.bellunopress.it\/#website","url":"https:\/\/www.bellunopress.it\/","name":"Bellunopress - Dolomiti","description":"e-mail: redazione@bellunopress.it","publisher":{"@id":"https:\/\/www.bellunopress.it\/#organization"},"potentialAction":[{"@type":"SearchAction","target":{"@type":"EntryPoint","urlTemplate":"https:\/\/www.bellunopress.it\/?s={search_term_string}"},"query-input":{"@type":"PropertyValueSpecification","valueRequired":true,"valueName":"search_term_string"}}],"inLanguage":"fr-FR"},{"@type":"Organization","@id":"https:\/\/www.bellunopress.it\/#organization","name":"Bellunopress","url":"https:\/\/www.bellunopress.it\/","logo":{"@type":"ImageObject","inLanguage":"fr-FR","@id":"https:\/\/www.bellunopress.it\/#\/schema\/logo\/image\/","url":"https:\/\/www.bellunopress.it\/wp-content\/uploads\/2011\/05\/cropped-logo-bellunopress-.jpg","contentUrl":"https:\/\/www.bellunopress.it\/wp-content\/uploads\/2011\/05\/cropped-logo-bellunopress-.jpg","width":512,"height":512,"caption":"Bellunopress"},"image":{"@id":"https:\/\/www.bellunopress.it\/#\/schema\/logo\/image\/"},"sameAs":["https:\/\/www.facebook.com\/profile.php?id=100008943462799","https:\/\/x.com\/bellunopress","https:\/\/www.linkedin.com\/hp\/?dnr=JBzUWaJfMUw8vbXJJ2tVW5-I3jZKvC4wsoxE&amp;amp;amp;amp;amp;amp;trk=nav_responsive_tab_home","https:\/\/www.youtube.com\/channel\/UCxL0wu1uN0_3_7hGG0306cw"]},{"@type":"Person","@id":"https:\/\/www.bellunopress.it\/#\/schema\/person\/79bb06722b37ece1c03d3e94beb30d73","name":"r\u00e9daction","image":{"@type":"ImageObject","inLanguage":"fr-FR","@id":"https:\/\/secure.gravatar.com\/avatar\/37d968a2e67a6fd04c169c4bdef102d0bc5d31b2546345219e348575eb80e9a0?s=96&d=mm&r=g","url":"https:\/\/secure.gravatar.com\/avatar\/37d968a2e67a6fd04c169c4bdef102d0bc5d31b2546345219e348575eb80e9a0?s=96&d=mm&r=g","contentUrl":"https:\/\/secure.gravatar.com\/avatar\/37d968a2e67a6fd04c169c4bdef102d0bc5d31b2546345219e348575eb80e9a0?s=96&d=mm&r=g","caption":"redazione"},"sameAs":["http:\/\/www.bellunopress.it","https:\/\/x.com\/bellunopress"],"url":"https:\/\/www.bellunopress.it\/fr\/author\/redazione\/"}]}},"_links":{"self":[{"href":"https:\/\/www.bellunopress.it\/fr\/wp-json\/wp\/v2\/posts\/120164","targetHints":{"allow":["GET"]}}],"collection":[{"href":"https:\/\/www.bellunopress.it\/fr\/wp-json\/wp\/v2\/posts"}],"about":[{"href":"https:\/\/www.bellunopress.it\/fr\/wp-json\/wp\/v2\/types\/post"}],"author":[{"embeddable":true,"href":"https:\/\/www.bellunopress.it\/fr\/wp-json\/wp\/v2\/users\/2"}],"replies":[{"embeddable":true,"href":"https:\/\/www.bellunopress.it\/fr\/wp-json\/wp\/v2\/comments?post=120164"}],"version-history":[{"count":2,"href":"https:\/\/www.bellunopress.it\/fr\/wp-json\/wp\/v2\/posts\/120164\/revisions"}],"predecessor-version":[{"id":120167,"href":"https:\/\/www.bellunopress.it\/fr\/wp-json\/wp\/v2\/posts\/120164\/revisions\/120167"}],"wp:featuredmedia":[{"embeddable":true,"href":"https:\/\/www.bellunopress.it\/fr\/wp-json\/wp\/v2\/media\/120165"}],"wp:attachment":[{"href":"https:\/\/www.bellunopress.it\/fr\/wp-json\/wp\/v2\/media?parent=120164"}],"wp:term":[{"taxonomy":"category","embeddable":true,"href":"https:\/\/www.bellunopress.it\/fr\/wp-json\/wp\/v2\/categories?post=120164"},{"taxonomy":"post_tag","embeddable":true,"href":"https:\/\/www.bellunopress.it\/fr\/wp-json\/wp\/v2\/tags?post=120164"}],"curies":[{"name":"wp","href":"https:\/\/api.w.org\/{rel}","templated":true}]}}