{"id":120091,"date":"2020-12-13T15:49:30","date_gmt":"2020-12-13T14:49:30","guid":{"rendered":"http:\/\/www.bellunopress.it\/?p=120091"},"modified":"2020-12-13T15:54:48","modified_gmt":"2020-12-13T14:54:48","slug":"trenitalia-elettrificate-le-tratte-padova-montebelluna-e-bassano-padova","status":"publish","type":"post","link":"https:\/\/www.bellunopress.it\/fr\/2020\/12\/13\/trenitalia-elettrificate-le-tratte-padova-montebelluna-e-bassano-padova\/","title":{"rendered":"Trenitalia. Elettrificate le tratte Padova-Montebelluna e Bassano-Padova. De Berti: &#8220;Entro il 2024 la Treviso-Belluno&#8221;"},"content":{"rendered":"<p><a href=\"http:\/\/www.bellunopress.it\/fr\/2020\/12\/13\/treitalia-elettrificate-le-tratte-padova-montebelluna-e-bassano-padova\/trenitalia\/\" rel=\"attachment wp-att-120092\"><img loading=\"lazy\" decoding=\"async\" class=\"alignleft size-full wp-image-120092\" src=\"http:\/\/www.bellunopress.it\/wp-content\/uploads\/2020\/12\/Trenitalia.jpg\" alt=\"\" width=\"330\" height=\"247\" srcset=\"https:\/\/www.bellunopress.it\/wp-content\/uploads\/2020\/12\/Trenitalia.jpg 330w, https:\/\/www.bellunopress.it\/wp-content\/uploads\/2020\/12\/Trenitalia-80x60.jpg 80w, https:\/\/www.bellunopress.it\/wp-content\/uploads\/2020\/12\/Trenitalia-265x198.jpg 265w\" sizes=\"auto, (max-width: 330px) 100vw, 330px\" \/><\/a>Inizieranno a viaggiare a trazione elettrica i servizi ferroviari di Trenitalia (Gruppo FS) sulle linee Padova-Montebelluna e Bassano-Padova. Sono stati infatti attivati oggi, domenica 13 dicembre &#8211; giorno dell&#8217;entrata in vigore del nuovo orario invernale di Trenitalia &#8211; i primi collegamenti elettrificati sui tratti Camposampiero-Bassano e Castelfranco-Montebelluna che RFI ha dotato di linea aerea elettrica. Questo render\u00e0 possibile sulle due linee venete la sostituzione dei convogli diesel, con significativi miglioramenti sia per quanto riguarder\u00e0 l&#8217;impatto ambientale, sia per il comfort dei passeggeri che potranno utilizzare treni pi\u00f9 moderni.<\/p>\n<p>Gli interventi sono stati illustrati in una presentazione comprensiva di due viaggi inaugurali a cui hanno preso parte l&#8217;assessore alle Infrastrutture e Trasporti della Regione Elisa De Berti, accompagnata dal direttore regionale di Trenitalia Tiziano Baggio, e i sindaci di Montebelluna Elzo Severin, di Castelfranco Veneto Stefano Marcon, di Bassano del Grappa Elena Pavan, e di Cittadella Luca Pierobon.<\/p>\n<p>I lavori di potenziamento rientrano negli sviluppi previsti dall&#8217;Accordo Quadro tra RFI e Regione Veneto. Gli interventi hanno riguardato 45 km di linea delle due tratte la cui attivazione \u00e8 un primo passo verso la completa elettrificazione della rete dell&#8217;alto trevigiano e del bellunese, progetto che consentir\u00e0 di disporre di una rete pi\u00f9 prestante e flessibile e condizione fondamentale per un miglioramento dell&#8217;intermodalit\u00e0 del Trasporto Pubblico Locale. Le opere si inseriscono inoltre tra i cantieri finalizzati a migliorare la rete ferroviaria in vista delle Olimpiadi Milano-Cortina 2026, con l&#8217;obiettivo di intercettare la relativa domanda di mobilit\u00e0 con un&#8217;adeguata offerta su ferro.<\/p>\n<figure id=\"attachment_85746\" aria-describedby=\"caption-attachment-85746\" style=\"width: 232px\" class=\"wp-caption alignleft\"><a href=\"http:\/\/www.bellunopress.it\/fr\/2017\/04\/13\/sicurezza-stradale-in-veneto-de-berti-65-milioni-dalla-regione-per-la-realizzazione-di-opere-per-15-milioni-in-provincia-di-belluno-incidenti-mortali-diminuiti-del-69-nessun-intervento\/de-berti-assessore\/\" rel=\"attachment wp-att-85746\"><img loading=\"lazy\" decoding=\"async\" class=\"size-full wp-image-85746\" src=\"http:\/\/www.bellunopress.it\/wp-content\/uploads\/2017\/04\/De-Berti-assessore.jpg\" alt=\"\" width=\"232\" height=\"300\" \/><\/a><figcaption id=\"caption-attachment-85746\" class=\"wp-caption-text\">Elisa De Berti &#8211; Assessore regionale<\/figcaption><\/figure>\n<p>\u201cA partire da oggi circoleranno treni elettrici sostenibili, confortevoli e affidabili lungo un asse ferroviario frequentato ogni giorno, in periodo pre-Covid, da oltre 30 mila fra pendolari e studenti: 15 mila sulla Bassano- Venezia, 10 mila sulla Castelfranco- Montebelluna e 7 mila sulla Bassano -Padova &#8211; afferma la vicepresidente Elisa De Berti- Questo si tradurr\u00e0 in un servizio per gli utenti migliore, pi\u00f9 moderno e puntuale grazie alla maggiore affidabilit\u00e0\u201d<\/p>\n<p>L\u2019opera, costata 24 milioni di euro, rientra nell\u2019ambito del finanziamento di 30 milioni destinati all\u2019elettrificazione di queste tratte e della Conegliano Vittorio- Veneto.<\/p>\n<p>\u201cCon questi ulteriori 45 chilometri di infrastruttura (30 km della Camposampiero- Cittadella- Bassano e 15 km della Castelfranco &#8211; Montebelluna) si aggiunge un fondamentale tassello all\u2019ambizioso programma di elettrificazione del bacino padano promosso dalla Regione Veneto e attuato da Rete Ferroviaria Italiana &#8211; spiega la vicepresidente. L\u2019obiettivo \u00e8 quello di rivoluzionare il trasporto su ferro, massimizzandone i vantaggi in termini di sostenibilit\u00e0 ambientale. Da oggi saranno finalmente eliminate le attuali locomotive che consumano 3 litri di gasolio a chilometro, e al loro posto circoleranno treni a emissioni zero. Con l\u2019inaugurazione di oggi parliamo di un cambiamento epocale per il trasporto pubblico locale\u201d.<\/p>\n<p>In attesa del completamento delle previste consegne dei nuovi convogli Pop e Rock, sulla linea viagger\u00e0 il materiale elettrico attualmente disponibile nel parco rotabile di Trenitalia del Veneto.<\/p>\n<p>\u201cIl prossimo step &#8211; conclude la Vicepresidente- sar\u00e0 l\u2019elettrificazione della Venezia- Belluno per i quali i lavori termineranno fra dicembre e gennaio 2021. Da domani partiranno anche i cantieri per l\u2019elettrificazione della Feltre &#8211; Belluno funzionali al completamento della Treviso- Belluno che RFI conta di terminare entro il 2024\u201d.<\/p>","protected":false},"excerpt":{"rendered":"<p>Inizieranno a viaggiare a trazione elettrica i servizi ferroviari di Trenitalia (Gruppo FS) sulle linee Padova-Montebelluna e Bassano-Padova. Sono stati infatti attivati oggi, domenica 13 dicembre &#8211; giorno dell&#8217;entrata in vigore del nuovo orario invernale di Trenitalia &#8211; i primi collegamenti elettrificati sui tratti Camposampiero-Bassano e Castelfranco-Montebelluna che RFI ha dotato di linea aerea elettrica. [&hellip;]<\/p>\n","protected":false},"author":2,"featured_media":120092,"comment_status":"closed","ping_status":"open","sticky":false,"template":"","format":"standard","meta":{"footnotes":""},"categories":[26,8],"tags":[],"class_list":["post-120091","post","type-post","status-publish","format-standard","has-post-thumbnail","category-prima-pagina","category-societa-istituzioni"],"yoast_head":"<!-- This site is optimized with the Yoast SEO plugin v28.4 - https:\/\/yoast.com\/product\/yoast-seo-wordpress\/ -->\n<title>Trenitalia. Elettrificate le tratte Padova-Montebelluna e Bassano-Padova. De Berti: &quot;Entro il 2024 la Treviso-Belluno&quot; - Bellunopress - Dolomiti<\/title>\n<meta name=\"robots\" content=\"index, follow, max-snippet:-1, max-image-preview:large, max-video-preview:-1\" \/>\n<link rel=\"canonical\" href=\"https:\/\/www.bellunopress.it\/fr\/2020\/12\/13\/trenitalia-elettrificate-le-tratte-padova-montebelluna-e-bassano-padova\/\" \/>\n<meta property=\"og:locale\" content=\"fr_FR\" \/>\n<meta property=\"og:type\" content=\"article\" \/>\n<meta property=\"og:title\" content=\"Trenitalia. Elettrificate le tratte Padova-Montebelluna e Bassano-Padova. De Berti: &quot;Entro il 2024 la Treviso-Belluno&quot; - Bellunopress - Dolomiti\" \/>\n<meta property=\"og:description\" content=\"Inizieranno a viaggiare a trazione elettrica i servizi ferroviari di Trenitalia (Gruppo FS) sulle linee Padova-Montebelluna e Bassano-Padova. Sono stati infatti attivati oggi, domenica 13 dicembre &#8211; giorno dell&#8217;entrata in vigore del nuovo orario invernale di Trenitalia &#8211; i primi collegamenti elettrificati sui tratti Camposampiero-Bassano e Castelfranco-Montebelluna che RFI ha dotato di linea aerea elettrica. [&hellip;]\" \/>\n<meta property=\"og:url\" content=\"https:\/\/www.bellunopress.it\/fr\/2020\/12\/13\/trenitalia-elettrificate-le-tratte-padova-montebelluna-e-bassano-padova\/\" \/>\n<meta property=\"og:site_name\" content=\"Bellunopress - Dolomiti\" \/>\n<meta property=\"article:publisher\" content=\"https:\/\/www.facebook.com\/profile.php?id=100008943462799\" \/>\n<meta property=\"article:published_time\" content=\"2020-12-13T14:49:30+00:00\" \/>\n<meta property=\"article:modified_time\" content=\"2020-12-13T14:54:48+00:00\" \/>\n<meta property=\"og:image\" content=\"https:\/\/www.bellunopress.it\/wp-content\/uploads\/2020\/12\/Trenitalia.jpg\" \/>\n\t<meta property=\"og:image:width\" content=\"330\" \/>\n\t<meta property=\"og:image:height\" content=\"247\" \/>\n\t<meta property=\"og:image:type\" content=\"image\/jpeg\" \/>\n<meta name=\"author\" content=\"redazione\" \/>\n<meta name=\"twitter:card\" content=\"summary_large_image\" \/>\n<meta name=\"twitter:creator\" content=\"@bellunopress\" \/>\n<meta name=\"twitter:site\" content=\"@bellunopress\" \/>\n<meta name=\"twitter:label1\" content=\"\u00c9crit par\" \/>\n\t<meta name=\"twitter:data1\" content=\"redazione\" \/>\n\t<meta name=\"twitter:label2\" content=\"Dur\u00e9e de lecture estim\u00e9e\" \/>\n\t<meta name=\"twitter:data2\" content=\"3 minutes\" \/>\n<script type=\"application\/ld+json\" class=\"yoast-schema-graph\">{\"@context\":\"https:\\\/\\\/schema.org\",\"@graph\":[{\"@type\":\"Article\",\"@id\":\"https:\\\/\\\/www.bellunopress.it\\\/2020\\\/12\\\/13\\\/trenitalia-elettrificate-le-tratte-padova-montebelluna-e-bassano-padova\\\/#article\",\"isPartOf\":{\"@id\":\"https:\\\/\\\/www.bellunopress.it\\\/2020\\\/12\\\/13\\\/trenitalia-elettrificate-le-tratte-padova-montebelluna-e-bassano-padova\\\/\"},\"author\":{\"name\":\"redazione\",\"@id\":\"https:\\\/\\\/www.bellunopress.it\\\/#\\\/schema\\\/person\\\/79bb06722b37ece1c03d3e94beb30d73\"},\"headline\":\"Trenitalia. Elettrificate le tratte Padova-Montebelluna e Bassano-Padova. De Berti: &#8220;Entro il 2024 la Treviso-Belluno&#8221;\",\"datePublished\":\"2020-12-13T14:49:30+00:00\",\"dateModified\":\"2020-12-13T14:54:48+00:00\",\"mainEntityOfPage\":{\"@id\":\"https:\\\/\\\/www.bellunopress.it\\\/2020\\\/12\\\/13\\\/trenitalia-elettrificate-le-tratte-padova-montebelluna-e-bassano-padova\\\/\"},\"wordCount\":545,\"publisher\":{\"@id\":\"https:\\\/\\\/www.bellunopress.it\\\/#organization\"},\"image\":{\"@id\":\"https:\\\/\\\/www.bellunopress.it\\\/2020\\\/12\\\/13\\\/trenitalia-elettrificate-le-tratte-padova-montebelluna-e-bassano-padova\\\/#primaryimage\"},\"thumbnailUrl\":\"https:\\\/\\\/www.bellunopress.it\\\/wp-content\\\/uploads\\\/2020\\\/12\\\/Trenitalia.jpg\",\"articleSection\":[\"Prima Pagina\",\"Societ\u00e0, Associazioni, Istituzioni\"],\"inLanguage\":\"fr-FR\"},{\"@type\":\"WebPage\",\"@id\":\"https:\\\/\\\/www.bellunopress.it\\\/2020\\\/12\\\/13\\\/trenitalia-elettrificate-le-tratte-padova-montebelluna-e-bassano-padova\\\/\",\"url\":\"https:\\\/\\\/www.bellunopress.it\\\/2020\\\/12\\\/13\\\/trenitalia-elettrificate-le-tratte-padova-montebelluna-e-bassano-padova\\\/\",\"name\":\"Trenitalia. Elettrificate le tratte Padova-Montebelluna e Bassano-Padova. De Berti: \\\"Entro il 2024 la Treviso-Belluno\\\" - Bellunopress - Dolomiti\",\"isPartOf\":{\"@id\":\"https:\\\/\\\/www.bellunopress.it\\\/#website\"},\"primaryImageOfPage\":{\"@id\":\"https:\\\/\\\/www.bellunopress.it\\\/2020\\\/12\\\/13\\\/trenitalia-elettrificate-le-tratte-padova-montebelluna-e-bassano-padova\\\/#primaryimage\"},\"image\":{\"@id\":\"https:\\\/\\\/www.bellunopress.it\\\/2020\\\/12\\\/13\\\/trenitalia-elettrificate-le-tratte-padova-montebelluna-e-bassano-padova\\\/#primaryimage\"},\"thumbnailUrl\":\"https:\\\/\\\/www.bellunopress.it\\\/wp-content\\\/uploads\\\/2020\\\/12\\\/Trenitalia.jpg\",\"datePublished\":\"2020-12-13T14:49:30+00:00\",\"dateModified\":\"2020-12-13T14:54:48+00:00\",\"breadcrumb\":{\"@id\":\"https:\\\/\\\/www.bellunopress.it\\\/2020\\\/12\\\/13\\\/trenitalia-elettrificate-le-tratte-padova-montebelluna-e-bassano-padova\\\/#breadcrumb\"},\"inLanguage\":\"fr-FR\",\"potentialAction\":[{\"@type\":\"ReadAction\",\"target\":[\"https:\\\/\\\/www.bellunopress.it\\\/2020\\\/12\\\/13\\\/trenitalia-elettrificate-le-tratte-padova-montebelluna-e-bassano-padova\\\/\"]}]},{\"@type\":\"ImageObject\",\"inLanguage\":\"fr-FR\",\"@id\":\"https:\\\/\\\/www.bellunopress.it\\\/2020\\\/12\\\/13\\\/trenitalia-elettrificate-le-tratte-padova-montebelluna-e-bassano-padova\\\/#primaryimage\",\"url\":\"https:\\\/\\\/www.bellunopress.it\\\/wp-content\\\/uploads\\\/2020\\\/12\\\/Trenitalia.jpg\",\"contentUrl\":\"https:\\\/\\\/www.bellunopress.it\\\/wp-content\\\/uploads\\\/2020\\\/12\\\/Trenitalia.jpg\",\"width\":330,\"height\":247},{\"@type\":\"BreadcrumbList\",\"@id\":\"https:\\\/\\\/www.bellunopress.it\\\/2020\\\/12\\\/13\\\/trenitalia-elettrificate-le-tratte-padova-montebelluna-e-bassano-padova\\\/#breadcrumb\",\"itemListElement\":[{\"@type\":\"ListItem\",\"position\":1,\"name\":\"Home\",\"item\":\"https:\\\/\\\/www.bellunopress.it\\\/\"},{\"@type\":\"ListItem\",\"position\":2,\"name\":\"Trenitalia. Elettrificate le tratte Padova-Montebelluna e Bassano-Padova. De Berti: &#8220;Entro il 2024 la Treviso-Belluno&#8221;\"}]},{\"@type\":\"WebSite\",\"@id\":\"https:\\\/\\\/www.bellunopress.it\\\/#website\",\"url\":\"https:\\\/\\\/www.bellunopress.it\\\/\",\"name\":\"Bellunopress - Dolomiti\",\"description\":\"e-mail: redazione@bellunopress.it\",\"publisher\":{\"@id\":\"https:\\\/\\\/www.bellunopress.it\\\/#organization\"},\"potentialAction\":[{\"@type\":\"SearchAction\",\"target\":{\"@type\":\"EntryPoint\",\"urlTemplate\":\"https:\\\/\\\/www.bellunopress.it\\\/?s={search_term_string}\"},\"query-input\":{\"@type\":\"PropertyValueSpecification\",\"valueRequired\":true,\"valueName\":\"search_term_string\"}}],\"inLanguage\":\"fr-FR\"},{\"@type\":\"Organization\",\"@id\":\"https:\\\/\\\/www.bellunopress.it\\\/#organization\",\"name\":\"Bellunopress\",\"url\":\"https:\\\/\\\/www.bellunopress.it\\\/\",\"logo\":{\"@type\":\"ImageObject\",\"inLanguage\":\"fr-FR\",\"@id\":\"https:\\\/\\\/www.bellunopress.it\\\/#\\\/schema\\\/logo\\\/image\\\/\",\"url\":\"https:\\\/\\\/www.bellunopress.it\\\/wp-content\\\/uploads\\\/2011\\\/05\\\/cropped-logo-bellunopress-.jpg\",\"contentUrl\":\"https:\\\/\\\/www.bellunopress.it\\\/wp-content\\\/uploads\\\/2011\\\/05\\\/cropped-logo-bellunopress-.jpg\",\"width\":512,\"height\":512,\"caption\":\"Bellunopress\"},\"image\":{\"@id\":\"https:\\\/\\\/www.bellunopress.it\\\/#\\\/schema\\\/logo\\\/image\\\/\"},\"sameAs\":[\"https:\\\/\\\/www.facebook.com\\\/profile.php?id=100008943462799\",\"https:\\\/\\\/x.com\\\/bellunopress\",\"https:\\\/\\\/www.linkedin.com\\\/hp\\\/?dnr=JBzUWaJfMUw8vbXJJ2tVW5-I3jZKvC4wsoxE&amp;amp;amp;amp;amp;amp;trk=nav_responsive_tab_home\",\"https:\\\/\\\/www.youtube.com\\\/channel\\\/UCxL0wu1uN0_3_7hGG0306cw\"]},{\"@type\":\"Person\",\"@id\":\"https:\\\/\\\/www.bellunopress.it\\\/#\\\/schema\\\/person\\\/79bb06722b37ece1c03d3e94beb30d73\",\"name\":\"redazione\",\"image\":{\"@type\":\"ImageObject\",\"inLanguage\":\"fr-FR\",\"@id\":\"https:\\\/\\\/secure.gravatar.com\\\/avatar\\\/37d968a2e67a6fd04c169c4bdef102d0bc5d31b2546345219e348575eb80e9a0?s=96&d=mm&r=g\",\"url\":\"https:\\\/\\\/secure.gravatar.com\\\/avatar\\\/37d968a2e67a6fd04c169c4bdef102d0bc5d31b2546345219e348575eb80e9a0?s=96&d=mm&r=g\",\"contentUrl\":\"https:\\\/\\\/secure.gravatar.com\\\/avatar\\\/37d968a2e67a6fd04c169c4bdef102d0bc5d31b2546345219e348575eb80e9a0?s=96&d=mm&r=g\",\"caption\":\"redazione\"},\"sameAs\":[\"http:\\\/\\\/www.bellunopress.it\",\"https:\\\/\\\/x.com\\\/bellunopress\"],\"url\":\"https:\\\/\\\/www.bellunopress.it\\\/fr\\\/author\\\/redazione\\\/\"}]}<\/script>\n<!-- \/ Yoast SEO plugin. -->","yoast_head_json":{"title":"Trenitalia. Elettrificate le tratte Padova-Montebelluna e Bassano-Padova. De Berti: \"Entro il 2024 la Treviso-Belluno\" - Bellunopress - Dolomiti","robots":{"index":"index","follow":"follow","max-snippet":"max-snippet:-1","max-image-preview":"max-image-preview:large","max-video-preview":"max-video-preview:-1"},"canonical":"https:\/\/www.bellunopress.it\/fr\/2020\/12\/13\/trenitalia-elettrificate-le-tratte-padova-montebelluna-e-bassano-padova\/","og_locale":"fr_FR","og_type":"article","og_title":"Trenitalia. Elettrificate le tratte Padova-Montebelluna e Bassano-Padova. De Berti: \"Entro il 2024 la Treviso-Belluno\" - Bellunopress - Dolomiti","og_description":"Inizieranno a viaggiare a trazione elettrica i servizi ferroviari di Trenitalia (Gruppo FS) sulle linee Padova-Montebelluna e Bassano-Padova. Sono stati infatti attivati oggi, domenica 13 dicembre &#8211; giorno dell&#8217;entrata in vigore del nuovo orario invernale di Trenitalia &#8211; i primi collegamenti elettrificati sui tratti Camposampiero-Bassano e Castelfranco-Montebelluna che RFI ha dotato di linea aerea elettrica. [&hellip;]","og_url":"https:\/\/www.bellunopress.it\/fr\/2020\/12\/13\/trenitalia-elettrificate-le-tratte-padova-montebelluna-e-bassano-padova\/","og_site_name":"Bellunopress - Dolomiti","article_publisher":"https:\/\/www.facebook.com\/profile.php?id=100008943462799","article_published_time":"2020-12-13T14:49:30+00:00","article_modified_time":"2020-12-13T14:54:48+00:00","og_image":[{"width":330,"height":247,"url":"https:\/\/www.bellunopress.it\/wp-content\/uploads\/2020\/12\/Trenitalia.jpg","type":"image\/jpeg"}],"author":"redazione","twitter_card":"summary_large_image","twitter_creator":"@bellunopress","twitter_site":"@bellunopress","twitter_misc":{"\u00c9crit par":"redazione","Dur\u00e9e de lecture estim\u00e9e":"3 minutes"},"schema":{"@context":"https:\/\/schema.org","@graph":[{"@type":"Article","@id":"https:\/\/www.bellunopress.it\/2020\/12\/13\/trenitalia-elettrificate-le-tratte-padova-montebelluna-e-bassano-padova\/#article","isPartOf":{"@id":"https:\/\/www.bellunopress.it\/2020\/12\/13\/trenitalia-elettrificate-le-tratte-padova-montebelluna-e-bassano-padova\/"},"author":{"name":"redazione","@id":"https:\/\/www.bellunopress.it\/#\/schema\/person\/79bb06722b37ece1c03d3e94beb30d73"},"headline":"Trenitalia. Elettrificate le tratte Padova-Montebelluna e Bassano-Padova. De Berti: &#8220;Entro il 2024 la Treviso-Belluno&#8221;","datePublished":"2020-12-13T14:49:30+00:00","dateModified":"2020-12-13T14:54:48+00:00","mainEntityOfPage":{"@id":"https:\/\/www.bellunopress.it\/2020\/12\/13\/trenitalia-elettrificate-le-tratte-padova-montebelluna-e-bassano-padova\/"},"wordCount":545,"publisher":{"@id":"https:\/\/www.bellunopress.it\/#organization"},"image":{"@id":"https:\/\/www.bellunopress.it\/2020\/12\/13\/trenitalia-elettrificate-le-tratte-padova-montebelluna-e-bassano-padova\/#primaryimage"},"thumbnailUrl":"https:\/\/www.bellunopress.it\/wp-content\/uploads\/2020\/12\/Trenitalia.jpg","articleSection":["Prima Pagina","Societ\u00e0, Associazioni, Istituzioni"],"inLanguage":"fr-FR"},{"@type":"WebPage","@id":"https:\/\/www.bellunopress.it\/2020\/12\/13\/trenitalia-elettrificate-le-tratte-padova-montebelluna-e-bassano-padova\/","url":"https:\/\/www.bellunopress.it\/2020\/12\/13\/trenitalia-elettrificate-le-tratte-padova-montebelluna-e-bassano-padova\/","name":"Trenitalia. Elettrificate le tratte Padova-Montebelluna e Bassano-Padova. De Berti: \"Entro il 2024 la Treviso-Belluno\" - Bellunopress - Dolomiti","isPartOf":{"@id":"https:\/\/www.bellunopress.it\/#website"},"primaryImageOfPage":{"@id":"https:\/\/www.bellunopress.it\/2020\/12\/13\/trenitalia-elettrificate-le-tratte-padova-montebelluna-e-bassano-padova\/#primaryimage"},"image":{"@id":"https:\/\/www.bellunopress.it\/2020\/12\/13\/trenitalia-elettrificate-le-tratte-padova-montebelluna-e-bassano-padova\/#primaryimage"},"thumbnailUrl":"https:\/\/www.bellunopress.it\/wp-content\/uploads\/2020\/12\/Trenitalia.jpg","datePublished":"2020-12-13T14:49:30+00:00","dateModified":"2020-12-13T14:54:48+00:00","breadcrumb":{"@id":"https:\/\/www.bellunopress.it\/2020\/12\/13\/trenitalia-elettrificate-le-tratte-padova-montebelluna-e-bassano-padova\/#breadcrumb"},"inLanguage":"fr-FR","potentialAction":[{"@type":"ReadAction","target":["https:\/\/www.bellunopress.it\/2020\/12\/13\/trenitalia-elettrificate-le-tratte-padova-montebelluna-e-bassano-padova\/"]}]},{"@type":"ImageObject","inLanguage":"fr-FR","@id":"https:\/\/www.bellunopress.it\/2020\/12\/13\/trenitalia-elettrificate-le-tratte-padova-montebelluna-e-bassano-padova\/#primaryimage","url":"https:\/\/www.bellunopress.it\/wp-content\/uploads\/2020\/12\/Trenitalia.jpg","contentUrl":"https:\/\/www.bellunopress.it\/wp-content\/uploads\/2020\/12\/Trenitalia.jpg","width":330,"height":247},{"@type":"BreadcrumbList","@id":"https:\/\/www.bellunopress.it\/2020\/12\/13\/trenitalia-elettrificate-le-tratte-padova-montebelluna-e-bassano-padova\/#breadcrumb","itemListElement":[{"@type":"ListItem","position":1,"name":"Home","item":"https:\/\/www.bellunopress.it\/"},{"@type":"ListItem","position":2,"name":"Trenitalia. Elettrificate le tratte Padova-Montebelluna e Bassano-Padova. De Berti: &#8220;Entro il 2024 la Treviso-Belluno&#8221;"}]},{"@type":"WebSite","@id":"https:\/\/www.bellunopress.it\/#website","url":"https:\/\/www.bellunopress.it\/","name":"Bellunopress - Dolomiti","description":"e-mail: redazione@bellunopress.it","publisher":{"@id":"https:\/\/www.bellunopress.it\/#organization"},"potentialAction":[{"@type":"SearchAction","target":{"@type":"EntryPoint","urlTemplate":"https:\/\/www.bellunopress.it\/?s={search_term_string}"},"query-input":{"@type":"PropertyValueSpecification","valueRequired":true,"valueName":"search_term_string"}}],"inLanguage":"fr-FR"},{"@type":"Organization","@id":"https:\/\/www.bellunopress.it\/#organization","name":"Bellunopress","url":"https:\/\/www.bellunopress.it\/","logo":{"@type":"ImageObject","inLanguage":"fr-FR","@id":"https:\/\/www.bellunopress.it\/#\/schema\/logo\/image\/","url":"https:\/\/www.bellunopress.it\/wp-content\/uploads\/2011\/05\/cropped-logo-bellunopress-.jpg","contentUrl":"https:\/\/www.bellunopress.it\/wp-content\/uploads\/2011\/05\/cropped-logo-bellunopress-.jpg","width":512,"height":512,"caption":"Bellunopress"},"image":{"@id":"https:\/\/www.bellunopress.it\/#\/schema\/logo\/image\/"},"sameAs":["https:\/\/www.facebook.com\/profile.php?id=100008943462799","https:\/\/x.com\/bellunopress","https:\/\/www.linkedin.com\/hp\/?dnr=JBzUWaJfMUw8vbXJJ2tVW5-I3jZKvC4wsoxE&amp;amp;amp;amp;amp;amp;trk=nav_responsive_tab_home","https:\/\/www.youtube.com\/channel\/UCxL0wu1uN0_3_7hGG0306cw"]},{"@type":"Person","@id":"https:\/\/www.bellunopress.it\/#\/schema\/person\/79bb06722b37ece1c03d3e94beb30d73","name":"r\u00e9daction","image":{"@type":"ImageObject","inLanguage":"fr-FR","@id":"https:\/\/secure.gravatar.com\/avatar\/37d968a2e67a6fd04c169c4bdef102d0bc5d31b2546345219e348575eb80e9a0?s=96&d=mm&r=g","url":"https:\/\/secure.gravatar.com\/avatar\/37d968a2e67a6fd04c169c4bdef102d0bc5d31b2546345219e348575eb80e9a0?s=96&d=mm&r=g","contentUrl":"https:\/\/secure.gravatar.com\/avatar\/37d968a2e67a6fd04c169c4bdef102d0bc5d31b2546345219e348575eb80e9a0?s=96&d=mm&r=g","caption":"redazione"},"sameAs":["http:\/\/www.bellunopress.it","https:\/\/x.com\/bellunopress"],"url":"https:\/\/www.bellunopress.it\/fr\/author\/redazione\/"}]}},"_links":{"self":[{"href":"https:\/\/www.bellunopress.it\/fr\/wp-json\/wp\/v2\/posts\/120091","targetHints":{"allow":["GET"]}}],"collection":[{"href":"https:\/\/www.bellunopress.it\/fr\/wp-json\/wp\/v2\/posts"}],"about":[{"href":"https:\/\/www.bellunopress.it\/fr\/wp-json\/wp\/v2\/types\/post"}],"author":[{"embeddable":true,"href":"https:\/\/www.bellunopress.it\/fr\/wp-json\/wp\/v2\/users\/2"}],"replies":[{"embeddable":true,"href":"https:\/\/www.bellunopress.it\/fr\/wp-json\/wp\/v2\/comments?post=120091"}],"version-history":[{"count":5,"href":"https:\/\/www.bellunopress.it\/fr\/wp-json\/wp\/v2\/posts\/120091\/revisions"}],"predecessor-version":[{"id":120097,"href":"https:\/\/www.bellunopress.it\/fr\/wp-json\/wp\/v2\/posts\/120091\/revisions\/120097"}],"wp:featuredmedia":[{"embeddable":true,"href":"https:\/\/www.bellunopress.it\/fr\/wp-json\/wp\/v2\/media\/120092"}],"wp:attachment":[{"href":"https:\/\/www.bellunopress.it\/fr\/wp-json\/wp\/v2\/media?parent=120091"}],"wp:term":[{"taxonomy":"category","embeddable":true,"href":"https:\/\/www.bellunopress.it\/fr\/wp-json\/wp\/v2\/categories?post=120091"},{"taxonomy":"post_tag","embeddable":true,"href":"https:\/\/www.bellunopress.it\/fr\/wp-json\/wp\/v2\/tags?post=120091"}],"curies":[{"name":"wp","href":"https:\/\/api.w.org\/{rel}","templated":true}]}}