{"id":120085,"date":"2020-12-12T20:48:26","date_gmt":"2020-12-12T19:48:26","guid":{"rendered":"http:\/\/www.bellunopress.it\/?p=120085"},"modified":"2020-12-12T20:48:26","modified_gmt":"2020-12-12T19:48:26","slug":"borgo-valbelluna-contributi-alle-scuole","status":"publish","type":"post","link":"https:\/\/www.bellunopress.it\/fr\/2020\/12\/12\/borgo-valbelluna-contributi-alle-scuole\/","title":{"rendered":"Borgo Valbelluna: contributi alle scuole"},"content":{"rendered":"<figure id=\"attachment_107503\" aria-describedby=\"caption-attachment-107503\" style=\"width: 256px\" class=\"wp-caption alignleft\"><a href=\"http:\/\/www.bellunopress.it\/fr\/2019\/08\/31\/nel-2021-linizio-dei-lavori-per-linnovativa-scuola-per-linfanzia-e-primaria-a-mel\/marilisa-corso-assessore\/\" rel=\"attachment wp-att-107503\"><img loading=\"lazy\" decoding=\"async\" class=\"size-full wp-image-107503\" src=\"http:\/\/www.bellunopress.it\/wp-content\/uploads\/2019\/08\/Marilisa-Corso-assessore.jpg\" alt=\"\" width=\"256\" height=\"300\" \/><\/a><figcaption id=\"caption-attachment-107503\" class=\"wp-caption-text\">Marilisa Corso, assessore Borgo Valbelluna<\/figcaption><\/figure>\n<p>La giunta comunale ha deliberato la concessione dei contributi alle tutte le scuole presenti nel territorio di Borgo Valbelluna per un totale di circa 80.000,00 euro. &#8220;Uno degli obbiettivi di questa Amministrazione \u00e8 quello di sostenere le iniziative che possano favorire la formazione degli alunni e lo sviluppo dei rapporti fra di loro, gli insegnanti, le famiglie e la comunit\u00e0 in generale&#8221; afferma l&#8217;assessore alle politiche scolastiche Marilisa Corso &#8220;annualmente sosteniamo le progettualit\u00e0 proposte e condivise con Istituti Comprensivi.<\/p>\n<p>Quest&#8217;anno, vista la situazione epidemiologica in corso, dove l&#8217;obiettivo pi\u00f9 grande \u00e8 quello di tenere aperte le scuole e garantire il pi\u00f9 possibile una didattica in presenza e in un contesto di normalit\u00e0, non possiamo pretendere l&#8217;elaborazione dei consueti progetti di ampliamento dell&#8217;offerta formativa. Oltre ai servizi aggiuntivi attivati da questa amministrazione per garantire l&#8217;avvio dell&#8217;anno scolastico, riteniamo comunque importante garantire il consueto finanziamento per l&#8217;implementare della dotazione informatica o delle infrastrutture informatiche necessarie a consentire la Didattica a Distanza (DAD) e la Didattica Digitale Integrata (DDI) e sperando che qualche progetto di ampliamento dell&#8217;offerta formativa possa essere realizzato nella seconda parte dell&#8217;anno scolastico.&#8221;<\/p>\n<p>Oltre al finanziamento dei progetti extrascolastici o delle dotazioni innovative, viene assegnata a ciascun plesso un finanziamento per spese funzionamento pari a 9 euro ad alunno, un contributo per materiale di pulizia ed \u00e8 stato finanziato il progetto accoglienza ad opera degli insegnanti della scuola primaria di S.Antonio Tortal.<\/p>\n<p>Nel dettaglio il contributo viene dato in base al numero delle classi e al numero degli alunni all&#8217;interno dei vari plessi ed \u00e8 cos\u00ec suddiviso: 30.740 \u20ac per i plessi del municipio di Trichiana, 22.647 per quelli del municipio di Mel e 13.690 per quelli di Lentiai. Viene inoltre garantito il servizio di trasposto scolastico in occasione di una uscita didattica per ciascuna classe nel corso dell&#8217;anno scolastico, qualora fosse possibile riprendere queste attivit\u00e0, entro un raggio massimo di 30 km dalla sede della scuola.<\/p>\n<p>Oltre a questo contributo alle scuole pubbliche \u00e8 stato deliberato un contributo di 15.000 \u20ac alla scuola paritaria d&#8217;infanzia di Lentiai a sostegno delle spese di gestione. &#8220;Questo contributo \u2013 afferma il consigliere comunale con delega alla scuola, Mara Centa &#8211; \u00e8 stato assegnato quale riconoscimento dell&#8217;importante ruolo svolto dalla Scuola Materna paritaria &#8220;Nazareth&#8221; e dall&#8217;Asilo Nido &#8220;Germoglio&#8221; nella formazione e crescita dei bambini e alla fondamentale importanza di tali strutture per il territorio comunale supplendo cos\u00ec alla mancanza di strutture pubbliche dedicate all&#8217;infanzia nel territorio del municipio di Lentiai&#8221;.<\/p>\n<p>Nel frattempo prosegue il progetto, condiviso con i Comuni di Limana e di Belluno per la riorganizzazione degli Istituti Comprensivi nella sinistra Piave. &#8220;Siamo convinti che la riorganizzazione scolastica in un unico Istituto Comprensivo nel nostro Comune consentirebbe di avere quella massa critica ideale per una progettualit\u00e0 a medio e lungo termini non asfittica che consenta un&#8217;implementazione di offerta e di qualit\u00e0 del servizio scolastico a beneficio dei nostri ragazzi mirata alla formazione della persona, delle sue capacit\u00e0 di pensiero e relazionali&#8221; conclude l&#8217;assessore Corso.<\/p>","protected":false},"excerpt":{"rendered":"<p>La giunta comunale ha deliberato la concessione dei contributi alle tutte le scuole presenti nel territorio di Borgo Valbelluna per un totale di circa 80.000,00 euro. &#8220;Uno degli obbiettivi di questa Amministrazione \u00e8 quello di sostenere le iniziative che possano favorire la formazione degli alunni e lo sviluppo dei rapporti fra di loro, gli insegnanti, [&hellip;]<\/p>\n","protected":false},"author":2,"featured_media":107503,"comment_status":"closed","ping_status":"open","sticky":false,"template":"","format":"standard","meta":{"footnotes":""},"categories":[26,15],"tags":[],"class_list":["post-120085","post","type-post","status-publish","format-standard","has-post-thumbnail","category-prima-pagina","category-scuola"],"yoast_head":"<!-- This site is optimized with the Yoast SEO plugin v28.4 - https:\/\/yoast.com\/product\/yoast-seo-wordpress\/ -->\n<title>Borgo Valbelluna: contributi alle scuole - Bellunopress - Dolomiti<\/title>\n<meta name=\"robots\" content=\"index, follow, max-snippet:-1, max-image-preview:large, max-video-preview:-1\" \/>\n<link rel=\"canonical\" href=\"https:\/\/www.bellunopress.it\/fr\/2020\/12\/12\/borgo-valbelluna-contributi-alle-scuole\/\" \/>\n<meta property=\"og:locale\" content=\"fr_FR\" \/>\n<meta property=\"og:type\" content=\"article\" \/>\n<meta property=\"og:title\" content=\"Borgo Valbelluna: contributi alle scuole - Bellunopress - Dolomiti\" \/>\n<meta property=\"og:description\" content=\"La giunta comunale ha deliberato la concessione dei contributi alle tutte le scuole presenti nel territorio di Borgo Valbelluna per un totale di circa 80.000,00 euro. &#8220;Uno degli obbiettivi di questa Amministrazione \u00e8 quello di sostenere le iniziative che possano favorire la formazione degli alunni e lo sviluppo dei rapporti fra di loro, gli insegnanti, [&hellip;]\" \/>\n<meta property=\"og:url\" content=\"https:\/\/www.bellunopress.it\/fr\/2020\/12\/12\/borgo-valbelluna-contributi-alle-scuole\/\" \/>\n<meta property=\"og:site_name\" content=\"Bellunopress - Dolomiti\" \/>\n<meta property=\"article:publisher\" content=\"https:\/\/www.facebook.com\/profile.php?id=100008943462799\" \/>\n<meta property=\"article:published_time\" content=\"2020-12-12T19:48:26+00:00\" \/>\n<meta property=\"og:image\" content=\"https:\/\/www.bellunopress.it\/wp-content\/uploads\/2019\/08\/Marilisa-Corso-assessore.jpg\" \/>\n\t<meta property=\"og:image:width\" content=\"256\" \/>\n\t<meta property=\"og:image:height\" content=\"300\" \/>\n\t<meta property=\"og:image:type\" content=\"image\/jpeg\" \/>\n<meta name=\"author\" content=\"redazione\" \/>\n<meta name=\"twitter:card\" content=\"summary_large_image\" \/>\n<meta name=\"twitter:creator\" content=\"@bellunopress\" \/>\n<meta name=\"twitter:site\" content=\"@bellunopress\" \/>\n<meta name=\"twitter:label1\" content=\"\u00c9crit par\" \/>\n\t<meta name=\"twitter:data1\" content=\"redazione\" \/>\n\t<meta name=\"twitter:label2\" content=\"Dur\u00e9e de lecture estim\u00e9e\" \/>\n\t<meta name=\"twitter:data2\" content=\"2 minutes\" \/>\n<script type=\"application\/ld+json\" class=\"yoast-schema-graph\">{\"@context\":\"https:\\\/\\\/schema.org\",\"@graph\":[{\"@type\":\"Article\",\"@id\":\"https:\\\/\\\/www.bellunopress.it\\\/2020\\\/12\\\/12\\\/borgo-valbelluna-contributi-alle-scuole\\\/#article\",\"isPartOf\":{\"@id\":\"https:\\\/\\\/www.bellunopress.it\\\/2020\\\/12\\\/12\\\/borgo-valbelluna-contributi-alle-scuole\\\/\"},\"author\":{\"name\":\"redazione\",\"@id\":\"https:\\\/\\\/www.bellunopress.it\\\/#\\\/schema\\\/person\\\/79bb06722b37ece1c03d3e94beb30d73\"},\"headline\":\"Borgo Valbelluna: contributi alle scuole\",\"datePublished\":\"2020-12-12T19:48:26+00:00\",\"mainEntityOfPage\":{\"@id\":\"https:\\\/\\\/www.bellunopress.it\\\/2020\\\/12\\\/12\\\/borgo-valbelluna-contributi-alle-scuole\\\/\"},\"wordCount\":512,\"publisher\":{\"@id\":\"https:\\\/\\\/www.bellunopress.it\\\/#organization\"},\"image\":{\"@id\":\"https:\\\/\\\/www.bellunopress.it\\\/2020\\\/12\\\/12\\\/borgo-valbelluna-contributi-alle-scuole\\\/#primaryimage\"},\"thumbnailUrl\":\"https:\\\/\\\/www.bellunopress.it\\\/wp-content\\\/uploads\\\/2019\\\/08\\\/Marilisa-Corso-assessore.jpg\",\"articleSection\":[\"Prima Pagina\",\"Scuola\"],\"inLanguage\":\"fr-FR\"},{\"@type\":\"WebPage\",\"@id\":\"https:\\\/\\\/www.bellunopress.it\\\/2020\\\/12\\\/12\\\/borgo-valbelluna-contributi-alle-scuole\\\/\",\"url\":\"https:\\\/\\\/www.bellunopress.it\\\/2020\\\/12\\\/12\\\/borgo-valbelluna-contributi-alle-scuole\\\/\",\"name\":\"Borgo Valbelluna: contributi alle scuole - Bellunopress - Dolomiti\",\"isPartOf\":{\"@id\":\"https:\\\/\\\/www.bellunopress.it\\\/#website\"},\"primaryImageOfPage\":{\"@id\":\"https:\\\/\\\/www.bellunopress.it\\\/2020\\\/12\\\/12\\\/borgo-valbelluna-contributi-alle-scuole\\\/#primaryimage\"},\"image\":{\"@id\":\"https:\\\/\\\/www.bellunopress.it\\\/2020\\\/12\\\/12\\\/borgo-valbelluna-contributi-alle-scuole\\\/#primaryimage\"},\"thumbnailUrl\":\"https:\\\/\\\/www.bellunopress.it\\\/wp-content\\\/uploads\\\/2019\\\/08\\\/Marilisa-Corso-assessore.jpg\",\"datePublished\":\"2020-12-12T19:48:26+00:00\",\"breadcrumb\":{\"@id\":\"https:\\\/\\\/www.bellunopress.it\\\/2020\\\/12\\\/12\\\/borgo-valbelluna-contributi-alle-scuole\\\/#breadcrumb\"},\"inLanguage\":\"fr-FR\",\"potentialAction\":[{\"@type\":\"ReadAction\",\"target\":[\"https:\\\/\\\/www.bellunopress.it\\\/2020\\\/12\\\/12\\\/borgo-valbelluna-contributi-alle-scuole\\\/\"]}]},{\"@type\":\"ImageObject\",\"inLanguage\":\"fr-FR\",\"@id\":\"https:\\\/\\\/www.bellunopress.it\\\/2020\\\/12\\\/12\\\/borgo-valbelluna-contributi-alle-scuole\\\/#primaryimage\",\"url\":\"https:\\\/\\\/www.bellunopress.it\\\/wp-content\\\/uploads\\\/2019\\\/08\\\/Marilisa-Corso-assessore.jpg\",\"contentUrl\":\"https:\\\/\\\/www.bellunopress.it\\\/wp-content\\\/uploads\\\/2019\\\/08\\\/Marilisa-Corso-assessore.jpg\",\"width\":256,\"height\":300,\"caption\":\"Marilisa Corso, assessore Borgo Valbelluna\"},{\"@type\":\"BreadcrumbList\",\"@id\":\"https:\\\/\\\/www.bellunopress.it\\\/2020\\\/12\\\/12\\\/borgo-valbelluna-contributi-alle-scuole\\\/#breadcrumb\",\"itemListElement\":[{\"@type\":\"ListItem\",\"position\":1,\"name\":\"Home\",\"item\":\"https:\\\/\\\/www.bellunopress.it\\\/\"},{\"@type\":\"ListItem\",\"position\":2,\"name\":\"Borgo Valbelluna: contributi alle scuole\"}]},{\"@type\":\"WebSite\",\"@id\":\"https:\\\/\\\/www.bellunopress.it\\\/#website\",\"url\":\"https:\\\/\\\/www.bellunopress.it\\\/\",\"name\":\"Bellunopress - Dolomiti\",\"description\":\"e-mail: redazione@bellunopress.it\",\"publisher\":{\"@id\":\"https:\\\/\\\/www.bellunopress.it\\\/#organization\"},\"potentialAction\":[{\"@type\":\"SearchAction\",\"target\":{\"@type\":\"EntryPoint\",\"urlTemplate\":\"https:\\\/\\\/www.bellunopress.it\\\/?s={search_term_string}\"},\"query-input\":{\"@type\":\"PropertyValueSpecification\",\"valueRequired\":true,\"valueName\":\"search_term_string\"}}],\"inLanguage\":\"fr-FR\"},{\"@type\":\"Organization\",\"@id\":\"https:\\\/\\\/www.bellunopress.it\\\/#organization\",\"name\":\"Bellunopress\",\"url\":\"https:\\\/\\\/www.bellunopress.it\\\/\",\"logo\":{\"@type\":\"ImageObject\",\"inLanguage\":\"fr-FR\",\"@id\":\"https:\\\/\\\/www.bellunopress.it\\\/#\\\/schema\\\/logo\\\/image\\\/\",\"url\":\"https:\\\/\\\/www.bellunopress.it\\\/wp-content\\\/uploads\\\/2011\\\/05\\\/cropped-logo-bellunopress-.jpg\",\"contentUrl\":\"https:\\\/\\\/www.bellunopress.it\\\/wp-content\\\/uploads\\\/2011\\\/05\\\/cropped-logo-bellunopress-.jpg\",\"width\":512,\"height\":512,\"caption\":\"Bellunopress\"},\"image\":{\"@id\":\"https:\\\/\\\/www.bellunopress.it\\\/#\\\/schema\\\/logo\\\/image\\\/\"},\"sameAs\":[\"https:\\\/\\\/www.facebook.com\\\/profile.php?id=100008943462799\",\"https:\\\/\\\/x.com\\\/bellunopress\",\"https:\\\/\\\/www.linkedin.com\\\/hp\\\/?dnr=JBzUWaJfMUw8vbXJJ2tVW5-I3jZKvC4wsoxE&amp;amp;amp;amp;amp;amp;trk=nav_responsive_tab_home\",\"https:\\\/\\\/www.youtube.com\\\/channel\\\/UCxL0wu1uN0_3_7hGG0306cw\"]},{\"@type\":\"Person\",\"@id\":\"https:\\\/\\\/www.bellunopress.it\\\/#\\\/schema\\\/person\\\/79bb06722b37ece1c03d3e94beb30d73\",\"name\":\"redazione\",\"image\":{\"@type\":\"ImageObject\",\"inLanguage\":\"fr-FR\",\"@id\":\"https:\\\/\\\/secure.gravatar.com\\\/avatar\\\/37d968a2e67a6fd04c169c4bdef102d0bc5d31b2546345219e348575eb80e9a0?s=96&d=mm&r=g\",\"url\":\"https:\\\/\\\/secure.gravatar.com\\\/avatar\\\/37d968a2e67a6fd04c169c4bdef102d0bc5d31b2546345219e348575eb80e9a0?s=96&d=mm&r=g\",\"contentUrl\":\"https:\\\/\\\/secure.gravatar.com\\\/avatar\\\/37d968a2e67a6fd04c169c4bdef102d0bc5d31b2546345219e348575eb80e9a0?s=96&d=mm&r=g\",\"caption\":\"redazione\"},\"sameAs\":[\"http:\\\/\\\/www.bellunopress.it\",\"https:\\\/\\\/x.com\\\/bellunopress\"],\"url\":\"https:\\\/\\\/www.bellunopress.it\\\/fr\\\/author\\\/redazione\\\/\"}]}<\/script>\n<!-- \/ Yoast SEO plugin. -->","yoast_head_json":{"title":"Borgo Valbelluna: contributi alle scuole - Bellunopress - Dolomiti","robots":{"index":"index","follow":"follow","max-snippet":"max-snippet:-1","max-image-preview":"max-image-preview:large","max-video-preview":"max-video-preview:-1"},"canonical":"https:\/\/www.bellunopress.it\/fr\/2020\/12\/12\/borgo-valbelluna-contributi-alle-scuole\/","og_locale":"fr_FR","og_type":"article","og_title":"Borgo Valbelluna: contributi alle scuole - Bellunopress - Dolomiti","og_description":"La giunta comunale ha deliberato la concessione dei contributi alle tutte le scuole presenti nel territorio di Borgo Valbelluna per un totale di circa 80.000,00 euro. &#8220;Uno degli obbiettivi di questa Amministrazione \u00e8 quello di sostenere le iniziative che possano favorire la formazione degli alunni e lo sviluppo dei rapporti fra di loro, gli insegnanti, [&hellip;]","og_url":"https:\/\/www.bellunopress.it\/fr\/2020\/12\/12\/borgo-valbelluna-contributi-alle-scuole\/","og_site_name":"Bellunopress - Dolomiti","article_publisher":"https:\/\/www.facebook.com\/profile.php?id=100008943462799","article_published_time":"2020-12-12T19:48:26+00:00","og_image":[{"width":256,"height":300,"url":"https:\/\/www.bellunopress.it\/wp-content\/uploads\/2019\/08\/Marilisa-Corso-assessore.jpg","type":"image\/jpeg"}],"author":"redazione","twitter_card":"summary_large_image","twitter_creator":"@bellunopress","twitter_site":"@bellunopress","twitter_misc":{"\u00c9crit par":"redazione","Dur\u00e9e de lecture estim\u00e9e":"2 minutes"},"schema":{"@context":"https:\/\/schema.org","@graph":[{"@type":"Article","@id":"https:\/\/www.bellunopress.it\/2020\/12\/12\/borgo-valbelluna-contributi-alle-scuole\/#article","isPartOf":{"@id":"https:\/\/www.bellunopress.it\/2020\/12\/12\/borgo-valbelluna-contributi-alle-scuole\/"},"author":{"name":"redazione","@id":"https:\/\/www.bellunopress.it\/#\/schema\/person\/79bb06722b37ece1c03d3e94beb30d73"},"headline":"Borgo Valbelluna: contributi alle scuole","datePublished":"2020-12-12T19:48:26+00:00","mainEntityOfPage":{"@id":"https:\/\/www.bellunopress.it\/2020\/12\/12\/borgo-valbelluna-contributi-alle-scuole\/"},"wordCount":512,"publisher":{"@id":"https:\/\/www.bellunopress.it\/#organization"},"image":{"@id":"https:\/\/www.bellunopress.it\/2020\/12\/12\/borgo-valbelluna-contributi-alle-scuole\/#primaryimage"},"thumbnailUrl":"https:\/\/www.bellunopress.it\/wp-content\/uploads\/2019\/08\/Marilisa-Corso-assessore.jpg","articleSection":["Prima Pagina","Scuola"],"inLanguage":"fr-FR"},{"@type":"WebPage","@id":"https:\/\/www.bellunopress.it\/2020\/12\/12\/borgo-valbelluna-contributi-alle-scuole\/","url":"https:\/\/www.bellunopress.it\/2020\/12\/12\/borgo-valbelluna-contributi-alle-scuole\/","name":"Borgo Valbelluna: contributi alle scuole - Bellunopress - Dolomiti","isPartOf":{"@id":"https:\/\/www.bellunopress.it\/#website"},"primaryImageOfPage":{"@id":"https:\/\/www.bellunopress.it\/2020\/12\/12\/borgo-valbelluna-contributi-alle-scuole\/#primaryimage"},"image":{"@id":"https:\/\/www.bellunopress.it\/2020\/12\/12\/borgo-valbelluna-contributi-alle-scuole\/#primaryimage"},"thumbnailUrl":"https:\/\/www.bellunopress.it\/wp-content\/uploads\/2019\/08\/Marilisa-Corso-assessore.jpg","datePublished":"2020-12-12T19:48:26+00:00","breadcrumb":{"@id":"https:\/\/www.bellunopress.it\/2020\/12\/12\/borgo-valbelluna-contributi-alle-scuole\/#breadcrumb"},"inLanguage":"fr-FR","potentialAction":[{"@type":"ReadAction","target":["https:\/\/www.bellunopress.it\/2020\/12\/12\/borgo-valbelluna-contributi-alle-scuole\/"]}]},{"@type":"ImageObject","inLanguage":"fr-FR","@id":"https:\/\/www.bellunopress.it\/2020\/12\/12\/borgo-valbelluna-contributi-alle-scuole\/#primaryimage","url":"https:\/\/www.bellunopress.it\/wp-content\/uploads\/2019\/08\/Marilisa-Corso-assessore.jpg","contentUrl":"https:\/\/www.bellunopress.it\/wp-content\/uploads\/2019\/08\/Marilisa-Corso-assessore.jpg","width":256,"height":300,"caption":"Marilisa Corso, assessore Borgo Valbelluna"},{"@type":"BreadcrumbList","@id":"https:\/\/www.bellunopress.it\/2020\/12\/12\/borgo-valbelluna-contributi-alle-scuole\/#breadcrumb","itemListElement":[{"@type":"ListItem","position":1,"name":"Home","item":"https:\/\/www.bellunopress.it\/"},{"@type":"ListItem","position":2,"name":"Borgo Valbelluna: contributi alle scuole"}]},{"@type":"WebSite","@id":"https:\/\/www.bellunopress.it\/#website","url":"https:\/\/www.bellunopress.it\/","name":"Bellunopress - Dolomiti","description":"e-mail: redazione@bellunopress.it","publisher":{"@id":"https:\/\/www.bellunopress.it\/#organization"},"potentialAction":[{"@type":"SearchAction","target":{"@type":"EntryPoint","urlTemplate":"https:\/\/www.bellunopress.it\/?s={search_term_string}"},"query-input":{"@type":"PropertyValueSpecification","valueRequired":true,"valueName":"search_term_string"}}],"inLanguage":"fr-FR"},{"@type":"Organization","@id":"https:\/\/www.bellunopress.it\/#organization","name":"Bellunopress","url":"https:\/\/www.bellunopress.it\/","logo":{"@type":"ImageObject","inLanguage":"fr-FR","@id":"https:\/\/www.bellunopress.it\/#\/schema\/logo\/image\/","url":"https:\/\/www.bellunopress.it\/wp-content\/uploads\/2011\/05\/cropped-logo-bellunopress-.jpg","contentUrl":"https:\/\/www.bellunopress.it\/wp-content\/uploads\/2011\/05\/cropped-logo-bellunopress-.jpg","width":512,"height":512,"caption":"Bellunopress"},"image":{"@id":"https:\/\/www.bellunopress.it\/#\/schema\/logo\/image\/"},"sameAs":["https:\/\/www.facebook.com\/profile.php?id=100008943462799","https:\/\/x.com\/bellunopress","https:\/\/www.linkedin.com\/hp\/?dnr=JBzUWaJfMUw8vbXJJ2tVW5-I3jZKvC4wsoxE&amp;amp;amp;amp;amp;amp;trk=nav_responsive_tab_home","https:\/\/www.youtube.com\/channel\/UCxL0wu1uN0_3_7hGG0306cw"]},{"@type":"Person","@id":"https:\/\/www.bellunopress.it\/#\/schema\/person\/79bb06722b37ece1c03d3e94beb30d73","name":"r\u00e9daction","image":{"@type":"ImageObject","inLanguage":"fr-FR","@id":"https:\/\/secure.gravatar.com\/avatar\/37d968a2e67a6fd04c169c4bdef102d0bc5d31b2546345219e348575eb80e9a0?s=96&d=mm&r=g","url":"https:\/\/secure.gravatar.com\/avatar\/37d968a2e67a6fd04c169c4bdef102d0bc5d31b2546345219e348575eb80e9a0?s=96&d=mm&r=g","contentUrl":"https:\/\/secure.gravatar.com\/avatar\/37d968a2e67a6fd04c169c4bdef102d0bc5d31b2546345219e348575eb80e9a0?s=96&d=mm&r=g","caption":"redazione"},"sameAs":["http:\/\/www.bellunopress.it","https:\/\/x.com\/bellunopress"],"url":"https:\/\/www.bellunopress.it\/fr\/author\/redazione\/"}]}},"_links":{"self":[{"href":"https:\/\/www.bellunopress.it\/fr\/wp-json\/wp\/v2\/posts\/120085","targetHints":{"allow":["GET"]}}],"collection":[{"href":"https:\/\/www.bellunopress.it\/fr\/wp-json\/wp\/v2\/posts"}],"about":[{"href":"https:\/\/www.bellunopress.it\/fr\/wp-json\/wp\/v2\/types\/post"}],"author":[{"embeddable":true,"href":"https:\/\/www.bellunopress.it\/fr\/wp-json\/wp\/v2\/users\/2"}],"replies":[{"embeddable":true,"href":"https:\/\/www.bellunopress.it\/fr\/wp-json\/wp\/v2\/comments?post=120085"}],"version-history":[{"count":1,"href":"https:\/\/www.bellunopress.it\/fr\/wp-json\/wp\/v2\/posts\/120085\/revisions"}],"predecessor-version":[{"id":120086,"href":"https:\/\/www.bellunopress.it\/fr\/wp-json\/wp\/v2\/posts\/120085\/revisions\/120086"}],"wp:featuredmedia":[{"embeddable":true,"href":"https:\/\/www.bellunopress.it\/fr\/wp-json\/wp\/v2\/media\/107503"}],"wp:attachment":[{"href":"https:\/\/www.bellunopress.it\/fr\/wp-json\/wp\/v2\/media?parent=120085"}],"wp:term":[{"taxonomy":"category","embeddable":true,"href":"https:\/\/www.bellunopress.it\/fr\/wp-json\/wp\/v2\/categories?post=120085"},{"taxonomy":"post_tag","embeddable":true,"href":"https:\/\/www.bellunopress.it\/fr\/wp-json\/wp\/v2\/tags?post=120085"}],"curies":[{"name":"wp","href":"https:\/\/api.w.org\/{rel}","templated":true}]}}