{"id":120080,"date":"2020-12-12T16:41:26","date_gmt":"2020-12-12T15:41:26","guid":{"rendered":"http:\/\/www.bellunopress.it\/?p=120080"},"modified":"2020-12-12T16:41:26","modified_gmt":"2020-12-12T15:41:26","slug":"ripresa-della-scuola-e-trasporto-scolastico-de-carlo-governo-dia-certezza-di-risorse-e-coperture-altrimenti-i-piani-sono-inattuabili","status":"publish","type":"post","link":"https:\/\/www.bellunopress.it\/fr\/2020\/12\/12\/ripresa-della-scuola-e-trasporto-scolastico-de-carlo-governo-dia-certezza-di-risorse-e-coperture-altrimenti-i-piani-sono-inattuabili\/","title":{"rendered":"Ripresa della scuola e trasporto scolastico. De Carlo: &#8220;Governo dia certezza di risorse e coperture, altrimenti i piani sono inattuabili&#8221;"},"content":{"rendered":"<p><a href=\"http:\/\/www.bellunopress.it\/fr\/2019\/10\/10\/sabato-laperitivo-agordino-con-lonorevole-luca-de-carlo\/luca-de-carlo-4\/\" rel=\"attachment wp-att-108654\"><img loading=\"lazy\" decoding=\"async\" class=\"alignleft size-full wp-image-108654\" src=\"http:\/\/www.bellunopress.it\/wp-content\/uploads\/2019\/10\/Luca-De-Carlo.jpg\" alt=\"\" width=\"239\" height=\"303\" \/><\/a>&#8220;Come possono Regioni e aziende di trasporto garantire i nuovi piani per il trasporto scolastico se devono agire a saldo invariato? Il Governo faccia chiarezza e assicuri risorse e coperture, altrimenti a gennaio meno della met\u00e0 degli studenti potr\u00e0 tornare in classe&#8221;.<\/p>\n<p>A meno di un mese dall&#8217;annunciato ritorno in classe &#8211; seppur contingentato &#8211; degli studenti delle scuole superiori, il senatore e coordinatore veneto di Fratelli d&#8217;Italia Luca De Carlo denuncia l&#8217;ennesima falla nel sistema.<\/p>\n<p>Il 7 gennaio \u00e8 infatti previsto il ritorno a scuola in presenza per il 75% dei ragazzi che frequentano le scuole superiori, mentre i mezzi pubblici del trasporto scolastico potranno essere utilizzati solo al 50% della loro capienza: &#8220;La Regione Veneto ha svolto perfettamente il suo compito, realizzando un piano per i trasporti dal valore di 31 milioni di euro&#8221;, spiega De Carlo. &#8220;Ma se il Governo dice che il servizio va garantito a saldi invariati, quale sar\u00e0 la regione o l&#8217;azienda che accetter\u00e0 di accollarsi le spese? In questo modo, i piani regionali non potranno mai essere attuati&#8221;.<\/p>\n<p>Sono 213mila gli studenti delle scuole superiori in Veneto, 160mila quelli che il giorno dopo l&#8217;Epifania dovrebbero tornare sui banchi di scuola: &#8220;Se si prosegue insistendo con i costi invariati, solo il 50% di loro potr\u00e0 farlo&#8221;, sottolinea De Carlo.<br \/>\nC&#8217;\u00e8 poi anche una questione tecnica: da tempo, Fratelli d&#8217;Italia chiede che vengano firmate convenzioni con aziende private di trasporto, compresi i NCC e i taxi, per garantire il servizio.<\/p>\n<p>&#8220;Le aziende di trasporto pubblico devono cercare subito mezzi e personale per soddisfare il nuovo piano e praticamente raddoppiare il loro servizio; queste realt\u00e0 permetterebbero di affrontare l&#8217;emergenza. Pensiamo a situazioni come quella bellunese, dove i 5mila studenti dovrebbero essere gestiti con un doppio turno, in una situazione geomorfologica e infrastrutturale gi\u00e0 problematica anche senza aggiungerci i recenti danni del maltempo; serve una soluzione al pi\u00f9 presto&#8221;, continua il senatore.<\/p>\n<p>&#8220;\u00c8 ora di finirla con lo scaricabarile, una volta con i comuni, una volta con le regioni, ora anche con le aziende di trasporto pubblico&#8221;, conclude De Carlo. &#8220;Il Governo si prenda le responsabilit\u00e0 delle sue decisioni: dia subito le risorse ai territori per gestire il servizio scolastico, oppure si rassegni al fallimento delle sua azioni e all&#8217;inattuabilit\u00e0 dei piani richiesti alle regioni, che prontamente e diligentemente hanno gi\u00e0 risposto. Come ho gi\u00e0 fatto per il settore turistico, chiedo all&#8217;esecutivo di dare un segnale della sua capacit\u00e0 di programmazione, se ne \u00e8 in grado: in caso contrario, decine di migliaia di studenti resteranno appiedati per colpa dell&#8217;indolenza di questo governo&#8221;.<\/p>","protected":false},"excerpt":{"rendered":"<p>&#8220;Come possono Regioni e aziende di trasporto garantire i nuovi piani per il trasporto scolastico se devono agire a saldo invariato? Il Governo faccia chiarezza e assicuri risorse e coperture, altrimenti a gennaio meno della met\u00e0 degli studenti potr\u00e0 tornare in classe&#8221;. A meno di un mese dall&#8217;annunciato ritorno in classe &#8211; seppur contingentato &#8211; [&hellip;]<\/p>\n","protected":false},"author":2,"featured_media":117776,"comment_status":"closed","ping_status":"open","sticky":false,"template":"","format":"standard","meta":{"footnotes":""},"categories":[5,26,15],"tags":[],"class_list":["post-120080","post","type-post","status-publish","format-standard","has-post-thumbnail","category-cronaca","category-prima-pagina","category-scuola"],"yoast_head":"<!-- This site is optimized with the Yoast SEO plugin v28.4 - https:\/\/yoast.com\/product\/yoast-seo-wordpress\/ -->\n<title>Ripresa della scuola e trasporto scolastico. De Carlo: &quot;Governo dia certezza di risorse e coperture, altrimenti i piani sono inattuabili&quot; - Bellunopress - Dolomiti<\/title>\n<meta name=\"robots\" content=\"index, follow, max-snippet:-1, max-image-preview:large, max-video-preview:-1\" \/>\n<link rel=\"canonical\" href=\"https:\/\/www.bellunopress.it\/fr\/2020\/12\/12\/ripresa-della-scuola-e-trasporto-scolastico-de-carlo-governo-dia-certezza-di-risorse-e-coperture-altrimenti-i-piani-sono-inattuabili\/\" \/>\n<meta property=\"og:locale\" content=\"fr_FR\" \/>\n<meta property=\"og:type\" content=\"article\" \/>\n<meta property=\"og:title\" content=\"Ripresa della scuola e trasporto scolastico. De Carlo: &quot;Governo dia certezza di risorse e coperture, altrimenti i piani sono inattuabili&quot; - Bellunopress - Dolomiti\" \/>\n<meta property=\"og:description\" content=\"&#8220;Come possono Regioni e aziende di trasporto garantire i nuovi piani per il trasporto scolastico se devono agire a saldo invariato? Il Governo faccia chiarezza e assicuri risorse e coperture, altrimenti a gennaio meno della met\u00e0 degli studenti potr\u00e0 tornare in classe&#8221;. A meno di un mese dall&#8217;annunciato ritorno in classe &#8211; seppur contingentato &#8211; [&hellip;]\" \/>\n<meta property=\"og:url\" content=\"https:\/\/www.bellunopress.it\/fr\/2020\/12\/12\/ripresa-della-scuola-e-trasporto-scolastico-de-carlo-governo-dia-certezza-di-risorse-e-coperture-altrimenti-i-piani-sono-inattuabili\/\" \/>\n<meta property=\"og:site_name\" content=\"Bellunopress - Dolomiti\" \/>\n<meta property=\"article:publisher\" content=\"https:\/\/www.facebook.com\/profile.php?id=100008943462799\" \/>\n<meta property=\"article:published_time\" content=\"2020-12-12T15:41:26+00:00\" \/>\n<meta property=\"og:image\" content=\"https:\/\/www.bellunopress.it\/wp-content\/uploads\/2020\/09\/Luca-De-Carlo_edited.jpg\" \/>\n\t<meta property=\"og:image:width\" content=\"800\" \/>\n\t<meta property=\"og:image:height\" content=\"660\" \/>\n\t<meta property=\"og:image:type\" content=\"image\/jpeg\" \/>\n<meta name=\"author\" content=\"redazione\" \/>\n<meta name=\"twitter:card\" content=\"summary_large_image\" \/>\n<meta name=\"twitter:creator\" content=\"@bellunopress\" \/>\n<meta name=\"twitter:site\" content=\"@bellunopress\" \/>\n<meta name=\"twitter:label1\" content=\"\u00c9crit par\" \/>\n\t<meta name=\"twitter:data1\" content=\"redazione\" \/>\n\t<meta name=\"twitter:label2\" content=\"Dur\u00e9e de lecture estim\u00e9e\" \/>\n\t<meta name=\"twitter:data2\" content=\"2 minutes\" \/>\n<script type=\"application\/ld+json\" class=\"yoast-schema-graph\">{\"@context\":\"https:\\\/\\\/schema.org\",\"@graph\":[{\"@type\":\"Article\",\"@id\":\"https:\\\/\\\/www.bellunopress.it\\\/2020\\\/12\\\/12\\\/ripresa-della-scuola-e-trasporto-scolastico-de-carlo-governo-dia-certezza-di-risorse-e-coperture-altrimenti-i-piani-sono-inattuabili\\\/#article\",\"isPartOf\":{\"@id\":\"https:\\\/\\\/www.bellunopress.it\\\/2020\\\/12\\\/12\\\/ripresa-della-scuola-e-trasporto-scolastico-de-carlo-governo-dia-certezza-di-risorse-e-coperture-altrimenti-i-piani-sono-inattuabili\\\/\"},\"author\":{\"name\":\"redazione\",\"@id\":\"https:\\\/\\\/www.bellunopress.it\\\/#\\\/schema\\\/person\\\/79bb06722b37ece1c03d3e94beb30d73\"},\"headline\":\"Ripresa della scuola e trasporto scolastico. De Carlo: &#8220;Governo dia certezza di risorse e coperture, altrimenti i piani sono inattuabili&#8221;\",\"datePublished\":\"2020-12-12T15:41:26+00:00\",\"mainEntityOfPage\":{\"@id\":\"https:\\\/\\\/www.bellunopress.it\\\/2020\\\/12\\\/12\\\/ripresa-della-scuola-e-trasporto-scolastico-de-carlo-governo-dia-certezza-di-risorse-e-coperture-altrimenti-i-piani-sono-inattuabili\\\/\"},\"wordCount\":447,\"publisher\":{\"@id\":\"https:\\\/\\\/www.bellunopress.it\\\/#organization\"},\"image\":{\"@id\":\"https:\\\/\\\/www.bellunopress.it\\\/2020\\\/12\\\/12\\\/ripresa-della-scuola-e-trasporto-scolastico-de-carlo-governo-dia-certezza-di-risorse-e-coperture-altrimenti-i-piani-sono-inattuabili\\\/#primaryimage\"},\"thumbnailUrl\":\"https:\\\/\\\/www.bellunopress.it\\\/wp-content\\\/uploads\\\/2020\\\/09\\\/Luca-De-Carlo_edited.jpg\",\"articleSection\":[\"Cronaca\\\/Politica\",\"Prima Pagina\",\"Scuola\"],\"inLanguage\":\"fr-FR\"},{\"@type\":\"WebPage\",\"@id\":\"https:\\\/\\\/www.bellunopress.it\\\/2020\\\/12\\\/12\\\/ripresa-della-scuola-e-trasporto-scolastico-de-carlo-governo-dia-certezza-di-risorse-e-coperture-altrimenti-i-piani-sono-inattuabili\\\/\",\"url\":\"https:\\\/\\\/www.bellunopress.it\\\/2020\\\/12\\\/12\\\/ripresa-della-scuola-e-trasporto-scolastico-de-carlo-governo-dia-certezza-di-risorse-e-coperture-altrimenti-i-piani-sono-inattuabili\\\/\",\"name\":\"Ripresa della scuola e trasporto scolastico. De Carlo: \\\"Governo dia certezza di risorse e coperture, altrimenti i piani sono inattuabili\\\" - Bellunopress - Dolomiti\",\"isPartOf\":{\"@id\":\"https:\\\/\\\/www.bellunopress.it\\\/#website\"},\"primaryImageOfPage\":{\"@id\":\"https:\\\/\\\/www.bellunopress.it\\\/2020\\\/12\\\/12\\\/ripresa-della-scuola-e-trasporto-scolastico-de-carlo-governo-dia-certezza-di-risorse-e-coperture-altrimenti-i-piani-sono-inattuabili\\\/#primaryimage\"},\"image\":{\"@id\":\"https:\\\/\\\/www.bellunopress.it\\\/2020\\\/12\\\/12\\\/ripresa-della-scuola-e-trasporto-scolastico-de-carlo-governo-dia-certezza-di-risorse-e-coperture-altrimenti-i-piani-sono-inattuabili\\\/#primaryimage\"},\"thumbnailUrl\":\"https:\\\/\\\/www.bellunopress.it\\\/wp-content\\\/uploads\\\/2020\\\/09\\\/Luca-De-Carlo_edited.jpg\",\"datePublished\":\"2020-12-12T15:41:26+00:00\",\"breadcrumb\":{\"@id\":\"https:\\\/\\\/www.bellunopress.it\\\/2020\\\/12\\\/12\\\/ripresa-della-scuola-e-trasporto-scolastico-de-carlo-governo-dia-certezza-di-risorse-e-coperture-altrimenti-i-piani-sono-inattuabili\\\/#breadcrumb\"},\"inLanguage\":\"fr-FR\",\"potentialAction\":[{\"@type\":\"ReadAction\",\"target\":[\"https:\\\/\\\/www.bellunopress.it\\\/2020\\\/12\\\/12\\\/ripresa-della-scuola-e-trasporto-scolastico-de-carlo-governo-dia-certezza-di-risorse-e-coperture-altrimenti-i-piani-sono-inattuabili\\\/\"]}]},{\"@type\":\"ImageObject\",\"inLanguage\":\"fr-FR\",\"@id\":\"https:\\\/\\\/www.bellunopress.it\\\/2020\\\/12\\\/12\\\/ripresa-della-scuola-e-trasporto-scolastico-de-carlo-governo-dia-certezza-di-risorse-e-coperture-altrimenti-i-piani-sono-inattuabili\\\/#primaryimage\",\"url\":\"https:\\\/\\\/www.bellunopress.it\\\/wp-content\\\/uploads\\\/2020\\\/09\\\/Luca-De-Carlo_edited.jpg\",\"contentUrl\":\"https:\\\/\\\/www.bellunopress.it\\\/wp-content\\\/uploads\\\/2020\\\/09\\\/Luca-De-Carlo_edited.jpg\",\"width\":800,\"height\":660},{\"@type\":\"BreadcrumbList\",\"@id\":\"https:\\\/\\\/www.bellunopress.it\\\/2020\\\/12\\\/12\\\/ripresa-della-scuola-e-trasporto-scolastico-de-carlo-governo-dia-certezza-di-risorse-e-coperture-altrimenti-i-piani-sono-inattuabili\\\/#breadcrumb\",\"itemListElement\":[{\"@type\":\"ListItem\",\"position\":1,\"name\":\"Home\",\"item\":\"https:\\\/\\\/www.bellunopress.it\\\/\"},{\"@type\":\"ListItem\",\"position\":2,\"name\":\"Ripresa della scuola e trasporto scolastico. De Carlo: &#8220;Governo dia certezza di risorse e coperture, altrimenti i piani sono inattuabili&#8221;\"}]},{\"@type\":\"WebSite\",\"@id\":\"https:\\\/\\\/www.bellunopress.it\\\/#website\",\"url\":\"https:\\\/\\\/www.bellunopress.it\\\/\",\"name\":\"Bellunopress - Dolomiti\",\"description\":\"e-mail: redazione@bellunopress.it\",\"publisher\":{\"@id\":\"https:\\\/\\\/www.bellunopress.it\\\/#organization\"},\"potentialAction\":[{\"@type\":\"SearchAction\",\"target\":{\"@type\":\"EntryPoint\",\"urlTemplate\":\"https:\\\/\\\/www.bellunopress.it\\\/?s={search_term_string}\"},\"query-input\":{\"@type\":\"PropertyValueSpecification\",\"valueRequired\":true,\"valueName\":\"search_term_string\"}}],\"inLanguage\":\"fr-FR\"},{\"@type\":\"Organization\",\"@id\":\"https:\\\/\\\/www.bellunopress.it\\\/#organization\",\"name\":\"Bellunopress\",\"url\":\"https:\\\/\\\/www.bellunopress.it\\\/\",\"logo\":{\"@type\":\"ImageObject\",\"inLanguage\":\"fr-FR\",\"@id\":\"https:\\\/\\\/www.bellunopress.it\\\/#\\\/schema\\\/logo\\\/image\\\/\",\"url\":\"https:\\\/\\\/www.bellunopress.it\\\/wp-content\\\/uploads\\\/2011\\\/05\\\/cropped-logo-bellunopress-.jpg\",\"contentUrl\":\"https:\\\/\\\/www.bellunopress.it\\\/wp-content\\\/uploads\\\/2011\\\/05\\\/cropped-logo-bellunopress-.jpg\",\"width\":512,\"height\":512,\"caption\":\"Bellunopress\"},\"image\":{\"@id\":\"https:\\\/\\\/www.bellunopress.it\\\/#\\\/schema\\\/logo\\\/image\\\/\"},\"sameAs\":[\"https:\\\/\\\/www.facebook.com\\\/profile.php?id=100008943462799\",\"https:\\\/\\\/x.com\\\/bellunopress\",\"https:\\\/\\\/www.linkedin.com\\\/hp\\\/?dnr=JBzUWaJfMUw8vbXJJ2tVW5-I3jZKvC4wsoxE&amp;amp;amp;amp;amp;amp;trk=nav_responsive_tab_home\",\"https:\\\/\\\/www.youtube.com\\\/channel\\\/UCxL0wu1uN0_3_7hGG0306cw\"]},{\"@type\":\"Person\",\"@id\":\"https:\\\/\\\/www.bellunopress.it\\\/#\\\/schema\\\/person\\\/79bb06722b37ece1c03d3e94beb30d73\",\"name\":\"redazione\",\"image\":{\"@type\":\"ImageObject\",\"inLanguage\":\"fr-FR\",\"@id\":\"https:\\\/\\\/secure.gravatar.com\\\/avatar\\\/37d968a2e67a6fd04c169c4bdef102d0bc5d31b2546345219e348575eb80e9a0?s=96&d=mm&r=g\",\"url\":\"https:\\\/\\\/secure.gravatar.com\\\/avatar\\\/37d968a2e67a6fd04c169c4bdef102d0bc5d31b2546345219e348575eb80e9a0?s=96&d=mm&r=g\",\"contentUrl\":\"https:\\\/\\\/secure.gravatar.com\\\/avatar\\\/37d968a2e67a6fd04c169c4bdef102d0bc5d31b2546345219e348575eb80e9a0?s=96&d=mm&r=g\",\"caption\":\"redazione\"},\"sameAs\":[\"http:\\\/\\\/www.bellunopress.it\",\"https:\\\/\\\/x.com\\\/bellunopress\"],\"url\":\"https:\\\/\\\/www.bellunopress.it\\\/fr\\\/author\\\/redazione\\\/\"}]}<\/script>\n<!-- \/ Yoast SEO plugin. -->","yoast_head_json":{"title":"Ripresa della scuola e trasporto scolastico. De Carlo: \"Governo dia certezza di risorse e coperture, altrimenti i piani sono inattuabili\" - Bellunopress - Dolomiti","robots":{"index":"index","follow":"follow","max-snippet":"max-snippet:-1","max-image-preview":"max-image-preview:large","max-video-preview":"max-video-preview:-1"},"canonical":"https:\/\/www.bellunopress.it\/fr\/2020\/12\/12\/ripresa-della-scuola-e-trasporto-scolastico-de-carlo-governo-dia-certezza-di-risorse-e-coperture-altrimenti-i-piani-sono-inattuabili\/","og_locale":"fr_FR","og_type":"article","og_title":"Ripresa della scuola e trasporto scolastico. De Carlo: \"Governo dia certezza di risorse e coperture, altrimenti i piani sono inattuabili\" - Bellunopress - Dolomiti","og_description":"&#8220;Come possono Regioni e aziende di trasporto garantire i nuovi piani per il trasporto scolastico se devono agire a saldo invariato? Il Governo faccia chiarezza e assicuri risorse e coperture, altrimenti a gennaio meno della met\u00e0 degli studenti potr\u00e0 tornare in classe&#8221;. A meno di un mese dall&#8217;annunciato ritorno in classe &#8211; seppur contingentato &#8211; [&hellip;]","og_url":"https:\/\/www.bellunopress.it\/fr\/2020\/12\/12\/ripresa-della-scuola-e-trasporto-scolastico-de-carlo-governo-dia-certezza-di-risorse-e-coperture-altrimenti-i-piani-sono-inattuabili\/","og_site_name":"Bellunopress - Dolomiti","article_publisher":"https:\/\/www.facebook.com\/profile.php?id=100008943462799","article_published_time":"2020-12-12T15:41:26+00:00","og_image":[{"width":800,"height":660,"url":"https:\/\/www.bellunopress.it\/wp-content\/uploads\/2020\/09\/Luca-De-Carlo_edited.jpg","type":"image\/jpeg"}],"author":"redazione","twitter_card":"summary_large_image","twitter_creator":"@bellunopress","twitter_site":"@bellunopress","twitter_misc":{"\u00c9crit par":"redazione","Dur\u00e9e de lecture estim\u00e9e":"2 minutes"},"schema":{"@context":"https:\/\/schema.org","@graph":[{"@type":"Article","@id":"https:\/\/www.bellunopress.it\/2020\/12\/12\/ripresa-della-scuola-e-trasporto-scolastico-de-carlo-governo-dia-certezza-di-risorse-e-coperture-altrimenti-i-piani-sono-inattuabili\/#article","isPartOf":{"@id":"https:\/\/www.bellunopress.it\/2020\/12\/12\/ripresa-della-scuola-e-trasporto-scolastico-de-carlo-governo-dia-certezza-di-risorse-e-coperture-altrimenti-i-piani-sono-inattuabili\/"},"author":{"name":"redazione","@id":"https:\/\/www.bellunopress.it\/#\/schema\/person\/79bb06722b37ece1c03d3e94beb30d73"},"headline":"Ripresa della scuola e trasporto scolastico. De Carlo: &#8220;Governo dia certezza di risorse e coperture, altrimenti i piani sono inattuabili&#8221;","datePublished":"2020-12-12T15:41:26+00:00","mainEntityOfPage":{"@id":"https:\/\/www.bellunopress.it\/2020\/12\/12\/ripresa-della-scuola-e-trasporto-scolastico-de-carlo-governo-dia-certezza-di-risorse-e-coperture-altrimenti-i-piani-sono-inattuabili\/"},"wordCount":447,"publisher":{"@id":"https:\/\/www.bellunopress.it\/#organization"},"image":{"@id":"https:\/\/www.bellunopress.it\/2020\/12\/12\/ripresa-della-scuola-e-trasporto-scolastico-de-carlo-governo-dia-certezza-di-risorse-e-coperture-altrimenti-i-piani-sono-inattuabili\/#primaryimage"},"thumbnailUrl":"https:\/\/www.bellunopress.it\/wp-content\/uploads\/2020\/09\/Luca-De-Carlo_edited.jpg","articleSection":["Cronaca\/Politica","Prima Pagina","Scuola"],"inLanguage":"fr-FR"},{"@type":"WebPage","@id":"https:\/\/www.bellunopress.it\/2020\/12\/12\/ripresa-della-scuola-e-trasporto-scolastico-de-carlo-governo-dia-certezza-di-risorse-e-coperture-altrimenti-i-piani-sono-inattuabili\/","url":"https:\/\/www.bellunopress.it\/2020\/12\/12\/ripresa-della-scuola-e-trasporto-scolastico-de-carlo-governo-dia-certezza-di-risorse-e-coperture-altrimenti-i-piani-sono-inattuabili\/","name":"Ripresa della scuola e trasporto scolastico. De Carlo: \"Governo dia certezza di risorse e coperture, altrimenti i piani sono inattuabili\" - Bellunopress - Dolomiti","isPartOf":{"@id":"https:\/\/www.bellunopress.it\/#website"},"primaryImageOfPage":{"@id":"https:\/\/www.bellunopress.it\/2020\/12\/12\/ripresa-della-scuola-e-trasporto-scolastico-de-carlo-governo-dia-certezza-di-risorse-e-coperture-altrimenti-i-piani-sono-inattuabili\/#primaryimage"},"image":{"@id":"https:\/\/www.bellunopress.it\/2020\/12\/12\/ripresa-della-scuola-e-trasporto-scolastico-de-carlo-governo-dia-certezza-di-risorse-e-coperture-altrimenti-i-piani-sono-inattuabili\/#primaryimage"},"thumbnailUrl":"https:\/\/www.bellunopress.it\/wp-content\/uploads\/2020\/09\/Luca-De-Carlo_edited.jpg","datePublished":"2020-12-12T15:41:26+00:00","breadcrumb":{"@id":"https:\/\/www.bellunopress.it\/2020\/12\/12\/ripresa-della-scuola-e-trasporto-scolastico-de-carlo-governo-dia-certezza-di-risorse-e-coperture-altrimenti-i-piani-sono-inattuabili\/#breadcrumb"},"inLanguage":"fr-FR","potentialAction":[{"@type":"ReadAction","target":["https:\/\/www.bellunopress.it\/2020\/12\/12\/ripresa-della-scuola-e-trasporto-scolastico-de-carlo-governo-dia-certezza-di-risorse-e-coperture-altrimenti-i-piani-sono-inattuabili\/"]}]},{"@type":"ImageObject","inLanguage":"fr-FR","@id":"https:\/\/www.bellunopress.it\/2020\/12\/12\/ripresa-della-scuola-e-trasporto-scolastico-de-carlo-governo-dia-certezza-di-risorse-e-coperture-altrimenti-i-piani-sono-inattuabili\/#primaryimage","url":"https:\/\/www.bellunopress.it\/wp-content\/uploads\/2020\/09\/Luca-De-Carlo_edited.jpg","contentUrl":"https:\/\/www.bellunopress.it\/wp-content\/uploads\/2020\/09\/Luca-De-Carlo_edited.jpg","width":800,"height":660},{"@type":"BreadcrumbList","@id":"https:\/\/www.bellunopress.it\/2020\/12\/12\/ripresa-della-scuola-e-trasporto-scolastico-de-carlo-governo-dia-certezza-di-risorse-e-coperture-altrimenti-i-piani-sono-inattuabili\/#breadcrumb","itemListElement":[{"@type":"ListItem","position":1,"name":"Home","item":"https:\/\/www.bellunopress.it\/"},{"@type":"ListItem","position":2,"name":"Ripresa della scuola e trasporto scolastico. De Carlo: &#8220;Governo dia certezza di risorse e coperture, altrimenti i piani sono inattuabili&#8221;"}]},{"@type":"WebSite","@id":"https:\/\/www.bellunopress.it\/#website","url":"https:\/\/www.bellunopress.it\/","name":"Bellunopress - Dolomiti","description":"e-mail: redazione@bellunopress.it","publisher":{"@id":"https:\/\/www.bellunopress.it\/#organization"},"potentialAction":[{"@type":"SearchAction","target":{"@type":"EntryPoint","urlTemplate":"https:\/\/www.bellunopress.it\/?s={search_term_string}"},"query-input":{"@type":"PropertyValueSpecification","valueRequired":true,"valueName":"search_term_string"}}],"inLanguage":"fr-FR"},{"@type":"Organization","@id":"https:\/\/www.bellunopress.it\/#organization","name":"Bellunopress","url":"https:\/\/www.bellunopress.it\/","logo":{"@type":"ImageObject","inLanguage":"fr-FR","@id":"https:\/\/www.bellunopress.it\/#\/schema\/logo\/image\/","url":"https:\/\/www.bellunopress.it\/wp-content\/uploads\/2011\/05\/cropped-logo-bellunopress-.jpg","contentUrl":"https:\/\/www.bellunopress.it\/wp-content\/uploads\/2011\/05\/cropped-logo-bellunopress-.jpg","width":512,"height":512,"caption":"Bellunopress"},"image":{"@id":"https:\/\/www.bellunopress.it\/#\/schema\/logo\/image\/"},"sameAs":["https:\/\/www.facebook.com\/profile.php?id=100008943462799","https:\/\/x.com\/bellunopress","https:\/\/www.linkedin.com\/hp\/?dnr=JBzUWaJfMUw8vbXJJ2tVW5-I3jZKvC4wsoxE&amp;amp;amp;amp;amp;amp;trk=nav_responsive_tab_home","https:\/\/www.youtube.com\/channel\/UCxL0wu1uN0_3_7hGG0306cw"]},{"@type":"Person","@id":"https:\/\/www.bellunopress.it\/#\/schema\/person\/79bb06722b37ece1c03d3e94beb30d73","name":"r\u00e9daction","image":{"@type":"ImageObject","inLanguage":"fr-FR","@id":"https:\/\/secure.gravatar.com\/avatar\/37d968a2e67a6fd04c169c4bdef102d0bc5d31b2546345219e348575eb80e9a0?s=96&d=mm&r=g","url":"https:\/\/secure.gravatar.com\/avatar\/37d968a2e67a6fd04c169c4bdef102d0bc5d31b2546345219e348575eb80e9a0?s=96&d=mm&r=g","contentUrl":"https:\/\/secure.gravatar.com\/avatar\/37d968a2e67a6fd04c169c4bdef102d0bc5d31b2546345219e348575eb80e9a0?s=96&d=mm&r=g","caption":"redazione"},"sameAs":["http:\/\/www.bellunopress.it","https:\/\/x.com\/bellunopress"],"url":"https:\/\/www.bellunopress.it\/fr\/author\/redazione\/"}]}},"_links":{"self":[{"href":"https:\/\/www.bellunopress.it\/fr\/wp-json\/wp\/v2\/posts\/120080","targetHints":{"allow":["GET"]}}],"collection":[{"href":"https:\/\/www.bellunopress.it\/fr\/wp-json\/wp\/v2\/posts"}],"about":[{"href":"https:\/\/www.bellunopress.it\/fr\/wp-json\/wp\/v2\/types\/post"}],"author":[{"embeddable":true,"href":"https:\/\/www.bellunopress.it\/fr\/wp-json\/wp\/v2\/users\/2"}],"replies":[{"embeddable":true,"href":"https:\/\/www.bellunopress.it\/fr\/wp-json\/wp\/v2\/comments?post=120080"}],"version-history":[{"count":1,"href":"https:\/\/www.bellunopress.it\/fr\/wp-json\/wp\/v2\/posts\/120080\/revisions"}],"predecessor-version":[{"id":120081,"href":"https:\/\/www.bellunopress.it\/fr\/wp-json\/wp\/v2\/posts\/120080\/revisions\/120081"}],"wp:featuredmedia":[{"embeddable":true,"href":"https:\/\/www.bellunopress.it\/fr\/wp-json\/wp\/v2\/media\/117776"}],"wp:attachment":[{"href":"https:\/\/www.bellunopress.it\/fr\/wp-json\/wp\/v2\/media?parent=120080"}],"wp:term":[{"taxonomy":"category","embeddable":true,"href":"https:\/\/www.bellunopress.it\/fr\/wp-json\/wp\/v2\/categories?post=120080"},{"taxonomy":"post_tag","embeddable":true,"href":"https:\/\/www.bellunopress.it\/fr\/wp-json\/wp\/v2\/tags?post=120080"}],"curies":[{"name":"wp","href":"https:\/\/api.w.org\/{rel}","templated":true}]}}