{"id":120072,"date":"2020-12-11T22:49:04","date_gmt":"2020-12-11T21:49:04","guid":{"rendered":"http:\/\/www.bellunopress.it\/?p=120072"},"modified":"2020-12-12T13:56:10","modified_gmt":"2020-12-12T12:56:10","slug":"gestione-del-gas-il-tar-conferma-laggiudicazione-della-gara-a-italgas-respinti-i-ricorsi-dei-comuni-bellunesi","status":"publish","type":"post","link":"https:\/\/www.bellunopress.it\/fr\/2020\/12\/11\/gestione-del-gas-il-tar-conferma-laggiudicazione-della-gara-a-italgas-respinti-i-ricorsi-dei-comuni-bellunesi\/","title":{"rendered":"Gestione del gas. Il Tar conferma l\u2019aggiudicazione della gara a Italgas. Respinti i ricorsi dei Comuni bellunesi"},"content":{"rendered":"<p><a href=\"http:\/\/www.bellunopress.it\/fr\/2016\/08\/11\/bollo-auto-ultraventennali-la-corte-costituzionale-bacchetta-le-regioni-la-tassa-va-pagata\/sentenza-giustizia\/\" rel=\"attachment wp-att-79908\"><img loading=\"lazy\" decoding=\"async\" class=\"alignleft size-full wp-image-79908\" src=\"http:\/\/www.bellunopress.it\/wp-content\/uploads\/2016\/08\/sentenza-giustizia.jpg\" alt=\"\" width=\"190\" height=\"167\" \/><\/a>E\u2019 di questi giorni la notizia della pronuncia del Tar (Tribunale amministrativo regionale) del Veneto, che ha dichiarato inammissibile il ricorso presentato da 42 Comuni bellunesi (capofila Feltre) contro il Comune di Belluno e Italgas, vincitore della gara per la distribuzione del gas nella provincia di Belluno. Secondo i giudici amministrativi, i sindaci hanno presentato il ricorso troppo tardi, oltre ad aver impugnato l\u2019aggiudicazione anzich\u00e9 il bando di gara. I 42 sindaci firmatari del ricorso, infatti, secondo i giudici del Tar del Veneto, non avrebbero nemmeno avuto titolo per presentare il ricorso, per mancanza dei presupposti giuridici per un ricorso collettivo. Era Bim Belluno Infrastrutture, proprietario delle reti e soggetto interessato al loro valore, che eventualmente aveva titolo per opporsi e presentare quel ricorso. La questione proposta al Tar era infatti incentrata sul vir, il valore delle reti, gi\u00e0 affrontata nel bando di gara, che peraltro era stato approvato dal gestore uscente Bim Belluno Infrastrutture e dai Comuni. E non poteva nemmeno essere invocata la revoca della delega di stazione appaltante al Comune di Belluno, secondo i giudici, dal momento che la legge prevede sia il Comune capoluogo, in una provincia, a svolgere il ruolo di stazione appaltante.<br \/>\nVa sottolineata, per ultimo, la posizione singolare di Bim Belluno Infrastrutture spa, la societ\u00e0 che ancora gestisce la rete di distribuzione in 32 Comuni bellunesi in forza del conferimento del ramo di azienda di distribuzione del gas naturale ricevuto dalla &#8220;societ\u00e0 madre&#8221; Bim GSP (Gestione Servizi Pubblici) spa in data 19 dicembre 2013. Entrambe le societ\u00e0 pubbliche sono partecipate al 100% da 65 Comuni bellunesi sui 69 dell\u2019intera provincia di Belluno (esclusi Arsi\u00e8 e Lamon). Bim GSP, inoltre, detiene l\u201911% di quote azionarie di Ascotrade spa, la societ\u00e0 di vendita del gas metano che si \u00e8 classificata seconda dopo Italgas alla gara d\u2019appalto alla quale Bim Belluno Infrastrutture non ha nemmeno partecipato, salvo poi adire le vie legali attraverso i sindaci.<\/p>\n<p>Italgas, dunque, ora \u00e8 vicinissima dal diventare il nuovo gestore della rete del gas nel Bellunese. Se superer\u00e0, come probabilmente accadr\u00e0, un altro ricorso ancora pendente della seconda classificata Ascopiave di Pieve di Soligo. E sempre che i 42 sindaci, che hanno gi\u00e0 perso la causa al Tar Veneto, decideranno di non ricorrere al Consiglio di Stato.<br \/>\n(rdn)<\/p>\n<p><a href=\"https:\/\/www.bellunopress.it\/fr\/2020\/02\/05\/gestione-distribuzione-gas-facciamo-il-punto-italgas-vincitrice-del-bando-e-in-attesa-dellesito-del-ricorso-al-tar-del-veneto-interrogazione-del-consigliere-massimo-de-pellegrin\/\">Qui la precedente puntata della vicenda<\/a><\/p>","protected":false},"excerpt":{"rendered":"<p>E\u2019 di questi giorni la notizia della pronuncia del Tar (Tribunale amministrativo regionale) del Veneto, che ha dichiarato inammissibile il ricorso presentato da 42 Comuni bellunesi (capofila Feltre) contro il Comune di Belluno e Italgas, vincitore della gara per la distribuzione del gas nella provincia di Belluno. Secondo i giudici amministrativi, i sindaci hanno presentato [&hellip;]<\/p>\n","protected":false},"author":2,"featured_media":79908,"comment_status":"closed","ping_status":"open","sticky":false,"template":"","format":"standard","meta":{"footnotes":""},"categories":[5,3446,26],"tags":[],"class_list":["post-120072","post","type-post","status-publish","format-standard","has-post-thumbnail","category-cronaca","category-featured","category-prima-pagina"],"yoast_head":"<!-- This site is optimized with the Yoast SEO plugin v28.4 - https:\/\/yoast.com\/product\/yoast-seo-wordpress\/ -->\n<title>Gestione del gas. Il Tar conferma l\u2019aggiudicazione della gara a Italgas. Respinti i ricorsi dei Comuni bellunesi - Bellunopress - Dolomiti<\/title>\n<meta name=\"robots\" content=\"index, follow, max-snippet:-1, max-image-preview:large, max-video-preview:-1\" \/>\n<link rel=\"canonical\" href=\"https:\/\/www.bellunopress.it\/fr\/2020\/12\/11\/gestione-del-gas-il-tar-conferma-laggiudicazione-della-gara-a-italgas-respinti-i-ricorsi-dei-comuni-bellunesi\/\" \/>\n<meta property=\"og:locale\" content=\"fr_FR\" \/>\n<meta property=\"og:type\" content=\"article\" \/>\n<meta property=\"og:title\" content=\"Gestione del gas. Il Tar conferma l\u2019aggiudicazione della gara a Italgas. Respinti i ricorsi dei Comuni bellunesi - Bellunopress - Dolomiti\" \/>\n<meta property=\"og:description\" content=\"E\u2019 di questi giorni la notizia della pronuncia del Tar (Tribunale amministrativo regionale) del Veneto, che ha dichiarato inammissibile il ricorso presentato da 42 Comuni bellunesi (capofila Feltre) contro il Comune di Belluno e Italgas, vincitore della gara per la distribuzione del gas nella provincia di Belluno. Secondo i giudici amministrativi, i sindaci hanno presentato [&hellip;]\" \/>\n<meta property=\"og:url\" content=\"https:\/\/www.bellunopress.it\/fr\/2020\/12\/11\/gestione-del-gas-il-tar-conferma-laggiudicazione-della-gara-a-italgas-respinti-i-ricorsi-dei-comuni-bellunesi\/\" \/>\n<meta property=\"og:site_name\" content=\"Bellunopress - Dolomiti\" \/>\n<meta property=\"article:publisher\" content=\"https:\/\/www.facebook.com\/profile.php?id=100008943462799\" \/>\n<meta property=\"article:published_time\" content=\"2020-12-11T21:49:04+00:00\" \/>\n<meta property=\"article:modified_time\" content=\"2020-12-12T12:56:10+00:00\" \/>\n<meta property=\"og:image\" content=\"https:\/\/www.bellunopress.it\/wp-content\/uploads\/2016\/08\/sentenza-giustizia.jpg\" \/>\n\t<meta property=\"og:image:width\" content=\"190\" \/>\n\t<meta property=\"og:image:height\" content=\"167\" \/>\n\t<meta property=\"og:image:type\" content=\"image\/jpeg\" \/>\n<meta name=\"author\" content=\"redazione\" \/>\n<meta name=\"twitter:card\" content=\"summary_large_image\" \/>\n<meta name=\"twitter:creator\" content=\"@bellunopress\" \/>\n<meta name=\"twitter:site\" content=\"@bellunopress\" \/>\n<meta name=\"twitter:label1\" content=\"\u00c9crit par\" \/>\n\t<meta name=\"twitter:data1\" content=\"redazione\" \/>\n\t<meta name=\"twitter:label2\" content=\"Dur\u00e9e de lecture estim\u00e9e\" \/>\n\t<meta name=\"twitter:data2\" content=\"2 minutes\" \/>\n<script type=\"application\/ld+json\" class=\"yoast-schema-graph\">{\"@context\":\"https:\\\/\\\/schema.org\",\"@graph\":[{\"@type\":\"Article\",\"@id\":\"https:\\\/\\\/www.bellunopress.it\\\/2020\\\/12\\\/11\\\/gestione-del-gas-il-tar-conferma-laggiudicazione-della-gara-a-italgas-respinti-i-ricorsi-dei-comuni-bellunesi\\\/#article\",\"isPartOf\":{\"@id\":\"https:\\\/\\\/www.bellunopress.it\\\/2020\\\/12\\\/11\\\/gestione-del-gas-il-tar-conferma-laggiudicazione-della-gara-a-italgas-respinti-i-ricorsi-dei-comuni-bellunesi\\\/\"},\"author\":{\"name\":\"redazione\",\"@id\":\"https:\\\/\\\/www.bellunopress.it\\\/#\\\/schema\\\/person\\\/79bb06722b37ece1c03d3e94beb30d73\"},\"headline\":\"Gestione del gas. Il Tar conferma l\u2019aggiudicazione della gara a Italgas. Respinti i ricorsi dei Comuni bellunesi\",\"datePublished\":\"2020-12-11T21:49:04+00:00\",\"dateModified\":\"2020-12-12T12:56:10+00:00\",\"mainEntityOfPage\":{\"@id\":\"https:\\\/\\\/www.bellunopress.it\\\/2020\\\/12\\\/11\\\/gestione-del-gas-il-tar-conferma-laggiudicazione-della-gara-a-italgas-respinti-i-ricorsi-dei-comuni-bellunesi\\\/\"},\"wordCount\":393,\"publisher\":{\"@id\":\"https:\\\/\\\/www.bellunopress.it\\\/#organization\"},\"image\":{\"@id\":\"https:\\\/\\\/www.bellunopress.it\\\/2020\\\/12\\\/11\\\/gestione-del-gas-il-tar-conferma-laggiudicazione-della-gara-a-italgas-respinti-i-ricorsi-dei-comuni-bellunesi\\\/#primaryimage\"},\"thumbnailUrl\":\"https:\\\/\\\/www.bellunopress.it\\\/wp-content\\\/uploads\\\/2016\\\/08\\\/sentenza-giustizia.jpg\",\"articleSection\":[\"Cronaca\\\/Politica\",\"Featured\",\"Prima Pagina\"],\"inLanguage\":\"fr-FR\"},{\"@type\":\"WebPage\",\"@id\":\"https:\\\/\\\/www.bellunopress.it\\\/2020\\\/12\\\/11\\\/gestione-del-gas-il-tar-conferma-laggiudicazione-della-gara-a-italgas-respinti-i-ricorsi-dei-comuni-bellunesi\\\/\",\"url\":\"https:\\\/\\\/www.bellunopress.it\\\/2020\\\/12\\\/11\\\/gestione-del-gas-il-tar-conferma-laggiudicazione-della-gara-a-italgas-respinti-i-ricorsi-dei-comuni-bellunesi\\\/\",\"name\":\"Gestione del gas. Il Tar conferma l\u2019aggiudicazione della gara a Italgas. Respinti i ricorsi dei Comuni bellunesi - Bellunopress - Dolomiti\",\"isPartOf\":{\"@id\":\"https:\\\/\\\/www.bellunopress.it\\\/#website\"},\"primaryImageOfPage\":{\"@id\":\"https:\\\/\\\/www.bellunopress.it\\\/2020\\\/12\\\/11\\\/gestione-del-gas-il-tar-conferma-laggiudicazione-della-gara-a-italgas-respinti-i-ricorsi-dei-comuni-bellunesi\\\/#primaryimage\"},\"image\":{\"@id\":\"https:\\\/\\\/www.bellunopress.it\\\/2020\\\/12\\\/11\\\/gestione-del-gas-il-tar-conferma-laggiudicazione-della-gara-a-italgas-respinti-i-ricorsi-dei-comuni-bellunesi\\\/#primaryimage\"},\"thumbnailUrl\":\"https:\\\/\\\/www.bellunopress.it\\\/wp-content\\\/uploads\\\/2016\\\/08\\\/sentenza-giustizia.jpg\",\"datePublished\":\"2020-12-11T21:49:04+00:00\",\"dateModified\":\"2020-12-12T12:56:10+00:00\",\"breadcrumb\":{\"@id\":\"https:\\\/\\\/www.bellunopress.it\\\/2020\\\/12\\\/11\\\/gestione-del-gas-il-tar-conferma-laggiudicazione-della-gara-a-italgas-respinti-i-ricorsi-dei-comuni-bellunesi\\\/#breadcrumb\"},\"inLanguage\":\"fr-FR\",\"potentialAction\":[{\"@type\":\"ReadAction\",\"target\":[\"https:\\\/\\\/www.bellunopress.it\\\/2020\\\/12\\\/11\\\/gestione-del-gas-il-tar-conferma-laggiudicazione-della-gara-a-italgas-respinti-i-ricorsi-dei-comuni-bellunesi\\\/\"]}]},{\"@type\":\"ImageObject\",\"inLanguage\":\"fr-FR\",\"@id\":\"https:\\\/\\\/www.bellunopress.it\\\/2020\\\/12\\\/11\\\/gestione-del-gas-il-tar-conferma-laggiudicazione-della-gara-a-italgas-respinti-i-ricorsi-dei-comuni-bellunesi\\\/#primaryimage\",\"url\":\"https:\\\/\\\/www.bellunopress.it\\\/wp-content\\\/uploads\\\/2016\\\/08\\\/sentenza-giustizia.jpg\",\"contentUrl\":\"https:\\\/\\\/www.bellunopress.it\\\/wp-content\\\/uploads\\\/2016\\\/08\\\/sentenza-giustizia.jpg\",\"width\":190,\"height\":167},{\"@type\":\"BreadcrumbList\",\"@id\":\"https:\\\/\\\/www.bellunopress.it\\\/2020\\\/12\\\/11\\\/gestione-del-gas-il-tar-conferma-laggiudicazione-della-gara-a-italgas-respinti-i-ricorsi-dei-comuni-bellunesi\\\/#breadcrumb\",\"itemListElement\":[{\"@type\":\"ListItem\",\"position\":1,\"name\":\"Home\",\"item\":\"https:\\\/\\\/www.bellunopress.it\\\/\"},{\"@type\":\"ListItem\",\"position\":2,\"name\":\"Gestione del gas. Il Tar conferma l\u2019aggiudicazione della gara a Italgas. Respinti i ricorsi dei Comuni bellunesi\"}]},{\"@type\":\"WebSite\",\"@id\":\"https:\\\/\\\/www.bellunopress.it\\\/#website\",\"url\":\"https:\\\/\\\/www.bellunopress.it\\\/\",\"name\":\"Bellunopress - Dolomiti\",\"description\":\"e-mail: redazione@bellunopress.it\",\"publisher\":{\"@id\":\"https:\\\/\\\/www.bellunopress.it\\\/#organization\"},\"potentialAction\":[{\"@type\":\"SearchAction\",\"target\":{\"@type\":\"EntryPoint\",\"urlTemplate\":\"https:\\\/\\\/www.bellunopress.it\\\/?s={search_term_string}\"},\"query-input\":{\"@type\":\"PropertyValueSpecification\",\"valueRequired\":true,\"valueName\":\"search_term_string\"}}],\"inLanguage\":\"fr-FR\"},{\"@type\":\"Organization\",\"@id\":\"https:\\\/\\\/www.bellunopress.it\\\/#organization\",\"name\":\"Bellunopress\",\"url\":\"https:\\\/\\\/www.bellunopress.it\\\/\",\"logo\":{\"@type\":\"ImageObject\",\"inLanguage\":\"fr-FR\",\"@id\":\"https:\\\/\\\/www.bellunopress.it\\\/#\\\/schema\\\/logo\\\/image\\\/\",\"url\":\"https:\\\/\\\/www.bellunopress.it\\\/wp-content\\\/uploads\\\/2011\\\/05\\\/cropped-logo-bellunopress-.jpg\",\"contentUrl\":\"https:\\\/\\\/www.bellunopress.it\\\/wp-content\\\/uploads\\\/2011\\\/05\\\/cropped-logo-bellunopress-.jpg\",\"width\":512,\"height\":512,\"caption\":\"Bellunopress\"},\"image\":{\"@id\":\"https:\\\/\\\/www.bellunopress.it\\\/#\\\/schema\\\/logo\\\/image\\\/\"},\"sameAs\":[\"https:\\\/\\\/www.facebook.com\\\/profile.php?id=100008943462799\",\"https:\\\/\\\/x.com\\\/bellunopress\",\"https:\\\/\\\/www.linkedin.com\\\/hp\\\/?dnr=JBzUWaJfMUw8vbXJJ2tVW5-I3jZKvC4wsoxE&amp;amp;amp;amp;amp;amp;trk=nav_responsive_tab_home\",\"https:\\\/\\\/www.youtube.com\\\/channel\\\/UCxL0wu1uN0_3_7hGG0306cw\"]},{\"@type\":\"Person\",\"@id\":\"https:\\\/\\\/www.bellunopress.it\\\/#\\\/schema\\\/person\\\/79bb06722b37ece1c03d3e94beb30d73\",\"name\":\"redazione\",\"image\":{\"@type\":\"ImageObject\",\"inLanguage\":\"fr-FR\",\"@id\":\"https:\\\/\\\/secure.gravatar.com\\\/avatar\\\/37d968a2e67a6fd04c169c4bdef102d0bc5d31b2546345219e348575eb80e9a0?s=96&d=mm&r=g\",\"url\":\"https:\\\/\\\/secure.gravatar.com\\\/avatar\\\/37d968a2e67a6fd04c169c4bdef102d0bc5d31b2546345219e348575eb80e9a0?s=96&d=mm&r=g\",\"contentUrl\":\"https:\\\/\\\/secure.gravatar.com\\\/avatar\\\/37d968a2e67a6fd04c169c4bdef102d0bc5d31b2546345219e348575eb80e9a0?s=96&d=mm&r=g\",\"caption\":\"redazione\"},\"sameAs\":[\"http:\\\/\\\/www.bellunopress.it\",\"https:\\\/\\\/x.com\\\/bellunopress\"],\"url\":\"https:\\\/\\\/www.bellunopress.it\\\/fr\\\/author\\\/redazione\\\/\"}]}<\/script>\n<!-- \/ Yoast SEO plugin. -->","yoast_head_json":{"title":"Gestione del gas. Il Tar conferma l\u2019aggiudicazione della gara a Italgas. Respinti i ricorsi dei Comuni bellunesi - Bellunopress - Dolomiti","robots":{"index":"index","follow":"follow","max-snippet":"max-snippet:-1","max-image-preview":"max-image-preview:large","max-video-preview":"max-video-preview:-1"},"canonical":"https:\/\/www.bellunopress.it\/fr\/2020\/12\/11\/gestione-del-gas-il-tar-conferma-laggiudicazione-della-gara-a-italgas-respinti-i-ricorsi-dei-comuni-bellunesi\/","og_locale":"fr_FR","og_type":"article","og_title":"Gestione del gas. Il Tar conferma l\u2019aggiudicazione della gara a Italgas. Respinti i ricorsi dei Comuni bellunesi - Bellunopress - Dolomiti","og_description":"E\u2019 di questi giorni la notizia della pronuncia del Tar (Tribunale amministrativo regionale) del Veneto, che ha dichiarato inammissibile il ricorso presentato da 42 Comuni bellunesi (capofila Feltre) contro il Comune di Belluno e Italgas, vincitore della gara per la distribuzione del gas nella provincia di Belluno. Secondo i giudici amministrativi, i sindaci hanno presentato [&hellip;]","og_url":"https:\/\/www.bellunopress.it\/fr\/2020\/12\/11\/gestione-del-gas-il-tar-conferma-laggiudicazione-della-gara-a-italgas-respinti-i-ricorsi-dei-comuni-bellunesi\/","og_site_name":"Bellunopress - Dolomiti","article_publisher":"https:\/\/www.facebook.com\/profile.php?id=100008943462799","article_published_time":"2020-12-11T21:49:04+00:00","article_modified_time":"2020-12-12T12:56:10+00:00","og_image":[{"width":190,"height":167,"url":"https:\/\/www.bellunopress.it\/wp-content\/uploads\/2016\/08\/sentenza-giustizia.jpg","type":"image\/jpeg"}],"author":"redazione","twitter_card":"summary_large_image","twitter_creator":"@bellunopress","twitter_site":"@bellunopress","twitter_misc":{"\u00c9crit par":"redazione","Dur\u00e9e de lecture estim\u00e9e":"2 minutes"},"schema":{"@context":"https:\/\/schema.org","@graph":[{"@type":"Article","@id":"https:\/\/www.bellunopress.it\/2020\/12\/11\/gestione-del-gas-il-tar-conferma-laggiudicazione-della-gara-a-italgas-respinti-i-ricorsi-dei-comuni-bellunesi\/#article","isPartOf":{"@id":"https:\/\/www.bellunopress.it\/2020\/12\/11\/gestione-del-gas-il-tar-conferma-laggiudicazione-della-gara-a-italgas-respinti-i-ricorsi-dei-comuni-bellunesi\/"},"author":{"name":"redazione","@id":"https:\/\/www.bellunopress.it\/#\/schema\/person\/79bb06722b37ece1c03d3e94beb30d73"},"headline":"Gestione del gas. Il Tar conferma l\u2019aggiudicazione della gara a Italgas. Respinti i ricorsi dei Comuni bellunesi","datePublished":"2020-12-11T21:49:04+00:00","dateModified":"2020-12-12T12:56:10+00:00","mainEntityOfPage":{"@id":"https:\/\/www.bellunopress.it\/2020\/12\/11\/gestione-del-gas-il-tar-conferma-laggiudicazione-della-gara-a-italgas-respinti-i-ricorsi-dei-comuni-bellunesi\/"},"wordCount":393,"publisher":{"@id":"https:\/\/www.bellunopress.it\/#organization"},"image":{"@id":"https:\/\/www.bellunopress.it\/2020\/12\/11\/gestione-del-gas-il-tar-conferma-laggiudicazione-della-gara-a-italgas-respinti-i-ricorsi-dei-comuni-bellunesi\/#primaryimage"},"thumbnailUrl":"https:\/\/www.bellunopress.it\/wp-content\/uploads\/2016\/08\/sentenza-giustizia.jpg","articleSection":["Cronaca\/Politica","Featured","Prima Pagina"],"inLanguage":"fr-FR"},{"@type":"WebPage","@id":"https:\/\/www.bellunopress.it\/2020\/12\/11\/gestione-del-gas-il-tar-conferma-laggiudicazione-della-gara-a-italgas-respinti-i-ricorsi-dei-comuni-bellunesi\/","url":"https:\/\/www.bellunopress.it\/2020\/12\/11\/gestione-del-gas-il-tar-conferma-laggiudicazione-della-gara-a-italgas-respinti-i-ricorsi-dei-comuni-bellunesi\/","name":"Gestione del gas. Il Tar conferma l\u2019aggiudicazione della gara a Italgas. Respinti i ricorsi dei Comuni bellunesi - Bellunopress - Dolomiti","isPartOf":{"@id":"https:\/\/www.bellunopress.it\/#website"},"primaryImageOfPage":{"@id":"https:\/\/www.bellunopress.it\/2020\/12\/11\/gestione-del-gas-il-tar-conferma-laggiudicazione-della-gara-a-italgas-respinti-i-ricorsi-dei-comuni-bellunesi\/#primaryimage"},"image":{"@id":"https:\/\/www.bellunopress.it\/2020\/12\/11\/gestione-del-gas-il-tar-conferma-laggiudicazione-della-gara-a-italgas-respinti-i-ricorsi-dei-comuni-bellunesi\/#primaryimage"},"thumbnailUrl":"https:\/\/www.bellunopress.it\/wp-content\/uploads\/2016\/08\/sentenza-giustizia.jpg","datePublished":"2020-12-11T21:49:04+00:00","dateModified":"2020-12-12T12:56:10+00:00","breadcrumb":{"@id":"https:\/\/www.bellunopress.it\/2020\/12\/11\/gestione-del-gas-il-tar-conferma-laggiudicazione-della-gara-a-italgas-respinti-i-ricorsi-dei-comuni-bellunesi\/#breadcrumb"},"inLanguage":"fr-FR","potentialAction":[{"@type":"ReadAction","target":["https:\/\/www.bellunopress.it\/2020\/12\/11\/gestione-del-gas-il-tar-conferma-laggiudicazione-della-gara-a-italgas-respinti-i-ricorsi-dei-comuni-bellunesi\/"]}]},{"@type":"ImageObject","inLanguage":"fr-FR","@id":"https:\/\/www.bellunopress.it\/2020\/12\/11\/gestione-del-gas-il-tar-conferma-laggiudicazione-della-gara-a-italgas-respinti-i-ricorsi-dei-comuni-bellunesi\/#primaryimage","url":"https:\/\/www.bellunopress.it\/wp-content\/uploads\/2016\/08\/sentenza-giustizia.jpg","contentUrl":"https:\/\/www.bellunopress.it\/wp-content\/uploads\/2016\/08\/sentenza-giustizia.jpg","width":190,"height":167},{"@type":"BreadcrumbList","@id":"https:\/\/www.bellunopress.it\/2020\/12\/11\/gestione-del-gas-il-tar-conferma-laggiudicazione-della-gara-a-italgas-respinti-i-ricorsi-dei-comuni-bellunesi\/#breadcrumb","itemListElement":[{"@type":"ListItem","position":1,"name":"Home","item":"https:\/\/www.bellunopress.it\/"},{"@type":"ListItem","position":2,"name":"Gestione del gas. Il Tar conferma l\u2019aggiudicazione della gara a Italgas. Respinti i ricorsi dei Comuni bellunesi"}]},{"@type":"WebSite","@id":"https:\/\/www.bellunopress.it\/#website","url":"https:\/\/www.bellunopress.it\/","name":"Bellunopress - Dolomiti","description":"e-mail: redazione@bellunopress.it","publisher":{"@id":"https:\/\/www.bellunopress.it\/#organization"},"potentialAction":[{"@type":"SearchAction","target":{"@type":"EntryPoint","urlTemplate":"https:\/\/www.bellunopress.it\/?s={search_term_string}"},"query-input":{"@type":"PropertyValueSpecification","valueRequired":true,"valueName":"search_term_string"}}],"inLanguage":"fr-FR"},{"@type":"Organization","@id":"https:\/\/www.bellunopress.it\/#organization","name":"Bellunopress","url":"https:\/\/www.bellunopress.it\/","logo":{"@type":"ImageObject","inLanguage":"fr-FR","@id":"https:\/\/www.bellunopress.it\/#\/schema\/logo\/image\/","url":"https:\/\/www.bellunopress.it\/wp-content\/uploads\/2011\/05\/cropped-logo-bellunopress-.jpg","contentUrl":"https:\/\/www.bellunopress.it\/wp-content\/uploads\/2011\/05\/cropped-logo-bellunopress-.jpg","width":512,"height":512,"caption":"Bellunopress"},"image":{"@id":"https:\/\/www.bellunopress.it\/#\/schema\/logo\/image\/"},"sameAs":["https:\/\/www.facebook.com\/profile.php?id=100008943462799","https:\/\/x.com\/bellunopress","https:\/\/www.linkedin.com\/hp\/?dnr=JBzUWaJfMUw8vbXJJ2tVW5-I3jZKvC4wsoxE&amp;amp;amp;amp;amp;amp;trk=nav_responsive_tab_home","https:\/\/www.youtube.com\/channel\/UCxL0wu1uN0_3_7hGG0306cw"]},{"@type":"Person","@id":"https:\/\/www.bellunopress.it\/#\/schema\/person\/79bb06722b37ece1c03d3e94beb30d73","name":"r\u00e9daction","image":{"@type":"ImageObject","inLanguage":"fr-FR","@id":"https:\/\/secure.gravatar.com\/avatar\/37d968a2e67a6fd04c169c4bdef102d0bc5d31b2546345219e348575eb80e9a0?s=96&d=mm&r=g","url":"https:\/\/secure.gravatar.com\/avatar\/37d968a2e67a6fd04c169c4bdef102d0bc5d31b2546345219e348575eb80e9a0?s=96&d=mm&r=g","contentUrl":"https:\/\/secure.gravatar.com\/avatar\/37d968a2e67a6fd04c169c4bdef102d0bc5d31b2546345219e348575eb80e9a0?s=96&d=mm&r=g","caption":"redazione"},"sameAs":["http:\/\/www.bellunopress.it","https:\/\/x.com\/bellunopress"],"url":"https:\/\/www.bellunopress.it\/fr\/author\/redazione\/"}]}},"_links":{"self":[{"href":"https:\/\/www.bellunopress.it\/fr\/wp-json\/wp\/v2\/posts\/120072","targetHints":{"allow":["GET"]}}],"collection":[{"href":"https:\/\/www.bellunopress.it\/fr\/wp-json\/wp\/v2\/posts"}],"about":[{"href":"https:\/\/www.bellunopress.it\/fr\/wp-json\/wp\/v2\/types\/post"}],"author":[{"embeddable":true,"href":"https:\/\/www.bellunopress.it\/fr\/wp-json\/wp\/v2\/users\/2"}],"replies":[{"embeddable":true,"href":"https:\/\/www.bellunopress.it\/fr\/wp-json\/wp\/v2\/comments?post=120072"}],"version-history":[{"count":3,"href":"https:\/\/www.bellunopress.it\/fr\/wp-json\/wp\/v2\/posts\/120072\/revisions"}],"predecessor-version":[{"id":120075,"href":"https:\/\/www.bellunopress.it\/fr\/wp-json\/wp\/v2\/posts\/120072\/revisions\/120075"}],"wp:featuredmedia":[{"embeddable":true,"href":"https:\/\/www.bellunopress.it\/fr\/wp-json\/wp\/v2\/media\/79908"}],"wp:attachment":[{"href":"https:\/\/www.bellunopress.it\/fr\/wp-json\/wp\/v2\/media?parent=120072"}],"wp:term":[{"taxonomy":"category","embeddable":true,"href":"https:\/\/www.bellunopress.it\/fr\/wp-json\/wp\/v2\/categories?post=120072"},{"taxonomy":"post_tag","embeddable":true,"href":"https:\/\/www.bellunopress.it\/fr\/wp-json\/wp\/v2\/tags?post=120072"}],"curies":[{"name":"wp","href":"https:\/\/api.w.org\/{rel}","templated":true}]}}