{"id":11980,"date":"2010-01-30T00:30:35","date_gmt":"2010-01-29T23:30:35","guid":{"rendered":"http:\/\/www.bellunopress.it\/?p=11980"},"modified":"2010-01-30T00:30:35","modified_gmt":"2010-01-29T23:30:35","slug":"ponte-nelle-alpi-via-alle-serate-sulle-energie-rinnovabili","status":"publish","type":"post","link":"https:\/\/www.bellunopress.it\/fr\/2010\/01\/30\/ponte-nelle-alpi-via-alle-serate-sulle-energie-rinnovabili\/","title":{"rendered":"Ponte nelle Alpi: via alle serate sulle energie rinnovabili"},"content":{"rendered":"<p>Prende il via marted\u00ec 2 Febbraio alle 20.30 presso il Circolo \u201cIl Burcio\u201d di Roncan di Ponte nelle Alpi\u00a0 il Progetto PubblichEnergie. Un servizio innovativo rivolto alle famiglie e all&#8217;economia del territorio che promuovere le energie rinnovabili e il risparmio energetico nelle abitazioni.\u00a0 Per dar vita a PubblichEnergie il Comune di Ponte nelle Alpi, si \u00e8 consorziato con i Comuni di Trichiana, Mel, Lentiai\u00a0 e Alano di Piave. Il Progetto ha il Patrocinio della Comunit\u00e0 Montana Belluno \u2013 Ponte nelle Alpi. Il servizio mira ad offrire al cittadino proposte concrete, con un linguaggio semplice e chiaro, e informazioni di prima mano sugli importanti incentivi economici e gli sgravi fiscali oggi disponibili; per gli aspetti tecnici \u00e8 disposizione uno sportello energia per il cittadino presso l&#8217;Ufficio Turistico Ponte nelle Alpi in Piazzetta Bivio 14, aperto il marted\u00ec dalle 17.00 alle 19.00 e il gioved\u00ec dalle 10.30 alle 13.00. L\u2019iniziativa promuove anche la promozione del metodo dei Gruppo di Acquisto Solidale per coordinare i cittadini che intendono accedere ai benefici previsti dalla legge tutelando i loro investimenti. Oggi infatti il fotovoltaico, primo progetto di PubbichEnergie, \u00e8 un\u2019interessante forma di investimento per i cittadini soprattutto se fatta in modo organizzato. Il messaggio che si vuole fare arrivare ai cittadini \u00e8 che oggi, nonostante la crisi, il momento \u00e8 favorevole per realizzare alcuni importanti interventi a costo zero o addirittura guadagnandoci, come ad esempio con gli impianti fotovoltaici domestici grazie all\u2019incentivo statale \u201cConto energia\u201d. Dal Progetto sono attesi benefici per l&#8217;economia locale; PubblichEnergie, infatti, si propone di stimolare il\u00a0 mercato locale dei progettisti e impiantisti\u00a0 privilegiando, a parit\u00e0 di prezzo, imprese locali e materiali europei e occidentali. Da sottolineare\u00a0 anche la formula della collaborazione tra pi\u00f9 Comuni per erogare servizi non obbligatori e a valore aggiunto, a testimonianza che il Pubblico \u201cresponsabile\u201d pu\u00f2 esercitare un ruolo attivo e propositivo, anche in un periodo di crisi economica come il presente, compiendo un piccolo sforzo progettuale e traendo forza dalle sinergie. PubblichEnergie, vuole dare il segno di una Pubblica Amministrazione che s&#8217;impegna per i cittadini, per favorire decisioni responsabili verso l&#8217;ambiente, il territorio e le future generazioni. La prima serata informativa rivolta alla cittadinanza di Ponte nelle Alpi si terr\u00e0 marted\u00ec 2 Febbraio alle 20.30 presso il Circolo \u201cIl Burcio\u201d di Roncan.\u00a0 Le serate informative e lo sportello settimanale sono disponibili in tutti i cinque Comuni promotori del progetto. A entrambi i servizi possono accedere tutti i cittadini della Provincia di Belluno. L&#8217;Amministrazione invita la cittadinanza a partecipare alle serate informative e a fruire del servizio dello Sportello energia.<\/p>","protected":false},"excerpt":{"rendered":"<p>Prende il via marted\u00ec 2 Febbraio alle 20.30 presso il Circolo \u201cIl Burcio\u201d di Roncan di Ponte nelle Alpi\u00a0 il Progetto PubblichEnergie. Un servizio innovativo rivolto alle famiglie e all&#8217;economia del territorio che promuovere le energie rinnovabili e il risparmio energetico nelle abitazioni.\u00a0 Per dar vita a PubblichEnergie il Comune di Ponte nelle Alpi, si [&hellip;]<\/p>\n","protected":false},"author":2,"featured_media":0,"comment_status":"closed","ping_status":"open","sticky":false,"template":"","format":"standard","meta":{"footnotes":""},"categories":[25,8],"tags":[139],"class_list":["post-11980","post","type-post","status-publish","format-standard","category-pausa-caffe","category-societa-istituzioni","tag-belluno"],"yoast_head":"<!-- This site is optimized with the Yoast SEO plugin v28.4 - https:\/\/yoast.com\/product\/yoast-seo-wordpress\/ -->\n<title>Ponte nelle Alpi: via alle serate sulle energie rinnovabili - Bellunopress - Dolomiti<\/title>\n<meta name=\"robots\" content=\"index, follow, max-snippet:-1, max-image-preview:large, max-video-preview:-1\" \/>\n<link rel=\"canonical\" href=\"https:\/\/www.bellunopress.it\/fr\/2010\/01\/30\/ponte-nelle-alpi-via-alle-serate-sulle-energie-rinnovabili\/\" \/>\n<meta property=\"og:locale\" content=\"fr_FR\" \/>\n<meta property=\"og:type\" content=\"article\" \/>\n<meta property=\"og:title\" content=\"Ponte nelle Alpi: via alle serate sulle energie rinnovabili - Bellunopress - Dolomiti\" \/>\n<meta property=\"og:description\" content=\"Prende il via marted\u00ec 2 Febbraio alle 20.30 presso il Circolo \u201cIl Burcio\u201d di Roncan di Ponte nelle Alpi\u00a0 il Progetto PubblichEnergie. Un servizio innovativo rivolto alle famiglie e all&#8217;economia del territorio che promuovere le energie rinnovabili e il risparmio energetico nelle abitazioni.\u00a0 Per dar vita a PubblichEnergie il Comune di Ponte nelle Alpi, si [&hellip;]\" \/>\n<meta property=\"og:url\" content=\"https:\/\/www.bellunopress.it\/fr\/2010\/01\/30\/ponte-nelle-alpi-via-alle-serate-sulle-energie-rinnovabili\/\" \/>\n<meta property=\"og:site_name\" content=\"Bellunopress - Dolomiti\" \/>\n<meta property=\"article:publisher\" content=\"https:\/\/www.facebook.com\/profile.php?id=100008943462799\" \/>\n<meta property=\"article:published_time\" content=\"2010-01-29T23:30:35+00:00\" \/>\n<meta property=\"og:image\" content=\"http:\/\/www.bellunopress.it\/wp-content\/uploads\/2012\/07\/logo-bellunopress-250x250-2012.jpg\" \/>\n<meta name=\"author\" content=\"redazione\" \/>\n<meta name=\"twitter:card\" content=\"summary_large_image\" \/>\n<meta name=\"twitter:creator\" content=\"@bellunopress\" \/>\n<meta name=\"twitter:site\" content=\"@bellunopress\" \/>\n<meta name=\"twitter:label1\" content=\"\u00c9crit par\" \/>\n\t<meta name=\"twitter:data1\" content=\"redazione\" \/>\n\t<meta name=\"twitter:label2\" content=\"Dur\u00e9e de lecture estim\u00e9e\" \/>\n\t<meta name=\"twitter:data2\" content=\"2 minutes\" \/>\n<script type=\"application\/ld+json\" class=\"yoast-schema-graph\">{\"@context\":\"https:\\\/\\\/schema.org\",\"@graph\":[{\"@type\":\"Article\",\"@id\":\"https:\\\/\\\/www.bellunopress.it\\\/2010\\\/01\\\/30\\\/ponte-nelle-alpi-via-alle-serate-sulle-energie-rinnovabili\\\/#article\",\"isPartOf\":{\"@id\":\"https:\\\/\\\/www.bellunopress.it\\\/2010\\\/01\\\/30\\\/ponte-nelle-alpi-via-alle-serate-sulle-energie-rinnovabili\\\/\"},\"author\":{\"name\":\"redazione\",\"@id\":\"https:\\\/\\\/www.bellunopress.it\\\/#\\\/schema\\\/person\\\/79bb06722b37ece1c03d3e94beb30d73\"},\"headline\":\"Ponte nelle Alpi: via alle serate sulle energie rinnovabili\",\"datePublished\":\"2010-01-29T23:30:35+00:00\",\"mainEntityOfPage\":{\"@id\":\"https:\\\/\\\/www.bellunopress.it\\\/2010\\\/01\\\/30\\\/ponte-nelle-alpi-via-alle-serate-sulle-energie-rinnovabili\\\/\"},\"wordCount\":426,\"publisher\":{\"@id\":\"https:\\\/\\\/www.bellunopress.it\\\/#organization\"},\"keywords\":[\"Belluno\"],\"articleSection\":[\"Pausa Caff\u00e8\",\"Societ\u00e0, Associazioni, Istituzioni\"],\"inLanguage\":\"fr-FR\"},{\"@type\":\"WebPage\",\"@id\":\"https:\\\/\\\/www.bellunopress.it\\\/2010\\\/01\\\/30\\\/ponte-nelle-alpi-via-alle-serate-sulle-energie-rinnovabili\\\/\",\"url\":\"https:\\\/\\\/www.bellunopress.it\\\/2010\\\/01\\\/30\\\/ponte-nelle-alpi-via-alle-serate-sulle-energie-rinnovabili\\\/\",\"name\":\"Ponte nelle Alpi: via alle serate sulle energie rinnovabili - Bellunopress - Dolomiti\",\"isPartOf\":{\"@id\":\"https:\\\/\\\/www.bellunopress.it\\\/#website\"},\"datePublished\":\"2010-01-29T23:30:35+00:00\",\"breadcrumb\":{\"@id\":\"https:\\\/\\\/www.bellunopress.it\\\/2010\\\/01\\\/30\\\/ponte-nelle-alpi-via-alle-serate-sulle-energie-rinnovabili\\\/#breadcrumb\"},\"inLanguage\":\"fr-FR\",\"potentialAction\":[{\"@type\":\"ReadAction\",\"target\":[\"https:\\\/\\\/www.bellunopress.it\\\/2010\\\/01\\\/30\\\/ponte-nelle-alpi-via-alle-serate-sulle-energie-rinnovabili\\\/\"]}]},{\"@type\":\"BreadcrumbList\",\"@id\":\"https:\\\/\\\/www.bellunopress.it\\\/2010\\\/01\\\/30\\\/ponte-nelle-alpi-via-alle-serate-sulle-energie-rinnovabili\\\/#breadcrumb\",\"itemListElement\":[{\"@type\":\"ListItem\",\"position\":1,\"name\":\"Home\",\"item\":\"https:\\\/\\\/www.bellunopress.it\\\/\"},{\"@type\":\"ListItem\",\"position\":2,\"name\":\"Ponte nelle Alpi: via alle serate sulle energie rinnovabili\"}]},{\"@type\":\"WebSite\",\"@id\":\"https:\\\/\\\/www.bellunopress.it\\\/#website\",\"url\":\"https:\\\/\\\/www.bellunopress.it\\\/\",\"name\":\"Bellunopress - Dolomiti\",\"description\":\"e-mail: redazione@bellunopress.it\",\"publisher\":{\"@id\":\"https:\\\/\\\/www.bellunopress.it\\\/#organization\"},\"potentialAction\":[{\"@type\":\"SearchAction\",\"target\":{\"@type\":\"EntryPoint\",\"urlTemplate\":\"https:\\\/\\\/www.bellunopress.it\\\/?s={search_term_string}\"},\"query-input\":{\"@type\":\"PropertyValueSpecification\",\"valueRequired\":true,\"valueName\":\"search_term_string\"}}],\"inLanguage\":\"fr-FR\"},{\"@type\":\"Organization\",\"@id\":\"https:\\\/\\\/www.bellunopress.it\\\/#organization\",\"name\":\"Bellunopress\",\"url\":\"https:\\\/\\\/www.bellunopress.it\\\/\",\"logo\":{\"@type\":\"ImageObject\",\"inLanguage\":\"fr-FR\",\"@id\":\"https:\\\/\\\/www.bellunopress.it\\\/#\\\/schema\\\/logo\\\/image\\\/\",\"url\":\"https:\\\/\\\/www.bellunopress.it\\\/wp-content\\\/uploads\\\/2011\\\/05\\\/cropped-logo-bellunopress-.jpg\",\"contentUrl\":\"https:\\\/\\\/www.bellunopress.it\\\/wp-content\\\/uploads\\\/2011\\\/05\\\/cropped-logo-bellunopress-.jpg\",\"width\":512,\"height\":512,\"caption\":\"Bellunopress\"},\"image\":{\"@id\":\"https:\\\/\\\/www.bellunopress.it\\\/#\\\/schema\\\/logo\\\/image\\\/\"},\"sameAs\":[\"https:\\\/\\\/www.facebook.com\\\/profile.php?id=100008943462799\",\"https:\\\/\\\/x.com\\\/bellunopress\",\"https:\\\/\\\/www.linkedin.com\\\/hp\\\/?dnr=JBzUWaJfMUw8vbXJJ2tVW5-I3jZKvC4wsoxE&amp;amp;amp;amp;amp;amp;trk=nav_responsive_tab_home\",\"https:\\\/\\\/www.youtube.com\\\/channel\\\/UCxL0wu1uN0_3_7hGG0306cw\"]},{\"@type\":\"Person\",\"@id\":\"https:\\\/\\\/www.bellunopress.it\\\/#\\\/schema\\\/person\\\/79bb06722b37ece1c03d3e94beb30d73\",\"name\":\"redazione\",\"image\":{\"@type\":\"ImageObject\",\"inLanguage\":\"fr-FR\",\"@id\":\"https:\\\/\\\/secure.gravatar.com\\\/avatar\\\/37d968a2e67a6fd04c169c4bdef102d0bc5d31b2546345219e348575eb80e9a0?s=96&d=mm&r=g\",\"url\":\"https:\\\/\\\/secure.gravatar.com\\\/avatar\\\/37d968a2e67a6fd04c169c4bdef102d0bc5d31b2546345219e348575eb80e9a0?s=96&d=mm&r=g\",\"contentUrl\":\"https:\\\/\\\/secure.gravatar.com\\\/avatar\\\/37d968a2e67a6fd04c169c4bdef102d0bc5d31b2546345219e348575eb80e9a0?s=96&d=mm&r=g\",\"caption\":\"redazione\"},\"sameAs\":[\"http:\\\/\\\/www.bellunopress.it\",\"https:\\\/\\\/x.com\\\/bellunopress\"],\"url\":\"https:\\\/\\\/www.bellunopress.it\\\/fr\\\/author\\\/redazione\\\/\"}]}<\/script>\n<!-- \/ Yoast SEO plugin. -->","yoast_head_json":{"title":"Ponte nelle Alpi: via alle serate sulle energie rinnovabili - Bellunopress - Dolomiti","robots":{"index":"index","follow":"follow","max-snippet":"max-snippet:-1","max-image-preview":"max-image-preview:large","max-video-preview":"max-video-preview:-1"},"canonical":"https:\/\/www.bellunopress.it\/fr\/2010\/01\/30\/ponte-nelle-alpi-via-alle-serate-sulle-energie-rinnovabili\/","og_locale":"fr_FR","og_type":"article","og_title":"Ponte nelle Alpi: via alle serate sulle energie rinnovabili - Bellunopress - Dolomiti","og_description":"Prende il via marted\u00ec 2 Febbraio alle 20.30 presso il Circolo \u201cIl Burcio\u201d di Roncan di Ponte nelle Alpi\u00a0 il Progetto PubblichEnergie. Un servizio innovativo rivolto alle famiglie e all&#8217;economia del territorio che promuovere le energie rinnovabili e il risparmio energetico nelle abitazioni.\u00a0 Per dar vita a PubblichEnergie il Comune di Ponte nelle Alpi, si [&hellip;]","og_url":"https:\/\/www.bellunopress.it\/fr\/2010\/01\/30\/ponte-nelle-alpi-via-alle-serate-sulle-energie-rinnovabili\/","og_site_name":"Bellunopress - Dolomiti","article_publisher":"https:\/\/www.facebook.com\/profile.php?id=100008943462799","article_published_time":"2010-01-29T23:30:35+00:00","og_image":[{"url":"http:\/\/www.bellunopress.it\/wp-content\/uploads\/2012\/07\/logo-bellunopress-250x250-2012.jpg","type":"","width":"","height":""}],"author":"redazione","twitter_card":"summary_large_image","twitter_creator":"@bellunopress","twitter_site":"@bellunopress","twitter_misc":{"\u00c9crit par":"redazione","Dur\u00e9e de lecture estim\u00e9e":"2 minutes"},"schema":{"@context":"https:\/\/schema.org","@graph":[{"@type":"Article","@id":"https:\/\/www.bellunopress.it\/2010\/01\/30\/ponte-nelle-alpi-via-alle-serate-sulle-energie-rinnovabili\/#article","isPartOf":{"@id":"https:\/\/www.bellunopress.it\/2010\/01\/30\/ponte-nelle-alpi-via-alle-serate-sulle-energie-rinnovabili\/"},"author":{"name":"redazione","@id":"https:\/\/www.bellunopress.it\/#\/schema\/person\/79bb06722b37ece1c03d3e94beb30d73"},"headline":"Ponte nelle Alpi: via alle serate sulle energie rinnovabili","datePublished":"2010-01-29T23:30:35+00:00","mainEntityOfPage":{"@id":"https:\/\/www.bellunopress.it\/2010\/01\/30\/ponte-nelle-alpi-via-alle-serate-sulle-energie-rinnovabili\/"},"wordCount":426,"publisher":{"@id":"https:\/\/www.bellunopress.it\/#organization"},"keywords":["Belluno"],"articleSection":["Pausa Caff\u00e8","Societ\u00e0, Associazioni, Istituzioni"],"inLanguage":"fr-FR"},{"@type":"WebPage","@id":"https:\/\/www.bellunopress.it\/2010\/01\/30\/ponte-nelle-alpi-via-alle-serate-sulle-energie-rinnovabili\/","url":"https:\/\/www.bellunopress.it\/2010\/01\/30\/ponte-nelle-alpi-via-alle-serate-sulle-energie-rinnovabili\/","name":"Ponte nelle Alpi: via alle serate sulle energie rinnovabili - Bellunopress - Dolomiti","isPartOf":{"@id":"https:\/\/www.bellunopress.it\/#website"},"datePublished":"2010-01-29T23:30:35+00:00","breadcrumb":{"@id":"https:\/\/www.bellunopress.it\/2010\/01\/30\/ponte-nelle-alpi-via-alle-serate-sulle-energie-rinnovabili\/#breadcrumb"},"inLanguage":"fr-FR","potentialAction":[{"@type":"ReadAction","target":["https:\/\/www.bellunopress.it\/2010\/01\/30\/ponte-nelle-alpi-via-alle-serate-sulle-energie-rinnovabili\/"]}]},{"@type":"BreadcrumbList","@id":"https:\/\/www.bellunopress.it\/2010\/01\/30\/ponte-nelle-alpi-via-alle-serate-sulle-energie-rinnovabili\/#breadcrumb","itemListElement":[{"@type":"ListItem","position":1,"name":"Home","item":"https:\/\/www.bellunopress.it\/"},{"@type":"ListItem","position":2,"name":"Ponte nelle Alpi: via alle serate sulle energie rinnovabili"}]},{"@type":"WebSite","@id":"https:\/\/www.bellunopress.it\/#website","url":"https:\/\/www.bellunopress.it\/","name":"Bellunopress - Dolomiti","description":"e-mail: redazione@bellunopress.it","publisher":{"@id":"https:\/\/www.bellunopress.it\/#organization"},"potentialAction":[{"@type":"SearchAction","target":{"@type":"EntryPoint","urlTemplate":"https:\/\/www.bellunopress.it\/?s={search_term_string}"},"query-input":{"@type":"PropertyValueSpecification","valueRequired":true,"valueName":"search_term_string"}}],"inLanguage":"fr-FR"},{"@type":"Organization","@id":"https:\/\/www.bellunopress.it\/#organization","name":"Bellunopress","url":"https:\/\/www.bellunopress.it\/","logo":{"@type":"ImageObject","inLanguage":"fr-FR","@id":"https:\/\/www.bellunopress.it\/#\/schema\/logo\/image\/","url":"https:\/\/www.bellunopress.it\/wp-content\/uploads\/2011\/05\/cropped-logo-bellunopress-.jpg","contentUrl":"https:\/\/www.bellunopress.it\/wp-content\/uploads\/2011\/05\/cropped-logo-bellunopress-.jpg","width":512,"height":512,"caption":"Bellunopress"},"image":{"@id":"https:\/\/www.bellunopress.it\/#\/schema\/logo\/image\/"},"sameAs":["https:\/\/www.facebook.com\/profile.php?id=100008943462799","https:\/\/x.com\/bellunopress","https:\/\/www.linkedin.com\/hp\/?dnr=JBzUWaJfMUw8vbXJJ2tVW5-I3jZKvC4wsoxE&amp;amp;amp;amp;amp;amp;trk=nav_responsive_tab_home","https:\/\/www.youtube.com\/channel\/UCxL0wu1uN0_3_7hGG0306cw"]},{"@type":"Person","@id":"https:\/\/www.bellunopress.it\/#\/schema\/person\/79bb06722b37ece1c03d3e94beb30d73","name":"r\u00e9daction","image":{"@type":"ImageObject","inLanguage":"fr-FR","@id":"https:\/\/secure.gravatar.com\/avatar\/37d968a2e67a6fd04c169c4bdef102d0bc5d31b2546345219e348575eb80e9a0?s=96&d=mm&r=g","url":"https:\/\/secure.gravatar.com\/avatar\/37d968a2e67a6fd04c169c4bdef102d0bc5d31b2546345219e348575eb80e9a0?s=96&d=mm&r=g","contentUrl":"https:\/\/secure.gravatar.com\/avatar\/37d968a2e67a6fd04c169c4bdef102d0bc5d31b2546345219e348575eb80e9a0?s=96&d=mm&r=g","caption":"redazione"},"sameAs":["http:\/\/www.bellunopress.it","https:\/\/x.com\/bellunopress"],"url":"https:\/\/www.bellunopress.it\/fr\/author\/redazione\/"}]}},"_links":{"self":[{"href":"https:\/\/www.bellunopress.it\/fr\/wp-json\/wp\/v2\/posts\/11980","targetHints":{"allow":["GET"]}}],"collection":[{"href":"https:\/\/www.bellunopress.it\/fr\/wp-json\/wp\/v2\/posts"}],"about":[{"href":"https:\/\/www.bellunopress.it\/fr\/wp-json\/wp\/v2\/types\/post"}],"author":[{"embeddable":true,"href":"https:\/\/www.bellunopress.it\/fr\/wp-json\/wp\/v2\/users\/2"}],"replies":[{"embeddable":true,"href":"https:\/\/www.bellunopress.it\/fr\/wp-json\/wp\/v2\/comments?post=11980"}],"version-history":[{"count":1,"href":"https:\/\/www.bellunopress.it\/fr\/wp-json\/wp\/v2\/posts\/11980\/revisions"}],"predecessor-version":[{"id":11981,"href":"https:\/\/www.bellunopress.it\/fr\/wp-json\/wp\/v2\/posts\/11980\/revisions\/11981"}],"wp:attachment":[{"href":"https:\/\/www.bellunopress.it\/fr\/wp-json\/wp\/v2\/media?parent=11980"}],"wp:term":[{"taxonomy":"category","embeddable":true,"href":"https:\/\/www.bellunopress.it\/fr\/wp-json\/wp\/v2\/categories?post=11980"},{"taxonomy":"post_tag","embeddable":true,"href":"https:\/\/www.bellunopress.it\/fr\/wp-json\/wp\/v2\/tags?post=11980"}],"curies":[{"name":"wp","href":"https:\/\/api.w.org\/{rel}","templated":true}]}}