{"id":119769,"date":"2020-12-05T15:18:33","date_gmt":"2020-12-05T14:18:33","guid":{"rendered":"http:\/\/www.bellunopress.it\/?p=119769"},"modified":"2020-12-05T15:18:34","modified_gmt":"2020-12-05T14:18:34","slug":"maltempo-situazione-in-provincia","status":"publish","type":"post","link":"https:\/\/www.bellunopress.it\/fr\/2020\/12\/05\/maltempo-situazione-in-provincia\/","title":{"rendered":"Maltempo. Situazione in provincia"},"content":{"rendered":"<figure id=\"attachment_119770\" aria-describedby=\"caption-attachment-119770\" style=\"width: 790px\" class=\"wp-caption alignleft\"><a href=\"http:\/\/www.bellunopress.it\/fr\/2020\/12\/05\/maltempo-situazione-in-provincia\/loc-canal-feltre_edited\/\" rel=\"attachment wp-att-119770\"><img loading=\"lazy\" decoding=\"async\" class=\"size-full wp-image-119770\" src=\"http:\/\/www.bellunopress.it\/wp-content\/uploads\/2020\/12\/loc-Canal-Feltre_edited.jpg\" alt=\"\" width=\"790\" height=\"800\" srcset=\"https:\/\/www.bellunopress.it\/wp-content\/uploads\/2020\/12\/loc-Canal-Feltre_edited.jpg 790w, https:\/\/www.bellunopress.it\/wp-content\/uploads\/2020\/12\/loc-Canal-Feltre_edited-494x500.jpg 494w, https:\/\/www.bellunopress.it\/wp-content\/uploads\/2020\/12\/loc-Canal-Feltre_edited-696x705.jpg 696w, https:\/\/www.bellunopress.it\/wp-content\/uploads\/2020\/12\/loc-Canal-Feltre_edited-415x420.jpg 415w\" sizes=\"auto, (max-width: 790px) 100vw, 790px\" \/><\/a><figcaption id=\"caption-attachment-119770\" class=\"wp-caption-text\">localit\u00e0 Canal &#8211; Feltre<\/figcaption><\/figure>\n<p>Sono confermate le previsioni. Si attende un peggioramento tra il pomeriggio e la notte di oggi sabato 5 dicembre. La quota neve si \u00e8 alzata e la pioggia cade in molte delle localit\u00e0 in cui era nevicato abbondantemente durante la notte. Aperto il Ccs Centro coordinamento soccorsi, attivati circa una trentina di Coc Centro operativo comunale.<\/p>\n<p><strong>Dissesti e viabilit\u00e0<\/strong>. Frana sulla Feltrina all\u2019altezza di Quero. Colata detritica a Canal (Feltre). In Alpago (zona Paludi) attivate le idrovore. Tombini e pozzetti intasati un po\u2019 ovunque in Valbelluna e Feltrino. Tra Dogna e Provagna \u00e8 esondato un piccolo torrente (il rio de la Crose): strada chiusa. Anas durante la notte ha assicurato interventi continui per nevicate intense sulla 51, che rimane aperta fino a Cimabanche (chiuso il tratto del versante BZ). Vento forte in Comelico, ma non ci sono criticit\u00e0 in corso. Controllo mezzi anche in altre zone, Cortina e Cencenighe, per evitare il transito dei mezzi pesanti.<\/p>\n<p>Sul fronte della viabilit\u00e0 la richiesta \u00e8 di ridurre al massimo il transito sulle strade provinciali e regionali. In corso di valutazione anche un\u2019ordinanza per limitare il transito dei non residenti, cos\u00ec da rendere semplice il passaggio dei mezzi di servizio.<br \/>\nVeneto strade sta assicurando lo sgombero neve con frese. In innalzamento il pericolo valanghe. Sulla 48 delle Dolomiti, chiuso il tratto Brenta-Arabba per pericolo valanghe. Stesso discorso per il tratto Alver\u00e0-Ligonto. A Vas chiusa la galleria di Segusino.<br \/>\nVas segusino chiuso per allagamento. Allagamento anche sulla Feltrina.<br \/>\nSe dovesse piovere pi\u00f9 forte, potrebbero crearsi delle colate detritiche ma i tecnici stanno monitorando.<\/p>\n<p>Vigili del fuoco: 6 interventi in Comelico per alberi caduti. A Cortina per recupero mezzi. Interventi in zona Feltre per danni causati dall\u2019acqua.<\/p>\n<p>Elettricit\u00e0: nel corso della mattinata si sono verificati alcuni black-out, temporanei o comunque limitati a zone e poche utenze.<\/p>\n<p>Confermata la chiusura dei principali drive-in tamponi.<\/p>","protected":false},"excerpt":{"rendered":"<p>Sono confermate le previsioni. Si attende un peggioramento tra il pomeriggio e la notte di oggi sabato 5 dicembre. La quota neve si \u00e8 alzata e la pioggia cade in molte delle localit\u00e0 in cui era nevicato abbondantemente durante la notte. Aperto il Ccs Centro coordinamento soccorsi, attivati circa una trentina di Coc Centro operativo [&hellip;]<\/p>\n","protected":false},"author":2,"featured_media":119770,"comment_status":"closed","ping_status":"open","sticky":false,"template":"","format":"standard","meta":{"footnotes":""},"categories":[5,26],"tags":[],"class_list":["post-119769","post","type-post","status-publish","format-standard","has-post-thumbnail","category-cronaca","category-prima-pagina"],"yoast_head":"<!-- This site is optimized with the Yoast SEO plugin v28.4 - https:\/\/yoast.com\/product\/yoast-seo-wordpress\/ -->\n<title>Maltempo. Situazione in provincia - Bellunopress - Dolomiti<\/title>\n<meta name=\"robots\" content=\"index, follow, max-snippet:-1, max-image-preview:large, max-video-preview:-1\" \/>\n<link rel=\"canonical\" href=\"https:\/\/www.bellunopress.it\/fr\/2020\/12\/05\/maltempo-situazione-in-provincia\/\" \/>\n<meta property=\"og:locale\" content=\"fr_FR\" \/>\n<meta property=\"og:type\" content=\"article\" \/>\n<meta property=\"og:title\" content=\"Maltempo. Situazione in provincia - Bellunopress - Dolomiti\" \/>\n<meta property=\"og:description\" content=\"Sono confermate le previsioni. Si attende un peggioramento tra il pomeriggio e la notte di oggi sabato 5 dicembre. La quota neve si \u00e8 alzata e la pioggia cade in molte delle localit\u00e0 in cui era nevicato abbondantemente durante la notte. Aperto il Ccs Centro coordinamento soccorsi, attivati circa una trentina di Coc Centro operativo [&hellip;]\" \/>\n<meta property=\"og:url\" content=\"https:\/\/www.bellunopress.it\/fr\/2020\/12\/05\/maltempo-situazione-in-provincia\/\" \/>\n<meta property=\"og:site_name\" content=\"Bellunopress - Dolomiti\" \/>\n<meta property=\"article:publisher\" content=\"https:\/\/www.facebook.com\/profile.php?id=100008943462799\" \/>\n<meta property=\"article:published_time\" content=\"2020-12-05T14:18:33+00:00\" \/>\n<meta property=\"article:modified_time\" content=\"2020-12-05T14:18:34+00:00\" \/>\n<meta property=\"og:image\" content=\"https:\/\/www.bellunopress.it\/wp-content\/uploads\/2020\/12\/loc-Canal-Feltre_edited.jpg\" \/>\n\t<meta property=\"og:image:width\" content=\"790\" \/>\n\t<meta property=\"og:image:height\" content=\"800\" \/>\n\t<meta property=\"og:image:type\" content=\"image\/jpeg\" \/>\n<meta name=\"author\" content=\"redazione\" \/>\n<meta name=\"twitter:card\" content=\"summary_large_image\" \/>\n<meta name=\"twitter:creator\" content=\"@bellunopress\" \/>\n<meta name=\"twitter:site\" content=\"@bellunopress\" \/>\n<meta name=\"twitter:label1\" content=\"\u00c9crit par\" \/>\n\t<meta name=\"twitter:data1\" content=\"redazione\" \/>\n\t<meta name=\"twitter:label2\" content=\"Dur\u00e9e de lecture estim\u00e9e\" \/>\n\t<meta name=\"twitter:data2\" content=\"2 minutes\" \/>\n<script type=\"application\/ld+json\" class=\"yoast-schema-graph\">{\"@context\":\"https:\\\/\\\/schema.org\",\"@graph\":[{\"@type\":\"Article\",\"@id\":\"https:\\\/\\\/www.bellunopress.it\\\/2020\\\/12\\\/05\\\/maltempo-situazione-in-provincia\\\/#article\",\"isPartOf\":{\"@id\":\"https:\\\/\\\/www.bellunopress.it\\\/2020\\\/12\\\/05\\\/maltempo-situazione-in-provincia\\\/\"},\"author\":{\"name\":\"redazione\",\"@id\":\"https:\\\/\\\/www.bellunopress.it\\\/#\\\/schema\\\/person\\\/79bb06722b37ece1c03d3e94beb30d73\"},\"headline\":\"Maltempo. Situazione in provincia\",\"datePublished\":\"2020-12-05T14:18:33+00:00\",\"dateModified\":\"2020-12-05T14:18:34+00:00\",\"mainEntityOfPage\":{\"@id\":\"https:\\\/\\\/www.bellunopress.it\\\/2020\\\/12\\\/05\\\/maltempo-situazione-in-provincia\\\/\"},\"wordCount\":320,\"publisher\":{\"@id\":\"https:\\\/\\\/www.bellunopress.it\\\/#organization\"},\"image\":{\"@id\":\"https:\\\/\\\/www.bellunopress.it\\\/2020\\\/12\\\/05\\\/maltempo-situazione-in-provincia\\\/#primaryimage\"},\"thumbnailUrl\":\"https:\\\/\\\/www.bellunopress.it\\\/wp-content\\\/uploads\\\/2020\\\/12\\\/loc-Canal-Feltre_edited.jpg\",\"articleSection\":[\"Cronaca\\\/Politica\",\"Prima Pagina\"],\"inLanguage\":\"fr-FR\"},{\"@type\":\"WebPage\",\"@id\":\"https:\\\/\\\/www.bellunopress.it\\\/2020\\\/12\\\/05\\\/maltempo-situazione-in-provincia\\\/\",\"url\":\"https:\\\/\\\/www.bellunopress.it\\\/2020\\\/12\\\/05\\\/maltempo-situazione-in-provincia\\\/\",\"name\":\"Maltempo. Situazione in provincia - Bellunopress - Dolomiti\",\"isPartOf\":{\"@id\":\"https:\\\/\\\/www.bellunopress.it\\\/#website\"},\"primaryImageOfPage\":{\"@id\":\"https:\\\/\\\/www.bellunopress.it\\\/2020\\\/12\\\/05\\\/maltempo-situazione-in-provincia\\\/#primaryimage\"},\"image\":{\"@id\":\"https:\\\/\\\/www.bellunopress.it\\\/2020\\\/12\\\/05\\\/maltempo-situazione-in-provincia\\\/#primaryimage\"},\"thumbnailUrl\":\"https:\\\/\\\/www.bellunopress.it\\\/wp-content\\\/uploads\\\/2020\\\/12\\\/loc-Canal-Feltre_edited.jpg\",\"datePublished\":\"2020-12-05T14:18:33+00:00\",\"dateModified\":\"2020-12-05T14:18:34+00:00\",\"breadcrumb\":{\"@id\":\"https:\\\/\\\/www.bellunopress.it\\\/2020\\\/12\\\/05\\\/maltempo-situazione-in-provincia\\\/#breadcrumb\"},\"inLanguage\":\"fr-FR\",\"potentialAction\":[{\"@type\":\"ReadAction\",\"target\":[\"https:\\\/\\\/www.bellunopress.it\\\/2020\\\/12\\\/05\\\/maltempo-situazione-in-provincia\\\/\"]}]},{\"@type\":\"ImageObject\",\"inLanguage\":\"fr-FR\",\"@id\":\"https:\\\/\\\/www.bellunopress.it\\\/2020\\\/12\\\/05\\\/maltempo-situazione-in-provincia\\\/#primaryimage\",\"url\":\"https:\\\/\\\/www.bellunopress.it\\\/wp-content\\\/uploads\\\/2020\\\/12\\\/loc-Canal-Feltre_edited.jpg\",\"contentUrl\":\"https:\\\/\\\/www.bellunopress.it\\\/wp-content\\\/uploads\\\/2020\\\/12\\\/loc-Canal-Feltre_edited.jpg\",\"width\":790,\"height\":800,\"caption\":\"localit\u00e0 Canal - Feltre\"},{\"@type\":\"BreadcrumbList\",\"@id\":\"https:\\\/\\\/www.bellunopress.it\\\/2020\\\/12\\\/05\\\/maltempo-situazione-in-provincia\\\/#breadcrumb\",\"itemListElement\":[{\"@type\":\"ListItem\",\"position\":1,\"name\":\"Home\",\"item\":\"https:\\\/\\\/www.bellunopress.it\\\/\"},{\"@type\":\"ListItem\",\"position\":2,\"name\":\"Maltempo. Situazione in provincia\"}]},{\"@type\":\"WebSite\",\"@id\":\"https:\\\/\\\/www.bellunopress.it\\\/#website\",\"url\":\"https:\\\/\\\/www.bellunopress.it\\\/\",\"name\":\"Bellunopress - Dolomiti\",\"description\":\"e-mail: redazione@bellunopress.it\",\"publisher\":{\"@id\":\"https:\\\/\\\/www.bellunopress.it\\\/#organization\"},\"potentialAction\":[{\"@type\":\"SearchAction\",\"target\":{\"@type\":\"EntryPoint\",\"urlTemplate\":\"https:\\\/\\\/www.bellunopress.it\\\/?s={search_term_string}\"},\"query-input\":{\"@type\":\"PropertyValueSpecification\",\"valueRequired\":true,\"valueName\":\"search_term_string\"}}],\"inLanguage\":\"fr-FR\"},{\"@type\":\"Organization\",\"@id\":\"https:\\\/\\\/www.bellunopress.it\\\/#organization\",\"name\":\"Bellunopress\",\"url\":\"https:\\\/\\\/www.bellunopress.it\\\/\",\"logo\":{\"@type\":\"ImageObject\",\"inLanguage\":\"fr-FR\",\"@id\":\"https:\\\/\\\/www.bellunopress.it\\\/#\\\/schema\\\/logo\\\/image\\\/\",\"url\":\"https:\\\/\\\/www.bellunopress.it\\\/wp-content\\\/uploads\\\/2011\\\/05\\\/cropped-logo-bellunopress-.jpg\",\"contentUrl\":\"https:\\\/\\\/www.bellunopress.it\\\/wp-content\\\/uploads\\\/2011\\\/05\\\/cropped-logo-bellunopress-.jpg\",\"width\":512,\"height\":512,\"caption\":\"Bellunopress\"},\"image\":{\"@id\":\"https:\\\/\\\/www.bellunopress.it\\\/#\\\/schema\\\/logo\\\/image\\\/\"},\"sameAs\":[\"https:\\\/\\\/www.facebook.com\\\/profile.php?id=100008943462799\",\"https:\\\/\\\/x.com\\\/bellunopress\",\"https:\\\/\\\/www.linkedin.com\\\/hp\\\/?dnr=JBzUWaJfMUw8vbXJJ2tVW5-I3jZKvC4wsoxE&amp;amp;amp;amp;amp;amp;trk=nav_responsive_tab_home\",\"https:\\\/\\\/www.youtube.com\\\/channel\\\/UCxL0wu1uN0_3_7hGG0306cw\"]},{\"@type\":\"Person\",\"@id\":\"https:\\\/\\\/www.bellunopress.it\\\/#\\\/schema\\\/person\\\/79bb06722b37ece1c03d3e94beb30d73\",\"name\":\"redazione\",\"image\":{\"@type\":\"ImageObject\",\"inLanguage\":\"fr-FR\",\"@id\":\"https:\\\/\\\/secure.gravatar.com\\\/avatar\\\/37d968a2e67a6fd04c169c4bdef102d0bc5d31b2546345219e348575eb80e9a0?s=96&d=mm&r=g\",\"url\":\"https:\\\/\\\/secure.gravatar.com\\\/avatar\\\/37d968a2e67a6fd04c169c4bdef102d0bc5d31b2546345219e348575eb80e9a0?s=96&d=mm&r=g\",\"contentUrl\":\"https:\\\/\\\/secure.gravatar.com\\\/avatar\\\/37d968a2e67a6fd04c169c4bdef102d0bc5d31b2546345219e348575eb80e9a0?s=96&d=mm&r=g\",\"caption\":\"redazione\"},\"sameAs\":[\"http:\\\/\\\/www.bellunopress.it\",\"https:\\\/\\\/x.com\\\/bellunopress\"],\"url\":\"https:\\\/\\\/www.bellunopress.it\\\/fr\\\/author\\\/redazione\\\/\"}]}<\/script>\n<!-- \/ Yoast SEO plugin. -->","yoast_head_json":{"title":"Maltempo. Situazione in provincia - Bellunopress - Dolomiti","robots":{"index":"index","follow":"follow","max-snippet":"max-snippet:-1","max-image-preview":"max-image-preview:large","max-video-preview":"max-video-preview:-1"},"canonical":"https:\/\/www.bellunopress.it\/fr\/2020\/12\/05\/maltempo-situazione-in-provincia\/","og_locale":"fr_FR","og_type":"article","og_title":"Maltempo. Situazione in provincia - Bellunopress - Dolomiti","og_description":"Sono confermate le previsioni. Si attende un peggioramento tra il pomeriggio e la notte di oggi sabato 5 dicembre. La quota neve si \u00e8 alzata e la pioggia cade in molte delle localit\u00e0 in cui era nevicato abbondantemente durante la notte. Aperto il Ccs Centro coordinamento soccorsi, attivati circa una trentina di Coc Centro operativo [&hellip;]","og_url":"https:\/\/www.bellunopress.it\/fr\/2020\/12\/05\/maltempo-situazione-in-provincia\/","og_site_name":"Bellunopress - Dolomiti","article_publisher":"https:\/\/www.facebook.com\/profile.php?id=100008943462799","article_published_time":"2020-12-05T14:18:33+00:00","article_modified_time":"2020-12-05T14:18:34+00:00","og_image":[{"width":790,"height":800,"url":"https:\/\/www.bellunopress.it\/wp-content\/uploads\/2020\/12\/loc-Canal-Feltre_edited.jpg","type":"image\/jpeg"}],"author":"redazione","twitter_card":"summary_large_image","twitter_creator":"@bellunopress","twitter_site":"@bellunopress","twitter_misc":{"\u00c9crit par":"redazione","Dur\u00e9e de lecture estim\u00e9e":"2 minutes"},"schema":{"@context":"https:\/\/schema.org","@graph":[{"@type":"Article","@id":"https:\/\/www.bellunopress.it\/2020\/12\/05\/maltempo-situazione-in-provincia\/#article","isPartOf":{"@id":"https:\/\/www.bellunopress.it\/2020\/12\/05\/maltempo-situazione-in-provincia\/"},"author":{"name":"redazione","@id":"https:\/\/www.bellunopress.it\/#\/schema\/person\/79bb06722b37ece1c03d3e94beb30d73"},"headline":"Maltempo. Situazione in provincia","datePublished":"2020-12-05T14:18:33+00:00","dateModified":"2020-12-05T14:18:34+00:00","mainEntityOfPage":{"@id":"https:\/\/www.bellunopress.it\/2020\/12\/05\/maltempo-situazione-in-provincia\/"},"wordCount":320,"publisher":{"@id":"https:\/\/www.bellunopress.it\/#organization"},"image":{"@id":"https:\/\/www.bellunopress.it\/2020\/12\/05\/maltempo-situazione-in-provincia\/#primaryimage"},"thumbnailUrl":"https:\/\/www.bellunopress.it\/wp-content\/uploads\/2020\/12\/loc-Canal-Feltre_edited.jpg","articleSection":["Cronaca\/Politica","Prima Pagina"],"inLanguage":"fr-FR"},{"@type":"WebPage","@id":"https:\/\/www.bellunopress.it\/2020\/12\/05\/maltempo-situazione-in-provincia\/","url":"https:\/\/www.bellunopress.it\/2020\/12\/05\/maltempo-situazione-in-provincia\/","name":"Maltempo. Situazione in provincia - Bellunopress - Dolomiti","isPartOf":{"@id":"https:\/\/www.bellunopress.it\/#website"},"primaryImageOfPage":{"@id":"https:\/\/www.bellunopress.it\/2020\/12\/05\/maltempo-situazione-in-provincia\/#primaryimage"},"image":{"@id":"https:\/\/www.bellunopress.it\/2020\/12\/05\/maltempo-situazione-in-provincia\/#primaryimage"},"thumbnailUrl":"https:\/\/www.bellunopress.it\/wp-content\/uploads\/2020\/12\/loc-Canal-Feltre_edited.jpg","datePublished":"2020-12-05T14:18:33+00:00","dateModified":"2020-12-05T14:18:34+00:00","breadcrumb":{"@id":"https:\/\/www.bellunopress.it\/2020\/12\/05\/maltempo-situazione-in-provincia\/#breadcrumb"},"inLanguage":"fr-FR","potentialAction":[{"@type":"ReadAction","target":["https:\/\/www.bellunopress.it\/2020\/12\/05\/maltempo-situazione-in-provincia\/"]}]},{"@type":"ImageObject","inLanguage":"fr-FR","@id":"https:\/\/www.bellunopress.it\/2020\/12\/05\/maltempo-situazione-in-provincia\/#primaryimage","url":"https:\/\/www.bellunopress.it\/wp-content\/uploads\/2020\/12\/loc-Canal-Feltre_edited.jpg","contentUrl":"https:\/\/www.bellunopress.it\/wp-content\/uploads\/2020\/12\/loc-Canal-Feltre_edited.jpg","width":790,"height":800,"caption":"localit\u00e0 Canal - Feltre"},{"@type":"BreadcrumbList","@id":"https:\/\/www.bellunopress.it\/2020\/12\/05\/maltempo-situazione-in-provincia\/#breadcrumb","itemListElement":[{"@type":"ListItem","position":1,"name":"Home","item":"https:\/\/www.bellunopress.it\/"},{"@type":"ListItem","position":2,"name":"Maltempo. Situazione in provincia"}]},{"@type":"WebSite","@id":"https:\/\/www.bellunopress.it\/#website","url":"https:\/\/www.bellunopress.it\/","name":"Bellunopress - Dolomiti","description":"e-mail: redazione@bellunopress.it","publisher":{"@id":"https:\/\/www.bellunopress.it\/#organization"},"potentialAction":[{"@type":"SearchAction","target":{"@type":"EntryPoint","urlTemplate":"https:\/\/www.bellunopress.it\/?s={search_term_string}"},"query-input":{"@type":"PropertyValueSpecification","valueRequired":true,"valueName":"search_term_string"}}],"inLanguage":"fr-FR"},{"@type":"Organization","@id":"https:\/\/www.bellunopress.it\/#organization","name":"Bellunopress","url":"https:\/\/www.bellunopress.it\/","logo":{"@type":"ImageObject","inLanguage":"fr-FR","@id":"https:\/\/www.bellunopress.it\/#\/schema\/logo\/image\/","url":"https:\/\/www.bellunopress.it\/wp-content\/uploads\/2011\/05\/cropped-logo-bellunopress-.jpg","contentUrl":"https:\/\/www.bellunopress.it\/wp-content\/uploads\/2011\/05\/cropped-logo-bellunopress-.jpg","width":512,"height":512,"caption":"Bellunopress"},"image":{"@id":"https:\/\/www.bellunopress.it\/#\/schema\/logo\/image\/"},"sameAs":["https:\/\/www.facebook.com\/profile.php?id=100008943462799","https:\/\/x.com\/bellunopress","https:\/\/www.linkedin.com\/hp\/?dnr=JBzUWaJfMUw8vbXJJ2tVW5-I3jZKvC4wsoxE&amp;amp;amp;amp;amp;amp;trk=nav_responsive_tab_home","https:\/\/www.youtube.com\/channel\/UCxL0wu1uN0_3_7hGG0306cw"]},{"@type":"Person","@id":"https:\/\/www.bellunopress.it\/#\/schema\/person\/79bb06722b37ece1c03d3e94beb30d73","name":"r\u00e9daction","image":{"@type":"ImageObject","inLanguage":"fr-FR","@id":"https:\/\/secure.gravatar.com\/avatar\/37d968a2e67a6fd04c169c4bdef102d0bc5d31b2546345219e348575eb80e9a0?s=96&d=mm&r=g","url":"https:\/\/secure.gravatar.com\/avatar\/37d968a2e67a6fd04c169c4bdef102d0bc5d31b2546345219e348575eb80e9a0?s=96&d=mm&r=g","contentUrl":"https:\/\/secure.gravatar.com\/avatar\/37d968a2e67a6fd04c169c4bdef102d0bc5d31b2546345219e348575eb80e9a0?s=96&d=mm&r=g","caption":"redazione"},"sameAs":["http:\/\/www.bellunopress.it","https:\/\/x.com\/bellunopress"],"url":"https:\/\/www.bellunopress.it\/fr\/author\/redazione\/"}]}},"_links":{"self":[{"href":"https:\/\/www.bellunopress.it\/fr\/wp-json\/wp\/v2\/posts\/119769","targetHints":{"allow":["GET"]}}],"collection":[{"href":"https:\/\/www.bellunopress.it\/fr\/wp-json\/wp\/v2\/posts"}],"about":[{"href":"https:\/\/www.bellunopress.it\/fr\/wp-json\/wp\/v2\/types\/post"}],"author":[{"embeddable":true,"href":"https:\/\/www.bellunopress.it\/fr\/wp-json\/wp\/v2\/users\/2"}],"replies":[{"embeddable":true,"href":"https:\/\/www.bellunopress.it\/fr\/wp-json\/wp\/v2\/comments?post=119769"}],"version-history":[{"count":2,"href":"https:\/\/www.bellunopress.it\/fr\/wp-json\/wp\/v2\/posts\/119769\/revisions"}],"predecessor-version":[{"id":119772,"href":"https:\/\/www.bellunopress.it\/fr\/wp-json\/wp\/v2\/posts\/119769\/revisions\/119772"}],"wp:featuredmedia":[{"embeddable":true,"href":"https:\/\/www.bellunopress.it\/fr\/wp-json\/wp\/v2\/media\/119770"}],"wp:attachment":[{"href":"https:\/\/www.bellunopress.it\/fr\/wp-json\/wp\/v2\/media?parent=119769"}],"wp:term":[{"taxonomy":"category","embeddable":true,"href":"https:\/\/www.bellunopress.it\/fr\/wp-json\/wp\/v2\/categories?post=119769"},{"taxonomy":"post_tag","embeddable":true,"href":"https:\/\/www.bellunopress.it\/fr\/wp-json\/wp\/v2\/tags?post=119769"}],"curies":[{"name":"wp","href":"https:\/\/api.w.org\/{rel}","templated":true}]}}