{"id":119764,"date":"2020-12-05T10:45:24","date_gmt":"2020-12-05T09:45:24","guid":{"rendered":"http:\/\/www.bellunopress.it\/?p=119764"},"modified":"2021-11-05T22:53:45","modified_gmt":"2021-11-05T21:53:45","slug":"in-libreria-il-delitto-di-busto-arsizio-la-raccapricciante-storia-di-silvia-da-pont-21enne-di-cesiomaggiore-fatta-morire-nel-1951-da-carlo-candiani","status":"publish","type":"post","link":"https:\/\/www.bellunopress.it\/fr\/2020\/12\/05\/in-libreria-il-delitto-di-busto-arsizio-la-raccapricciante-storia-di-silvia-da-pont-21enne-di-cesiomaggiore-fatta-morire-nel-1951-da-carlo-candiani\/","title":{"rendered":"In libreria. Il delitto di Busto Arsizio, la raccapricciante storia di Silvia Da Pont, 21enne di Cesiomaggiore fatta morire nel 1951 da Carlo Candiani"},"content":{"rendered":"<p align=\"LEFT\"><span style=\"font-family: Verdana, serif;\"><span style=\"font-size: medium;\"><a href=\"https:\/\/www.bellunopress.it\/fr\/2021\/10\/24\/70-anni-fa-il-raccapricciante-omicidio-di-silvia-da-pont-la-ragazza-di-cesiomaggiore\/il-delitto-di-busto-arsizio_edited\/\" rel=\"attachment wp-att-119755\"><img loading=\"lazy\" decoding=\"async\" class=\"alignleft size-full wp-image-119755\" src=\"http:\/\/www.bellunopress.it\/wp-content\/uploads\/2020\/12\/il-delitto-di-busto-arsizio_edited.jpg\" alt=\"\" width=\"533\" height=\"800\" srcset=\"https:\/\/www.bellunopress.it\/wp-content\/uploads\/2020\/12\/il-delitto-di-busto-arsizio_edited.jpg 533w, https:\/\/www.bellunopress.it\/wp-content\/uploads\/2020\/12\/il-delitto-di-busto-arsizio_edited-333x500.jpg 333w, https:\/\/www.bellunopress.it\/wp-content\/uploads\/2020\/12\/il-delitto-di-busto-arsizio_edited-280x420.jpg 280w\" sizes=\"auto, (max-width: 533px) 100vw, 533px\" \/><\/a>Il delitto di Busto Arsizio, l&#8217;ultimo libro di Roberto De Nart, in libreria per Natale, \u00e8 una storia realmente accaduta. Fu un caso che fece molto scalpore negli anni \u201950 quando accadde. Se ne occuparono anche i grandi giornali come il Corriere d&#8217;Informazione (poi Corriere della Sera) e La Stampa che seguirono tutte le fasi processuali fino alla Cassazione. E anche i periodici come Tempo, Oggi, La settimana illustrata, dedicarono ampi servizi alla tragica e raccapricciante fine di Silvia Da Pont, la ragazza di 21 anni di Cesiomaggiore trovata morta il 28 ottobre 1951 a Busto Arsizio, nella cantina della villetta in via Galilei n.3 dove lavorava come domestica. Di questa povera ragazza conosciamo i dettagli dalla testimonianza resa dai suoi familiari, il padre Antonio Da Pont boscaiolo di Cesiomaggiore, la madre Adelina Bortolas domestica e poi casalinga, e la sorella maggiore Maria, babysitter a Zurigo. Fu Maria a dare impulso alle indagini poi condotte dal capitano Mongelli, comandante dei carabinieri di Busto Arsizio, che porteranno alla sbarra il cavalier Carlo Candiani, 70enne, due volte vedovo, ex commerciante di macchine per cotonifici, appassionato di farmacologia ed erboristeria che abitava nella stessa villetta di sua propriet\u00e0. Dino Buzzati scriver\u00e0 che il Candiani l\u2019ha \u201ctenuta nascosta, come una sorta di bambola vivente tutta per s\u00e9 per oltre un mese e mezzo alimentandola solo con qualche cucchiaino di vino e latte\u201d. L\u2019Orco di Busto Arsizio come venne chiamato dai giornali il Candiani, firmer\u00e0 la confessione, poi ritratter\u00e0, sar\u00e0 condannato a 25 anni in Assise, poi ridotti a 14 in Appello e a 13 in Cassazione, e morir\u00e0 nel carcere di Parma nel 1957. L\u2019omicida dunque \u00e8 il signore della porta accanto, un uomo distinto, ritenuto perbene, che per salvare la propria reputazione decider\u00e0 di lasciar morire la ragazza che avrebbe potuto avere salva la vita.<\/span><\/span><\/p>\n<p align=\"LEFT\"><span style=\"font-family: Verdana, serif;\"><span style=\"font-size: medium;\">Il libro \u00e8 disponibile in formato <a href=\"https:\/\/www.amazon.it\/delitto-Busto-Arsizio-Cesiomaggiore-Candiani\/dp\/B08P3H15L1\/ref=tmm_pap_title_0?_encoding=UTF8&amp;qid=1607161345&amp;sr=8-1\">tradizionale cartaceo<\/a> e in formato <a href=\"https:\/\/www.amazon.it\/delitto-Busto-Arsizio-Cesiomaggiore-Candiani-ebook\/dp\/B08P83XS7C\/ref=sr_1_1?__mk_it_IT=%C3%85M%C3%85%C5%BD%C3%95%C3%91&amp;dchild=1&amp;keywords=il+delitto+di+busto+arsizio&amp;qid=1607161345&amp;sr=8-1\">elettronico eBook<\/a> su Amazon.<\/span><\/span><\/p>\n<div class=\"youtube-embed\" data-video_id=\"kwLCx3cki_4\"><iframe loading=\"lazy\" title=\"Venerd\u00ec Neri #49 &quot;Voglio una bambola di carne. Il caso Candiani&quot;\" width=\"696\" height=\"392\" src=\"https:\/\/www.youtube.com\/embed\/kwLCx3cki_4?feature=oembed&#038;enablejsapi=1\" frameborder=\"0\" allow=\"accelerometer; autoplay; clipboard-write; encrypted-media; gyroscope; picture-in-picture\" allowfullscreen><\/iframe><\/div>\n<p align=\"LEFT\"><a href=\"https:\/\/www.bellunopress.it\/fr\/il-delitto-di-busto-arsizio-ebook\/\" rel=\"attachment wp-att-119614\"><img loading=\"lazy\" decoding=\"async\" class=\"alignleft size-full wp-image-119614\" src=\"http:\/\/www.bellunopress.it\/wp-content\/uploads\/2020\/11\/Il-delitto-di-Busto-Arsizio-eBook.jpg\" alt=\"\" width=\"314\" height=\"500\" srcset=\"https:\/\/www.bellunopress.it\/wp-content\/uploads\/2020\/11\/Il-delitto-di-Busto-Arsizio-eBook.jpg 314w, https:\/\/www.bellunopress.it\/wp-content\/uploads\/2020\/11\/Il-delitto-di-Busto-Arsizio-eBook-264x420.jpg 264w\" sizes=\"auto, (max-width: 314px) 100vw, 314px\" \/><\/a><\/p>","protected":false},"excerpt":{"rendered":"<p>Il delitto di Busto Arsizio, l&#8217;ultimo libro di Roberto De Nart, in libreria per Natale, \u00e8 una storia realmente accaduta. Fu un caso che fece molto scalpore negli anni \u201950 quando accadde. Se ne occuparono anche i grandi giornali come il Corriere d&#8217;Informazione (poi Corriere della Sera) e La Stampa che seguirono tutte le fasi [&hellip;]<\/p>\n","protected":false},"author":2,"featured_media":119755,"comment_status":"closed","ping_status":"open","sticky":false,"template":"","format":"standard","meta":{"footnotes":""},"categories":[3,3446,25],"tags":[508,3472,100,3473],"class_list":["post-119764","post","type-post","status-publish","format-standard","has-post-thumbnail","category-arte-cultura-spettacoli-scienza-archivi","category-featured","category-pausa-caffe","tag-cesiomaggiore","tag-il-delitto-di-busto-arsizio","tag-roberto-de-nart","tag-silvia-da-pont"],"yoast_head":"<!-- This site is optimized with the Yoast SEO plugin v28.4 - https:\/\/yoast.com\/product\/yoast-seo-wordpress\/ -->\n<title>In libreria. Il delitto di Busto Arsizio, la raccapricciante storia di Silvia Da Pont, 21enne di Cesiomaggiore fatta morire nel 1951 da Carlo Candiani - Bellunopress - Dolomiti<\/title>\n<meta name=\"robots\" content=\"index, follow, max-snippet:-1, max-image-preview:large, max-video-preview:-1\" \/>\n<link rel=\"canonical\" href=\"https:\/\/www.bellunopress.it\/fr\/2020\/12\/05\/in-libreria-il-delitto-di-busto-arsizio-la-raccapricciante-storia-di-silvia-da-pont-21enne-di-cesiomaggiore-fatta-morire-nel-1951-da-carlo-candiani\/\" \/>\n<meta property=\"og:locale\" content=\"fr_FR\" \/>\n<meta property=\"og:type\" content=\"article\" \/>\n<meta property=\"og:title\" content=\"In libreria. Il delitto di Busto Arsizio, la raccapricciante storia di Silvia Da Pont, 21enne di Cesiomaggiore fatta morire nel 1951 da Carlo Candiani - Bellunopress - Dolomiti\" \/>\n<meta property=\"og:description\" content=\"Il delitto di Busto Arsizio, l&#8217;ultimo libro di Roberto De Nart, in libreria per Natale, \u00e8 una storia realmente accaduta. Fu un caso che fece molto scalpore negli anni \u201950 quando accadde. Se ne occuparono anche i grandi giornali come il Corriere d&#8217;Informazione (poi Corriere della Sera) e La Stampa che seguirono tutte le fasi [&hellip;]\" \/>\n<meta property=\"og:url\" content=\"https:\/\/www.bellunopress.it\/fr\/2020\/12\/05\/in-libreria-il-delitto-di-busto-arsizio-la-raccapricciante-storia-di-silvia-da-pont-21enne-di-cesiomaggiore-fatta-morire-nel-1951-da-carlo-candiani\/\" \/>\n<meta property=\"og:site_name\" content=\"Bellunopress - Dolomiti\" \/>\n<meta property=\"article:publisher\" content=\"https:\/\/www.facebook.com\/profile.php?id=100008943462799\" \/>\n<meta property=\"article:published_time\" content=\"2020-12-05T09:45:24+00:00\" \/>\n<meta property=\"article:modified_time\" content=\"2021-11-05T21:53:45+00:00\" \/>\n<meta property=\"og:image\" content=\"https:\/\/www.bellunopress.it\/wp-content\/uploads\/2020\/12\/il-delitto-di-busto-arsizio_edited.jpg\" \/>\n\t<meta property=\"og:image:width\" content=\"533\" \/>\n\t<meta property=\"og:image:height\" content=\"800\" \/>\n\t<meta property=\"og:image:type\" content=\"image\/jpeg\" \/>\n<meta name=\"author\" content=\"redazione\" \/>\n<meta name=\"twitter:card\" content=\"summary_large_image\" \/>\n<meta name=\"twitter:creator\" content=\"@bellunopress\" \/>\n<meta name=\"twitter:site\" content=\"@bellunopress\" \/>\n<meta name=\"twitter:label1\" content=\"\u00c9crit par\" \/>\n\t<meta name=\"twitter:data1\" content=\"redazione\" \/>\n\t<meta name=\"twitter:label2\" content=\"Dur\u00e9e de lecture estim\u00e9e\" \/>\n\t<meta name=\"twitter:data2\" content=\"2 minutes\" \/>\n<script type=\"application\/ld+json\" class=\"yoast-schema-graph\">{\"@context\":\"https:\\\/\\\/schema.org\",\"@graph\":[{\"@type\":\"Article\",\"@id\":\"https:\\\/\\\/www.bellunopress.it\\\/2020\\\/12\\\/05\\\/in-libreria-il-delitto-di-busto-arsizio-la-raccapricciante-storia-di-silvia-da-pont-21enne-di-cesiomaggiore-fatta-morire-nel-1951-da-carlo-candiani\\\/#article\",\"isPartOf\":{\"@id\":\"https:\\\/\\\/www.bellunopress.it\\\/2020\\\/12\\\/05\\\/in-libreria-il-delitto-di-busto-arsizio-la-raccapricciante-storia-di-silvia-da-pont-21enne-di-cesiomaggiore-fatta-morire-nel-1951-da-carlo-candiani\\\/\"},\"author\":{\"name\":\"redazione\",\"@id\":\"https:\\\/\\\/www.bellunopress.it\\\/#\\\/schema\\\/person\\\/79bb06722b37ece1c03d3e94beb30d73\"},\"headline\":\"In libreria. Il delitto di Busto Arsizio, la raccapricciante storia di Silvia Da Pont, 21enne di Cesiomaggiore fatta morire nel 1951 da Carlo Candiani\",\"datePublished\":\"2020-12-05T09:45:24+00:00\",\"dateModified\":\"2021-11-05T21:53:45+00:00\",\"mainEntityOfPage\":{\"@id\":\"https:\\\/\\\/www.bellunopress.it\\\/2020\\\/12\\\/05\\\/in-libreria-il-delitto-di-busto-arsizio-la-raccapricciante-storia-di-silvia-da-pont-21enne-di-cesiomaggiore-fatta-morire-nel-1951-da-carlo-candiani\\\/\"},\"wordCount\":342,\"publisher\":{\"@id\":\"https:\\\/\\\/www.bellunopress.it\\\/#organization\"},\"image\":{\"@id\":\"https:\\\/\\\/www.bellunopress.it\\\/2020\\\/12\\\/05\\\/in-libreria-il-delitto-di-busto-arsizio-la-raccapricciante-storia-di-silvia-da-pont-21enne-di-cesiomaggiore-fatta-morire-nel-1951-da-carlo-candiani\\\/#primaryimage\"},\"thumbnailUrl\":\"https:\\\/\\\/www.bellunopress.it\\\/wp-content\\\/uploads\\\/2020\\\/12\\\/il-delitto-di-busto-arsizio_edited.jpg\",\"keywords\":[\"Cesiomaggiore\",\"Il delitto di Busto Arsizio\",\"Roberto De Nart\",\"Silvia Da Pont\"],\"articleSection\":[\"Arte, Cultura, Spettacoli, Scienza\",\"Featured\",\"Pausa Caff\u00e8\"],\"inLanguage\":\"fr-FR\"},{\"@type\":\"WebPage\",\"@id\":\"https:\\\/\\\/www.bellunopress.it\\\/2020\\\/12\\\/05\\\/in-libreria-il-delitto-di-busto-arsizio-la-raccapricciante-storia-di-silvia-da-pont-21enne-di-cesiomaggiore-fatta-morire-nel-1951-da-carlo-candiani\\\/\",\"url\":\"https:\\\/\\\/www.bellunopress.it\\\/2020\\\/12\\\/05\\\/in-libreria-il-delitto-di-busto-arsizio-la-raccapricciante-storia-di-silvia-da-pont-21enne-di-cesiomaggiore-fatta-morire-nel-1951-da-carlo-candiani\\\/\",\"name\":\"In libreria. Il delitto di Busto Arsizio, la raccapricciante storia di Silvia Da Pont, 21enne di Cesiomaggiore fatta morire nel 1951 da Carlo Candiani - Bellunopress - Dolomiti\",\"isPartOf\":{\"@id\":\"https:\\\/\\\/www.bellunopress.it\\\/#website\"},\"primaryImageOfPage\":{\"@id\":\"https:\\\/\\\/www.bellunopress.it\\\/2020\\\/12\\\/05\\\/in-libreria-il-delitto-di-busto-arsizio-la-raccapricciante-storia-di-silvia-da-pont-21enne-di-cesiomaggiore-fatta-morire-nel-1951-da-carlo-candiani\\\/#primaryimage\"},\"image\":{\"@id\":\"https:\\\/\\\/www.bellunopress.it\\\/2020\\\/12\\\/05\\\/in-libreria-il-delitto-di-busto-arsizio-la-raccapricciante-storia-di-silvia-da-pont-21enne-di-cesiomaggiore-fatta-morire-nel-1951-da-carlo-candiani\\\/#primaryimage\"},\"thumbnailUrl\":\"https:\\\/\\\/www.bellunopress.it\\\/wp-content\\\/uploads\\\/2020\\\/12\\\/il-delitto-di-busto-arsizio_edited.jpg\",\"datePublished\":\"2020-12-05T09:45:24+00:00\",\"dateModified\":\"2021-11-05T21:53:45+00:00\",\"breadcrumb\":{\"@id\":\"https:\\\/\\\/www.bellunopress.it\\\/2020\\\/12\\\/05\\\/in-libreria-il-delitto-di-busto-arsizio-la-raccapricciante-storia-di-silvia-da-pont-21enne-di-cesiomaggiore-fatta-morire-nel-1951-da-carlo-candiani\\\/#breadcrumb\"},\"inLanguage\":\"fr-FR\",\"potentialAction\":[{\"@type\":\"ReadAction\",\"target\":[\"https:\\\/\\\/www.bellunopress.it\\\/2020\\\/12\\\/05\\\/in-libreria-il-delitto-di-busto-arsizio-la-raccapricciante-storia-di-silvia-da-pont-21enne-di-cesiomaggiore-fatta-morire-nel-1951-da-carlo-candiani\\\/\"]}]},{\"@type\":\"ImageObject\",\"inLanguage\":\"fr-FR\",\"@id\":\"https:\\\/\\\/www.bellunopress.it\\\/2020\\\/12\\\/05\\\/in-libreria-il-delitto-di-busto-arsizio-la-raccapricciante-storia-di-silvia-da-pont-21enne-di-cesiomaggiore-fatta-morire-nel-1951-da-carlo-candiani\\\/#primaryimage\",\"url\":\"https:\\\/\\\/www.bellunopress.it\\\/wp-content\\\/uploads\\\/2020\\\/12\\\/il-delitto-di-busto-arsizio_edited.jpg\",\"contentUrl\":\"https:\\\/\\\/www.bellunopress.it\\\/wp-content\\\/uploads\\\/2020\\\/12\\\/il-delitto-di-busto-arsizio_edited.jpg\",\"width\":533,\"height\":800},{\"@type\":\"BreadcrumbList\",\"@id\":\"https:\\\/\\\/www.bellunopress.it\\\/2020\\\/12\\\/05\\\/in-libreria-il-delitto-di-busto-arsizio-la-raccapricciante-storia-di-silvia-da-pont-21enne-di-cesiomaggiore-fatta-morire-nel-1951-da-carlo-candiani\\\/#breadcrumb\",\"itemListElement\":[{\"@type\":\"ListItem\",\"position\":1,\"name\":\"Home\",\"item\":\"https:\\\/\\\/www.bellunopress.it\\\/\"},{\"@type\":\"ListItem\",\"position\":2,\"name\":\"In libreria. Il delitto di Busto Arsizio, la raccapricciante storia di Silvia Da Pont, 21enne di Cesiomaggiore fatta morire nel 1951 da Carlo Candiani\"}]},{\"@type\":\"WebSite\",\"@id\":\"https:\\\/\\\/www.bellunopress.it\\\/#website\",\"url\":\"https:\\\/\\\/www.bellunopress.it\\\/\",\"name\":\"Bellunopress - Dolomiti\",\"description\":\"e-mail: redazione@bellunopress.it\",\"publisher\":{\"@id\":\"https:\\\/\\\/www.bellunopress.it\\\/#organization\"},\"potentialAction\":[{\"@type\":\"SearchAction\",\"target\":{\"@type\":\"EntryPoint\",\"urlTemplate\":\"https:\\\/\\\/www.bellunopress.it\\\/?s={search_term_string}\"},\"query-input\":{\"@type\":\"PropertyValueSpecification\",\"valueRequired\":true,\"valueName\":\"search_term_string\"}}],\"inLanguage\":\"fr-FR\"},{\"@type\":\"Organization\",\"@id\":\"https:\\\/\\\/www.bellunopress.it\\\/#organization\",\"name\":\"Bellunopress\",\"url\":\"https:\\\/\\\/www.bellunopress.it\\\/\",\"logo\":{\"@type\":\"ImageObject\",\"inLanguage\":\"fr-FR\",\"@id\":\"https:\\\/\\\/www.bellunopress.it\\\/#\\\/schema\\\/logo\\\/image\\\/\",\"url\":\"https:\\\/\\\/www.bellunopress.it\\\/wp-content\\\/uploads\\\/2011\\\/05\\\/cropped-logo-bellunopress-.jpg\",\"contentUrl\":\"https:\\\/\\\/www.bellunopress.it\\\/wp-content\\\/uploads\\\/2011\\\/05\\\/cropped-logo-bellunopress-.jpg\",\"width\":512,\"height\":512,\"caption\":\"Bellunopress\"},\"image\":{\"@id\":\"https:\\\/\\\/www.bellunopress.it\\\/#\\\/schema\\\/logo\\\/image\\\/\"},\"sameAs\":[\"https:\\\/\\\/www.facebook.com\\\/profile.php?id=100008943462799\",\"https:\\\/\\\/x.com\\\/bellunopress\",\"https:\\\/\\\/www.linkedin.com\\\/hp\\\/?dnr=JBzUWaJfMUw8vbXJJ2tVW5-I3jZKvC4wsoxE&amp;amp;amp;amp;amp;amp;trk=nav_responsive_tab_home\",\"https:\\\/\\\/www.youtube.com\\\/channel\\\/UCxL0wu1uN0_3_7hGG0306cw\"]},{\"@type\":\"Person\",\"@id\":\"https:\\\/\\\/www.bellunopress.it\\\/#\\\/schema\\\/person\\\/79bb06722b37ece1c03d3e94beb30d73\",\"name\":\"redazione\",\"image\":{\"@type\":\"ImageObject\",\"inLanguage\":\"fr-FR\",\"@id\":\"https:\\\/\\\/secure.gravatar.com\\\/avatar\\\/37d968a2e67a6fd04c169c4bdef102d0bc5d31b2546345219e348575eb80e9a0?s=96&d=mm&r=g\",\"url\":\"https:\\\/\\\/secure.gravatar.com\\\/avatar\\\/37d968a2e67a6fd04c169c4bdef102d0bc5d31b2546345219e348575eb80e9a0?s=96&d=mm&r=g\",\"contentUrl\":\"https:\\\/\\\/secure.gravatar.com\\\/avatar\\\/37d968a2e67a6fd04c169c4bdef102d0bc5d31b2546345219e348575eb80e9a0?s=96&d=mm&r=g\",\"caption\":\"redazione\"},\"sameAs\":[\"http:\\\/\\\/www.bellunopress.it\",\"https:\\\/\\\/x.com\\\/bellunopress\"],\"url\":\"https:\\\/\\\/www.bellunopress.it\\\/fr\\\/author\\\/redazione\\\/\"}]}<\/script>\n<!-- \/ Yoast SEO plugin. -->","yoast_head_json":{"title":"In libreria. Il delitto di Busto Arsizio, la raccapricciante storia di Silvia Da Pont, 21enne di Cesiomaggiore fatta morire nel 1951 da Carlo Candiani - Bellunopress - Dolomiti","robots":{"index":"index","follow":"follow","max-snippet":"max-snippet:-1","max-image-preview":"max-image-preview:large","max-video-preview":"max-video-preview:-1"},"canonical":"https:\/\/www.bellunopress.it\/fr\/2020\/12\/05\/in-libreria-il-delitto-di-busto-arsizio-la-raccapricciante-storia-di-silvia-da-pont-21enne-di-cesiomaggiore-fatta-morire-nel-1951-da-carlo-candiani\/","og_locale":"fr_FR","og_type":"article","og_title":"In libreria. Il delitto di Busto Arsizio, la raccapricciante storia di Silvia Da Pont, 21enne di Cesiomaggiore fatta morire nel 1951 da Carlo Candiani - Bellunopress - Dolomiti","og_description":"Il delitto di Busto Arsizio, l&#8217;ultimo libro di Roberto De Nart, in libreria per Natale, \u00e8 una storia realmente accaduta. Fu un caso che fece molto scalpore negli anni \u201950 quando accadde. Se ne occuparono anche i grandi giornali come il Corriere d&#8217;Informazione (poi Corriere della Sera) e La Stampa che seguirono tutte le fasi [&hellip;]","og_url":"https:\/\/www.bellunopress.it\/fr\/2020\/12\/05\/in-libreria-il-delitto-di-busto-arsizio-la-raccapricciante-storia-di-silvia-da-pont-21enne-di-cesiomaggiore-fatta-morire-nel-1951-da-carlo-candiani\/","og_site_name":"Bellunopress - Dolomiti","article_publisher":"https:\/\/www.facebook.com\/profile.php?id=100008943462799","article_published_time":"2020-12-05T09:45:24+00:00","article_modified_time":"2021-11-05T21:53:45+00:00","og_image":[{"width":533,"height":800,"url":"https:\/\/www.bellunopress.it\/wp-content\/uploads\/2020\/12\/il-delitto-di-busto-arsizio_edited.jpg","type":"image\/jpeg"}],"author":"redazione","twitter_card":"summary_large_image","twitter_creator":"@bellunopress","twitter_site":"@bellunopress","twitter_misc":{"\u00c9crit par":"redazione","Dur\u00e9e de lecture estim\u00e9e":"2 minutes"},"schema":{"@context":"https:\/\/schema.org","@graph":[{"@type":"Article","@id":"https:\/\/www.bellunopress.it\/2020\/12\/05\/in-libreria-il-delitto-di-busto-arsizio-la-raccapricciante-storia-di-silvia-da-pont-21enne-di-cesiomaggiore-fatta-morire-nel-1951-da-carlo-candiani\/#article","isPartOf":{"@id":"https:\/\/www.bellunopress.it\/2020\/12\/05\/in-libreria-il-delitto-di-busto-arsizio-la-raccapricciante-storia-di-silvia-da-pont-21enne-di-cesiomaggiore-fatta-morire-nel-1951-da-carlo-candiani\/"},"author":{"name":"redazione","@id":"https:\/\/www.bellunopress.it\/#\/schema\/person\/79bb06722b37ece1c03d3e94beb30d73"},"headline":"In libreria. Il delitto di Busto Arsizio, la raccapricciante storia di Silvia Da Pont, 21enne di Cesiomaggiore fatta morire nel 1951 da Carlo Candiani","datePublished":"2020-12-05T09:45:24+00:00","dateModified":"2021-11-05T21:53:45+00:00","mainEntityOfPage":{"@id":"https:\/\/www.bellunopress.it\/2020\/12\/05\/in-libreria-il-delitto-di-busto-arsizio-la-raccapricciante-storia-di-silvia-da-pont-21enne-di-cesiomaggiore-fatta-morire-nel-1951-da-carlo-candiani\/"},"wordCount":342,"publisher":{"@id":"https:\/\/www.bellunopress.it\/#organization"},"image":{"@id":"https:\/\/www.bellunopress.it\/2020\/12\/05\/in-libreria-il-delitto-di-busto-arsizio-la-raccapricciante-storia-di-silvia-da-pont-21enne-di-cesiomaggiore-fatta-morire-nel-1951-da-carlo-candiani\/#primaryimage"},"thumbnailUrl":"https:\/\/www.bellunopress.it\/wp-content\/uploads\/2020\/12\/il-delitto-di-busto-arsizio_edited.jpg","keywords":["Cesiomaggiore","Il delitto di Busto Arsizio","Roberto De Nart","Silvia Da Pont"],"articleSection":["Arte, Cultura, Spettacoli, Scienza","Featured","Pausa Caff\u00e8"],"inLanguage":"fr-FR"},{"@type":"WebPage","@id":"https:\/\/www.bellunopress.it\/2020\/12\/05\/in-libreria-il-delitto-di-busto-arsizio-la-raccapricciante-storia-di-silvia-da-pont-21enne-di-cesiomaggiore-fatta-morire-nel-1951-da-carlo-candiani\/","url":"https:\/\/www.bellunopress.it\/2020\/12\/05\/in-libreria-il-delitto-di-busto-arsizio-la-raccapricciante-storia-di-silvia-da-pont-21enne-di-cesiomaggiore-fatta-morire-nel-1951-da-carlo-candiani\/","name":"In libreria. Il delitto di Busto Arsizio, la raccapricciante storia di Silvia Da Pont, 21enne di Cesiomaggiore fatta morire nel 1951 da Carlo Candiani - Bellunopress - Dolomiti","isPartOf":{"@id":"https:\/\/www.bellunopress.it\/#website"},"primaryImageOfPage":{"@id":"https:\/\/www.bellunopress.it\/2020\/12\/05\/in-libreria-il-delitto-di-busto-arsizio-la-raccapricciante-storia-di-silvia-da-pont-21enne-di-cesiomaggiore-fatta-morire-nel-1951-da-carlo-candiani\/#primaryimage"},"image":{"@id":"https:\/\/www.bellunopress.it\/2020\/12\/05\/in-libreria-il-delitto-di-busto-arsizio-la-raccapricciante-storia-di-silvia-da-pont-21enne-di-cesiomaggiore-fatta-morire-nel-1951-da-carlo-candiani\/#primaryimage"},"thumbnailUrl":"https:\/\/www.bellunopress.it\/wp-content\/uploads\/2020\/12\/il-delitto-di-busto-arsizio_edited.jpg","datePublished":"2020-12-05T09:45:24+00:00","dateModified":"2021-11-05T21:53:45+00:00","breadcrumb":{"@id":"https:\/\/www.bellunopress.it\/2020\/12\/05\/in-libreria-il-delitto-di-busto-arsizio-la-raccapricciante-storia-di-silvia-da-pont-21enne-di-cesiomaggiore-fatta-morire-nel-1951-da-carlo-candiani\/#breadcrumb"},"inLanguage":"fr-FR","potentialAction":[{"@type":"ReadAction","target":["https:\/\/www.bellunopress.it\/2020\/12\/05\/in-libreria-il-delitto-di-busto-arsizio-la-raccapricciante-storia-di-silvia-da-pont-21enne-di-cesiomaggiore-fatta-morire-nel-1951-da-carlo-candiani\/"]}]},{"@type":"ImageObject","inLanguage":"fr-FR","@id":"https:\/\/www.bellunopress.it\/2020\/12\/05\/in-libreria-il-delitto-di-busto-arsizio-la-raccapricciante-storia-di-silvia-da-pont-21enne-di-cesiomaggiore-fatta-morire-nel-1951-da-carlo-candiani\/#primaryimage","url":"https:\/\/www.bellunopress.it\/wp-content\/uploads\/2020\/12\/il-delitto-di-busto-arsizio_edited.jpg","contentUrl":"https:\/\/www.bellunopress.it\/wp-content\/uploads\/2020\/12\/il-delitto-di-busto-arsizio_edited.jpg","width":533,"height":800},{"@type":"BreadcrumbList","@id":"https:\/\/www.bellunopress.it\/2020\/12\/05\/in-libreria-il-delitto-di-busto-arsizio-la-raccapricciante-storia-di-silvia-da-pont-21enne-di-cesiomaggiore-fatta-morire-nel-1951-da-carlo-candiani\/#breadcrumb","itemListElement":[{"@type":"ListItem","position":1,"name":"Home","item":"https:\/\/www.bellunopress.it\/"},{"@type":"ListItem","position":2,"name":"In libreria. Il delitto di Busto Arsizio, la raccapricciante storia di Silvia Da Pont, 21enne di Cesiomaggiore fatta morire nel 1951 da Carlo Candiani"}]},{"@type":"WebSite","@id":"https:\/\/www.bellunopress.it\/#website","url":"https:\/\/www.bellunopress.it\/","name":"Bellunopress - Dolomiti","description":"e-mail: redazione@bellunopress.it","publisher":{"@id":"https:\/\/www.bellunopress.it\/#organization"},"potentialAction":[{"@type":"SearchAction","target":{"@type":"EntryPoint","urlTemplate":"https:\/\/www.bellunopress.it\/?s={search_term_string}"},"query-input":{"@type":"PropertyValueSpecification","valueRequired":true,"valueName":"search_term_string"}}],"inLanguage":"fr-FR"},{"@type":"Organization","@id":"https:\/\/www.bellunopress.it\/#organization","name":"Bellunopress","url":"https:\/\/www.bellunopress.it\/","logo":{"@type":"ImageObject","inLanguage":"fr-FR","@id":"https:\/\/www.bellunopress.it\/#\/schema\/logo\/image\/","url":"https:\/\/www.bellunopress.it\/wp-content\/uploads\/2011\/05\/cropped-logo-bellunopress-.jpg","contentUrl":"https:\/\/www.bellunopress.it\/wp-content\/uploads\/2011\/05\/cropped-logo-bellunopress-.jpg","width":512,"height":512,"caption":"Bellunopress"},"image":{"@id":"https:\/\/www.bellunopress.it\/#\/schema\/logo\/image\/"},"sameAs":["https:\/\/www.facebook.com\/profile.php?id=100008943462799","https:\/\/x.com\/bellunopress","https:\/\/www.linkedin.com\/hp\/?dnr=JBzUWaJfMUw8vbXJJ2tVW5-I3jZKvC4wsoxE&amp;amp;amp;amp;amp;amp;trk=nav_responsive_tab_home","https:\/\/www.youtube.com\/channel\/UCxL0wu1uN0_3_7hGG0306cw"]},{"@type":"Person","@id":"https:\/\/www.bellunopress.it\/#\/schema\/person\/79bb06722b37ece1c03d3e94beb30d73","name":"r\u00e9daction","image":{"@type":"ImageObject","inLanguage":"fr-FR","@id":"https:\/\/secure.gravatar.com\/avatar\/37d968a2e67a6fd04c169c4bdef102d0bc5d31b2546345219e348575eb80e9a0?s=96&d=mm&r=g","url":"https:\/\/secure.gravatar.com\/avatar\/37d968a2e67a6fd04c169c4bdef102d0bc5d31b2546345219e348575eb80e9a0?s=96&d=mm&r=g","contentUrl":"https:\/\/secure.gravatar.com\/avatar\/37d968a2e67a6fd04c169c4bdef102d0bc5d31b2546345219e348575eb80e9a0?s=96&d=mm&r=g","caption":"redazione"},"sameAs":["http:\/\/www.bellunopress.it","https:\/\/x.com\/bellunopress"],"url":"https:\/\/www.bellunopress.it\/fr\/author\/redazione\/"}]}},"_links":{"self":[{"href":"https:\/\/www.bellunopress.it\/fr\/wp-json\/wp\/v2\/posts\/119764","targetHints":{"allow":["GET"]}}],"collection":[{"href":"https:\/\/www.bellunopress.it\/fr\/wp-json\/wp\/v2\/posts"}],"about":[{"href":"https:\/\/www.bellunopress.it\/fr\/wp-json\/wp\/v2\/types\/post"}],"author":[{"embeddable":true,"href":"https:\/\/www.bellunopress.it\/fr\/wp-json\/wp\/v2\/users\/2"}],"replies":[{"embeddable":true,"href":"https:\/\/www.bellunopress.it\/fr\/wp-json\/wp\/v2\/comments?post=119764"}],"version-history":[{"count":3,"href":"https:\/\/www.bellunopress.it\/fr\/wp-json\/wp\/v2\/posts\/119764\/revisions"}],"predecessor-version":[{"id":129070,"href":"https:\/\/www.bellunopress.it\/fr\/wp-json\/wp\/v2\/posts\/119764\/revisions\/129070"}],"wp:featuredmedia":[{"embeddable":true,"href":"https:\/\/www.bellunopress.it\/fr\/wp-json\/wp\/v2\/media\/119755"}],"wp:attachment":[{"href":"https:\/\/www.bellunopress.it\/fr\/wp-json\/wp\/v2\/media?parent=119764"}],"wp:term":[{"taxonomy":"category","embeddable":true,"href":"https:\/\/www.bellunopress.it\/fr\/wp-json\/wp\/v2\/categories?post=119764"},{"taxonomy":"post_tag","embeddable":true,"href":"https:\/\/www.bellunopress.it\/fr\/wp-json\/wp\/v2\/tags?post=119764"}],"curies":[{"name":"wp","href":"https:\/\/api.w.org\/{rel}","templated":true}]}}