{"id":119762,"date":"2020-12-05T10:01:52","date_gmt":"2020-12-05T09:01:52","guid":{"rendered":"http:\/\/www.bellunopress.it\/?p=119762"},"modified":"2020-12-05T10:01:52","modified_gmt":"2020-12-05T09:01:52","slug":"fondo-per-le-aree-montane-210-milioni-bussone-unimportante-misura-per-lo-sviluppo-locale","status":"publish","type":"post","link":"https:\/\/www.bellunopress.it\/fr\/2020\/12\/05\/fondo-per-le-aree-montane-210-milioni-bussone-unimportante-misura-per-lo-sviluppo-locale\/","title":{"rendered":"Fondo per le aree montane, 210 milioni. Bussone: &#8220;Un&#8217;importante misura per lo sviluppo locale&#8221;"},"content":{"rendered":"<p><a href=\"http:\/\/www.bellunopress.it\/fr\/2018\/10\/23\/mattarella-su-piccoli-comuni-e-territori-montani-bussone-uncem-parole-preziose-che-impegnano-il-parlamento-ad-agire-sullattuazione-della-legge-158\/uncem\/\" rel=\"attachment wp-att-98868\"><img loading=\"lazy\" decoding=\"async\" class=\"alignleft size-full wp-image-98868\" src=\"http:\/\/www.bellunopress.it\/wp-content\/uploads\/2018\/10\/Uncem.jpg\" alt=\"\" width=\"300\" height=\"150\" \/><\/a>\u00c8 in Gazzetta Ufficiale da ieri sera il Decreto varato dal Governo il 15 settembre 2020 che ripartisce tra i Comuni delle aree interne e montane italiani 210 milioni di euro per il sostegno alle attivit\u00e0 produttive economiche, artigianali e commerciali dei territori. 3.101 Comuni saranno beneficiari, per un totale di 4.171.667 abitanti italiani coinvolti. 210 milioni spalmati su tre annualit\u00e0, ma i fondi del 2020 saranno da spendere subito, entro il 31 dicembre. &#8220;I Comuni dovranno agire in fretta per il bando e per consentire alle imprese, ai negozi, alle attivit\u00e0, di investire le risorse &#8211; precisa Marco Bussone, Presidente Uncem &#8211; Sono finanziamenti importantissimi per le imprese dei territori. Ringrazio il past president Uncem, Enrico Borghi che da Deputato ha presentato quell&#8217;emendamento per i 210milioni lo scorso anno sulla legge di bilancio. Ora al lavoro con tutti i Comuni beneficiari per investire bene le risorse, nel sostenere circa 200mila imprese italiane. Aiuteremo i Comuni come ci ha anche chiesto il Ministro Giuseppe Provenzano che ha predisposto il Decreto&#8221;.<\/p>\n<p>La misura \u00e8 nata all&#8217;interno delle politiche nazionali per le Aree interne. Si affianca agli importanti investimenti che 72 aree pilota del Paese stanno facendo da alcuni anni, grazie a quasi 600milioni di euro di risorse statali ed europee regionalizzate. Operano per riorganizzare i servizi (scuole, trasporti, sanit\u00e0) e per generare crescita, sviluppo sociale ed economico. &#8220;Uncem chiedeva da tempo risorse per le imprese &#8211; aggiunge Marco Bussone &#8211; unite a una fiscalit\u00e0 differenziata e peculiare alla quale stiamo ancora lavorando e chiediamo attenzione e interventi alle Istituzioni nazionali e regionali. Questo stanziamento a 3.101 Enti, a 200mila imprese, risponde in pieno e attua quanto scritto nella legge 158 del 2017 sui piccoli Comuni. E cio\u00e9 che i nostri piccoli commercianti e le imprese hanno nei territori un ruolo sociale oltre che economico. Lo Stato deve intervenire, interviene oggi tramite gli Enti locali per restituire competitivit\u00e0 e generare coesione. Lavoreremo con gli Enti che lo desiderano per rendere questo contributo alle imprese capace di essere leva di sviluppo, sia tramite le esistenti sia per le nuove imprese. Questo stanziamento deve essere utilizzato per rigenerare territori e renderli pi\u00f9 competitivi, pi\u00f9 forti, riducendo le sperequazioni e i sovracosti strutturali. Non smetteremo poi di lavorare sul piano culturale. &#8216;Compra in valle, il tuo paese vivr\u00e0&#8217; \u00e8 il claim dell&#8217;impegno di Uncem con i Comuni. Questi 210 milioni sono un passo importantissimo verso crescita e inclusione&#8221;.<\/p>\n<p><strong>Beneficiari dei 210 milioni di euro<\/strong><br \/>\nPer la definizione della platea dei Comuni beneficiari \u00e8 stato utilizzato il criterio della perifericit\u00e0 e della minore dimensione demografica. La classificazione risale al 2014 ed \u00e8 stata promossa all&#8217;interno della Strategia nazionale per le Aree interne.<\/p>\n<p><strong>Quali aziende da sostenere<\/strong><br \/>\nI Comuni possono utilizzare il contributo assegnato con il Dpcm firmato dal Sottosegretario Fraccaro, per la realizzazione di azioni di sostegno economico in favore di piccole e micro imprese, anche al fine di contenere l&#8217;impatto dell&#8217;epidemia da Covid-19, che: svolgano attivit\u00e0 economiche attraverso un&#8217;unit\u00e0 operativa ubicata nei territori dei Comuni, ovvero intraprendano nuove attivit\u00e0 economiche nei suddetti territori comunali; sono regolarmente costituite e iscritte al registro delle imprese; non sono in stato di liquidazione o di fallimento e non sono soggette a procedure di fallimento o di concordato preventivo.<\/p>\n<p><strong>Quali azioni di sostegno<\/strong><br \/>\nLe azioni di sostegno economico possono ricomprendere: erogazione di contributi a fondo perduto per spese di gestione; iniziative che agevolino la ristrutturazione, l&#8217;ammodernamento, l&#8217;ampliamento per innovazione di prodotto e di processo di attivit\u00e0 artigianali e commerciali, incluse le innovazioni tecnologiche indotte dalla digitalizzazione dei processi di marketing on line e di vendita a distanza, attraverso l&#8217;attribuzione alle imprese di contributi in conto capitale ovvero l&#8217;erogazione di contributi a fondo perduto per l&#8217;acquisto di macchinari, impianti, arredi e attrezzature varie, per investimenti immateriali, per opere murarie e impiantistiche necessarie per l&#8217;installazione e il collegamento dei macchinari e dei nuovi impianti produttivi acquisiti.<\/p>","protected":false},"excerpt":{"rendered":"<p>\u00c8 in Gazzetta Ufficiale da ieri sera il Decreto varato dal Governo il 15 settembre 2020 che ripartisce tra i Comuni delle aree interne e montane italiani 210 milioni di euro per il sostegno alle attivit\u00e0 produttive economiche, artigianali e commerciali dei territori. 3.101 Comuni saranno beneficiari, per un totale di 4.171.667 abitanti italiani coinvolti. [&hellip;]<\/p>\n","protected":false},"author":2,"featured_media":98868,"comment_status":"closed","ping_status":"open","sticky":false,"template":"","format":"standard","meta":{"footnotes":""},"categories":[5,36,26],"tags":[],"class_list":["post-119762","post","type-post","status-publish","format-standard","has-post-thumbnail","category-cronaca","category-lavoro-economia","category-prima-pagina"],"yoast_head":"<!-- This site is optimized with the Yoast SEO plugin v28.4 - https:\/\/yoast.com\/product\/yoast-seo-wordpress\/ -->\n<title>Fondo per le aree montane, 210 milioni. Bussone: &quot;Un&#039;importante misura per lo sviluppo locale&quot; - Bellunopress - Dolomiti<\/title>\n<meta name=\"robots\" content=\"index, follow, max-snippet:-1, max-image-preview:large, max-video-preview:-1\" \/>\n<link rel=\"canonical\" href=\"https:\/\/www.bellunopress.it\/fr\/2020\/12\/05\/fondo-per-le-aree-montane-210-milioni-bussone-unimportante-misura-per-lo-sviluppo-locale\/\" \/>\n<meta property=\"og:locale\" content=\"fr_FR\" \/>\n<meta property=\"og:type\" content=\"article\" \/>\n<meta property=\"og:title\" content=\"Fondo per le aree montane, 210 milioni. Bussone: &quot;Un&#039;importante misura per lo sviluppo locale&quot; - Bellunopress - Dolomiti\" \/>\n<meta property=\"og:description\" content=\"\u00c8 in Gazzetta Ufficiale da ieri sera il Decreto varato dal Governo il 15 settembre 2020 che ripartisce tra i Comuni delle aree interne e montane italiani 210 milioni di euro per il sostegno alle attivit\u00e0 produttive economiche, artigianali e commerciali dei territori. 3.101 Comuni saranno beneficiari, per un totale di 4.171.667 abitanti italiani coinvolti. [&hellip;]\" \/>\n<meta property=\"og:url\" content=\"https:\/\/www.bellunopress.it\/fr\/2020\/12\/05\/fondo-per-le-aree-montane-210-milioni-bussone-unimportante-misura-per-lo-sviluppo-locale\/\" \/>\n<meta property=\"og:site_name\" content=\"Bellunopress - Dolomiti\" \/>\n<meta property=\"article:publisher\" content=\"https:\/\/www.facebook.com\/profile.php?id=100008943462799\" \/>\n<meta property=\"article:published_time\" content=\"2020-12-05T09:01:52+00:00\" \/>\n<meta property=\"og:image\" content=\"https:\/\/www.bellunopress.it\/wp-content\/uploads\/2018\/10\/Uncem.jpg\" \/>\n\t<meta property=\"og:image:width\" content=\"300\" \/>\n\t<meta property=\"og:image:height\" content=\"150\" \/>\n\t<meta property=\"og:image:type\" content=\"image\/jpeg\" \/>\n<meta name=\"author\" content=\"redazione\" \/>\n<meta name=\"twitter:card\" content=\"summary_large_image\" \/>\n<meta name=\"twitter:creator\" content=\"@bellunopress\" \/>\n<meta name=\"twitter:site\" content=\"@bellunopress\" \/>\n<meta name=\"twitter:label1\" content=\"\u00c9crit par\" \/>\n\t<meta name=\"twitter:data1\" content=\"redazione\" \/>\n\t<meta name=\"twitter:label2\" content=\"Dur\u00e9e de lecture estim\u00e9e\" \/>\n\t<meta name=\"twitter:data2\" content=\"3 minutes\" \/>\n<script type=\"application\/ld+json\" class=\"yoast-schema-graph\">{\"@context\":\"https:\\\/\\\/schema.org\",\"@graph\":[{\"@type\":\"Article\",\"@id\":\"https:\\\/\\\/www.bellunopress.it\\\/2020\\\/12\\\/05\\\/fondo-per-le-aree-montane-210-milioni-bussone-unimportante-misura-per-lo-sviluppo-locale\\\/#article\",\"isPartOf\":{\"@id\":\"https:\\\/\\\/www.bellunopress.it\\\/2020\\\/12\\\/05\\\/fondo-per-le-aree-montane-210-milioni-bussone-unimportante-misura-per-lo-sviluppo-locale\\\/\"},\"author\":{\"name\":\"redazione\",\"@id\":\"https:\\\/\\\/www.bellunopress.it\\\/#\\\/schema\\\/person\\\/79bb06722b37ece1c03d3e94beb30d73\"},\"headline\":\"Fondo per le aree montane, 210 milioni. Bussone: &#8220;Un&#8217;importante misura per lo sviluppo locale&#8221;\",\"datePublished\":\"2020-12-05T09:01:52+00:00\",\"mainEntityOfPage\":{\"@id\":\"https:\\\/\\\/www.bellunopress.it\\\/2020\\\/12\\\/05\\\/fondo-per-le-aree-montane-210-milioni-bussone-unimportante-misura-per-lo-sviluppo-locale\\\/\"},\"wordCount\":651,\"publisher\":{\"@id\":\"https:\\\/\\\/www.bellunopress.it\\\/#organization\"},\"image\":{\"@id\":\"https:\\\/\\\/www.bellunopress.it\\\/2020\\\/12\\\/05\\\/fondo-per-le-aree-montane-210-milioni-bussone-unimportante-misura-per-lo-sviluppo-locale\\\/#primaryimage\"},\"thumbnailUrl\":\"https:\\\/\\\/www.bellunopress.it\\\/wp-content\\\/uploads\\\/2018\\\/10\\\/Uncem.jpg\",\"articleSection\":[\"Cronaca\\\/Politica\",\"Lavoro, Economia, Turismo\",\"Prima Pagina\"],\"inLanguage\":\"fr-FR\"},{\"@type\":\"WebPage\",\"@id\":\"https:\\\/\\\/www.bellunopress.it\\\/2020\\\/12\\\/05\\\/fondo-per-le-aree-montane-210-milioni-bussone-unimportante-misura-per-lo-sviluppo-locale\\\/\",\"url\":\"https:\\\/\\\/www.bellunopress.it\\\/2020\\\/12\\\/05\\\/fondo-per-le-aree-montane-210-milioni-bussone-unimportante-misura-per-lo-sviluppo-locale\\\/\",\"name\":\"Fondo per le aree montane, 210 milioni. Bussone: \\\"Un'importante misura per lo sviluppo locale\\\" - Bellunopress - Dolomiti\",\"isPartOf\":{\"@id\":\"https:\\\/\\\/www.bellunopress.it\\\/#website\"},\"primaryImageOfPage\":{\"@id\":\"https:\\\/\\\/www.bellunopress.it\\\/2020\\\/12\\\/05\\\/fondo-per-le-aree-montane-210-milioni-bussone-unimportante-misura-per-lo-sviluppo-locale\\\/#primaryimage\"},\"image\":{\"@id\":\"https:\\\/\\\/www.bellunopress.it\\\/2020\\\/12\\\/05\\\/fondo-per-le-aree-montane-210-milioni-bussone-unimportante-misura-per-lo-sviluppo-locale\\\/#primaryimage\"},\"thumbnailUrl\":\"https:\\\/\\\/www.bellunopress.it\\\/wp-content\\\/uploads\\\/2018\\\/10\\\/Uncem.jpg\",\"datePublished\":\"2020-12-05T09:01:52+00:00\",\"breadcrumb\":{\"@id\":\"https:\\\/\\\/www.bellunopress.it\\\/2020\\\/12\\\/05\\\/fondo-per-le-aree-montane-210-milioni-bussone-unimportante-misura-per-lo-sviluppo-locale\\\/#breadcrumb\"},\"inLanguage\":\"fr-FR\",\"potentialAction\":[{\"@type\":\"ReadAction\",\"target\":[\"https:\\\/\\\/www.bellunopress.it\\\/2020\\\/12\\\/05\\\/fondo-per-le-aree-montane-210-milioni-bussone-unimportante-misura-per-lo-sviluppo-locale\\\/\"]}]},{\"@type\":\"ImageObject\",\"inLanguage\":\"fr-FR\",\"@id\":\"https:\\\/\\\/www.bellunopress.it\\\/2020\\\/12\\\/05\\\/fondo-per-le-aree-montane-210-milioni-bussone-unimportante-misura-per-lo-sviluppo-locale\\\/#primaryimage\",\"url\":\"https:\\\/\\\/www.bellunopress.it\\\/wp-content\\\/uploads\\\/2018\\\/10\\\/Uncem.jpg\",\"contentUrl\":\"https:\\\/\\\/www.bellunopress.it\\\/wp-content\\\/uploads\\\/2018\\\/10\\\/Uncem.jpg\",\"width\":300,\"height\":150},{\"@type\":\"BreadcrumbList\",\"@id\":\"https:\\\/\\\/www.bellunopress.it\\\/2020\\\/12\\\/05\\\/fondo-per-le-aree-montane-210-milioni-bussone-unimportante-misura-per-lo-sviluppo-locale\\\/#breadcrumb\",\"itemListElement\":[{\"@type\":\"ListItem\",\"position\":1,\"name\":\"Home\",\"item\":\"https:\\\/\\\/www.bellunopress.it\\\/\"},{\"@type\":\"ListItem\",\"position\":2,\"name\":\"Fondo per le aree montane, 210 milioni. Bussone: &#8220;Un&#8217;importante misura per lo sviluppo locale&#8221;\"}]},{\"@type\":\"WebSite\",\"@id\":\"https:\\\/\\\/www.bellunopress.it\\\/#website\",\"url\":\"https:\\\/\\\/www.bellunopress.it\\\/\",\"name\":\"Bellunopress - Dolomiti\",\"description\":\"e-mail: redazione@bellunopress.it\",\"publisher\":{\"@id\":\"https:\\\/\\\/www.bellunopress.it\\\/#organization\"},\"potentialAction\":[{\"@type\":\"SearchAction\",\"target\":{\"@type\":\"EntryPoint\",\"urlTemplate\":\"https:\\\/\\\/www.bellunopress.it\\\/?s={search_term_string}\"},\"query-input\":{\"@type\":\"PropertyValueSpecification\",\"valueRequired\":true,\"valueName\":\"search_term_string\"}}],\"inLanguage\":\"fr-FR\"},{\"@type\":\"Organization\",\"@id\":\"https:\\\/\\\/www.bellunopress.it\\\/#organization\",\"name\":\"Bellunopress\",\"url\":\"https:\\\/\\\/www.bellunopress.it\\\/\",\"logo\":{\"@type\":\"ImageObject\",\"inLanguage\":\"fr-FR\",\"@id\":\"https:\\\/\\\/www.bellunopress.it\\\/#\\\/schema\\\/logo\\\/image\\\/\",\"url\":\"https:\\\/\\\/www.bellunopress.it\\\/wp-content\\\/uploads\\\/2011\\\/05\\\/cropped-logo-bellunopress-.jpg\",\"contentUrl\":\"https:\\\/\\\/www.bellunopress.it\\\/wp-content\\\/uploads\\\/2011\\\/05\\\/cropped-logo-bellunopress-.jpg\",\"width\":512,\"height\":512,\"caption\":\"Bellunopress\"},\"image\":{\"@id\":\"https:\\\/\\\/www.bellunopress.it\\\/#\\\/schema\\\/logo\\\/image\\\/\"},\"sameAs\":[\"https:\\\/\\\/www.facebook.com\\\/profile.php?id=100008943462799\",\"https:\\\/\\\/x.com\\\/bellunopress\",\"https:\\\/\\\/www.linkedin.com\\\/hp\\\/?dnr=JBzUWaJfMUw8vbXJJ2tVW5-I3jZKvC4wsoxE&amp;amp;amp;amp;amp;amp;trk=nav_responsive_tab_home\",\"https:\\\/\\\/www.youtube.com\\\/channel\\\/UCxL0wu1uN0_3_7hGG0306cw\"]},{\"@type\":\"Person\",\"@id\":\"https:\\\/\\\/www.bellunopress.it\\\/#\\\/schema\\\/person\\\/79bb06722b37ece1c03d3e94beb30d73\",\"name\":\"redazione\",\"image\":{\"@type\":\"ImageObject\",\"inLanguage\":\"fr-FR\",\"@id\":\"https:\\\/\\\/secure.gravatar.com\\\/avatar\\\/37d968a2e67a6fd04c169c4bdef102d0bc5d31b2546345219e348575eb80e9a0?s=96&d=mm&r=g\",\"url\":\"https:\\\/\\\/secure.gravatar.com\\\/avatar\\\/37d968a2e67a6fd04c169c4bdef102d0bc5d31b2546345219e348575eb80e9a0?s=96&d=mm&r=g\",\"contentUrl\":\"https:\\\/\\\/secure.gravatar.com\\\/avatar\\\/37d968a2e67a6fd04c169c4bdef102d0bc5d31b2546345219e348575eb80e9a0?s=96&d=mm&r=g\",\"caption\":\"redazione\"},\"sameAs\":[\"http:\\\/\\\/www.bellunopress.it\",\"https:\\\/\\\/x.com\\\/bellunopress\"],\"url\":\"https:\\\/\\\/www.bellunopress.it\\\/fr\\\/author\\\/redazione\\\/\"}]}<\/script>\n<!-- \/ Yoast SEO plugin. -->","yoast_head_json":{"title":"Fondo per le aree montane, 210 milioni. Bussone: \"Un'importante misura per lo sviluppo locale\" - Bellunopress - Dolomiti","robots":{"index":"index","follow":"follow","max-snippet":"max-snippet:-1","max-image-preview":"max-image-preview:large","max-video-preview":"max-video-preview:-1"},"canonical":"https:\/\/www.bellunopress.it\/fr\/2020\/12\/05\/fondo-per-le-aree-montane-210-milioni-bussone-unimportante-misura-per-lo-sviluppo-locale\/","og_locale":"fr_FR","og_type":"article","og_title":"Fondo per le aree montane, 210 milioni. Bussone: \"Un'importante misura per lo sviluppo locale\" - Bellunopress - Dolomiti","og_description":"\u00c8 in Gazzetta Ufficiale da ieri sera il Decreto varato dal Governo il 15 settembre 2020 che ripartisce tra i Comuni delle aree interne e montane italiani 210 milioni di euro per il sostegno alle attivit\u00e0 produttive economiche, artigianali e commerciali dei territori. 3.101 Comuni saranno beneficiari, per un totale di 4.171.667 abitanti italiani coinvolti. [&hellip;]","og_url":"https:\/\/www.bellunopress.it\/fr\/2020\/12\/05\/fondo-per-le-aree-montane-210-milioni-bussone-unimportante-misura-per-lo-sviluppo-locale\/","og_site_name":"Bellunopress - Dolomiti","article_publisher":"https:\/\/www.facebook.com\/profile.php?id=100008943462799","article_published_time":"2020-12-05T09:01:52+00:00","og_image":[{"width":300,"height":150,"url":"https:\/\/www.bellunopress.it\/wp-content\/uploads\/2018\/10\/Uncem.jpg","type":"image\/jpeg"}],"author":"redazione","twitter_card":"summary_large_image","twitter_creator":"@bellunopress","twitter_site":"@bellunopress","twitter_misc":{"\u00c9crit par":"redazione","Dur\u00e9e de lecture estim\u00e9e":"3 minutes"},"schema":{"@context":"https:\/\/schema.org","@graph":[{"@type":"Article","@id":"https:\/\/www.bellunopress.it\/2020\/12\/05\/fondo-per-le-aree-montane-210-milioni-bussone-unimportante-misura-per-lo-sviluppo-locale\/#article","isPartOf":{"@id":"https:\/\/www.bellunopress.it\/2020\/12\/05\/fondo-per-le-aree-montane-210-milioni-bussone-unimportante-misura-per-lo-sviluppo-locale\/"},"author":{"name":"redazione","@id":"https:\/\/www.bellunopress.it\/#\/schema\/person\/79bb06722b37ece1c03d3e94beb30d73"},"headline":"Fondo per le aree montane, 210 milioni. Bussone: &#8220;Un&#8217;importante misura per lo sviluppo locale&#8221;","datePublished":"2020-12-05T09:01:52+00:00","mainEntityOfPage":{"@id":"https:\/\/www.bellunopress.it\/2020\/12\/05\/fondo-per-le-aree-montane-210-milioni-bussone-unimportante-misura-per-lo-sviluppo-locale\/"},"wordCount":651,"publisher":{"@id":"https:\/\/www.bellunopress.it\/#organization"},"image":{"@id":"https:\/\/www.bellunopress.it\/2020\/12\/05\/fondo-per-le-aree-montane-210-milioni-bussone-unimportante-misura-per-lo-sviluppo-locale\/#primaryimage"},"thumbnailUrl":"https:\/\/www.bellunopress.it\/wp-content\/uploads\/2018\/10\/Uncem.jpg","articleSection":["Cronaca\/Politica","Lavoro, Economia, Turismo","Prima Pagina"],"inLanguage":"fr-FR"},{"@type":"WebPage","@id":"https:\/\/www.bellunopress.it\/2020\/12\/05\/fondo-per-le-aree-montane-210-milioni-bussone-unimportante-misura-per-lo-sviluppo-locale\/","url":"https:\/\/www.bellunopress.it\/2020\/12\/05\/fondo-per-le-aree-montane-210-milioni-bussone-unimportante-misura-per-lo-sviluppo-locale\/","name":"Fondo per le aree montane, 210 milioni. Bussone: \"Un'importante misura per lo sviluppo locale\" - Bellunopress - Dolomiti","isPartOf":{"@id":"https:\/\/www.bellunopress.it\/#website"},"primaryImageOfPage":{"@id":"https:\/\/www.bellunopress.it\/2020\/12\/05\/fondo-per-le-aree-montane-210-milioni-bussone-unimportante-misura-per-lo-sviluppo-locale\/#primaryimage"},"image":{"@id":"https:\/\/www.bellunopress.it\/2020\/12\/05\/fondo-per-le-aree-montane-210-milioni-bussone-unimportante-misura-per-lo-sviluppo-locale\/#primaryimage"},"thumbnailUrl":"https:\/\/www.bellunopress.it\/wp-content\/uploads\/2018\/10\/Uncem.jpg","datePublished":"2020-12-05T09:01:52+00:00","breadcrumb":{"@id":"https:\/\/www.bellunopress.it\/2020\/12\/05\/fondo-per-le-aree-montane-210-milioni-bussone-unimportante-misura-per-lo-sviluppo-locale\/#breadcrumb"},"inLanguage":"fr-FR","potentialAction":[{"@type":"ReadAction","target":["https:\/\/www.bellunopress.it\/2020\/12\/05\/fondo-per-le-aree-montane-210-milioni-bussone-unimportante-misura-per-lo-sviluppo-locale\/"]}]},{"@type":"ImageObject","inLanguage":"fr-FR","@id":"https:\/\/www.bellunopress.it\/2020\/12\/05\/fondo-per-le-aree-montane-210-milioni-bussone-unimportante-misura-per-lo-sviluppo-locale\/#primaryimage","url":"https:\/\/www.bellunopress.it\/wp-content\/uploads\/2018\/10\/Uncem.jpg","contentUrl":"https:\/\/www.bellunopress.it\/wp-content\/uploads\/2018\/10\/Uncem.jpg","width":300,"height":150},{"@type":"BreadcrumbList","@id":"https:\/\/www.bellunopress.it\/2020\/12\/05\/fondo-per-le-aree-montane-210-milioni-bussone-unimportante-misura-per-lo-sviluppo-locale\/#breadcrumb","itemListElement":[{"@type":"ListItem","position":1,"name":"Home","item":"https:\/\/www.bellunopress.it\/"},{"@type":"ListItem","position":2,"name":"Fondo per le aree montane, 210 milioni. Bussone: &#8220;Un&#8217;importante misura per lo sviluppo locale&#8221;"}]},{"@type":"WebSite","@id":"https:\/\/www.bellunopress.it\/#website","url":"https:\/\/www.bellunopress.it\/","name":"Bellunopress - Dolomiti","description":"e-mail: redazione@bellunopress.it","publisher":{"@id":"https:\/\/www.bellunopress.it\/#organization"},"potentialAction":[{"@type":"SearchAction","target":{"@type":"EntryPoint","urlTemplate":"https:\/\/www.bellunopress.it\/?s={search_term_string}"},"query-input":{"@type":"PropertyValueSpecification","valueRequired":true,"valueName":"search_term_string"}}],"inLanguage":"fr-FR"},{"@type":"Organization","@id":"https:\/\/www.bellunopress.it\/#organization","name":"Bellunopress","url":"https:\/\/www.bellunopress.it\/","logo":{"@type":"ImageObject","inLanguage":"fr-FR","@id":"https:\/\/www.bellunopress.it\/#\/schema\/logo\/image\/","url":"https:\/\/www.bellunopress.it\/wp-content\/uploads\/2011\/05\/cropped-logo-bellunopress-.jpg","contentUrl":"https:\/\/www.bellunopress.it\/wp-content\/uploads\/2011\/05\/cropped-logo-bellunopress-.jpg","width":512,"height":512,"caption":"Bellunopress"},"image":{"@id":"https:\/\/www.bellunopress.it\/#\/schema\/logo\/image\/"},"sameAs":["https:\/\/www.facebook.com\/profile.php?id=100008943462799","https:\/\/x.com\/bellunopress","https:\/\/www.linkedin.com\/hp\/?dnr=JBzUWaJfMUw8vbXJJ2tVW5-I3jZKvC4wsoxE&amp;amp;amp;amp;amp;amp;trk=nav_responsive_tab_home","https:\/\/www.youtube.com\/channel\/UCxL0wu1uN0_3_7hGG0306cw"]},{"@type":"Person","@id":"https:\/\/www.bellunopress.it\/#\/schema\/person\/79bb06722b37ece1c03d3e94beb30d73","name":"r\u00e9daction","image":{"@type":"ImageObject","inLanguage":"fr-FR","@id":"https:\/\/secure.gravatar.com\/avatar\/37d968a2e67a6fd04c169c4bdef102d0bc5d31b2546345219e348575eb80e9a0?s=96&d=mm&r=g","url":"https:\/\/secure.gravatar.com\/avatar\/37d968a2e67a6fd04c169c4bdef102d0bc5d31b2546345219e348575eb80e9a0?s=96&d=mm&r=g","contentUrl":"https:\/\/secure.gravatar.com\/avatar\/37d968a2e67a6fd04c169c4bdef102d0bc5d31b2546345219e348575eb80e9a0?s=96&d=mm&r=g","caption":"redazione"},"sameAs":["http:\/\/www.bellunopress.it","https:\/\/x.com\/bellunopress"],"url":"https:\/\/www.bellunopress.it\/fr\/author\/redazione\/"}]}},"_links":{"self":[{"href":"https:\/\/www.bellunopress.it\/fr\/wp-json\/wp\/v2\/posts\/119762","targetHints":{"allow":["GET"]}}],"collection":[{"href":"https:\/\/www.bellunopress.it\/fr\/wp-json\/wp\/v2\/posts"}],"about":[{"href":"https:\/\/www.bellunopress.it\/fr\/wp-json\/wp\/v2\/types\/post"}],"author":[{"embeddable":true,"href":"https:\/\/www.bellunopress.it\/fr\/wp-json\/wp\/v2\/users\/2"}],"replies":[{"embeddable":true,"href":"https:\/\/www.bellunopress.it\/fr\/wp-json\/wp\/v2\/comments?post=119762"}],"version-history":[{"count":1,"href":"https:\/\/www.bellunopress.it\/fr\/wp-json\/wp\/v2\/posts\/119762\/revisions"}],"predecessor-version":[{"id":119763,"href":"https:\/\/www.bellunopress.it\/fr\/wp-json\/wp\/v2\/posts\/119762\/revisions\/119763"}],"wp:featuredmedia":[{"embeddable":true,"href":"https:\/\/www.bellunopress.it\/fr\/wp-json\/wp\/v2\/media\/98868"}],"wp:attachment":[{"href":"https:\/\/www.bellunopress.it\/fr\/wp-json\/wp\/v2\/media?parent=119762"}],"wp:term":[{"taxonomy":"category","embeddable":true,"href":"https:\/\/www.bellunopress.it\/fr\/wp-json\/wp\/v2\/categories?post=119762"},{"taxonomy":"post_tag","embeddable":true,"href":"https:\/\/www.bellunopress.it\/fr\/wp-json\/wp\/v2\/tags?post=119762"}],"curies":[{"name":"wp","href":"https:\/\/api.w.org\/{rel}","templated":true}]}}