{"id":119758,"date":"2020-12-05T09:54:23","date_gmt":"2020-12-05T08:54:23","guid":{"rendered":"http:\/\/www.bellunopress.it\/?p=119758"},"modified":"2020-12-05T09:54:24","modified_gmt":"2020-12-05T08:54:24","slug":"patrizia-manca-eletta-segretaria-generale-della-fisascat-cisl-belluno-treviso","status":"publish","type":"post","link":"https:\/\/www.bellunopress.it\/fr\/2020\/12\/05\/patrizia-manca-eletta-segretaria-generale-della-fisascat-cisl-belluno-treviso\/","title":{"rendered":"Patrizia Manca eletta Segretaria generale della Fisascat Cisl Belluno Treviso"},"content":{"rendered":"<figure id=\"attachment_119759\" aria-describedby=\"caption-attachment-119759\" style=\"width: 800px\" class=\"wp-caption alignleft\"><a href=\"http:\/\/www.bellunopress.it\/fr\/2020\/12\/05\/patrizia-manca-eletta-segretaria-generale-della-fisascat-cisl-belluno-treviso\/patrizia-manca-cisl_edited\/\" rel=\"attachment wp-att-119759\"><img loading=\"lazy\" decoding=\"async\" class=\"size-full wp-image-119759\" src=\"http:\/\/www.bellunopress.it\/wp-content\/uploads\/2020\/12\/Patrizia-Manca-Cisl_edited.jpg\" alt=\"\" width=\"800\" height=\"615\" srcset=\"https:\/\/www.bellunopress.it\/wp-content\/uploads\/2020\/12\/Patrizia-Manca-Cisl_edited.jpg 800w, https:\/\/www.bellunopress.it\/wp-content\/uploads\/2020\/12\/Patrizia-Manca-Cisl_edited-500x384.jpg 500w, https:\/\/www.bellunopress.it\/wp-content\/uploads\/2020\/12\/Patrizia-Manca-Cisl_edited-696x535.jpg 696w, https:\/\/www.bellunopress.it\/wp-content\/uploads\/2020\/12\/Patrizia-Manca-Cisl_edited-546x420.jpg 546w\" sizes=\"auto, (max-width: 800px) 100vw, 800px\" \/><\/a><figcaption id=\"caption-attachment-119759\" class=\"wp-caption-text\">Patrizia Manca<\/figcaption><\/figure>\n<p>Patrizia Manca \u00e8 la nuova Segretaria della Fisascat Cisl Belluno Treviso, la Federazione di categoria che rappresenta i lavoratori e le lavoratrici dei settori del terziario, turismo e servizi. L&#8217;elezione \u00e8 avvenuta online venerd\u00ec 4 dicembre, in un Consiglio generale presieduto dalla Segretaria Fisascat del Veneto Maurizia Rizzo e al quale \u00e8 intervenuto anche il segretario nazionale Davide Guarini.<\/p>\n<p>Manca subentra a Edoardo Dorella, entrato nella squadra del neo Segretario generale della Cisl territoriale Massimiliano Paglini dopo due mandati congressuali alla guida della Federazione territoriale. Confermato segretario generale aggiunto Stefano Calvi. La segreteria sar\u00e0 completata con il terzo componente dopo le consultazioni con il gruppo dirigente e gli operatori.<br \/>\nL&#8217;elezione di Manca \u00e8 storica per la Fisascat trevigiana: per quanto riguarda il territorio di Treviso, \u00e8 la prima donna eletta alla guida della categoria. &#8220;\u00c8 un onore aver ricevuto questa fiducia &#8211; dichiara la neo segretaria -: il mio impegno nel sindacato si rinnova per lavorare insieme ai delegati che quotidianamente ci mettono la faccia e che credono nella nostra Federazione e in un impegno concreto per sostenere chi \u00e8 pi\u00f9 debole. Ringrazio Edoardo Dorella, che con lealt\u00e0, determinazione e convinzione mi ha passato il testimone&#8221;.<br \/>\n&#8220;Con Patrizia &#8211; afferma Dorella &#8211; siamo certi che la Federazione continuer\u00e0 ad essere protagonista: \u00e8 una grande conoscitrice della Fisascat, \u00e8 stata il mio braccio destro, una dirigente importante che ha contribuito non solo alla crescita organizzativa, ma anche a quella contrattuale&#8221;.<\/p>\n<p>Una Federazione in crescita quella del terziario, turismo e servizi della Cisl interprovinciale, la prima per numero di associati fra le Federazioni territoriali di lavoratori attivi, cos\u00ec come a livello regionale: 12.726 gli iscritti, per la maggior parte (67%) donne con contratti part time; 283 i rappresentanti sindacali aziendali eletti, con netta maggioranza delle delegate sui delegati: 175 contro 108. Sul totale degli iscritti Fisascat, il 62% ha un contratto part time, il 38% full time. Un iscritto su due afferisce al settore del terziario, commercio, servizi e turismo, il 34% ai multiservizi, farmacie, vigilanza, agenti di commercio, colf e badanti e il 14% al terzo settore. Un centinaio gli accordi firmati a livello territoriale e aziendale.<br \/>\n&#8220;Rappresentiamo un comparto dai molti volti e dalle mille sfaccettature, complesso ed eterogeneo, in crescita e in continua evoluzione &#8211; afferma la neoeletta Segretaria &#8211; dove la maggioranza della forza lavoro \u00e8 rappresentata da donne che hanno contratti precari e part time. Lavoratrici messe a dura prova dall&#8217;emergenza pandemica. Basti pensare alle difficolt\u00e0 che stanno vivendo gli operatori e le operatrici sanitarie delle case di riposo con contratti del terzo settore, agli addetti alle pulizie e sanificazioni degli ospedali, ma anche alle tante commesse e addetti del settore commercio-turismo ancora a casa in ammortizzatore sociale. Un numero su tutti: nel 2020 abbiamo sottoscritto pi\u00f9 di 4.000 accordi per gli ammortizzatori sociali&#8221;.<br \/>\nTre le direttrici lungo le quali si concentrer\u00e0 l&#8217;impegno della nuova segretaria generale: rinnovo dei contratti, a partire da quello del multiservizi scaduto da oltre 7 anni e da quello della vigilanza privata, scaduto da 52 mesi; contrattazione aziendale per dare risposte ai sempre maggiori bisogni di salute e sicurezza, flessibilit\u00e0, premialit\u00e0 della produttivit\u00e0 dei lavoratori; bilateralit\u00e0 contrattuale, quale luogo deputato a dare risposte ad esigenze concrete di lavoratori e imprese. &#8220;Un metodo &#8211; sottolinea Manca &#8211; che ha dimostrato di rispondere efficacemente alle esigenze di tutela in settori caratterizzati da imprese piccole e per questo pi\u00f9 fragili&#8221;. Gi\u00e0 in cantiere percorsi di formazione specifici per i delegati e dirigenti, una maggiore presenza del sindacato sia nei luoghi di lavoro che nelle sedi sindacali, con sportelli dedicati e in collaborazione con i servizi della Cisl.<br \/>\nPatrizia Manca, 53 anni, sarda di nascita e trevigiana d&#8217;adozione &#8211; abita a Treviso da 25 anni &#8211; \u00e8 impegnata nell&#8217;attivit\u00e0 sindacale dal 2000. Il suo grande impegno nel sociale, nell&#8217;associazionismo cattolico, nel volontariato e nella politica (in giovent\u00f9 \u00e8 stata assessore al Sociale e alla Cultura nel Comune sardo di Tramatza, in provincia di Oristano, dove \u00e8 nata e cresciuta) \u00e8 confluito nella passione per il sindacato nei primi anni Duemila, quando \u00e8 stata eletta delegata sindacale in un&#8217;azienda di servizi. Formata al Centro Studi e Formazione Cisl di Firenze, nel 2009 \u00e8 entrata a far parte della Segreteria Fisascat di Treviso, divenuta poi dal 2013 Segreteria di Belluno Treviso. Manca in questi anni ha esercitato la responsabilit\u00e0 politica del settore socio-assistenziale e ha praticato la contrattazione collettiva quale &#8220;metodo&#8221; e &#8220;luogo&#8221; di incontro degli interessi e delle necessit\u00e0 di lavoratori e imprese.<\/p>","protected":false},"excerpt":{"rendered":"<p>Patrizia Manca \u00e8 la nuova Segretaria della Fisascat Cisl Belluno Treviso, la Federazione di categoria che rappresenta i lavoratori e le lavoratrici dei settori del terziario, turismo e servizi. L&#8217;elezione \u00e8 avvenuta online venerd\u00ec 4 dicembre, in un Consiglio generale presieduto dalla Segretaria Fisascat del Veneto Maurizia Rizzo e al quale \u00e8 intervenuto anche il [&hellip;]<\/p>\n","protected":false},"author":2,"featured_media":119759,"comment_status":"closed","ping_status":"open","sticky":false,"template":"","format":"standard","meta":{"footnotes":""},"categories":[36,26],"tags":[],"class_list":["post-119758","post","type-post","status-publish","format-standard","has-post-thumbnail","category-lavoro-economia","category-prima-pagina"],"yoast_head":"<!-- This site is optimized with the Yoast SEO plugin v28.4 - https:\/\/yoast.com\/product\/yoast-seo-wordpress\/ -->\n<title>Patrizia Manca eletta Segretaria generale della Fisascat Cisl Belluno Treviso - Bellunopress - Dolomiti<\/title>\n<meta name=\"robots\" content=\"index, follow, max-snippet:-1, max-image-preview:large, max-video-preview:-1\" \/>\n<link rel=\"canonical\" href=\"https:\/\/www.bellunopress.it\/fr\/2020\/12\/05\/patrizia-manca-eletta-segretaria-generale-della-fisascat-cisl-belluno-treviso\/\" \/>\n<meta property=\"og:locale\" content=\"fr_FR\" \/>\n<meta property=\"og:type\" content=\"article\" \/>\n<meta property=\"og:title\" content=\"Patrizia Manca eletta Segretaria generale della Fisascat Cisl Belluno Treviso - Bellunopress - Dolomiti\" \/>\n<meta property=\"og:description\" content=\"Patrizia Manca \u00e8 la nuova Segretaria della Fisascat Cisl Belluno Treviso, la Federazione di categoria che rappresenta i lavoratori e le lavoratrici dei settori del terziario, turismo e servizi. L&#8217;elezione \u00e8 avvenuta online venerd\u00ec 4 dicembre, in un Consiglio generale presieduto dalla Segretaria Fisascat del Veneto Maurizia Rizzo e al quale \u00e8 intervenuto anche il [&hellip;]\" \/>\n<meta property=\"og:url\" content=\"https:\/\/www.bellunopress.it\/fr\/2020\/12\/05\/patrizia-manca-eletta-segretaria-generale-della-fisascat-cisl-belluno-treviso\/\" \/>\n<meta property=\"og:site_name\" content=\"Bellunopress - Dolomiti\" \/>\n<meta property=\"article:publisher\" content=\"https:\/\/www.facebook.com\/profile.php?id=100008943462799\" \/>\n<meta property=\"article:published_time\" content=\"2020-12-05T08:54:23+00:00\" \/>\n<meta property=\"article:modified_time\" content=\"2020-12-05T08:54:24+00:00\" \/>\n<meta property=\"og:image\" content=\"https:\/\/www.bellunopress.it\/wp-content\/uploads\/2020\/12\/Patrizia-Manca-Cisl_edited.jpg\" \/>\n\t<meta property=\"og:image:width\" content=\"800\" \/>\n\t<meta property=\"og:image:height\" content=\"615\" \/>\n\t<meta property=\"og:image:type\" content=\"image\/jpeg\" \/>\n<meta name=\"author\" content=\"redazione\" \/>\n<meta name=\"twitter:card\" content=\"summary_large_image\" \/>\n<meta name=\"twitter:creator\" content=\"@bellunopress\" \/>\n<meta name=\"twitter:site\" content=\"@bellunopress\" \/>\n<meta name=\"twitter:label1\" content=\"\u00c9crit par\" \/>\n\t<meta name=\"twitter:data1\" content=\"redazione\" \/>\n\t<meta name=\"twitter:label2\" content=\"Dur\u00e9e de lecture estim\u00e9e\" \/>\n\t<meta name=\"twitter:data2\" content=\"4 minutes\" \/>\n<script type=\"application\/ld+json\" class=\"yoast-schema-graph\">{\"@context\":\"https:\\\/\\\/schema.org\",\"@graph\":[{\"@type\":\"Article\",\"@id\":\"https:\\\/\\\/www.bellunopress.it\\\/2020\\\/12\\\/05\\\/patrizia-manca-eletta-segretaria-generale-della-fisascat-cisl-belluno-treviso\\\/#article\",\"isPartOf\":{\"@id\":\"https:\\\/\\\/www.bellunopress.it\\\/2020\\\/12\\\/05\\\/patrizia-manca-eletta-segretaria-generale-della-fisascat-cisl-belluno-treviso\\\/\"},\"author\":{\"name\":\"redazione\",\"@id\":\"https:\\\/\\\/www.bellunopress.it\\\/#\\\/schema\\\/person\\\/79bb06722b37ece1c03d3e94beb30d73\"},\"headline\":\"Patrizia Manca eletta Segretaria generale della Fisascat Cisl Belluno Treviso\",\"datePublished\":\"2020-12-05T08:54:23+00:00\",\"dateModified\":\"2020-12-05T08:54:24+00:00\",\"mainEntityOfPage\":{\"@id\":\"https:\\\/\\\/www.bellunopress.it\\\/2020\\\/12\\\/05\\\/patrizia-manca-eletta-segretaria-generale-della-fisascat-cisl-belluno-treviso\\\/\"},\"wordCount\":738,\"publisher\":{\"@id\":\"https:\\\/\\\/www.bellunopress.it\\\/#organization\"},\"image\":{\"@id\":\"https:\\\/\\\/www.bellunopress.it\\\/2020\\\/12\\\/05\\\/patrizia-manca-eletta-segretaria-generale-della-fisascat-cisl-belluno-treviso\\\/#primaryimage\"},\"thumbnailUrl\":\"https:\\\/\\\/www.bellunopress.it\\\/wp-content\\\/uploads\\\/2020\\\/12\\\/Patrizia-Manca-Cisl_edited.jpg\",\"articleSection\":[\"Lavoro, Economia, Turismo\",\"Prima Pagina\"],\"inLanguage\":\"fr-FR\"},{\"@type\":\"WebPage\",\"@id\":\"https:\\\/\\\/www.bellunopress.it\\\/2020\\\/12\\\/05\\\/patrizia-manca-eletta-segretaria-generale-della-fisascat-cisl-belluno-treviso\\\/\",\"url\":\"https:\\\/\\\/www.bellunopress.it\\\/2020\\\/12\\\/05\\\/patrizia-manca-eletta-segretaria-generale-della-fisascat-cisl-belluno-treviso\\\/\",\"name\":\"Patrizia Manca eletta Segretaria generale della Fisascat Cisl Belluno Treviso - Bellunopress - Dolomiti\",\"isPartOf\":{\"@id\":\"https:\\\/\\\/www.bellunopress.it\\\/#website\"},\"primaryImageOfPage\":{\"@id\":\"https:\\\/\\\/www.bellunopress.it\\\/2020\\\/12\\\/05\\\/patrizia-manca-eletta-segretaria-generale-della-fisascat-cisl-belluno-treviso\\\/#primaryimage\"},\"image\":{\"@id\":\"https:\\\/\\\/www.bellunopress.it\\\/2020\\\/12\\\/05\\\/patrizia-manca-eletta-segretaria-generale-della-fisascat-cisl-belluno-treviso\\\/#primaryimage\"},\"thumbnailUrl\":\"https:\\\/\\\/www.bellunopress.it\\\/wp-content\\\/uploads\\\/2020\\\/12\\\/Patrizia-Manca-Cisl_edited.jpg\",\"datePublished\":\"2020-12-05T08:54:23+00:00\",\"dateModified\":\"2020-12-05T08:54:24+00:00\",\"breadcrumb\":{\"@id\":\"https:\\\/\\\/www.bellunopress.it\\\/2020\\\/12\\\/05\\\/patrizia-manca-eletta-segretaria-generale-della-fisascat-cisl-belluno-treviso\\\/#breadcrumb\"},\"inLanguage\":\"fr-FR\",\"potentialAction\":[{\"@type\":\"ReadAction\",\"target\":[\"https:\\\/\\\/www.bellunopress.it\\\/2020\\\/12\\\/05\\\/patrizia-manca-eletta-segretaria-generale-della-fisascat-cisl-belluno-treviso\\\/\"]}]},{\"@type\":\"ImageObject\",\"inLanguage\":\"fr-FR\",\"@id\":\"https:\\\/\\\/www.bellunopress.it\\\/2020\\\/12\\\/05\\\/patrizia-manca-eletta-segretaria-generale-della-fisascat-cisl-belluno-treviso\\\/#primaryimage\",\"url\":\"https:\\\/\\\/www.bellunopress.it\\\/wp-content\\\/uploads\\\/2020\\\/12\\\/Patrizia-Manca-Cisl_edited.jpg\",\"contentUrl\":\"https:\\\/\\\/www.bellunopress.it\\\/wp-content\\\/uploads\\\/2020\\\/12\\\/Patrizia-Manca-Cisl_edited.jpg\",\"width\":800,\"height\":615,\"caption\":\"Patrizia Manca -Segretaria generale Fisascat Cisl Belluno Treviso\"},{\"@type\":\"BreadcrumbList\",\"@id\":\"https:\\\/\\\/www.bellunopress.it\\\/2020\\\/12\\\/05\\\/patrizia-manca-eletta-segretaria-generale-della-fisascat-cisl-belluno-treviso\\\/#breadcrumb\",\"itemListElement\":[{\"@type\":\"ListItem\",\"position\":1,\"name\":\"Home\",\"item\":\"https:\\\/\\\/www.bellunopress.it\\\/\"},{\"@type\":\"ListItem\",\"position\":2,\"name\":\"Patrizia Manca eletta Segretaria generale della Fisascat Cisl Belluno Treviso\"}]},{\"@type\":\"WebSite\",\"@id\":\"https:\\\/\\\/www.bellunopress.it\\\/#website\",\"url\":\"https:\\\/\\\/www.bellunopress.it\\\/\",\"name\":\"Bellunopress - Dolomiti\",\"description\":\"e-mail: redazione@bellunopress.it\",\"publisher\":{\"@id\":\"https:\\\/\\\/www.bellunopress.it\\\/#organization\"},\"potentialAction\":[{\"@type\":\"SearchAction\",\"target\":{\"@type\":\"EntryPoint\",\"urlTemplate\":\"https:\\\/\\\/www.bellunopress.it\\\/?s={search_term_string}\"},\"query-input\":{\"@type\":\"PropertyValueSpecification\",\"valueRequired\":true,\"valueName\":\"search_term_string\"}}],\"inLanguage\":\"fr-FR\"},{\"@type\":\"Organization\",\"@id\":\"https:\\\/\\\/www.bellunopress.it\\\/#organization\",\"name\":\"Bellunopress\",\"url\":\"https:\\\/\\\/www.bellunopress.it\\\/\",\"logo\":{\"@type\":\"ImageObject\",\"inLanguage\":\"fr-FR\",\"@id\":\"https:\\\/\\\/www.bellunopress.it\\\/#\\\/schema\\\/logo\\\/image\\\/\",\"url\":\"https:\\\/\\\/www.bellunopress.it\\\/wp-content\\\/uploads\\\/2011\\\/05\\\/cropped-logo-bellunopress-.jpg\",\"contentUrl\":\"https:\\\/\\\/www.bellunopress.it\\\/wp-content\\\/uploads\\\/2011\\\/05\\\/cropped-logo-bellunopress-.jpg\",\"width\":512,\"height\":512,\"caption\":\"Bellunopress\"},\"image\":{\"@id\":\"https:\\\/\\\/www.bellunopress.it\\\/#\\\/schema\\\/logo\\\/image\\\/\"},\"sameAs\":[\"https:\\\/\\\/www.facebook.com\\\/profile.php?id=100008943462799\",\"https:\\\/\\\/x.com\\\/bellunopress\",\"https:\\\/\\\/www.linkedin.com\\\/hp\\\/?dnr=JBzUWaJfMUw8vbXJJ2tVW5-I3jZKvC4wsoxE&amp;amp;amp;amp;amp;amp;trk=nav_responsive_tab_home\",\"https:\\\/\\\/www.youtube.com\\\/channel\\\/UCxL0wu1uN0_3_7hGG0306cw\"]},{\"@type\":\"Person\",\"@id\":\"https:\\\/\\\/www.bellunopress.it\\\/#\\\/schema\\\/person\\\/79bb06722b37ece1c03d3e94beb30d73\",\"name\":\"redazione\",\"image\":{\"@type\":\"ImageObject\",\"inLanguage\":\"fr-FR\",\"@id\":\"https:\\\/\\\/secure.gravatar.com\\\/avatar\\\/37d968a2e67a6fd04c169c4bdef102d0bc5d31b2546345219e348575eb80e9a0?s=96&d=mm&r=g\",\"url\":\"https:\\\/\\\/secure.gravatar.com\\\/avatar\\\/37d968a2e67a6fd04c169c4bdef102d0bc5d31b2546345219e348575eb80e9a0?s=96&d=mm&r=g\",\"contentUrl\":\"https:\\\/\\\/secure.gravatar.com\\\/avatar\\\/37d968a2e67a6fd04c169c4bdef102d0bc5d31b2546345219e348575eb80e9a0?s=96&d=mm&r=g\",\"caption\":\"redazione\"},\"sameAs\":[\"http:\\\/\\\/www.bellunopress.it\",\"https:\\\/\\\/x.com\\\/bellunopress\"],\"url\":\"https:\\\/\\\/www.bellunopress.it\\\/fr\\\/author\\\/redazione\\\/\"}]}<\/script>\n<!-- \/ Yoast SEO plugin. -->","yoast_head_json":{"title":"Patrizia Manca eletta Segretaria generale della Fisascat Cisl Belluno Treviso - Bellunopress - Dolomiti","robots":{"index":"index","follow":"follow","max-snippet":"max-snippet:-1","max-image-preview":"max-image-preview:large","max-video-preview":"max-video-preview:-1"},"canonical":"https:\/\/www.bellunopress.it\/fr\/2020\/12\/05\/patrizia-manca-eletta-segretaria-generale-della-fisascat-cisl-belluno-treviso\/","og_locale":"fr_FR","og_type":"article","og_title":"Patrizia Manca eletta Segretaria generale della Fisascat Cisl Belluno Treviso - Bellunopress - Dolomiti","og_description":"Patrizia Manca \u00e8 la nuova Segretaria della Fisascat Cisl Belluno Treviso, la Federazione di categoria che rappresenta i lavoratori e le lavoratrici dei settori del terziario, turismo e servizi. L&#8217;elezione \u00e8 avvenuta online venerd\u00ec 4 dicembre, in un Consiglio generale presieduto dalla Segretaria Fisascat del Veneto Maurizia Rizzo e al quale \u00e8 intervenuto anche il [&hellip;]","og_url":"https:\/\/www.bellunopress.it\/fr\/2020\/12\/05\/patrizia-manca-eletta-segretaria-generale-della-fisascat-cisl-belluno-treviso\/","og_site_name":"Bellunopress - Dolomiti","article_publisher":"https:\/\/www.facebook.com\/profile.php?id=100008943462799","article_published_time":"2020-12-05T08:54:23+00:00","article_modified_time":"2020-12-05T08:54:24+00:00","og_image":[{"width":800,"height":615,"url":"https:\/\/www.bellunopress.it\/wp-content\/uploads\/2020\/12\/Patrizia-Manca-Cisl_edited.jpg","type":"image\/jpeg"}],"author":"redazione","twitter_card":"summary_large_image","twitter_creator":"@bellunopress","twitter_site":"@bellunopress","twitter_misc":{"\u00c9crit par":"redazione","Dur\u00e9e de lecture estim\u00e9e":"4 minutes"},"schema":{"@context":"https:\/\/schema.org","@graph":[{"@type":"Article","@id":"https:\/\/www.bellunopress.it\/2020\/12\/05\/patrizia-manca-eletta-segretaria-generale-della-fisascat-cisl-belluno-treviso\/#article","isPartOf":{"@id":"https:\/\/www.bellunopress.it\/2020\/12\/05\/patrizia-manca-eletta-segretaria-generale-della-fisascat-cisl-belluno-treviso\/"},"author":{"name":"redazione","@id":"https:\/\/www.bellunopress.it\/#\/schema\/person\/79bb06722b37ece1c03d3e94beb30d73"},"headline":"Patrizia Manca eletta Segretaria generale della Fisascat Cisl Belluno Treviso","datePublished":"2020-12-05T08:54:23+00:00","dateModified":"2020-12-05T08:54:24+00:00","mainEntityOfPage":{"@id":"https:\/\/www.bellunopress.it\/2020\/12\/05\/patrizia-manca-eletta-segretaria-generale-della-fisascat-cisl-belluno-treviso\/"},"wordCount":738,"publisher":{"@id":"https:\/\/www.bellunopress.it\/#organization"},"image":{"@id":"https:\/\/www.bellunopress.it\/2020\/12\/05\/patrizia-manca-eletta-segretaria-generale-della-fisascat-cisl-belluno-treviso\/#primaryimage"},"thumbnailUrl":"https:\/\/www.bellunopress.it\/wp-content\/uploads\/2020\/12\/Patrizia-Manca-Cisl_edited.jpg","articleSection":["Lavoro, Economia, Turismo","Prima Pagina"],"inLanguage":"fr-FR"},{"@type":"WebPage","@id":"https:\/\/www.bellunopress.it\/2020\/12\/05\/patrizia-manca-eletta-segretaria-generale-della-fisascat-cisl-belluno-treviso\/","url":"https:\/\/www.bellunopress.it\/2020\/12\/05\/patrizia-manca-eletta-segretaria-generale-della-fisascat-cisl-belluno-treviso\/","name":"Patrizia Manca eletta Segretaria generale della Fisascat Cisl Belluno Treviso - Bellunopress - Dolomiti","isPartOf":{"@id":"https:\/\/www.bellunopress.it\/#website"},"primaryImageOfPage":{"@id":"https:\/\/www.bellunopress.it\/2020\/12\/05\/patrizia-manca-eletta-segretaria-generale-della-fisascat-cisl-belluno-treviso\/#primaryimage"},"image":{"@id":"https:\/\/www.bellunopress.it\/2020\/12\/05\/patrizia-manca-eletta-segretaria-generale-della-fisascat-cisl-belluno-treviso\/#primaryimage"},"thumbnailUrl":"https:\/\/www.bellunopress.it\/wp-content\/uploads\/2020\/12\/Patrizia-Manca-Cisl_edited.jpg","datePublished":"2020-12-05T08:54:23+00:00","dateModified":"2020-12-05T08:54:24+00:00","breadcrumb":{"@id":"https:\/\/www.bellunopress.it\/2020\/12\/05\/patrizia-manca-eletta-segretaria-generale-della-fisascat-cisl-belluno-treviso\/#breadcrumb"},"inLanguage":"fr-FR","potentialAction":[{"@type":"ReadAction","target":["https:\/\/www.bellunopress.it\/2020\/12\/05\/patrizia-manca-eletta-segretaria-generale-della-fisascat-cisl-belluno-treviso\/"]}]},{"@type":"ImageObject","inLanguage":"fr-FR","@id":"https:\/\/www.bellunopress.it\/2020\/12\/05\/patrizia-manca-eletta-segretaria-generale-della-fisascat-cisl-belluno-treviso\/#primaryimage","url":"https:\/\/www.bellunopress.it\/wp-content\/uploads\/2020\/12\/Patrizia-Manca-Cisl_edited.jpg","contentUrl":"https:\/\/www.bellunopress.it\/wp-content\/uploads\/2020\/12\/Patrizia-Manca-Cisl_edited.jpg","width":800,"height":615,"caption":"Patrizia Manca -Segretaria generale Fisascat Cisl Belluno Treviso"},{"@type":"BreadcrumbList","@id":"https:\/\/www.bellunopress.it\/2020\/12\/05\/patrizia-manca-eletta-segretaria-generale-della-fisascat-cisl-belluno-treviso\/#breadcrumb","itemListElement":[{"@type":"ListItem","position":1,"name":"Home","item":"https:\/\/www.bellunopress.it\/"},{"@type":"ListItem","position":2,"name":"Patrizia Manca eletta Segretaria generale della Fisascat Cisl Belluno Treviso"}]},{"@type":"WebSite","@id":"https:\/\/www.bellunopress.it\/#website","url":"https:\/\/www.bellunopress.it\/","name":"Bellunopress - Dolomiti","description":"e-mail: redazione@bellunopress.it","publisher":{"@id":"https:\/\/www.bellunopress.it\/#organization"},"potentialAction":[{"@type":"SearchAction","target":{"@type":"EntryPoint","urlTemplate":"https:\/\/www.bellunopress.it\/?s={search_term_string}"},"query-input":{"@type":"PropertyValueSpecification","valueRequired":true,"valueName":"search_term_string"}}],"inLanguage":"fr-FR"},{"@type":"Organization","@id":"https:\/\/www.bellunopress.it\/#organization","name":"Bellunopress","url":"https:\/\/www.bellunopress.it\/","logo":{"@type":"ImageObject","inLanguage":"fr-FR","@id":"https:\/\/www.bellunopress.it\/#\/schema\/logo\/image\/","url":"https:\/\/www.bellunopress.it\/wp-content\/uploads\/2011\/05\/cropped-logo-bellunopress-.jpg","contentUrl":"https:\/\/www.bellunopress.it\/wp-content\/uploads\/2011\/05\/cropped-logo-bellunopress-.jpg","width":512,"height":512,"caption":"Bellunopress"},"image":{"@id":"https:\/\/www.bellunopress.it\/#\/schema\/logo\/image\/"},"sameAs":["https:\/\/www.facebook.com\/profile.php?id=100008943462799","https:\/\/x.com\/bellunopress","https:\/\/www.linkedin.com\/hp\/?dnr=JBzUWaJfMUw8vbXJJ2tVW5-I3jZKvC4wsoxE&amp;amp;amp;amp;amp;amp;trk=nav_responsive_tab_home","https:\/\/www.youtube.com\/channel\/UCxL0wu1uN0_3_7hGG0306cw"]},{"@type":"Person","@id":"https:\/\/www.bellunopress.it\/#\/schema\/person\/79bb06722b37ece1c03d3e94beb30d73","name":"r\u00e9daction","image":{"@type":"ImageObject","inLanguage":"fr-FR","@id":"https:\/\/secure.gravatar.com\/avatar\/37d968a2e67a6fd04c169c4bdef102d0bc5d31b2546345219e348575eb80e9a0?s=96&d=mm&r=g","url":"https:\/\/secure.gravatar.com\/avatar\/37d968a2e67a6fd04c169c4bdef102d0bc5d31b2546345219e348575eb80e9a0?s=96&d=mm&r=g","contentUrl":"https:\/\/secure.gravatar.com\/avatar\/37d968a2e67a6fd04c169c4bdef102d0bc5d31b2546345219e348575eb80e9a0?s=96&d=mm&r=g","caption":"redazione"},"sameAs":["http:\/\/www.bellunopress.it","https:\/\/x.com\/bellunopress"],"url":"https:\/\/www.bellunopress.it\/fr\/author\/redazione\/"}]}},"_links":{"self":[{"href":"https:\/\/www.bellunopress.it\/fr\/wp-json\/wp\/v2\/posts\/119758","targetHints":{"allow":["GET"]}}],"collection":[{"href":"https:\/\/www.bellunopress.it\/fr\/wp-json\/wp\/v2\/posts"}],"about":[{"href":"https:\/\/www.bellunopress.it\/fr\/wp-json\/wp\/v2\/types\/post"}],"author":[{"embeddable":true,"href":"https:\/\/www.bellunopress.it\/fr\/wp-json\/wp\/v2\/users\/2"}],"replies":[{"embeddable":true,"href":"https:\/\/www.bellunopress.it\/fr\/wp-json\/wp\/v2\/comments?post=119758"}],"version-history":[{"count":2,"href":"https:\/\/www.bellunopress.it\/fr\/wp-json\/wp\/v2\/posts\/119758\/revisions"}],"predecessor-version":[{"id":119761,"href":"https:\/\/www.bellunopress.it\/fr\/wp-json\/wp\/v2\/posts\/119758\/revisions\/119761"}],"wp:featuredmedia":[{"embeddable":true,"href":"https:\/\/www.bellunopress.it\/fr\/wp-json\/wp\/v2\/media\/119759"}],"wp:attachment":[{"href":"https:\/\/www.bellunopress.it\/fr\/wp-json\/wp\/v2\/media?parent=119758"}],"wp:term":[{"taxonomy":"category","embeddable":true,"href":"https:\/\/www.bellunopress.it\/fr\/wp-json\/wp\/v2\/categories?post=119758"},{"taxonomy":"post_tag","embeddable":true,"href":"https:\/\/www.bellunopress.it\/fr\/wp-json\/wp\/v2\/tags?post=119758"}],"curies":[{"name":"wp","href":"https:\/\/api.w.org\/{rel}","templated":true}]}}