{"id":119751,"date":"2020-12-04T18:22:41","date_gmt":"2020-12-04T17:22:41","guid":{"rendered":"http:\/\/www.bellunopress.it\/?p=119751"},"modified":"2020-12-04T18:22:41","modified_gmt":"2020-12-04T17:22:41","slug":"maltempo-ordinanza-del-prefetto-sabato-scuole-chiuse-allarme-codice-rosso-evitare-spostamenti-se-non-strettamente-necessari","status":"publish","type":"post","link":"https:\/\/www.bellunopress.it\/fr\/2020\/12\/04\/maltempo-ordinanza-del-prefetto-sabato-scuole-chiuse-allarme-codice-rosso-evitare-spostamenti-se-non-strettamente-necessari\/","title":{"rendered":"Maltempo. Ordinanza del prefetto: sabato scuole chiuse. Allarme codice rosso: evitare spostamenti se non strettamente necessari"},"content":{"rendered":"<p><a href=\"http:\/\/www.bellunopress.it\/fr\/2020\/11\/12\/riunione-del-comitato\/prefettura-1\/\" rel=\"attachment wp-att-119243\"><img loading=\"lazy\" decoding=\"async\" class=\"alignleft size-full wp-image-119243\" src=\"http:\/\/www.bellunopress.it\/wp-content\/uploads\/2020\/11\/Prefettura-1.jpg\" alt=\"\" width=\"800\" height=\"600\" srcset=\"https:\/\/www.bellunopress.it\/wp-content\/uploads\/2020\/11\/Prefettura-1.jpg 800w, https:\/\/www.bellunopress.it\/wp-content\/uploads\/2020\/11\/Prefettura-1-500x375.jpg 500w, https:\/\/www.bellunopress.it\/wp-content\/uploads\/2020\/11\/Prefettura-1-696x522.jpg 696w, https:\/\/www.bellunopress.it\/wp-content\/uploads\/2020\/11\/Prefettura-1-560x420.jpg 560w, https:\/\/www.bellunopress.it\/wp-content\/uploads\/2020\/11\/Prefettura-1-80x60.jpg 80w, https:\/\/www.bellunopress.it\/wp-content\/uploads\/2020\/11\/Prefettura-1-265x198.jpg 265w\" sizes=\"auto, (max-width: 800px) 100vw, 800px\" \/><\/a>Il territorio della provincia \u00e8 interessato da precipitazioni estese e persistenti.<\/p>\n<p>Il Centro Funzionale Decentrato della Regione Veneto in data odierna ha emesso l\u2019avviso di criticit\u00e0 idrogeologica ed idraulica con il quale \u00e8 stato dichiarato lo stato di lo stato di ALLARME (codice ROSSO) per criticit\u00e0 idraulica ed idrogeologica per l\u2019area VENE H dalle ore 14.00 di sabato 5 dicembre alle ore 00.00 di luned\u00ec 7 dicembre 2020<\/p>\n<p>Per questo motivo, il Prefetto ha disposto per la giornata di domani \u2013 5 dicembre \u2013 la chiusura delle scuole di ogni ordine e grado.<\/p>\n<p>Tenuto conto del peggioramento delle condizioni meteorologiche atteso nelle prossime ore, si invita la popolazione ad evitare spostamenti, laddove non strettamente necessari.<\/p>\n<p>&nbsp;<\/p>\n<p>&nbsp;<\/p>\n<p>&nbsp;<\/p>","protected":false},"excerpt":{"rendered":"<p>Il territorio della provincia \u00e8 interessato da precipitazioni estese e persistenti. Il Centro Funzionale Decentrato della Regione Veneto in data odierna ha emesso l\u2019avviso di criticit\u00e0 idrogeologica ed idraulica con il quale \u00e8 stato dichiarato lo stato di lo stato di ALLARME (codice ROSSO) per criticit\u00e0 idraulica ed idrogeologica per l\u2019area VENE H dalle ore [&hellip;]<\/p>\n","protected":false},"author":2,"featured_media":119243,"comment_status":"closed","ping_status":"open","sticky":false,"template":"","format":"standard","meta":{"footnotes":""},"categories":[26,15,8],"tags":[],"class_list":["post-119751","post","type-post","status-publish","format-standard","has-post-thumbnail","category-prima-pagina","category-scuola","category-societa-istituzioni"],"yoast_head":"<!-- This site is optimized with the Yoast SEO plugin v28.4 - https:\/\/yoast.com\/product\/yoast-seo-wordpress\/ -->\n<title>Maltempo. Ordinanza del prefetto: sabato scuole chiuse. Allarme codice rosso: evitare spostamenti se non strettamente necessari - Bellunopress - Dolomiti<\/title>\n<meta name=\"robots\" content=\"index, follow, max-snippet:-1, max-image-preview:large, max-video-preview:-1\" \/>\n<link rel=\"canonical\" href=\"https:\/\/www.bellunopress.it\/fr\/2020\/12\/04\/maltempo-ordinanza-del-prefetto-sabato-scuole-chiuse-allarme-codice-rosso-evitare-spostamenti-se-non-strettamente-necessari\/\" \/>\n<meta property=\"og:locale\" content=\"fr_FR\" \/>\n<meta property=\"og:type\" content=\"article\" \/>\n<meta property=\"og:title\" content=\"Maltempo. Ordinanza del prefetto: sabato scuole chiuse. Allarme codice rosso: evitare spostamenti se non strettamente necessari - Bellunopress - Dolomiti\" \/>\n<meta property=\"og:description\" content=\"Il territorio della provincia \u00e8 interessato da precipitazioni estese e persistenti. Il Centro Funzionale Decentrato della Regione Veneto in data odierna ha emesso l\u2019avviso di criticit\u00e0 idrogeologica ed idraulica con il quale \u00e8 stato dichiarato lo stato di lo stato di ALLARME (codice ROSSO) per criticit\u00e0 idraulica ed idrogeologica per l\u2019area VENE H dalle ore [&hellip;]\" \/>\n<meta property=\"og:url\" content=\"https:\/\/www.bellunopress.it\/fr\/2020\/12\/04\/maltempo-ordinanza-del-prefetto-sabato-scuole-chiuse-allarme-codice-rosso-evitare-spostamenti-se-non-strettamente-necessari\/\" \/>\n<meta property=\"og:site_name\" content=\"Bellunopress - Dolomiti\" \/>\n<meta property=\"article:publisher\" content=\"https:\/\/www.facebook.com\/profile.php?id=100008943462799\" \/>\n<meta property=\"article:published_time\" content=\"2020-12-04T17:22:41+00:00\" \/>\n<meta property=\"og:image\" content=\"https:\/\/www.bellunopress.it\/wp-content\/uploads\/2020\/11\/Prefettura-1.jpg\" \/>\n\t<meta property=\"og:image:width\" content=\"800\" \/>\n\t<meta property=\"og:image:height\" content=\"600\" \/>\n\t<meta property=\"og:image:type\" content=\"image\/jpeg\" \/>\n<meta name=\"author\" content=\"redazione\" \/>\n<meta name=\"twitter:card\" content=\"summary_large_image\" \/>\n<meta name=\"twitter:creator\" content=\"@bellunopress\" \/>\n<meta name=\"twitter:site\" content=\"@bellunopress\" \/>\n<meta name=\"twitter:label1\" content=\"\u00c9crit par\" \/>\n\t<meta name=\"twitter:data1\" content=\"redazione\" \/>\n\t<meta name=\"twitter:label2\" content=\"Dur\u00e9e de lecture estim\u00e9e\" \/>\n\t<meta name=\"twitter:data2\" content=\"1 minute\" \/>\n<script type=\"application\/ld+json\" class=\"yoast-schema-graph\">{\"@context\":\"https:\\\/\\\/schema.org\",\"@graph\":[{\"@type\":\"Article\",\"@id\":\"https:\\\/\\\/www.bellunopress.it\\\/2020\\\/12\\\/04\\\/maltempo-ordinanza-del-prefetto-sabato-scuole-chiuse-allarme-codice-rosso-evitare-spostamenti-se-non-strettamente-necessari\\\/#article\",\"isPartOf\":{\"@id\":\"https:\\\/\\\/www.bellunopress.it\\\/2020\\\/12\\\/04\\\/maltempo-ordinanza-del-prefetto-sabato-scuole-chiuse-allarme-codice-rosso-evitare-spostamenti-se-non-strettamente-necessari\\\/\"},\"author\":{\"name\":\"redazione\",\"@id\":\"https:\\\/\\\/www.bellunopress.it\\\/#\\\/schema\\\/person\\\/79bb06722b37ece1c03d3e94beb30d73\"},\"headline\":\"Maltempo. Ordinanza del prefetto: sabato scuole chiuse. Allarme codice rosso: evitare spostamenti se non strettamente necessari\",\"datePublished\":\"2020-12-04T17:22:41+00:00\",\"mainEntityOfPage\":{\"@id\":\"https:\\\/\\\/www.bellunopress.it\\\/2020\\\/12\\\/04\\\/maltempo-ordinanza-del-prefetto-sabato-scuole-chiuse-allarme-codice-rosso-evitare-spostamenti-se-non-strettamente-necessari\\\/\"},\"wordCount\":126,\"publisher\":{\"@id\":\"https:\\\/\\\/www.bellunopress.it\\\/#organization\"},\"image\":{\"@id\":\"https:\\\/\\\/www.bellunopress.it\\\/2020\\\/12\\\/04\\\/maltempo-ordinanza-del-prefetto-sabato-scuole-chiuse-allarme-codice-rosso-evitare-spostamenti-se-non-strettamente-necessari\\\/#primaryimage\"},\"thumbnailUrl\":\"https:\\\/\\\/www.bellunopress.it\\\/wp-content\\\/uploads\\\/2020\\\/11\\\/Prefettura-1.jpg\",\"articleSection\":[\"Prima Pagina\",\"Scuola\",\"Societ\u00e0, Associazioni, Istituzioni\"],\"inLanguage\":\"fr-FR\"},{\"@type\":\"WebPage\",\"@id\":\"https:\\\/\\\/www.bellunopress.it\\\/2020\\\/12\\\/04\\\/maltempo-ordinanza-del-prefetto-sabato-scuole-chiuse-allarme-codice-rosso-evitare-spostamenti-se-non-strettamente-necessari\\\/\",\"url\":\"https:\\\/\\\/www.bellunopress.it\\\/2020\\\/12\\\/04\\\/maltempo-ordinanza-del-prefetto-sabato-scuole-chiuse-allarme-codice-rosso-evitare-spostamenti-se-non-strettamente-necessari\\\/\",\"name\":\"Maltempo. Ordinanza del prefetto: sabato scuole chiuse. Allarme codice rosso: evitare spostamenti se non strettamente necessari - Bellunopress - Dolomiti\",\"isPartOf\":{\"@id\":\"https:\\\/\\\/www.bellunopress.it\\\/#website\"},\"primaryImageOfPage\":{\"@id\":\"https:\\\/\\\/www.bellunopress.it\\\/2020\\\/12\\\/04\\\/maltempo-ordinanza-del-prefetto-sabato-scuole-chiuse-allarme-codice-rosso-evitare-spostamenti-se-non-strettamente-necessari\\\/#primaryimage\"},\"image\":{\"@id\":\"https:\\\/\\\/www.bellunopress.it\\\/2020\\\/12\\\/04\\\/maltempo-ordinanza-del-prefetto-sabato-scuole-chiuse-allarme-codice-rosso-evitare-spostamenti-se-non-strettamente-necessari\\\/#primaryimage\"},\"thumbnailUrl\":\"https:\\\/\\\/www.bellunopress.it\\\/wp-content\\\/uploads\\\/2020\\\/11\\\/Prefettura-1.jpg\",\"datePublished\":\"2020-12-04T17:22:41+00:00\",\"breadcrumb\":{\"@id\":\"https:\\\/\\\/www.bellunopress.it\\\/2020\\\/12\\\/04\\\/maltempo-ordinanza-del-prefetto-sabato-scuole-chiuse-allarme-codice-rosso-evitare-spostamenti-se-non-strettamente-necessari\\\/#breadcrumb\"},\"inLanguage\":\"fr-FR\",\"potentialAction\":[{\"@type\":\"ReadAction\",\"target\":[\"https:\\\/\\\/www.bellunopress.it\\\/2020\\\/12\\\/04\\\/maltempo-ordinanza-del-prefetto-sabato-scuole-chiuse-allarme-codice-rosso-evitare-spostamenti-se-non-strettamente-necessari\\\/\"]}]},{\"@type\":\"ImageObject\",\"inLanguage\":\"fr-FR\",\"@id\":\"https:\\\/\\\/www.bellunopress.it\\\/2020\\\/12\\\/04\\\/maltempo-ordinanza-del-prefetto-sabato-scuole-chiuse-allarme-codice-rosso-evitare-spostamenti-se-non-strettamente-necessari\\\/#primaryimage\",\"url\":\"https:\\\/\\\/www.bellunopress.it\\\/wp-content\\\/uploads\\\/2020\\\/11\\\/Prefettura-1.jpg\",\"contentUrl\":\"https:\\\/\\\/www.bellunopress.it\\\/wp-content\\\/uploads\\\/2020\\\/11\\\/Prefettura-1.jpg\",\"width\":800,\"height\":600,\"caption\":\"Prefettura di Belluno\"},{\"@type\":\"BreadcrumbList\",\"@id\":\"https:\\\/\\\/www.bellunopress.it\\\/2020\\\/12\\\/04\\\/maltempo-ordinanza-del-prefetto-sabato-scuole-chiuse-allarme-codice-rosso-evitare-spostamenti-se-non-strettamente-necessari\\\/#breadcrumb\",\"itemListElement\":[{\"@type\":\"ListItem\",\"position\":1,\"name\":\"Home\",\"item\":\"https:\\\/\\\/www.bellunopress.it\\\/\"},{\"@type\":\"ListItem\",\"position\":2,\"name\":\"Maltempo. Ordinanza del prefetto: sabato scuole chiuse. Allarme codice rosso: evitare spostamenti se non strettamente necessari\"}]},{\"@type\":\"WebSite\",\"@id\":\"https:\\\/\\\/www.bellunopress.it\\\/#website\",\"url\":\"https:\\\/\\\/www.bellunopress.it\\\/\",\"name\":\"Bellunopress - Dolomiti\",\"description\":\"e-mail: redazione@bellunopress.it\",\"publisher\":{\"@id\":\"https:\\\/\\\/www.bellunopress.it\\\/#organization\"},\"potentialAction\":[{\"@type\":\"SearchAction\",\"target\":{\"@type\":\"EntryPoint\",\"urlTemplate\":\"https:\\\/\\\/www.bellunopress.it\\\/?s={search_term_string}\"},\"query-input\":{\"@type\":\"PropertyValueSpecification\",\"valueRequired\":true,\"valueName\":\"search_term_string\"}}],\"inLanguage\":\"fr-FR\"},{\"@type\":\"Organization\",\"@id\":\"https:\\\/\\\/www.bellunopress.it\\\/#organization\",\"name\":\"Bellunopress\",\"url\":\"https:\\\/\\\/www.bellunopress.it\\\/\",\"logo\":{\"@type\":\"ImageObject\",\"inLanguage\":\"fr-FR\",\"@id\":\"https:\\\/\\\/www.bellunopress.it\\\/#\\\/schema\\\/logo\\\/image\\\/\",\"url\":\"https:\\\/\\\/www.bellunopress.it\\\/wp-content\\\/uploads\\\/2011\\\/05\\\/cropped-logo-bellunopress-.jpg\",\"contentUrl\":\"https:\\\/\\\/www.bellunopress.it\\\/wp-content\\\/uploads\\\/2011\\\/05\\\/cropped-logo-bellunopress-.jpg\",\"width\":512,\"height\":512,\"caption\":\"Bellunopress\"},\"image\":{\"@id\":\"https:\\\/\\\/www.bellunopress.it\\\/#\\\/schema\\\/logo\\\/image\\\/\"},\"sameAs\":[\"https:\\\/\\\/www.facebook.com\\\/profile.php?id=100008943462799\",\"https:\\\/\\\/x.com\\\/bellunopress\",\"https:\\\/\\\/www.linkedin.com\\\/hp\\\/?dnr=JBzUWaJfMUw8vbXJJ2tVW5-I3jZKvC4wsoxE&amp;amp;amp;amp;amp;amp;trk=nav_responsive_tab_home\",\"https:\\\/\\\/www.youtube.com\\\/channel\\\/UCxL0wu1uN0_3_7hGG0306cw\"]},{\"@type\":\"Person\",\"@id\":\"https:\\\/\\\/www.bellunopress.it\\\/#\\\/schema\\\/person\\\/79bb06722b37ece1c03d3e94beb30d73\",\"name\":\"redazione\",\"image\":{\"@type\":\"ImageObject\",\"inLanguage\":\"fr-FR\",\"@id\":\"https:\\\/\\\/secure.gravatar.com\\\/avatar\\\/37d968a2e67a6fd04c169c4bdef102d0bc5d31b2546345219e348575eb80e9a0?s=96&d=mm&r=g\",\"url\":\"https:\\\/\\\/secure.gravatar.com\\\/avatar\\\/37d968a2e67a6fd04c169c4bdef102d0bc5d31b2546345219e348575eb80e9a0?s=96&d=mm&r=g\",\"contentUrl\":\"https:\\\/\\\/secure.gravatar.com\\\/avatar\\\/37d968a2e67a6fd04c169c4bdef102d0bc5d31b2546345219e348575eb80e9a0?s=96&d=mm&r=g\",\"caption\":\"redazione\"},\"sameAs\":[\"http:\\\/\\\/www.bellunopress.it\",\"https:\\\/\\\/x.com\\\/bellunopress\"],\"url\":\"https:\\\/\\\/www.bellunopress.it\\\/fr\\\/author\\\/redazione\\\/\"}]}<\/script>\n<!-- \/ Yoast SEO plugin. -->","yoast_head_json":{"title":"Maltempo. Ordinanza del prefetto: sabato scuole chiuse. Allarme codice rosso: evitare spostamenti se non strettamente necessari - Bellunopress - Dolomiti","robots":{"index":"index","follow":"follow","max-snippet":"max-snippet:-1","max-image-preview":"max-image-preview:large","max-video-preview":"max-video-preview:-1"},"canonical":"https:\/\/www.bellunopress.it\/fr\/2020\/12\/04\/maltempo-ordinanza-del-prefetto-sabato-scuole-chiuse-allarme-codice-rosso-evitare-spostamenti-se-non-strettamente-necessari\/","og_locale":"fr_FR","og_type":"article","og_title":"Maltempo. Ordinanza del prefetto: sabato scuole chiuse. Allarme codice rosso: evitare spostamenti se non strettamente necessari - Bellunopress - Dolomiti","og_description":"Il territorio della provincia \u00e8 interessato da precipitazioni estese e persistenti. Il Centro Funzionale Decentrato della Regione Veneto in data odierna ha emesso l\u2019avviso di criticit\u00e0 idrogeologica ed idraulica con il quale \u00e8 stato dichiarato lo stato di lo stato di ALLARME (codice ROSSO) per criticit\u00e0 idraulica ed idrogeologica per l\u2019area VENE H dalle ore [&hellip;]","og_url":"https:\/\/www.bellunopress.it\/fr\/2020\/12\/04\/maltempo-ordinanza-del-prefetto-sabato-scuole-chiuse-allarme-codice-rosso-evitare-spostamenti-se-non-strettamente-necessari\/","og_site_name":"Bellunopress - Dolomiti","article_publisher":"https:\/\/www.facebook.com\/profile.php?id=100008943462799","article_published_time":"2020-12-04T17:22:41+00:00","og_image":[{"width":800,"height":600,"url":"https:\/\/www.bellunopress.it\/wp-content\/uploads\/2020\/11\/Prefettura-1.jpg","type":"image\/jpeg"}],"author":"redazione","twitter_card":"summary_large_image","twitter_creator":"@bellunopress","twitter_site":"@bellunopress","twitter_misc":{"\u00c9crit par":"redazione","Dur\u00e9e de lecture estim\u00e9e":"1 minute"},"schema":{"@context":"https:\/\/schema.org","@graph":[{"@type":"Article","@id":"https:\/\/www.bellunopress.it\/2020\/12\/04\/maltempo-ordinanza-del-prefetto-sabato-scuole-chiuse-allarme-codice-rosso-evitare-spostamenti-se-non-strettamente-necessari\/#article","isPartOf":{"@id":"https:\/\/www.bellunopress.it\/2020\/12\/04\/maltempo-ordinanza-del-prefetto-sabato-scuole-chiuse-allarme-codice-rosso-evitare-spostamenti-se-non-strettamente-necessari\/"},"author":{"name":"redazione","@id":"https:\/\/www.bellunopress.it\/#\/schema\/person\/79bb06722b37ece1c03d3e94beb30d73"},"headline":"Maltempo. Ordinanza del prefetto: sabato scuole chiuse. Allarme codice rosso: evitare spostamenti se non strettamente necessari","datePublished":"2020-12-04T17:22:41+00:00","mainEntityOfPage":{"@id":"https:\/\/www.bellunopress.it\/2020\/12\/04\/maltempo-ordinanza-del-prefetto-sabato-scuole-chiuse-allarme-codice-rosso-evitare-spostamenti-se-non-strettamente-necessari\/"},"wordCount":126,"publisher":{"@id":"https:\/\/www.bellunopress.it\/#organization"},"image":{"@id":"https:\/\/www.bellunopress.it\/2020\/12\/04\/maltempo-ordinanza-del-prefetto-sabato-scuole-chiuse-allarme-codice-rosso-evitare-spostamenti-se-non-strettamente-necessari\/#primaryimage"},"thumbnailUrl":"https:\/\/www.bellunopress.it\/wp-content\/uploads\/2020\/11\/Prefettura-1.jpg","articleSection":["Prima Pagina","Scuola","Societ\u00e0, Associazioni, Istituzioni"],"inLanguage":"fr-FR"},{"@type":"WebPage","@id":"https:\/\/www.bellunopress.it\/2020\/12\/04\/maltempo-ordinanza-del-prefetto-sabato-scuole-chiuse-allarme-codice-rosso-evitare-spostamenti-se-non-strettamente-necessari\/","url":"https:\/\/www.bellunopress.it\/2020\/12\/04\/maltempo-ordinanza-del-prefetto-sabato-scuole-chiuse-allarme-codice-rosso-evitare-spostamenti-se-non-strettamente-necessari\/","name":"Maltempo. Ordinanza del prefetto: sabato scuole chiuse. Allarme codice rosso: evitare spostamenti se non strettamente necessari - Bellunopress - Dolomiti","isPartOf":{"@id":"https:\/\/www.bellunopress.it\/#website"},"primaryImageOfPage":{"@id":"https:\/\/www.bellunopress.it\/2020\/12\/04\/maltempo-ordinanza-del-prefetto-sabato-scuole-chiuse-allarme-codice-rosso-evitare-spostamenti-se-non-strettamente-necessari\/#primaryimage"},"image":{"@id":"https:\/\/www.bellunopress.it\/2020\/12\/04\/maltempo-ordinanza-del-prefetto-sabato-scuole-chiuse-allarme-codice-rosso-evitare-spostamenti-se-non-strettamente-necessari\/#primaryimage"},"thumbnailUrl":"https:\/\/www.bellunopress.it\/wp-content\/uploads\/2020\/11\/Prefettura-1.jpg","datePublished":"2020-12-04T17:22:41+00:00","breadcrumb":{"@id":"https:\/\/www.bellunopress.it\/2020\/12\/04\/maltempo-ordinanza-del-prefetto-sabato-scuole-chiuse-allarme-codice-rosso-evitare-spostamenti-se-non-strettamente-necessari\/#breadcrumb"},"inLanguage":"fr-FR","potentialAction":[{"@type":"ReadAction","target":["https:\/\/www.bellunopress.it\/2020\/12\/04\/maltempo-ordinanza-del-prefetto-sabato-scuole-chiuse-allarme-codice-rosso-evitare-spostamenti-se-non-strettamente-necessari\/"]}]},{"@type":"ImageObject","inLanguage":"fr-FR","@id":"https:\/\/www.bellunopress.it\/2020\/12\/04\/maltempo-ordinanza-del-prefetto-sabato-scuole-chiuse-allarme-codice-rosso-evitare-spostamenti-se-non-strettamente-necessari\/#primaryimage","url":"https:\/\/www.bellunopress.it\/wp-content\/uploads\/2020\/11\/Prefettura-1.jpg","contentUrl":"https:\/\/www.bellunopress.it\/wp-content\/uploads\/2020\/11\/Prefettura-1.jpg","width":800,"height":600,"caption":"Prefettura di Belluno"},{"@type":"BreadcrumbList","@id":"https:\/\/www.bellunopress.it\/2020\/12\/04\/maltempo-ordinanza-del-prefetto-sabato-scuole-chiuse-allarme-codice-rosso-evitare-spostamenti-se-non-strettamente-necessari\/#breadcrumb","itemListElement":[{"@type":"ListItem","position":1,"name":"Home","item":"https:\/\/www.bellunopress.it\/"},{"@type":"ListItem","position":2,"name":"Maltempo. Ordinanza del prefetto: sabato scuole chiuse. Allarme codice rosso: evitare spostamenti se non strettamente necessari"}]},{"@type":"WebSite","@id":"https:\/\/www.bellunopress.it\/#website","url":"https:\/\/www.bellunopress.it\/","name":"Bellunopress - Dolomiti","description":"e-mail: redazione@bellunopress.it","publisher":{"@id":"https:\/\/www.bellunopress.it\/#organization"},"potentialAction":[{"@type":"SearchAction","target":{"@type":"EntryPoint","urlTemplate":"https:\/\/www.bellunopress.it\/?s={search_term_string}"},"query-input":{"@type":"PropertyValueSpecification","valueRequired":true,"valueName":"search_term_string"}}],"inLanguage":"fr-FR"},{"@type":"Organization","@id":"https:\/\/www.bellunopress.it\/#organization","name":"Bellunopress","url":"https:\/\/www.bellunopress.it\/","logo":{"@type":"ImageObject","inLanguage":"fr-FR","@id":"https:\/\/www.bellunopress.it\/#\/schema\/logo\/image\/","url":"https:\/\/www.bellunopress.it\/wp-content\/uploads\/2011\/05\/cropped-logo-bellunopress-.jpg","contentUrl":"https:\/\/www.bellunopress.it\/wp-content\/uploads\/2011\/05\/cropped-logo-bellunopress-.jpg","width":512,"height":512,"caption":"Bellunopress"},"image":{"@id":"https:\/\/www.bellunopress.it\/#\/schema\/logo\/image\/"},"sameAs":["https:\/\/www.facebook.com\/profile.php?id=100008943462799","https:\/\/x.com\/bellunopress","https:\/\/www.linkedin.com\/hp\/?dnr=JBzUWaJfMUw8vbXJJ2tVW5-I3jZKvC4wsoxE&amp;amp;amp;amp;amp;amp;trk=nav_responsive_tab_home","https:\/\/www.youtube.com\/channel\/UCxL0wu1uN0_3_7hGG0306cw"]},{"@type":"Person","@id":"https:\/\/www.bellunopress.it\/#\/schema\/person\/79bb06722b37ece1c03d3e94beb30d73","name":"r\u00e9daction","image":{"@type":"ImageObject","inLanguage":"fr-FR","@id":"https:\/\/secure.gravatar.com\/avatar\/37d968a2e67a6fd04c169c4bdef102d0bc5d31b2546345219e348575eb80e9a0?s=96&d=mm&r=g","url":"https:\/\/secure.gravatar.com\/avatar\/37d968a2e67a6fd04c169c4bdef102d0bc5d31b2546345219e348575eb80e9a0?s=96&d=mm&r=g","contentUrl":"https:\/\/secure.gravatar.com\/avatar\/37d968a2e67a6fd04c169c4bdef102d0bc5d31b2546345219e348575eb80e9a0?s=96&d=mm&r=g","caption":"redazione"},"sameAs":["http:\/\/www.bellunopress.it","https:\/\/x.com\/bellunopress"],"url":"https:\/\/www.bellunopress.it\/fr\/author\/redazione\/"}]}},"_links":{"self":[{"href":"https:\/\/www.bellunopress.it\/fr\/wp-json\/wp\/v2\/posts\/119751","targetHints":{"allow":["GET"]}}],"collection":[{"href":"https:\/\/www.bellunopress.it\/fr\/wp-json\/wp\/v2\/posts"}],"about":[{"href":"https:\/\/www.bellunopress.it\/fr\/wp-json\/wp\/v2\/types\/post"}],"author":[{"embeddable":true,"href":"https:\/\/www.bellunopress.it\/fr\/wp-json\/wp\/v2\/users\/2"}],"replies":[{"embeddable":true,"href":"https:\/\/www.bellunopress.it\/fr\/wp-json\/wp\/v2\/comments?post=119751"}],"version-history":[{"count":1,"href":"https:\/\/www.bellunopress.it\/fr\/wp-json\/wp\/v2\/posts\/119751\/revisions"}],"predecessor-version":[{"id":119752,"href":"https:\/\/www.bellunopress.it\/fr\/wp-json\/wp\/v2\/posts\/119751\/revisions\/119752"}],"wp:featuredmedia":[{"embeddable":true,"href":"https:\/\/www.bellunopress.it\/fr\/wp-json\/wp\/v2\/media\/119243"}],"wp:attachment":[{"href":"https:\/\/www.bellunopress.it\/fr\/wp-json\/wp\/v2\/media?parent=119751"}],"wp:term":[{"taxonomy":"category","embeddable":true,"href":"https:\/\/www.bellunopress.it\/fr\/wp-json\/wp\/v2\/categories?post=119751"},{"taxonomy":"post_tag","embeddable":true,"href":"https:\/\/www.bellunopress.it\/fr\/wp-json\/wp\/v2\/tags?post=119751"}],"curies":[{"name":"wp","href":"https:\/\/api.w.org\/{rel}","templated":true}]}}