{"id":119653,"date":"2020-11-30T15:42:08","date_gmt":"2020-11-30T14:42:08","guid":{"rendered":"http:\/\/www.bellunopress.it\/?p=119653"},"modified":"2020-11-30T15:42:08","modified_gmt":"2020-11-30T14:42:08","slug":"qualita-della-vita-belluno-scende-al-19mo-posto-padrin-viviamo-in-un-territorio-magnifico-ci-penalizza-solo-la-dimensione-demografica","status":"publish","type":"post","link":"https:\/\/www.bellunopress.it\/fr\/2020\/11\/30\/qualita-della-vita-belluno-scende-al-19mo-posto-padrin-viviamo-in-un-territorio-magnifico-ci-penalizza-solo-la-dimensione-demografica\/","title":{"rendered":"Qualit\u00e0 della vita, Belluno scende al 19mo posto. Padrin: \u00abViviamo in un territorio magnifico. Ci penalizza solo la dimensione demografica\u00bb"},"content":{"rendered":"<figure id=\"attachment_114481\" aria-describedby=\"caption-attachment-114481\" style=\"width: 800px\" class=\"wp-caption alignleft\"><a href=\"http:\/\/www.bellunopress.it\/fr\/2020\/05\/17\/fase-2-bis-padrin-la-provincia-puo-fare-da-collettore-di-tutte-le-esigenze-e-le-idee-che-emergono-dal-nostro-territorio\/roberto-padrin_edited-2\/\" rel=\"attachment wp-att-114481\"><img loading=\"lazy\" decoding=\"async\" class=\"size-full wp-image-114481\" src=\"http:\/\/www.bellunopress.it\/wp-content\/uploads\/2020\/05\/roberto-padrin_edited-1.jpg\" alt=\"\" width=\"800\" height=\"595\" srcset=\"https:\/\/www.bellunopress.it\/wp-content\/uploads\/2020\/05\/roberto-padrin_edited-1.jpg 800w, https:\/\/www.bellunopress.it\/wp-content\/uploads\/2020\/05\/roberto-padrin_edited-1-500x372.jpg 500w, https:\/\/www.bellunopress.it\/wp-content\/uploads\/2020\/05\/roberto-padrin_edited-1-485x360.jpg 485w, https:\/\/www.bellunopress.it\/wp-content\/uploads\/2020\/05\/roberto-padrin_edited-1-696x518.jpg 696w, https:\/\/www.bellunopress.it\/wp-content\/uploads\/2020\/05\/roberto-padrin_edited-1-565x420.jpg 565w, https:\/\/www.bellunopress.it\/wp-content\/uploads\/2020\/05\/roberto-padrin_edited-1-80x60.jpg 80w, https:\/\/www.bellunopress.it\/wp-content\/uploads\/2020\/05\/roberto-padrin_edited-1-265x198.jpg 265w\" sizes=\"auto, (max-width: 800px) 100vw, 800px\" \/><\/a><figcaption id=\"caption-attachment-114481\" class=\"wp-caption-text\">Roberto Padrin &#8211; Presidente della Provincia<\/figcaption><\/figure>\n<p>\u00abLavoro, benessere sociale e ambiente confermano il valore del territorio Bellunese. Ancora una volta pesa la demografia, e quest&#8217;anno c&#8217;\u00e8 anche il Covid a cambiare un po&#8217; i dati\u00bb. Il presidente della Provincia sintetizza cos\u00ec la classifica annuale sulla qualit\u00e0 della vita stilata da Italia Oggi, che vede Belluno scendere dal quinto al diciannovesimo posto.<\/p>\n<p>\u00abAl di l\u00e0 di alcune variazioni minime nei capitoli reati\/sicurezza e ambiente, in cui sono cambiati anche alcuni parametri di valutazione, la classifica di Italia Oggi ci mostra una volta di pi\u00f9 dove stanno le difficolt\u00e0 del nostro territorio. Che non cambia da un anno all&#8217;altro diventando improvvisamente invivibile: tutt&#8217;altro. Ma che continua a mostrare difficolt\u00e0 sotto il profilo della demografia. Lo sappiamo e non ce lo siamo mai nascosti: lo spopolamento della montagna incide, e non solo sulla classifica. Tant&#8217;\u00e8 vero che ancora un anno fa abbiamo proposto un documento antispopolamento al ministro Boccia e da tempo stiamo cercando di invertire la rotta con politiche ad hoc. Ovviamente il Covid ci costringe a ridisegnare l&#8217;architettura complessiva di quel piano\u00bb.<\/p>\n<p>Proprio il Covid costituisce un altro parametro incisivo nella classifica di Italia Oggi. \u00abIl tasso di variazione della mortalit\u00e0 e l&#8217;incidenza dei casi Covid registrati ogni 1.000 abitanti sono dati che pesano all&#8217;interno della graduatoria &#8211; continua il presidente Padrin -. Dall&#8217;altra parte per\u00f2 vediamo conferme importanti su altri parametri che hanno sempre tenuto in alto la nostra provincia, come ambiente e occupazione. Ci\u00f2 significa che il nostro territorio rimane di elevata qualit\u00e0 per i residenti. Il calo al diciannovesimo posto non pu\u00f2 essere letto diversamente: come non ci siamo esaltati negli anni scorsi, cos\u00ec non possiamo disperarci quest&#8217;anno. Certo, continueremo a lavorare per provare a contrastare in maniera sempre pi\u00f9 precisa ed efficace le criticit\u00e0 di natura demografica\u00bb.<\/p>\n<p>&nbsp;<\/p>","protected":false},"excerpt":{"rendered":"<p>\u00abLavoro, benessere sociale e ambiente confermano il valore del territorio Bellunese. Ancora una volta pesa la demografia, e quest&#8217;anno c&#8217;\u00e8 anche il Covid a cambiare un po&#8217; i dati\u00bb. Il presidente della Provincia sintetizza cos\u00ec la classifica annuale sulla qualit\u00e0 della vita stilata da Italia Oggi, che vede Belluno scendere dal quinto al diciannovesimo posto. [&hellip;]<\/p>\n","protected":false},"author":2,"featured_media":114481,"comment_status":"closed","ping_status":"open","sticky":false,"template":"","format":"standard","meta":{"footnotes":""},"categories":[5,26],"tags":[],"class_list":["post-119653","post","type-post","status-publish","format-standard","has-post-thumbnail","category-cronaca","category-prima-pagina"],"yoast_head":"<!-- This site is optimized with the Yoast SEO plugin v28.4 - https:\/\/yoast.com\/product\/yoast-seo-wordpress\/ -->\n<title>Qualit\u00e0 della vita, Belluno scende al 19mo posto. Padrin: \u00abViviamo in un territorio magnifico. Ci penalizza solo la dimensione demografica\u00bb - Bellunopress - Dolomiti<\/title>\n<meta name=\"robots\" content=\"index, follow, max-snippet:-1, max-image-preview:large, max-video-preview:-1\" \/>\n<link rel=\"canonical\" href=\"https:\/\/www.bellunopress.it\/fr\/2020\/11\/30\/qualita-della-vita-belluno-scende-al-19mo-posto-padrin-viviamo-in-un-territorio-magnifico-ci-penalizza-solo-la-dimensione-demografica\/\" \/>\n<meta property=\"og:locale\" content=\"fr_FR\" \/>\n<meta property=\"og:type\" content=\"article\" \/>\n<meta property=\"og:title\" content=\"Qualit\u00e0 della vita, Belluno scende al 19mo posto. Padrin: \u00abViviamo in un territorio magnifico. Ci penalizza solo la dimensione demografica\u00bb - Bellunopress - Dolomiti\" \/>\n<meta property=\"og:description\" content=\"\u00abLavoro, benessere sociale e ambiente confermano il valore del territorio Bellunese. Ancora una volta pesa la demografia, e quest&#8217;anno c&#8217;\u00e8 anche il Covid a cambiare un po&#8217; i dati\u00bb. Il presidente della Provincia sintetizza cos\u00ec la classifica annuale sulla qualit\u00e0 della vita stilata da Italia Oggi, che vede Belluno scendere dal quinto al diciannovesimo posto. [&hellip;]\" \/>\n<meta property=\"og:url\" content=\"https:\/\/www.bellunopress.it\/fr\/2020\/11\/30\/qualita-della-vita-belluno-scende-al-19mo-posto-padrin-viviamo-in-un-territorio-magnifico-ci-penalizza-solo-la-dimensione-demografica\/\" \/>\n<meta property=\"og:site_name\" content=\"Bellunopress - Dolomiti\" \/>\n<meta property=\"article:publisher\" content=\"https:\/\/www.facebook.com\/profile.php?id=100008943462799\" \/>\n<meta property=\"article:published_time\" content=\"2020-11-30T14:42:08+00:00\" \/>\n<meta property=\"og:image\" content=\"https:\/\/www.bellunopress.it\/wp-content\/uploads\/2020\/05\/roberto-padrin_edited-1.jpg\" \/>\n\t<meta property=\"og:image:width\" content=\"800\" \/>\n\t<meta property=\"og:image:height\" content=\"595\" \/>\n\t<meta property=\"og:image:type\" content=\"image\/jpeg\" \/>\n<meta name=\"author\" content=\"redazione\" \/>\n<meta name=\"twitter:card\" content=\"summary_large_image\" \/>\n<meta name=\"twitter:creator\" content=\"@bellunopress\" \/>\n<meta name=\"twitter:site\" content=\"@bellunopress\" \/>\n<meta name=\"twitter:label1\" content=\"\u00c9crit par\" \/>\n\t<meta name=\"twitter:data1\" content=\"redazione\" \/>\n\t<meta name=\"twitter:label2\" content=\"Dur\u00e9e de lecture estim\u00e9e\" \/>\n\t<meta name=\"twitter:data2\" content=\"2 minutes\" \/>\n<script type=\"application\/ld+json\" class=\"yoast-schema-graph\">{\"@context\":\"https:\\\/\\\/schema.org\",\"@graph\":[{\"@type\":\"Article\",\"@id\":\"https:\\\/\\\/www.bellunopress.it\\\/2020\\\/11\\\/30\\\/qualita-della-vita-belluno-scende-al-19mo-posto-padrin-viviamo-in-un-territorio-magnifico-ci-penalizza-solo-la-dimensione-demografica\\\/#article\",\"isPartOf\":{\"@id\":\"https:\\\/\\\/www.bellunopress.it\\\/2020\\\/11\\\/30\\\/qualita-della-vita-belluno-scende-al-19mo-posto-padrin-viviamo-in-un-territorio-magnifico-ci-penalizza-solo-la-dimensione-demografica\\\/\"},\"author\":{\"name\":\"redazione\",\"@id\":\"https:\\\/\\\/www.bellunopress.it\\\/#\\\/schema\\\/person\\\/79bb06722b37ece1c03d3e94beb30d73\"},\"headline\":\"Qualit\u00e0 della vita, Belluno scende al 19mo posto. Padrin: \u00abViviamo in un territorio magnifico. Ci penalizza solo la dimensione demografica\u00bb\",\"datePublished\":\"2020-11-30T14:42:08+00:00\",\"mainEntityOfPage\":{\"@id\":\"https:\\\/\\\/www.bellunopress.it\\\/2020\\\/11\\\/30\\\/qualita-della-vita-belluno-scende-al-19mo-posto-padrin-viviamo-in-un-territorio-magnifico-ci-penalizza-solo-la-dimensione-demografica\\\/\"},\"wordCount\":336,\"publisher\":{\"@id\":\"https:\\\/\\\/www.bellunopress.it\\\/#organization\"},\"image\":{\"@id\":\"https:\\\/\\\/www.bellunopress.it\\\/2020\\\/11\\\/30\\\/qualita-della-vita-belluno-scende-al-19mo-posto-padrin-viviamo-in-un-territorio-magnifico-ci-penalizza-solo-la-dimensione-demografica\\\/#primaryimage\"},\"thumbnailUrl\":\"https:\\\/\\\/www.bellunopress.it\\\/wp-content\\\/uploads\\\/2020\\\/05\\\/roberto-padrin_edited-1.jpg\",\"articleSection\":[\"Cronaca\\\/Politica\",\"Prima Pagina\"],\"inLanguage\":\"fr-FR\"},{\"@type\":\"WebPage\",\"@id\":\"https:\\\/\\\/www.bellunopress.it\\\/2020\\\/11\\\/30\\\/qualita-della-vita-belluno-scende-al-19mo-posto-padrin-viviamo-in-un-territorio-magnifico-ci-penalizza-solo-la-dimensione-demografica\\\/\",\"url\":\"https:\\\/\\\/www.bellunopress.it\\\/2020\\\/11\\\/30\\\/qualita-della-vita-belluno-scende-al-19mo-posto-padrin-viviamo-in-un-territorio-magnifico-ci-penalizza-solo-la-dimensione-demografica\\\/\",\"name\":\"Qualit\u00e0 della vita, Belluno scende al 19mo posto. Padrin: \u00abViviamo in un territorio magnifico. Ci penalizza solo la dimensione demografica\u00bb - Bellunopress - Dolomiti\",\"isPartOf\":{\"@id\":\"https:\\\/\\\/www.bellunopress.it\\\/#website\"},\"primaryImageOfPage\":{\"@id\":\"https:\\\/\\\/www.bellunopress.it\\\/2020\\\/11\\\/30\\\/qualita-della-vita-belluno-scende-al-19mo-posto-padrin-viviamo-in-un-territorio-magnifico-ci-penalizza-solo-la-dimensione-demografica\\\/#primaryimage\"},\"image\":{\"@id\":\"https:\\\/\\\/www.bellunopress.it\\\/2020\\\/11\\\/30\\\/qualita-della-vita-belluno-scende-al-19mo-posto-padrin-viviamo-in-un-territorio-magnifico-ci-penalizza-solo-la-dimensione-demografica\\\/#primaryimage\"},\"thumbnailUrl\":\"https:\\\/\\\/www.bellunopress.it\\\/wp-content\\\/uploads\\\/2020\\\/05\\\/roberto-padrin_edited-1.jpg\",\"datePublished\":\"2020-11-30T14:42:08+00:00\",\"breadcrumb\":{\"@id\":\"https:\\\/\\\/www.bellunopress.it\\\/2020\\\/11\\\/30\\\/qualita-della-vita-belluno-scende-al-19mo-posto-padrin-viviamo-in-un-territorio-magnifico-ci-penalizza-solo-la-dimensione-demografica\\\/#breadcrumb\"},\"inLanguage\":\"fr-FR\",\"potentialAction\":[{\"@type\":\"ReadAction\",\"target\":[\"https:\\\/\\\/www.bellunopress.it\\\/2020\\\/11\\\/30\\\/qualita-della-vita-belluno-scende-al-19mo-posto-padrin-viviamo-in-un-territorio-magnifico-ci-penalizza-solo-la-dimensione-demografica\\\/\"]}]},{\"@type\":\"ImageObject\",\"inLanguage\":\"fr-FR\",\"@id\":\"https:\\\/\\\/www.bellunopress.it\\\/2020\\\/11\\\/30\\\/qualita-della-vita-belluno-scende-al-19mo-posto-padrin-viviamo-in-un-territorio-magnifico-ci-penalizza-solo-la-dimensione-demografica\\\/#primaryimage\",\"url\":\"https:\\\/\\\/www.bellunopress.it\\\/wp-content\\\/uploads\\\/2020\\\/05\\\/roberto-padrin_edited-1.jpg\",\"contentUrl\":\"https:\\\/\\\/www.bellunopress.it\\\/wp-content\\\/uploads\\\/2020\\\/05\\\/roberto-padrin_edited-1.jpg\",\"width\":800,\"height\":595,\"caption\":\"Roberto Padrin - Presidente della Provincia\"},{\"@type\":\"BreadcrumbList\",\"@id\":\"https:\\\/\\\/www.bellunopress.it\\\/2020\\\/11\\\/30\\\/qualita-della-vita-belluno-scende-al-19mo-posto-padrin-viviamo-in-un-territorio-magnifico-ci-penalizza-solo-la-dimensione-demografica\\\/#breadcrumb\",\"itemListElement\":[{\"@type\":\"ListItem\",\"position\":1,\"name\":\"Home\",\"item\":\"https:\\\/\\\/www.bellunopress.it\\\/\"},{\"@type\":\"ListItem\",\"position\":2,\"name\":\"Qualit\u00e0 della vita, Belluno scende al 19mo posto. Padrin: \u00abViviamo in un territorio magnifico. Ci penalizza solo la dimensione demografica\u00bb\"}]},{\"@type\":\"WebSite\",\"@id\":\"https:\\\/\\\/www.bellunopress.it\\\/#website\",\"url\":\"https:\\\/\\\/www.bellunopress.it\\\/\",\"name\":\"Bellunopress - Dolomiti\",\"description\":\"e-mail: redazione@bellunopress.it\",\"publisher\":{\"@id\":\"https:\\\/\\\/www.bellunopress.it\\\/#organization\"},\"potentialAction\":[{\"@type\":\"SearchAction\",\"target\":{\"@type\":\"EntryPoint\",\"urlTemplate\":\"https:\\\/\\\/www.bellunopress.it\\\/?s={search_term_string}\"},\"query-input\":{\"@type\":\"PropertyValueSpecification\",\"valueRequired\":true,\"valueName\":\"search_term_string\"}}],\"inLanguage\":\"fr-FR\"},{\"@type\":\"Organization\",\"@id\":\"https:\\\/\\\/www.bellunopress.it\\\/#organization\",\"name\":\"Bellunopress\",\"url\":\"https:\\\/\\\/www.bellunopress.it\\\/\",\"logo\":{\"@type\":\"ImageObject\",\"inLanguage\":\"fr-FR\",\"@id\":\"https:\\\/\\\/www.bellunopress.it\\\/#\\\/schema\\\/logo\\\/image\\\/\",\"url\":\"https:\\\/\\\/www.bellunopress.it\\\/wp-content\\\/uploads\\\/2011\\\/05\\\/cropped-logo-bellunopress-.jpg\",\"contentUrl\":\"https:\\\/\\\/www.bellunopress.it\\\/wp-content\\\/uploads\\\/2011\\\/05\\\/cropped-logo-bellunopress-.jpg\",\"width\":512,\"height\":512,\"caption\":\"Bellunopress\"},\"image\":{\"@id\":\"https:\\\/\\\/www.bellunopress.it\\\/#\\\/schema\\\/logo\\\/image\\\/\"},\"sameAs\":[\"https:\\\/\\\/www.facebook.com\\\/profile.php?id=100008943462799\",\"https:\\\/\\\/x.com\\\/bellunopress\",\"https:\\\/\\\/www.linkedin.com\\\/hp\\\/?dnr=JBzUWaJfMUw8vbXJJ2tVW5-I3jZKvC4wsoxE&amp;amp;amp;amp;amp;amp;trk=nav_responsive_tab_home\",\"https:\\\/\\\/www.youtube.com\\\/channel\\\/UCxL0wu1uN0_3_7hGG0306cw\"]},{\"@type\":\"Person\",\"@id\":\"https:\\\/\\\/www.bellunopress.it\\\/#\\\/schema\\\/person\\\/79bb06722b37ece1c03d3e94beb30d73\",\"name\":\"redazione\",\"image\":{\"@type\":\"ImageObject\",\"inLanguage\":\"fr-FR\",\"@id\":\"https:\\\/\\\/secure.gravatar.com\\\/avatar\\\/37d968a2e67a6fd04c169c4bdef102d0bc5d31b2546345219e348575eb80e9a0?s=96&d=mm&r=g\",\"url\":\"https:\\\/\\\/secure.gravatar.com\\\/avatar\\\/37d968a2e67a6fd04c169c4bdef102d0bc5d31b2546345219e348575eb80e9a0?s=96&d=mm&r=g\",\"contentUrl\":\"https:\\\/\\\/secure.gravatar.com\\\/avatar\\\/37d968a2e67a6fd04c169c4bdef102d0bc5d31b2546345219e348575eb80e9a0?s=96&d=mm&r=g\",\"caption\":\"redazione\"},\"sameAs\":[\"http:\\\/\\\/www.bellunopress.it\",\"https:\\\/\\\/x.com\\\/bellunopress\"],\"url\":\"https:\\\/\\\/www.bellunopress.it\\\/fr\\\/author\\\/redazione\\\/\"}]}<\/script>\n<!-- \/ Yoast SEO plugin. -->","yoast_head_json":{"title":"Qualit\u00e0 della vita, Belluno scende al 19mo posto. Padrin: \u00abViviamo in un territorio magnifico. Ci penalizza solo la dimensione demografica\u00bb - Bellunopress - Dolomiti","robots":{"index":"index","follow":"follow","max-snippet":"max-snippet:-1","max-image-preview":"max-image-preview:large","max-video-preview":"max-video-preview:-1"},"canonical":"https:\/\/www.bellunopress.it\/fr\/2020\/11\/30\/qualita-della-vita-belluno-scende-al-19mo-posto-padrin-viviamo-in-un-territorio-magnifico-ci-penalizza-solo-la-dimensione-demografica\/","og_locale":"fr_FR","og_type":"article","og_title":"Qualit\u00e0 della vita, Belluno scende al 19mo posto. Padrin: \u00abViviamo in un territorio magnifico. Ci penalizza solo la dimensione demografica\u00bb - Bellunopress - Dolomiti","og_description":"\u00abLavoro, benessere sociale e ambiente confermano il valore del territorio Bellunese. Ancora una volta pesa la demografia, e quest&#8217;anno c&#8217;\u00e8 anche il Covid a cambiare un po&#8217; i dati\u00bb. Il presidente della Provincia sintetizza cos\u00ec la classifica annuale sulla qualit\u00e0 della vita stilata da Italia Oggi, che vede Belluno scendere dal quinto al diciannovesimo posto. [&hellip;]","og_url":"https:\/\/www.bellunopress.it\/fr\/2020\/11\/30\/qualita-della-vita-belluno-scende-al-19mo-posto-padrin-viviamo-in-un-territorio-magnifico-ci-penalizza-solo-la-dimensione-demografica\/","og_site_name":"Bellunopress - Dolomiti","article_publisher":"https:\/\/www.facebook.com\/profile.php?id=100008943462799","article_published_time":"2020-11-30T14:42:08+00:00","og_image":[{"width":800,"height":595,"url":"https:\/\/www.bellunopress.it\/wp-content\/uploads\/2020\/05\/roberto-padrin_edited-1.jpg","type":"image\/jpeg"}],"author":"redazione","twitter_card":"summary_large_image","twitter_creator":"@bellunopress","twitter_site":"@bellunopress","twitter_misc":{"\u00c9crit par":"redazione","Dur\u00e9e de lecture estim\u00e9e":"2 minutes"},"schema":{"@context":"https:\/\/schema.org","@graph":[{"@type":"Article","@id":"https:\/\/www.bellunopress.it\/2020\/11\/30\/qualita-della-vita-belluno-scende-al-19mo-posto-padrin-viviamo-in-un-territorio-magnifico-ci-penalizza-solo-la-dimensione-demografica\/#article","isPartOf":{"@id":"https:\/\/www.bellunopress.it\/2020\/11\/30\/qualita-della-vita-belluno-scende-al-19mo-posto-padrin-viviamo-in-un-territorio-magnifico-ci-penalizza-solo-la-dimensione-demografica\/"},"author":{"name":"redazione","@id":"https:\/\/www.bellunopress.it\/#\/schema\/person\/79bb06722b37ece1c03d3e94beb30d73"},"headline":"Qualit\u00e0 della vita, Belluno scende al 19mo posto. Padrin: \u00abViviamo in un territorio magnifico. Ci penalizza solo la dimensione demografica\u00bb","datePublished":"2020-11-30T14:42:08+00:00","mainEntityOfPage":{"@id":"https:\/\/www.bellunopress.it\/2020\/11\/30\/qualita-della-vita-belluno-scende-al-19mo-posto-padrin-viviamo-in-un-territorio-magnifico-ci-penalizza-solo-la-dimensione-demografica\/"},"wordCount":336,"publisher":{"@id":"https:\/\/www.bellunopress.it\/#organization"},"image":{"@id":"https:\/\/www.bellunopress.it\/2020\/11\/30\/qualita-della-vita-belluno-scende-al-19mo-posto-padrin-viviamo-in-un-territorio-magnifico-ci-penalizza-solo-la-dimensione-demografica\/#primaryimage"},"thumbnailUrl":"https:\/\/www.bellunopress.it\/wp-content\/uploads\/2020\/05\/roberto-padrin_edited-1.jpg","articleSection":["Cronaca\/Politica","Prima Pagina"],"inLanguage":"fr-FR"},{"@type":"WebPage","@id":"https:\/\/www.bellunopress.it\/2020\/11\/30\/qualita-della-vita-belluno-scende-al-19mo-posto-padrin-viviamo-in-un-territorio-magnifico-ci-penalizza-solo-la-dimensione-demografica\/","url":"https:\/\/www.bellunopress.it\/2020\/11\/30\/qualita-della-vita-belluno-scende-al-19mo-posto-padrin-viviamo-in-un-territorio-magnifico-ci-penalizza-solo-la-dimensione-demografica\/","name":"Qualit\u00e0 della vita, Belluno scende al 19mo posto. Padrin: \u00abViviamo in un territorio magnifico. Ci penalizza solo la dimensione demografica\u00bb - Bellunopress - Dolomiti","isPartOf":{"@id":"https:\/\/www.bellunopress.it\/#website"},"primaryImageOfPage":{"@id":"https:\/\/www.bellunopress.it\/2020\/11\/30\/qualita-della-vita-belluno-scende-al-19mo-posto-padrin-viviamo-in-un-territorio-magnifico-ci-penalizza-solo-la-dimensione-demografica\/#primaryimage"},"image":{"@id":"https:\/\/www.bellunopress.it\/2020\/11\/30\/qualita-della-vita-belluno-scende-al-19mo-posto-padrin-viviamo-in-un-territorio-magnifico-ci-penalizza-solo-la-dimensione-demografica\/#primaryimage"},"thumbnailUrl":"https:\/\/www.bellunopress.it\/wp-content\/uploads\/2020\/05\/roberto-padrin_edited-1.jpg","datePublished":"2020-11-30T14:42:08+00:00","breadcrumb":{"@id":"https:\/\/www.bellunopress.it\/2020\/11\/30\/qualita-della-vita-belluno-scende-al-19mo-posto-padrin-viviamo-in-un-territorio-magnifico-ci-penalizza-solo-la-dimensione-demografica\/#breadcrumb"},"inLanguage":"fr-FR","potentialAction":[{"@type":"ReadAction","target":["https:\/\/www.bellunopress.it\/2020\/11\/30\/qualita-della-vita-belluno-scende-al-19mo-posto-padrin-viviamo-in-un-territorio-magnifico-ci-penalizza-solo-la-dimensione-demografica\/"]}]},{"@type":"ImageObject","inLanguage":"fr-FR","@id":"https:\/\/www.bellunopress.it\/2020\/11\/30\/qualita-della-vita-belluno-scende-al-19mo-posto-padrin-viviamo-in-un-territorio-magnifico-ci-penalizza-solo-la-dimensione-demografica\/#primaryimage","url":"https:\/\/www.bellunopress.it\/wp-content\/uploads\/2020\/05\/roberto-padrin_edited-1.jpg","contentUrl":"https:\/\/www.bellunopress.it\/wp-content\/uploads\/2020\/05\/roberto-padrin_edited-1.jpg","width":800,"height":595,"caption":"Roberto Padrin - Presidente della Provincia"},{"@type":"BreadcrumbList","@id":"https:\/\/www.bellunopress.it\/2020\/11\/30\/qualita-della-vita-belluno-scende-al-19mo-posto-padrin-viviamo-in-un-territorio-magnifico-ci-penalizza-solo-la-dimensione-demografica\/#breadcrumb","itemListElement":[{"@type":"ListItem","position":1,"name":"Home","item":"https:\/\/www.bellunopress.it\/"},{"@type":"ListItem","position":2,"name":"Qualit\u00e0 della vita, Belluno scende al 19mo posto. Padrin: \u00abViviamo in un territorio magnifico. Ci penalizza solo la dimensione demografica\u00bb"}]},{"@type":"WebSite","@id":"https:\/\/www.bellunopress.it\/#website","url":"https:\/\/www.bellunopress.it\/","name":"Bellunopress - Dolomiti","description":"e-mail: redazione@bellunopress.it","publisher":{"@id":"https:\/\/www.bellunopress.it\/#organization"},"potentialAction":[{"@type":"SearchAction","target":{"@type":"EntryPoint","urlTemplate":"https:\/\/www.bellunopress.it\/?s={search_term_string}"},"query-input":{"@type":"PropertyValueSpecification","valueRequired":true,"valueName":"search_term_string"}}],"inLanguage":"fr-FR"},{"@type":"Organization","@id":"https:\/\/www.bellunopress.it\/#organization","name":"Bellunopress","url":"https:\/\/www.bellunopress.it\/","logo":{"@type":"ImageObject","inLanguage":"fr-FR","@id":"https:\/\/www.bellunopress.it\/#\/schema\/logo\/image\/","url":"https:\/\/www.bellunopress.it\/wp-content\/uploads\/2011\/05\/cropped-logo-bellunopress-.jpg","contentUrl":"https:\/\/www.bellunopress.it\/wp-content\/uploads\/2011\/05\/cropped-logo-bellunopress-.jpg","width":512,"height":512,"caption":"Bellunopress"},"image":{"@id":"https:\/\/www.bellunopress.it\/#\/schema\/logo\/image\/"},"sameAs":["https:\/\/www.facebook.com\/profile.php?id=100008943462799","https:\/\/x.com\/bellunopress","https:\/\/www.linkedin.com\/hp\/?dnr=JBzUWaJfMUw8vbXJJ2tVW5-I3jZKvC4wsoxE&amp;amp;amp;amp;amp;amp;trk=nav_responsive_tab_home","https:\/\/www.youtube.com\/channel\/UCxL0wu1uN0_3_7hGG0306cw"]},{"@type":"Person","@id":"https:\/\/www.bellunopress.it\/#\/schema\/person\/79bb06722b37ece1c03d3e94beb30d73","name":"r\u00e9daction","image":{"@type":"ImageObject","inLanguage":"fr-FR","@id":"https:\/\/secure.gravatar.com\/avatar\/37d968a2e67a6fd04c169c4bdef102d0bc5d31b2546345219e348575eb80e9a0?s=96&d=mm&r=g","url":"https:\/\/secure.gravatar.com\/avatar\/37d968a2e67a6fd04c169c4bdef102d0bc5d31b2546345219e348575eb80e9a0?s=96&d=mm&r=g","contentUrl":"https:\/\/secure.gravatar.com\/avatar\/37d968a2e67a6fd04c169c4bdef102d0bc5d31b2546345219e348575eb80e9a0?s=96&d=mm&r=g","caption":"redazione"},"sameAs":["http:\/\/www.bellunopress.it","https:\/\/x.com\/bellunopress"],"url":"https:\/\/www.bellunopress.it\/fr\/author\/redazione\/"}]}},"_links":{"self":[{"href":"https:\/\/www.bellunopress.it\/fr\/wp-json\/wp\/v2\/posts\/119653","targetHints":{"allow":["GET"]}}],"collection":[{"href":"https:\/\/www.bellunopress.it\/fr\/wp-json\/wp\/v2\/posts"}],"about":[{"href":"https:\/\/www.bellunopress.it\/fr\/wp-json\/wp\/v2\/types\/post"}],"author":[{"embeddable":true,"href":"https:\/\/www.bellunopress.it\/fr\/wp-json\/wp\/v2\/users\/2"}],"replies":[{"embeddable":true,"href":"https:\/\/www.bellunopress.it\/fr\/wp-json\/wp\/v2\/comments?post=119653"}],"version-history":[{"count":1,"href":"https:\/\/www.bellunopress.it\/fr\/wp-json\/wp\/v2\/posts\/119653\/revisions"}],"predecessor-version":[{"id":119654,"href":"https:\/\/www.bellunopress.it\/fr\/wp-json\/wp\/v2\/posts\/119653\/revisions\/119654"}],"wp:featuredmedia":[{"embeddable":true,"href":"https:\/\/www.bellunopress.it\/fr\/wp-json\/wp\/v2\/media\/114481"}],"wp:attachment":[{"href":"https:\/\/www.bellunopress.it\/fr\/wp-json\/wp\/v2\/media?parent=119653"}],"wp:term":[{"taxonomy":"category","embeddable":true,"href":"https:\/\/www.bellunopress.it\/fr\/wp-json\/wp\/v2\/categories?post=119653"},{"taxonomy":"post_tag","embeddable":true,"href":"https:\/\/www.bellunopress.it\/fr\/wp-json\/wp\/v2\/tags?post=119653"}],"curies":[{"name":"wp","href":"https:\/\/api.w.org\/{rel}","templated":true}]}}