{"id":119648,"date":"2020-11-30T15:32:33","date_gmt":"2020-11-30T14:32:33","guid":{"rendered":"http:\/\/www.bellunopress.it\/?p=119648"},"modified":"2020-11-30T16:19:01","modified_gmt":"2020-11-30T15:19:01","slug":"in-crepadona-la-quarta-piazza-di-belluno-interamente-coperta-da-una-formidabile-vetrata","status":"publish","type":"post","link":"https:\/\/www.bellunopress.it\/fr\/2020\/11\/30\/in-crepadona-la-quarta-piazza-di-belluno-interamente-coperta-da-una-formidabile-vetrata\/","title":{"rendered":"In Crepadona la &#8220;Quarta piazza&#8221; di Belluno, interamente coperta da una formidabile vetrata"},"content":{"rendered":"<p><a href=\"http:\/\/www.bellunopress.it\/fr\/2020\/11\/30\/in-crepadona-la-quarta-piazza-di-belluno-interamente-coperta-da-una-formidabile-vetrata\/crepadona-sostegno-copertura-albero-della-cultura_edited\/\" rel=\"attachment wp-att-119649\"><img loading=\"lazy\" decoding=\"async\" class=\"alignleft size-full wp-image-119649\" src=\"http:\/\/www.bellunopress.it\/wp-content\/uploads\/2020\/11\/Crepadona-Sostegno-copertura-Albero-della-cultura_edited.jpg\" alt=\"\" width=\"800\" height=\"533\" srcset=\"https:\/\/www.bellunopress.it\/wp-content\/uploads\/2020\/11\/Crepadona-Sostegno-copertura-Albero-della-cultura_edited.jpg 800w, https:\/\/www.bellunopress.it\/wp-content\/uploads\/2020\/11\/Crepadona-Sostegno-copertura-Albero-della-cultura_edited-500x333.jpg 500w, https:\/\/www.bellunopress.it\/wp-content\/uploads\/2020\/11\/Crepadona-Sostegno-copertura-Albero-della-cultura_edited-696x464.jpg 696w, https:\/\/www.bellunopress.it\/wp-content\/uploads\/2020\/11\/Crepadona-Sostegno-copertura-Albero-della-cultura_edited-630x420.jpg 630w\" sizes=\"auto, (max-width: 800px) 100vw, 800px\" \/><\/a><a href=\"http:\/\/www.bellunopress.it\/fr\/2020\/11\/30\/in-crepadona-la-quarta-piazza-di-belluno-interamente-coperta-da-una-formidabile-vetrata\/crepadona-copertura-particolare-2_edited\/\" rel=\"attachment wp-att-119650\"><img loading=\"lazy\" decoding=\"async\" class=\"alignleft size-full wp-image-119650\" src=\"http:\/\/www.bellunopress.it\/wp-content\/uploads\/2020\/11\/Crepadona-Copertura-particolare-2_edited.jpg\" alt=\"\" width=\"800\" height=\"533\" srcset=\"https:\/\/www.bellunopress.it\/wp-content\/uploads\/2020\/11\/Crepadona-Copertura-particolare-2_edited.jpg 800w, https:\/\/www.bellunopress.it\/wp-content\/uploads\/2020\/11\/Crepadona-Copertura-particolare-2_edited-500x333.jpg 500w, https:\/\/www.bellunopress.it\/wp-content\/uploads\/2020\/11\/Crepadona-Copertura-particolare-2_edited-696x464.jpg 696w, https:\/\/www.bellunopress.it\/wp-content\/uploads\/2020\/11\/Crepadona-Copertura-particolare-2_edited-630x420.jpg 630w\" sizes=\"auto, (max-width: 800px) 100vw, 800px\" \/><\/a>Belluno, 30 novembre 2020 &#8211; &#8220;Saranno raddoppiati gli spazi a disposizione dei ragazzi per lo studio e la biblioteca grazie al recupero della corte interna&#8221;. Lo ha detto l&#8217;architetto Franco Frison, assessore del Comune di Belluno questa mattina al sopralluogo dei lavori che sono in corso a Palazzo Crepadona, nel centro storico della citt\u00e0, realizzati all&#8217;interno del cantiere della Rigenerazione urbana, progetto voluto dall&#8217;amministrazione comunale. &#8220;Sar\u00e0 la Quarta piazza di Belluno &#8211; ha proseguito Frison &#8211; uno spazio sempre coperto, dotato di una vetrata autopulente, appoggiata a 4 pilastri snelli che ricorda la forma di un albero, &#8220;Gli alberi della cultura&#8221;, progettato dallo Studio Arteco di Verona. Il passo successivo sar\u00e0 il montaggio di una nuova scala panoramica che sostituir\u00e0 la precedente che non era a norma&#8221;. Nell&#8217;estate del 2021 la struttura sar\u00e0 ultimata.\u00a0 &#8220;L&#8217;intervento \u00e8 stato complesso &#8211;\u00a0 ha detto la progettista Chiara Barattin (Studio di architettura Arteco di Verona coordinato da Antonella Milani) che ha seguito gli aspetti strutturali insieme allo studio di ingegneria bellunese MTD &#8211; l&#8217;innovazione principale \u00e8 stata quella di introdurre una nuova copertura nell&#8217;edificio storico preesistente. Inoltre, sono stati fatti degli interventi locali per migliorare la nuova destinazione d&#8217;uso dell&#8217;intero centro&#8221;.<\/p>\n<p>&nbsp;<\/p>","protected":false},"excerpt":{"rendered":"<p>Belluno, 30 novembre 2020 &#8211; &#8220;Saranno raddoppiati gli spazi a disposizione dei ragazzi per lo studio e la biblioteca grazie al recupero della corte interna&#8221;. Lo ha detto l&#8217;architetto Franco Frison, assessore del Comune di Belluno questa mattina al sopralluogo dei lavori che sono in corso a Palazzo Crepadona, nel centro storico della citt\u00e0, realizzati [&hellip;]<\/p>\n","protected":false},"author":2,"featured_media":119650,"comment_status":"closed","ping_status":"open","sticky":false,"template":"","format":"standard","meta":{"footnotes":""},"categories":[5,3446,8],"tags":[],"class_list":["post-119648","post","type-post","status-publish","format-standard","has-post-thumbnail","category-cronaca","category-featured","category-societa-istituzioni"],"yoast_head":"<!-- This site is optimized with the Yoast SEO plugin v28.4 - https:\/\/yoast.com\/product\/yoast-seo-wordpress\/ -->\n<title>In Crepadona la &quot;Quarta piazza&quot; di Belluno, interamente coperta da una formidabile vetrata - Bellunopress - Dolomiti<\/title>\n<meta name=\"robots\" content=\"index, follow, max-snippet:-1, max-image-preview:large, max-video-preview:-1\" \/>\n<link rel=\"canonical\" href=\"https:\/\/www.bellunopress.it\/fr\/2020\/11\/30\/in-crepadona-la-quarta-piazza-di-belluno-interamente-coperta-da-una-formidabile-vetrata\/\" \/>\n<meta property=\"og:locale\" content=\"fr_FR\" \/>\n<meta property=\"og:type\" content=\"article\" \/>\n<meta property=\"og:title\" content=\"In Crepadona la &quot;Quarta piazza&quot; di Belluno, interamente coperta da una formidabile vetrata - Bellunopress - Dolomiti\" \/>\n<meta property=\"og:description\" content=\"Belluno, 30 novembre 2020 &#8211; &#8220;Saranno raddoppiati gli spazi a disposizione dei ragazzi per lo studio e la biblioteca grazie al recupero della corte interna&#8221;. Lo ha detto l&#8217;architetto Franco Frison, assessore del Comune di Belluno questa mattina al sopralluogo dei lavori che sono in corso a Palazzo Crepadona, nel centro storico della citt\u00e0, realizzati [&hellip;]\" \/>\n<meta property=\"og:url\" content=\"https:\/\/www.bellunopress.it\/fr\/2020\/11\/30\/in-crepadona-la-quarta-piazza-di-belluno-interamente-coperta-da-una-formidabile-vetrata\/\" \/>\n<meta property=\"og:site_name\" content=\"Bellunopress - Dolomiti\" \/>\n<meta property=\"article:publisher\" content=\"https:\/\/www.facebook.com\/profile.php?id=100008943462799\" \/>\n<meta property=\"article:published_time\" content=\"2020-11-30T14:32:33+00:00\" \/>\n<meta property=\"article:modified_time\" content=\"2020-11-30T15:19:01+00:00\" \/>\n<meta property=\"og:image\" content=\"https:\/\/www.bellunopress.it\/wp-content\/uploads\/2020\/11\/Crepadona-Copertura-particolare-2_edited.jpg\" \/>\n\t<meta property=\"og:image:width\" content=\"800\" \/>\n\t<meta property=\"og:image:height\" content=\"533\" \/>\n\t<meta property=\"og:image:type\" content=\"image\/jpeg\" \/>\n<meta name=\"author\" content=\"redazione\" \/>\n<meta name=\"twitter:card\" content=\"summary_large_image\" \/>\n<meta name=\"twitter:creator\" content=\"@bellunopress\" \/>\n<meta name=\"twitter:site\" content=\"@bellunopress\" \/>\n<meta name=\"twitter:label1\" content=\"\u00c9crit par\" \/>\n\t<meta name=\"twitter:data1\" content=\"redazione\" \/>\n\t<meta name=\"twitter:label2\" content=\"Dur\u00e9e de lecture estim\u00e9e\" \/>\n\t<meta name=\"twitter:data2\" content=\"1 minute\" \/>\n<script type=\"application\/ld+json\" class=\"yoast-schema-graph\">{\"@context\":\"https:\\\/\\\/schema.org\",\"@graph\":[{\"@type\":\"Article\",\"@id\":\"https:\\\/\\\/www.bellunopress.it\\\/2020\\\/11\\\/30\\\/in-crepadona-la-quarta-piazza-di-belluno-interamente-coperta-da-una-formidabile-vetrata\\\/#article\",\"isPartOf\":{\"@id\":\"https:\\\/\\\/www.bellunopress.it\\\/2020\\\/11\\\/30\\\/in-crepadona-la-quarta-piazza-di-belluno-interamente-coperta-da-una-formidabile-vetrata\\\/\"},\"author\":{\"name\":\"redazione\",\"@id\":\"https:\\\/\\\/www.bellunopress.it\\\/#\\\/schema\\\/person\\\/79bb06722b37ece1c03d3e94beb30d73\"},\"headline\":\"In Crepadona la &#8220;Quarta piazza&#8221; di Belluno, interamente coperta da una formidabile vetrata\",\"datePublished\":\"2020-11-30T14:32:33+00:00\",\"dateModified\":\"2020-11-30T15:19:01+00:00\",\"mainEntityOfPage\":{\"@id\":\"https:\\\/\\\/www.bellunopress.it\\\/2020\\\/11\\\/30\\\/in-crepadona-la-quarta-piazza-di-belluno-interamente-coperta-da-una-formidabile-vetrata\\\/\"},\"wordCount\":214,\"publisher\":{\"@id\":\"https:\\\/\\\/www.bellunopress.it\\\/#organization\"},\"image\":{\"@id\":\"https:\\\/\\\/www.bellunopress.it\\\/2020\\\/11\\\/30\\\/in-crepadona-la-quarta-piazza-di-belluno-interamente-coperta-da-una-formidabile-vetrata\\\/#primaryimage\"},\"thumbnailUrl\":\"https:\\\/\\\/www.bellunopress.it\\\/wp-content\\\/uploads\\\/2020\\\/11\\\/Crepadona-Copertura-particolare-2_edited.jpg\",\"articleSection\":[\"Cronaca\\\/Politica\",\"Featured\",\"Societ\u00e0, Associazioni, Istituzioni\"],\"inLanguage\":\"fr-FR\"},{\"@type\":\"WebPage\",\"@id\":\"https:\\\/\\\/www.bellunopress.it\\\/2020\\\/11\\\/30\\\/in-crepadona-la-quarta-piazza-di-belluno-interamente-coperta-da-una-formidabile-vetrata\\\/\",\"url\":\"https:\\\/\\\/www.bellunopress.it\\\/2020\\\/11\\\/30\\\/in-crepadona-la-quarta-piazza-di-belluno-interamente-coperta-da-una-formidabile-vetrata\\\/\",\"name\":\"In Crepadona la \\\"Quarta piazza\\\" di Belluno, interamente coperta da una formidabile vetrata - Bellunopress - Dolomiti\",\"isPartOf\":{\"@id\":\"https:\\\/\\\/www.bellunopress.it\\\/#website\"},\"primaryImageOfPage\":{\"@id\":\"https:\\\/\\\/www.bellunopress.it\\\/2020\\\/11\\\/30\\\/in-crepadona-la-quarta-piazza-di-belluno-interamente-coperta-da-una-formidabile-vetrata\\\/#primaryimage\"},\"image\":{\"@id\":\"https:\\\/\\\/www.bellunopress.it\\\/2020\\\/11\\\/30\\\/in-crepadona-la-quarta-piazza-di-belluno-interamente-coperta-da-una-formidabile-vetrata\\\/#primaryimage\"},\"thumbnailUrl\":\"https:\\\/\\\/www.bellunopress.it\\\/wp-content\\\/uploads\\\/2020\\\/11\\\/Crepadona-Copertura-particolare-2_edited.jpg\",\"datePublished\":\"2020-11-30T14:32:33+00:00\",\"dateModified\":\"2020-11-30T15:19:01+00:00\",\"breadcrumb\":{\"@id\":\"https:\\\/\\\/www.bellunopress.it\\\/2020\\\/11\\\/30\\\/in-crepadona-la-quarta-piazza-di-belluno-interamente-coperta-da-una-formidabile-vetrata\\\/#breadcrumb\"},\"inLanguage\":\"fr-FR\",\"potentialAction\":[{\"@type\":\"ReadAction\",\"target\":[\"https:\\\/\\\/www.bellunopress.it\\\/2020\\\/11\\\/30\\\/in-crepadona-la-quarta-piazza-di-belluno-interamente-coperta-da-una-formidabile-vetrata\\\/\"]}]},{\"@type\":\"ImageObject\",\"inLanguage\":\"fr-FR\",\"@id\":\"https:\\\/\\\/www.bellunopress.it\\\/2020\\\/11\\\/30\\\/in-crepadona-la-quarta-piazza-di-belluno-interamente-coperta-da-una-formidabile-vetrata\\\/#primaryimage\",\"url\":\"https:\\\/\\\/www.bellunopress.it\\\/wp-content\\\/uploads\\\/2020\\\/11\\\/Crepadona-Copertura-particolare-2_edited.jpg\",\"contentUrl\":\"https:\\\/\\\/www.bellunopress.it\\\/wp-content\\\/uploads\\\/2020\\\/11\\\/Crepadona-Copertura-particolare-2_edited.jpg\",\"width\":800,\"height\":533},{\"@type\":\"BreadcrumbList\",\"@id\":\"https:\\\/\\\/www.bellunopress.it\\\/2020\\\/11\\\/30\\\/in-crepadona-la-quarta-piazza-di-belluno-interamente-coperta-da-una-formidabile-vetrata\\\/#breadcrumb\",\"itemListElement\":[{\"@type\":\"ListItem\",\"position\":1,\"name\":\"Home\",\"item\":\"https:\\\/\\\/www.bellunopress.it\\\/\"},{\"@type\":\"ListItem\",\"position\":2,\"name\":\"In Crepadona la &#8220;Quarta piazza&#8221; di Belluno, interamente coperta da una formidabile vetrata\"}]},{\"@type\":\"WebSite\",\"@id\":\"https:\\\/\\\/www.bellunopress.it\\\/#website\",\"url\":\"https:\\\/\\\/www.bellunopress.it\\\/\",\"name\":\"Bellunopress - Dolomiti\",\"description\":\"e-mail: redazione@bellunopress.it\",\"publisher\":{\"@id\":\"https:\\\/\\\/www.bellunopress.it\\\/#organization\"},\"potentialAction\":[{\"@type\":\"SearchAction\",\"target\":{\"@type\":\"EntryPoint\",\"urlTemplate\":\"https:\\\/\\\/www.bellunopress.it\\\/?s={search_term_string}\"},\"query-input\":{\"@type\":\"PropertyValueSpecification\",\"valueRequired\":true,\"valueName\":\"search_term_string\"}}],\"inLanguage\":\"fr-FR\"},{\"@type\":\"Organization\",\"@id\":\"https:\\\/\\\/www.bellunopress.it\\\/#organization\",\"name\":\"Bellunopress\",\"url\":\"https:\\\/\\\/www.bellunopress.it\\\/\",\"logo\":{\"@type\":\"ImageObject\",\"inLanguage\":\"fr-FR\",\"@id\":\"https:\\\/\\\/www.bellunopress.it\\\/#\\\/schema\\\/logo\\\/image\\\/\",\"url\":\"https:\\\/\\\/www.bellunopress.it\\\/wp-content\\\/uploads\\\/2011\\\/05\\\/cropped-logo-bellunopress-.jpg\",\"contentUrl\":\"https:\\\/\\\/www.bellunopress.it\\\/wp-content\\\/uploads\\\/2011\\\/05\\\/cropped-logo-bellunopress-.jpg\",\"width\":512,\"height\":512,\"caption\":\"Bellunopress\"},\"image\":{\"@id\":\"https:\\\/\\\/www.bellunopress.it\\\/#\\\/schema\\\/logo\\\/image\\\/\"},\"sameAs\":[\"https:\\\/\\\/www.facebook.com\\\/profile.php?id=100008943462799\",\"https:\\\/\\\/x.com\\\/bellunopress\",\"https:\\\/\\\/www.linkedin.com\\\/hp\\\/?dnr=JBzUWaJfMUw8vbXJJ2tVW5-I3jZKvC4wsoxE&amp;amp;amp;amp;amp;amp;trk=nav_responsive_tab_home\",\"https:\\\/\\\/www.youtube.com\\\/channel\\\/UCxL0wu1uN0_3_7hGG0306cw\"]},{\"@type\":\"Person\",\"@id\":\"https:\\\/\\\/www.bellunopress.it\\\/#\\\/schema\\\/person\\\/79bb06722b37ece1c03d3e94beb30d73\",\"name\":\"redazione\",\"image\":{\"@type\":\"ImageObject\",\"inLanguage\":\"fr-FR\",\"@id\":\"https:\\\/\\\/secure.gravatar.com\\\/avatar\\\/37d968a2e67a6fd04c169c4bdef102d0bc5d31b2546345219e348575eb80e9a0?s=96&d=mm&r=g\",\"url\":\"https:\\\/\\\/secure.gravatar.com\\\/avatar\\\/37d968a2e67a6fd04c169c4bdef102d0bc5d31b2546345219e348575eb80e9a0?s=96&d=mm&r=g\",\"contentUrl\":\"https:\\\/\\\/secure.gravatar.com\\\/avatar\\\/37d968a2e67a6fd04c169c4bdef102d0bc5d31b2546345219e348575eb80e9a0?s=96&d=mm&r=g\",\"caption\":\"redazione\"},\"sameAs\":[\"http:\\\/\\\/www.bellunopress.it\",\"https:\\\/\\\/x.com\\\/bellunopress\"],\"url\":\"https:\\\/\\\/www.bellunopress.it\\\/fr\\\/author\\\/redazione\\\/\"}]}<\/script>\n<!-- \/ Yoast SEO plugin. -->","yoast_head_json":{"title":"In Crepadona la \"Quarta piazza\" di Belluno, interamente coperta da una formidabile vetrata - Bellunopress - Dolomiti","robots":{"index":"index","follow":"follow","max-snippet":"max-snippet:-1","max-image-preview":"max-image-preview:large","max-video-preview":"max-video-preview:-1"},"canonical":"https:\/\/www.bellunopress.it\/fr\/2020\/11\/30\/in-crepadona-la-quarta-piazza-di-belluno-interamente-coperta-da-una-formidabile-vetrata\/","og_locale":"fr_FR","og_type":"article","og_title":"In Crepadona la \"Quarta piazza\" di Belluno, interamente coperta da una formidabile vetrata - Bellunopress - Dolomiti","og_description":"Belluno, 30 novembre 2020 &#8211; &#8220;Saranno raddoppiati gli spazi a disposizione dei ragazzi per lo studio e la biblioteca grazie al recupero della corte interna&#8221;. Lo ha detto l&#8217;architetto Franco Frison, assessore del Comune di Belluno questa mattina al sopralluogo dei lavori che sono in corso a Palazzo Crepadona, nel centro storico della citt\u00e0, realizzati [&hellip;]","og_url":"https:\/\/www.bellunopress.it\/fr\/2020\/11\/30\/in-crepadona-la-quarta-piazza-di-belluno-interamente-coperta-da-una-formidabile-vetrata\/","og_site_name":"Bellunopress - Dolomiti","article_publisher":"https:\/\/www.facebook.com\/profile.php?id=100008943462799","article_published_time":"2020-11-30T14:32:33+00:00","article_modified_time":"2020-11-30T15:19:01+00:00","og_image":[{"width":800,"height":533,"url":"https:\/\/www.bellunopress.it\/wp-content\/uploads\/2020\/11\/Crepadona-Copertura-particolare-2_edited.jpg","type":"image\/jpeg"}],"author":"redazione","twitter_card":"summary_large_image","twitter_creator":"@bellunopress","twitter_site":"@bellunopress","twitter_misc":{"\u00c9crit par":"redazione","Dur\u00e9e de lecture estim\u00e9e":"1 minute"},"schema":{"@context":"https:\/\/schema.org","@graph":[{"@type":"Article","@id":"https:\/\/www.bellunopress.it\/2020\/11\/30\/in-crepadona-la-quarta-piazza-di-belluno-interamente-coperta-da-una-formidabile-vetrata\/#article","isPartOf":{"@id":"https:\/\/www.bellunopress.it\/2020\/11\/30\/in-crepadona-la-quarta-piazza-di-belluno-interamente-coperta-da-una-formidabile-vetrata\/"},"author":{"name":"redazione","@id":"https:\/\/www.bellunopress.it\/#\/schema\/person\/79bb06722b37ece1c03d3e94beb30d73"},"headline":"In Crepadona la &#8220;Quarta piazza&#8221; di Belluno, interamente coperta da una formidabile vetrata","datePublished":"2020-11-30T14:32:33+00:00","dateModified":"2020-11-30T15:19:01+00:00","mainEntityOfPage":{"@id":"https:\/\/www.bellunopress.it\/2020\/11\/30\/in-crepadona-la-quarta-piazza-di-belluno-interamente-coperta-da-una-formidabile-vetrata\/"},"wordCount":214,"publisher":{"@id":"https:\/\/www.bellunopress.it\/#organization"},"image":{"@id":"https:\/\/www.bellunopress.it\/2020\/11\/30\/in-crepadona-la-quarta-piazza-di-belluno-interamente-coperta-da-una-formidabile-vetrata\/#primaryimage"},"thumbnailUrl":"https:\/\/www.bellunopress.it\/wp-content\/uploads\/2020\/11\/Crepadona-Copertura-particolare-2_edited.jpg","articleSection":["Cronaca\/Politica","Featured","Societ\u00e0, Associazioni, Istituzioni"],"inLanguage":"fr-FR"},{"@type":"WebPage","@id":"https:\/\/www.bellunopress.it\/2020\/11\/30\/in-crepadona-la-quarta-piazza-di-belluno-interamente-coperta-da-una-formidabile-vetrata\/","url":"https:\/\/www.bellunopress.it\/2020\/11\/30\/in-crepadona-la-quarta-piazza-di-belluno-interamente-coperta-da-una-formidabile-vetrata\/","name":"In Crepadona la \"Quarta piazza\" di Belluno, interamente coperta da una formidabile vetrata - Bellunopress - Dolomiti","isPartOf":{"@id":"https:\/\/www.bellunopress.it\/#website"},"primaryImageOfPage":{"@id":"https:\/\/www.bellunopress.it\/2020\/11\/30\/in-crepadona-la-quarta-piazza-di-belluno-interamente-coperta-da-una-formidabile-vetrata\/#primaryimage"},"image":{"@id":"https:\/\/www.bellunopress.it\/2020\/11\/30\/in-crepadona-la-quarta-piazza-di-belluno-interamente-coperta-da-una-formidabile-vetrata\/#primaryimage"},"thumbnailUrl":"https:\/\/www.bellunopress.it\/wp-content\/uploads\/2020\/11\/Crepadona-Copertura-particolare-2_edited.jpg","datePublished":"2020-11-30T14:32:33+00:00","dateModified":"2020-11-30T15:19:01+00:00","breadcrumb":{"@id":"https:\/\/www.bellunopress.it\/2020\/11\/30\/in-crepadona-la-quarta-piazza-di-belluno-interamente-coperta-da-una-formidabile-vetrata\/#breadcrumb"},"inLanguage":"fr-FR","potentialAction":[{"@type":"ReadAction","target":["https:\/\/www.bellunopress.it\/2020\/11\/30\/in-crepadona-la-quarta-piazza-di-belluno-interamente-coperta-da-una-formidabile-vetrata\/"]}]},{"@type":"ImageObject","inLanguage":"fr-FR","@id":"https:\/\/www.bellunopress.it\/2020\/11\/30\/in-crepadona-la-quarta-piazza-di-belluno-interamente-coperta-da-una-formidabile-vetrata\/#primaryimage","url":"https:\/\/www.bellunopress.it\/wp-content\/uploads\/2020\/11\/Crepadona-Copertura-particolare-2_edited.jpg","contentUrl":"https:\/\/www.bellunopress.it\/wp-content\/uploads\/2020\/11\/Crepadona-Copertura-particolare-2_edited.jpg","width":800,"height":533},{"@type":"BreadcrumbList","@id":"https:\/\/www.bellunopress.it\/2020\/11\/30\/in-crepadona-la-quarta-piazza-di-belluno-interamente-coperta-da-una-formidabile-vetrata\/#breadcrumb","itemListElement":[{"@type":"ListItem","position":1,"name":"Home","item":"https:\/\/www.bellunopress.it\/"},{"@type":"ListItem","position":2,"name":"In Crepadona la &#8220;Quarta piazza&#8221; di Belluno, interamente coperta da una formidabile vetrata"}]},{"@type":"WebSite","@id":"https:\/\/www.bellunopress.it\/#website","url":"https:\/\/www.bellunopress.it\/","name":"Bellunopress - Dolomiti","description":"e-mail: redazione@bellunopress.it","publisher":{"@id":"https:\/\/www.bellunopress.it\/#organization"},"potentialAction":[{"@type":"SearchAction","target":{"@type":"EntryPoint","urlTemplate":"https:\/\/www.bellunopress.it\/?s={search_term_string}"},"query-input":{"@type":"PropertyValueSpecification","valueRequired":true,"valueName":"search_term_string"}}],"inLanguage":"fr-FR"},{"@type":"Organization","@id":"https:\/\/www.bellunopress.it\/#organization","name":"Bellunopress","url":"https:\/\/www.bellunopress.it\/","logo":{"@type":"ImageObject","inLanguage":"fr-FR","@id":"https:\/\/www.bellunopress.it\/#\/schema\/logo\/image\/","url":"https:\/\/www.bellunopress.it\/wp-content\/uploads\/2011\/05\/cropped-logo-bellunopress-.jpg","contentUrl":"https:\/\/www.bellunopress.it\/wp-content\/uploads\/2011\/05\/cropped-logo-bellunopress-.jpg","width":512,"height":512,"caption":"Bellunopress"},"image":{"@id":"https:\/\/www.bellunopress.it\/#\/schema\/logo\/image\/"},"sameAs":["https:\/\/www.facebook.com\/profile.php?id=100008943462799","https:\/\/x.com\/bellunopress","https:\/\/www.linkedin.com\/hp\/?dnr=JBzUWaJfMUw8vbXJJ2tVW5-I3jZKvC4wsoxE&amp;amp;amp;amp;amp;amp;trk=nav_responsive_tab_home","https:\/\/www.youtube.com\/channel\/UCxL0wu1uN0_3_7hGG0306cw"]},{"@type":"Person","@id":"https:\/\/www.bellunopress.it\/#\/schema\/person\/79bb06722b37ece1c03d3e94beb30d73","name":"r\u00e9daction","image":{"@type":"ImageObject","inLanguage":"fr-FR","@id":"https:\/\/secure.gravatar.com\/avatar\/37d968a2e67a6fd04c169c4bdef102d0bc5d31b2546345219e348575eb80e9a0?s=96&d=mm&r=g","url":"https:\/\/secure.gravatar.com\/avatar\/37d968a2e67a6fd04c169c4bdef102d0bc5d31b2546345219e348575eb80e9a0?s=96&d=mm&r=g","contentUrl":"https:\/\/secure.gravatar.com\/avatar\/37d968a2e67a6fd04c169c4bdef102d0bc5d31b2546345219e348575eb80e9a0?s=96&d=mm&r=g","caption":"redazione"},"sameAs":["http:\/\/www.bellunopress.it","https:\/\/x.com\/bellunopress"],"url":"https:\/\/www.bellunopress.it\/fr\/author\/redazione\/"}]}},"_links":{"self":[{"href":"https:\/\/www.bellunopress.it\/fr\/wp-json\/wp\/v2\/posts\/119648","targetHints":{"allow":["GET"]}}],"collection":[{"href":"https:\/\/www.bellunopress.it\/fr\/wp-json\/wp\/v2\/posts"}],"about":[{"href":"https:\/\/www.bellunopress.it\/fr\/wp-json\/wp\/v2\/types\/post"}],"author":[{"embeddable":true,"href":"https:\/\/www.bellunopress.it\/fr\/wp-json\/wp\/v2\/users\/2"}],"replies":[{"embeddable":true,"href":"https:\/\/www.bellunopress.it\/fr\/wp-json\/wp\/v2\/comments?post=119648"}],"version-history":[{"count":2,"href":"https:\/\/www.bellunopress.it\/fr\/wp-json\/wp\/v2\/posts\/119648\/revisions"}],"predecessor-version":[{"id":119652,"href":"https:\/\/www.bellunopress.it\/fr\/wp-json\/wp\/v2\/posts\/119648\/revisions\/119652"}],"wp:featuredmedia":[{"embeddable":true,"href":"https:\/\/www.bellunopress.it\/fr\/wp-json\/wp\/v2\/media\/119650"}],"wp:attachment":[{"href":"https:\/\/www.bellunopress.it\/fr\/wp-json\/wp\/v2\/media?parent=119648"}],"wp:term":[{"taxonomy":"category","embeddable":true,"href":"https:\/\/www.bellunopress.it\/fr\/wp-json\/wp\/v2\/categories?post=119648"},{"taxonomy":"post_tag","embeddable":true,"href":"https:\/\/www.bellunopress.it\/fr\/wp-json\/wp\/v2\/tags?post=119648"}],"curies":[{"name":"wp","href":"https:\/\/api.w.org\/{rel}","templated":true}]}}