{"id":119615,"date":"2020-11-28T16:59:07","date_gmt":"2020-11-28T15:59:07","guid":{"rendered":"http:\/\/www.bellunopress.it\/?p=119615"},"modified":"2020-11-29T15:09:07","modified_gmt":"2020-11-29T14:09:07","slug":"centralizzazione-delle-concessioni-idroelettriche-bona-il-governo-punisce-la-montagna","status":"publish","type":"post","link":"https:\/\/www.bellunopress.it\/fr\/2020\/11\/28\/centralizzazione-delle-concessioni-idroelettriche-bona-il-governo-punisce-la-montagna\/","title":{"rendered":"Centralizzazione delle concessioni idroelettriche. Bona: &#8220;Il governo punisce la montagna&#8221;"},"content":{"rendered":"<figure id=\"attachment_106322\" aria-describedby=\"caption-attachment-106322\" style=\"width: 237px\" class=\"wp-caption alignleft\"><a href=\"http:\/\/www.bellunopress.it\/fr\/2019\/07\/17\/andrea-bona-e-il-nuovo-presidente-del-bard-alla-vicepresidenza-roberto-brustolon\/andrea-bona-2\/\" rel=\"attachment wp-att-106322\"><img loading=\"lazy\" decoding=\"async\" class=\"size-full wp-image-106322\" src=\"http:\/\/www.bellunopress.it\/wp-content\/uploads\/2019\/07\/Andrea-Bona.jpg\" alt=\"\" width=\"237\" height=\"300\" \/><\/a><figcaption id=\"caption-attachment-106322\" class=\"wp-caption-text\">Andrea Bona<\/figcaption><\/figure>\n<p>\u00abSi \u00e8 capito che questo governo ce l&#8217;ha con le regioni e con i territori periferici. Dopo il silenzio sull&#8217;autonomia, dopo i tentativi di riportare a Roma le competenze sulla sanit\u00e0, ora spunta un emendamento alla Camera per chiedere la centralizzazione delle concessioni idroelettriche. \u00c8 il chiaro segnale che si vuole punire i territori montani, dato che \u00e8 soprattutto l\u00ec che viene sfruttato il suolo e l&#8217;acqua per la produzione energetica\u00bb: il movimento Belluno Autonoma Regione Dolomiti critica duramente la proposta che ostacolerebbe la regionalizzazione delle concessioni delle grandi derivazioni idroelettriche.<\/p>\n<p>\u00abDa sempre, chiediamo che le concessioni, una volta scadute, passino alla Provincia di Belluno: &#8211; ricorda il presidente Andrea Bona \u2013 ora, stando a quello che leggiamo dalla stampa, non solo si vuole prorogare quelle gi\u00e0 scadute, ma si vuole centralizzare a Roma il tutto, triplicando anche il limite minimo della potenza. Tutto questo con la partecipazione di un partito che appena nel 2013 ha visto il suo premier Enrico Letta salire a Longarone per i 50 anni della tragedia del Vajont, simbolo anche dell&#8217;ipersfruttamento idroelettrico e del territorio al solo scopo di trarre profitto, e affermare la necessit\u00e0 di autonomia di questi territori.<\/p>\n<p>D&#8217;altronde, \u00e8 lo stesso partito del senatore Gianclaudio Bressa, che gi\u00e0 ha provato la mossa della centralizzazione con un emendamento alla legge di bilancio, dichiarato inammissibile dalla Commissione Bilancio; un provvedimento che comunque non sarebbe andato a toccare la terra dove ha scelto di andare a prendere voti, il Sud Tirolo\u00bb.<\/p>\n<p>\u00abIn pratica, &#8211; continua Bona &#8211; si vuole depredare di ulteriori risorse la montagna; dicano chiaramente che i nostri cittadini devono continuare a vedere sfruttato e consumato il proprio territorio solo per il guadagno altrui, che i montanari non hanno diritti, ma solo doveri. Noi non ci stiamo, e lanciamo un appello a tutti i parlamentari affinch\u00e9 blocchino questo nuovo scempio.<\/p>\n<p>Ci rivolgiamo per\u00f2 soprattutto ai bellunesi vicini al governo, il Ministro Federico D&#8217;Inc\u00e0 e il deputato Roger De Menech: non bastano i pochi soldi del Fondo per la montagna, o i Fondi dei Comuni Confinanti; serve dare ai bellunesi la possibilit\u00e0 di gestire le risorse che il territorio offre, prima fra queste l&#8217;acqua\u00bb.<\/p>\n<p>&nbsp;<\/p>","protected":false},"excerpt":{"rendered":"<p>\u00abSi \u00e8 capito che questo governo ce l&#8217;ha con le regioni e con i territori periferici. Dopo il silenzio sull&#8217;autonomia, dopo i tentativi di riportare a Roma le competenze sulla sanit\u00e0, ora spunta un emendamento alla Camera per chiedere la centralizzazione delle concessioni idroelettriche. \u00c8 il chiaro segnale che si vuole punire i territori montani, [&hellip;]<\/p>\n","protected":false},"author":2,"featured_media":106322,"comment_status":"closed","ping_status":"open","sticky":false,"template":"","format":"standard","meta":{"footnotes":""},"categories":[5,3446,26],"tags":[],"class_list":["post-119615","post","type-post","status-publish","format-standard","has-post-thumbnail","category-cronaca","category-featured","category-prima-pagina"],"yoast_head":"<!-- This site is optimized with the Yoast SEO plugin v28.4 - https:\/\/yoast.com\/product\/yoast-seo-wordpress\/ -->\n<title>Centralizzazione delle concessioni idroelettriche. Bona: &quot;Il governo punisce la montagna&quot; - Bellunopress - Dolomiti<\/title>\n<meta name=\"robots\" content=\"index, follow, max-snippet:-1, max-image-preview:large, max-video-preview:-1\" \/>\n<link rel=\"canonical\" href=\"https:\/\/www.bellunopress.it\/fr\/2020\/11\/28\/centralizzazione-delle-concessioni-idroelettriche-bona-il-governo-punisce-la-montagna\/\" \/>\n<meta property=\"og:locale\" content=\"fr_FR\" \/>\n<meta property=\"og:type\" content=\"article\" \/>\n<meta property=\"og:title\" content=\"Centralizzazione delle concessioni idroelettriche. Bona: &quot;Il governo punisce la montagna&quot; - Bellunopress - Dolomiti\" \/>\n<meta property=\"og:description\" content=\"\u00abSi \u00e8 capito che questo governo ce l&#8217;ha con le regioni e con i territori periferici. Dopo il silenzio sull&#8217;autonomia, dopo i tentativi di riportare a Roma le competenze sulla sanit\u00e0, ora spunta un emendamento alla Camera per chiedere la centralizzazione delle concessioni idroelettriche. \u00c8 il chiaro segnale che si vuole punire i territori montani, [&hellip;]\" \/>\n<meta property=\"og:url\" content=\"https:\/\/www.bellunopress.it\/fr\/2020\/11\/28\/centralizzazione-delle-concessioni-idroelettriche-bona-il-governo-punisce-la-montagna\/\" \/>\n<meta property=\"og:site_name\" content=\"Bellunopress - Dolomiti\" \/>\n<meta property=\"article:publisher\" content=\"https:\/\/www.facebook.com\/profile.php?id=100008943462799\" \/>\n<meta property=\"article:published_time\" content=\"2020-11-28T15:59:07+00:00\" \/>\n<meta property=\"article:modified_time\" content=\"2020-11-29T14:09:07+00:00\" \/>\n<meta property=\"og:image\" content=\"https:\/\/www.bellunopress.it\/wp-content\/uploads\/2019\/07\/Andrea-Bona.jpg\" \/>\n\t<meta property=\"og:image:width\" content=\"237\" \/>\n\t<meta property=\"og:image:height\" content=\"300\" \/>\n\t<meta property=\"og:image:type\" content=\"image\/jpeg\" \/>\n<meta name=\"author\" content=\"redazione\" \/>\n<meta name=\"twitter:card\" content=\"summary_large_image\" \/>\n<meta name=\"twitter:creator\" content=\"@bellunopress\" \/>\n<meta name=\"twitter:site\" content=\"@bellunopress\" \/>\n<meta name=\"twitter:label1\" content=\"\u00c9crit par\" \/>\n\t<meta name=\"twitter:data1\" content=\"redazione\" \/>\n\t<meta name=\"twitter:label2\" content=\"Dur\u00e9e de lecture estim\u00e9e\" \/>\n\t<meta name=\"twitter:data2\" content=\"2 minutes\" \/>\n<script type=\"application\/ld+json\" class=\"yoast-schema-graph\">{\"@context\":\"https:\\\/\\\/schema.org\",\"@graph\":[{\"@type\":\"Article\",\"@id\":\"https:\\\/\\\/www.bellunopress.it\\\/2020\\\/11\\\/28\\\/centralizzazione-delle-concessioni-idroelettriche-bona-il-governo-punisce-la-montagna\\\/#article\",\"isPartOf\":{\"@id\":\"https:\\\/\\\/www.bellunopress.it\\\/2020\\\/11\\\/28\\\/centralizzazione-delle-concessioni-idroelettriche-bona-il-governo-punisce-la-montagna\\\/\"},\"author\":{\"name\":\"redazione\",\"@id\":\"https:\\\/\\\/www.bellunopress.it\\\/#\\\/schema\\\/person\\\/79bb06722b37ece1c03d3e94beb30d73\"},\"headline\":\"Centralizzazione delle concessioni idroelettriche. Bona: &#8220;Il governo punisce la montagna&#8221;\",\"datePublished\":\"2020-11-28T15:59:07+00:00\",\"dateModified\":\"2020-11-29T14:09:07+00:00\",\"mainEntityOfPage\":{\"@id\":\"https:\\\/\\\/www.bellunopress.it\\\/2020\\\/11\\\/28\\\/centralizzazione-delle-concessioni-idroelettriche-bona-il-governo-punisce-la-montagna\\\/\"},\"wordCount\":380,\"publisher\":{\"@id\":\"https:\\\/\\\/www.bellunopress.it\\\/#organization\"},\"image\":{\"@id\":\"https:\\\/\\\/www.bellunopress.it\\\/2020\\\/11\\\/28\\\/centralizzazione-delle-concessioni-idroelettriche-bona-il-governo-punisce-la-montagna\\\/#primaryimage\"},\"thumbnailUrl\":\"https:\\\/\\\/www.bellunopress.it\\\/wp-content\\\/uploads\\\/2019\\\/07\\\/Andrea-Bona.jpg\",\"articleSection\":[\"Cronaca\\\/Politica\",\"Featured\",\"Prima Pagina\"],\"inLanguage\":\"fr-FR\"},{\"@type\":\"WebPage\",\"@id\":\"https:\\\/\\\/www.bellunopress.it\\\/2020\\\/11\\\/28\\\/centralizzazione-delle-concessioni-idroelettriche-bona-il-governo-punisce-la-montagna\\\/\",\"url\":\"https:\\\/\\\/www.bellunopress.it\\\/2020\\\/11\\\/28\\\/centralizzazione-delle-concessioni-idroelettriche-bona-il-governo-punisce-la-montagna\\\/\",\"name\":\"Centralizzazione delle concessioni idroelettriche. Bona: \\\"Il governo punisce la montagna\\\" - Bellunopress - Dolomiti\",\"isPartOf\":{\"@id\":\"https:\\\/\\\/www.bellunopress.it\\\/#website\"},\"primaryImageOfPage\":{\"@id\":\"https:\\\/\\\/www.bellunopress.it\\\/2020\\\/11\\\/28\\\/centralizzazione-delle-concessioni-idroelettriche-bona-il-governo-punisce-la-montagna\\\/#primaryimage\"},\"image\":{\"@id\":\"https:\\\/\\\/www.bellunopress.it\\\/2020\\\/11\\\/28\\\/centralizzazione-delle-concessioni-idroelettriche-bona-il-governo-punisce-la-montagna\\\/#primaryimage\"},\"thumbnailUrl\":\"https:\\\/\\\/www.bellunopress.it\\\/wp-content\\\/uploads\\\/2019\\\/07\\\/Andrea-Bona.jpg\",\"datePublished\":\"2020-11-28T15:59:07+00:00\",\"dateModified\":\"2020-11-29T14:09:07+00:00\",\"breadcrumb\":{\"@id\":\"https:\\\/\\\/www.bellunopress.it\\\/2020\\\/11\\\/28\\\/centralizzazione-delle-concessioni-idroelettriche-bona-il-governo-punisce-la-montagna\\\/#breadcrumb\"},\"inLanguage\":\"fr-FR\",\"potentialAction\":[{\"@type\":\"ReadAction\",\"target\":[\"https:\\\/\\\/www.bellunopress.it\\\/2020\\\/11\\\/28\\\/centralizzazione-delle-concessioni-idroelettriche-bona-il-governo-punisce-la-montagna\\\/\"]}]},{\"@type\":\"ImageObject\",\"inLanguage\":\"fr-FR\",\"@id\":\"https:\\\/\\\/www.bellunopress.it\\\/2020\\\/11\\\/28\\\/centralizzazione-delle-concessioni-idroelettriche-bona-il-governo-punisce-la-montagna\\\/#primaryimage\",\"url\":\"https:\\\/\\\/www.bellunopress.it\\\/wp-content\\\/uploads\\\/2019\\\/07\\\/Andrea-Bona.jpg\",\"contentUrl\":\"https:\\\/\\\/www.bellunopress.it\\\/wp-content\\\/uploads\\\/2019\\\/07\\\/Andrea-Bona.jpg\",\"width\":237,\"height\":300,\"caption\":\"Andrea Bona, presidente Bard\"},{\"@type\":\"BreadcrumbList\",\"@id\":\"https:\\\/\\\/www.bellunopress.it\\\/2020\\\/11\\\/28\\\/centralizzazione-delle-concessioni-idroelettriche-bona-il-governo-punisce-la-montagna\\\/#breadcrumb\",\"itemListElement\":[{\"@type\":\"ListItem\",\"position\":1,\"name\":\"Home\",\"item\":\"https:\\\/\\\/www.bellunopress.it\\\/\"},{\"@type\":\"ListItem\",\"position\":2,\"name\":\"Centralizzazione delle concessioni idroelettriche. Bona: &#8220;Il governo punisce la montagna&#8221;\"}]},{\"@type\":\"WebSite\",\"@id\":\"https:\\\/\\\/www.bellunopress.it\\\/#website\",\"url\":\"https:\\\/\\\/www.bellunopress.it\\\/\",\"name\":\"Bellunopress - Dolomiti\",\"description\":\"e-mail: redazione@bellunopress.it\",\"publisher\":{\"@id\":\"https:\\\/\\\/www.bellunopress.it\\\/#organization\"},\"potentialAction\":[{\"@type\":\"SearchAction\",\"target\":{\"@type\":\"EntryPoint\",\"urlTemplate\":\"https:\\\/\\\/www.bellunopress.it\\\/?s={search_term_string}\"},\"query-input\":{\"@type\":\"PropertyValueSpecification\",\"valueRequired\":true,\"valueName\":\"search_term_string\"}}],\"inLanguage\":\"fr-FR\"},{\"@type\":\"Organization\",\"@id\":\"https:\\\/\\\/www.bellunopress.it\\\/#organization\",\"name\":\"Bellunopress\",\"url\":\"https:\\\/\\\/www.bellunopress.it\\\/\",\"logo\":{\"@type\":\"ImageObject\",\"inLanguage\":\"fr-FR\",\"@id\":\"https:\\\/\\\/www.bellunopress.it\\\/#\\\/schema\\\/logo\\\/image\\\/\",\"url\":\"https:\\\/\\\/www.bellunopress.it\\\/wp-content\\\/uploads\\\/2011\\\/05\\\/cropped-logo-bellunopress-.jpg\",\"contentUrl\":\"https:\\\/\\\/www.bellunopress.it\\\/wp-content\\\/uploads\\\/2011\\\/05\\\/cropped-logo-bellunopress-.jpg\",\"width\":512,\"height\":512,\"caption\":\"Bellunopress\"},\"image\":{\"@id\":\"https:\\\/\\\/www.bellunopress.it\\\/#\\\/schema\\\/logo\\\/image\\\/\"},\"sameAs\":[\"https:\\\/\\\/www.facebook.com\\\/profile.php?id=100008943462799\",\"https:\\\/\\\/x.com\\\/bellunopress\",\"https:\\\/\\\/www.linkedin.com\\\/hp\\\/?dnr=JBzUWaJfMUw8vbXJJ2tVW5-I3jZKvC4wsoxE&amp;amp;amp;amp;amp;amp;trk=nav_responsive_tab_home\",\"https:\\\/\\\/www.youtube.com\\\/channel\\\/UCxL0wu1uN0_3_7hGG0306cw\"]},{\"@type\":\"Person\",\"@id\":\"https:\\\/\\\/www.bellunopress.it\\\/#\\\/schema\\\/person\\\/79bb06722b37ece1c03d3e94beb30d73\",\"name\":\"redazione\",\"image\":{\"@type\":\"ImageObject\",\"inLanguage\":\"fr-FR\",\"@id\":\"https:\\\/\\\/secure.gravatar.com\\\/avatar\\\/37d968a2e67a6fd04c169c4bdef102d0bc5d31b2546345219e348575eb80e9a0?s=96&d=mm&r=g\",\"url\":\"https:\\\/\\\/secure.gravatar.com\\\/avatar\\\/37d968a2e67a6fd04c169c4bdef102d0bc5d31b2546345219e348575eb80e9a0?s=96&d=mm&r=g\",\"contentUrl\":\"https:\\\/\\\/secure.gravatar.com\\\/avatar\\\/37d968a2e67a6fd04c169c4bdef102d0bc5d31b2546345219e348575eb80e9a0?s=96&d=mm&r=g\",\"caption\":\"redazione\"},\"sameAs\":[\"http:\\\/\\\/www.bellunopress.it\",\"https:\\\/\\\/x.com\\\/bellunopress\"],\"url\":\"https:\\\/\\\/www.bellunopress.it\\\/fr\\\/author\\\/redazione\\\/\"}]}<\/script>\n<!-- \/ Yoast SEO plugin. -->","yoast_head_json":{"title":"Centralizzazione delle concessioni idroelettriche. Bona: \"Il governo punisce la montagna\" - Bellunopress - Dolomiti","robots":{"index":"index","follow":"follow","max-snippet":"max-snippet:-1","max-image-preview":"max-image-preview:large","max-video-preview":"max-video-preview:-1"},"canonical":"https:\/\/www.bellunopress.it\/fr\/2020\/11\/28\/centralizzazione-delle-concessioni-idroelettriche-bona-il-governo-punisce-la-montagna\/","og_locale":"fr_FR","og_type":"article","og_title":"Centralizzazione delle concessioni idroelettriche. Bona: \"Il governo punisce la montagna\" - Bellunopress - Dolomiti","og_description":"\u00abSi \u00e8 capito che questo governo ce l&#8217;ha con le regioni e con i territori periferici. Dopo il silenzio sull&#8217;autonomia, dopo i tentativi di riportare a Roma le competenze sulla sanit\u00e0, ora spunta un emendamento alla Camera per chiedere la centralizzazione delle concessioni idroelettriche. \u00c8 il chiaro segnale che si vuole punire i territori montani, [&hellip;]","og_url":"https:\/\/www.bellunopress.it\/fr\/2020\/11\/28\/centralizzazione-delle-concessioni-idroelettriche-bona-il-governo-punisce-la-montagna\/","og_site_name":"Bellunopress - Dolomiti","article_publisher":"https:\/\/www.facebook.com\/profile.php?id=100008943462799","article_published_time":"2020-11-28T15:59:07+00:00","article_modified_time":"2020-11-29T14:09:07+00:00","og_image":[{"width":237,"height":300,"url":"https:\/\/www.bellunopress.it\/wp-content\/uploads\/2019\/07\/Andrea-Bona.jpg","type":"image\/jpeg"}],"author":"redazione","twitter_card":"summary_large_image","twitter_creator":"@bellunopress","twitter_site":"@bellunopress","twitter_misc":{"\u00c9crit par":"redazione","Dur\u00e9e de lecture estim\u00e9e":"2 minutes"},"schema":{"@context":"https:\/\/schema.org","@graph":[{"@type":"Article","@id":"https:\/\/www.bellunopress.it\/2020\/11\/28\/centralizzazione-delle-concessioni-idroelettriche-bona-il-governo-punisce-la-montagna\/#article","isPartOf":{"@id":"https:\/\/www.bellunopress.it\/2020\/11\/28\/centralizzazione-delle-concessioni-idroelettriche-bona-il-governo-punisce-la-montagna\/"},"author":{"name":"redazione","@id":"https:\/\/www.bellunopress.it\/#\/schema\/person\/79bb06722b37ece1c03d3e94beb30d73"},"headline":"Centralizzazione delle concessioni idroelettriche. Bona: &#8220;Il governo punisce la montagna&#8221;","datePublished":"2020-11-28T15:59:07+00:00","dateModified":"2020-11-29T14:09:07+00:00","mainEntityOfPage":{"@id":"https:\/\/www.bellunopress.it\/2020\/11\/28\/centralizzazione-delle-concessioni-idroelettriche-bona-il-governo-punisce-la-montagna\/"},"wordCount":380,"publisher":{"@id":"https:\/\/www.bellunopress.it\/#organization"},"image":{"@id":"https:\/\/www.bellunopress.it\/2020\/11\/28\/centralizzazione-delle-concessioni-idroelettriche-bona-il-governo-punisce-la-montagna\/#primaryimage"},"thumbnailUrl":"https:\/\/www.bellunopress.it\/wp-content\/uploads\/2019\/07\/Andrea-Bona.jpg","articleSection":["Cronaca\/Politica","Featured","Prima Pagina"],"inLanguage":"fr-FR"},{"@type":"WebPage","@id":"https:\/\/www.bellunopress.it\/2020\/11\/28\/centralizzazione-delle-concessioni-idroelettriche-bona-il-governo-punisce-la-montagna\/","url":"https:\/\/www.bellunopress.it\/2020\/11\/28\/centralizzazione-delle-concessioni-idroelettriche-bona-il-governo-punisce-la-montagna\/","name":"Centralizzazione delle concessioni idroelettriche. Bona: \"Il governo punisce la montagna\" - Bellunopress - Dolomiti","isPartOf":{"@id":"https:\/\/www.bellunopress.it\/#website"},"primaryImageOfPage":{"@id":"https:\/\/www.bellunopress.it\/2020\/11\/28\/centralizzazione-delle-concessioni-idroelettriche-bona-il-governo-punisce-la-montagna\/#primaryimage"},"image":{"@id":"https:\/\/www.bellunopress.it\/2020\/11\/28\/centralizzazione-delle-concessioni-idroelettriche-bona-il-governo-punisce-la-montagna\/#primaryimage"},"thumbnailUrl":"https:\/\/www.bellunopress.it\/wp-content\/uploads\/2019\/07\/Andrea-Bona.jpg","datePublished":"2020-11-28T15:59:07+00:00","dateModified":"2020-11-29T14:09:07+00:00","breadcrumb":{"@id":"https:\/\/www.bellunopress.it\/2020\/11\/28\/centralizzazione-delle-concessioni-idroelettriche-bona-il-governo-punisce-la-montagna\/#breadcrumb"},"inLanguage":"fr-FR","potentialAction":[{"@type":"ReadAction","target":["https:\/\/www.bellunopress.it\/2020\/11\/28\/centralizzazione-delle-concessioni-idroelettriche-bona-il-governo-punisce-la-montagna\/"]}]},{"@type":"ImageObject","inLanguage":"fr-FR","@id":"https:\/\/www.bellunopress.it\/2020\/11\/28\/centralizzazione-delle-concessioni-idroelettriche-bona-il-governo-punisce-la-montagna\/#primaryimage","url":"https:\/\/www.bellunopress.it\/wp-content\/uploads\/2019\/07\/Andrea-Bona.jpg","contentUrl":"https:\/\/www.bellunopress.it\/wp-content\/uploads\/2019\/07\/Andrea-Bona.jpg","width":237,"height":300,"caption":"Andrea Bona, presidente Bard"},{"@type":"BreadcrumbList","@id":"https:\/\/www.bellunopress.it\/2020\/11\/28\/centralizzazione-delle-concessioni-idroelettriche-bona-il-governo-punisce-la-montagna\/#breadcrumb","itemListElement":[{"@type":"ListItem","position":1,"name":"Home","item":"https:\/\/www.bellunopress.it\/"},{"@type":"ListItem","position":2,"name":"Centralizzazione delle concessioni idroelettriche. Bona: &#8220;Il governo punisce la montagna&#8221;"}]},{"@type":"WebSite","@id":"https:\/\/www.bellunopress.it\/#website","url":"https:\/\/www.bellunopress.it\/","name":"Bellunopress - Dolomiti","description":"e-mail: redazione@bellunopress.it","publisher":{"@id":"https:\/\/www.bellunopress.it\/#organization"},"potentialAction":[{"@type":"SearchAction","target":{"@type":"EntryPoint","urlTemplate":"https:\/\/www.bellunopress.it\/?s={search_term_string}"},"query-input":{"@type":"PropertyValueSpecification","valueRequired":true,"valueName":"search_term_string"}}],"inLanguage":"fr-FR"},{"@type":"Organization","@id":"https:\/\/www.bellunopress.it\/#organization","name":"Bellunopress","url":"https:\/\/www.bellunopress.it\/","logo":{"@type":"ImageObject","inLanguage":"fr-FR","@id":"https:\/\/www.bellunopress.it\/#\/schema\/logo\/image\/","url":"https:\/\/www.bellunopress.it\/wp-content\/uploads\/2011\/05\/cropped-logo-bellunopress-.jpg","contentUrl":"https:\/\/www.bellunopress.it\/wp-content\/uploads\/2011\/05\/cropped-logo-bellunopress-.jpg","width":512,"height":512,"caption":"Bellunopress"},"image":{"@id":"https:\/\/www.bellunopress.it\/#\/schema\/logo\/image\/"},"sameAs":["https:\/\/www.facebook.com\/profile.php?id=100008943462799","https:\/\/x.com\/bellunopress","https:\/\/www.linkedin.com\/hp\/?dnr=JBzUWaJfMUw8vbXJJ2tVW5-I3jZKvC4wsoxE&amp;amp;amp;amp;amp;amp;trk=nav_responsive_tab_home","https:\/\/www.youtube.com\/channel\/UCxL0wu1uN0_3_7hGG0306cw"]},{"@type":"Person","@id":"https:\/\/www.bellunopress.it\/#\/schema\/person\/79bb06722b37ece1c03d3e94beb30d73","name":"r\u00e9daction","image":{"@type":"ImageObject","inLanguage":"fr-FR","@id":"https:\/\/secure.gravatar.com\/avatar\/37d968a2e67a6fd04c169c4bdef102d0bc5d31b2546345219e348575eb80e9a0?s=96&d=mm&r=g","url":"https:\/\/secure.gravatar.com\/avatar\/37d968a2e67a6fd04c169c4bdef102d0bc5d31b2546345219e348575eb80e9a0?s=96&d=mm&r=g","contentUrl":"https:\/\/secure.gravatar.com\/avatar\/37d968a2e67a6fd04c169c4bdef102d0bc5d31b2546345219e348575eb80e9a0?s=96&d=mm&r=g","caption":"redazione"},"sameAs":["http:\/\/www.bellunopress.it","https:\/\/x.com\/bellunopress"],"url":"https:\/\/www.bellunopress.it\/fr\/author\/redazione\/"}]}},"_links":{"self":[{"href":"https:\/\/www.bellunopress.it\/fr\/wp-json\/wp\/v2\/posts\/119615","targetHints":{"allow":["GET"]}}],"collection":[{"href":"https:\/\/www.bellunopress.it\/fr\/wp-json\/wp\/v2\/posts"}],"about":[{"href":"https:\/\/www.bellunopress.it\/fr\/wp-json\/wp\/v2\/types\/post"}],"author":[{"embeddable":true,"href":"https:\/\/www.bellunopress.it\/fr\/wp-json\/wp\/v2\/users\/2"}],"replies":[{"embeddable":true,"href":"https:\/\/www.bellunopress.it\/fr\/wp-json\/wp\/v2\/comments?post=119615"}],"version-history":[{"count":1,"href":"https:\/\/www.bellunopress.it\/fr\/wp-json\/wp\/v2\/posts\/119615\/revisions"}],"predecessor-version":[{"id":119616,"href":"https:\/\/www.bellunopress.it\/fr\/wp-json\/wp\/v2\/posts\/119615\/revisions\/119616"}],"wp:featuredmedia":[{"embeddable":true,"href":"https:\/\/www.bellunopress.it\/fr\/wp-json\/wp\/v2\/media\/106322"}],"wp:attachment":[{"href":"https:\/\/www.bellunopress.it\/fr\/wp-json\/wp\/v2\/media?parent=119615"}],"wp:term":[{"taxonomy":"category","embeddable":true,"href":"https:\/\/www.bellunopress.it\/fr\/wp-json\/wp\/v2\/categories?post=119615"},{"taxonomy":"post_tag","embeddable":true,"href":"https:\/\/www.bellunopress.it\/fr\/wp-json\/wp\/v2\/tags?post=119615"}],"curies":[{"name":"wp","href":"https:\/\/api.w.org\/{rel}","templated":true}]}}