{"id":1193,"date":"2009-03-06T13:02:03","date_gmt":"2009-03-06T12:02:03","guid":{"rendered":"http:\/\/www.bellunopress.it\/?p=1193"},"modified":"2009-03-06T23:38:21","modified_gmt":"2009-03-06T22:38:21","slug":"venerdi-6-incontro-allauditorium-con-la-lega-navale","status":"publish","type":"post","link":"https:\/\/www.bellunopress.it\/fr\/2009\/03\/06\/venerdi-6-incontro-allauditorium-con-la-lega-navale\/","title":{"rendered":"Stasera l&#8217; incontro all&#8217;Auditorium con la Lega navale e Colnaghi"},"content":{"rendered":"<p><span style=\"font-size: x-small; font-family: Courier New;\"><span style=\"font-size: x-small; font-family: Courier New;\">Acqua ai giovani velisti. Sar\u00e0 Margherita Pelaschier a parlare di vela con Guido Colnaghi nell&#8217;incontro in programma stasera alle 20.30 all\u2019Auditorium di Belluno in Piazza Duomo. Margherita, la figlia d\u2019arte di Mauro Pelaschier (timoniere di &#8220;Azzurra&#8221;) , trattenuto altrove per impegni di sponsor, affiancher\u00e0 il fondatore del Centro velico di Caprera in questo primo atteso incontro con il mondo della grande vela organizzato dalla Lega navale italiana di Belluno per promuovere questo sport e diffonderne i valori educativi. Ospite e protagonista della serata anche lo studio bellunese di yacht design di Morassutti e Le Vilain. Tra gli invitati anche l\u2019assessore regionale allo sport Massimo Giorgetti, quello provinciale Ezio Lise e i sindaci di Belluno, Antonio Prade e di Farra d\u2019Alpago, Floriano De Pra. Belluno stia diventando una realt\u00e0 importante in questo sport, lo testimoniano le numerose attivit\u00e0 messe in campo dalla Lni di Belluno e dal Gruppo Vela Santa Croce, i successi ottenuti nella classi giovanili con gli Optimist e la prossima realizzazione del Centro velico federale sul lago di Santa Croce, di cui il progetto \u00e8 attualmente in fase di selezione. Quest\u2019anno tra gli eventi agonistici pi\u00f9 importanti in programma sullo specchio di Farra ci sono la spettacolare regata nazionale della classe Contender (25-26 luglio) e quella di classe Europa che si svolger\u00e0 il 16 e il 17 aprile. Il programma della stagione verr\u00e0 presentato nel corso della serata velica. Colnaghi presenter\u00e0 anche il suo manuale di vela edito recentemente e diventato gi\u00e0 una bibbia per principianti e velisti provetti.<\/span><\/span><\/p>","protected":false},"excerpt":{"rendered":"<p>Acqua ai giovani velisti. Sar\u00e0 Margherita Pelaschier a parlare di vela con Guido Colnaghi nell&#8217;incontro in programma stasera alle 20.30 all\u2019Auditorium di Belluno in Piazza Duomo. Margherita, la figlia d\u2019arte di Mauro Pelaschier (timoniere di &#8220;Azzurra&#8221;) , trattenuto altrove per impegni di sponsor, affiancher\u00e0 il fondatore del Centro velico di Caprera in questo primo atteso [&hellip;]<\/p>\n","protected":false},"author":2,"featured_media":0,"comment_status":"closed","ping_status":"open","sticky":false,"template":"","format":"standard","meta":{"footnotes":""},"categories":[27],"tags":[139],"class_list":["post-1193","post","type-post","status-publish","format-standard","category-appuntamenti","tag-belluno"],"yoast_head":"<!-- This site is optimized with the Yoast SEO plugin v28.4 - https:\/\/yoast.com\/product\/yoast-seo-wordpress\/ -->\n<title>Stasera l&#039; incontro all&#039;Auditorium con la Lega navale e Colnaghi - Bellunopress - Dolomiti<\/title>\n<meta name=\"robots\" content=\"index, follow, max-snippet:-1, max-image-preview:large, max-video-preview:-1\" \/>\n<link rel=\"canonical\" href=\"https:\/\/www.bellunopress.it\/fr\/2009\/03\/06\/venerdi-6-incontro-allauditorium-con-la-lega-navale\/\" \/>\n<meta property=\"og:locale\" content=\"fr_FR\" \/>\n<meta property=\"og:type\" content=\"article\" \/>\n<meta property=\"og:title\" content=\"Stasera l&#039; incontro all&#039;Auditorium con la Lega navale e Colnaghi - Bellunopress - Dolomiti\" \/>\n<meta property=\"og:description\" content=\"Acqua ai giovani velisti. Sar\u00e0 Margherita Pelaschier a parlare di vela con Guido Colnaghi nell&#8217;incontro in programma stasera alle 20.30 all\u2019Auditorium di Belluno in Piazza Duomo. Margherita, la figlia d\u2019arte di Mauro Pelaschier (timoniere di &#8220;Azzurra&#8221;) , trattenuto altrove per impegni di sponsor, affiancher\u00e0 il fondatore del Centro velico di Caprera in questo primo atteso [&hellip;]\" \/>\n<meta property=\"og:url\" content=\"https:\/\/www.bellunopress.it\/fr\/2009\/03\/06\/venerdi-6-incontro-allauditorium-con-la-lega-navale\/\" \/>\n<meta property=\"og:site_name\" content=\"Bellunopress - Dolomiti\" \/>\n<meta property=\"article:publisher\" content=\"https:\/\/www.facebook.com\/profile.php?id=100008943462799\" \/>\n<meta property=\"article:published_time\" content=\"2009-03-06T12:02:03+00:00\" \/>\n<meta property=\"article:modified_time\" content=\"2009-03-06T22:38:21+00:00\" \/>\n<meta property=\"og:image\" content=\"http:\/\/www.bellunopress.it\/wp-content\/uploads\/2012\/07\/logo-bellunopress-250x250-2012.jpg\" \/>\n<meta name=\"author\" content=\"redazione\" \/>\n<meta name=\"twitter:card\" content=\"summary_large_image\" \/>\n<meta name=\"twitter:creator\" content=\"@bellunopress\" \/>\n<meta name=\"twitter:site\" content=\"@bellunopress\" \/>\n<meta name=\"twitter:label1\" content=\"Written by\" \/>\n\t<meta name=\"twitter:data1\" content=\"redazione\" \/>\n\t<meta name=\"twitter:label2\" content=\"Est. reading time\" \/>\n\t<meta name=\"twitter:data2\" content=\"1 minute\" \/>\n<script type=\"application\/ld+json\" class=\"yoast-schema-graph\">{\"@context\":\"https:\\\/\\\/schema.org\",\"@graph\":[{\"@type\":\"Article\",\"@id\":\"https:\\\/\\\/www.bellunopress.it\\\/2009\\\/03\\\/06\\\/venerdi-6-incontro-allauditorium-con-la-lega-navale\\\/#article\",\"isPartOf\":{\"@id\":\"https:\\\/\\\/www.bellunopress.it\\\/2009\\\/03\\\/06\\\/venerdi-6-incontro-allauditorium-con-la-lega-navale\\\/\"},\"author\":{\"name\":\"redazione\",\"@id\":\"https:\\\/\\\/www.bellunopress.it\\\/#\\\/schema\\\/person\\\/79bb06722b37ece1c03d3e94beb30d73\"},\"headline\":\"Stasera l&#8217; incontro all&#8217;Auditorium con la Lega navale e Colnaghi\",\"datePublished\":\"2009-03-06T12:02:03+00:00\",\"dateModified\":\"2009-03-06T22:38:21+00:00\",\"mainEntityOfPage\":{\"@id\":\"https:\\\/\\\/www.bellunopress.it\\\/2009\\\/03\\\/06\\\/venerdi-6-incontro-allauditorium-con-la-lega-navale\\\/\"},\"wordCount\":263,\"publisher\":{\"@id\":\"https:\\\/\\\/www.bellunopress.it\\\/#organization\"},\"keywords\":[\"Belluno\"],\"articleSection\":[\"Appuntamenti, Eventi\"],\"inLanguage\":\"fr-FR\"},{\"@type\":\"WebPage\",\"@id\":\"https:\\\/\\\/www.bellunopress.it\\\/2009\\\/03\\\/06\\\/venerdi-6-incontro-allauditorium-con-la-lega-navale\\\/\",\"url\":\"https:\\\/\\\/www.bellunopress.it\\\/2009\\\/03\\\/06\\\/venerdi-6-incontro-allauditorium-con-la-lega-navale\\\/\",\"name\":\"Stasera l' incontro all'Auditorium con la Lega navale e Colnaghi - Bellunopress - Dolomiti\",\"isPartOf\":{\"@id\":\"https:\\\/\\\/www.bellunopress.it\\\/#website\"},\"datePublished\":\"2009-03-06T12:02:03+00:00\",\"dateModified\":\"2009-03-06T22:38:21+00:00\",\"breadcrumb\":{\"@id\":\"https:\\\/\\\/www.bellunopress.it\\\/2009\\\/03\\\/06\\\/venerdi-6-incontro-allauditorium-con-la-lega-navale\\\/#breadcrumb\"},\"inLanguage\":\"fr-FR\",\"potentialAction\":[{\"@type\":\"ReadAction\",\"target\":[\"https:\\\/\\\/www.bellunopress.it\\\/2009\\\/03\\\/06\\\/venerdi-6-incontro-allauditorium-con-la-lega-navale\\\/\"]}]},{\"@type\":\"BreadcrumbList\",\"@id\":\"https:\\\/\\\/www.bellunopress.it\\\/2009\\\/03\\\/06\\\/venerdi-6-incontro-allauditorium-con-la-lega-navale\\\/#breadcrumb\",\"itemListElement\":[{\"@type\":\"ListItem\",\"position\":1,\"name\":\"Home\",\"item\":\"https:\\\/\\\/www.bellunopress.it\\\/\"},{\"@type\":\"ListItem\",\"position\":2,\"name\":\"Stasera l&#8217; incontro all&#8217;Auditorium con la Lega navale e Colnaghi\"}]},{\"@type\":\"WebSite\",\"@id\":\"https:\\\/\\\/www.bellunopress.it\\\/#website\",\"url\":\"https:\\\/\\\/www.bellunopress.it\\\/\",\"name\":\"Bellunopress - Dolomiti\",\"description\":\"e-mail: redazione@bellunopress.it\",\"publisher\":{\"@id\":\"https:\\\/\\\/www.bellunopress.it\\\/#organization\"},\"potentialAction\":[{\"@type\":\"SearchAction\",\"target\":{\"@type\":\"EntryPoint\",\"urlTemplate\":\"https:\\\/\\\/www.bellunopress.it\\\/?s={search_term_string}\"},\"query-input\":{\"@type\":\"PropertyValueSpecification\",\"valueRequired\":true,\"valueName\":\"search_term_string\"}}],\"inLanguage\":\"fr-FR\"},{\"@type\":\"Organization\",\"@id\":\"https:\\\/\\\/www.bellunopress.it\\\/#organization\",\"name\":\"Bellunopress\",\"url\":\"https:\\\/\\\/www.bellunopress.it\\\/\",\"logo\":{\"@type\":\"ImageObject\",\"inLanguage\":\"fr-FR\",\"@id\":\"https:\\\/\\\/www.bellunopress.it\\\/#\\\/schema\\\/logo\\\/image\\\/\",\"url\":\"https:\\\/\\\/www.bellunopress.it\\\/wp-content\\\/uploads\\\/2011\\\/05\\\/cropped-logo-bellunopress-.jpg\",\"contentUrl\":\"https:\\\/\\\/www.bellunopress.it\\\/wp-content\\\/uploads\\\/2011\\\/05\\\/cropped-logo-bellunopress-.jpg\",\"width\":512,\"height\":512,\"caption\":\"Bellunopress\"},\"image\":{\"@id\":\"https:\\\/\\\/www.bellunopress.it\\\/#\\\/schema\\\/logo\\\/image\\\/\"},\"sameAs\":[\"https:\\\/\\\/www.facebook.com\\\/profile.php?id=100008943462799\",\"https:\\\/\\\/x.com\\\/bellunopress\",\"https:\\\/\\\/www.linkedin.com\\\/hp\\\/?dnr=JBzUWaJfMUw8vbXJJ2tVW5-I3jZKvC4wsoxE&amp;amp;amp;amp;amp;amp;trk=nav_responsive_tab_home\",\"https:\\\/\\\/www.youtube.com\\\/channel\\\/UCxL0wu1uN0_3_7hGG0306cw\"]},{\"@type\":\"Person\",\"@id\":\"https:\\\/\\\/www.bellunopress.it\\\/#\\\/schema\\\/person\\\/79bb06722b37ece1c03d3e94beb30d73\",\"name\":\"redazione\",\"image\":{\"@type\":\"ImageObject\",\"inLanguage\":\"fr-FR\",\"@id\":\"https:\\\/\\\/secure.gravatar.com\\\/avatar\\\/37d968a2e67a6fd04c169c4bdef102d0bc5d31b2546345219e348575eb80e9a0?s=96&d=mm&r=g\",\"url\":\"https:\\\/\\\/secure.gravatar.com\\\/avatar\\\/37d968a2e67a6fd04c169c4bdef102d0bc5d31b2546345219e348575eb80e9a0?s=96&d=mm&r=g\",\"contentUrl\":\"https:\\\/\\\/secure.gravatar.com\\\/avatar\\\/37d968a2e67a6fd04c169c4bdef102d0bc5d31b2546345219e348575eb80e9a0?s=96&d=mm&r=g\",\"caption\":\"redazione\"},\"sameAs\":[\"http:\\\/\\\/www.bellunopress.it\",\"https:\\\/\\\/x.com\\\/bellunopress\"],\"url\":\"https:\\\/\\\/www.bellunopress.it\\\/fr\\\/author\\\/redazione\\\/\"}]}<\/script>\n<!-- \/ Yoast SEO plugin. -->","yoast_head_json":{"title":"Stasera l' incontro all'Auditorium con la Lega navale e Colnaghi - Bellunopress - Dolomiti","robots":{"index":"index","follow":"follow","max-snippet":"max-snippet:-1","max-image-preview":"max-image-preview:large","max-video-preview":"max-video-preview:-1"},"canonical":"https:\/\/www.bellunopress.it\/fr\/2009\/03\/06\/venerdi-6-incontro-allauditorium-con-la-lega-navale\/","og_locale":"fr_FR","og_type":"article","og_title":"Stasera l' incontro all'Auditorium con la Lega navale e Colnaghi - Bellunopress - Dolomiti","og_description":"Acqua ai giovani velisti. Sar\u00e0 Margherita Pelaschier a parlare di vela con Guido Colnaghi nell&#8217;incontro in programma stasera alle 20.30 all\u2019Auditorium di Belluno in Piazza Duomo. Margherita, la figlia d\u2019arte di Mauro Pelaschier (timoniere di &#8220;Azzurra&#8221;) , trattenuto altrove per impegni di sponsor, affiancher\u00e0 il fondatore del Centro velico di Caprera in questo primo atteso [&hellip;]","og_url":"https:\/\/www.bellunopress.it\/fr\/2009\/03\/06\/venerdi-6-incontro-allauditorium-con-la-lega-navale\/","og_site_name":"Bellunopress - Dolomiti","article_publisher":"https:\/\/www.facebook.com\/profile.php?id=100008943462799","article_published_time":"2009-03-06T12:02:03+00:00","article_modified_time":"2009-03-06T22:38:21+00:00","og_image":[{"url":"http:\/\/www.bellunopress.it\/wp-content\/uploads\/2012\/07\/logo-bellunopress-250x250-2012.jpg","type":"","width":"","height":""}],"author":"redazione","twitter_card":"summary_large_image","twitter_creator":"@bellunopress","twitter_site":"@bellunopress","twitter_misc":{"Written by":"redazione","Est. reading time":"1 minute"},"schema":{"@context":"https:\/\/schema.org","@graph":[{"@type":"Article","@id":"https:\/\/www.bellunopress.it\/2009\/03\/06\/venerdi-6-incontro-allauditorium-con-la-lega-navale\/#article","isPartOf":{"@id":"https:\/\/www.bellunopress.it\/2009\/03\/06\/venerdi-6-incontro-allauditorium-con-la-lega-navale\/"},"author":{"name":"redazione","@id":"https:\/\/www.bellunopress.it\/#\/schema\/person\/79bb06722b37ece1c03d3e94beb30d73"},"headline":"Stasera l&#8217; incontro all&#8217;Auditorium con la Lega navale e Colnaghi","datePublished":"2009-03-06T12:02:03+00:00","dateModified":"2009-03-06T22:38:21+00:00","mainEntityOfPage":{"@id":"https:\/\/www.bellunopress.it\/2009\/03\/06\/venerdi-6-incontro-allauditorium-con-la-lega-navale\/"},"wordCount":263,"publisher":{"@id":"https:\/\/www.bellunopress.it\/#organization"},"keywords":["Belluno"],"articleSection":["Appuntamenti, Eventi"],"inLanguage":"fr-FR"},{"@type":"WebPage","@id":"https:\/\/www.bellunopress.it\/2009\/03\/06\/venerdi-6-incontro-allauditorium-con-la-lega-navale\/","url":"https:\/\/www.bellunopress.it\/2009\/03\/06\/venerdi-6-incontro-allauditorium-con-la-lega-navale\/","name":"Stasera l' incontro all'Auditorium con la Lega navale e Colnaghi - Bellunopress - Dolomiti","isPartOf":{"@id":"https:\/\/www.bellunopress.it\/#website"},"datePublished":"2009-03-06T12:02:03+00:00","dateModified":"2009-03-06T22:38:21+00:00","breadcrumb":{"@id":"https:\/\/www.bellunopress.it\/2009\/03\/06\/venerdi-6-incontro-allauditorium-con-la-lega-navale\/#breadcrumb"},"inLanguage":"fr-FR","potentialAction":[{"@type":"ReadAction","target":["https:\/\/www.bellunopress.it\/2009\/03\/06\/venerdi-6-incontro-allauditorium-con-la-lega-navale\/"]}]},{"@type":"BreadcrumbList","@id":"https:\/\/www.bellunopress.it\/2009\/03\/06\/venerdi-6-incontro-allauditorium-con-la-lega-navale\/#breadcrumb","itemListElement":[{"@type":"ListItem","position":1,"name":"Home","item":"https:\/\/www.bellunopress.it\/"},{"@type":"ListItem","position":2,"name":"Stasera l&#8217; incontro all&#8217;Auditorium con la Lega navale e Colnaghi"}]},{"@type":"WebSite","@id":"https:\/\/www.bellunopress.it\/#website","url":"https:\/\/www.bellunopress.it\/","name":"Bellunopress - Dolomiti","description":"e-mail: redazione@bellunopress.it","publisher":{"@id":"https:\/\/www.bellunopress.it\/#organization"},"potentialAction":[{"@type":"SearchAction","target":{"@type":"EntryPoint","urlTemplate":"https:\/\/www.bellunopress.it\/?s={search_term_string}"},"query-input":{"@type":"PropertyValueSpecification","valueRequired":true,"valueName":"search_term_string"}}],"inLanguage":"fr-FR"},{"@type":"Organization","@id":"https:\/\/www.bellunopress.it\/#organization","name":"Bellunopress","url":"https:\/\/www.bellunopress.it\/","logo":{"@type":"ImageObject","inLanguage":"fr-FR","@id":"https:\/\/www.bellunopress.it\/#\/schema\/logo\/image\/","url":"https:\/\/www.bellunopress.it\/wp-content\/uploads\/2011\/05\/cropped-logo-bellunopress-.jpg","contentUrl":"https:\/\/www.bellunopress.it\/wp-content\/uploads\/2011\/05\/cropped-logo-bellunopress-.jpg","width":512,"height":512,"caption":"Bellunopress"},"image":{"@id":"https:\/\/www.bellunopress.it\/#\/schema\/logo\/image\/"},"sameAs":["https:\/\/www.facebook.com\/profile.php?id=100008943462799","https:\/\/x.com\/bellunopress","https:\/\/www.linkedin.com\/hp\/?dnr=JBzUWaJfMUw8vbXJJ2tVW5-I3jZKvC4wsoxE&amp;amp;amp;amp;amp;amp;trk=nav_responsive_tab_home","https:\/\/www.youtube.com\/channel\/UCxL0wu1uN0_3_7hGG0306cw"]},{"@type":"Person","@id":"https:\/\/www.bellunopress.it\/#\/schema\/person\/79bb06722b37ece1c03d3e94beb30d73","name":"r\u00e9daction","image":{"@type":"ImageObject","inLanguage":"fr-FR","@id":"https:\/\/secure.gravatar.com\/avatar\/37d968a2e67a6fd04c169c4bdef102d0bc5d31b2546345219e348575eb80e9a0?s=96&d=mm&r=g","url":"https:\/\/secure.gravatar.com\/avatar\/37d968a2e67a6fd04c169c4bdef102d0bc5d31b2546345219e348575eb80e9a0?s=96&d=mm&r=g","contentUrl":"https:\/\/secure.gravatar.com\/avatar\/37d968a2e67a6fd04c169c4bdef102d0bc5d31b2546345219e348575eb80e9a0?s=96&d=mm&r=g","caption":"redazione"},"sameAs":["http:\/\/www.bellunopress.it","https:\/\/x.com\/bellunopress"],"url":"https:\/\/www.bellunopress.it\/fr\/author\/redazione\/"}]}},"_links":{"self":[{"href":"https:\/\/www.bellunopress.it\/fr\/wp-json\/wp\/v2\/posts\/1193","targetHints":{"allow":["GET"]}}],"collection":[{"href":"https:\/\/www.bellunopress.it\/fr\/wp-json\/wp\/v2\/posts"}],"about":[{"href":"https:\/\/www.bellunopress.it\/fr\/wp-json\/wp\/v2\/types\/post"}],"author":[{"embeddable":true,"href":"https:\/\/www.bellunopress.it\/fr\/wp-json\/wp\/v2\/users\/2"}],"replies":[{"embeddable":true,"href":"https:\/\/www.bellunopress.it\/fr\/wp-json\/wp\/v2\/comments?post=1193"}],"version-history":[{"count":7,"href":"https:\/\/www.bellunopress.it\/fr\/wp-json\/wp\/v2\/posts\/1193\/revisions"}],"predecessor-version":[{"id":1352,"href":"https:\/\/www.bellunopress.it\/fr\/wp-json\/wp\/v2\/posts\/1193\/revisions\/1352"}],"wp:attachment":[{"href":"https:\/\/www.bellunopress.it\/fr\/wp-json\/wp\/v2\/media?parent=1193"}],"wp:term":[{"taxonomy":"category","embeddable":true,"href":"https:\/\/www.bellunopress.it\/fr\/wp-json\/wp\/v2\/categories?post=1193"},{"taxonomy":"post_tag","embeddable":true,"href":"https:\/\/www.bellunopress.it\/fr\/wp-json\/wp\/v2\/tags?post=1193"}],"curies":[{"name":"wp","href":"https:\/\/api.w.org\/{rel}","templated":true}]}}