{"id":11922,"date":"2010-01-28T15:26:56","date_gmt":"2010-01-28T14:26:56","guid":{"rendered":"http:\/\/www.bellunopress.it\/?p=11922"},"modified":"2010-01-28T15:26:56","modified_gmt":"2010-01-28T14:26:56","slug":"lapim-interviene-sul-follador-di-agordo-quale-destinazione-per-il-vecchio-istituto","status":"publish","type":"post","link":"https:\/\/www.bellunopress.it\/fr\/2010\/01\/28\/lapim-interviene-sul-follador-di-agordo-quale-destinazione-per-il-vecchio-istituto\/","title":{"rendered":"L&#8217;Apim interviene sul &#8220;Follador&#8221; di Agordo: &#8220;Quale destinazione per il vecchio istituto?&#8221;"},"content":{"rendered":"<figure id=\"attachment_11924\" aria-describedby=\"caption-attachment-11924\" style=\"width: 270px\" class=\"wp-caption alignleft\"><a href=\"http:\/\/www.bellunopress.it\/wp-content\/uploads\/2010\/01\/polo-agordo-leggera.jpg\"><img loading=\"lazy\" decoding=\"async\" class=\"size-medium wp-image-11924\" title=\"polo-agordo-leggera\" src=\"http:\/\/www.bellunopress.it\/wp-content\/uploads\/2010\/01\/polo-agordo-leggera.jpg\" alt=\"Il nuovo polo scolastico di Agordo\" width=\"270\" height=\"203\" \/><\/a><figcaption id=\"caption-attachment-11924\" class=\"wp-caption-text\">Il nuovo polo scolastico di Agordo<\/figcaption><\/figure>\n<p>Con l\u2019avvio del 2010 e l\u2019avvenuta l\u2019inaugurazione del nuovo Polo Scolastico di Tamon\u00ecch dello scorso sabato 24 ottobre, l\u2019Associazione dei Periti Industriali Minerari di Agordo desidera attirare l\u2019attenzione dei media locali e sovraprovinciali sulla futura destinazione dell\u2019edificio storico del \u201cFollador\u201d di Via 5 maggio, nato circa un secolo fa come Caserma d\u2019Artiglieria, diventato Ospedale Militare durante la Grande Guerra e, dal 1920 al 2009 &#8211; su progetto dell\u2019architetto Alpago Novello &#8211;\u00a0 sede prestigiosa della Scuola Mineraria.<br \/>\nL\u2019Associazione desidera far propri alcuni principi anche alla luce di un possibile inopinato accrescimento dei tempi\u00a0 tecnici di decisione sulle strategie per l\u2019utilizzo della struttura. In tal senso sono state gi\u00e0 diffuse in forma ufficiosa alcune indicazioni orientative programmatiche dalle autorit\u00e0 competenti intervenute in vari incontri appuntamenti cittadini legati al mondo della scuola e della cultura: in particolare all\u2019Assemblea dei Periti Minerari di agosto, in occasione della inaugurazione del nuovo Polo Scolastico di Tamon\u00ecch e per la tradizionale cerimonia di S.Barbara.<br \/>\nLe linee guida enunciate in tali occasione sono quelle di una destinazione dell\u2019edificio storico inquadrato in uno scenario a carattere multimuseale, con un utilizzo organico degli spazi per la valorizzazione di una scuola e del lavoro dei tecnici qui diplomati, le cui basi professionali (mineralogia, arte mineraria, topografia arricchimento dei minerali), sono state apprese nel ciclo di\u00a0 studi programmati istituzionalmente proprio al \u201cFollador\u201d.<\/p>\n<figure id=\"attachment_11925\" aria-describedby=\"caption-attachment-11925\" style=\"width: 270px\" class=\"wp-caption alignright\"><a href=\"http:\/\/www.bellunopress.it\/wp-content\/uploads\/2010\/01\/follador-leggera.jpg\"><img loading=\"lazy\" decoding=\"async\" class=\"size-medium wp-image-11925\" title=\"follador-leggera\" src=\"http:\/\/www.bellunopress.it\/wp-content\/uploads\/2010\/01\/follador-leggera.jpg\" alt=\"Lo storico istituto &quot;Follador&quot; di Agordo\" width=\"270\" height=\"202\" \/><\/a><figcaption id=\"caption-attachment-11925\" class=\"wp-caption-text\">Lo storico istituto <\/figcaption><\/figure>\n<p>Per l\u2019edificio storico, l\u2019Apim si colloca in questo contesto suggerendo una preorganizzazione su di un percorso didattico-culturale decisamente originale, inserito in un eventuale dibattito senza possibilit\u00e0 di errori: \u00e8 chiaro che il futuro non pu\u00f2 riservare dei doppioni come in parte gi\u00e0 \u00e8 stato fatto. Di pi\u00f9: la catena dell\u2019apparato museale cittadino deve essere appetibile al turista, precisa e funzionale, come in tanti esempi del settore in territorio nazionale e all\u2019estero. Di maggior difficolt\u00e0 \u00e8 prevedere il futuro dell\u2019ala est, compromessa strutturalmente, purtroppo di scarsa valenza se non volumetrica.<br \/>\nForte di questi principi l\u2019Apim, per tramite del Consiglio Direttivo, fa sentire la propria voce per affermare la propria costruttiva presenza per questi obbiettivi ma anche per\u00a0 altri &#8211; se previsti &#8211;\u00a0 e comunque tesi alla valorizzazione della tradizione e della cultura agordina in un quadro futuribile con tempi di attuazione ragionevoli.<br \/>\n<strong>UN PATRIMONIO DI TESTIMONIANZE STORICHE E TECNOLOGIA ATTRAVERSO IL TEMPO<\/strong><br \/>\nOltre ad alcune migliaia di campioni di minerali accolti nella sala museale del II piano della struttura unitamente all\u2019esposizione di\u00a0 gran parte dei reperti archeologici ritrovati in Agordino fino al 1960, l\u2019Istituto \u201cU.Follador\u201d possiede una importante serie di testimonianze tecnologiche relative alle discipline inserite nei programmi di studi (mineralogia, geologia, arte mineraria, topografia arricchimento dei minerali, chimica). Si tratta dell\u2019apparato didattico destinato all\u2019insegnamento, utilizzato in oltre 140 anni di attivit\u00e0: strumentazioni d\u2019epoca, plastici, attrezzature varie, strumenti di misura,\u00a0 modelli di macchinari, supporti iconografici; a ci\u00f2 si unisce la biblioteca e l\u2019archivio storico. Tale materiale, conservato con cura, rappresenta un eccellente patrimonio storico da utilizzare a finalit\u00e0\u00a0 multimuseali in un contesto di valorizzazione strutturale dell\u2019edifico storico del \u201cFollador\u201d e del ciclo di studi minerari che qui hanno fornito professionalit\u00e0 conosciuta e stimata in tutto il mondo.<\/p>","protected":false},"excerpt":{"rendered":"<p>Con l\u2019avvio del 2010 e l\u2019avvenuta l\u2019inaugurazione del nuovo Polo Scolastico di Tamon\u00ecch dello scorso sabato 24 ottobre, l\u2019Associazione dei Periti Industriali Minerari di Agordo desidera attirare l\u2019attenzione dei media locali e sovraprovinciali sulla futura destinazione dell\u2019edificio storico del \u201cFollador\u201d di Via 5 maggio, nato circa un secolo fa come Caserma d\u2019Artiglieria, diventato Ospedale Militare [&hellip;]<\/p>\n","protected":false},"author":2,"featured_media":0,"comment_status":"closed","ping_status":"open","sticky":false,"template":"","format":"standard","meta":{"footnotes":""},"categories":[5,26,15],"tags":[139],"class_list":["post-11922","post","type-post","status-publish","format-standard","category-cronaca","category-prima-pagina","category-scuola","tag-belluno"],"yoast_head":"<!-- This site is optimized with the Yoast SEO plugin v28.4 - https:\/\/yoast.com\/product\/yoast-seo-wordpress\/ -->\n<title>L&#039;Apim interviene sul &quot;Follador&quot; di Agordo: &quot;Quale destinazione per il vecchio istituto?&quot; - Bellunopress - Dolomiti<\/title>\n<meta name=\"robots\" content=\"index, follow, max-snippet:-1, max-image-preview:large, max-video-preview:-1\" \/>\n<link rel=\"canonical\" href=\"https:\/\/www.bellunopress.it\/fr\/2010\/01\/28\/lapim-interviene-sul-follador-di-agordo-quale-destinazione-per-il-vecchio-istituto\/\" \/>\n<meta property=\"og:locale\" content=\"fr_FR\" \/>\n<meta property=\"og:type\" content=\"article\" \/>\n<meta property=\"og:title\" content=\"L&#039;Apim interviene sul &quot;Follador&quot; di Agordo: &quot;Quale destinazione per il vecchio istituto?&quot; - Bellunopress - Dolomiti\" \/>\n<meta property=\"og:description\" content=\"Con l\u2019avvio del 2010 e l\u2019avvenuta l\u2019inaugurazione del nuovo Polo Scolastico di Tamon\u00ecch dello scorso sabato 24 ottobre, l\u2019Associazione dei Periti Industriali Minerari di Agordo desidera attirare l\u2019attenzione dei media locali e sovraprovinciali sulla futura destinazione dell\u2019edificio storico del \u201cFollador\u201d di Via 5 maggio, nato circa un secolo fa come Caserma d\u2019Artiglieria, diventato Ospedale Militare [&hellip;]\" \/>\n<meta property=\"og:url\" content=\"https:\/\/www.bellunopress.it\/fr\/2010\/01\/28\/lapim-interviene-sul-follador-di-agordo-quale-destinazione-per-il-vecchio-istituto\/\" \/>\n<meta property=\"og:site_name\" content=\"Bellunopress - Dolomiti\" \/>\n<meta property=\"article:publisher\" content=\"https:\/\/www.facebook.com\/profile.php?id=100008943462799\" \/>\n<meta property=\"article:published_time\" content=\"2010-01-28T14:26:56+00:00\" \/>\n<meta property=\"og:image\" content=\"http:\/\/www.bellunopress.it\/wp-content\/uploads\/2010\/01\/polo-agordo-leggera.jpg\" \/>\n<meta name=\"author\" content=\"redazione\" \/>\n<meta name=\"twitter:card\" content=\"summary_large_image\" \/>\n<meta name=\"twitter:creator\" content=\"@bellunopress\" \/>\n<meta name=\"twitter:site\" content=\"@bellunopress\" \/>\n<meta name=\"twitter:label1\" content=\"\u00c9crit par\" \/>\n\t<meta name=\"twitter:data1\" content=\"redazione\" \/>\n\t<meta name=\"twitter:label2\" content=\"Dur\u00e9e de lecture estim\u00e9e\" \/>\n\t<meta name=\"twitter:data2\" content=\"3 minutes\" \/>\n<script type=\"application\/ld+json\" class=\"yoast-schema-graph\">{\"@context\":\"https:\\\/\\\/schema.org\",\"@graph\":[{\"@type\":\"Article\",\"@id\":\"https:\\\/\\\/www.bellunopress.it\\\/2010\\\/01\\\/28\\\/lapim-interviene-sul-follador-di-agordo-quale-destinazione-per-il-vecchio-istituto\\\/#article\",\"isPartOf\":{\"@id\":\"https:\\\/\\\/www.bellunopress.it\\\/2010\\\/01\\\/28\\\/lapim-interviene-sul-follador-di-agordo-quale-destinazione-per-il-vecchio-istituto\\\/\"},\"author\":{\"name\":\"redazione\",\"@id\":\"https:\\\/\\\/www.bellunopress.it\\\/#\\\/schema\\\/person\\\/79bb06722b37ece1c03d3e94beb30d73\"},\"headline\":\"L&#8217;Apim interviene sul &#8220;Follador&#8221; di Agordo: &#8220;Quale destinazione per il vecchio istituto?&#8221;\",\"datePublished\":\"2010-01-28T14:26:56+00:00\",\"mainEntityOfPage\":{\"@id\":\"https:\\\/\\\/www.bellunopress.it\\\/2010\\\/01\\\/28\\\/lapim-interviene-sul-follador-di-agordo-quale-destinazione-per-il-vecchio-istituto\\\/\"},\"wordCount\":563,\"publisher\":{\"@id\":\"https:\\\/\\\/www.bellunopress.it\\\/#organization\"},\"image\":{\"@id\":\"https:\\\/\\\/www.bellunopress.it\\\/2010\\\/01\\\/28\\\/lapim-interviene-sul-follador-di-agordo-quale-destinazione-per-il-vecchio-istituto\\\/#primaryimage\"},\"thumbnailUrl\":\"http:\\\/\\\/www.bellunopress.it\\\/wp-content\\\/uploads\\\/2010\\\/01\\\/polo-agordo-leggera.jpg\",\"keywords\":[\"Belluno\"],\"articleSection\":[\"Cronaca\\\/Politica\",\"Prima Pagina\",\"Scuola\"],\"inLanguage\":\"fr-FR\"},{\"@type\":\"WebPage\",\"@id\":\"https:\\\/\\\/www.bellunopress.it\\\/2010\\\/01\\\/28\\\/lapim-interviene-sul-follador-di-agordo-quale-destinazione-per-il-vecchio-istituto\\\/\",\"url\":\"https:\\\/\\\/www.bellunopress.it\\\/2010\\\/01\\\/28\\\/lapim-interviene-sul-follador-di-agordo-quale-destinazione-per-il-vecchio-istituto\\\/\",\"name\":\"L'Apim interviene sul \\\"Follador\\\" di Agordo: \\\"Quale destinazione per il vecchio istituto?\\\" - Bellunopress - Dolomiti\",\"isPartOf\":{\"@id\":\"https:\\\/\\\/www.bellunopress.it\\\/#website\"},\"primaryImageOfPage\":{\"@id\":\"https:\\\/\\\/www.bellunopress.it\\\/2010\\\/01\\\/28\\\/lapim-interviene-sul-follador-di-agordo-quale-destinazione-per-il-vecchio-istituto\\\/#primaryimage\"},\"image\":{\"@id\":\"https:\\\/\\\/www.bellunopress.it\\\/2010\\\/01\\\/28\\\/lapim-interviene-sul-follador-di-agordo-quale-destinazione-per-il-vecchio-istituto\\\/#primaryimage\"},\"thumbnailUrl\":\"http:\\\/\\\/www.bellunopress.it\\\/wp-content\\\/uploads\\\/2010\\\/01\\\/polo-agordo-leggera.jpg\",\"datePublished\":\"2010-01-28T14:26:56+00:00\",\"breadcrumb\":{\"@id\":\"https:\\\/\\\/www.bellunopress.it\\\/2010\\\/01\\\/28\\\/lapim-interviene-sul-follador-di-agordo-quale-destinazione-per-il-vecchio-istituto\\\/#breadcrumb\"},\"inLanguage\":\"fr-FR\",\"potentialAction\":[{\"@type\":\"ReadAction\",\"target\":[\"https:\\\/\\\/www.bellunopress.it\\\/2010\\\/01\\\/28\\\/lapim-interviene-sul-follador-di-agordo-quale-destinazione-per-il-vecchio-istituto\\\/\"]}]},{\"@type\":\"ImageObject\",\"inLanguage\":\"fr-FR\",\"@id\":\"https:\\\/\\\/www.bellunopress.it\\\/2010\\\/01\\\/28\\\/lapim-interviene-sul-follador-di-agordo-quale-destinazione-per-il-vecchio-istituto\\\/#primaryimage\",\"url\":\"http:\\\/\\\/www.bellunopress.it\\\/wp-content\\\/uploads\\\/2010\\\/01\\\/polo-agordo-leggera.jpg\",\"contentUrl\":\"http:\\\/\\\/www.bellunopress.it\\\/wp-content\\\/uploads\\\/2010\\\/01\\\/polo-agordo-leggera.jpg\"},{\"@type\":\"BreadcrumbList\",\"@id\":\"https:\\\/\\\/www.bellunopress.it\\\/2010\\\/01\\\/28\\\/lapim-interviene-sul-follador-di-agordo-quale-destinazione-per-il-vecchio-istituto\\\/#breadcrumb\",\"itemListElement\":[{\"@type\":\"ListItem\",\"position\":1,\"name\":\"Home\",\"item\":\"https:\\\/\\\/www.bellunopress.it\\\/\"},{\"@type\":\"ListItem\",\"position\":2,\"name\":\"L&#8217;Apim interviene sul &#8220;Follador&#8221; di Agordo: &#8220;Quale destinazione per il vecchio istituto?&#8221;\"}]},{\"@type\":\"WebSite\",\"@id\":\"https:\\\/\\\/www.bellunopress.it\\\/#website\",\"url\":\"https:\\\/\\\/www.bellunopress.it\\\/\",\"name\":\"Bellunopress - Dolomiti\",\"description\":\"e-mail: redazione@bellunopress.it\",\"publisher\":{\"@id\":\"https:\\\/\\\/www.bellunopress.it\\\/#organization\"},\"potentialAction\":[{\"@type\":\"SearchAction\",\"target\":{\"@type\":\"EntryPoint\",\"urlTemplate\":\"https:\\\/\\\/www.bellunopress.it\\\/?s={search_term_string}\"},\"query-input\":{\"@type\":\"PropertyValueSpecification\",\"valueRequired\":true,\"valueName\":\"search_term_string\"}}],\"inLanguage\":\"fr-FR\"},{\"@type\":\"Organization\",\"@id\":\"https:\\\/\\\/www.bellunopress.it\\\/#organization\",\"name\":\"Bellunopress\",\"url\":\"https:\\\/\\\/www.bellunopress.it\\\/\",\"logo\":{\"@type\":\"ImageObject\",\"inLanguage\":\"fr-FR\",\"@id\":\"https:\\\/\\\/www.bellunopress.it\\\/#\\\/schema\\\/logo\\\/image\\\/\",\"url\":\"https:\\\/\\\/www.bellunopress.it\\\/wp-content\\\/uploads\\\/2011\\\/05\\\/cropped-logo-bellunopress-.jpg\",\"contentUrl\":\"https:\\\/\\\/www.bellunopress.it\\\/wp-content\\\/uploads\\\/2011\\\/05\\\/cropped-logo-bellunopress-.jpg\",\"width\":512,\"height\":512,\"caption\":\"Bellunopress\"},\"image\":{\"@id\":\"https:\\\/\\\/www.bellunopress.it\\\/#\\\/schema\\\/logo\\\/image\\\/\"},\"sameAs\":[\"https:\\\/\\\/www.facebook.com\\\/profile.php?id=100008943462799\",\"https:\\\/\\\/x.com\\\/bellunopress\",\"https:\\\/\\\/www.linkedin.com\\\/hp\\\/?dnr=JBzUWaJfMUw8vbXJJ2tVW5-I3jZKvC4wsoxE&amp;amp;amp;amp;amp;amp;trk=nav_responsive_tab_home\",\"https:\\\/\\\/www.youtube.com\\\/channel\\\/UCxL0wu1uN0_3_7hGG0306cw\"]},{\"@type\":\"Person\",\"@id\":\"https:\\\/\\\/www.bellunopress.it\\\/#\\\/schema\\\/person\\\/79bb06722b37ece1c03d3e94beb30d73\",\"name\":\"redazione\",\"image\":{\"@type\":\"ImageObject\",\"inLanguage\":\"fr-FR\",\"@id\":\"https:\\\/\\\/secure.gravatar.com\\\/avatar\\\/37d968a2e67a6fd04c169c4bdef102d0bc5d31b2546345219e348575eb80e9a0?s=96&d=mm&r=g\",\"url\":\"https:\\\/\\\/secure.gravatar.com\\\/avatar\\\/37d968a2e67a6fd04c169c4bdef102d0bc5d31b2546345219e348575eb80e9a0?s=96&d=mm&r=g\",\"contentUrl\":\"https:\\\/\\\/secure.gravatar.com\\\/avatar\\\/37d968a2e67a6fd04c169c4bdef102d0bc5d31b2546345219e348575eb80e9a0?s=96&d=mm&r=g\",\"caption\":\"redazione\"},\"sameAs\":[\"http:\\\/\\\/www.bellunopress.it\",\"https:\\\/\\\/x.com\\\/bellunopress\"],\"url\":\"https:\\\/\\\/www.bellunopress.it\\\/fr\\\/author\\\/redazione\\\/\"}]}<\/script>\n<!-- \/ Yoast SEO plugin. -->","yoast_head_json":{"title":"L'Apim interviene sul \"Follador\" di Agordo: \"Quale destinazione per il vecchio istituto?\" - Bellunopress - Dolomiti","robots":{"index":"index","follow":"follow","max-snippet":"max-snippet:-1","max-image-preview":"max-image-preview:large","max-video-preview":"max-video-preview:-1"},"canonical":"https:\/\/www.bellunopress.it\/fr\/2010\/01\/28\/lapim-interviene-sul-follador-di-agordo-quale-destinazione-per-il-vecchio-istituto\/","og_locale":"fr_FR","og_type":"article","og_title":"L'Apim interviene sul \"Follador\" di Agordo: \"Quale destinazione per il vecchio istituto?\" - Bellunopress - Dolomiti","og_description":"Con l\u2019avvio del 2010 e l\u2019avvenuta l\u2019inaugurazione del nuovo Polo Scolastico di Tamon\u00ecch dello scorso sabato 24 ottobre, l\u2019Associazione dei Periti Industriali Minerari di Agordo desidera attirare l\u2019attenzione dei media locali e sovraprovinciali sulla futura destinazione dell\u2019edificio storico del \u201cFollador\u201d di Via 5 maggio, nato circa un secolo fa come Caserma d\u2019Artiglieria, diventato Ospedale Militare [&hellip;]","og_url":"https:\/\/www.bellunopress.it\/fr\/2010\/01\/28\/lapim-interviene-sul-follador-di-agordo-quale-destinazione-per-il-vecchio-istituto\/","og_site_name":"Bellunopress - Dolomiti","article_publisher":"https:\/\/www.facebook.com\/profile.php?id=100008943462799","article_published_time":"2010-01-28T14:26:56+00:00","og_image":[{"url":"http:\/\/www.bellunopress.it\/wp-content\/uploads\/2010\/01\/polo-agordo-leggera.jpg","type":"","width":"","height":""}],"author":"redazione","twitter_card":"summary_large_image","twitter_creator":"@bellunopress","twitter_site":"@bellunopress","twitter_misc":{"\u00c9crit par":"redazione","Dur\u00e9e de lecture estim\u00e9e":"3 minutes"},"schema":{"@context":"https:\/\/schema.org","@graph":[{"@type":"Article","@id":"https:\/\/www.bellunopress.it\/2010\/01\/28\/lapim-interviene-sul-follador-di-agordo-quale-destinazione-per-il-vecchio-istituto\/#article","isPartOf":{"@id":"https:\/\/www.bellunopress.it\/2010\/01\/28\/lapim-interviene-sul-follador-di-agordo-quale-destinazione-per-il-vecchio-istituto\/"},"author":{"name":"redazione","@id":"https:\/\/www.bellunopress.it\/#\/schema\/person\/79bb06722b37ece1c03d3e94beb30d73"},"headline":"L&#8217;Apim interviene sul &#8220;Follador&#8221; di Agordo: &#8220;Quale destinazione per il vecchio istituto?&#8221;","datePublished":"2010-01-28T14:26:56+00:00","mainEntityOfPage":{"@id":"https:\/\/www.bellunopress.it\/2010\/01\/28\/lapim-interviene-sul-follador-di-agordo-quale-destinazione-per-il-vecchio-istituto\/"},"wordCount":563,"publisher":{"@id":"https:\/\/www.bellunopress.it\/#organization"},"image":{"@id":"https:\/\/www.bellunopress.it\/2010\/01\/28\/lapim-interviene-sul-follador-di-agordo-quale-destinazione-per-il-vecchio-istituto\/#primaryimage"},"thumbnailUrl":"http:\/\/www.bellunopress.it\/wp-content\/uploads\/2010\/01\/polo-agordo-leggera.jpg","keywords":["Belluno"],"articleSection":["Cronaca\/Politica","Prima Pagina","Scuola"],"inLanguage":"fr-FR"},{"@type":"WebPage","@id":"https:\/\/www.bellunopress.it\/2010\/01\/28\/lapim-interviene-sul-follador-di-agordo-quale-destinazione-per-il-vecchio-istituto\/","url":"https:\/\/www.bellunopress.it\/2010\/01\/28\/lapim-interviene-sul-follador-di-agordo-quale-destinazione-per-il-vecchio-istituto\/","name":"L'Apim interviene sul \"Follador\" di Agordo: \"Quale destinazione per il vecchio istituto?\" - Bellunopress - Dolomiti","isPartOf":{"@id":"https:\/\/www.bellunopress.it\/#website"},"primaryImageOfPage":{"@id":"https:\/\/www.bellunopress.it\/2010\/01\/28\/lapim-interviene-sul-follador-di-agordo-quale-destinazione-per-il-vecchio-istituto\/#primaryimage"},"image":{"@id":"https:\/\/www.bellunopress.it\/2010\/01\/28\/lapim-interviene-sul-follador-di-agordo-quale-destinazione-per-il-vecchio-istituto\/#primaryimage"},"thumbnailUrl":"http:\/\/www.bellunopress.it\/wp-content\/uploads\/2010\/01\/polo-agordo-leggera.jpg","datePublished":"2010-01-28T14:26:56+00:00","breadcrumb":{"@id":"https:\/\/www.bellunopress.it\/2010\/01\/28\/lapim-interviene-sul-follador-di-agordo-quale-destinazione-per-il-vecchio-istituto\/#breadcrumb"},"inLanguage":"fr-FR","potentialAction":[{"@type":"ReadAction","target":["https:\/\/www.bellunopress.it\/2010\/01\/28\/lapim-interviene-sul-follador-di-agordo-quale-destinazione-per-il-vecchio-istituto\/"]}]},{"@type":"ImageObject","inLanguage":"fr-FR","@id":"https:\/\/www.bellunopress.it\/2010\/01\/28\/lapim-interviene-sul-follador-di-agordo-quale-destinazione-per-il-vecchio-istituto\/#primaryimage","url":"http:\/\/www.bellunopress.it\/wp-content\/uploads\/2010\/01\/polo-agordo-leggera.jpg","contentUrl":"http:\/\/www.bellunopress.it\/wp-content\/uploads\/2010\/01\/polo-agordo-leggera.jpg"},{"@type":"BreadcrumbList","@id":"https:\/\/www.bellunopress.it\/2010\/01\/28\/lapim-interviene-sul-follador-di-agordo-quale-destinazione-per-il-vecchio-istituto\/#breadcrumb","itemListElement":[{"@type":"ListItem","position":1,"name":"Home","item":"https:\/\/www.bellunopress.it\/"},{"@type":"ListItem","position":2,"name":"L&#8217;Apim interviene sul &#8220;Follador&#8221; di Agordo: &#8220;Quale destinazione per il vecchio istituto?&#8221;"}]},{"@type":"WebSite","@id":"https:\/\/www.bellunopress.it\/#website","url":"https:\/\/www.bellunopress.it\/","name":"Bellunopress - Dolomiti","description":"e-mail: redazione@bellunopress.it","publisher":{"@id":"https:\/\/www.bellunopress.it\/#organization"},"potentialAction":[{"@type":"SearchAction","target":{"@type":"EntryPoint","urlTemplate":"https:\/\/www.bellunopress.it\/?s={search_term_string}"},"query-input":{"@type":"PropertyValueSpecification","valueRequired":true,"valueName":"search_term_string"}}],"inLanguage":"fr-FR"},{"@type":"Organization","@id":"https:\/\/www.bellunopress.it\/#organization","name":"Bellunopress","url":"https:\/\/www.bellunopress.it\/","logo":{"@type":"ImageObject","inLanguage":"fr-FR","@id":"https:\/\/www.bellunopress.it\/#\/schema\/logo\/image\/","url":"https:\/\/www.bellunopress.it\/wp-content\/uploads\/2011\/05\/cropped-logo-bellunopress-.jpg","contentUrl":"https:\/\/www.bellunopress.it\/wp-content\/uploads\/2011\/05\/cropped-logo-bellunopress-.jpg","width":512,"height":512,"caption":"Bellunopress"},"image":{"@id":"https:\/\/www.bellunopress.it\/#\/schema\/logo\/image\/"},"sameAs":["https:\/\/www.facebook.com\/profile.php?id=100008943462799","https:\/\/x.com\/bellunopress","https:\/\/www.linkedin.com\/hp\/?dnr=JBzUWaJfMUw8vbXJJ2tVW5-I3jZKvC4wsoxE&amp;amp;amp;amp;amp;amp;trk=nav_responsive_tab_home","https:\/\/www.youtube.com\/channel\/UCxL0wu1uN0_3_7hGG0306cw"]},{"@type":"Person","@id":"https:\/\/www.bellunopress.it\/#\/schema\/person\/79bb06722b37ece1c03d3e94beb30d73","name":"r\u00e9daction","image":{"@type":"ImageObject","inLanguage":"fr-FR","@id":"https:\/\/secure.gravatar.com\/avatar\/37d968a2e67a6fd04c169c4bdef102d0bc5d31b2546345219e348575eb80e9a0?s=96&d=mm&r=g","url":"https:\/\/secure.gravatar.com\/avatar\/37d968a2e67a6fd04c169c4bdef102d0bc5d31b2546345219e348575eb80e9a0?s=96&d=mm&r=g","contentUrl":"https:\/\/secure.gravatar.com\/avatar\/37d968a2e67a6fd04c169c4bdef102d0bc5d31b2546345219e348575eb80e9a0?s=96&d=mm&r=g","caption":"redazione"},"sameAs":["http:\/\/www.bellunopress.it","https:\/\/x.com\/bellunopress"],"url":"https:\/\/www.bellunopress.it\/fr\/author\/redazione\/"}]}},"_links":{"self":[{"href":"https:\/\/www.bellunopress.it\/fr\/wp-json\/wp\/v2\/posts\/11922","targetHints":{"allow":["GET"]}}],"collection":[{"href":"https:\/\/www.bellunopress.it\/fr\/wp-json\/wp\/v2\/posts"}],"about":[{"href":"https:\/\/www.bellunopress.it\/fr\/wp-json\/wp\/v2\/types\/post"}],"author":[{"embeddable":true,"href":"https:\/\/www.bellunopress.it\/fr\/wp-json\/wp\/v2\/users\/2"}],"replies":[{"embeddable":true,"href":"https:\/\/www.bellunopress.it\/fr\/wp-json\/wp\/v2\/comments?post=11922"}],"version-history":[{"count":1,"href":"https:\/\/www.bellunopress.it\/fr\/wp-json\/wp\/v2\/posts\/11922\/revisions"}],"predecessor-version":[{"id":11926,"href":"https:\/\/www.bellunopress.it\/fr\/wp-json\/wp\/v2\/posts\/11922\/revisions\/11926"}],"wp:attachment":[{"href":"https:\/\/www.bellunopress.it\/fr\/wp-json\/wp\/v2\/media?parent=11922"}],"wp:term":[{"taxonomy":"category","embeddable":true,"href":"https:\/\/www.bellunopress.it\/fr\/wp-json\/wp\/v2\/categories?post=11922"},{"taxonomy":"post_tag","embeddable":true,"href":"https:\/\/www.bellunopress.it\/fr\/wp-json\/wp\/v2\/tags?post=11922"}],"curies":[{"name":"wp","href":"https:\/\/api.w.org\/{rel}","templated":true}]}}