{"id":11915,"date":"2010-01-27T22:47:55","date_gmt":"2010-01-27T21:47:55","guid":{"rendered":"http:\/\/www.bellunopress.it\/?p=11915"},"modified":"2010-02-16T22:07:46","modified_gmt":"2010-02-16T21:07:46","slug":"dalle-alpi-alle-piramidi-le-12-missioni-del-veterinario-in-uniforme-albino-triches","status":"publish","type":"post","link":"https:\/\/www.bellunopress.it\/fr\/2010\/01\/27\/dalle-alpi-alle-piramidi-le-12-missioni-del-veterinario-in-uniforme-albino-triches\/","title":{"rendered":"Dalle Alpi alle piramidi, le 12 missioni del veterinario in uniforme Albino Triches"},"content":{"rendered":"<p><a href=\"http:\/\/www.bellunopress.it\/wp-content\/uploads\/2010\/01\/albino-triches.jpg\"><img loading=\"lazy\" decoding=\"async\" class=\"alignleft size-medium wp-image-11916\" title=\"albino-triches\" src=\"http:\/\/www.bellunopress.it\/wp-content\/uploads\/2010\/01\/albino-triches.jpg\" alt=\"\" width=\"130\" height=\"130\" \/><\/a>Un tenente colonnello veterinario al servizio di 2500 uomini in Libano. \u00c8 appena tornato dalla missione Unifil il tenente colonnello Albino Triches. Unico veterinario del contingente italiano, l&#8217;ufficiale bellunese era partito ad agosto ed \u00e8 tornato la settimana scorsa. La moglie Anna Paola Sala e i due figli Martino e Francesco lo aspettavano per Natale, ma gli impegni e le responsabilit\u00e0 lavorative hanno trattenuto nella terra dei cedri il ten.col. Triches pi\u00f9 a lungo. Triches appartiene al Comando 1\u00b0 Fod di Vittorio Veneto, da cui dipendono i veterinari del contingente italiano. \u00abQuando \u00e8 all&#8217;estero, ha spiegato il ten.col Triches \u2013 il veterinario \u00e8 una pedina fondamentale\u00bb. I viveri che arrivano devono essere da lui controllati, le disinfezioni e la bonifica ambientale sono effettuate dalla sua squadra, la cattura e l&#8217;allontanamento dei cani vaganti alla base sono affar suo. Spesso anche gran parte dell&#8217;attivit\u00e0 Cimic (cooperazione civile e militare) \u00e8 di sua competenza. <a href=\"http:\/\/www.bellunopress.it\/wp-content\/uploads\/2010\/01\/albino-triches-a-destra-libano.jpg\"><img loading=\"lazy\" decoding=\"async\" class=\"alignleft size-medium wp-image-11917\" title=\"albino-triches-a-destra-libano\" src=\"http:\/\/www.bellunopress.it\/wp-content\/uploads\/2010\/01\/albino-triches-a-destra-libano.jpg\" alt=\"\" width=\"280\" height=\"210\" \/><\/a>\u00abMi sono trovato parecchie volte nella situazione di curare degli animali domestici, per esempio dei muli \u2013 racconta Albino Triches \u2013 perch\u00e8 in Afhganistan o in altri Paesi l&#8217;economia domestica verte sugli animali che possiedono, se questi si ammalano o si prendono un&#8217;epidemia la condizione di intere famiglia muta radicalmente\u00bb. Quella del Libano \u00e8 gi\u00e0 la 12\u00aa tra missioni ed esperienze all&#8217;estero che il tenente colonnello ha terminato. In ordine cronologico \u00absono stato in Sicilia, Norvegia, Bosnia, Ungheria, Egitto, Polonia, Ucraina, Afghanistan (2 volte), Iraq (2 volte) e ora il Libano\u00bb. Il 50\u00b0 compleanno l&#8217;ha festeggiato in aereo lo scorso agosto, poi \u00abmi sono fermato alla base di Shama per cinque mesi e mezzo senza licenza, perch\u00e8 non avevo sostituti. C&#8217;erano altri veterinari per altri contingenti, ma spesso e volentieri venivano per chiedere suggerimenti e aiuti. E poich\u00e9 il comando era italiano, glieli garantivamo pi\u00f9 che volentieri\u00bb, ammette Triches. Com&#8217;\u00e8 il Libano per un italiano, per un bellunese? \u00abQuando uno \u00e8 andato in Afghanistan o in Iraq \u2013 spiega l&#8217;ufficiale \u2013 ,che sono Paesi di una miseria inimmaginabile, la situazione del Libano la si trova molto buona, non si pu\u00f2 chiamarlo un Paese del terzo mondo. \u00c8 una realt\u00e0 che non ha tanto bisogno di aiuti umanitari, quanto piuttosto di protezione. Hanno Hezbollah in casa. E viaggiando con i mezzi le immagini dei martiri che si trovano nei cartelloni a bordo strada te lo ricordano sempre\u00bb. Il lavoro per un ufficiale-veterinario \u00e8 inimmaginabile. A disposizione del tenente colonnello Triches c&#8217;era \u00abuna squadra del nucleo disinfezione e diversi automezzi. Disponevo di una sala chirurgica veterinaria, di un piccolo laboratorio microbiologico per gli alimenti, delle attrezzature per la bonifica ambientale (come dei nebulizzatori molto grandi) per la bonifica di insetti\u00bb. Pu\u00f2 far sorridere, ma prima che le squadre degli sminatori (che liberano il terreno dalle cluster bombs) si mettano all&#8217;opera, sul terreno \u00abci passa la squadra del nucleo disinfezioni. Certo, non si muove a caso, per\u00f2 il rischio c&#8217;\u00e8 sempre\u00bb, spiega Triches. Quello che impressiona \u00e8 che \u00abla mia squadra ed io \u2013 racconta Triches \u2013 tra tutti gli assetti del contingente, quello veterinario \u00e8 quello che gira di pi\u00f9. Ed \u00e8 sempre in prima linea. Una stima dice che fa pi\u00f9 chilometri rispetto alla compagnia dei trasporti. Spesso ci \u00e8 capitato di vedere poco distante da noi lanci di missili. Oppure di mettersi in viaggio e non trovare nessuno per strada. Quando non si vede nessuno viene subito il sospetto che stia per accadere qualcosa. Poi anche se l&#8217;emergenza \u00e8 finta, la paura \u00e8 stata vera\u00bb.Oltre le attivit\u00e0 che abbiamo enunciato sopra, \u00abci si immagina che il veterinario sappia far tutto e \u2013 dice Triches con un sorriso \u2013 gli si danno gli incarichi pi\u00f9 strani\u00bb. Tra le sue missioni gli aneddoti curiosi sono tanti. Come quella volta che, nel 2002, \u00abho curato Donatella, l&#8217;orso dello zoo di Kabul\u00bb. O come quando \u00aba Nassiriya, la Terra di Abramo, coi miei uomini ci siamo imbattuti nella pietra nera di Ur rinvenuta e scoperta ufficialmente del 2005. Ho addirittura una foto che lo testimonia. Ci sembrava strana e molto bella, con quei geroglifici. Ma non ci facemmo caso e la posammo continuando a lavorare. Tre anni dopo scoprimmo che era una parte del vasamento della porta della citt\u00e0 di Ur\u00bb. La moglie Anna Paola Sala ha raccontato quanto \u00e8 stato impegnativo \u00abcrescere Martino e Francesco, facendo, per certi periodi, sia da madre che da padre. Ricordo che la prima uscita di Albino fu in Egitto. Mio figlio pi\u00f9 grande frequentava le prime classi delle elementari e faceva solo piramidi e pensava addirittura che il padre fosse andato in missione sullo Stargate, un macchinario immaginario di cui, all&#8217;epoca, ne parlava un film\u00bb. Per il resto la nostalgia \u00e8 inevitabile che ci sia, \u00abma ci sentiamo sempre e quando torna l&#8217;emozione \u00e8 grande, senza parlare dell&#8217;orgoglio che proviamo tutti in famiglia di avere un marito e un pap\u00e0 che porta alto il nome dell&#8217;Italia\u00bb. E Triches aggiunge: \u00abanch&#8217;io, quando sono via, e alzo la cerniera del sacco a pelo \u00e8 come se li avessi tutti con me. Siamo lontani, ma vicini\u00bb. Federica Fant<\/p>","protected":false},"excerpt":{"rendered":"<p>Un tenente colonnello veterinario al servizio di 2500 uomini in Libano. \u00c8 appena tornato dalla missione Unifil il tenente colonnello Albino Triches. Unico veterinario del contingente italiano, l&#8217;ufficiale bellunese era partito ad agosto ed \u00e8 tornato la settimana scorsa. La moglie Anna Paola Sala e i due figli Martino e Francesco lo aspettavano per Natale, [&hellip;]<\/p>\n","protected":false},"author":2,"featured_media":0,"comment_status":"closed","ping_status":"open","sticky":false,"template":"","format":"standard","meta":{"footnotes":""},"categories":[49,26],"tags":[103,104],"class_list":["post-11915","post","type-post","status-publish","format-standard","category-speciali","category-prima-pagina","tag-albino-triches","tag-federica-fant"],"yoast_head":"<!-- This site is optimized with the Yoast SEO plugin v28.4 - https:\/\/yoast.com\/product\/yoast-seo-wordpress\/ -->\n<title>Dalle Alpi alle piramidi, le 12 missioni del veterinario in uniforme Albino Triches  - Bellunopress - Dolomiti<\/title>\n<meta name=\"robots\" content=\"index, follow, max-snippet:-1, max-image-preview:large, max-video-preview:-1\" \/>\n<link rel=\"canonical\" href=\"https:\/\/www.bellunopress.it\/fr\/2010\/01\/27\/dalle-alpi-alle-piramidi-le-12-missioni-del-veterinario-in-uniforme-albino-triches\/\" \/>\n<meta property=\"og:locale\" content=\"fr_FR\" \/>\n<meta property=\"og:type\" content=\"article\" \/>\n<meta property=\"og:title\" content=\"Dalle Alpi alle piramidi, le 12 missioni del veterinario in uniforme Albino Triches  - Bellunopress - Dolomiti\" \/>\n<meta property=\"og:description\" content=\"Un tenente colonnello veterinario al servizio di 2500 uomini in Libano. \u00c8 appena tornato dalla missione Unifil il tenente colonnello Albino Triches. Unico veterinario del contingente italiano, l&#8217;ufficiale bellunese era partito ad agosto ed \u00e8 tornato la settimana scorsa. La moglie Anna Paola Sala e i due figli Martino e Francesco lo aspettavano per Natale, [&hellip;]\" \/>\n<meta property=\"og:url\" content=\"https:\/\/www.bellunopress.it\/fr\/2010\/01\/27\/dalle-alpi-alle-piramidi-le-12-missioni-del-veterinario-in-uniforme-albino-triches\/\" \/>\n<meta property=\"og:site_name\" content=\"Bellunopress - Dolomiti\" \/>\n<meta property=\"article:publisher\" content=\"https:\/\/www.facebook.com\/profile.php?id=100008943462799\" \/>\n<meta property=\"article:published_time\" content=\"2010-01-27T21:47:55+00:00\" \/>\n<meta property=\"article:modified_time\" content=\"2010-02-16T21:07:46+00:00\" \/>\n<meta property=\"og:image\" content=\"http:\/\/www.bellunopress.it\/wp-content\/uploads\/2010\/01\/albino-triches.jpg\" \/>\n<meta name=\"author\" content=\"redazione\" \/>\n<meta name=\"twitter:card\" content=\"summary_large_image\" \/>\n<meta name=\"twitter:creator\" content=\"@bellunopress\" \/>\n<meta name=\"twitter:site\" content=\"@bellunopress\" \/>\n<meta name=\"twitter:label1\" content=\"Written by\" \/>\n\t<meta name=\"twitter:data1\" content=\"redazione\" \/>\n\t<meta name=\"twitter:label2\" content=\"Est. reading time\" \/>\n\t<meta name=\"twitter:data2\" content=\"4 minutes\" \/>\n<script type=\"application\/ld+json\" class=\"yoast-schema-graph\">{\"@context\":\"https:\\\/\\\/schema.org\",\"@graph\":[{\"@type\":\"Article\",\"@id\":\"https:\\\/\\\/www.bellunopress.it\\\/2010\\\/01\\\/27\\\/dalle-alpi-alle-piramidi-le-12-missioni-del-veterinario-in-uniforme-albino-triches\\\/#article\",\"isPartOf\":{\"@id\":\"https:\\\/\\\/www.bellunopress.it\\\/2010\\\/01\\\/27\\\/dalle-alpi-alle-piramidi-le-12-missioni-del-veterinario-in-uniforme-albino-triches\\\/\"},\"author\":{\"name\":\"redazione\",\"@id\":\"https:\\\/\\\/www.bellunopress.it\\\/#\\\/schema\\\/person\\\/79bb06722b37ece1c03d3e94beb30d73\"},\"headline\":\"Dalle Alpi alle piramidi, le 12 missioni del veterinario in uniforme Albino Triches\",\"datePublished\":\"2010-01-27T21:47:55+00:00\",\"dateModified\":\"2010-02-16T21:07:46+00:00\",\"mainEntityOfPage\":{\"@id\":\"https:\\\/\\\/www.bellunopress.it\\\/2010\\\/01\\\/27\\\/dalle-alpi-alle-piramidi-le-12-missioni-del-veterinario-in-uniforme-albino-triches\\\/\"},\"wordCount\":838,\"publisher\":{\"@id\":\"https:\\\/\\\/www.bellunopress.it\\\/#organization\"},\"image\":{\"@id\":\"https:\\\/\\\/www.bellunopress.it\\\/2010\\\/01\\\/27\\\/dalle-alpi-alle-piramidi-le-12-missioni-del-veterinario-in-uniforme-albino-triches\\\/#primaryimage\"},\"thumbnailUrl\":\"http:\\\/\\\/www.bellunopress.it\\\/wp-content\\\/uploads\\\/2010\\\/01\\\/albino-triches.jpg\",\"keywords\":[\"Albino Triches\",\"Federica Fant\"],\"articleSection\":[\"Gli speciali di Bellunopress\",\"Prima Pagina\"],\"inLanguage\":\"fr-FR\"},{\"@type\":\"WebPage\",\"@id\":\"https:\\\/\\\/www.bellunopress.it\\\/2010\\\/01\\\/27\\\/dalle-alpi-alle-piramidi-le-12-missioni-del-veterinario-in-uniforme-albino-triches\\\/\",\"url\":\"https:\\\/\\\/www.bellunopress.it\\\/2010\\\/01\\\/27\\\/dalle-alpi-alle-piramidi-le-12-missioni-del-veterinario-in-uniforme-albino-triches\\\/\",\"name\":\"Dalle Alpi alle piramidi, le 12 missioni del veterinario in uniforme Albino Triches - Bellunopress - Dolomiti\",\"isPartOf\":{\"@id\":\"https:\\\/\\\/www.bellunopress.it\\\/#website\"},\"primaryImageOfPage\":{\"@id\":\"https:\\\/\\\/www.bellunopress.it\\\/2010\\\/01\\\/27\\\/dalle-alpi-alle-piramidi-le-12-missioni-del-veterinario-in-uniforme-albino-triches\\\/#primaryimage\"},\"image\":{\"@id\":\"https:\\\/\\\/www.bellunopress.it\\\/2010\\\/01\\\/27\\\/dalle-alpi-alle-piramidi-le-12-missioni-del-veterinario-in-uniforme-albino-triches\\\/#primaryimage\"},\"thumbnailUrl\":\"http:\\\/\\\/www.bellunopress.it\\\/wp-content\\\/uploads\\\/2010\\\/01\\\/albino-triches.jpg\",\"datePublished\":\"2010-01-27T21:47:55+00:00\",\"dateModified\":\"2010-02-16T21:07:46+00:00\",\"breadcrumb\":{\"@id\":\"https:\\\/\\\/www.bellunopress.it\\\/2010\\\/01\\\/27\\\/dalle-alpi-alle-piramidi-le-12-missioni-del-veterinario-in-uniforme-albino-triches\\\/#breadcrumb\"},\"inLanguage\":\"fr-FR\",\"potentialAction\":[{\"@type\":\"ReadAction\",\"target\":[\"https:\\\/\\\/www.bellunopress.it\\\/2010\\\/01\\\/27\\\/dalle-alpi-alle-piramidi-le-12-missioni-del-veterinario-in-uniforme-albino-triches\\\/\"]}]},{\"@type\":\"ImageObject\",\"inLanguage\":\"fr-FR\",\"@id\":\"https:\\\/\\\/www.bellunopress.it\\\/2010\\\/01\\\/27\\\/dalle-alpi-alle-piramidi-le-12-missioni-del-veterinario-in-uniforme-albino-triches\\\/#primaryimage\",\"url\":\"http:\\\/\\\/www.bellunopress.it\\\/wp-content\\\/uploads\\\/2010\\\/01\\\/albino-triches.jpg\",\"contentUrl\":\"http:\\\/\\\/www.bellunopress.it\\\/wp-content\\\/uploads\\\/2010\\\/01\\\/albino-triches.jpg\"},{\"@type\":\"BreadcrumbList\",\"@id\":\"https:\\\/\\\/www.bellunopress.it\\\/2010\\\/01\\\/27\\\/dalle-alpi-alle-piramidi-le-12-missioni-del-veterinario-in-uniforme-albino-triches\\\/#breadcrumb\",\"itemListElement\":[{\"@type\":\"ListItem\",\"position\":1,\"name\":\"Home\",\"item\":\"https:\\\/\\\/www.bellunopress.it\\\/\"},{\"@type\":\"ListItem\",\"position\":2,\"name\":\"Dalle Alpi alle piramidi, le 12 missioni del veterinario in uniforme Albino Triches\"}]},{\"@type\":\"WebSite\",\"@id\":\"https:\\\/\\\/www.bellunopress.it\\\/#website\",\"url\":\"https:\\\/\\\/www.bellunopress.it\\\/\",\"name\":\"Bellunopress - Dolomiti\",\"description\":\"e-mail: redazione@bellunopress.it\",\"publisher\":{\"@id\":\"https:\\\/\\\/www.bellunopress.it\\\/#organization\"},\"potentialAction\":[{\"@type\":\"SearchAction\",\"target\":{\"@type\":\"EntryPoint\",\"urlTemplate\":\"https:\\\/\\\/www.bellunopress.it\\\/?s={search_term_string}\"},\"query-input\":{\"@type\":\"PropertyValueSpecification\",\"valueRequired\":true,\"valueName\":\"search_term_string\"}}],\"inLanguage\":\"fr-FR\"},{\"@type\":\"Organization\",\"@id\":\"https:\\\/\\\/www.bellunopress.it\\\/#organization\",\"name\":\"Bellunopress\",\"url\":\"https:\\\/\\\/www.bellunopress.it\\\/\",\"logo\":{\"@type\":\"ImageObject\",\"inLanguage\":\"fr-FR\",\"@id\":\"https:\\\/\\\/www.bellunopress.it\\\/#\\\/schema\\\/logo\\\/image\\\/\",\"url\":\"https:\\\/\\\/www.bellunopress.it\\\/wp-content\\\/uploads\\\/2011\\\/05\\\/cropped-logo-bellunopress-.jpg\",\"contentUrl\":\"https:\\\/\\\/www.bellunopress.it\\\/wp-content\\\/uploads\\\/2011\\\/05\\\/cropped-logo-bellunopress-.jpg\",\"width\":512,\"height\":512,\"caption\":\"Bellunopress\"},\"image\":{\"@id\":\"https:\\\/\\\/www.bellunopress.it\\\/#\\\/schema\\\/logo\\\/image\\\/\"},\"sameAs\":[\"https:\\\/\\\/www.facebook.com\\\/profile.php?id=100008943462799\",\"https:\\\/\\\/x.com\\\/bellunopress\",\"https:\\\/\\\/www.linkedin.com\\\/hp\\\/?dnr=JBzUWaJfMUw8vbXJJ2tVW5-I3jZKvC4wsoxE&amp;amp;amp;amp;amp;amp;trk=nav_responsive_tab_home\",\"https:\\\/\\\/www.youtube.com\\\/channel\\\/UCxL0wu1uN0_3_7hGG0306cw\"]},{\"@type\":\"Person\",\"@id\":\"https:\\\/\\\/www.bellunopress.it\\\/#\\\/schema\\\/person\\\/79bb06722b37ece1c03d3e94beb30d73\",\"name\":\"redazione\",\"image\":{\"@type\":\"ImageObject\",\"inLanguage\":\"fr-FR\",\"@id\":\"https:\\\/\\\/secure.gravatar.com\\\/avatar\\\/37d968a2e67a6fd04c169c4bdef102d0bc5d31b2546345219e348575eb80e9a0?s=96&d=mm&r=g\",\"url\":\"https:\\\/\\\/secure.gravatar.com\\\/avatar\\\/37d968a2e67a6fd04c169c4bdef102d0bc5d31b2546345219e348575eb80e9a0?s=96&d=mm&r=g\",\"contentUrl\":\"https:\\\/\\\/secure.gravatar.com\\\/avatar\\\/37d968a2e67a6fd04c169c4bdef102d0bc5d31b2546345219e348575eb80e9a0?s=96&d=mm&r=g\",\"caption\":\"redazione\"},\"sameAs\":[\"http:\\\/\\\/www.bellunopress.it\",\"https:\\\/\\\/x.com\\\/bellunopress\"],\"url\":\"https:\\\/\\\/www.bellunopress.it\\\/fr\\\/author\\\/redazione\\\/\"}]}<\/script>\n<!-- \/ Yoast SEO plugin. -->","yoast_head_json":{"title":"Dalle Alpi alle piramidi, le 12 missioni del veterinario in uniforme Albino Triches  - Bellunopress - Dolomiti","robots":{"index":"index","follow":"follow","max-snippet":"max-snippet:-1","max-image-preview":"max-image-preview:large","max-video-preview":"max-video-preview:-1"},"canonical":"https:\/\/www.bellunopress.it\/fr\/2010\/01\/27\/dalle-alpi-alle-piramidi-le-12-missioni-del-veterinario-in-uniforme-albino-triches\/","og_locale":"fr_FR","og_type":"article","og_title":"Dalle Alpi alle piramidi, le 12 missioni del veterinario in uniforme Albino Triches  - Bellunopress - Dolomiti","og_description":"Un tenente colonnello veterinario al servizio di 2500 uomini in Libano. \u00c8 appena tornato dalla missione Unifil il tenente colonnello Albino Triches. Unico veterinario del contingente italiano, l&#8217;ufficiale bellunese era partito ad agosto ed \u00e8 tornato la settimana scorsa. La moglie Anna Paola Sala e i due figli Martino e Francesco lo aspettavano per Natale, [&hellip;]","og_url":"https:\/\/www.bellunopress.it\/fr\/2010\/01\/27\/dalle-alpi-alle-piramidi-le-12-missioni-del-veterinario-in-uniforme-albino-triches\/","og_site_name":"Bellunopress - Dolomiti","article_publisher":"https:\/\/www.facebook.com\/profile.php?id=100008943462799","article_published_time":"2010-01-27T21:47:55+00:00","article_modified_time":"2010-02-16T21:07:46+00:00","og_image":[{"url":"http:\/\/www.bellunopress.it\/wp-content\/uploads\/2010\/01\/albino-triches.jpg","type":"","width":"","height":""}],"author":"redazione","twitter_card":"summary_large_image","twitter_creator":"@bellunopress","twitter_site":"@bellunopress","twitter_misc":{"Written by":"redazione","Est. reading time":"4 minutes"},"schema":{"@context":"https:\/\/schema.org","@graph":[{"@type":"Article","@id":"https:\/\/www.bellunopress.it\/2010\/01\/27\/dalle-alpi-alle-piramidi-le-12-missioni-del-veterinario-in-uniforme-albino-triches\/#article","isPartOf":{"@id":"https:\/\/www.bellunopress.it\/2010\/01\/27\/dalle-alpi-alle-piramidi-le-12-missioni-del-veterinario-in-uniforme-albino-triches\/"},"author":{"name":"redazione","@id":"https:\/\/www.bellunopress.it\/#\/schema\/person\/79bb06722b37ece1c03d3e94beb30d73"},"headline":"Dalle Alpi alle piramidi, le 12 missioni del veterinario in uniforme Albino Triches","datePublished":"2010-01-27T21:47:55+00:00","dateModified":"2010-02-16T21:07:46+00:00","mainEntityOfPage":{"@id":"https:\/\/www.bellunopress.it\/2010\/01\/27\/dalle-alpi-alle-piramidi-le-12-missioni-del-veterinario-in-uniforme-albino-triches\/"},"wordCount":838,"publisher":{"@id":"https:\/\/www.bellunopress.it\/#organization"},"image":{"@id":"https:\/\/www.bellunopress.it\/2010\/01\/27\/dalle-alpi-alle-piramidi-le-12-missioni-del-veterinario-in-uniforme-albino-triches\/#primaryimage"},"thumbnailUrl":"http:\/\/www.bellunopress.it\/wp-content\/uploads\/2010\/01\/albino-triches.jpg","keywords":["Albino Triches","Federica Fant"],"articleSection":["Gli speciali di Bellunopress","Prima Pagina"],"inLanguage":"fr-FR"},{"@type":"WebPage","@id":"https:\/\/www.bellunopress.it\/2010\/01\/27\/dalle-alpi-alle-piramidi-le-12-missioni-del-veterinario-in-uniforme-albino-triches\/","url":"https:\/\/www.bellunopress.it\/2010\/01\/27\/dalle-alpi-alle-piramidi-le-12-missioni-del-veterinario-in-uniforme-albino-triches\/","name":"Dalle Alpi alle piramidi, le 12 missioni del veterinario in uniforme Albino Triches - Bellunopress - Dolomiti","isPartOf":{"@id":"https:\/\/www.bellunopress.it\/#website"},"primaryImageOfPage":{"@id":"https:\/\/www.bellunopress.it\/2010\/01\/27\/dalle-alpi-alle-piramidi-le-12-missioni-del-veterinario-in-uniforme-albino-triches\/#primaryimage"},"image":{"@id":"https:\/\/www.bellunopress.it\/2010\/01\/27\/dalle-alpi-alle-piramidi-le-12-missioni-del-veterinario-in-uniforme-albino-triches\/#primaryimage"},"thumbnailUrl":"http:\/\/www.bellunopress.it\/wp-content\/uploads\/2010\/01\/albino-triches.jpg","datePublished":"2010-01-27T21:47:55+00:00","dateModified":"2010-02-16T21:07:46+00:00","breadcrumb":{"@id":"https:\/\/www.bellunopress.it\/2010\/01\/27\/dalle-alpi-alle-piramidi-le-12-missioni-del-veterinario-in-uniforme-albino-triches\/#breadcrumb"},"inLanguage":"fr-FR","potentialAction":[{"@type":"ReadAction","target":["https:\/\/www.bellunopress.it\/2010\/01\/27\/dalle-alpi-alle-piramidi-le-12-missioni-del-veterinario-in-uniforme-albino-triches\/"]}]},{"@type":"ImageObject","inLanguage":"fr-FR","@id":"https:\/\/www.bellunopress.it\/2010\/01\/27\/dalle-alpi-alle-piramidi-le-12-missioni-del-veterinario-in-uniforme-albino-triches\/#primaryimage","url":"http:\/\/www.bellunopress.it\/wp-content\/uploads\/2010\/01\/albino-triches.jpg","contentUrl":"http:\/\/www.bellunopress.it\/wp-content\/uploads\/2010\/01\/albino-triches.jpg"},{"@type":"BreadcrumbList","@id":"https:\/\/www.bellunopress.it\/2010\/01\/27\/dalle-alpi-alle-piramidi-le-12-missioni-del-veterinario-in-uniforme-albino-triches\/#breadcrumb","itemListElement":[{"@type":"ListItem","position":1,"name":"Home","item":"https:\/\/www.bellunopress.it\/"},{"@type":"ListItem","position":2,"name":"Dalle Alpi alle piramidi, le 12 missioni del veterinario in uniforme Albino Triches"}]},{"@type":"WebSite","@id":"https:\/\/www.bellunopress.it\/#website","url":"https:\/\/www.bellunopress.it\/","name":"Bellunopress - Dolomiti","description":"e-mail: redazione@bellunopress.it","publisher":{"@id":"https:\/\/www.bellunopress.it\/#organization"},"potentialAction":[{"@type":"SearchAction","target":{"@type":"EntryPoint","urlTemplate":"https:\/\/www.bellunopress.it\/?s={search_term_string}"},"query-input":{"@type":"PropertyValueSpecification","valueRequired":true,"valueName":"search_term_string"}}],"inLanguage":"fr-FR"},{"@type":"Organization","@id":"https:\/\/www.bellunopress.it\/#organization","name":"Bellunopress","url":"https:\/\/www.bellunopress.it\/","logo":{"@type":"ImageObject","inLanguage":"fr-FR","@id":"https:\/\/www.bellunopress.it\/#\/schema\/logo\/image\/","url":"https:\/\/www.bellunopress.it\/wp-content\/uploads\/2011\/05\/cropped-logo-bellunopress-.jpg","contentUrl":"https:\/\/www.bellunopress.it\/wp-content\/uploads\/2011\/05\/cropped-logo-bellunopress-.jpg","width":512,"height":512,"caption":"Bellunopress"},"image":{"@id":"https:\/\/www.bellunopress.it\/#\/schema\/logo\/image\/"},"sameAs":["https:\/\/www.facebook.com\/profile.php?id=100008943462799","https:\/\/x.com\/bellunopress","https:\/\/www.linkedin.com\/hp\/?dnr=JBzUWaJfMUw8vbXJJ2tVW5-I3jZKvC4wsoxE&amp;amp;amp;amp;amp;amp;trk=nav_responsive_tab_home","https:\/\/www.youtube.com\/channel\/UCxL0wu1uN0_3_7hGG0306cw"]},{"@type":"Person","@id":"https:\/\/www.bellunopress.it\/#\/schema\/person\/79bb06722b37ece1c03d3e94beb30d73","name":"r\u00e9daction","image":{"@type":"ImageObject","inLanguage":"fr-FR","@id":"https:\/\/secure.gravatar.com\/avatar\/37d968a2e67a6fd04c169c4bdef102d0bc5d31b2546345219e348575eb80e9a0?s=96&d=mm&r=g","url":"https:\/\/secure.gravatar.com\/avatar\/37d968a2e67a6fd04c169c4bdef102d0bc5d31b2546345219e348575eb80e9a0?s=96&d=mm&r=g","contentUrl":"https:\/\/secure.gravatar.com\/avatar\/37d968a2e67a6fd04c169c4bdef102d0bc5d31b2546345219e348575eb80e9a0?s=96&d=mm&r=g","caption":"redazione"},"sameAs":["http:\/\/www.bellunopress.it","https:\/\/x.com\/bellunopress"],"url":"https:\/\/www.bellunopress.it\/fr\/author\/redazione\/"}]}},"_links":{"self":[{"href":"https:\/\/www.bellunopress.it\/fr\/wp-json\/wp\/v2\/posts\/11915","targetHints":{"allow":["GET"]}}],"collection":[{"href":"https:\/\/www.bellunopress.it\/fr\/wp-json\/wp\/v2\/posts"}],"about":[{"href":"https:\/\/www.bellunopress.it\/fr\/wp-json\/wp\/v2\/types\/post"}],"author":[{"embeddable":true,"href":"https:\/\/www.bellunopress.it\/fr\/wp-json\/wp\/v2\/users\/2"}],"replies":[{"embeddable":true,"href":"https:\/\/www.bellunopress.it\/fr\/wp-json\/wp\/v2\/comments?post=11915"}],"version-history":[{"count":2,"href":"https:\/\/www.bellunopress.it\/fr\/wp-json\/wp\/v2\/posts\/11915\/revisions"}],"predecessor-version":[{"id":12608,"href":"https:\/\/www.bellunopress.it\/fr\/wp-json\/wp\/v2\/posts\/11915\/revisions\/12608"}],"wp:attachment":[{"href":"https:\/\/www.bellunopress.it\/fr\/wp-json\/wp\/v2\/media?parent=11915"}],"wp:term":[{"taxonomy":"category","embeddable":true,"href":"https:\/\/www.bellunopress.it\/fr\/wp-json\/wp\/v2\/categories?post=11915"},{"taxonomy":"post_tag","embeddable":true,"href":"https:\/\/www.bellunopress.it\/fr\/wp-json\/wp\/v2\/tags?post=11915"}],"curies":[{"name":"wp","href":"https:\/\/api.w.org\/{rel}","templated":true}]}}