{"id":11912,"date":"2010-01-27T20:15:43","date_gmt":"2010-01-27T19:15:43","guid":{"rendered":"http:\/\/www.bellunopress.it\/?p=11912"},"modified":"2010-01-28T16:32:02","modified_gmt":"2010-01-28T15:32:02","slug":"il-veneto-mette-il-podio-nel-mirino-sabato-e-domenica-i-campionati-giovanili-di-biathlon-a-padola","status":"publish","type":"post","link":"https:\/\/www.bellunopress.it\/fr\/2010\/01\/27\/il-veneto-mette-il-podio-nel-mirino-sabato-e-domenica-i-campionati-giovanili-di-biathlon-a-padola\/","title":{"rendered":"Il Veneto mette il podio nel mirino: sabato e domenica i campionati giovanili di biathlon a Padola"},"content":{"rendered":"<p><a href=\"http:\/\/www.bellunopress.it\/wp-content\/uploads\/2010\/01\/elia-buzzo-biathlon.jpg\"><img loading=\"lazy\" decoding=\"async\" class=\"alignleft size-medium wp-image-11913\" title=\"elia-buzzo-biathlon\" src=\"http:\/\/www.bellunopress.it\/wp-content\/uploads\/2010\/01\/elia-buzzo-biathlon.jpg\" alt=\"\" width=\"270\" height=\"203\" \/><\/a>Sabato 30 e domenica 31 si terranno i Campionati italiani giovanili di biathlon a Padola di Comelico Superiore (Belluno) organizzati dall&#8217;Unione Sportiva Valpadola. Il presidente Nicola De Martin e i suoi collaboratori stanno mettendo a punto gli ultimi dettagli in vista dell\u2019appuntamento che porter\u00e0 nella localit\u00e0 bellunese oltre 200 atleti delle categorie Ragazzi e Allievi che sabato si confronteranno nella gara \u201csprint\u201d e domenica\u00a0 nella gara a \u201cinseguimento\u201d.\u00a0 La manifestazione, valida per il Trofeo \u201cRegola di Padola, vedr\u00e0 al via numerosi atleti veneti: in primis i padroni di casa del Valpadola, che negli anni passati sono stati capaci di vincere due titoli nazionali Ragazzi (con Arianna De Martin nella stagione 2006-2007 e con Marcello De Martin nella stagione 2008-2009) per poi proseguire con le altre societ\u00e0 della regione che praticano il biathlon: Sci nordico Marmolada, Sci club Valzoldana e sci club Val Fiorentina. \u00abLuned\u00ec abbiamo allestito il poligono al centro del fondo di Padola \u2013 spiega Mario Del Puppo, responsabile del settore biathlon del Comitato Veneto Fisi \u2013 La speranza \u00e8 che, con l\u2019aiuto di istituzioni e amministrazioni, da questa struttura provvisoria, che ci servir\u00e0 per il fine settimana dei Tricolori, nel giro di poco tempo si possa passare a una struttura fissa. Ci\u00f2 permetterebbe innanzitutto ai nostri ragazzi di potersi allenare regolarmente e, dunque, di fare un salto di qualit\u00e0. Permetterebbe, in secondo luogo, di organizzare stabilmente della manifestazioni di biathlon, con conseguente beneficio per la visibilit\u00e0 di Padola e di uno sport che \u00e8 in grande espansione in tutta Europa. Per quanto riguarda i ragazzi veneti \u2013 dice ancora Del Puppo \u2013 le possibilit\u00e0 di conquistare qualche podio ci sono tutte: lo dimostrano le prestazioni ottenute in passato e quanto di buono \u00e8 stato fatto in questa prima parte di stagione\u00bb. (nella foto Elia Buzzo)<\/p>\n<p>Saranno 11 gli atleti bellunesi che\u00a0parteciperanno ai Campionati italiani Allievi\/Ragazzi di biathlon, manifestazione proposta, a Padola di Comelico Superiore (Belluno) dall\u2019Unione sportiva Valpadola.<\/p>\n<p>I BELLUNESI &#8211; Categoria Ragazze: Chiara De Zolt Ponte (1998, Unione sportiva Valpadola), Anita Baldissarutti (1998, Unione sportiva Valpadola), Chiara Panciera (1998, Sci club Valzoldana), Maura Vallazza (1998, Sci club Valzoldana). Categoria Ragazzi: Marcello De Martin Bianco (1997, Unione sportiva Valpadola), Leonardo Dall\u2019Acqua (1997, Sci club Val Fiorentina). Categoria Allievi: Francesco Fontana Hoffer (1995, Unione sportiva Valpadola), Michele De Bettin (1995, Unione sportiva Valpadola), Francesco Fuso (1995, Unione sportiva Valpadola), Elia Buzzo (1996, Unione sportiva Valpadola), Marco Di Sopra (1996, Unione sportiva Valadola).<\/p>\n<p>LA STORIA &#8211; Il movimento bellunese si presenta al via con grandi ambizioni e forte di una storia che, seppur breve, \u00e8 di tutto rispetto. Dopo due brevi parentesi, negli anni Ottanta a Danta di Cadore e tra anni Novanta e Duemila a Falcade, il biathlon bellunese ha cominciato a strutturarsi nella stagione agonistica 2005\/06, grazie alla realizzazione di un campo di tiro per le carabine ad aria compressa a Padola di Comelico Superiore. L\u2019iniziativa, voluta dal presidente della Fisi del Veneto, Roberto Bortoluzzi, e nata dalla collaborazione dell\u2019Unione sportiva Valpadola e di diversi tecnici, coordinati da Mario Del Puppo, ha saputo dare vita a un solido gruppo di atleti, capaci di raggiungere risultati importanti nel giro di poco tempo. Al nucleo originario dell\u2019Unione sportiva Valpadola, a partire dall\u2019estate del 2007 si sono aggiunti tre altri sodalizi: Sci nordico Marmolada, Sci club Val Fiorentina, Sci club Valzoldana.<br \/>\nDi seguito, in sintesi, i principali risultati ottenuti.<br \/>\nNella stagione 2006-2007: titolo tricolore nella categoria Ragazze ai Campionati italiani di Forni Avoltri (Udine) grazie ad Arianna De Martin (Unione sportiva Valpadola); medaglia di bronzo ai Campionati italiani Allieve di Val Martello (Bolzano) con la staffetta composta da Marlene De Martin, Cristina Fontana Hoffer e Yasmin Pocchiesa (tutte e tre dell\u2019Unione sportiva Valpadola).<br \/>\nNella stagione 2007-2008:\u00a0 ai Campionati italiani di Chiusa Pesio (Cuneo) titolo italiano Allievi e 2 medaglie d\u2019argento con Federico Dell\u2019Antone (Sci nordico Marmolada); argento nella staffetta Allievi composta da Michele De Bettin (Valpadola), Giuseppe Panciera (Valzoldana) e Federico Dell\u2019Antone (Marmolada); argento nella categoria Ragazzi con Marco Di Sopra (Valpadola).<br \/>\nNella stagione 2008-2009: titolo tricolore ai Campionati italiani Ragazzi di Forni Avoltri con Marcello De Martin Bianco (Valpadola); ai Campionati italiani di Val Ridanna (Bolzano) 1 argento con Michele De Bettin (Valpadola) e 1 bronzo con Francesco Fontana Hoffer (Valpadola) tra gli Allievi; 1 argento con Elia Buzzo (Valpadola) nella categoria Ragazzi; 1 bronzo ai Campionati italiani Allievi di Forni Avoltri con la staffetta composta da Francesco Fontana Hoffer, Francesco Fuso e Michele De Bettin (tutti e tre del Valpadola).<\/p>\n<p>LA PARTECIPAZIONE &#8211; Complessivamente, gli atleti che si confronteranno nelle due giornate di gara saranno oltre 150. la rappresentativa pi\u00f9 importante, una vera e propria \u201ccorazzata\u201d, \u00e8 quella dell\u2019Alto Adige, terra di grandissima tradizione nel biathlon, che schierer\u00e0 oltre 50 concorrenti.<\/p>\n<p>IL PROGRAMMA &#8211; I Campionati italiani Allievi\/Ragazzi di Padola, organizzati dall\u2019Unione sportiva Valpadola in collaborazione con Fisi Veneto, Comelico Nordic Ski, Consorzio Val Comelico, Comune di Padola, Sci nordico Marmolada, Sci club Valzoldana, Sci club Val Fiorentina e Associazione sportiva Monte Coglians, prenderanno il via domani con gli allenamenti ufficiali, previsti dalle 9 alle 15. Sabato la prima giornata di gare, dedicata alla specialit\u00e0 \u201cSprint\u201d. Il via al primo concorrente \u00e8 previsto per le 10, mentre le premiazioni si svolgeranno a partire dalle 18 l campo gara illuminato. Domenica, sempre con inizio alle 10, la giornata sar\u00e0 dedicata alla specialit\u00e0 \u201cInseguimento\u201d, mentre le premiazioni si svolgeranno alle 14 sul campo di gara.<\/p>","protected":false},"excerpt":{"rendered":"<p>Sabato 30 e domenica 31 si terranno i Campionati italiani giovanili di biathlon a Padola di Comelico Superiore (Belluno) organizzati dall&#8217;Unione Sportiva Valpadola. Il presidente Nicola De Martin e i suoi collaboratori stanno mettendo a punto gli ultimi dettagli in vista dell\u2019appuntamento che porter\u00e0 nella localit\u00e0 bellunese oltre 200 atleti delle categorie Ragazzi e Allievi [&hellip;]<\/p>\n","protected":false},"author":2,"featured_media":0,"comment_status":"closed","ping_status":"open","sticky":false,"template":"","format":"standard","meta":{"footnotes":""},"categories":[25,4],"tags":[139,151],"class_list":["post-11912","post","type-post","status-publish","format-standard","category-pausa-caffe","category-sport","tag-belluno","tag-cadore"],"yoast_head":"<!-- This site is optimized with the Yoast SEO plugin v28.4 - https:\/\/yoast.com\/product\/yoast-seo-wordpress\/ -->\n<title>Il Veneto mette il podio nel mirino: sabato e domenica i campionati giovanili di biathlon a Padola  - Bellunopress - Dolomiti<\/title>\n<meta name=\"robots\" content=\"index, follow, max-snippet:-1, max-image-preview:large, max-video-preview:-1\" \/>\n<link rel=\"canonical\" href=\"https:\/\/www.bellunopress.it\/fr\/2010\/01\/27\/il-veneto-mette-il-podio-nel-mirino-sabato-e-domenica-i-campionati-giovanili-di-biathlon-a-padola\/\" \/>\n<meta property=\"og:locale\" content=\"fr_FR\" \/>\n<meta property=\"og:type\" content=\"article\" \/>\n<meta property=\"og:title\" content=\"Il Veneto mette il podio nel mirino: sabato e domenica i campionati giovanili di biathlon a Padola  - Bellunopress - Dolomiti\" \/>\n<meta property=\"og:description\" content=\"Sabato 30 e domenica 31 si terranno i Campionati italiani giovanili di biathlon a Padola di Comelico Superiore (Belluno) organizzati dall&#8217;Unione Sportiva Valpadola. Il presidente Nicola De Martin e i suoi collaboratori stanno mettendo a punto gli ultimi dettagli in vista dell\u2019appuntamento che porter\u00e0 nella localit\u00e0 bellunese oltre 200 atleti delle categorie Ragazzi e Allievi [&hellip;]\" \/>\n<meta property=\"og:url\" content=\"https:\/\/www.bellunopress.it\/fr\/2010\/01\/27\/il-veneto-mette-il-podio-nel-mirino-sabato-e-domenica-i-campionati-giovanili-di-biathlon-a-padola\/\" \/>\n<meta property=\"og:site_name\" content=\"Bellunopress - Dolomiti\" \/>\n<meta property=\"article:publisher\" content=\"https:\/\/www.facebook.com\/profile.php?id=100008943462799\" \/>\n<meta property=\"article:published_time\" content=\"2010-01-27T19:15:43+00:00\" \/>\n<meta property=\"article:modified_time\" content=\"2010-01-28T15:32:02+00:00\" \/>\n<meta property=\"og:image\" content=\"http:\/\/www.bellunopress.it\/wp-content\/uploads\/2010\/01\/elia-buzzo-biathlon.jpg\" \/>\n<meta name=\"author\" content=\"redazione\" \/>\n<meta name=\"twitter:card\" content=\"summary_large_image\" \/>\n<meta name=\"twitter:creator\" content=\"@bellunopress\" \/>\n<meta name=\"twitter:site\" content=\"@bellunopress\" \/>\n<meta name=\"twitter:label1\" content=\"\u00c9crit par\" \/>\n\t<meta name=\"twitter:data1\" content=\"redazione\" \/>\n\t<meta name=\"twitter:label2\" content=\"Dur\u00e9e de lecture estim\u00e9e\" \/>\n\t<meta name=\"twitter:data2\" content=\"4 minutes\" \/>\n<script type=\"application\/ld+json\" class=\"yoast-schema-graph\">{\"@context\":\"https:\\\/\\\/schema.org\",\"@graph\":[{\"@type\":\"Article\",\"@id\":\"https:\\\/\\\/www.bellunopress.it\\\/2010\\\/01\\\/27\\\/il-veneto-mette-il-podio-nel-mirino-sabato-e-domenica-i-campionati-giovanili-di-biathlon-a-padola\\\/#article\",\"isPartOf\":{\"@id\":\"https:\\\/\\\/www.bellunopress.it\\\/2010\\\/01\\\/27\\\/il-veneto-mette-il-podio-nel-mirino-sabato-e-domenica-i-campionati-giovanili-di-biathlon-a-padola\\\/\"},\"author\":{\"name\":\"redazione\",\"@id\":\"https:\\\/\\\/www.bellunopress.it\\\/#\\\/schema\\\/person\\\/79bb06722b37ece1c03d3e94beb30d73\"},\"headline\":\"Il Veneto mette il podio nel mirino: sabato e domenica i campionati giovanili di biathlon a Padola\",\"datePublished\":\"2010-01-27T19:15:43+00:00\",\"dateModified\":\"2010-01-28T15:32:02+00:00\",\"mainEntityOfPage\":{\"@id\":\"https:\\\/\\\/www.bellunopress.it\\\/2010\\\/01\\\/27\\\/il-veneto-mette-il-podio-nel-mirino-sabato-e-domenica-i-campionati-giovanili-di-biathlon-a-padola\\\/\"},\"wordCount\":889,\"publisher\":{\"@id\":\"https:\\\/\\\/www.bellunopress.it\\\/#organization\"},\"image\":{\"@id\":\"https:\\\/\\\/www.bellunopress.it\\\/2010\\\/01\\\/27\\\/il-veneto-mette-il-podio-nel-mirino-sabato-e-domenica-i-campionati-giovanili-di-biathlon-a-padola\\\/#primaryimage\"},\"thumbnailUrl\":\"http:\\\/\\\/www.bellunopress.it\\\/wp-content\\\/uploads\\\/2010\\\/01\\\/elia-buzzo-biathlon.jpg\",\"keywords\":[\"Belluno\",\"Cadore\"],\"articleSection\":[\"Pausa Caff\u00e8\",\"Sport, tempo libero\"],\"inLanguage\":\"fr-FR\"},{\"@type\":\"WebPage\",\"@id\":\"https:\\\/\\\/www.bellunopress.it\\\/2010\\\/01\\\/27\\\/il-veneto-mette-il-podio-nel-mirino-sabato-e-domenica-i-campionati-giovanili-di-biathlon-a-padola\\\/\",\"url\":\"https:\\\/\\\/www.bellunopress.it\\\/2010\\\/01\\\/27\\\/il-veneto-mette-il-podio-nel-mirino-sabato-e-domenica-i-campionati-giovanili-di-biathlon-a-padola\\\/\",\"name\":\"Il Veneto mette il podio nel mirino: sabato e domenica i campionati giovanili di biathlon a Padola - Bellunopress - Dolomiti\",\"isPartOf\":{\"@id\":\"https:\\\/\\\/www.bellunopress.it\\\/#website\"},\"primaryImageOfPage\":{\"@id\":\"https:\\\/\\\/www.bellunopress.it\\\/2010\\\/01\\\/27\\\/il-veneto-mette-il-podio-nel-mirino-sabato-e-domenica-i-campionati-giovanili-di-biathlon-a-padola\\\/#primaryimage\"},\"image\":{\"@id\":\"https:\\\/\\\/www.bellunopress.it\\\/2010\\\/01\\\/27\\\/il-veneto-mette-il-podio-nel-mirino-sabato-e-domenica-i-campionati-giovanili-di-biathlon-a-padola\\\/#primaryimage\"},\"thumbnailUrl\":\"http:\\\/\\\/www.bellunopress.it\\\/wp-content\\\/uploads\\\/2010\\\/01\\\/elia-buzzo-biathlon.jpg\",\"datePublished\":\"2010-01-27T19:15:43+00:00\",\"dateModified\":\"2010-01-28T15:32:02+00:00\",\"breadcrumb\":{\"@id\":\"https:\\\/\\\/www.bellunopress.it\\\/2010\\\/01\\\/27\\\/il-veneto-mette-il-podio-nel-mirino-sabato-e-domenica-i-campionati-giovanili-di-biathlon-a-padola\\\/#breadcrumb\"},\"inLanguage\":\"fr-FR\",\"potentialAction\":[{\"@type\":\"ReadAction\",\"target\":[\"https:\\\/\\\/www.bellunopress.it\\\/2010\\\/01\\\/27\\\/il-veneto-mette-il-podio-nel-mirino-sabato-e-domenica-i-campionati-giovanili-di-biathlon-a-padola\\\/\"]}]},{\"@type\":\"ImageObject\",\"inLanguage\":\"fr-FR\",\"@id\":\"https:\\\/\\\/www.bellunopress.it\\\/2010\\\/01\\\/27\\\/il-veneto-mette-il-podio-nel-mirino-sabato-e-domenica-i-campionati-giovanili-di-biathlon-a-padola\\\/#primaryimage\",\"url\":\"http:\\\/\\\/www.bellunopress.it\\\/wp-content\\\/uploads\\\/2010\\\/01\\\/elia-buzzo-biathlon.jpg\",\"contentUrl\":\"http:\\\/\\\/www.bellunopress.it\\\/wp-content\\\/uploads\\\/2010\\\/01\\\/elia-buzzo-biathlon.jpg\"},{\"@type\":\"BreadcrumbList\",\"@id\":\"https:\\\/\\\/www.bellunopress.it\\\/2010\\\/01\\\/27\\\/il-veneto-mette-il-podio-nel-mirino-sabato-e-domenica-i-campionati-giovanili-di-biathlon-a-padola\\\/#breadcrumb\",\"itemListElement\":[{\"@type\":\"ListItem\",\"position\":1,\"name\":\"Home\",\"item\":\"https:\\\/\\\/www.bellunopress.it\\\/\"},{\"@type\":\"ListItem\",\"position\":2,\"name\":\"Il Veneto mette il podio nel mirino: sabato e domenica i campionati giovanili di biathlon a Padola\"}]},{\"@type\":\"WebSite\",\"@id\":\"https:\\\/\\\/www.bellunopress.it\\\/#website\",\"url\":\"https:\\\/\\\/www.bellunopress.it\\\/\",\"name\":\"Bellunopress - Dolomiti\",\"description\":\"e-mail: redazione@bellunopress.it\",\"publisher\":{\"@id\":\"https:\\\/\\\/www.bellunopress.it\\\/#organization\"},\"potentialAction\":[{\"@type\":\"SearchAction\",\"target\":{\"@type\":\"EntryPoint\",\"urlTemplate\":\"https:\\\/\\\/www.bellunopress.it\\\/?s={search_term_string}\"},\"query-input\":{\"@type\":\"PropertyValueSpecification\",\"valueRequired\":true,\"valueName\":\"search_term_string\"}}],\"inLanguage\":\"fr-FR\"},{\"@type\":\"Organization\",\"@id\":\"https:\\\/\\\/www.bellunopress.it\\\/#organization\",\"name\":\"Bellunopress\",\"url\":\"https:\\\/\\\/www.bellunopress.it\\\/\",\"logo\":{\"@type\":\"ImageObject\",\"inLanguage\":\"fr-FR\",\"@id\":\"https:\\\/\\\/www.bellunopress.it\\\/#\\\/schema\\\/logo\\\/image\\\/\",\"url\":\"https:\\\/\\\/www.bellunopress.it\\\/wp-content\\\/uploads\\\/2011\\\/05\\\/cropped-logo-bellunopress-.jpg\",\"contentUrl\":\"https:\\\/\\\/www.bellunopress.it\\\/wp-content\\\/uploads\\\/2011\\\/05\\\/cropped-logo-bellunopress-.jpg\",\"width\":512,\"height\":512,\"caption\":\"Bellunopress\"},\"image\":{\"@id\":\"https:\\\/\\\/www.bellunopress.it\\\/#\\\/schema\\\/logo\\\/image\\\/\"},\"sameAs\":[\"https:\\\/\\\/www.facebook.com\\\/profile.php?id=100008943462799\",\"https:\\\/\\\/x.com\\\/bellunopress\",\"https:\\\/\\\/www.linkedin.com\\\/hp\\\/?dnr=JBzUWaJfMUw8vbXJJ2tVW5-I3jZKvC4wsoxE&amp;amp;amp;amp;amp;amp;trk=nav_responsive_tab_home\",\"https:\\\/\\\/www.youtube.com\\\/channel\\\/UCxL0wu1uN0_3_7hGG0306cw\"]},{\"@type\":\"Person\",\"@id\":\"https:\\\/\\\/www.bellunopress.it\\\/#\\\/schema\\\/person\\\/79bb06722b37ece1c03d3e94beb30d73\",\"name\":\"redazione\",\"image\":{\"@type\":\"ImageObject\",\"inLanguage\":\"fr-FR\",\"@id\":\"https:\\\/\\\/secure.gravatar.com\\\/avatar\\\/37d968a2e67a6fd04c169c4bdef102d0bc5d31b2546345219e348575eb80e9a0?s=96&d=mm&r=g\",\"url\":\"https:\\\/\\\/secure.gravatar.com\\\/avatar\\\/37d968a2e67a6fd04c169c4bdef102d0bc5d31b2546345219e348575eb80e9a0?s=96&d=mm&r=g\",\"contentUrl\":\"https:\\\/\\\/secure.gravatar.com\\\/avatar\\\/37d968a2e67a6fd04c169c4bdef102d0bc5d31b2546345219e348575eb80e9a0?s=96&d=mm&r=g\",\"caption\":\"redazione\"},\"sameAs\":[\"http:\\\/\\\/www.bellunopress.it\",\"https:\\\/\\\/x.com\\\/bellunopress\"],\"url\":\"https:\\\/\\\/www.bellunopress.it\\\/fr\\\/author\\\/redazione\\\/\"}]}<\/script>\n<!-- \/ Yoast SEO plugin. -->","yoast_head_json":{"title":"Il Veneto mette il podio nel mirino: sabato e domenica i campionati giovanili di biathlon a Padola  - Bellunopress - Dolomiti","robots":{"index":"index","follow":"follow","max-snippet":"max-snippet:-1","max-image-preview":"max-image-preview:large","max-video-preview":"max-video-preview:-1"},"canonical":"https:\/\/www.bellunopress.it\/fr\/2010\/01\/27\/il-veneto-mette-il-podio-nel-mirino-sabato-e-domenica-i-campionati-giovanili-di-biathlon-a-padola\/","og_locale":"fr_FR","og_type":"article","og_title":"Il Veneto mette il podio nel mirino: sabato e domenica i campionati giovanili di biathlon a Padola  - Bellunopress - Dolomiti","og_description":"Sabato 30 e domenica 31 si terranno i Campionati italiani giovanili di biathlon a Padola di Comelico Superiore (Belluno) organizzati dall&#8217;Unione Sportiva Valpadola. Il presidente Nicola De Martin e i suoi collaboratori stanno mettendo a punto gli ultimi dettagli in vista dell\u2019appuntamento che porter\u00e0 nella localit\u00e0 bellunese oltre 200 atleti delle categorie Ragazzi e Allievi [&hellip;]","og_url":"https:\/\/www.bellunopress.it\/fr\/2010\/01\/27\/il-veneto-mette-il-podio-nel-mirino-sabato-e-domenica-i-campionati-giovanili-di-biathlon-a-padola\/","og_site_name":"Bellunopress - Dolomiti","article_publisher":"https:\/\/www.facebook.com\/profile.php?id=100008943462799","article_published_time":"2010-01-27T19:15:43+00:00","article_modified_time":"2010-01-28T15:32:02+00:00","og_image":[{"url":"http:\/\/www.bellunopress.it\/wp-content\/uploads\/2010\/01\/elia-buzzo-biathlon.jpg","type":"","width":"","height":""}],"author":"redazione","twitter_card":"summary_large_image","twitter_creator":"@bellunopress","twitter_site":"@bellunopress","twitter_misc":{"\u00c9crit par":"redazione","Dur\u00e9e de lecture estim\u00e9e":"4 minutes"},"schema":{"@context":"https:\/\/schema.org","@graph":[{"@type":"Article","@id":"https:\/\/www.bellunopress.it\/2010\/01\/27\/il-veneto-mette-il-podio-nel-mirino-sabato-e-domenica-i-campionati-giovanili-di-biathlon-a-padola\/#article","isPartOf":{"@id":"https:\/\/www.bellunopress.it\/2010\/01\/27\/il-veneto-mette-il-podio-nel-mirino-sabato-e-domenica-i-campionati-giovanili-di-biathlon-a-padola\/"},"author":{"name":"redazione","@id":"https:\/\/www.bellunopress.it\/#\/schema\/person\/79bb06722b37ece1c03d3e94beb30d73"},"headline":"Il Veneto mette il podio nel mirino: sabato e domenica i campionati giovanili di biathlon a Padola","datePublished":"2010-01-27T19:15:43+00:00","dateModified":"2010-01-28T15:32:02+00:00","mainEntityOfPage":{"@id":"https:\/\/www.bellunopress.it\/2010\/01\/27\/il-veneto-mette-il-podio-nel-mirino-sabato-e-domenica-i-campionati-giovanili-di-biathlon-a-padola\/"},"wordCount":889,"publisher":{"@id":"https:\/\/www.bellunopress.it\/#organization"},"image":{"@id":"https:\/\/www.bellunopress.it\/2010\/01\/27\/il-veneto-mette-il-podio-nel-mirino-sabato-e-domenica-i-campionati-giovanili-di-biathlon-a-padola\/#primaryimage"},"thumbnailUrl":"http:\/\/www.bellunopress.it\/wp-content\/uploads\/2010\/01\/elia-buzzo-biathlon.jpg","keywords":["Belluno","Cadore"],"articleSection":["Pausa Caff\u00e8","Sport, tempo libero"],"inLanguage":"fr-FR"},{"@type":"WebPage","@id":"https:\/\/www.bellunopress.it\/2010\/01\/27\/il-veneto-mette-il-podio-nel-mirino-sabato-e-domenica-i-campionati-giovanili-di-biathlon-a-padola\/","url":"https:\/\/www.bellunopress.it\/2010\/01\/27\/il-veneto-mette-il-podio-nel-mirino-sabato-e-domenica-i-campionati-giovanili-di-biathlon-a-padola\/","name":"Il Veneto mette il podio nel mirino: sabato e domenica i campionati giovanili di biathlon a Padola - Bellunopress - Dolomiti","isPartOf":{"@id":"https:\/\/www.bellunopress.it\/#website"},"primaryImageOfPage":{"@id":"https:\/\/www.bellunopress.it\/2010\/01\/27\/il-veneto-mette-il-podio-nel-mirino-sabato-e-domenica-i-campionati-giovanili-di-biathlon-a-padola\/#primaryimage"},"image":{"@id":"https:\/\/www.bellunopress.it\/2010\/01\/27\/il-veneto-mette-il-podio-nel-mirino-sabato-e-domenica-i-campionati-giovanili-di-biathlon-a-padola\/#primaryimage"},"thumbnailUrl":"http:\/\/www.bellunopress.it\/wp-content\/uploads\/2010\/01\/elia-buzzo-biathlon.jpg","datePublished":"2010-01-27T19:15:43+00:00","dateModified":"2010-01-28T15:32:02+00:00","breadcrumb":{"@id":"https:\/\/www.bellunopress.it\/2010\/01\/27\/il-veneto-mette-il-podio-nel-mirino-sabato-e-domenica-i-campionati-giovanili-di-biathlon-a-padola\/#breadcrumb"},"inLanguage":"fr-FR","potentialAction":[{"@type":"ReadAction","target":["https:\/\/www.bellunopress.it\/2010\/01\/27\/il-veneto-mette-il-podio-nel-mirino-sabato-e-domenica-i-campionati-giovanili-di-biathlon-a-padola\/"]}]},{"@type":"ImageObject","inLanguage":"fr-FR","@id":"https:\/\/www.bellunopress.it\/2010\/01\/27\/il-veneto-mette-il-podio-nel-mirino-sabato-e-domenica-i-campionati-giovanili-di-biathlon-a-padola\/#primaryimage","url":"http:\/\/www.bellunopress.it\/wp-content\/uploads\/2010\/01\/elia-buzzo-biathlon.jpg","contentUrl":"http:\/\/www.bellunopress.it\/wp-content\/uploads\/2010\/01\/elia-buzzo-biathlon.jpg"},{"@type":"BreadcrumbList","@id":"https:\/\/www.bellunopress.it\/2010\/01\/27\/il-veneto-mette-il-podio-nel-mirino-sabato-e-domenica-i-campionati-giovanili-di-biathlon-a-padola\/#breadcrumb","itemListElement":[{"@type":"ListItem","position":1,"name":"Home","item":"https:\/\/www.bellunopress.it\/"},{"@type":"ListItem","position":2,"name":"Il Veneto mette il podio nel mirino: sabato e domenica i campionati giovanili di biathlon a Padola"}]},{"@type":"WebSite","@id":"https:\/\/www.bellunopress.it\/#website","url":"https:\/\/www.bellunopress.it\/","name":"Bellunopress - Dolomiti","description":"e-mail: redazione@bellunopress.it","publisher":{"@id":"https:\/\/www.bellunopress.it\/#organization"},"potentialAction":[{"@type":"SearchAction","target":{"@type":"EntryPoint","urlTemplate":"https:\/\/www.bellunopress.it\/?s={search_term_string}"},"query-input":{"@type":"PropertyValueSpecification","valueRequired":true,"valueName":"search_term_string"}}],"inLanguage":"fr-FR"},{"@type":"Organization","@id":"https:\/\/www.bellunopress.it\/#organization","name":"Bellunopress","url":"https:\/\/www.bellunopress.it\/","logo":{"@type":"ImageObject","inLanguage":"fr-FR","@id":"https:\/\/www.bellunopress.it\/#\/schema\/logo\/image\/","url":"https:\/\/www.bellunopress.it\/wp-content\/uploads\/2011\/05\/cropped-logo-bellunopress-.jpg","contentUrl":"https:\/\/www.bellunopress.it\/wp-content\/uploads\/2011\/05\/cropped-logo-bellunopress-.jpg","width":512,"height":512,"caption":"Bellunopress"},"image":{"@id":"https:\/\/www.bellunopress.it\/#\/schema\/logo\/image\/"},"sameAs":["https:\/\/www.facebook.com\/profile.php?id=100008943462799","https:\/\/x.com\/bellunopress","https:\/\/www.linkedin.com\/hp\/?dnr=JBzUWaJfMUw8vbXJJ2tVW5-I3jZKvC4wsoxE&amp;amp;amp;amp;amp;amp;trk=nav_responsive_tab_home","https:\/\/www.youtube.com\/channel\/UCxL0wu1uN0_3_7hGG0306cw"]},{"@type":"Person","@id":"https:\/\/www.bellunopress.it\/#\/schema\/person\/79bb06722b37ece1c03d3e94beb30d73","name":"r\u00e9daction","image":{"@type":"ImageObject","inLanguage":"fr-FR","@id":"https:\/\/secure.gravatar.com\/avatar\/37d968a2e67a6fd04c169c4bdef102d0bc5d31b2546345219e348575eb80e9a0?s=96&d=mm&r=g","url":"https:\/\/secure.gravatar.com\/avatar\/37d968a2e67a6fd04c169c4bdef102d0bc5d31b2546345219e348575eb80e9a0?s=96&d=mm&r=g","contentUrl":"https:\/\/secure.gravatar.com\/avatar\/37d968a2e67a6fd04c169c4bdef102d0bc5d31b2546345219e348575eb80e9a0?s=96&d=mm&r=g","caption":"redazione"},"sameAs":["http:\/\/www.bellunopress.it","https:\/\/x.com\/bellunopress"],"url":"https:\/\/www.bellunopress.it\/fr\/author\/redazione\/"}]}},"_links":{"self":[{"href":"https:\/\/www.bellunopress.it\/fr\/wp-json\/wp\/v2\/posts\/11912","targetHints":{"allow":["GET"]}}],"collection":[{"href":"https:\/\/www.bellunopress.it\/fr\/wp-json\/wp\/v2\/posts"}],"about":[{"href":"https:\/\/www.bellunopress.it\/fr\/wp-json\/wp\/v2\/types\/post"}],"author":[{"embeddable":true,"href":"https:\/\/www.bellunopress.it\/fr\/wp-json\/wp\/v2\/users\/2"}],"replies":[{"embeddable":true,"href":"https:\/\/www.bellunopress.it\/fr\/wp-json\/wp\/v2\/comments?post=11912"}],"version-history":[{"count":3,"href":"https:\/\/www.bellunopress.it\/fr\/wp-json\/wp\/v2\/posts\/11912\/revisions"}],"predecessor-version":[{"id":11936,"href":"https:\/\/www.bellunopress.it\/fr\/wp-json\/wp\/v2\/posts\/11912\/revisions\/11936"}],"wp:attachment":[{"href":"https:\/\/www.bellunopress.it\/fr\/wp-json\/wp\/v2\/media?parent=11912"}],"wp:term":[{"taxonomy":"category","embeddable":true,"href":"https:\/\/www.bellunopress.it\/fr\/wp-json\/wp\/v2\/categories?post=11912"},{"taxonomy":"post_tag","embeddable":true,"href":"https:\/\/www.bellunopress.it\/fr\/wp-json\/wp\/v2\/tags?post=11912"}],"curies":[{"name":"wp","href":"https:\/\/api.w.org\/{rel}","templated":true}]}}