{"id":119079,"date":"2020-11-04T16:52:14","date_gmt":"2020-11-04T15:52:14","guid":{"rendered":"http:\/\/www.bellunopress.it\/?p=119079"},"modified":"2020-11-04T16:52:18","modified_gmt":"2020-11-04T15:52:18","slug":"cancia-borca-di-cadore-e-cominciato-lassemblaggio-della-sabo-dam-prima-briglia-di-tecnologia-giapponese-in-italia-bortoluzzi-cominciamo-gia-a-pensare-al-secondo-stralcio","status":"publish","type":"post","link":"https:\/\/www.bellunopress.it\/fr\/2020\/11\/04\/cancia-borca-di-cadore-e-cominciato-lassemblaggio-della-sabo-dam-prima-briglia-di-tecnologia-giapponese-in-italia-bortoluzzi-cominciamo-gia-a-pensare-al-secondo-stralcio\/","title":{"rendered":"Cancia (Borca di Cadore), \u00e8 cominciato l&#8217;assemblaggio della Sabo Dam, prima briglia di tecnologia giapponese in Italia. Bortoluzzi: \u00abCominciamo gi\u00e0 a pensare al secondo stralcio\u00bb"},"content":{"rendered":"<p><a href=\"http:\/\/www.bellunopress.it\/fr\/2020\/11\/04\/cancia-borca-di-cadore-e-cominciato-lassemblaggio-della-sabo-dam-prima-briglia-di-tecnologia-giapponese-in-italia-bortoluzzi-cominciamo-gia-a-pensare-al-secondo-stralcio\/cancia-briglia-sabo-dam_edited\/\" rel=\"attachment wp-att-119080\"><img loading=\"lazy\" decoding=\"async\" class=\"alignleft size-full wp-image-119080\" src=\"http:\/\/www.bellunopress.it\/wp-content\/uploads\/2020\/11\/Cancia-Briglia-Sabo-Dam_edited.jpg\" alt=\"\" width=\"800\" height=\"534\" srcset=\"https:\/\/www.bellunopress.it\/wp-content\/uploads\/2020\/11\/Cancia-Briglia-Sabo-Dam_edited.jpg 800w, https:\/\/www.bellunopress.it\/wp-content\/uploads\/2020\/11\/Cancia-Briglia-Sabo-Dam_edited-500x334.jpg 500w, https:\/\/www.bellunopress.it\/wp-content\/uploads\/2020\/11\/Cancia-Briglia-Sabo-Dam_edited-696x465.jpg 696w, https:\/\/www.bellunopress.it\/wp-content\/uploads\/2020\/11\/Cancia-Briglia-Sabo-Dam_edited-629x420.jpg 629w\" sizes=\"auto, (max-width: 800px) 100vw, 800px\" \/><\/a>I tubi in acciaio arrivati qualche settimana fa sono stati installati oggi: la briglia Sabo Dam, la prima di tecnologia giapponese montata in Italia, comincia a prendere forma. E il cantiere di Cancia (Borca di Cadore) vede la conclusione.<\/p>\n<p>Il primo stralcio &#8211; da 4 milioni 135mila euro &#8211; prevedeva la realizzazione di tre operazioni: la deviazione del Bus del Diau e la creazione di una vasca di dissipazione per l&#8217;acqua (con separazione della colata liquida dalla parte solida); la risagomatura della rovina di Cancia; e soprattutto l&#8217;installazione di una grande briglia frangicolata alta circa 6 metri, per trattenere i massi delle eventuali colate detritiche.<\/p>\n<p>Il cantiere \u00e8 iniziato nel mese di settembre 2019, secondo un cronoprogramma di oltre 600 giorni. \u00abLa celerit\u00e0 d&#8217;intervento per\u00f2 ha consentito di ridurre sensibilmente i tempi d&#8217;intervento &#8211; spiega il consigliere provinciale delegato alla difesa del suolo, Massimo Bortoluzzi -. Con l&#8217;assemblaggio della Sabo Dam possiamo davvero guardare verso la conclusione dei lavori. Se dovessero verificarsi eventi meteo nelle prossime settimane &#8211; cosa che ci auguriamo non avvenga &#8211; la briglia sar\u00e0 gi\u00e0 in grado di fare il suo lavoro. E archiviato il primo stralcio, cominciamo a pensare al secondo, che consister\u00e0 nella realizzazione delle altre briglie frangicolata e nel completamento del canale per portare via dal cono di frana la parte liquida, senza che incontri la parte solida. La Provincia si impegner\u00e0 al massimo per chiudere definitivamente la partita Cancia, un problema annoso che negli anni ha provocato anche vittime. Nel contempo cercheremo di fare sintesi con la Valboite per individuare il luogo pi\u00f9 idoneo al deposito del materiale che si fermer\u00e0 sulla briglia, e del materiale degli altri dissesti della zona\u00bb.<\/p>\n<p>\u00abLa Provincia si conferma ente a servizio dei Comuni e del territorio &#8211; aggiunge il presidente, Roberto Padrin -. Il cantiere di Cancia \u00e8 il principale, e il pi\u00f9 oneroso, che abbiamo avviato negli ultimi anni. Ma non dimentichiamo nessuna delle altre situazioni di dissesto. La vivibilit\u00e0 della montagna passa anche dai piccoli interventi e con il settore difesa del suolo stiamo lavorando proprio per questo\u00bb.<\/p>","protected":false},"excerpt":{"rendered":"<p>I tubi in acciaio arrivati qualche settimana fa sono stati installati oggi: la briglia Sabo Dam, la prima di tecnologia giapponese montata in Italia, comincia a prendere forma. E il cantiere di Cancia (Borca di Cadore) vede la conclusione. Il primo stralcio &#8211; da 4 milioni 135mila euro &#8211; prevedeva la realizzazione di tre operazioni: [&hellip;]<\/p>\n","protected":false},"author":2,"featured_media":119080,"comment_status":"closed","ping_status":"open","sticky":false,"template":"","format":"standard","meta":{"footnotes":""},"categories":[5,26,8],"tags":[],"class_list":["post-119079","post","type-post","status-publish","format-standard","has-post-thumbnail","category-cronaca","category-prima-pagina","category-societa-istituzioni"],"yoast_head":"<!-- This site is optimized with the Yoast SEO plugin v28.4 - https:\/\/yoast.com\/product\/yoast-seo-wordpress\/ -->\n<title>Cancia (Borca di Cadore), \u00e8 cominciato l&#039;assemblaggio della Sabo Dam, prima briglia di tecnologia giapponese in Italia. Bortoluzzi: \u00abCominciamo gi\u00e0 a pensare al secondo stralcio\u00bb - Bellunopress - Dolomiti<\/title>\n<meta name=\"robots\" content=\"index, follow, max-snippet:-1, max-image-preview:large, max-video-preview:-1\" \/>\n<link rel=\"canonical\" href=\"https:\/\/www.bellunopress.it\/fr\/2020\/11\/04\/cancia-borca-di-cadore-e-cominciato-lassemblaggio-della-sabo-dam-prima-briglia-di-tecnologia-giapponese-in-italia-bortoluzzi-cominciamo-gia-a-pensare-al-secondo-stralcio\/\" \/>\n<meta property=\"og:locale\" content=\"fr_FR\" \/>\n<meta property=\"og:type\" content=\"article\" \/>\n<meta property=\"og:title\" content=\"Cancia (Borca di Cadore), \u00e8 cominciato l&#039;assemblaggio della Sabo Dam, prima briglia di tecnologia giapponese in Italia. Bortoluzzi: \u00abCominciamo gi\u00e0 a pensare al secondo stralcio\u00bb - Bellunopress - Dolomiti\" \/>\n<meta property=\"og:description\" content=\"I tubi in acciaio arrivati qualche settimana fa sono stati installati oggi: la briglia Sabo Dam, la prima di tecnologia giapponese montata in Italia, comincia a prendere forma. E il cantiere di Cancia (Borca di Cadore) vede la conclusione. Il primo stralcio &#8211; da 4 milioni 135mila euro &#8211; prevedeva la realizzazione di tre operazioni: [&hellip;]\" \/>\n<meta property=\"og:url\" content=\"https:\/\/www.bellunopress.it\/fr\/2020\/11\/04\/cancia-borca-di-cadore-e-cominciato-lassemblaggio-della-sabo-dam-prima-briglia-di-tecnologia-giapponese-in-italia-bortoluzzi-cominciamo-gia-a-pensare-al-secondo-stralcio\/\" \/>\n<meta property=\"og:site_name\" content=\"Bellunopress - Dolomiti\" \/>\n<meta property=\"article:publisher\" content=\"https:\/\/www.facebook.com\/profile.php?id=100008943462799\" \/>\n<meta property=\"article:published_time\" content=\"2020-11-04T15:52:14+00:00\" \/>\n<meta property=\"article:modified_time\" content=\"2020-11-04T15:52:18+00:00\" \/>\n<meta property=\"og:image\" content=\"https:\/\/www.bellunopress.it\/wp-content\/uploads\/2020\/11\/Cancia-Briglia-Sabo-Dam_edited.jpg\" \/>\n\t<meta property=\"og:image:width\" content=\"800\" \/>\n\t<meta property=\"og:image:height\" content=\"534\" \/>\n\t<meta property=\"og:image:type\" content=\"image\/jpeg\" \/>\n<meta name=\"author\" content=\"redazione\" \/>\n<meta name=\"twitter:card\" content=\"summary_large_image\" \/>\n<meta name=\"twitter:creator\" content=\"@bellunopress\" \/>\n<meta name=\"twitter:site\" content=\"@bellunopress\" \/>\n<meta name=\"twitter:label1\" content=\"\u00c9crit par\" \/>\n\t<meta name=\"twitter:data1\" content=\"redazione\" \/>\n\t<meta name=\"twitter:label2\" content=\"Dur\u00e9e de lecture estim\u00e9e\" \/>\n\t<meta name=\"twitter:data2\" content=\"2 minutes\" \/>\n<script type=\"application\/ld+json\" class=\"yoast-schema-graph\">{\"@context\":\"https:\\\/\\\/schema.org\",\"@graph\":[{\"@type\":\"Article\",\"@id\":\"https:\\\/\\\/www.bellunopress.it\\\/2020\\\/11\\\/04\\\/cancia-borca-di-cadore-e-cominciato-lassemblaggio-della-sabo-dam-prima-briglia-di-tecnologia-giapponese-in-italia-bortoluzzi-cominciamo-gia-a-pensare-al-secondo-stralcio\\\/#article\",\"isPartOf\":{\"@id\":\"https:\\\/\\\/www.bellunopress.it\\\/2020\\\/11\\\/04\\\/cancia-borca-di-cadore-e-cominciato-lassemblaggio-della-sabo-dam-prima-briglia-di-tecnologia-giapponese-in-italia-bortoluzzi-cominciamo-gia-a-pensare-al-secondo-stralcio\\\/\"},\"author\":{\"name\":\"redazione\",\"@id\":\"https:\\\/\\\/www.bellunopress.it\\\/#\\\/schema\\\/person\\\/79bb06722b37ece1c03d3e94beb30d73\"},\"headline\":\"Cancia (Borca di Cadore), \u00e8 cominciato l&#8217;assemblaggio della Sabo Dam, prima briglia di tecnologia giapponese in Italia. Bortoluzzi: \u00abCominciamo gi\u00e0 a pensare al secondo stralcio\u00bb\",\"datePublished\":\"2020-11-04T15:52:14+00:00\",\"dateModified\":\"2020-11-04T15:52:18+00:00\",\"mainEntityOfPage\":{\"@id\":\"https:\\\/\\\/www.bellunopress.it\\\/2020\\\/11\\\/04\\\/cancia-borca-di-cadore-e-cominciato-lassemblaggio-della-sabo-dam-prima-briglia-di-tecnologia-giapponese-in-italia-bortoluzzi-cominciamo-gia-a-pensare-al-secondo-stralcio\\\/\"},\"wordCount\":369,\"publisher\":{\"@id\":\"https:\\\/\\\/www.bellunopress.it\\\/#organization\"},\"image\":{\"@id\":\"https:\\\/\\\/www.bellunopress.it\\\/2020\\\/11\\\/04\\\/cancia-borca-di-cadore-e-cominciato-lassemblaggio-della-sabo-dam-prima-briglia-di-tecnologia-giapponese-in-italia-bortoluzzi-cominciamo-gia-a-pensare-al-secondo-stralcio\\\/#primaryimage\"},\"thumbnailUrl\":\"https:\\\/\\\/www.bellunopress.it\\\/wp-content\\\/uploads\\\/2020\\\/11\\\/Cancia-Briglia-Sabo-Dam_edited.jpg\",\"articleSection\":[\"Cronaca\\\/Politica\",\"Prima Pagina\",\"Societ\u00e0, Associazioni, Istituzioni\"],\"inLanguage\":\"fr-FR\"},{\"@type\":\"WebPage\",\"@id\":\"https:\\\/\\\/www.bellunopress.it\\\/2020\\\/11\\\/04\\\/cancia-borca-di-cadore-e-cominciato-lassemblaggio-della-sabo-dam-prima-briglia-di-tecnologia-giapponese-in-italia-bortoluzzi-cominciamo-gia-a-pensare-al-secondo-stralcio\\\/\",\"url\":\"https:\\\/\\\/www.bellunopress.it\\\/2020\\\/11\\\/04\\\/cancia-borca-di-cadore-e-cominciato-lassemblaggio-della-sabo-dam-prima-briglia-di-tecnologia-giapponese-in-italia-bortoluzzi-cominciamo-gia-a-pensare-al-secondo-stralcio\\\/\",\"name\":\"Cancia (Borca di Cadore), \u00e8 cominciato l'assemblaggio della Sabo Dam, prima briglia di tecnologia giapponese in Italia. Bortoluzzi: \u00abCominciamo gi\u00e0 a pensare al secondo stralcio\u00bb - Bellunopress - Dolomiti\",\"isPartOf\":{\"@id\":\"https:\\\/\\\/www.bellunopress.it\\\/#website\"},\"primaryImageOfPage\":{\"@id\":\"https:\\\/\\\/www.bellunopress.it\\\/2020\\\/11\\\/04\\\/cancia-borca-di-cadore-e-cominciato-lassemblaggio-della-sabo-dam-prima-briglia-di-tecnologia-giapponese-in-italia-bortoluzzi-cominciamo-gia-a-pensare-al-secondo-stralcio\\\/#primaryimage\"},\"image\":{\"@id\":\"https:\\\/\\\/www.bellunopress.it\\\/2020\\\/11\\\/04\\\/cancia-borca-di-cadore-e-cominciato-lassemblaggio-della-sabo-dam-prima-briglia-di-tecnologia-giapponese-in-italia-bortoluzzi-cominciamo-gia-a-pensare-al-secondo-stralcio\\\/#primaryimage\"},\"thumbnailUrl\":\"https:\\\/\\\/www.bellunopress.it\\\/wp-content\\\/uploads\\\/2020\\\/11\\\/Cancia-Briglia-Sabo-Dam_edited.jpg\",\"datePublished\":\"2020-11-04T15:52:14+00:00\",\"dateModified\":\"2020-11-04T15:52:18+00:00\",\"breadcrumb\":{\"@id\":\"https:\\\/\\\/www.bellunopress.it\\\/2020\\\/11\\\/04\\\/cancia-borca-di-cadore-e-cominciato-lassemblaggio-della-sabo-dam-prima-briglia-di-tecnologia-giapponese-in-italia-bortoluzzi-cominciamo-gia-a-pensare-al-secondo-stralcio\\\/#breadcrumb\"},\"inLanguage\":\"fr-FR\",\"potentialAction\":[{\"@type\":\"ReadAction\",\"target\":[\"https:\\\/\\\/www.bellunopress.it\\\/2020\\\/11\\\/04\\\/cancia-borca-di-cadore-e-cominciato-lassemblaggio-della-sabo-dam-prima-briglia-di-tecnologia-giapponese-in-italia-bortoluzzi-cominciamo-gia-a-pensare-al-secondo-stralcio\\\/\"]}]},{\"@type\":\"ImageObject\",\"inLanguage\":\"fr-FR\",\"@id\":\"https:\\\/\\\/www.bellunopress.it\\\/2020\\\/11\\\/04\\\/cancia-borca-di-cadore-e-cominciato-lassemblaggio-della-sabo-dam-prima-briglia-di-tecnologia-giapponese-in-italia-bortoluzzi-cominciamo-gia-a-pensare-al-secondo-stralcio\\\/#primaryimage\",\"url\":\"https:\\\/\\\/www.bellunopress.it\\\/wp-content\\\/uploads\\\/2020\\\/11\\\/Cancia-Briglia-Sabo-Dam_edited.jpg\",\"contentUrl\":\"https:\\\/\\\/www.bellunopress.it\\\/wp-content\\\/uploads\\\/2020\\\/11\\\/Cancia-Briglia-Sabo-Dam_edited.jpg\",\"width\":800,\"height\":534},{\"@type\":\"BreadcrumbList\",\"@id\":\"https:\\\/\\\/www.bellunopress.it\\\/2020\\\/11\\\/04\\\/cancia-borca-di-cadore-e-cominciato-lassemblaggio-della-sabo-dam-prima-briglia-di-tecnologia-giapponese-in-italia-bortoluzzi-cominciamo-gia-a-pensare-al-secondo-stralcio\\\/#breadcrumb\",\"itemListElement\":[{\"@type\":\"ListItem\",\"position\":1,\"name\":\"Home\",\"item\":\"https:\\\/\\\/www.bellunopress.it\\\/\"},{\"@type\":\"ListItem\",\"position\":2,\"name\":\"Cancia (Borca di Cadore), \u00e8 cominciato l&#8217;assemblaggio della Sabo Dam, prima briglia di tecnologia giapponese in Italia. Bortoluzzi: \u00abCominciamo gi\u00e0 a pensare al secondo stralcio\u00bb\"}]},{\"@type\":\"WebSite\",\"@id\":\"https:\\\/\\\/www.bellunopress.it\\\/#website\",\"url\":\"https:\\\/\\\/www.bellunopress.it\\\/\",\"name\":\"Bellunopress - Dolomiti\",\"description\":\"e-mail: redazione@bellunopress.it\",\"publisher\":{\"@id\":\"https:\\\/\\\/www.bellunopress.it\\\/#organization\"},\"potentialAction\":[{\"@type\":\"SearchAction\",\"target\":{\"@type\":\"EntryPoint\",\"urlTemplate\":\"https:\\\/\\\/www.bellunopress.it\\\/?s={search_term_string}\"},\"query-input\":{\"@type\":\"PropertyValueSpecification\",\"valueRequired\":true,\"valueName\":\"search_term_string\"}}],\"inLanguage\":\"fr-FR\"},{\"@type\":\"Organization\",\"@id\":\"https:\\\/\\\/www.bellunopress.it\\\/#organization\",\"name\":\"Bellunopress\",\"url\":\"https:\\\/\\\/www.bellunopress.it\\\/\",\"logo\":{\"@type\":\"ImageObject\",\"inLanguage\":\"fr-FR\",\"@id\":\"https:\\\/\\\/www.bellunopress.it\\\/#\\\/schema\\\/logo\\\/image\\\/\",\"url\":\"https:\\\/\\\/www.bellunopress.it\\\/wp-content\\\/uploads\\\/2011\\\/05\\\/cropped-logo-bellunopress-.jpg\",\"contentUrl\":\"https:\\\/\\\/www.bellunopress.it\\\/wp-content\\\/uploads\\\/2011\\\/05\\\/cropped-logo-bellunopress-.jpg\",\"width\":512,\"height\":512,\"caption\":\"Bellunopress\"},\"image\":{\"@id\":\"https:\\\/\\\/www.bellunopress.it\\\/#\\\/schema\\\/logo\\\/image\\\/\"},\"sameAs\":[\"https:\\\/\\\/www.facebook.com\\\/profile.php?id=100008943462799\",\"https:\\\/\\\/x.com\\\/bellunopress\",\"https:\\\/\\\/www.linkedin.com\\\/hp\\\/?dnr=JBzUWaJfMUw8vbXJJ2tVW5-I3jZKvC4wsoxE&amp;amp;amp;amp;amp;amp;trk=nav_responsive_tab_home\",\"https:\\\/\\\/www.youtube.com\\\/channel\\\/UCxL0wu1uN0_3_7hGG0306cw\"]},{\"@type\":\"Person\",\"@id\":\"https:\\\/\\\/www.bellunopress.it\\\/#\\\/schema\\\/person\\\/79bb06722b37ece1c03d3e94beb30d73\",\"name\":\"redazione\",\"image\":{\"@type\":\"ImageObject\",\"inLanguage\":\"fr-FR\",\"@id\":\"https:\\\/\\\/secure.gravatar.com\\\/avatar\\\/37d968a2e67a6fd04c169c4bdef102d0bc5d31b2546345219e348575eb80e9a0?s=96&d=mm&r=g\",\"url\":\"https:\\\/\\\/secure.gravatar.com\\\/avatar\\\/37d968a2e67a6fd04c169c4bdef102d0bc5d31b2546345219e348575eb80e9a0?s=96&d=mm&r=g\",\"contentUrl\":\"https:\\\/\\\/secure.gravatar.com\\\/avatar\\\/37d968a2e67a6fd04c169c4bdef102d0bc5d31b2546345219e348575eb80e9a0?s=96&d=mm&r=g\",\"caption\":\"redazione\"},\"sameAs\":[\"http:\\\/\\\/www.bellunopress.it\",\"https:\\\/\\\/x.com\\\/bellunopress\"],\"url\":\"https:\\\/\\\/www.bellunopress.it\\\/fr\\\/author\\\/redazione\\\/\"}]}<\/script>\n<!-- \/ Yoast SEO plugin. -->","yoast_head_json":{"title":"Cancia (Borca di Cadore), \u00e8 cominciato l'assemblaggio della Sabo Dam, prima briglia di tecnologia giapponese in Italia. Bortoluzzi: \u00abCominciamo gi\u00e0 a pensare al secondo stralcio\u00bb - Bellunopress - Dolomiti","robots":{"index":"index","follow":"follow","max-snippet":"max-snippet:-1","max-image-preview":"max-image-preview:large","max-video-preview":"max-video-preview:-1"},"canonical":"https:\/\/www.bellunopress.it\/fr\/2020\/11\/04\/cancia-borca-di-cadore-e-cominciato-lassemblaggio-della-sabo-dam-prima-briglia-di-tecnologia-giapponese-in-italia-bortoluzzi-cominciamo-gia-a-pensare-al-secondo-stralcio\/","og_locale":"fr_FR","og_type":"article","og_title":"Cancia (Borca di Cadore), \u00e8 cominciato l'assemblaggio della Sabo Dam, prima briglia di tecnologia giapponese in Italia. Bortoluzzi: \u00abCominciamo gi\u00e0 a pensare al secondo stralcio\u00bb - Bellunopress - Dolomiti","og_description":"I tubi in acciaio arrivati qualche settimana fa sono stati installati oggi: la briglia Sabo Dam, la prima di tecnologia giapponese montata in Italia, comincia a prendere forma. E il cantiere di Cancia (Borca di Cadore) vede la conclusione. Il primo stralcio &#8211; da 4 milioni 135mila euro &#8211; prevedeva la realizzazione di tre operazioni: [&hellip;]","og_url":"https:\/\/www.bellunopress.it\/fr\/2020\/11\/04\/cancia-borca-di-cadore-e-cominciato-lassemblaggio-della-sabo-dam-prima-briglia-di-tecnologia-giapponese-in-italia-bortoluzzi-cominciamo-gia-a-pensare-al-secondo-stralcio\/","og_site_name":"Bellunopress - Dolomiti","article_publisher":"https:\/\/www.facebook.com\/profile.php?id=100008943462799","article_published_time":"2020-11-04T15:52:14+00:00","article_modified_time":"2020-11-04T15:52:18+00:00","og_image":[{"width":800,"height":534,"url":"https:\/\/www.bellunopress.it\/wp-content\/uploads\/2020\/11\/Cancia-Briglia-Sabo-Dam_edited.jpg","type":"image\/jpeg"}],"author":"redazione","twitter_card":"summary_large_image","twitter_creator":"@bellunopress","twitter_site":"@bellunopress","twitter_misc":{"\u00c9crit par":"redazione","Dur\u00e9e de lecture estim\u00e9e":"2 minutes"},"schema":{"@context":"https:\/\/schema.org","@graph":[{"@type":"Article","@id":"https:\/\/www.bellunopress.it\/2020\/11\/04\/cancia-borca-di-cadore-e-cominciato-lassemblaggio-della-sabo-dam-prima-briglia-di-tecnologia-giapponese-in-italia-bortoluzzi-cominciamo-gia-a-pensare-al-secondo-stralcio\/#article","isPartOf":{"@id":"https:\/\/www.bellunopress.it\/2020\/11\/04\/cancia-borca-di-cadore-e-cominciato-lassemblaggio-della-sabo-dam-prima-briglia-di-tecnologia-giapponese-in-italia-bortoluzzi-cominciamo-gia-a-pensare-al-secondo-stralcio\/"},"author":{"name":"redazione","@id":"https:\/\/www.bellunopress.it\/#\/schema\/person\/79bb06722b37ece1c03d3e94beb30d73"},"headline":"Cancia (Borca di Cadore), \u00e8 cominciato l&#8217;assemblaggio della Sabo Dam, prima briglia di tecnologia giapponese in Italia. Bortoluzzi: \u00abCominciamo gi\u00e0 a pensare al secondo stralcio\u00bb","datePublished":"2020-11-04T15:52:14+00:00","dateModified":"2020-11-04T15:52:18+00:00","mainEntityOfPage":{"@id":"https:\/\/www.bellunopress.it\/2020\/11\/04\/cancia-borca-di-cadore-e-cominciato-lassemblaggio-della-sabo-dam-prima-briglia-di-tecnologia-giapponese-in-italia-bortoluzzi-cominciamo-gia-a-pensare-al-secondo-stralcio\/"},"wordCount":369,"publisher":{"@id":"https:\/\/www.bellunopress.it\/#organization"},"image":{"@id":"https:\/\/www.bellunopress.it\/2020\/11\/04\/cancia-borca-di-cadore-e-cominciato-lassemblaggio-della-sabo-dam-prima-briglia-di-tecnologia-giapponese-in-italia-bortoluzzi-cominciamo-gia-a-pensare-al-secondo-stralcio\/#primaryimage"},"thumbnailUrl":"https:\/\/www.bellunopress.it\/wp-content\/uploads\/2020\/11\/Cancia-Briglia-Sabo-Dam_edited.jpg","articleSection":["Cronaca\/Politica","Prima Pagina","Societ\u00e0, Associazioni, Istituzioni"],"inLanguage":"fr-FR"},{"@type":"WebPage","@id":"https:\/\/www.bellunopress.it\/2020\/11\/04\/cancia-borca-di-cadore-e-cominciato-lassemblaggio-della-sabo-dam-prima-briglia-di-tecnologia-giapponese-in-italia-bortoluzzi-cominciamo-gia-a-pensare-al-secondo-stralcio\/","url":"https:\/\/www.bellunopress.it\/2020\/11\/04\/cancia-borca-di-cadore-e-cominciato-lassemblaggio-della-sabo-dam-prima-briglia-di-tecnologia-giapponese-in-italia-bortoluzzi-cominciamo-gia-a-pensare-al-secondo-stralcio\/","name":"Cancia (Borca di Cadore), \u00e8 cominciato l'assemblaggio della Sabo Dam, prima briglia di tecnologia giapponese in Italia. Bortoluzzi: \u00abCominciamo gi\u00e0 a pensare al secondo stralcio\u00bb - Bellunopress - Dolomiti","isPartOf":{"@id":"https:\/\/www.bellunopress.it\/#website"},"primaryImageOfPage":{"@id":"https:\/\/www.bellunopress.it\/2020\/11\/04\/cancia-borca-di-cadore-e-cominciato-lassemblaggio-della-sabo-dam-prima-briglia-di-tecnologia-giapponese-in-italia-bortoluzzi-cominciamo-gia-a-pensare-al-secondo-stralcio\/#primaryimage"},"image":{"@id":"https:\/\/www.bellunopress.it\/2020\/11\/04\/cancia-borca-di-cadore-e-cominciato-lassemblaggio-della-sabo-dam-prima-briglia-di-tecnologia-giapponese-in-italia-bortoluzzi-cominciamo-gia-a-pensare-al-secondo-stralcio\/#primaryimage"},"thumbnailUrl":"https:\/\/www.bellunopress.it\/wp-content\/uploads\/2020\/11\/Cancia-Briglia-Sabo-Dam_edited.jpg","datePublished":"2020-11-04T15:52:14+00:00","dateModified":"2020-11-04T15:52:18+00:00","breadcrumb":{"@id":"https:\/\/www.bellunopress.it\/2020\/11\/04\/cancia-borca-di-cadore-e-cominciato-lassemblaggio-della-sabo-dam-prima-briglia-di-tecnologia-giapponese-in-italia-bortoluzzi-cominciamo-gia-a-pensare-al-secondo-stralcio\/#breadcrumb"},"inLanguage":"fr-FR","potentialAction":[{"@type":"ReadAction","target":["https:\/\/www.bellunopress.it\/2020\/11\/04\/cancia-borca-di-cadore-e-cominciato-lassemblaggio-della-sabo-dam-prima-briglia-di-tecnologia-giapponese-in-italia-bortoluzzi-cominciamo-gia-a-pensare-al-secondo-stralcio\/"]}]},{"@type":"ImageObject","inLanguage":"fr-FR","@id":"https:\/\/www.bellunopress.it\/2020\/11\/04\/cancia-borca-di-cadore-e-cominciato-lassemblaggio-della-sabo-dam-prima-briglia-di-tecnologia-giapponese-in-italia-bortoluzzi-cominciamo-gia-a-pensare-al-secondo-stralcio\/#primaryimage","url":"https:\/\/www.bellunopress.it\/wp-content\/uploads\/2020\/11\/Cancia-Briglia-Sabo-Dam_edited.jpg","contentUrl":"https:\/\/www.bellunopress.it\/wp-content\/uploads\/2020\/11\/Cancia-Briglia-Sabo-Dam_edited.jpg","width":800,"height":534},{"@type":"BreadcrumbList","@id":"https:\/\/www.bellunopress.it\/2020\/11\/04\/cancia-borca-di-cadore-e-cominciato-lassemblaggio-della-sabo-dam-prima-briglia-di-tecnologia-giapponese-in-italia-bortoluzzi-cominciamo-gia-a-pensare-al-secondo-stralcio\/#breadcrumb","itemListElement":[{"@type":"ListItem","position":1,"name":"Home","item":"https:\/\/www.bellunopress.it\/"},{"@type":"ListItem","position":2,"name":"Cancia (Borca di Cadore), \u00e8 cominciato l&#8217;assemblaggio della Sabo Dam, prima briglia di tecnologia giapponese in Italia. Bortoluzzi: \u00abCominciamo gi\u00e0 a pensare al secondo stralcio\u00bb"}]},{"@type":"WebSite","@id":"https:\/\/www.bellunopress.it\/#website","url":"https:\/\/www.bellunopress.it\/","name":"Bellunopress - Dolomiti","description":"e-mail: redazione@bellunopress.it","publisher":{"@id":"https:\/\/www.bellunopress.it\/#organization"},"potentialAction":[{"@type":"SearchAction","target":{"@type":"EntryPoint","urlTemplate":"https:\/\/www.bellunopress.it\/?s={search_term_string}"},"query-input":{"@type":"PropertyValueSpecification","valueRequired":true,"valueName":"search_term_string"}}],"inLanguage":"fr-FR"},{"@type":"Organization","@id":"https:\/\/www.bellunopress.it\/#organization","name":"Bellunopress","url":"https:\/\/www.bellunopress.it\/","logo":{"@type":"ImageObject","inLanguage":"fr-FR","@id":"https:\/\/www.bellunopress.it\/#\/schema\/logo\/image\/","url":"https:\/\/www.bellunopress.it\/wp-content\/uploads\/2011\/05\/cropped-logo-bellunopress-.jpg","contentUrl":"https:\/\/www.bellunopress.it\/wp-content\/uploads\/2011\/05\/cropped-logo-bellunopress-.jpg","width":512,"height":512,"caption":"Bellunopress"},"image":{"@id":"https:\/\/www.bellunopress.it\/#\/schema\/logo\/image\/"},"sameAs":["https:\/\/www.facebook.com\/profile.php?id=100008943462799","https:\/\/x.com\/bellunopress","https:\/\/www.linkedin.com\/hp\/?dnr=JBzUWaJfMUw8vbXJJ2tVW5-I3jZKvC4wsoxE&amp;amp;amp;amp;amp;amp;trk=nav_responsive_tab_home","https:\/\/www.youtube.com\/channel\/UCxL0wu1uN0_3_7hGG0306cw"]},{"@type":"Person","@id":"https:\/\/www.bellunopress.it\/#\/schema\/person\/79bb06722b37ece1c03d3e94beb30d73","name":"r\u00e9daction","image":{"@type":"ImageObject","inLanguage":"fr-FR","@id":"https:\/\/secure.gravatar.com\/avatar\/37d968a2e67a6fd04c169c4bdef102d0bc5d31b2546345219e348575eb80e9a0?s=96&d=mm&r=g","url":"https:\/\/secure.gravatar.com\/avatar\/37d968a2e67a6fd04c169c4bdef102d0bc5d31b2546345219e348575eb80e9a0?s=96&d=mm&r=g","contentUrl":"https:\/\/secure.gravatar.com\/avatar\/37d968a2e67a6fd04c169c4bdef102d0bc5d31b2546345219e348575eb80e9a0?s=96&d=mm&r=g","caption":"redazione"},"sameAs":["http:\/\/www.bellunopress.it","https:\/\/x.com\/bellunopress"],"url":"https:\/\/www.bellunopress.it\/fr\/author\/redazione\/"}]}},"_links":{"self":[{"href":"https:\/\/www.bellunopress.it\/fr\/wp-json\/wp\/v2\/posts\/119079","targetHints":{"allow":["GET"]}}],"collection":[{"href":"https:\/\/www.bellunopress.it\/fr\/wp-json\/wp\/v2\/posts"}],"about":[{"href":"https:\/\/www.bellunopress.it\/fr\/wp-json\/wp\/v2\/types\/post"}],"author":[{"embeddable":true,"href":"https:\/\/www.bellunopress.it\/fr\/wp-json\/wp\/v2\/users\/2"}],"replies":[{"embeddable":true,"href":"https:\/\/www.bellunopress.it\/fr\/wp-json\/wp\/v2\/comments?post=119079"}],"version-history":[{"count":2,"href":"https:\/\/www.bellunopress.it\/fr\/wp-json\/wp\/v2\/posts\/119079\/revisions"}],"predecessor-version":[{"id":119082,"href":"https:\/\/www.bellunopress.it\/fr\/wp-json\/wp\/v2\/posts\/119079\/revisions\/119082"}],"wp:featuredmedia":[{"embeddable":true,"href":"https:\/\/www.bellunopress.it\/fr\/wp-json\/wp\/v2\/media\/119080"}],"wp:attachment":[{"href":"https:\/\/www.bellunopress.it\/fr\/wp-json\/wp\/v2\/media?parent=119079"}],"wp:term":[{"taxonomy":"category","embeddable":true,"href":"https:\/\/www.bellunopress.it\/fr\/wp-json\/wp\/v2\/categories?post=119079"},{"taxonomy":"post_tag","embeddable":true,"href":"https:\/\/www.bellunopress.it\/fr\/wp-json\/wp\/v2\/tags?post=119079"}],"curies":[{"name":"wp","href":"https:\/\/api.w.org\/{rel}","templated":true}]}}