{"id":119077,"date":"2020-11-04T16:23:13","date_gmt":"2020-11-04T15:23:13","guid":{"rendered":"http:\/\/www.bellunopress.it\/?p=119077"},"modified":"2020-11-04T16:23:13","modified_gmt":"2020-11-04T15:23:13","slug":"rinvio-della-cerimonia-del-premio-san-martino-2020-a-giorgio-zampieri","status":"publish","type":"post","link":"https:\/\/www.bellunopress.it\/fr\/2020\/11\/04\/rinvio-della-cerimonia-del-premio-san-martino-2020-a-giorgio-zampieri\/","title":{"rendered":"Rinvio della cerimonia del Premio San Martino 2020 a Giorgio Zampieri"},"content":{"rendered":"<p><a href=\"http:\/\/www.bellunopress.it\/fr\/2011\/05\/12\/domenica-22-maggio-la-carovana-del-volontariato-in-piazza-a-belluno\/giorgio-zampieri-240x180\/\" rel=\"attachment wp-att-1957\"><img decoding=\"async\" class=\"alignleft size-full wp-image-1957\" src=\"http:\/\/www.bellunopress.it\/wp-content\/uploads\/2009\/03\/giorgio-zampieri-240x180.bmp\" alt=\"\" \/><\/a>L&#8217;emergenza sanitaria costringe al rinvio della cerimonia di consegna del Premio San Martino, assegnato quest&#8217;anno dalla conferenza dei capigruppo a Giorgio Zampieri.<br \/>\nDopo il tentativo di immaginare una cerimonia ristretta, con il collegamento via Zoom delle autorit\u00e0 e la possibilit\u00e0 per tutti di seguire la diretta sul canale YouTube del Comune, con la disponibilit\u00e0 dell&#8217;emittente Telebelluno a trasmettere un estratto della stessa, si \u00e8 deciso, anche sulla base delle ulteriori indicazioni date dal Comitato di Sicurezza Pubblica riunitosi in Prefettura, che le limitazioni avrebbero reso inadeguata la modalit\u00e0 di conferimento del Premio.<\/p>\n<p>Considerandone il valore, che coinvolge l&#8217;intera Citt\u00e0, nel giorno della festa del Santo Patrono, e vista la caratura del premiato, strettamente intrecciata con il tessuto della comunit\u00e0, si \u00e8 ritenuto che non poter coinvolgere la cittadinanza stessa e limitare la presenza del pubblico alla sola modalit\u00e0 &#8220;a distanza&#8221; fosse una misura contraria allo spirito stesso del Premio.<\/p>\n<p>Giorgio Zampieri verr\u00e0 ricevuto dal sindaco, Jacopo Massaro, e dal presidente del Consiglio comunale, Francesco Rasera Berna, che si congratuleranno con lui a nome dell&#8217;intera Citt\u00e0 e gli consegneranno una comunicazione della conferenza dei capigruppo.<br \/>\nMa la cerimonia solenne, quella che Zampieri e la citt\u00e0 meritano, si far\u00e0 quando i tempi permetteranno l&#8217;abbraccio della comunit\u00e0.<\/p>","protected":false},"excerpt":{"rendered":"<p>L&#8217;emergenza sanitaria costringe al rinvio della cerimonia di consegna del Premio San Martino, assegnato quest&#8217;anno dalla conferenza dei capigruppo a Giorgio Zampieri. Dopo il tentativo di immaginare una cerimonia ristretta, con il collegamento via Zoom delle autorit\u00e0 e la possibilit\u00e0 per tutti di seguire la diretta sul canale YouTube del Comune, con la disponibilit\u00e0 dell&#8217;emittente [&hellip;]<\/p>\n","protected":false},"author":2,"featured_media":1957,"comment_status":"closed","ping_status":"open","sticky":false,"template":"","format":"standard","meta":{"footnotes":""},"categories":[3,26,8],"tags":[],"class_list":["post-119077","post","type-post","status-publish","format-standard","has-post-thumbnail","category-arte-cultura-spettacoli-scienza-archivi","category-prima-pagina","category-societa-istituzioni"],"yoast_head":"<!-- This site is optimized with the Yoast SEO plugin v28.4 - https:\/\/yoast.com\/product\/yoast-seo-wordpress\/ -->\n<title>Rinvio della cerimonia del Premio San Martino 2020 a Giorgio Zampieri - Bellunopress - Dolomiti<\/title>\n<meta name=\"robots\" content=\"index, follow, max-snippet:-1, max-image-preview:large, max-video-preview:-1\" \/>\n<link rel=\"canonical\" href=\"https:\/\/www.bellunopress.it\/fr\/2020\/11\/04\/rinvio-della-cerimonia-del-premio-san-martino-2020-a-giorgio-zampieri\/\" \/>\n<meta property=\"og:locale\" content=\"fr_FR\" \/>\n<meta property=\"og:type\" content=\"article\" \/>\n<meta property=\"og:title\" content=\"Rinvio della cerimonia del Premio San Martino 2020 a Giorgio Zampieri - Bellunopress - Dolomiti\" \/>\n<meta property=\"og:description\" content=\"L&#8217;emergenza sanitaria costringe al rinvio della cerimonia di consegna del Premio San Martino, assegnato quest&#8217;anno dalla conferenza dei capigruppo a Giorgio Zampieri. Dopo il tentativo di immaginare una cerimonia ristretta, con il collegamento via Zoom delle autorit\u00e0 e la possibilit\u00e0 per tutti di seguire la diretta sul canale YouTube del Comune, con la disponibilit\u00e0 dell&#8217;emittente [&hellip;]\" \/>\n<meta property=\"og:url\" content=\"https:\/\/www.bellunopress.it\/fr\/2020\/11\/04\/rinvio-della-cerimonia-del-premio-san-martino-2020-a-giorgio-zampieri\/\" \/>\n<meta property=\"og:site_name\" content=\"Bellunopress - Dolomiti\" \/>\n<meta property=\"article:publisher\" content=\"https:\/\/www.facebook.com\/profile.php?id=100008943462799\" \/>\n<meta property=\"article:published_time\" content=\"2020-11-04T15:23:13+00:00\" \/>\n<meta property=\"og:image\" content=\"http:\/\/www.bellunopress.it\/wp-content\/uploads\/2012\/07\/logo-bellunopress-250x250-2012.jpg\" \/>\n<meta name=\"author\" content=\"redazione\" \/>\n<meta name=\"twitter:card\" content=\"summary_large_image\" \/>\n<meta name=\"twitter:creator\" content=\"@bellunopress\" \/>\n<meta name=\"twitter:site\" content=\"@bellunopress\" \/>\n<meta name=\"twitter:label1\" content=\"\u00c9crit par\" \/>\n\t<meta name=\"twitter:data1\" content=\"redazione\" \/>\n\t<meta name=\"twitter:label2\" content=\"Dur\u00e9e de lecture estim\u00e9e\" \/>\n\t<meta name=\"twitter:data2\" content=\"1 minute\" \/>\n<script type=\"application\/ld+json\" class=\"yoast-schema-graph\">{\"@context\":\"https:\\\/\\\/schema.org\",\"@graph\":[{\"@type\":\"Article\",\"@id\":\"https:\\\/\\\/www.bellunopress.it\\\/2020\\\/11\\\/04\\\/rinvio-della-cerimonia-del-premio-san-martino-2020-a-giorgio-zampieri\\\/#article\",\"isPartOf\":{\"@id\":\"https:\\\/\\\/www.bellunopress.it\\\/2020\\\/11\\\/04\\\/rinvio-della-cerimonia-del-premio-san-martino-2020-a-giorgio-zampieri\\\/\"},\"author\":{\"name\":\"redazione\",\"@id\":\"https:\\\/\\\/www.bellunopress.it\\\/#\\\/schema\\\/person\\\/79bb06722b37ece1c03d3e94beb30d73\"},\"headline\":\"Rinvio della cerimonia del Premio San Martino 2020 a Giorgio Zampieri\",\"datePublished\":\"2020-11-04T15:23:13+00:00\",\"mainEntityOfPage\":{\"@id\":\"https:\\\/\\\/www.bellunopress.it\\\/2020\\\/11\\\/04\\\/rinvio-della-cerimonia-del-premio-san-martino-2020-a-giorgio-zampieri\\\/\"},\"wordCount\":218,\"publisher\":{\"@id\":\"https:\\\/\\\/www.bellunopress.it\\\/#organization\"},\"image\":{\"@id\":\"https:\\\/\\\/www.bellunopress.it\\\/2020\\\/11\\\/04\\\/rinvio-della-cerimonia-del-premio-san-martino-2020-a-giorgio-zampieri\\\/#primaryimage\"},\"thumbnailUrl\":\"https:\\\/\\\/www.bellunopress.it\\\/wp-content\\\/uploads\\\/2009\\\/03\\\/giorgio-zampieri-240x180.bmp\",\"articleSection\":[\"Arte, Cultura, Spettacoli, Scienza\",\"Prima Pagina\",\"Societ\u00e0, Associazioni, Istituzioni\"],\"inLanguage\":\"fr-FR\"},{\"@type\":\"WebPage\",\"@id\":\"https:\\\/\\\/www.bellunopress.it\\\/2020\\\/11\\\/04\\\/rinvio-della-cerimonia-del-premio-san-martino-2020-a-giorgio-zampieri\\\/\",\"url\":\"https:\\\/\\\/www.bellunopress.it\\\/2020\\\/11\\\/04\\\/rinvio-della-cerimonia-del-premio-san-martino-2020-a-giorgio-zampieri\\\/\",\"name\":\"Rinvio della cerimonia del Premio San Martino 2020 a Giorgio Zampieri - Bellunopress - Dolomiti\",\"isPartOf\":{\"@id\":\"https:\\\/\\\/www.bellunopress.it\\\/#website\"},\"primaryImageOfPage\":{\"@id\":\"https:\\\/\\\/www.bellunopress.it\\\/2020\\\/11\\\/04\\\/rinvio-della-cerimonia-del-premio-san-martino-2020-a-giorgio-zampieri\\\/#primaryimage\"},\"image\":{\"@id\":\"https:\\\/\\\/www.bellunopress.it\\\/2020\\\/11\\\/04\\\/rinvio-della-cerimonia-del-premio-san-martino-2020-a-giorgio-zampieri\\\/#primaryimage\"},\"thumbnailUrl\":\"https:\\\/\\\/www.bellunopress.it\\\/wp-content\\\/uploads\\\/2009\\\/03\\\/giorgio-zampieri-240x180.bmp\",\"datePublished\":\"2020-11-04T15:23:13+00:00\",\"breadcrumb\":{\"@id\":\"https:\\\/\\\/www.bellunopress.it\\\/2020\\\/11\\\/04\\\/rinvio-della-cerimonia-del-premio-san-martino-2020-a-giorgio-zampieri\\\/#breadcrumb\"},\"inLanguage\":\"fr-FR\",\"potentialAction\":[{\"@type\":\"ReadAction\",\"target\":[\"https:\\\/\\\/www.bellunopress.it\\\/2020\\\/11\\\/04\\\/rinvio-della-cerimonia-del-premio-san-martino-2020-a-giorgio-zampieri\\\/\"]}]},{\"@type\":\"ImageObject\",\"inLanguage\":\"fr-FR\",\"@id\":\"https:\\\/\\\/www.bellunopress.it\\\/2020\\\/11\\\/04\\\/rinvio-della-cerimonia-del-premio-san-martino-2020-a-giorgio-zampieri\\\/#primaryimage\",\"url\":\"https:\\\/\\\/www.bellunopress.it\\\/wp-content\\\/uploads\\\/2009\\\/03\\\/giorgio-zampieri-240x180.bmp\",\"contentUrl\":\"https:\\\/\\\/www.bellunopress.it\\\/wp-content\\\/uploads\\\/2009\\\/03\\\/giorgio-zampieri-240x180.bmp\",\"caption\":\"Giorgio Zampieri, Premio San Martino 2020\"},{\"@type\":\"BreadcrumbList\",\"@id\":\"https:\\\/\\\/www.bellunopress.it\\\/2020\\\/11\\\/04\\\/rinvio-della-cerimonia-del-premio-san-martino-2020-a-giorgio-zampieri\\\/#breadcrumb\",\"itemListElement\":[{\"@type\":\"ListItem\",\"position\":1,\"name\":\"Home\",\"item\":\"https:\\\/\\\/www.bellunopress.it\\\/\"},{\"@type\":\"ListItem\",\"position\":2,\"name\":\"Rinvio della cerimonia del Premio San Martino 2020 a Giorgio Zampieri\"}]},{\"@type\":\"WebSite\",\"@id\":\"https:\\\/\\\/www.bellunopress.it\\\/#website\",\"url\":\"https:\\\/\\\/www.bellunopress.it\\\/\",\"name\":\"Bellunopress - Dolomiti\",\"description\":\"e-mail: redazione@bellunopress.it\",\"publisher\":{\"@id\":\"https:\\\/\\\/www.bellunopress.it\\\/#organization\"},\"potentialAction\":[{\"@type\":\"SearchAction\",\"target\":{\"@type\":\"EntryPoint\",\"urlTemplate\":\"https:\\\/\\\/www.bellunopress.it\\\/?s={search_term_string}\"},\"query-input\":{\"@type\":\"PropertyValueSpecification\",\"valueRequired\":true,\"valueName\":\"search_term_string\"}}],\"inLanguage\":\"fr-FR\"},{\"@type\":\"Organization\",\"@id\":\"https:\\\/\\\/www.bellunopress.it\\\/#organization\",\"name\":\"Bellunopress\",\"url\":\"https:\\\/\\\/www.bellunopress.it\\\/\",\"logo\":{\"@type\":\"ImageObject\",\"inLanguage\":\"fr-FR\",\"@id\":\"https:\\\/\\\/www.bellunopress.it\\\/#\\\/schema\\\/logo\\\/image\\\/\",\"url\":\"https:\\\/\\\/www.bellunopress.it\\\/wp-content\\\/uploads\\\/2011\\\/05\\\/cropped-logo-bellunopress-.jpg\",\"contentUrl\":\"https:\\\/\\\/www.bellunopress.it\\\/wp-content\\\/uploads\\\/2011\\\/05\\\/cropped-logo-bellunopress-.jpg\",\"width\":512,\"height\":512,\"caption\":\"Bellunopress\"},\"image\":{\"@id\":\"https:\\\/\\\/www.bellunopress.it\\\/#\\\/schema\\\/logo\\\/image\\\/\"},\"sameAs\":[\"https:\\\/\\\/www.facebook.com\\\/profile.php?id=100008943462799\",\"https:\\\/\\\/x.com\\\/bellunopress\",\"https:\\\/\\\/www.linkedin.com\\\/hp\\\/?dnr=JBzUWaJfMUw8vbXJJ2tVW5-I3jZKvC4wsoxE&amp;amp;amp;amp;amp;amp;trk=nav_responsive_tab_home\",\"https:\\\/\\\/www.youtube.com\\\/channel\\\/UCxL0wu1uN0_3_7hGG0306cw\"]},{\"@type\":\"Person\",\"@id\":\"https:\\\/\\\/www.bellunopress.it\\\/#\\\/schema\\\/person\\\/79bb06722b37ece1c03d3e94beb30d73\",\"name\":\"redazione\",\"image\":{\"@type\":\"ImageObject\",\"inLanguage\":\"fr-FR\",\"@id\":\"https:\\\/\\\/secure.gravatar.com\\\/avatar\\\/37d968a2e67a6fd04c169c4bdef102d0bc5d31b2546345219e348575eb80e9a0?s=96&d=mm&r=g\",\"url\":\"https:\\\/\\\/secure.gravatar.com\\\/avatar\\\/37d968a2e67a6fd04c169c4bdef102d0bc5d31b2546345219e348575eb80e9a0?s=96&d=mm&r=g\",\"contentUrl\":\"https:\\\/\\\/secure.gravatar.com\\\/avatar\\\/37d968a2e67a6fd04c169c4bdef102d0bc5d31b2546345219e348575eb80e9a0?s=96&d=mm&r=g\",\"caption\":\"redazione\"},\"sameAs\":[\"http:\\\/\\\/www.bellunopress.it\",\"https:\\\/\\\/x.com\\\/bellunopress\"],\"url\":\"https:\\\/\\\/www.bellunopress.it\\\/fr\\\/author\\\/redazione\\\/\"}]}<\/script>\n<!-- \/ Yoast SEO plugin. -->","yoast_head_json":{"title":"Rinvio della cerimonia del Premio San Martino 2020 a Giorgio Zampieri - Bellunopress - Dolomiti","robots":{"index":"index","follow":"follow","max-snippet":"max-snippet:-1","max-image-preview":"max-image-preview:large","max-video-preview":"max-video-preview:-1"},"canonical":"https:\/\/www.bellunopress.it\/fr\/2020\/11\/04\/rinvio-della-cerimonia-del-premio-san-martino-2020-a-giorgio-zampieri\/","og_locale":"fr_FR","og_type":"article","og_title":"Rinvio della cerimonia del Premio San Martino 2020 a Giorgio Zampieri - Bellunopress - Dolomiti","og_description":"L&#8217;emergenza sanitaria costringe al rinvio della cerimonia di consegna del Premio San Martino, assegnato quest&#8217;anno dalla conferenza dei capigruppo a Giorgio Zampieri. Dopo il tentativo di immaginare una cerimonia ristretta, con il collegamento via Zoom delle autorit\u00e0 e la possibilit\u00e0 per tutti di seguire la diretta sul canale YouTube del Comune, con la disponibilit\u00e0 dell&#8217;emittente [&hellip;]","og_url":"https:\/\/www.bellunopress.it\/fr\/2020\/11\/04\/rinvio-della-cerimonia-del-premio-san-martino-2020-a-giorgio-zampieri\/","og_site_name":"Bellunopress - Dolomiti","article_publisher":"https:\/\/www.facebook.com\/profile.php?id=100008943462799","article_published_time":"2020-11-04T15:23:13+00:00","og_image":[{"url":"http:\/\/www.bellunopress.it\/wp-content\/uploads\/2012\/07\/logo-bellunopress-250x250-2012.jpg","type":"","width":"","height":""}],"author":"redazione","twitter_card":"summary_large_image","twitter_creator":"@bellunopress","twitter_site":"@bellunopress","twitter_misc":{"\u00c9crit par":"redazione","Dur\u00e9e de lecture estim\u00e9e":"1 minute"},"schema":{"@context":"https:\/\/schema.org","@graph":[{"@type":"Article","@id":"https:\/\/www.bellunopress.it\/2020\/11\/04\/rinvio-della-cerimonia-del-premio-san-martino-2020-a-giorgio-zampieri\/#article","isPartOf":{"@id":"https:\/\/www.bellunopress.it\/2020\/11\/04\/rinvio-della-cerimonia-del-premio-san-martino-2020-a-giorgio-zampieri\/"},"author":{"name":"redazione","@id":"https:\/\/www.bellunopress.it\/#\/schema\/person\/79bb06722b37ece1c03d3e94beb30d73"},"headline":"Rinvio della cerimonia del Premio San Martino 2020 a Giorgio Zampieri","datePublished":"2020-11-04T15:23:13+00:00","mainEntityOfPage":{"@id":"https:\/\/www.bellunopress.it\/2020\/11\/04\/rinvio-della-cerimonia-del-premio-san-martino-2020-a-giorgio-zampieri\/"},"wordCount":218,"publisher":{"@id":"https:\/\/www.bellunopress.it\/#organization"},"image":{"@id":"https:\/\/www.bellunopress.it\/2020\/11\/04\/rinvio-della-cerimonia-del-premio-san-martino-2020-a-giorgio-zampieri\/#primaryimage"},"thumbnailUrl":"https:\/\/www.bellunopress.it\/wp-content\/uploads\/2009\/03\/giorgio-zampieri-240x180.bmp","articleSection":["Arte, Cultura, Spettacoli, Scienza","Prima Pagina","Societ\u00e0, Associazioni, Istituzioni"],"inLanguage":"fr-FR"},{"@type":"WebPage","@id":"https:\/\/www.bellunopress.it\/2020\/11\/04\/rinvio-della-cerimonia-del-premio-san-martino-2020-a-giorgio-zampieri\/","url":"https:\/\/www.bellunopress.it\/2020\/11\/04\/rinvio-della-cerimonia-del-premio-san-martino-2020-a-giorgio-zampieri\/","name":"Rinvio della cerimonia del Premio San Martino 2020 a Giorgio Zampieri - Bellunopress - Dolomiti","isPartOf":{"@id":"https:\/\/www.bellunopress.it\/#website"},"primaryImageOfPage":{"@id":"https:\/\/www.bellunopress.it\/2020\/11\/04\/rinvio-della-cerimonia-del-premio-san-martino-2020-a-giorgio-zampieri\/#primaryimage"},"image":{"@id":"https:\/\/www.bellunopress.it\/2020\/11\/04\/rinvio-della-cerimonia-del-premio-san-martino-2020-a-giorgio-zampieri\/#primaryimage"},"thumbnailUrl":"https:\/\/www.bellunopress.it\/wp-content\/uploads\/2009\/03\/giorgio-zampieri-240x180.bmp","datePublished":"2020-11-04T15:23:13+00:00","breadcrumb":{"@id":"https:\/\/www.bellunopress.it\/2020\/11\/04\/rinvio-della-cerimonia-del-premio-san-martino-2020-a-giorgio-zampieri\/#breadcrumb"},"inLanguage":"fr-FR","potentialAction":[{"@type":"ReadAction","target":["https:\/\/www.bellunopress.it\/2020\/11\/04\/rinvio-della-cerimonia-del-premio-san-martino-2020-a-giorgio-zampieri\/"]}]},{"@type":"ImageObject","inLanguage":"fr-FR","@id":"https:\/\/www.bellunopress.it\/2020\/11\/04\/rinvio-della-cerimonia-del-premio-san-martino-2020-a-giorgio-zampieri\/#primaryimage","url":"https:\/\/www.bellunopress.it\/wp-content\/uploads\/2009\/03\/giorgio-zampieri-240x180.bmp","contentUrl":"https:\/\/www.bellunopress.it\/wp-content\/uploads\/2009\/03\/giorgio-zampieri-240x180.bmp","caption":"Giorgio Zampieri, Premio San Martino 2020"},{"@type":"BreadcrumbList","@id":"https:\/\/www.bellunopress.it\/2020\/11\/04\/rinvio-della-cerimonia-del-premio-san-martino-2020-a-giorgio-zampieri\/#breadcrumb","itemListElement":[{"@type":"ListItem","position":1,"name":"Home","item":"https:\/\/www.bellunopress.it\/"},{"@type":"ListItem","position":2,"name":"Rinvio della cerimonia del Premio San Martino 2020 a Giorgio Zampieri"}]},{"@type":"WebSite","@id":"https:\/\/www.bellunopress.it\/#website","url":"https:\/\/www.bellunopress.it\/","name":"Bellunopress - Dolomiti","description":"e-mail: redazione@bellunopress.it","publisher":{"@id":"https:\/\/www.bellunopress.it\/#organization"},"potentialAction":[{"@type":"SearchAction","target":{"@type":"EntryPoint","urlTemplate":"https:\/\/www.bellunopress.it\/?s={search_term_string}"},"query-input":{"@type":"PropertyValueSpecification","valueRequired":true,"valueName":"search_term_string"}}],"inLanguage":"fr-FR"},{"@type":"Organization","@id":"https:\/\/www.bellunopress.it\/#organization","name":"Bellunopress","url":"https:\/\/www.bellunopress.it\/","logo":{"@type":"ImageObject","inLanguage":"fr-FR","@id":"https:\/\/www.bellunopress.it\/#\/schema\/logo\/image\/","url":"https:\/\/www.bellunopress.it\/wp-content\/uploads\/2011\/05\/cropped-logo-bellunopress-.jpg","contentUrl":"https:\/\/www.bellunopress.it\/wp-content\/uploads\/2011\/05\/cropped-logo-bellunopress-.jpg","width":512,"height":512,"caption":"Bellunopress"},"image":{"@id":"https:\/\/www.bellunopress.it\/#\/schema\/logo\/image\/"},"sameAs":["https:\/\/www.facebook.com\/profile.php?id=100008943462799","https:\/\/x.com\/bellunopress","https:\/\/www.linkedin.com\/hp\/?dnr=JBzUWaJfMUw8vbXJJ2tVW5-I3jZKvC4wsoxE&amp;amp;amp;amp;amp;amp;trk=nav_responsive_tab_home","https:\/\/www.youtube.com\/channel\/UCxL0wu1uN0_3_7hGG0306cw"]},{"@type":"Person","@id":"https:\/\/www.bellunopress.it\/#\/schema\/person\/79bb06722b37ece1c03d3e94beb30d73","name":"r\u00e9daction","image":{"@type":"ImageObject","inLanguage":"fr-FR","@id":"https:\/\/secure.gravatar.com\/avatar\/37d968a2e67a6fd04c169c4bdef102d0bc5d31b2546345219e348575eb80e9a0?s=96&d=mm&r=g","url":"https:\/\/secure.gravatar.com\/avatar\/37d968a2e67a6fd04c169c4bdef102d0bc5d31b2546345219e348575eb80e9a0?s=96&d=mm&r=g","contentUrl":"https:\/\/secure.gravatar.com\/avatar\/37d968a2e67a6fd04c169c4bdef102d0bc5d31b2546345219e348575eb80e9a0?s=96&d=mm&r=g","caption":"redazione"},"sameAs":["http:\/\/www.bellunopress.it","https:\/\/x.com\/bellunopress"],"url":"https:\/\/www.bellunopress.it\/fr\/author\/redazione\/"}]}},"_links":{"self":[{"href":"https:\/\/www.bellunopress.it\/fr\/wp-json\/wp\/v2\/posts\/119077","targetHints":{"allow":["GET"]}}],"collection":[{"href":"https:\/\/www.bellunopress.it\/fr\/wp-json\/wp\/v2\/posts"}],"about":[{"href":"https:\/\/www.bellunopress.it\/fr\/wp-json\/wp\/v2\/types\/post"}],"author":[{"embeddable":true,"href":"https:\/\/www.bellunopress.it\/fr\/wp-json\/wp\/v2\/users\/2"}],"replies":[{"embeddable":true,"href":"https:\/\/www.bellunopress.it\/fr\/wp-json\/wp\/v2\/comments?post=119077"}],"version-history":[{"count":1,"href":"https:\/\/www.bellunopress.it\/fr\/wp-json\/wp\/v2\/posts\/119077\/revisions"}],"predecessor-version":[{"id":119078,"href":"https:\/\/www.bellunopress.it\/fr\/wp-json\/wp\/v2\/posts\/119077\/revisions\/119078"}],"wp:featuredmedia":[{"embeddable":true,"href":"https:\/\/www.bellunopress.it\/fr\/wp-json\/wp\/v2\/media\/1957"}],"wp:attachment":[{"href":"https:\/\/www.bellunopress.it\/fr\/wp-json\/wp\/v2\/media?parent=119077"}],"wp:term":[{"taxonomy":"category","embeddable":true,"href":"https:\/\/www.bellunopress.it\/fr\/wp-json\/wp\/v2\/categories?post=119077"},{"taxonomy":"post_tag","embeddable":true,"href":"https:\/\/www.bellunopress.it\/fr\/wp-json\/wp\/v2\/tags?post=119077"}],"curies":[{"name":"wp","href":"https:\/\/api.w.org\/{rel}","templated":true}]}}