{"id":119059,"date":"2020-11-04T11:55:20","date_gmt":"2020-11-04T10:55:20","guid":{"rendered":"http:\/\/www.bellunopress.it\/?p=119059"},"modified":"2020-11-04T11:55:20","modified_gmt":"2020-11-04T10:55:20","slug":"occhialeria-donazzan-situazione-drammatica-ma-i-settori-del-lusso-sono-perni-del-rilancio","status":"publish","type":"post","link":"https:\/\/www.bellunopress.it\/fr\/2020\/11\/04\/occhialeria-donazzan-situazione-drammatica-ma-i-settori-del-lusso-sono-perni-del-rilancio\/","title":{"rendered":"Occhialeria. Donazzan: &#8220;Situazione drammatica, ma i settori del lusso sono perni del rilancio&#8221;"},"content":{"rendered":"<figure id=\"attachment_116119\" aria-describedby=\"caption-attachment-116119\" style=\"width: 597px\" class=\"wp-caption alignleft\"><a href=\"http:\/\/www.bellunopress.it\/fr\/2020\/07\/26\/scuola-donazzan-richiesti-2-milioni-di-banchi-con-le-rotelle-pericolosi-e-poco-funzionali-per-non-parlare-del-caos-degli-organici\/elena-donazzan_edited\/\" rel=\"attachment wp-att-116119\"><img loading=\"lazy\" decoding=\"async\" class=\"size-full wp-image-116119\" src=\"http:\/\/www.bellunopress.it\/wp-content\/uploads\/2020\/07\/Elena-Donazzan_edited.jpg\" alt=\"\" width=\"597\" height=\"800\" srcset=\"https:\/\/www.bellunopress.it\/wp-content\/uploads\/2020\/07\/Elena-Donazzan_edited.jpg 597w, https:\/\/www.bellunopress.it\/wp-content\/uploads\/2020\/07\/Elena-Donazzan_edited-373x500.jpg 373w, https:\/\/www.bellunopress.it\/wp-content\/uploads\/2020\/07\/Elena-Donazzan_edited-313x420.jpg 313w\" sizes=\"auto, (max-width: 597px) 100vw, 597px\" \/><\/a><figcaption id=\"caption-attachment-116119\" class=\"wp-caption-text\">Elena Donazzan assessore regionale all&#8217;Istruzione, alla Formazione e al Lavoro<\/figcaption><\/figure>\n<p>Venezia, 4 novembre 2020\u00a0\u00a0Sono tornati a riunirsi, su richiesta dell\u2019assessore regionale al Lavoro Elena Donazzan, gli Stati generali dell\u2019Occhialeria. Un tavolo di confronto nazionale nato esattamente un anno fa a Longarone (BL), spinto all\u2019epoca pre-Coronavirus dall\u2019esigenza del mondo sindacale e imprenditoriale di fare il punto su un settore di riferimento per il PIL nazionale che ha la peculiarit\u00e0 di avere la sua massima espressione produttiva proprio in Veneto.<\/p>\n<p>\u201cI temi trattati un anno fa furono quelli relativi all\u2019aggiornamento delle competenze delle imprese e dei lavoratori, il maggiore sostegno all\u2019internazionalizzazione, oltre a porre l\u2019accento sulla difesa del vero Made in Italy. &#8211; afferma Elena Donazzan al termine del webinar &#8211; Un anno dopo, e con i danni di una pandemia ancora in corso, riprendiamo da quei tre macrotemi, alla luce di una cassa integrazione che ha registrato un aumento del 1.850%, di un crollo delle assunzioni a tempo determinato per i lavoratori con bassa qualifica e di una necessit\u00e0, nell\u2019unico segno positivo, delle assunzioni per professioni ibride e di alto profilo\u201d.<\/p>\n<p>Presenti, in collegamento, i rappresentanti di Confindustria, Confartigianato, i Sindacati e Certottica, oltre al ricercatore Luca Romano che accompagna la Regione del Veneto e tutti i soggetti partecipanti nel progetto dedicato agli Stati Generali dell\u2019Occhialeria. Certottica ha anche fornito un aggiornamento in merito all\u2019attivit\u00e0 del Politecnico dell\u2019Occhialeria, che nel primo anno formativo ha visto coinvolte 50 aziende tra le maggiori nel settore.<\/p>\n<p>\u201cIl mondo del lusso ha subito il peggior contraccolpo da questa pandemia: le produzioni italiane e l\u2019occhiale, divenuto riferimento di questo segmento di consumo, devono fare i conti con l\u2019annullamento dell\u2019importante fiera MIDO di Milano, della chiusura di molti negozi di lusso negli aeroporti e nelle maggiori citt\u00e0 di tutto il mondo, oltre ad un arresto del turismo con grande capacit\u00e0 di spesa che veniva in Italia per acquistare questo tipo di beni &#8211; continua Donazzan, che conclude \u2013 tuttavia, oggi, abbiamo riallacciato il filo del pensiero di uno sviluppo possibile per un distretto dai confini e dall\u2019identit\u00e0 precisi, per il quale molti strumenti sono gi\u00e0 alla valutazione delle parti\u201d.<\/p>\n<p>Il prossimo incontro degli Stati Generali dell\u2019Occhialeria \u00e8 previsto entro la fine dell\u2019anno.<\/p>\n<p>&nbsp;<\/p>","protected":false},"excerpt":{"rendered":"<p>Venezia, 4 novembre 2020\u00a0\u00a0Sono tornati a riunirsi, su richiesta dell\u2019assessore regionale al Lavoro Elena Donazzan, gli Stati generali dell\u2019Occhialeria. Un tavolo di confronto nazionale nato esattamente un anno fa a Longarone (BL), spinto all\u2019epoca pre-Coronavirus dall\u2019esigenza del mondo sindacale e imprenditoriale di fare il punto su un settore di riferimento per il PIL nazionale che [&hellip;]<\/p>\n","protected":false},"author":2,"featured_media":116119,"comment_status":"closed","ping_status":"open","sticky":false,"template":"","format":"standard","meta":{"footnotes":""},"categories":[5,36,26],"tags":[],"class_list":["post-119059","post","type-post","status-publish","format-standard","has-post-thumbnail","category-cronaca","category-lavoro-economia","category-prima-pagina"],"yoast_head":"<!-- This site is optimized with the Yoast SEO plugin v28.4 - https:\/\/yoast.com\/product\/yoast-seo-wordpress\/ -->\n<title>Occhialeria. Donazzan: &quot;Situazione drammatica, ma i settori del lusso sono perni del rilancio&quot; - Bellunopress - Dolomiti<\/title>\n<meta name=\"robots\" content=\"index, follow, max-snippet:-1, max-image-preview:large, max-video-preview:-1\" \/>\n<link rel=\"canonical\" href=\"https:\/\/www.bellunopress.it\/fr\/2020\/11\/04\/occhialeria-donazzan-situazione-drammatica-ma-i-settori-del-lusso-sono-perni-del-rilancio\/\" \/>\n<meta property=\"og:locale\" content=\"fr_FR\" \/>\n<meta property=\"og:type\" content=\"article\" \/>\n<meta property=\"og:title\" content=\"Occhialeria. Donazzan: &quot;Situazione drammatica, ma i settori del lusso sono perni del rilancio&quot; - Bellunopress - Dolomiti\" \/>\n<meta property=\"og:description\" content=\"Venezia, 4 novembre 2020\u00a0\u00a0Sono tornati a riunirsi, su richiesta dell\u2019assessore regionale al Lavoro Elena Donazzan, gli Stati generali dell\u2019Occhialeria. Un tavolo di confronto nazionale nato esattamente un anno fa a Longarone (BL), spinto all\u2019epoca pre-Coronavirus dall\u2019esigenza del mondo sindacale e imprenditoriale di fare il punto su un settore di riferimento per il PIL nazionale che [&hellip;]\" \/>\n<meta property=\"og:url\" content=\"https:\/\/www.bellunopress.it\/fr\/2020\/11\/04\/occhialeria-donazzan-situazione-drammatica-ma-i-settori-del-lusso-sono-perni-del-rilancio\/\" \/>\n<meta property=\"og:site_name\" content=\"Bellunopress - Dolomiti\" \/>\n<meta property=\"article:publisher\" content=\"https:\/\/www.facebook.com\/profile.php?id=100008943462799\" \/>\n<meta property=\"article:published_time\" content=\"2020-11-04T10:55:20+00:00\" \/>\n<meta property=\"og:image\" content=\"https:\/\/www.bellunopress.it\/wp-content\/uploads\/2020\/07\/Elena-Donazzan_edited.jpg\" \/>\n\t<meta property=\"og:image:width\" content=\"597\" \/>\n\t<meta property=\"og:image:height\" content=\"800\" \/>\n\t<meta property=\"og:image:type\" content=\"image\/jpeg\" \/>\n<meta name=\"author\" content=\"redazione\" \/>\n<meta name=\"twitter:card\" content=\"summary_large_image\" \/>\n<meta name=\"twitter:creator\" content=\"@bellunopress\" \/>\n<meta name=\"twitter:site\" content=\"@bellunopress\" \/>\n<meta name=\"twitter:label1\" content=\"\u00c9crit par\" \/>\n\t<meta name=\"twitter:data1\" content=\"redazione\" \/>\n\t<meta name=\"twitter:label2\" content=\"Dur\u00e9e de lecture estim\u00e9e\" \/>\n\t<meta name=\"twitter:data2\" content=\"2 minutes\" \/>\n<script type=\"application\/ld+json\" class=\"yoast-schema-graph\">{\"@context\":\"https:\\\/\\\/schema.org\",\"@graph\":[{\"@type\":\"Article\",\"@id\":\"https:\\\/\\\/www.bellunopress.it\\\/2020\\\/11\\\/04\\\/occhialeria-donazzan-situazione-drammatica-ma-i-settori-del-lusso-sono-perni-del-rilancio\\\/#article\",\"isPartOf\":{\"@id\":\"https:\\\/\\\/www.bellunopress.it\\\/2020\\\/11\\\/04\\\/occhialeria-donazzan-situazione-drammatica-ma-i-settori-del-lusso-sono-perni-del-rilancio\\\/\"},\"author\":{\"name\":\"redazione\",\"@id\":\"https:\\\/\\\/www.bellunopress.it\\\/#\\\/schema\\\/person\\\/79bb06722b37ece1c03d3e94beb30d73\"},\"headline\":\"Occhialeria. Donazzan: &#8220;Situazione drammatica, ma i settori del lusso sono perni del rilancio&#8221;\",\"datePublished\":\"2020-11-04T10:55:20+00:00\",\"mainEntityOfPage\":{\"@id\":\"https:\\\/\\\/www.bellunopress.it\\\/2020\\\/11\\\/04\\\/occhialeria-donazzan-situazione-drammatica-ma-i-settori-del-lusso-sono-perni-del-rilancio\\\/\"},\"wordCount\":399,\"publisher\":{\"@id\":\"https:\\\/\\\/www.bellunopress.it\\\/#organization\"},\"image\":{\"@id\":\"https:\\\/\\\/www.bellunopress.it\\\/2020\\\/11\\\/04\\\/occhialeria-donazzan-situazione-drammatica-ma-i-settori-del-lusso-sono-perni-del-rilancio\\\/#primaryimage\"},\"thumbnailUrl\":\"https:\\\/\\\/www.bellunopress.it\\\/wp-content\\\/uploads\\\/2020\\\/07\\\/Elena-Donazzan_edited.jpg\",\"articleSection\":[\"Cronaca\\\/Politica\",\"Lavoro, Economia, Turismo\",\"Prima Pagina\"],\"inLanguage\":\"fr-FR\"},{\"@type\":\"WebPage\",\"@id\":\"https:\\\/\\\/www.bellunopress.it\\\/2020\\\/11\\\/04\\\/occhialeria-donazzan-situazione-drammatica-ma-i-settori-del-lusso-sono-perni-del-rilancio\\\/\",\"url\":\"https:\\\/\\\/www.bellunopress.it\\\/2020\\\/11\\\/04\\\/occhialeria-donazzan-situazione-drammatica-ma-i-settori-del-lusso-sono-perni-del-rilancio\\\/\",\"name\":\"Occhialeria. Donazzan: \\\"Situazione drammatica, ma i settori del lusso sono perni del rilancio\\\" - Bellunopress - Dolomiti\",\"isPartOf\":{\"@id\":\"https:\\\/\\\/www.bellunopress.it\\\/#website\"},\"primaryImageOfPage\":{\"@id\":\"https:\\\/\\\/www.bellunopress.it\\\/2020\\\/11\\\/04\\\/occhialeria-donazzan-situazione-drammatica-ma-i-settori-del-lusso-sono-perni-del-rilancio\\\/#primaryimage\"},\"image\":{\"@id\":\"https:\\\/\\\/www.bellunopress.it\\\/2020\\\/11\\\/04\\\/occhialeria-donazzan-situazione-drammatica-ma-i-settori-del-lusso-sono-perni-del-rilancio\\\/#primaryimage\"},\"thumbnailUrl\":\"https:\\\/\\\/www.bellunopress.it\\\/wp-content\\\/uploads\\\/2020\\\/07\\\/Elena-Donazzan_edited.jpg\",\"datePublished\":\"2020-11-04T10:55:20+00:00\",\"breadcrumb\":{\"@id\":\"https:\\\/\\\/www.bellunopress.it\\\/2020\\\/11\\\/04\\\/occhialeria-donazzan-situazione-drammatica-ma-i-settori-del-lusso-sono-perni-del-rilancio\\\/#breadcrumb\"},\"inLanguage\":\"fr-FR\",\"potentialAction\":[{\"@type\":\"ReadAction\",\"target\":[\"https:\\\/\\\/www.bellunopress.it\\\/2020\\\/11\\\/04\\\/occhialeria-donazzan-situazione-drammatica-ma-i-settori-del-lusso-sono-perni-del-rilancio\\\/\"]}]},{\"@type\":\"ImageObject\",\"inLanguage\":\"fr-FR\",\"@id\":\"https:\\\/\\\/www.bellunopress.it\\\/2020\\\/11\\\/04\\\/occhialeria-donazzan-situazione-drammatica-ma-i-settori-del-lusso-sono-perni-del-rilancio\\\/#primaryimage\",\"url\":\"https:\\\/\\\/www.bellunopress.it\\\/wp-content\\\/uploads\\\/2020\\\/07\\\/Elena-Donazzan_edited.jpg\",\"contentUrl\":\"https:\\\/\\\/www.bellunopress.it\\\/wp-content\\\/uploads\\\/2020\\\/07\\\/Elena-Donazzan_edited.jpg\",\"width\":597,\"height\":800,\"caption\":\"Elena Donazzan assessore regionale all'Istruzione, alla Formazione e al Lavoro\"},{\"@type\":\"BreadcrumbList\",\"@id\":\"https:\\\/\\\/www.bellunopress.it\\\/2020\\\/11\\\/04\\\/occhialeria-donazzan-situazione-drammatica-ma-i-settori-del-lusso-sono-perni-del-rilancio\\\/#breadcrumb\",\"itemListElement\":[{\"@type\":\"ListItem\",\"position\":1,\"name\":\"Home\",\"item\":\"https:\\\/\\\/www.bellunopress.it\\\/\"},{\"@type\":\"ListItem\",\"position\":2,\"name\":\"Occhialeria. Donazzan: &#8220;Situazione drammatica, ma i settori del lusso sono perni del rilancio&#8221;\"}]},{\"@type\":\"WebSite\",\"@id\":\"https:\\\/\\\/www.bellunopress.it\\\/#website\",\"url\":\"https:\\\/\\\/www.bellunopress.it\\\/\",\"name\":\"Bellunopress - Dolomiti\",\"description\":\"e-mail: redazione@bellunopress.it\",\"publisher\":{\"@id\":\"https:\\\/\\\/www.bellunopress.it\\\/#organization\"},\"potentialAction\":[{\"@type\":\"SearchAction\",\"target\":{\"@type\":\"EntryPoint\",\"urlTemplate\":\"https:\\\/\\\/www.bellunopress.it\\\/?s={search_term_string}\"},\"query-input\":{\"@type\":\"PropertyValueSpecification\",\"valueRequired\":true,\"valueName\":\"search_term_string\"}}],\"inLanguage\":\"fr-FR\"},{\"@type\":\"Organization\",\"@id\":\"https:\\\/\\\/www.bellunopress.it\\\/#organization\",\"name\":\"Bellunopress\",\"url\":\"https:\\\/\\\/www.bellunopress.it\\\/\",\"logo\":{\"@type\":\"ImageObject\",\"inLanguage\":\"fr-FR\",\"@id\":\"https:\\\/\\\/www.bellunopress.it\\\/#\\\/schema\\\/logo\\\/image\\\/\",\"url\":\"https:\\\/\\\/www.bellunopress.it\\\/wp-content\\\/uploads\\\/2011\\\/05\\\/cropped-logo-bellunopress-.jpg\",\"contentUrl\":\"https:\\\/\\\/www.bellunopress.it\\\/wp-content\\\/uploads\\\/2011\\\/05\\\/cropped-logo-bellunopress-.jpg\",\"width\":512,\"height\":512,\"caption\":\"Bellunopress\"},\"image\":{\"@id\":\"https:\\\/\\\/www.bellunopress.it\\\/#\\\/schema\\\/logo\\\/image\\\/\"},\"sameAs\":[\"https:\\\/\\\/www.facebook.com\\\/profile.php?id=100008943462799\",\"https:\\\/\\\/x.com\\\/bellunopress\",\"https:\\\/\\\/www.linkedin.com\\\/hp\\\/?dnr=JBzUWaJfMUw8vbXJJ2tVW5-I3jZKvC4wsoxE&amp;amp;amp;amp;amp;amp;trk=nav_responsive_tab_home\",\"https:\\\/\\\/www.youtube.com\\\/channel\\\/UCxL0wu1uN0_3_7hGG0306cw\"]},{\"@type\":\"Person\",\"@id\":\"https:\\\/\\\/www.bellunopress.it\\\/#\\\/schema\\\/person\\\/79bb06722b37ece1c03d3e94beb30d73\",\"name\":\"redazione\",\"image\":{\"@type\":\"ImageObject\",\"inLanguage\":\"fr-FR\",\"@id\":\"https:\\\/\\\/secure.gravatar.com\\\/avatar\\\/37d968a2e67a6fd04c169c4bdef102d0bc5d31b2546345219e348575eb80e9a0?s=96&d=mm&r=g\",\"url\":\"https:\\\/\\\/secure.gravatar.com\\\/avatar\\\/37d968a2e67a6fd04c169c4bdef102d0bc5d31b2546345219e348575eb80e9a0?s=96&d=mm&r=g\",\"contentUrl\":\"https:\\\/\\\/secure.gravatar.com\\\/avatar\\\/37d968a2e67a6fd04c169c4bdef102d0bc5d31b2546345219e348575eb80e9a0?s=96&d=mm&r=g\",\"caption\":\"redazione\"},\"sameAs\":[\"http:\\\/\\\/www.bellunopress.it\",\"https:\\\/\\\/x.com\\\/bellunopress\"],\"url\":\"https:\\\/\\\/www.bellunopress.it\\\/fr\\\/author\\\/redazione\\\/\"}]}<\/script>\n<!-- \/ Yoast SEO plugin. -->","yoast_head_json":{"title":"Occhialeria. Donazzan: \"Situazione drammatica, ma i settori del lusso sono perni del rilancio\" - Bellunopress - Dolomiti","robots":{"index":"index","follow":"follow","max-snippet":"max-snippet:-1","max-image-preview":"max-image-preview:large","max-video-preview":"max-video-preview:-1"},"canonical":"https:\/\/www.bellunopress.it\/fr\/2020\/11\/04\/occhialeria-donazzan-situazione-drammatica-ma-i-settori-del-lusso-sono-perni-del-rilancio\/","og_locale":"fr_FR","og_type":"article","og_title":"Occhialeria. Donazzan: \"Situazione drammatica, ma i settori del lusso sono perni del rilancio\" - Bellunopress - Dolomiti","og_description":"Venezia, 4 novembre 2020\u00a0\u00a0Sono tornati a riunirsi, su richiesta dell\u2019assessore regionale al Lavoro Elena Donazzan, gli Stati generali dell\u2019Occhialeria. Un tavolo di confronto nazionale nato esattamente un anno fa a Longarone (BL), spinto all\u2019epoca pre-Coronavirus dall\u2019esigenza del mondo sindacale e imprenditoriale di fare il punto su un settore di riferimento per il PIL nazionale che [&hellip;]","og_url":"https:\/\/www.bellunopress.it\/fr\/2020\/11\/04\/occhialeria-donazzan-situazione-drammatica-ma-i-settori-del-lusso-sono-perni-del-rilancio\/","og_site_name":"Bellunopress - Dolomiti","article_publisher":"https:\/\/www.facebook.com\/profile.php?id=100008943462799","article_published_time":"2020-11-04T10:55:20+00:00","og_image":[{"width":597,"height":800,"url":"https:\/\/www.bellunopress.it\/wp-content\/uploads\/2020\/07\/Elena-Donazzan_edited.jpg","type":"image\/jpeg"}],"author":"redazione","twitter_card":"summary_large_image","twitter_creator":"@bellunopress","twitter_site":"@bellunopress","twitter_misc":{"\u00c9crit par":"redazione","Dur\u00e9e de lecture estim\u00e9e":"2 minutes"},"schema":{"@context":"https:\/\/schema.org","@graph":[{"@type":"Article","@id":"https:\/\/www.bellunopress.it\/2020\/11\/04\/occhialeria-donazzan-situazione-drammatica-ma-i-settori-del-lusso-sono-perni-del-rilancio\/#article","isPartOf":{"@id":"https:\/\/www.bellunopress.it\/2020\/11\/04\/occhialeria-donazzan-situazione-drammatica-ma-i-settori-del-lusso-sono-perni-del-rilancio\/"},"author":{"name":"redazione","@id":"https:\/\/www.bellunopress.it\/#\/schema\/person\/79bb06722b37ece1c03d3e94beb30d73"},"headline":"Occhialeria. Donazzan: &#8220;Situazione drammatica, ma i settori del lusso sono perni del rilancio&#8221;","datePublished":"2020-11-04T10:55:20+00:00","mainEntityOfPage":{"@id":"https:\/\/www.bellunopress.it\/2020\/11\/04\/occhialeria-donazzan-situazione-drammatica-ma-i-settori-del-lusso-sono-perni-del-rilancio\/"},"wordCount":399,"publisher":{"@id":"https:\/\/www.bellunopress.it\/#organization"},"image":{"@id":"https:\/\/www.bellunopress.it\/2020\/11\/04\/occhialeria-donazzan-situazione-drammatica-ma-i-settori-del-lusso-sono-perni-del-rilancio\/#primaryimage"},"thumbnailUrl":"https:\/\/www.bellunopress.it\/wp-content\/uploads\/2020\/07\/Elena-Donazzan_edited.jpg","articleSection":["Cronaca\/Politica","Lavoro, Economia, Turismo","Prima Pagina"],"inLanguage":"fr-FR"},{"@type":"WebPage","@id":"https:\/\/www.bellunopress.it\/2020\/11\/04\/occhialeria-donazzan-situazione-drammatica-ma-i-settori-del-lusso-sono-perni-del-rilancio\/","url":"https:\/\/www.bellunopress.it\/2020\/11\/04\/occhialeria-donazzan-situazione-drammatica-ma-i-settori-del-lusso-sono-perni-del-rilancio\/","name":"Occhialeria. Donazzan: \"Situazione drammatica, ma i settori del lusso sono perni del rilancio\" - Bellunopress - Dolomiti","isPartOf":{"@id":"https:\/\/www.bellunopress.it\/#website"},"primaryImageOfPage":{"@id":"https:\/\/www.bellunopress.it\/2020\/11\/04\/occhialeria-donazzan-situazione-drammatica-ma-i-settori-del-lusso-sono-perni-del-rilancio\/#primaryimage"},"image":{"@id":"https:\/\/www.bellunopress.it\/2020\/11\/04\/occhialeria-donazzan-situazione-drammatica-ma-i-settori-del-lusso-sono-perni-del-rilancio\/#primaryimage"},"thumbnailUrl":"https:\/\/www.bellunopress.it\/wp-content\/uploads\/2020\/07\/Elena-Donazzan_edited.jpg","datePublished":"2020-11-04T10:55:20+00:00","breadcrumb":{"@id":"https:\/\/www.bellunopress.it\/2020\/11\/04\/occhialeria-donazzan-situazione-drammatica-ma-i-settori-del-lusso-sono-perni-del-rilancio\/#breadcrumb"},"inLanguage":"fr-FR","potentialAction":[{"@type":"ReadAction","target":["https:\/\/www.bellunopress.it\/2020\/11\/04\/occhialeria-donazzan-situazione-drammatica-ma-i-settori-del-lusso-sono-perni-del-rilancio\/"]}]},{"@type":"ImageObject","inLanguage":"fr-FR","@id":"https:\/\/www.bellunopress.it\/2020\/11\/04\/occhialeria-donazzan-situazione-drammatica-ma-i-settori-del-lusso-sono-perni-del-rilancio\/#primaryimage","url":"https:\/\/www.bellunopress.it\/wp-content\/uploads\/2020\/07\/Elena-Donazzan_edited.jpg","contentUrl":"https:\/\/www.bellunopress.it\/wp-content\/uploads\/2020\/07\/Elena-Donazzan_edited.jpg","width":597,"height":800,"caption":"Elena Donazzan assessore regionale all'Istruzione, alla Formazione e al Lavoro"},{"@type":"BreadcrumbList","@id":"https:\/\/www.bellunopress.it\/2020\/11\/04\/occhialeria-donazzan-situazione-drammatica-ma-i-settori-del-lusso-sono-perni-del-rilancio\/#breadcrumb","itemListElement":[{"@type":"ListItem","position":1,"name":"Home","item":"https:\/\/www.bellunopress.it\/"},{"@type":"ListItem","position":2,"name":"Occhialeria. Donazzan: &#8220;Situazione drammatica, ma i settori del lusso sono perni del rilancio&#8221;"}]},{"@type":"WebSite","@id":"https:\/\/www.bellunopress.it\/#website","url":"https:\/\/www.bellunopress.it\/","name":"Bellunopress - Dolomiti","description":"e-mail: redazione@bellunopress.it","publisher":{"@id":"https:\/\/www.bellunopress.it\/#organization"},"potentialAction":[{"@type":"SearchAction","target":{"@type":"EntryPoint","urlTemplate":"https:\/\/www.bellunopress.it\/?s={search_term_string}"},"query-input":{"@type":"PropertyValueSpecification","valueRequired":true,"valueName":"search_term_string"}}],"inLanguage":"fr-FR"},{"@type":"Organization","@id":"https:\/\/www.bellunopress.it\/#organization","name":"Bellunopress","url":"https:\/\/www.bellunopress.it\/","logo":{"@type":"ImageObject","inLanguage":"fr-FR","@id":"https:\/\/www.bellunopress.it\/#\/schema\/logo\/image\/","url":"https:\/\/www.bellunopress.it\/wp-content\/uploads\/2011\/05\/cropped-logo-bellunopress-.jpg","contentUrl":"https:\/\/www.bellunopress.it\/wp-content\/uploads\/2011\/05\/cropped-logo-bellunopress-.jpg","width":512,"height":512,"caption":"Bellunopress"},"image":{"@id":"https:\/\/www.bellunopress.it\/#\/schema\/logo\/image\/"},"sameAs":["https:\/\/www.facebook.com\/profile.php?id=100008943462799","https:\/\/x.com\/bellunopress","https:\/\/www.linkedin.com\/hp\/?dnr=JBzUWaJfMUw8vbXJJ2tVW5-I3jZKvC4wsoxE&amp;amp;amp;amp;amp;amp;trk=nav_responsive_tab_home","https:\/\/www.youtube.com\/channel\/UCxL0wu1uN0_3_7hGG0306cw"]},{"@type":"Person","@id":"https:\/\/www.bellunopress.it\/#\/schema\/person\/79bb06722b37ece1c03d3e94beb30d73","name":"r\u00e9daction","image":{"@type":"ImageObject","inLanguage":"fr-FR","@id":"https:\/\/secure.gravatar.com\/avatar\/37d968a2e67a6fd04c169c4bdef102d0bc5d31b2546345219e348575eb80e9a0?s=96&d=mm&r=g","url":"https:\/\/secure.gravatar.com\/avatar\/37d968a2e67a6fd04c169c4bdef102d0bc5d31b2546345219e348575eb80e9a0?s=96&d=mm&r=g","contentUrl":"https:\/\/secure.gravatar.com\/avatar\/37d968a2e67a6fd04c169c4bdef102d0bc5d31b2546345219e348575eb80e9a0?s=96&d=mm&r=g","caption":"redazione"},"sameAs":["http:\/\/www.bellunopress.it","https:\/\/x.com\/bellunopress"],"url":"https:\/\/www.bellunopress.it\/fr\/author\/redazione\/"}]}},"_links":{"self":[{"href":"https:\/\/www.bellunopress.it\/fr\/wp-json\/wp\/v2\/posts\/119059","targetHints":{"allow":["GET"]}}],"collection":[{"href":"https:\/\/www.bellunopress.it\/fr\/wp-json\/wp\/v2\/posts"}],"about":[{"href":"https:\/\/www.bellunopress.it\/fr\/wp-json\/wp\/v2\/types\/post"}],"author":[{"embeddable":true,"href":"https:\/\/www.bellunopress.it\/fr\/wp-json\/wp\/v2\/users\/2"}],"replies":[{"embeddable":true,"href":"https:\/\/www.bellunopress.it\/fr\/wp-json\/wp\/v2\/comments?post=119059"}],"version-history":[{"count":1,"href":"https:\/\/www.bellunopress.it\/fr\/wp-json\/wp\/v2\/posts\/119059\/revisions"}],"predecessor-version":[{"id":119060,"href":"https:\/\/www.bellunopress.it\/fr\/wp-json\/wp\/v2\/posts\/119059\/revisions\/119060"}],"wp:featuredmedia":[{"embeddable":true,"href":"https:\/\/www.bellunopress.it\/fr\/wp-json\/wp\/v2\/media\/116119"}],"wp:attachment":[{"href":"https:\/\/www.bellunopress.it\/fr\/wp-json\/wp\/v2\/media?parent=119059"}],"wp:term":[{"taxonomy":"category","embeddable":true,"href":"https:\/\/www.bellunopress.it\/fr\/wp-json\/wp\/v2\/categories?post=119059"},{"taxonomy":"post_tag","embeddable":true,"href":"https:\/\/www.bellunopress.it\/fr\/wp-json\/wp\/v2\/tags?post=119059"}],"curies":[{"name":"wp","href":"https:\/\/api.w.org\/{rel}","templated":true}]}}