{"id":119022,"date":"2020-11-02T17:34:37","date_gmt":"2020-11-02T16:34:37","guid":{"rendered":"http:\/\/www.bellunopress.it\/?p=119022"},"modified":"2020-11-02T17:34:37","modified_gmt":"2020-11-02T16:34:37","slug":"sicurezza-urbana-sottoscritti-due-nuovi-patti-in-prefettura","status":"publish","type":"post","link":"https:\/\/www.bellunopress.it\/fr\/2020\/11\/02\/sicurezza-urbana-sottoscritti-due-nuovi-patti-in-prefettura\/","title":{"rendered":"Sicurezza urbana. Sottoscritti due nuovi patti in Prefettura"},"content":{"rendered":"<p><a href=\"http:\/\/www.bellunopress.it\/fr\/2020\/02\/28\/coronavirus-incontro-in-prefettura-tra-istituzioni-categorie-e-sindacati\/prefettura-005\/\" rel=\"attachment wp-att-112541\"><img loading=\"lazy\" decoding=\"async\" class=\"alignleft size-full wp-image-112541\" src=\"http:\/\/www.bellunopress.it\/wp-content\/uploads\/2020\/02\/prefettura-005.jpg\" alt=\"\" width=\"667\" height=\"1000\" srcset=\"https:\/\/www.bellunopress.it\/wp-content\/uploads\/2020\/02\/prefettura-005.jpg 667w, https:\/\/www.bellunopress.it\/wp-content\/uploads\/2020\/02\/prefettura-005-334x500.jpg 334w, https:\/\/www.bellunopress.it\/wp-content\/uploads\/2020\/02\/prefettura-005-280x420.jpg 280w\" sizes=\"auto, (max-width: 667px) 100vw, 667px\" \/><\/a>Sono stati sottoscritti lo scorso 30 ottobre i Patti per l\u2019attuazione della sicurezza urbana tra il Prefetto ed i Sindaci dei Comuni di Alano di Piave e Quero Vas, afferenti all\u2019Unione dei Comuni del basso feltrino Setteville, ed il Sindaco di Zopp\u00e8 di Cadore.<\/p>\n<p>Attraverso i predetti Patti la Prefettura ed i Comuni, nel rispetto delle reciproche competenze, adottano strategie congiunte, volte a migliorare la percezione di sicurezza dei cittadini e a contrastare ogni forma di illegalit\u00e0.<br \/>\nAl fine del perseguimento delle finalit\u00e0 di cui sopra e, in particolare, per la prevenzione e il contrasto della criminalit\u00e0 diffusa e predatoria, \u00e8 stato individuato quale prioritario obiettivo l\u2019installazione e\/o il potenziamento dei sistemi di videosorveglianza comunali, dedicati alle aree dei territori di competenza comunale maggiormente interessati da situazioni di degrado e di illegalit\u00e0. In questo contesto, i citati Comuni hanno peraltro presentato domanda di accesso ai fondi statali per l\u2019installazione e l\u2019ampliamento della videosorveglianza comunale, i cui progetti sono stati positivamente valutati dal Comitato Provinciale per l\u2019Ordine e la Sicurezza Pubblica.<br \/>\nInoltre, \u00e8 stata istituita presso la Prefettura &#8211; Ufficio Territoriale del Governo una Cabina di regia, composta dai rappresentanti delle Forze di polizia e della Polizia locale, con il compito di monitorare lo stato di attuazione del Patti.<\/p>\n<p>&nbsp;<\/p>\n<p>&nbsp;<\/p>","protected":false},"excerpt":{"rendered":"<p>Sono stati sottoscritti lo scorso 30 ottobre i Patti per l\u2019attuazione della sicurezza urbana tra il Prefetto ed i Sindaci dei Comuni di Alano di Piave e Quero Vas, afferenti all\u2019Unione dei Comuni del basso feltrino Setteville, ed il Sindaco di Zopp\u00e8 di Cadore. Attraverso i predetti Patti la Prefettura ed i Comuni, nel rispetto [&hellip;]<\/p>\n","protected":false},"author":2,"featured_media":112541,"comment_status":"closed","ping_status":"open","sticky":false,"template":"","format":"standard","meta":{"footnotes":""},"categories":[26,8],"tags":[],"class_list":["post-119022","post","type-post","status-publish","format-standard","has-post-thumbnail","category-prima-pagina","category-societa-istituzioni"],"yoast_head":"<!-- This site is optimized with the Yoast SEO plugin v28.4 - https:\/\/yoast.com\/product\/yoast-seo-wordpress\/ -->\n<title>Sicurezza urbana. Sottoscritti due nuovi patti in Prefettura - Bellunopress - Dolomiti<\/title>\n<meta name=\"robots\" content=\"index, follow, max-snippet:-1, max-image-preview:large, max-video-preview:-1\" \/>\n<link rel=\"canonical\" href=\"https:\/\/www.bellunopress.it\/fr\/2020\/11\/02\/sicurezza-urbana-sottoscritti-due-nuovi-patti-in-prefettura\/\" \/>\n<meta property=\"og:locale\" content=\"fr_FR\" \/>\n<meta property=\"og:type\" content=\"article\" \/>\n<meta property=\"og:title\" content=\"Sicurezza urbana. Sottoscritti due nuovi patti in Prefettura - Bellunopress - Dolomiti\" \/>\n<meta property=\"og:description\" content=\"Sono stati sottoscritti lo scorso 30 ottobre i Patti per l\u2019attuazione della sicurezza urbana tra il Prefetto ed i Sindaci dei Comuni di Alano di Piave e Quero Vas, afferenti all\u2019Unione dei Comuni del basso feltrino Setteville, ed il Sindaco di Zopp\u00e8 di Cadore. Attraverso i predetti Patti la Prefettura ed i Comuni, nel rispetto [&hellip;]\" \/>\n<meta property=\"og:url\" content=\"https:\/\/www.bellunopress.it\/fr\/2020\/11\/02\/sicurezza-urbana-sottoscritti-due-nuovi-patti-in-prefettura\/\" \/>\n<meta property=\"og:site_name\" content=\"Bellunopress - Dolomiti\" \/>\n<meta property=\"article:publisher\" content=\"https:\/\/www.facebook.com\/profile.php?id=100008943462799\" \/>\n<meta property=\"article:published_time\" content=\"2020-11-02T16:34:37+00:00\" \/>\n<meta property=\"og:image\" content=\"https:\/\/www.bellunopress.it\/wp-content\/uploads\/2020\/02\/prefettura-005.jpg\" \/>\n\t<meta property=\"og:image:width\" content=\"667\" \/>\n\t<meta property=\"og:image:height\" content=\"1000\" \/>\n\t<meta property=\"og:image:type\" content=\"image\/jpeg\" \/>\n<meta name=\"author\" content=\"redazione\" \/>\n<meta name=\"twitter:card\" content=\"summary_large_image\" \/>\n<meta name=\"twitter:creator\" content=\"@bellunopress\" \/>\n<meta name=\"twitter:site\" content=\"@bellunopress\" \/>\n<meta name=\"twitter:label1\" content=\"\u00c9crit par\" \/>\n\t<meta name=\"twitter:data1\" content=\"redazione\" \/>\n\t<meta name=\"twitter:label2\" content=\"Dur\u00e9e de lecture estim\u00e9e\" \/>\n\t<meta name=\"twitter:data2\" content=\"1 minute\" \/>\n<script type=\"application\/ld+json\" class=\"yoast-schema-graph\">{\"@context\":\"https:\\\/\\\/schema.org\",\"@graph\":[{\"@type\":\"Article\",\"@id\":\"https:\\\/\\\/www.bellunopress.it\\\/2020\\\/11\\\/02\\\/sicurezza-urbana-sottoscritti-due-nuovi-patti-in-prefettura\\\/#article\",\"isPartOf\":{\"@id\":\"https:\\\/\\\/www.bellunopress.it\\\/2020\\\/11\\\/02\\\/sicurezza-urbana-sottoscritti-due-nuovi-patti-in-prefettura\\\/\"},\"author\":{\"name\":\"redazione\",\"@id\":\"https:\\\/\\\/www.bellunopress.it\\\/#\\\/schema\\\/person\\\/79bb06722b37ece1c03d3e94beb30d73\"},\"headline\":\"Sicurezza urbana. Sottoscritti due nuovi patti in Prefettura\",\"datePublished\":\"2020-11-02T16:34:37+00:00\",\"mainEntityOfPage\":{\"@id\":\"https:\\\/\\\/www.bellunopress.it\\\/2020\\\/11\\\/02\\\/sicurezza-urbana-sottoscritti-due-nuovi-patti-in-prefettura\\\/\"},\"wordCount\":222,\"publisher\":{\"@id\":\"https:\\\/\\\/www.bellunopress.it\\\/#organization\"},\"image\":{\"@id\":\"https:\\\/\\\/www.bellunopress.it\\\/2020\\\/11\\\/02\\\/sicurezza-urbana-sottoscritti-due-nuovi-patti-in-prefettura\\\/#primaryimage\"},\"thumbnailUrl\":\"https:\\\/\\\/www.bellunopress.it\\\/wp-content\\\/uploads\\\/2020\\\/02\\\/prefettura-005.jpg\",\"articleSection\":[\"Prima Pagina\",\"Societ\u00e0, Associazioni, Istituzioni\"],\"inLanguage\":\"fr-FR\"},{\"@type\":\"WebPage\",\"@id\":\"https:\\\/\\\/www.bellunopress.it\\\/2020\\\/11\\\/02\\\/sicurezza-urbana-sottoscritti-due-nuovi-patti-in-prefettura\\\/\",\"url\":\"https:\\\/\\\/www.bellunopress.it\\\/2020\\\/11\\\/02\\\/sicurezza-urbana-sottoscritti-due-nuovi-patti-in-prefettura\\\/\",\"name\":\"Sicurezza urbana. Sottoscritti due nuovi patti in Prefettura - Bellunopress - Dolomiti\",\"isPartOf\":{\"@id\":\"https:\\\/\\\/www.bellunopress.it\\\/#website\"},\"primaryImageOfPage\":{\"@id\":\"https:\\\/\\\/www.bellunopress.it\\\/2020\\\/11\\\/02\\\/sicurezza-urbana-sottoscritti-due-nuovi-patti-in-prefettura\\\/#primaryimage\"},\"image\":{\"@id\":\"https:\\\/\\\/www.bellunopress.it\\\/2020\\\/11\\\/02\\\/sicurezza-urbana-sottoscritti-due-nuovi-patti-in-prefettura\\\/#primaryimage\"},\"thumbnailUrl\":\"https:\\\/\\\/www.bellunopress.it\\\/wp-content\\\/uploads\\\/2020\\\/02\\\/prefettura-005.jpg\",\"datePublished\":\"2020-11-02T16:34:37+00:00\",\"breadcrumb\":{\"@id\":\"https:\\\/\\\/www.bellunopress.it\\\/2020\\\/11\\\/02\\\/sicurezza-urbana-sottoscritti-due-nuovi-patti-in-prefettura\\\/#breadcrumb\"},\"inLanguage\":\"fr-FR\",\"potentialAction\":[{\"@type\":\"ReadAction\",\"target\":[\"https:\\\/\\\/www.bellunopress.it\\\/2020\\\/11\\\/02\\\/sicurezza-urbana-sottoscritti-due-nuovi-patti-in-prefettura\\\/\"]}]},{\"@type\":\"ImageObject\",\"inLanguage\":\"fr-FR\",\"@id\":\"https:\\\/\\\/www.bellunopress.it\\\/2020\\\/11\\\/02\\\/sicurezza-urbana-sottoscritti-due-nuovi-patti-in-prefettura\\\/#primaryimage\",\"url\":\"https:\\\/\\\/www.bellunopress.it\\\/wp-content\\\/uploads\\\/2020\\\/02\\\/prefettura-005.jpg\",\"contentUrl\":\"https:\\\/\\\/www.bellunopress.it\\\/wp-content\\\/uploads\\\/2020\\\/02\\\/prefettura-005.jpg\",\"width\":667,\"height\":1000,\"caption\":\"Prefettura di Belluno\"},{\"@type\":\"BreadcrumbList\",\"@id\":\"https:\\\/\\\/www.bellunopress.it\\\/2020\\\/11\\\/02\\\/sicurezza-urbana-sottoscritti-due-nuovi-patti-in-prefettura\\\/#breadcrumb\",\"itemListElement\":[{\"@type\":\"ListItem\",\"position\":1,\"name\":\"Home\",\"item\":\"https:\\\/\\\/www.bellunopress.it\\\/\"},{\"@type\":\"ListItem\",\"position\":2,\"name\":\"Sicurezza urbana. Sottoscritti due nuovi patti in Prefettura\"}]},{\"@type\":\"WebSite\",\"@id\":\"https:\\\/\\\/www.bellunopress.it\\\/#website\",\"url\":\"https:\\\/\\\/www.bellunopress.it\\\/\",\"name\":\"Bellunopress - Dolomiti\",\"description\":\"e-mail: redazione@bellunopress.it\",\"publisher\":{\"@id\":\"https:\\\/\\\/www.bellunopress.it\\\/#organization\"},\"potentialAction\":[{\"@type\":\"SearchAction\",\"target\":{\"@type\":\"EntryPoint\",\"urlTemplate\":\"https:\\\/\\\/www.bellunopress.it\\\/?s={search_term_string}\"},\"query-input\":{\"@type\":\"PropertyValueSpecification\",\"valueRequired\":true,\"valueName\":\"search_term_string\"}}],\"inLanguage\":\"fr-FR\"},{\"@type\":\"Organization\",\"@id\":\"https:\\\/\\\/www.bellunopress.it\\\/#organization\",\"name\":\"Bellunopress\",\"url\":\"https:\\\/\\\/www.bellunopress.it\\\/\",\"logo\":{\"@type\":\"ImageObject\",\"inLanguage\":\"fr-FR\",\"@id\":\"https:\\\/\\\/www.bellunopress.it\\\/#\\\/schema\\\/logo\\\/image\\\/\",\"url\":\"https:\\\/\\\/www.bellunopress.it\\\/wp-content\\\/uploads\\\/2011\\\/05\\\/cropped-logo-bellunopress-.jpg\",\"contentUrl\":\"https:\\\/\\\/www.bellunopress.it\\\/wp-content\\\/uploads\\\/2011\\\/05\\\/cropped-logo-bellunopress-.jpg\",\"width\":512,\"height\":512,\"caption\":\"Bellunopress\"},\"image\":{\"@id\":\"https:\\\/\\\/www.bellunopress.it\\\/#\\\/schema\\\/logo\\\/image\\\/\"},\"sameAs\":[\"https:\\\/\\\/www.facebook.com\\\/profile.php?id=100008943462799\",\"https:\\\/\\\/x.com\\\/bellunopress\",\"https:\\\/\\\/www.linkedin.com\\\/hp\\\/?dnr=JBzUWaJfMUw8vbXJJ2tVW5-I3jZKvC4wsoxE&amp;amp;amp;amp;amp;amp;trk=nav_responsive_tab_home\",\"https:\\\/\\\/www.youtube.com\\\/channel\\\/UCxL0wu1uN0_3_7hGG0306cw\"]},{\"@type\":\"Person\",\"@id\":\"https:\\\/\\\/www.bellunopress.it\\\/#\\\/schema\\\/person\\\/79bb06722b37ece1c03d3e94beb30d73\",\"name\":\"redazione\",\"image\":{\"@type\":\"ImageObject\",\"inLanguage\":\"fr-FR\",\"@id\":\"https:\\\/\\\/secure.gravatar.com\\\/avatar\\\/37d968a2e67a6fd04c169c4bdef102d0bc5d31b2546345219e348575eb80e9a0?s=96&d=mm&r=g\",\"url\":\"https:\\\/\\\/secure.gravatar.com\\\/avatar\\\/37d968a2e67a6fd04c169c4bdef102d0bc5d31b2546345219e348575eb80e9a0?s=96&d=mm&r=g\",\"contentUrl\":\"https:\\\/\\\/secure.gravatar.com\\\/avatar\\\/37d968a2e67a6fd04c169c4bdef102d0bc5d31b2546345219e348575eb80e9a0?s=96&d=mm&r=g\",\"caption\":\"redazione\"},\"sameAs\":[\"http:\\\/\\\/www.bellunopress.it\",\"https:\\\/\\\/x.com\\\/bellunopress\"],\"url\":\"https:\\\/\\\/www.bellunopress.it\\\/fr\\\/author\\\/redazione\\\/\"}]}<\/script>\n<!-- \/ Yoast SEO plugin. -->","yoast_head_json":{"title":"Sicurezza urbana. Sottoscritti due nuovi patti in Prefettura - Bellunopress - Dolomiti","robots":{"index":"index","follow":"follow","max-snippet":"max-snippet:-1","max-image-preview":"max-image-preview:large","max-video-preview":"max-video-preview:-1"},"canonical":"https:\/\/www.bellunopress.it\/fr\/2020\/11\/02\/sicurezza-urbana-sottoscritti-due-nuovi-patti-in-prefettura\/","og_locale":"fr_FR","og_type":"article","og_title":"Sicurezza urbana. Sottoscritti due nuovi patti in Prefettura - Bellunopress - Dolomiti","og_description":"Sono stati sottoscritti lo scorso 30 ottobre i Patti per l\u2019attuazione della sicurezza urbana tra il Prefetto ed i Sindaci dei Comuni di Alano di Piave e Quero Vas, afferenti all\u2019Unione dei Comuni del basso feltrino Setteville, ed il Sindaco di Zopp\u00e8 di Cadore. Attraverso i predetti Patti la Prefettura ed i Comuni, nel rispetto [&hellip;]","og_url":"https:\/\/www.bellunopress.it\/fr\/2020\/11\/02\/sicurezza-urbana-sottoscritti-due-nuovi-patti-in-prefettura\/","og_site_name":"Bellunopress - Dolomiti","article_publisher":"https:\/\/www.facebook.com\/profile.php?id=100008943462799","article_published_time":"2020-11-02T16:34:37+00:00","og_image":[{"width":667,"height":1000,"url":"https:\/\/www.bellunopress.it\/wp-content\/uploads\/2020\/02\/prefettura-005.jpg","type":"image\/jpeg"}],"author":"redazione","twitter_card":"summary_large_image","twitter_creator":"@bellunopress","twitter_site":"@bellunopress","twitter_misc":{"\u00c9crit par":"redazione","Dur\u00e9e de lecture estim\u00e9e":"1 minute"},"schema":{"@context":"https:\/\/schema.org","@graph":[{"@type":"Article","@id":"https:\/\/www.bellunopress.it\/2020\/11\/02\/sicurezza-urbana-sottoscritti-due-nuovi-patti-in-prefettura\/#article","isPartOf":{"@id":"https:\/\/www.bellunopress.it\/2020\/11\/02\/sicurezza-urbana-sottoscritti-due-nuovi-patti-in-prefettura\/"},"author":{"name":"redazione","@id":"https:\/\/www.bellunopress.it\/#\/schema\/person\/79bb06722b37ece1c03d3e94beb30d73"},"headline":"Sicurezza urbana. Sottoscritti due nuovi patti in Prefettura","datePublished":"2020-11-02T16:34:37+00:00","mainEntityOfPage":{"@id":"https:\/\/www.bellunopress.it\/2020\/11\/02\/sicurezza-urbana-sottoscritti-due-nuovi-patti-in-prefettura\/"},"wordCount":222,"publisher":{"@id":"https:\/\/www.bellunopress.it\/#organization"},"image":{"@id":"https:\/\/www.bellunopress.it\/2020\/11\/02\/sicurezza-urbana-sottoscritti-due-nuovi-patti-in-prefettura\/#primaryimage"},"thumbnailUrl":"https:\/\/www.bellunopress.it\/wp-content\/uploads\/2020\/02\/prefettura-005.jpg","articleSection":["Prima Pagina","Societ\u00e0, Associazioni, Istituzioni"],"inLanguage":"fr-FR"},{"@type":"WebPage","@id":"https:\/\/www.bellunopress.it\/2020\/11\/02\/sicurezza-urbana-sottoscritti-due-nuovi-patti-in-prefettura\/","url":"https:\/\/www.bellunopress.it\/2020\/11\/02\/sicurezza-urbana-sottoscritti-due-nuovi-patti-in-prefettura\/","name":"Sicurezza urbana. Sottoscritti due nuovi patti in Prefettura - Bellunopress - Dolomiti","isPartOf":{"@id":"https:\/\/www.bellunopress.it\/#website"},"primaryImageOfPage":{"@id":"https:\/\/www.bellunopress.it\/2020\/11\/02\/sicurezza-urbana-sottoscritti-due-nuovi-patti-in-prefettura\/#primaryimage"},"image":{"@id":"https:\/\/www.bellunopress.it\/2020\/11\/02\/sicurezza-urbana-sottoscritti-due-nuovi-patti-in-prefettura\/#primaryimage"},"thumbnailUrl":"https:\/\/www.bellunopress.it\/wp-content\/uploads\/2020\/02\/prefettura-005.jpg","datePublished":"2020-11-02T16:34:37+00:00","breadcrumb":{"@id":"https:\/\/www.bellunopress.it\/2020\/11\/02\/sicurezza-urbana-sottoscritti-due-nuovi-patti-in-prefettura\/#breadcrumb"},"inLanguage":"fr-FR","potentialAction":[{"@type":"ReadAction","target":["https:\/\/www.bellunopress.it\/2020\/11\/02\/sicurezza-urbana-sottoscritti-due-nuovi-patti-in-prefettura\/"]}]},{"@type":"ImageObject","inLanguage":"fr-FR","@id":"https:\/\/www.bellunopress.it\/2020\/11\/02\/sicurezza-urbana-sottoscritti-due-nuovi-patti-in-prefettura\/#primaryimage","url":"https:\/\/www.bellunopress.it\/wp-content\/uploads\/2020\/02\/prefettura-005.jpg","contentUrl":"https:\/\/www.bellunopress.it\/wp-content\/uploads\/2020\/02\/prefettura-005.jpg","width":667,"height":1000,"caption":"Prefettura di Belluno"},{"@type":"BreadcrumbList","@id":"https:\/\/www.bellunopress.it\/2020\/11\/02\/sicurezza-urbana-sottoscritti-due-nuovi-patti-in-prefettura\/#breadcrumb","itemListElement":[{"@type":"ListItem","position":1,"name":"Home","item":"https:\/\/www.bellunopress.it\/"},{"@type":"ListItem","position":2,"name":"Sicurezza urbana. Sottoscritti due nuovi patti in Prefettura"}]},{"@type":"WebSite","@id":"https:\/\/www.bellunopress.it\/#website","url":"https:\/\/www.bellunopress.it\/","name":"Bellunopress - Dolomiti","description":"e-mail: redazione@bellunopress.it","publisher":{"@id":"https:\/\/www.bellunopress.it\/#organization"},"potentialAction":[{"@type":"SearchAction","target":{"@type":"EntryPoint","urlTemplate":"https:\/\/www.bellunopress.it\/?s={search_term_string}"},"query-input":{"@type":"PropertyValueSpecification","valueRequired":true,"valueName":"search_term_string"}}],"inLanguage":"fr-FR"},{"@type":"Organization","@id":"https:\/\/www.bellunopress.it\/#organization","name":"Bellunopress","url":"https:\/\/www.bellunopress.it\/","logo":{"@type":"ImageObject","inLanguage":"fr-FR","@id":"https:\/\/www.bellunopress.it\/#\/schema\/logo\/image\/","url":"https:\/\/www.bellunopress.it\/wp-content\/uploads\/2011\/05\/cropped-logo-bellunopress-.jpg","contentUrl":"https:\/\/www.bellunopress.it\/wp-content\/uploads\/2011\/05\/cropped-logo-bellunopress-.jpg","width":512,"height":512,"caption":"Bellunopress"},"image":{"@id":"https:\/\/www.bellunopress.it\/#\/schema\/logo\/image\/"},"sameAs":["https:\/\/www.facebook.com\/profile.php?id=100008943462799","https:\/\/x.com\/bellunopress","https:\/\/www.linkedin.com\/hp\/?dnr=JBzUWaJfMUw8vbXJJ2tVW5-I3jZKvC4wsoxE&amp;amp;amp;amp;amp;amp;trk=nav_responsive_tab_home","https:\/\/www.youtube.com\/channel\/UCxL0wu1uN0_3_7hGG0306cw"]},{"@type":"Person","@id":"https:\/\/www.bellunopress.it\/#\/schema\/person\/79bb06722b37ece1c03d3e94beb30d73","name":"r\u00e9daction","image":{"@type":"ImageObject","inLanguage":"fr-FR","@id":"https:\/\/secure.gravatar.com\/avatar\/37d968a2e67a6fd04c169c4bdef102d0bc5d31b2546345219e348575eb80e9a0?s=96&d=mm&r=g","url":"https:\/\/secure.gravatar.com\/avatar\/37d968a2e67a6fd04c169c4bdef102d0bc5d31b2546345219e348575eb80e9a0?s=96&d=mm&r=g","contentUrl":"https:\/\/secure.gravatar.com\/avatar\/37d968a2e67a6fd04c169c4bdef102d0bc5d31b2546345219e348575eb80e9a0?s=96&d=mm&r=g","caption":"redazione"},"sameAs":["http:\/\/www.bellunopress.it","https:\/\/x.com\/bellunopress"],"url":"https:\/\/www.bellunopress.it\/fr\/author\/redazione\/"}]}},"_links":{"self":[{"href":"https:\/\/www.bellunopress.it\/fr\/wp-json\/wp\/v2\/posts\/119022","targetHints":{"allow":["GET"]}}],"collection":[{"href":"https:\/\/www.bellunopress.it\/fr\/wp-json\/wp\/v2\/posts"}],"about":[{"href":"https:\/\/www.bellunopress.it\/fr\/wp-json\/wp\/v2\/types\/post"}],"author":[{"embeddable":true,"href":"https:\/\/www.bellunopress.it\/fr\/wp-json\/wp\/v2\/users\/2"}],"replies":[{"embeddable":true,"href":"https:\/\/www.bellunopress.it\/fr\/wp-json\/wp\/v2\/comments?post=119022"}],"version-history":[{"count":1,"href":"https:\/\/www.bellunopress.it\/fr\/wp-json\/wp\/v2\/posts\/119022\/revisions"}],"predecessor-version":[{"id":119023,"href":"https:\/\/www.bellunopress.it\/fr\/wp-json\/wp\/v2\/posts\/119022\/revisions\/119023"}],"wp:featuredmedia":[{"embeddable":true,"href":"https:\/\/www.bellunopress.it\/fr\/wp-json\/wp\/v2\/media\/112541"}],"wp:attachment":[{"href":"https:\/\/www.bellunopress.it\/fr\/wp-json\/wp\/v2\/media?parent=119022"}],"wp:term":[{"taxonomy":"category","embeddable":true,"href":"https:\/\/www.bellunopress.it\/fr\/wp-json\/wp\/v2\/categories?post=119022"},{"taxonomy":"post_tag","embeddable":true,"href":"https:\/\/www.bellunopress.it\/fr\/wp-json\/wp\/v2\/tags?post=119022"}],"curies":[{"name":"wp","href":"https:\/\/api.w.org\/{rel}","templated":true}]}}