{"id":119018,"date":"2020-11-02T17:14:32","date_gmt":"2020-11-02T16:14:32","guid":{"rendered":"http:\/\/www.bellunopress.it\/?p=119018"},"modified":"2020-11-02T17:14:34","modified_gmt":"2020-11-02T16:14:34","slug":"with-italy-for-italy-il-veneto-protagonista-negli-scatti-di-marco-valmarana-per-automobili-lamborghini","status":"publish","type":"post","link":"https:\/\/www.bellunopress.it\/fr\/2020\/11\/02\/with-italy-for-italy-il-veneto-protagonista-negli-scatti-di-marco-valmarana-per-automobili-lamborghini\/","title":{"rendered":"With Italy, For Italy.\u00a0Il Veneto protagonista negli scatti di Marco Valmarana per Automobili Lamborghini"},"content":{"rendered":"<figure id=\"attachment_119019\" aria-describedby=\"caption-attachment-119019\" style=\"width: 800px\" class=\"wp-caption alignleft\"><a href=\"http:\/\/www.bellunopress.it\/fr\/2020\/11\/02\/with-italy-for-italy-il-veneto-protagonista-negli-scatti-di-marco-valmarana-per-automobili-lamborghini\/marco_valmarana_15_passo-giau_edited\/\" rel=\"attachment wp-att-119019\"><img loading=\"lazy\" decoding=\"async\" class=\"size-full wp-image-119019\" src=\"http:\/\/www.bellunopress.it\/wp-content\/uploads\/2020\/11\/MARCO_VALMARANA_15_PASSO-GIAU_edited.jpg\" alt=\"\" width=\"800\" height=\"518\" srcset=\"https:\/\/www.bellunopress.it\/wp-content\/uploads\/2020\/11\/MARCO_VALMARANA_15_PASSO-GIAU_edited.jpg 800w, https:\/\/www.bellunopress.it\/wp-content\/uploads\/2020\/11\/MARCO_VALMARANA_15_PASSO-GIAU_edited-500x324.jpg 500w, https:\/\/www.bellunopress.it\/wp-content\/uploads\/2020\/11\/MARCO_VALMARANA_15_PASSO-GIAU_edited-696x451.jpg 696w, https:\/\/www.bellunopress.it\/wp-content\/uploads\/2020\/11\/MARCO_VALMARANA_15_PASSO-GIAU_edited-649x420.jpg 649w\" sizes=\"auto, (max-width: 800px) 100vw, 800px\" \/><\/a><figcaption id=\"caption-attachment-119019\" class=\"wp-caption-text\">Lamborghini Countach al Passo Giau (foto di Marco Valmarana)<\/figcaption><\/figure>\n<p>Sant&#8217;Agata Bolognese, 2 Novembre 2020 &#8211; Un grande progetto fotografico che celebra le bellezze dell&#8217;Italia, esaltandone le qualit\u00e0 e l&#8217;identit\u00e0 competitiva attraverso le sue 20 Regioni. \u00c8 questo l&#8217;obiettivo di Automobili Lamborghini che, con l&#8217;iniziativa &#8220;With Italy, For Italy \u2013 21 views for a new drive&#8221; vuole contribuire attivamente a valorizzare e dare un segnale di impulso al suo Paese nel periodo di emergenza Covid-19.<\/p>\n<p>La Casa di Sant&#8217;Agata Bolognese ha convocato venti tra i maggiori talenti della fotografia italiana, chiamati a interpretare l&#8217;ethos, l&#8217;unicit\u00e0 e l&#8217;eccellenza delle 20 Regioni italiane insieme a 20 Lamborghini. Ai 20 artisti selezionati si \u00e8 aggiunta la Grande Fotografa Letizia Battaglia, a cui \u00e8 stata affidata una speciale interpretazione della sua citt\u00e0, Palermo. Un viaggio concepito come atto di amore di un&#8217;Azienda verso il proprio Paese, nell&#8217;intento di far emergere quanto di straordinario custodiscono i suoi territori.<\/p>\n<p>E proprio il Veneto \u00e8 tra le regioni protagoniste di questo ambizioso progetto che avr\u00e0 un&#8217;eco a livello globale. A interpretarla il fotografo Marco Valmarana, che a bordo di una Countach 25\u00b0 Anniversario, tra le vetture pi\u00f9 iconiche della storia di Lamborghini, ha toccato alcuni degli angoli pi\u00f9 suggestivi del territorio in un viaggio attraverso la sua eleganza aristocratica e fascino senza tempo.<\/p>\n<p><strong>Il progetto<\/strong><\/p>\n<p>In seguito alla fase di selezione e photoshooting dei 21 fotografi realizzati tra giugno e agosto, dall&#8217;8 settembre il progetto \u00e8 entrato nel vivo con la promozione sui canali di comunicazione e social media della Casa del Toro. Il Veneto \u00e8 la sedicesima Regione ad essere stata svelata, in un tour virtuale che dalle Isole risale la Penisola da Sud a Nord concludendosi a novembre.<\/p>\n<p>I modelli utilizzati per il progetto fanno parte della gamma Lamborghini attuale: dall&#8217;ultima novit\u00e0 a tecnologia ibrida, la Si\u00e1n Roadster, fino alla iperprestazionale Aventador SVJ e al Super SUV Urus, passando per l&#8217;agile Hurac\u00e1n nelle versioni a trazione integrale e posteriore, coup\u00e9 e spyder. L&#8217;affresco di supersportive colorate e ipertecnologiche sar\u00e0 completato da alcune vetture storiche della Casa come Miura, Countach e Diablo.<\/p>\n<p>Katia Bassi, Chief Marketing &amp; Communication Officer di Automobili Lamborghini, commenta: &#8220;Per noi &#8220;With Italy, For Italy&#8221; \u00e8 un progetto di grande valore culturale e sociale. Siamo ancora in un periodo di emergenza in cui l&#8217;Italia sta affrontando un periodo molto difficile e sar\u00e0 costretta a confrontarsi con sfide importanti. In questo contesto abbiamo sentito una forte responsabilit\u00e0 e deciso di mettere al servizio del Paese la forza del nostro Brand, icona del Made in Italy, e la potenza dei nostri canali di comunicazione, per contribuire attraverso il talento di artisti italiani a valorizzare l&#8217;Italia a livello globale. Questo \u00e8 il nostro atto di amore e gratitudine per il nostro Paese.<\/p>\n<p>Un&#8217;iniziativa che rappresenta un manifesto di qualit\u00e0, eccellenza e valore che solo l&#8217;Italia riesce a sintetizzare. La responsabilit\u00e0 sociale \u00e8 parte del nostro modo di fare impresa. Lo abbiamo dimostrato in fase di emergenza quando abbiamo convertito la produzione per realizzare mascherine e visiere protettive e lo facciamo adesso per diffondere quanto di unico e straordinario racchiude l&#8217;Italia e di cui andare fieri. E se dovessero nascere altre occasioni, continueremo a farlo&#8221;.<\/p>\n<p>Marco Valmarana, il fotografo che ha curato il progetto per il Veneto, afferma: &#8220;Ho voluto raccontare il mio Veneto attraverso la piena valorizzazione della sua eleganza aristocratica, in una sintesi stilistica tra la perfezione dei suoi paesaggi naturali e delle sue architetture e il design senza tempo della Countach 25\u00b0 Anniversario. Un matrimonio di stile celebrato tra ville venete dall&#8217;inestimabile patrimonio artistico e i passaggi dolomitici del Passo Giau con le sue viste mozzafiato. Infine, la mia amata laguna, con le sue isole a fare da sfondo e, in lontananza, Venezia. Un viaggio a ritroso nel tempo, nella rievocazione visiva del pregio, della ricchezza e della superiorit\u00e0 del nostro passato.&#8221;<\/p>\n<p>&nbsp;<\/p>","protected":false},"excerpt":{"rendered":"<p>Sant&#8217;Agata Bolognese, 2 Novembre 2020 &#8211; Un grande progetto fotografico che celebra le bellezze dell&#8217;Italia, esaltandone le qualit\u00e0 e l&#8217;identit\u00e0 competitiva attraverso le sue 20 Regioni. \u00c8 questo l&#8217;obiettivo di Automobili Lamborghini che, con l&#8217;iniziativa &#8220;With Italy, For Italy \u2013 21 views for a new drive&#8221; vuole contribuire attivamente a valorizzare e dare un segnale [&hellip;]<\/p>\n","protected":false},"author":2,"featured_media":119019,"comment_status":"closed","ping_status":"open","sticky":false,"template":"","format":"standard","meta":{"footnotes":""},"categories":[36,25,4],"tags":[],"class_list":["post-119018","post","type-post","status-publish","format-standard","has-post-thumbnail","category-lavoro-economia","category-pausa-caffe","category-sport"],"yoast_head":"<!-- This site is optimized with the Yoast SEO plugin v28.4 - https:\/\/yoast.com\/product\/yoast-seo-wordpress\/ -->\n<title>With Italy, For Italy.\u00a0Il Veneto protagonista negli scatti di Marco Valmarana per Automobili Lamborghini - Bellunopress - Dolomiti<\/title>\n<meta name=\"robots\" content=\"index, follow, max-snippet:-1, max-image-preview:large, max-video-preview:-1\" \/>\n<link rel=\"canonical\" href=\"https:\/\/www.bellunopress.it\/fr\/2020\/11\/02\/with-italy-for-italy-il-veneto-protagonista-negli-scatti-di-marco-valmarana-per-automobili-lamborghini\/\" \/>\n<meta property=\"og:locale\" content=\"fr_FR\" \/>\n<meta property=\"og:type\" content=\"article\" \/>\n<meta property=\"og:title\" content=\"With Italy, For Italy.\u00a0Il Veneto protagonista negli scatti di Marco Valmarana per Automobili Lamborghini - Bellunopress - Dolomiti\" \/>\n<meta property=\"og:description\" content=\"Sant&#8217;Agata Bolognese, 2 Novembre 2020 &#8211; Un grande progetto fotografico che celebra le bellezze dell&#8217;Italia, esaltandone le qualit\u00e0 e l&#8217;identit\u00e0 competitiva attraverso le sue 20 Regioni. \u00c8 questo l&#8217;obiettivo di Automobili Lamborghini che, con l&#8217;iniziativa &#8220;With Italy, For Italy \u2013 21 views for a new drive&#8221; vuole contribuire attivamente a valorizzare e dare un segnale [&hellip;]\" \/>\n<meta property=\"og:url\" content=\"https:\/\/www.bellunopress.it\/fr\/2020\/11\/02\/with-italy-for-italy-il-veneto-protagonista-negli-scatti-di-marco-valmarana-per-automobili-lamborghini\/\" \/>\n<meta property=\"og:site_name\" content=\"Bellunopress - Dolomiti\" \/>\n<meta property=\"article:publisher\" content=\"https:\/\/www.facebook.com\/profile.php?id=100008943462799\" \/>\n<meta property=\"article:published_time\" content=\"2020-11-02T16:14:32+00:00\" \/>\n<meta property=\"article:modified_time\" content=\"2020-11-02T16:14:34+00:00\" \/>\n<meta property=\"og:image\" content=\"https:\/\/www.bellunopress.it\/wp-content\/uploads\/2020\/11\/MARCO_VALMARANA_15_PASSO-GIAU_edited.jpg\" \/>\n\t<meta property=\"og:image:width\" content=\"800\" \/>\n\t<meta property=\"og:image:height\" content=\"518\" \/>\n\t<meta property=\"og:image:type\" content=\"image\/jpeg\" \/>\n<meta name=\"author\" content=\"redazione\" \/>\n<meta name=\"twitter:card\" content=\"summary_large_image\" \/>\n<meta name=\"twitter:creator\" content=\"@bellunopress\" \/>\n<meta name=\"twitter:site\" content=\"@bellunopress\" \/>\n<meta name=\"twitter:label1\" content=\"\u00c9crit par\" \/>\n\t<meta name=\"twitter:data1\" content=\"redazione\" \/>\n\t<meta name=\"twitter:label2\" content=\"Dur\u00e9e de lecture estim\u00e9e\" \/>\n\t<meta name=\"twitter:data2\" content=\"3 minutes\" \/>\n<script type=\"application\/ld+json\" class=\"yoast-schema-graph\">{\"@context\":\"https:\\\/\\\/schema.org\",\"@graph\":[{\"@type\":\"Article\",\"@id\":\"https:\\\/\\\/www.bellunopress.it\\\/2020\\\/11\\\/02\\\/with-italy-for-italy-il-veneto-protagonista-negli-scatti-di-marco-valmarana-per-automobili-lamborghini\\\/#article\",\"isPartOf\":{\"@id\":\"https:\\\/\\\/www.bellunopress.it\\\/2020\\\/11\\\/02\\\/with-italy-for-italy-il-veneto-protagonista-negli-scatti-di-marco-valmarana-per-automobili-lamborghini\\\/\"},\"author\":{\"name\":\"redazione\",\"@id\":\"https:\\\/\\\/www.bellunopress.it\\\/#\\\/schema\\\/person\\\/79bb06722b37ece1c03d3e94beb30d73\"},\"headline\":\"With Italy, For Italy.\u00a0Il Veneto protagonista negli scatti di Marco Valmarana per Automobili Lamborghini\",\"datePublished\":\"2020-11-02T16:14:32+00:00\",\"dateModified\":\"2020-11-02T16:14:34+00:00\",\"mainEntityOfPage\":{\"@id\":\"https:\\\/\\\/www.bellunopress.it\\\/2020\\\/11\\\/02\\\/with-italy-for-italy-il-veneto-protagonista-negli-scatti-di-marco-valmarana-per-automobili-lamborghini\\\/\"},\"wordCount\":664,\"publisher\":{\"@id\":\"https:\\\/\\\/www.bellunopress.it\\\/#organization\"},\"image\":{\"@id\":\"https:\\\/\\\/www.bellunopress.it\\\/2020\\\/11\\\/02\\\/with-italy-for-italy-il-veneto-protagonista-negli-scatti-di-marco-valmarana-per-automobili-lamborghini\\\/#primaryimage\"},\"thumbnailUrl\":\"https:\\\/\\\/www.bellunopress.it\\\/wp-content\\\/uploads\\\/2020\\\/11\\\/MARCO_VALMARANA_15_PASSO-GIAU_edited.jpg\",\"articleSection\":[\"Lavoro, Economia, Turismo\",\"Pausa Caff\u00e8\",\"Sport, tempo libero\"],\"inLanguage\":\"fr-FR\"},{\"@type\":\"WebPage\",\"@id\":\"https:\\\/\\\/www.bellunopress.it\\\/2020\\\/11\\\/02\\\/with-italy-for-italy-il-veneto-protagonista-negli-scatti-di-marco-valmarana-per-automobili-lamborghini\\\/\",\"url\":\"https:\\\/\\\/www.bellunopress.it\\\/2020\\\/11\\\/02\\\/with-italy-for-italy-il-veneto-protagonista-negli-scatti-di-marco-valmarana-per-automobili-lamborghini\\\/\",\"name\":\"With Italy, For Italy.\u00a0Il Veneto protagonista negli scatti di Marco Valmarana per Automobili Lamborghini - Bellunopress - Dolomiti\",\"isPartOf\":{\"@id\":\"https:\\\/\\\/www.bellunopress.it\\\/#website\"},\"primaryImageOfPage\":{\"@id\":\"https:\\\/\\\/www.bellunopress.it\\\/2020\\\/11\\\/02\\\/with-italy-for-italy-il-veneto-protagonista-negli-scatti-di-marco-valmarana-per-automobili-lamborghini\\\/#primaryimage\"},\"image\":{\"@id\":\"https:\\\/\\\/www.bellunopress.it\\\/2020\\\/11\\\/02\\\/with-italy-for-italy-il-veneto-protagonista-negli-scatti-di-marco-valmarana-per-automobili-lamborghini\\\/#primaryimage\"},\"thumbnailUrl\":\"https:\\\/\\\/www.bellunopress.it\\\/wp-content\\\/uploads\\\/2020\\\/11\\\/MARCO_VALMARANA_15_PASSO-GIAU_edited.jpg\",\"datePublished\":\"2020-11-02T16:14:32+00:00\",\"dateModified\":\"2020-11-02T16:14:34+00:00\",\"breadcrumb\":{\"@id\":\"https:\\\/\\\/www.bellunopress.it\\\/2020\\\/11\\\/02\\\/with-italy-for-italy-il-veneto-protagonista-negli-scatti-di-marco-valmarana-per-automobili-lamborghini\\\/#breadcrumb\"},\"inLanguage\":\"fr-FR\",\"potentialAction\":[{\"@type\":\"ReadAction\",\"target\":[\"https:\\\/\\\/www.bellunopress.it\\\/2020\\\/11\\\/02\\\/with-italy-for-italy-il-veneto-protagonista-negli-scatti-di-marco-valmarana-per-automobili-lamborghini\\\/\"]}]},{\"@type\":\"ImageObject\",\"inLanguage\":\"fr-FR\",\"@id\":\"https:\\\/\\\/www.bellunopress.it\\\/2020\\\/11\\\/02\\\/with-italy-for-italy-il-veneto-protagonista-negli-scatti-di-marco-valmarana-per-automobili-lamborghini\\\/#primaryimage\",\"url\":\"https:\\\/\\\/www.bellunopress.it\\\/wp-content\\\/uploads\\\/2020\\\/11\\\/MARCO_VALMARANA_15_PASSO-GIAU_edited.jpg\",\"contentUrl\":\"https:\\\/\\\/www.bellunopress.it\\\/wp-content\\\/uploads\\\/2020\\\/11\\\/MARCO_VALMARANA_15_PASSO-GIAU_edited.jpg\",\"width\":800,\"height\":518,\"caption\":\"Lamborghini Countach al Passo Giau (foto di Marco Valmarana)\"},{\"@type\":\"BreadcrumbList\",\"@id\":\"https:\\\/\\\/www.bellunopress.it\\\/2020\\\/11\\\/02\\\/with-italy-for-italy-il-veneto-protagonista-negli-scatti-di-marco-valmarana-per-automobili-lamborghini\\\/#breadcrumb\",\"itemListElement\":[{\"@type\":\"ListItem\",\"position\":1,\"name\":\"Home\",\"item\":\"https:\\\/\\\/www.bellunopress.it\\\/\"},{\"@type\":\"ListItem\",\"position\":2,\"name\":\"With Italy, For Italy.\u00a0Il Veneto protagonista negli scatti di Marco Valmarana per Automobili Lamborghini\"}]},{\"@type\":\"WebSite\",\"@id\":\"https:\\\/\\\/www.bellunopress.it\\\/#website\",\"url\":\"https:\\\/\\\/www.bellunopress.it\\\/\",\"name\":\"Bellunopress - Dolomiti\",\"description\":\"e-mail: redazione@bellunopress.it\",\"publisher\":{\"@id\":\"https:\\\/\\\/www.bellunopress.it\\\/#organization\"},\"potentialAction\":[{\"@type\":\"SearchAction\",\"target\":{\"@type\":\"EntryPoint\",\"urlTemplate\":\"https:\\\/\\\/www.bellunopress.it\\\/?s={search_term_string}\"},\"query-input\":{\"@type\":\"PropertyValueSpecification\",\"valueRequired\":true,\"valueName\":\"search_term_string\"}}],\"inLanguage\":\"fr-FR\"},{\"@type\":\"Organization\",\"@id\":\"https:\\\/\\\/www.bellunopress.it\\\/#organization\",\"name\":\"Bellunopress\",\"url\":\"https:\\\/\\\/www.bellunopress.it\\\/\",\"logo\":{\"@type\":\"ImageObject\",\"inLanguage\":\"fr-FR\",\"@id\":\"https:\\\/\\\/www.bellunopress.it\\\/#\\\/schema\\\/logo\\\/image\\\/\",\"url\":\"https:\\\/\\\/www.bellunopress.it\\\/wp-content\\\/uploads\\\/2011\\\/05\\\/cropped-logo-bellunopress-.jpg\",\"contentUrl\":\"https:\\\/\\\/www.bellunopress.it\\\/wp-content\\\/uploads\\\/2011\\\/05\\\/cropped-logo-bellunopress-.jpg\",\"width\":512,\"height\":512,\"caption\":\"Bellunopress\"},\"image\":{\"@id\":\"https:\\\/\\\/www.bellunopress.it\\\/#\\\/schema\\\/logo\\\/image\\\/\"},\"sameAs\":[\"https:\\\/\\\/www.facebook.com\\\/profile.php?id=100008943462799\",\"https:\\\/\\\/x.com\\\/bellunopress\",\"https:\\\/\\\/www.linkedin.com\\\/hp\\\/?dnr=JBzUWaJfMUw8vbXJJ2tVW5-I3jZKvC4wsoxE&amp;amp;amp;amp;amp;amp;trk=nav_responsive_tab_home\",\"https:\\\/\\\/www.youtube.com\\\/channel\\\/UCxL0wu1uN0_3_7hGG0306cw\"]},{\"@type\":\"Person\",\"@id\":\"https:\\\/\\\/www.bellunopress.it\\\/#\\\/schema\\\/person\\\/79bb06722b37ece1c03d3e94beb30d73\",\"name\":\"redazione\",\"image\":{\"@type\":\"ImageObject\",\"inLanguage\":\"fr-FR\",\"@id\":\"https:\\\/\\\/secure.gravatar.com\\\/avatar\\\/37d968a2e67a6fd04c169c4bdef102d0bc5d31b2546345219e348575eb80e9a0?s=96&d=mm&r=g\",\"url\":\"https:\\\/\\\/secure.gravatar.com\\\/avatar\\\/37d968a2e67a6fd04c169c4bdef102d0bc5d31b2546345219e348575eb80e9a0?s=96&d=mm&r=g\",\"contentUrl\":\"https:\\\/\\\/secure.gravatar.com\\\/avatar\\\/37d968a2e67a6fd04c169c4bdef102d0bc5d31b2546345219e348575eb80e9a0?s=96&d=mm&r=g\",\"caption\":\"redazione\"},\"sameAs\":[\"http:\\\/\\\/www.bellunopress.it\",\"https:\\\/\\\/x.com\\\/bellunopress\"],\"url\":\"https:\\\/\\\/www.bellunopress.it\\\/fr\\\/author\\\/redazione\\\/\"}]}<\/script>\n<!-- \/ Yoast SEO plugin. -->","yoast_head_json":{"title":"With Italy, For Italy.\u00a0Il Veneto protagonista negli scatti di Marco Valmarana per Automobili Lamborghini - Bellunopress - Dolomiti","robots":{"index":"index","follow":"follow","max-snippet":"max-snippet:-1","max-image-preview":"max-image-preview:large","max-video-preview":"max-video-preview:-1"},"canonical":"https:\/\/www.bellunopress.it\/fr\/2020\/11\/02\/with-italy-for-italy-il-veneto-protagonista-negli-scatti-di-marco-valmarana-per-automobili-lamborghini\/","og_locale":"fr_FR","og_type":"article","og_title":"With Italy, For Italy.\u00a0Il Veneto protagonista negli scatti di Marco Valmarana per Automobili Lamborghini - Bellunopress - Dolomiti","og_description":"Sant&#8217;Agata Bolognese, 2 Novembre 2020 &#8211; Un grande progetto fotografico che celebra le bellezze dell&#8217;Italia, esaltandone le qualit\u00e0 e l&#8217;identit\u00e0 competitiva attraverso le sue 20 Regioni. \u00c8 questo l&#8217;obiettivo di Automobili Lamborghini che, con l&#8217;iniziativa &#8220;With Italy, For Italy \u2013 21 views for a new drive&#8221; vuole contribuire attivamente a valorizzare e dare un segnale [&hellip;]","og_url":"https:\/\/www.bellunopress.it\/fr\/2020\/11\/02\/with-italy-for-italy-il-veneto-protagonista-negli-scatti-di-marco-valmarana-per-automobili-lamborghini\/","og_site_name":"Bellunopress - Dolomiti","article_publisher":"https:\/\/www.facebook.com\/profile.php?id=100008943462799","article_published_time":"2020-11-02T16:14:32+00:00","article_modified_time":"2020-11-02T16:14:34+00:00","og_image":[{"width":800,"height":518,"url":"https:\/\/www.bellunopress.it\/wp-content\/uploads\/2020\/11\/MARCO_VALMARANA_15_PASSO-GIAU_edited.jpg","type":"image\/jpeg"}],"author":"redazione","twitter_card":"summary_large_image","twitter_creator":"@bellunopress","twitter_site":"@bellunopress","twitter_misc":{"\u00c9crit par":"redazione","Dur\u00e9e de lecture estim\u00e9e":"3 minutes"},"schema":{"@context":"https:\/\/schema.org","@graph":[{"@type":"Article","@id":"https:\/\/www.bellunopress.it\/2020\/11\/02\/with-italy-for-italy-il-veneto-protagonista-negli-scatti-di-marco-valmarana-per-automobili-lamborghini\/#article","isPartOf":{"@id":"https:\/\/www.bellunopress.it\/2020\/11\/02\/with-italy-for-italy-il-veneto-protagonista-negli-scatti-di-marco-valmarana-per-automobili-lamborghini\/"},"author":{"name":"redazione","@id":"https:\/\/www.bellunopress.it\/#\/schema\/person\/79bb06722b37ece1c03d3e94beb30d73"},"headline":"With Italy, For Italy.\u00a0Il Veneto protagonista negli scatti di Marco Valmarana per Automobili Lamborghini","datePublished":"2020-11-02T16:14:32+00:00","dateModified":"2020-11-02T16:14:34+00:00","mainEntityOfPage":{"@id":"https:\/\/www.bellunopress.it\/2020\/11\/02\/with-italy-for-italy-il-veneto-protagonista-negli-scatti-di-marco-valmarana-per-automobili-lamborghini\/"},"wordCount":664,"publisher":{"@id":"https:\/\/www.bellunopress.it\/#organization"},"image":{"@id":"https:\/\/www.bellunopress.it\/2020\/11\/02\/with-italy-for-italy-il-veneto-protagonista-negli-scatti-di-marco-valmarana-per-automobili-lamborghini\/#primaryimage"},"thumbnailUrl":"https:\/\/www.bellunopress.it\/wp-content\/uploads\/2020\/11\/MARCO_VALMARANA_15_PASSO-GIAU_edited.jpg","articleSection":["Lavoro, Economia, Turismo","Pausa Caff\u00e8","Sport, tempo libero"],"inLanguage":"fr-FR"},{"@type":"WebPage","@id":"https:\/\/www.bellunopress.it\/2020\/11\/02\/with-italy-for-italy-il-veneto-protagonista-negli-scatti-di-marco-valmarana-per-automobili-lamborghini\/","url":"https:\/\/www.bellunopress.it\/2020\/11\/02\/with-italy-for-italy-il-veneto-protagonista-negli-scatti-di-marco-valmarana-per-automobili-lamborghini\/","name":"With Italy, For Italy.\u00a0Il Veneto protagonista negli scatti di Marco Valmarana per Automobili Lamborghini - Bellunopress - Dolomiti","isPartOf":{"@id":"https:\/\/www.bellunopress.it\/#website"},"primaryImageOfPage":{"@id":"https:\/\/www.bellunopress.it\/2020\/11\/02\/with-italy-for-italy-il-veneto-protagonista-negli-scatti-di-marco-valmarana-per-automobili-lamborghini\/#primaryimage"},"image":{"@id":"https:\/\/www.bellunopress.it\/2020\/11\/02\/with-italy-for-italy-il-veneto-protagonista-negli-scatti-di-marco-valmarana-per-automobili-lamborghini\/#primaryimage"},"thumbnailUrl":"https:\/\/www.bellunopress.it\/wp-content\/uploads\/2020\/11\/MARCO_VALMARANA_15_PASSO-GIAU_edited.jpg","datePublished":"2020-11-02T16:14:32+00:00","dateModified":"2020-11-02T16:14:34+00:00","breadcrumb":{"@id":"https:\/\/www.bellunopress.it\/2020\/11\/02\/with-italy-for-italy-il-veneto-protagonista-negli-scatti-di-marco-valmarana-per-automobili-lamborghini\/#breadcrumb"},"inLanguage":"fr-FR","potentialAction":[{"@type":"ReadAction","target":["https:\/\/www.bellunopress.it\/2020\/11\/02\/with-italy-for-italy-il-veneto-protagonista-negli-scatti-di-marco-valmarana-per-automobili-lamborghini\/"]}]},{"@type":"ImageObject","inLanguage":"fr-FR","@id":"https:\/\/www.bellunopress.it\/2020\/11\/02\/with-italy-for-italy-il-veneto-protagonista-negli-scatti-di-marco-valmarana-per-automobili-lamborghini\/#primaryimage","url":"https:\/\/www.bellunopress.it\/wp-content\/uploads\/2020\/11\/MARCO_VALMARANA_15_PASSO-GIAU_edited.jpg","contentUrl":"https:\/\/www.bellunopress.it\/wp-content\/uploads\/2020\/11\/MARCO_VALMARANA_15_PASSO-GIAU_edited.jpg","width":800,"height":518,"caption":"Lamborghini Countach al Passo Giau (foto di Marco Valmarana)"},{"@type":"BreadcrumbList","@id":"https:\/\/www.bellunopress.it\/2020\/11\/02\/with-italy-for-italy-il-veneto-protagonista-negli-scatti-di-marco-valmarana-per-automobili-lamborghini\/#breadcrumb","itemListElement":[{"@type":"ListItem","position":1,"name":"Home","item":"https:\/\/www.bellunopress.it\/"},{"@type":"ListItem","position":2,"name":"With Italy, For Italy.\u00a0Il Veneto protagonista negli scatti di Marco Valmarana per Automobili Lamborghini"}]},{"@type":"WebSite","@id":"https:\/\/www.bellunopress.it\/#website","url":"https:\/\/www.bellunopress.it\/","name":"Bellunopress - Dolomiti","description":"e-mail: redazione@bellunopress.it","publisher":{"@id":"https:\/\/www.bellunopress.it\/#organization"},"potentialAction":[{"@type":"SearchAction","target":{"@type":"EntryPoint","urlTemplate":"https:\/\/www.bellunopress.it\/?s={search_term_string}"},"query-input":{"@type":"PropertyValueSpecification","valueRequired":true,"valueName":"search_term_string"}}],"inLanguage":"fr-FR"},{"@type":"Organization","@id":"https:\/\/www.bellunopress.it\/#organization","name":"Bellunopress","url":"https:\/\/www.bellunopress.it\/","logo":{"@type":"ImageObject","inLanguage":"fr-FR","@id":"https:\/\/www.bellunopress.it\/#\/schema\/logo\/image\/","url":"https:\/\/www.bellunopress.it\/wp-content\/uploads\/2011\/05\/cropped-logo-bellunopress-.jpg","contentUrl":"https:\/\/www.bellunopress.it\/wp-content\/uploads\/2011\/05\/cropped-logo-bellunopress-.jpg","width":512,"height":512,"caption":"Bellunopress"},"image":{"@id":"https:\/\/www.bellunopress.it\/#\/schema\/logo\/image\/"},"sameAs":["https:\/\/www.facebook.com\/profile.php?id=100008943462799","https:\/\/x.com\/bellunopress","https:\/\/www.linkedin.com\/hp\/?dnr=JBzUWaJfMUw8vbXJJ2tVW5-I3jZKvC4wsoxE&amp;amp;amp;amp;amp;amp;trk=nav_responsive_tab_home","https:\/\/www.youtube.com\/channel\/UCxL0wu1uN0_3_7hGG0306cw"]},{"@type":"Person","@id":"https:\/\/www.bellunopress.it\/#\/schema\/person\/79bb06722b37ece1c03d3e94beb30d73","name":"r\u00e9daction","image":{"@type":"ImageObject","inLanguage":"fr-FR","@id":"https:\/\/secure.gravatar.com\/avatar\/37d968a2e67a6fd04c169c4bdef102d0bc5d31b2546345219e348575eb80e9a0?s=96&d=mm&r=g","url":"https:\/\/secure.gravatar.com\/avatar\/37d968a2e67a6fd04c169c4bdef102d0bc5d31b2546345219e348575eb80e9a0?s=96&d=mm&r=g","contentUrl":"https:\/\/secure.gravatar.com\/avatar\/37d968a2e67a6fd04c169c4bdef102d0bc5d31b2546345219e348575eb80e9a0?s=96&d=mm&r=g","caption":"redazione"},"sameAs":["http:\/\/www.bellunopress.it","https:\/\/x.com\/bellunopress"],"url":"https:\/\/www.bellunopress.it\/fr\/author\/redazione\/"}]}},"_links":{"self":[{"href":"https:\/\/www.bellunopress.it\/fr\/wp-json\/wp\/v2\/posts\/119018","targetHints":{"allow":["GET"]}}],"collection":[{"href":"https:\/\/www.bellunopress.it\/fr\/wp-json\/wp\/v2\/posts"}],"about":[{"href":"https:\/\/www.bellunopress.it\/fr\/wp-json\/wp\/v2\/types\/post"}],"author":[{"embeddable":true,"href":"https:\/\/www.bellunopress.it\/fr\/wp-json\/wp\/v2\/users\/2"}],"replies":[{"embeddable":true,"href":"https:\/\/www.bellunopress.it\/fr\/wp-json\/wp\/v2\/comments?post=119018"}],"version-history":[{"count":2,"href":"https:\/\/www.bellunopress.it\/fr\/wp-json\/wp\/v2\/posts\/119018\/revisions"}],"predecessor-version":[{"id":119021,"href":"https:\/\/www.bellunopress.it\/fr\/wp-json\/wp\/v2\/posts\/119018\/revisions\/119021"}],"wp:featuredmedia":[{"embeddable":true,"href":"https:\/\/www.bellunopress.it\/fr\/wp-json\/wp\/v2\/media\/119019"}],"wp:attachment":[{"href":"https:\/\/www.bellunopress.it\/fr\/wp-json\/wp\/v2\/media?parent=119018"}],"wp:term":[{"taxonomy":"category","embeddable":true,"href":"https:\/\/www.bellunopress.it\/fr\/wp-json\/wp\/v2\/categories?post=119018"},{"taxonomy":"post_tag","embeddable":true,"href":"https:\/\/www.bellunopress.it\/fr\/wp-json\/wp\/v2\/tags?post=119018"}],"curies":[{"name":"wp","href":"https:\/\/api.w.org\/{rel}","templated":true}]}}