{"id":119014,"date":"2020-11-02T16:47:53","date_gmt":"2020-11-02T15:47:53","guid":{"rendered":"http:\/\/www.bellunopress.it\/?p=119014"},"modified":"2020-11-02T16:47:54","modified_gmt":"2020-11-02T15:47:54","slug":"punto-primo-intervento-di-auronzo-da-oggi-e-gestito-dalla-cooperativa-castel-monte-di-montebelluna","status":"publish","type":"post","link":"https:\/\/www.bellunopress.it\/fr\/2020\/11\/02\/punto-primo-intervento-di-auronzo-da-oggi-e-gestito-dalla-cooperativa-castel-monte-di-montebelluna\/","title":{"rendered":"Punto primo intervento di Auronzo: da oggi \u00e8 gestito dalla Cooperativa Castel Monte di Montebelluna"},"content":{"rendered":"<p><a href=\"http:\/\/www.bellunopress.it\/fr\/2020\/11\/02\/punto-primo-intervento-di-auronzo-da-oggi-e-gestito-dalla-cooperativa-castel-monte-di-montebelluna\/ulss-ppi-punto-primo-intervento-auronzo_edited\/\" rel=\"attachment wp-att-119015\"><img loading=\"lazy\" decoding=\"async\" class=\"alignleft size-full wp-image-119015\" src=\"http:\/\/www.bellunopress.it\/wp-content\/uploads\/2020\/11\/Ulss-PPI-Punto-primo-intervento-Auronzo_edited.jpg\" alt=\"\" width=\"800\" height=\"612\" srcset=\"https:\/\/www.bellunopress.it\/wp-content\/uploads\/2020\/11\/Ulss-PPI-Punto-primo-intervento-Auronzo_edited.jpg 800w, https:\/\/www.bellunopress.it\/wp-content\/uploads\/2020\/11\/Ulss-PPI-Punto-primo-intervento-Auronzo_edited-500x383.jpg 500w, https:\/\/www.bellunopress.it\/wp-content\/uploads\/2020\/11\/Ulss-PPI-Punto-primo-intervento-Auronzo_edited-696x532.jpg 696w, https:\/\/www.bellunopress.it\/wp-content\/uploads\/2020\/11\/Ulss-PPI-Punto-primo-intervento-Auronzo_edited-549x420.jpg 549w, https:\/\/www.bellunopress.it\/wp-content\/uploads\/2020\/11\/Ulss-PPI-Punto-primo-intervento-Auronzo_edited-80x60.jpg 80w\" sizes=\"auto, (max-width: 800px) 100vw, 800px\" \/><\/a>Belluno, 2 novembre 2020 &#8211; Da oggi il Punto di Primo Intervento di Auronzo \u00e8 gestito dalla Cooperativa Castel Monte di Montebelluna. Questa mattina il direttore del SUEM 118 dell\u2019Ulss Dolomiti, accompagnato dal sindaco di Auronzo, Tatiana Pais Becher, ha fatto il passaggio delle consegne con il nuovo team, vincitore della procedura aperta per la gestione del punto.<br \/>\nIl servizio \u00e8 stato affidato inizialmente per un periodo di prova di sei mesi, a partire dalla data di avvio di contratto. Superato il periodo di prova, l\u2019appalto avr\u00e0 durata di 5 anni per un importo di circa 987 mila euro all\u2019anno.<br \/>\nIl direttore dell\u2019esecuzione del contratto, a cui spetta anche l\u2019onere di controllo sul servizio offerto, \u00e8 il direttore del SUEM 118 Giulio Trill\u00f2 che qualche fa mese aveva incontrato anche gli amministratori del territorio e ne aveva raccolto le istanze per assicurare un servizio in linea con i bisogni del territorio.<br \/>\n\u00abLe verifiche da lui effettuate sulla documentazione presentata dalla Castel Monte hanno confermato che le risorse umane e strumentali messe a disposizione siano rispondenti alla normativa vigente. Ho riscontrato, da parte della Cooperativa, la massima disponibilit\u00e0 ad una seria e proficua collaborazione, e garantisco che intendo svolgere il mio ruolo di sorveglianza in maniera presente ed attiva, al fine di garantire il miglior servizio all\u2019utenza. Possibili piccoli problemi potranno ovviamente manifestarsi, ma l\u2019importante \u00e8 individuarli e correggerli tempestivamente\u00bb spiega Giulio Trill\u00f2.<br \/>\nLa procedura di gara per l\u2019affidamento esternalizzato del servizio di gestione del Punto di Primo Intervento dell\u2019ospedale di Auronzo era diventata, lo scorso gennaio, la scelta obbligata per presidiare con la dovuta attenzione il nostro territorio, assicurare i livelli essenziali di assistenza ed evitare il rischio di interruzione di pubblico servizio.<br \/>\nCome noto, infatti, l\u2019Azienda ULSS, da anni, riscontra notevoli difficolt\u00e0 ad assumere dirigenti medici nella disciplina di medicina e chirurgia d\u2019accettazione e d\u2019urgenza, da assegnare alle UU.OO.CC. di accettazione e pronto soccorso, ai Punti di Primo Intervento e alle attivit\u00e0 dell\u2019Emergenza sanitaria territoriale.<br \/>\nDopo aver esperite molteplici vie di reperimento delle risorse umane l\u2019Azienda, quindi, come autorizzato dalla Regione del Veneto, aveva bandito una gara per l\u2019esternalizzazione del servizio inserendo delle clausole migliorative. Nel Capitolato di gara, infatti, oltre alla richiesta di personale medico, infermieristico e di autisti conforme alla situazione attuale e a quanto previsto dalle schede regionali SUEM della DGRV 614\/2019 all. D.<br \/>\nDa oggi, il personale infermieristico e gli autisti alle dipendenze dell\u2019Azienda ULSS prima in servizio ad Auronzo verranno impiegati per assicurare il servizio di un\u2019ambulanza di soccorso, da utilizzare prevalentemente per i trasporti secondari, con partenza sempre dalla Postazione di Auronzo, e che fino alla fine dell\u2019anno sar\u00e0 operativa sulle 24 ore, a maggior tutela del territorio.<br \/>\nInoltre, nei periodi di maggior afflusso turistico invernale ed estivo, verr\u00e0 richiesta l\u2019attivazione all\u2019appaltatore di una seconda ambulanza di soccorso da dedicare al servizio di emergenza urgenza 118, venendo cos\u00ec incontro alle esigenze manifestate dai rappresentanti del territorio.<br \/>\nL\u2019Ulss Dolomiti conferma quindi l\u2019impegno per garantire i servizi sul territorio, adottando tutte le strategie per dare alla montagna servizi concreti e adatti alle esigenze dei suoi abitanti e dei turisti.<\/p>","protected":false},"excerpt":{"rendered":"<p>Belluno, 2 novembre 2020 &#8211; Da oggi il Punto di Primo Intervento di Auronzo \u00e8 gestito dalla Cooperativa Castel Monte di Montebelluna. Questa mattina il direttore del SUEM 118 dell\u2019Ulss Dolomiti, accompagnato dal sindaco di Auronzo, Tatiana Pais Becher, ha fatto il passaggio delle consegne con il nuovo team, vincitore della procedura aperta per la [&hellip;]<\/p>\n","protected":false},"author":2,"featured_media":119015,"comment_status":"closed","ping_status":"open","sticky":false,"template":"","format":"standard","meta":{"footnotes":""},"categories":[26,17],"tags":[],"class_list":["post-119014","post","type-post","status-publish","format-standard","has-post-thumbnail","category-prima-pagina","category-sanita"],"yoast_head":"<!-- This site is optimized with the Yoast SEO plugin v28.4 - https:\/\/yoast.com\/product\/yoast-seo-wordpress\/ -->\n<title>Punto primo intervento di Auronzo: da oggi \u00e8 gestito dalla Cooperativa Castel Monte di Montebelluna - Bellunopress - Dolomiti<\/title>\n<meta name=\"robots\" content=\"index, follow, max-snippet:-1, max-image-preview:large, max-video-preview:-1\" \/>\n<link rel=\"canonical\" href=\"https:\/\/www.bellunopress.it\/fr\/2020\/11\/02\/punto-primo-intervento-di-auronzo-da-oggi-e-gestito-dalla-cooperativa-castel-monte-di-montebelluna\/\" \/>\n<meta property=\"og:locale\" content=\"fr_FR\" \/>\n<meta property=\"og:type\" content=\"article\" \/>\n<meta property=\"og:title\" content=\"Punto primo intervento di Auronzo: da oggi \u00e8 gestito dalla Cooperativa Castel Monte di Montebelluna - Bellunopress - Dolomiti\" \/>\n<meta property=\"og:description\" content=\"Belluno, 2 novembre 2020 &#8211; Da oggi il Punto di Primo Intervento di Auronzo \u00e8 gestito dalla Cooperativa Castel Monte di Montebelluna. Questa mattina il direttore del SUEM 118 dell\u2019Ulss Dolomiti, accompagnato dal sindaco di Auronzo, Tatiana Pais Becher, ha fatto il passaggio delle consegne con il nuovo team, vincitore della procedura aperta per la [&hellip;]\" \/>\n<meta property=\"og:url\" content=\"https:\/\/www.bellunopress.it\/fr\/2020\/11\/02\/punto-primo-intervento-di-auronzo-da-oggi-e-gestito-dalla-cooperativa-castel-monte-di-montebelluna\/\" \/>\n<meta property=\"og:site_name\" content=\"Bellunopress - Dolomiti\" \/>\n<meta property=\"article:publisher\" content=\"https:\/\/www.facebook.com\/profile.php?id=100008943462799\" \/>\n<meta property=\"article:published_time\" content=\"2020-11-02T15:47:53+00:00\" \/>\n<meta property=\"article:modified_time\" content=\"2020-11-02T15:47:54+00:00\" \/>\n<meta property=\"og:image\" content=\"https:\/\/www.bellunopress.it\/wp-content\/uploads\/2020\/11\/Ulss-PPI-Punto-primo-intervento-Auronzo_edited.jpg\" \/>\n\t<meta property=\"og:image:width\" content=\"800\" \/>\n\t<meta property=\"og:image:height\" content=\"612\" \/>\n\t<meta property=\"og:image:type\" content=\"image\/jpeg\" \/>\n<meta name=\"author\" content=\"redazione\" \/>\n<meta name=\"twitter:card\" content=\"summary_large_image\" \/>\n<meta name=\"twitter:creator\" content=\"@bellunopress\" \/>\n<meta name=\"twitter:site\" content=\"@bellunopress\" \/>\n<meta name=\"twitter:label1\" content=\"\u00c9crit par\" \/>\n\t<meta name=\"twitter:data1\" content=\"redazione\" \/>\n\t<meta name=\"twitter:label2\" content=\"Dur\u00e9e de lecture estim\u00e9e\" \/>\n\t<meta name=\"twitter:data2\" content=\"3 minutes\" \/>\n<script type=\"application\/ld+json\" class=\"yoast-schema-graph\">{\"@context\":\"https:\\\/\\\/schema.org\",\"@graph\":[{\"@type\":\"Article\",\"@id\":\"https:\\\/\\\/www.bellunopress.it\\\/2020\\\/11\\\/02\\\/punto-primo-intervento-di-auronzo-da-oggi-e-gestito-dalla-cooperativa-castel-monte-di-montebelluna\\\/#article\",\"isPartOf\":{\"@id\":\"https:\\\/\\\/www.bellunopress.it\\\/2020\\\/11\\\/02\\\/punto-primo-intervento-di-auronzo-da-oggi-e-gestito-dalla-cooperativa-castel-monte-di-montebelluna\\\/\"},\"author\":{\"name\":\"redazione\",\"@id\":\"https:\\\/\\\/www.bellunopress.it\\\/#\\\/schema\\\/person\\\/79bb06722b37ece1c03d3e94beb30d73\"},\"headline\":\"Punto primo intervento di Auronzo: da oggi \u00e8 gestito dalla Cooperativa Castel Monte di Montebelluna\",\"datePublished\":\"2020-11-02T15:47:53+00:00\",\"dateModified\":\"2020-11-02T15:47:54+00:00\",\"mainEntityOfPage\":{\"@id\":\"https:\\\/\\\/www.bellunopress.it\\\/2020\\\/11\\\/02\\\/punto-primo-intervento-di-auronzo-da-oggi-e-gestito-dalla-cooperativa-castel-monte-di-montebelluna\\\/\"},\"wordCount\":539,\"publisher\":{\"@id\":\"https:\\\/\\\/www.bellunopress.it\\\/#organization\"},\"image\":{\"@id\":\"https:\\\/\\\/www.bellunopress.it\\\/2020\\\/11\\\/02\\\/punto-primo-intervento-di-auronzo-da-oggi-e-gestito-dalla-cooperativa-castel-monte-di-montebelluna\\\/#primaryimage\"},\"thumbnailUrl\":\"https:\\\/\\\/www.bellunopress.it\\\/wp-content\\\/uploads\\\/2020\\\/11\\\/Ulss-PPI-Punto-primo-intervento-Auronzo_edited.jpg\",\"articleSection\":[\"Prima Pagina\",\"Sanit\u00e0 Medicina\"],\"inLanguage\":\"fr-FR\"},{\"@type\":\"WebPage\",\"@id\":\"https:\\\/\\\/www.bellunopress.it\\\/2020\\\/11\\\/02\\\/punto-primo-intervento-di-auronzo-da-oggi-e-gestito-dalla-cooperativa-castel-monte-di-montebelluna\\\/\",\"url\":\"https:\\\/\\\/www.bellunopress.it\\\/2020\\\/11\\\/02\\\/punto-primo-intervento-di-auronzo-da-oggi-e-gestito-dalla-cooperativa-castel-monte-di-montebelluna\\\/\",\"name\":\"Punto primo intervento di Auronzo: da oggi \u00e8 gestito dalla Cooperativa Castel Monte di Montebelluna - Bellunopress - Dolomiti\",\"isPartOf\":{\"@id\":\"https:\\\/\\\/www.bellunopress.it\\\/#website\"},\"primaryImageOfPage\":{\"@id\":\"https:\\\/\\\/www.bellunopress.it\\\/2020\\\/11\\\/02\\\/punto-primo-intervento-di-auronzo-da-oggi-e-gestito-dalla-cooperativa-castel-monte-di-montebelluna\\\/#primaryimage\"},\"image\":{\"@id\":\"https:\\\/\\\/www.bellunopress.it\\\/2020\\\/11\\\/02\\\/punto-primo-intervento-di-auronzo-da-oggi-e-gestito-dalla-cooperativa-castel-monte-di-montebelluna\\\/#primaryimage\"},\"thumbnailUrl\":\"https:\\\/\\\/www.bellunopress.it\\\/wp-content\\\/uploads\\\/2020\\\/11\\\/Ulss-PPI-Punto-primo-intervento-Auronzo_edited.jpg\",\"datePublished\":\"2020-11-02T15:47:53+00:00\",\"dateModified\":\"2020-11-02T15:47:54+00:00\",\"breadcrumb\":{\"@id\":\"https:\\\/\\\/www.bellunopress.it\\\/2020\\\/11\\\/02\\\/punto-primo-intervento-di-auronzo-da-oggi-e-gestito-dalla-cooperativa-castel-monte-di-montebelluna\\\/#breadcrumb\"},\"inLanguage\":\"fr-FR\",\"potentialAction\":[{\"@type\":\"ReadAction\",\"target\":[\"https:\\\/\\\/www.bellunopress.it\\\/2020\\\/11\\\/02\\\/punto-primo-intervento-di-auronzo-da-oggi-e-gestito-dalla-cooperativa-castel-monte-di-montebelluna\\\/\"]}]},{\"@type\":\"ImageObject\",\"inLanguage\":\"fr-FR\",\"@id\":\"https:\\\/\\\/www.bellunopress.it\\\/2020\\\/11\\\/02\\\/punto-primo-intervento-di-auronzo-da-oggi-e-gestito-dalla-cooperativa-castel-monte-di-montebelluna\\\/#primaryimage\",\"url\":\"https:\\\/\\\/www.bellunopress.it\\\/wp-content\\\/uploads\\\/2020\\\/11\\\/Ulss-PPI-Punto-primo-intervento-Auronzo_edited.jpg\",\"contentUrl\":\"https:\\\/\\\/www.bellunopress.it\\\/wp-content\\\/uploads\\\/2020\\\/11\\\/Ulss-PPI-Punto-primo-intervento-Auronzo_edited.jpg\",\"width\":800,\"height\":612},{\"@type\":\"BreadcrumbList\",\"@id\":\"https:\\\/\\\/www.bellunopress.it\\\/2020\\\/11\\\/02\\\/punto-primo-intervento-di-auronzo-da-oggi-e-gestito-dalla-cooperativa-castel-monte-di-montebelluna\\\/#breadcrumb\",\"itemListElement\":[{\"@type\":\"ListItem\",\"position\":1,\"name\":\"Home\",\"item\":\"https:\\\/\\\/www.bellunopress.it\\\/\"},{\"@type\":\"ListItem\",\"position\":2,\"name\":\"Punto primo intervento di Auronzo: da oggi \u00e8 gestito dalla Cooperativa Castel Monte di Montebelluna\"}]},{\"@type\":\"WebSite\",\"@id\":\"https:\\\/\\\/www.bellunopress.it\\\/#website\",\"url\":\"https:\\\/\\\/www.bellunopress.it\\\/\",\"name\":\"Bellunopress - Dolomiti\",\"description\":\"e-mail: redazione@bellunopress.it\",\"publisher\":{\"@id\":\"https:\\\/\\\/www.bellunopress.it\\\/#organization\"},\"potentialAction\":[{\"@type\":\"SearchAction\",\"target\":{\"@type\":\"EntryPoint\",\"urlTemplate\":\"https:\\\/\\\/www.bellunopress.it\\\/?s={search_term_string}\"},\"query-input\":{\"@type\":\"PropertyValueSpecification\",\"valueRequired\":true,\"valueName\":\"search_term_string\"}}],\"inLanguage\":\"fr-FR\"},{\"@type\":\"Organization\",\"@id\":\"https:\\\/\\\/www.bellunopress.it\\\/#organization\",\"name\":\"Bellunopress\",\"url\":\"https:\\\/\\\/www.bellunopress.it\\\/\",\"logo\":{\"@type\":\"ImageObject\",\"inLanguage\":\"fr-FR\",\"@id\":\"https:\\\/\\\/www.bellunopress.it\\\/#\\\/schema\\\/logo\\\/image\\\/\",\"url\":\"https:\\\/\\\/www.bellunopress.it\\\/wp-content\\\/uploads\\\/2011\\\/05\\\/cropped-logo-bellunopress-.jpg\",\"contentUrl\":\"https:\\\/\\\/www.bellunopress.it\\\/wp-content\\\/uploads\\\/2011\\\/05\\\/cropped-logo-bellunopress-.jpg\",\"width\":512,\"height\":512,\"caption\":\"Bellunopress\"},\"image\":{\"@id\":\"https:\\\/\\\/www.bellunopress.it\\\/#\\\/schema\\\/logo\\\/image\\\/\"},\"sameAs\":[\"https:\\\/\\\/www.facebook.com\\\/profile.php?id=100008943462799\",\"https:\\\/\\\/x.com\\\/bellunopress\",\"https:\\\/\\\/www.linkedin.com\\\/hp\\\/?dnr=JBzUWaJfMUw8vbXJJ2tVW5-I3jZKvC4wsoxE&amp;amp;amp;amp;amp;amp;trk=nav_responsive_tab_home\",\"https:\\\/\\\/www.youtube.com\\\/channel\\\/UCxL0wu1uN0_3_7hGG0306cw\"]},{\"@type\":\"Person\",\"@id\":\"https:\\\/\\\/www.bellunopress.it\\\/#\\\/schema\\\/person\\\/79bb06722b37ece1c03d3e94beb30d73\",\"name\":\"redazione\",\"image\":{\"@type\":\"ImageObject\",\"inLanguage\":\"fr-FR\",\"@id\":\"https:\\\/\\\/secure.gravatar.com\\\/avatar\\\/37d968a2e67a6fd04c169c4bdef102d0bc5d31b2546345219e348575eb80e9a0?s=96&d=mm&r=g\",\"url\":\"https:\\\/\\\/secure.gravatar.com\\\/avatar\\\/37d968a2e67a6fd04c169c4bdef102d0bc5d31b2546345219e348575eb80e9a0?s=96&d=mm&r=g\",\"contentUrl\":\"https:\\\/\\\/secure.gravatar.com\\\/avatar\\\/37d968a2e67a6fd04c169c4bdef102d0bc5d31b2546345219e348575eb80e9a0?s=96&d=mm&r=g\",\"caption\":\"redazione\"},\"sameAs\":[\"http:\\\/\\\/www.bellunopress.it\",\"https:\\\/\\\/x.com\\\/bellunopress\"],\"url\":\"https:\\\/\\\/www.bellunopress.it\\\/fr\\\/author\\\/redazione\\\/\"}]}<\/script>\n<!-- \/ Yoast SEO plugin. -->","yoast_head_json":{"title":"Punto primo intervento di Auronzo: da oggi \u00e8 gestito dalla Cooperativa Castel Monte di Montebelluna - Bellunopress - Dolomiti","robots":{"index":"index","follow":"follow","max-snippet":"max-snippet:-1","max-image-preview":"max-image-preview:large","max-video-preview":"max-video-preview:-1"},"canonical":"https:\/\/www.bellunopress.it\/fr\/2020\/11\/02\/punto-primo-intervento-di-auronzo-da-oggi-e-gestito-dalla-cooperativa-castel-monte-di-montebelluna\/","og_locale":"fr_FR","og_type":"article","og_title":"Punto primo intervento di Auronzo: da oggi \u00e8 gestito dalla Cooperativa Castel Monte di Montebelluna - Bellunopress - Dolomiti","og_description":"Belluno, 2 novembre 2020 &#8211; Da oggi il Punto di Primo Intervento di Auronzo \u00e8 gestito dalla Cooperativa Castel Monte di Montebelluna. Questa mattina il direttore del SUEM 118 dell\u2019Ulss Dolomiti, accompagnato dal sindaco di Auronzo, Tatiana Pais Becher, ha fatto il passaggio delle consegne con il nuovo team, vincitore della procedura aperta per la [&hellip;]","og_url":"https:\/\/www.bellunopress.it\/fr\/2020\/11\/02\/punto-primo-intervento-di-auronzo-da-oggi-e-gestito-dalla-cooperativa-castel-monte-di-montebelluna\/","og_site_name":"Bellunopress - Dolomiti","article_publisher":"https:\/\/www.facebook.com\/profile.php?id=100008943462799","article_published_time":"2020-11-02T15:47:53+00:00","article_modified_time":"2020-11-02T15:47:54+00:00","og_image":[{"width":800,"height":612,"url":"https:\/\/www.bellunopress.it\/wp-content\/uploads\/2020\/11\/Ulss-PPI-Punto-primo-intervento-Auronzo_edited.jpg","type":"image\/jpeg"}],"author":"redazione","twitter_card":"summary_large_image","twitter_creator":"@bellunopress","twitter_site":"@bellunopress","twitter_misc":{"\u00c9crit par":"redazione","Dur\u00e9e de lecture estim\u00e9e":"3 minutes"},"schema":{"@context":"https:\/\/schema.org","@graph":[{"@type":"Article","@id":"https:\/\/www.bellunopress.it\/2020\/11\/02\/punto-primo-intervento-di-auronzo-da-oggi-e-gestito-dalla-cooperativa-castel-monte-di-montebelluna\/#article","isPartOf":{"@id":"https:\/\/www.bellunopress.it\/2020\/11\/02\/punto-primo-intervento-di-auronzo-da-oggi-e-gestito-dalla-cooperativa-castel-monte-di-montebelluna\/"},"author":{"name":"redazione","@id":"https:\/\/www.bellunopress.it\/#\/schema\/person\/79bb06722b37ece1c03d3e94beb30d73"},"headline":"Punto primo intervento di Auronzo: da oggi \u00e8 gestito dalla Cooperativa Castel Monte di Montebelluna","datePublished":"2020-11-02T15:47:53+00:00","dateModified":"2020-11-02T15:47:54+00:00","mainEntityOfPage":{"@id":"https:\/\/www.bellunopress.it\/2020\/11\/02\/punto-primo-intervento-di-auronzo-da-oggi-e-gestito-dalla-cooperativa-castel-monte-di-montebelluna\/"},"wordCount":539,"publisher":{"@id":"https:\/\/www.bellunopress.it\/#organization"},"image":{"@id":"https:\/\/www.bellunopress.it\/2020\/11\/02\/punto-primo-intervento-di-auronzo-da-oggi-e-gestito-dalla-cooperativa-castel-monte-di-montebelluna\/#primaryimage"},"thumbnailUrl":"https:\/\/www.bellunopress.it\/wp-content\/uploads\/2020\/11\/Ulss-PPI-Punto-primo-intervento-Auronzo_edited.jpg","articleSection":["Prima Pagina","Sanit\u00e0 Medicina"],"inLanguage":"fr-FR"},{"@type":"WebPage","@id":"https:\/\/www.bellunopress.it\/2020\/11\/02\/punto-primo-intervento-di-auronzo-da-oggi-e-gestito-dalla-cooperativa-castel-monte-di-montebelluna\/","url":"https:\/\/www.bellunopress.it\/2020\/11\/02\/punto-primo-intervento-di-auronzo-da-oggi-e-gestito-dalla-cooperativa-castel-monte-di-montebelluna\/","name":"Punto primo intervento di Auronzo: da oggi \u00e8 gestito dalla Cooperativa Castel Monte di Montebelluna - Bellunopress - Dolomiti","isPartOf":{"@id":"https:\/\/www.bellunopress.it\/#website"},"primaryImageOfPage":{"@id":"https:\/\/www.bellunopress.it\/2020\/11\/02\/punto-primo-intervento-di-auronzo-da-oggi-e-gestito-dalla-cooperativa-castel-monte-di-montebelluna\/#primaryimage"},"image":{"@id":"https:\/\/www.bellunopress.it\/2020\/11\/02\/punto-primo-intervento-di-auronzo-da-oggi-e-gestito-dalla-cooperativa-castel-monte-di-montebelluna\/#primaryimage"},"thumbnailUrl":"https:\/\/www.bellunopress.it\/wp-content\/uploads\/2020\/11\/Ulss-PPI-Punto-primo-intervento-Auronzo_edited.jpg","datePublished":"2020-11-02T15:47:53+00:00","dateModified":"2020-11-02T15:47:54+00:00","breadcrumb":{"@id":"https:\/\/www.bellunopress.it\/2020\/11\/02\/punto-primo-intervento-di-auronzo-da-oggi-e-gestito-dalla-cooperativa-castel-monte-di-montebelluna\/#breadcrumb"},"inLanguage":"fr-FR","potentialAction":[{"@type":"ReadAction","target":["https:\/\/www.bellunopress.it\/2020\/11\/02\/punto-primo-intervento-di-auronzo-da-oggi-e-gestito-dalla-cooperativa-castel-monte-di-montebelluna\/"]}]},{"@type":"ImageObject","inLanguage":"fr-FR","@id":"https:\/\/www.bellunopress.it\/2020\/11\/02\/punto-primo-intervento-di-auronzo-da-oggi-e-gestito-dalla-cooperativa-castel-monte-di-montebelluna\/#primaryimage","url":"https:\/\/www.bellunopress.it\/wp-content\/uploads\/2020\/11\/Ulss-PPI-Punto-primo-intervento-Auronzo_edited.jpg","contentUrl":"https:\/\/www.bellunopress.it\/wp-content\/uploads\/2020\/11\/Ulss-PPI-Punto-primo-intervento-Auronzo_edited.jpg","width":800,"height":612},{"@type":"BreadcrumbList","@id":"https:\/\/www.bellunopress.it\/2020\/11\/02\/punto-primo-intervento-di-auronzo-da-oggi-e-gestito-dalla-cooperativa-castel-monte-di-montebelluna\/#breadcrumb","itemListElement":[{"@type":"ListItem","position":1,"name":"Home","item":"https:\/\/www.bellunopress.it\/"},{"@type":"ListItem","position":2,"name":"Punto primo intervento di Auronzo: da oggi \u00e8 gestito dalla Cooperativa Castel Monte di Montebelluna"}]},{"@type":"WebSite","@id":"https:\/\/www.bellunopress.it\/#website","url":"https:\/\/www.bellunopress.it\/","name":"Bellunopress - Dolomiti","description":"e-mail: redazione@bellunopress.it","publisher":{"@id":"https:\/\/www.bellunopress.it\/#organization"},"potentialAction":[{"@type":"SearchAction","target":{"@type":"EntryPoint","urlTemplate":"https:\/\/www.bellunopress.it\/?s={search_term_string}"},"query-input":{"@type":"PropertyValueSpecification","valueRequired":true,"valueName":"search_term_string"}}],"inLanguage":"fr-FR"},{"@type":"Organization","@id":"https:\/\/www.bellunopress.it\/#organization","name":"Bellunopress","url":"https:\/\/www.bellunopress.it\/","logo":{"@type":"ImageObject","inLanguage":"fr-FR","@id":"https:\/\/www.bellunopress.it\/#\/schema\/logo\/image\/","url":"https:\/\/www.bellunopress.it\/wp-content\/uploads\/2011\/05\/cropped-logo-bellunopress-.jpg","contentUrl":"https:\/\/www.bellunopress.it\/wp-content\/uploads\/2011\/05\/cropped-logo-bellunopress-.jpg","width":512,"height":512,"caption":"Bellunopress"},"image":{"@id":"https:\/\/www.bellunopress.it\/#\/schema\/logo\/image\/"},"sameAs":["https:\/\/www.facebook.com\/profile.php?id=100008943462799","https:\/\/x.com\/bellunopress","https:\/\/www.linkedin.com\/hp\/?dnr=JBzUWaJfMUw8vbXJJ2tVW5-I3jZKvC4wsoxE&amp;amp;amp;amp;amp;amp;trk=nav_responsive_tab_home","https:\/\/www.youtube.com\/channel\/UCxL0wu1uN0_3_7hGG0306cw"]},{"@type":"Person","@id":"https:\/\/www.bellunopress.it\/#\/schema\/person\/79bb06722b37ece1c03d3e94beb30d73","name":"r\u00e9daction","image":{"@type":"ImageObject","inLanguage":"fr-FR","@id":"https:\/\/secure.gravatar.com\/avatar\/37d968a2e67a6fd04c169c4bdef102d0bc5d31b2546345219e348575eb80e9a0?s=96&d=mm&r=g","url":"https:\/\/secure.gravatar.com\/avatar\/37d968a2e67a6fd04c169c4bdef102d0bc5d31b2546345219e348575eb80e9a0?s=96&d=mm&r=g","contentUrl":"https:\/\/secure.gravatar.com\/avatar\/37d968a2e67a6fd04c169c4bdef102d0bc5d31b2546345219e348575eb80e9a0?s=96&d=mm&r=g","caption":"redazione"},"sameAs":["http:\/\/www.bellunopress.it","https:\/\/x.com\/bellunopress"],"url":"https:\/\/www.bellunopress.it\/fr\/author\/redazione\/"}]}},"_links":{"self":[{"href":"https:\/\/www.bellunopress.it\/fr\/wp-json\/wp\/v2\/posts\/119014","targetHints":{"allow":["GET"]}}],"collection":[{"href":"https:\/\/www.bellunopress.it\/fr\/wp-json\/wp\/v2\/posts"}],"about":[{"href":"https:\/\/www.bellunopress.it\/fr\/wp-json\/wp\/v2\/types\/post"}],"author":[{"embeddable":true,"href":"https:\/\/www.bellunopress.it\/fr\/wp-json\/wp\/v2\/users\/2"}],"replies":[{"embeddable":true,"href":"https:\/\/www.bellunopress.it\/fr\/wp-json\/wp\/v2\/comments?post=119014"}],"version-history":[{"count":2,"href":"https:\/\/www.bellunopress.it\/fr\/wp-json\/wp\/v2\/posts\/119014\/revisions"}],"predecessor-version":[{"id":119017,"href":"https:\/\/www.bellunopress.it\/fr\/wp-json\/wp\/v2\/posts\/119014\/revisions\/119017"}],"wp:featuredmedia":[{"embeddable":true,"href":"https:\/\/www.bellunopress.it\/fr\/wp-json\/wp\/v2\/media\/119015"}],"wp:attachment":[{"href":"https:\/\/www.bellunopress.it\/fr\/wp-json\/wp\/v2\/media?parent=119014"}],"wp:term":[{"taxonomy":"category","embeddable":true,"href":"https:\/\/www.bellunopress.it\/fr\/wp-json\/wp\/v2\/categories?post=119014"},{"taxonomy":"post_tag","embeddable":true,"href":"https:\/\/www.bellunopress.it\/fr\/wp-json\/wp\/v2\/tags?post=119014"}],"curies":[{"name":"wp","href":"https:\/\/api.w.org\/{rel}","templated":true}]}}