{"id":11898,"date":"2010-01-27T15:27:19","date_gmt":"2010-01-27T14:27:19","guid":{"rendered":"http:\/\/www.bellunopress.it\/?p=11898"},"modified":"2010-01-27T15:29:32","modified_gmt":"2010-01-27T14:29:32","slug":"sabato-ultimo-appuntamento-con-il-corso-racchette-da-neve-e-sicurezza-in-montagna","status":"publish","type":"post","link":"https:\/\/www.bellunopress.it\/fr\/2010\/01\/27\/sabato-ultimo-appuntamento-con-il-corso-racchette-da-neve-e-sicurezza-in-montagna\/","title":{"rendered":"Sabato ultimo appuntamento con il corso &#8220;Racchette da neve e sicurezza in montagna&#8221;"},"content":{"rendered":"<p><a href=\"http:\/\/www.bellunopress.it\/wp-content\/uploads\/2010\/01\/altopiano-rosetta-leggera.jpg\"><img loading=\"lazy\" decoding=\"async\" class=\"alignleft size-medium wp-image-11899\" title=\"altopiano-rosetta-leggera\" src=\"http:\/\/www.bellunopress.it\/wp-content\/uploads\/2010\/01\/altopiano-rosetta-leggera.jpg\" alt=\"\" width=\"270\" height=\"203\" \/><\/a>Il Cai di Agordo informa che l\u2019ultimo appuntamento per gli allievi che hanno partecipato al corso in oggetto \u00e8 fissato per sabato 30 gennaio 2010 alle ore 14.00 con ritrovo a Forcella Aurine. Nell\u2019incontro saranno illustrati \u2013 in modo pratico e direttamente sul campo &#8211; i metodi di ricerca ed il corretto uso dell\u2019 ARVA, come spiegati nella lezione teorica tenutasi in sede venerd\u00ec scorso.\u00a0 E forse\u2026si parler\u00e0 anche di una \u201cpizza di fine corso\u201d. Chiss\u00e0\u2026<br \/>\n<strong>AL VIA IL \u201cTRITTICO\u201d DI USCITE CON LE CIASPE PROPOSTE DALLA SEZIONE AGORDINA <\/strong><br \/>\nL\u2019escursione con le ci\u00e0spe in programma per Domenica 31 gennaio 2010 alla Baita Segantini, apre un trittico di escursioni domenicali per gli amanti delle racchette da neve. La domenica successiva, infatti, sempre con le ci\u00e0spe al Rifugio Venezia ai piedi del Pelmo e quella dopo ancora a Cas\u00e8ra Erera-Brandol nel suggestivo ambiente dei Piani Eterni.<br \/>\nLa meta a noi pi\u00f9 vicina, quella del 31 gennaio, \u00e8 la Baita Segantini, posta sul Passo Costazza, che si raggiunger\u00e0 passeggiando nel bellissimo ambiente innevato della Val Venegia, sovrastati dalle imponenti e frastagliate cime della catena occidentale delle Pale di S.Martino laddove spicca, in modo particolare, l\u2019inconfondibile sagoma del Cimon de la Pala\u2026il \u201cCervino delle Dolomiti\u201d.<br \/>\nE chiss\u00e0 che magari\u2026per il prossimo inverno\u2026la Sezione non guardi anche verso gli altopiani della Rosetta?<\/p>\n<p>Le iscrizioni si ricevono come sempre telefonando al numero 346-0153819 dalle ore 16.00 alle ore 21.00 sino a venerd\u00ec sera.<\/p>","protected":false},"excerpt":{"rendered":"<p>Il Cai di Agordo informa che l\u2019ultimo appuntamento per gli allievi che hanno partecipato al corso in oggetto \u00e8 fissato per sabato 30 gennaio 2010 alle ore 14.00 con ritrovo a Forcella Aurine. Nell\u2019incontro saranno illustrati \u2013 in modo pratico e direttamente sul campo &#8211; i metodi di ricerca ed il corretto uso dell\u2019 ARVA, [&hellip;]<\/p>\n","protected":false},"author":2,"featured_media":0,"comment_status":"closed","ping_status":"open","sticky":false,"template":"","format":"standard","meta":{"footnotes":""},"categories":[38,25],"tags":[139,63],"class_list":["post-11898","post","type-post","status-publish","format-standard","category-natura-ambiente","category-pausa-caffe","tag-belluno","tag-dolomiti"],"yoast_head":"<!-- This site is optimized with the Yoast SEO plugin v28.4 - https:\/\/yoast.com\/product\/yoast-seo-wordpress\/ -->\n<title>Sabato ultimo appuntamento con il corso &quot;Racchette da neve e sicurezza in montagna&quot; - Bellunopress - Dolomiti<\/title>\n<meta name=\"robots\" content=\"index, follow, max-snippet:-1, max-image-preview:large, max-video-preview:-1\" \/>\n<link rel=\"canonical\" href=\"https:\/\/www.bellunopress.it\/fr\/2010\/01\/27\/sabato-ultimo-appuntamento-con-il-corso-racchette-da-neve-e-sicurezza-in-montagna\/\" \/>\n<meta property=\"og:locale\" content=\"fr_FR\" \/>\n<meta property=\"og:type\" content=\"article\" \/>\n<meta property=\"og:title\" content=\"Sabato ultimo appuntamento con il corso &quot;Racchette da neve e sicurezza in montagna&quot; - Bellunopress - Dolomiti\" \/>\n<meta property=\"og:description\" content=\"Il Cai di Agordo informa che l\u2019ultimo appuntamento per gli allievi che hanno partecipato al corso in oggetto \u00e8 fissato per sabato 30 gennaio 2010 alle ore 14.00 con ritrovo a Forcella Aurine. Nell\u2019incontro saranno illustrati \u2013 in modo pratico e direttamente sul campo &#8211; i metodi di ricerca ed il corretto uso dell\u2019 ARVA, [&hellip;]\" \/>\n<meta property=\"og:url\" content=\"https:\/\/www.bellunopress.it\/fr\/2010\/01\/27\/sabato-ultimo-appuntamento-con-il-corso-racchette-da-neve-e-sicurezza-in-montagna\/\" \/>\n<meta property=\"og:site_name\" content=\"Bellunopress - Dolomiti\" \/>\n<meta property=\"article:publisher\" content=\"https:\/\/www.facebook.com\/profile.php?id=100008943462799\" \/>\n<meta property=\"article:published_time\" content=\"2010-01-27T14:27:19+00:00\" \/>\n<meta property=\"article:modified_time\" content=\"2010-01-27T14:29:32+00:00\" \/>\n<meta property=\"og:image\" content=\"http:\/\/www.bellunopress.it\/wp-content\/uploads\/2010\/01\/altopiano-rosetta-leggera.jpg\" \/>\n<meta name=\"author\" content=\"redazione\" \/>\n<meta name=\"twitter:card\" content=\"summary_large_image\" \/>\n<meta name=\"twitter:creator\" content=\"@bellunopress\" \/>\n<meta name=\"twitter:site\" content=\"@bellunopress\" \/>\n<meta name=\"twitter:label1\" content=\"\u00c9crit par\" \/>\n\t<meta name=\"twitter:data1\" content=\"redazione\" \/>\n\t<meta name=\"twitter:label2\" content=\"Dur\u00e9e de lecture estim\u00e9e\" \/>\n\t<meta name=\"twitter:data2\" content=\"1 minute\" \/>\n<script type=\"application\/ld+json\" class=\"yoast-schema-graph\">{\"@context\":\"https:\\\/\\\/schema.org\",\"@graph\":[{\"@type\":\"Article\",\"@id\":\"https:\\\/\\\/www.bellunopress.it\\\/2010\\\/01\\\/27\\\/sabato-ultimo-appuntamento-con-il-corso-racchette-da-neve-e-sicurezza-in-montagna\\\/#article\",\"isPartOf\":{\"@id\":\"https:\\\/\\\/www.bellunopress.it\\\/2010\\\/01\\\/27\\\/sabato-ultimo-appuntamento-con-il-corso-racchette-da-neve-e-sicurezza-in-montagna\\\/\"},\"author\":{\"name\":\"redazione\",\"@id\":\"https:\\\/\\\/www.bellunopress.it\\\/#\\\/schema\\\/person\\\/79bb06722b37ece1c03d3e94beb30d73\"},\"headline\":\"Sabato ultimo appuntamento con il corso &#8220;Racchette da neve e sicurezza in montagna&#8221;\",\"datePublished\":\"2010-01-27T14:27:19+00:00\",\"dateModified\":\"2010-01-27T14:29:32+00:00\",\"mainEntityOfPage\":{\"@id\":\"https:\\\/\\\/www.bellunopress.it\\\/2010\\\/01\\\/27\\\/sabato-ultimo-appuntamento-con-il-corso-racchette-da-neve-e-sicurezza-in-montagna\\\/\"},\"wordCount\":251,\"publisher\":{\"@id\":\"https:\\\/\\\/www.bellunopress.it\\\/#organization\"},\"image\":{\"@id\":\"https:\\\/\\\/www.bellunopress.it\\\/2010\\\/01\\\/27\\\/sabato-ultimo-appuntamento-con-il-corso-racchette-da-neve-e-sicurezza-in-montagna\\\/#primaryimage\"},\"thumbnailUrl\":\"http:\\\/\\\/www.bellunopress.it\\\/wp-content\\\/uploads\\\/2010\\\/01\\\/altopiano-rosetta-leggera.jpg\",\"keywords\":[\"Belluno\",\"Dolomiti\"],\"articleSection\":[\"Meteo, natura, ambiente, animali\",\"Pausa Caff\u00e8\"],\"inLanguage\":\"fr-FR\"},{\"@type\":\"WebPage\",\"@id\":\"https:\\\/\\\/www.bellunopress.it\\\/2010\\\/01\\\/27\\\/sabato-ultimo-appuntamento-con-il-corso-racchette-da-neve-e-sicurezza-in-montagna\\\/\",\"url\":\"https:\\\/\\\/www.bellunopress.it\\\/2010\\\/01\\\/27\\\/sabato-ultimo-appuntamento-con-il-corso-racchette-da-neve-e-sicurezza-in-montagna\\\/\",\"name\":\"Sabato ultimo appuntamento con il corso \\\"Racchette da neve e sicurezza in montagna\\\" - Bellunopress - Dolomiti\",\"isPartOf\":{\"@id\":\"https:\\\/\\\/www.bellunopress.it\\\/#website\"},\"primaryImageOfPage\":{\"@id\":\"https:\\\/\\\/www.bellunopress.it\\\/2010\\\/01\\\/27\\\/sabato-ultimo-appuntamento-con-il-corso-racchette-da-neve-e-sicurezza-in-montagna\\\/#primaryimage\"},\"image\":{\"@id\":\"https:\\\/\\\/www.bellunopress.it\\\/2010\\\/01\\\/27\\\/sabato-ultimo-appuntamento-con-il-corso-racchette-da-neve-e-sicurezza-in-montagna\\\/#primaryimage\"},\"thumbnailUrl\":\"http:\\\/\\\/www.bellunopress.it\\\/wp-content\\\/uploads\\\/2010\\\/01\\\/altopiano-rosetta-leggera.jpg\",\"datePublished\":\"2010-01-27T14:27:19+00:00\",\"dateModified\":\"2010-01-27T14:29:32+00:00\",\"breadcrumb\":{\"@id\":\"https:\\\/\\\/www.bellunopress.it\\\/2010\\\/01\\\/27\\\/sabato-ultimo-appuntamento-con-il-corso-racchette-da-neve-e-sicurezza-in-montagna\\\/#breadcrumb\"},\"inLanguage\":\"fr-FR\",\"potentialAction\":[{\"@type\":\"ReadAction\",\"target\":[\"https:\\\/\\\/www.bellunopress.it\\\/2010\\\/01\\\/27\\\/sabato-ultimo-appuntamento-con-il-corso-racchette-da-neve-e-sicurezza-in-montagna\\\/\"]}]},{\"@type\":\"ImageObject\",\"inLanguage\":\"fr-FR\",\"@id\":\"https:\\\/\\\/www.bellunopress.it\\\/2010\\\/01\\\/27\\\/sabato-ultimo-appuntamento-con-il-corso-racchette-da-neve-e-sicurezza-in-montagna\\\/#primaryimage\",\"url\":\"http:\\\/\\\/www.bellunopress.it\\\/wp-content\\\/uploads\\\/2010\\\/01\\\/altopiano-rosetta-leggera.jpg\",\"contentUrl\":\"http:\\\/\\\/www.bellunopress.it\\\/wp-content\\\/uploads\\\/2010\\\/01\\\/altopiano-rosetta-leggera.jpg\"},{\"@type\":\"BreadcrumbList\",\"@id\":\"https:\\\/\\\/www.bellunopress.it\\\/2010\\\/01\\\/27\\\/sabato-ultimo-appuntamento-con-il-corso-racchette-da-neve-e-sicurezza-in-montagna\\\/#breadcrumb\",\"itemListElement\":[{\"@type\":\"ListItem\",\"position\":1,\"name\":\"Home\",\"item\":\"https:\\\/\\\/www.bellunopress.it\\\/\"},{\"@type\":\"ListItem\",\"position\":2,\"name\":\"Sabato ultimo appuntamento con il corso &#8220;Racchette da neve e sicurezza in montagna&#8221;\"}]},{\"@type\":\"WebSite\",\"@id\":\"https:\\\/\\\/www.bellunopress.it\\\/#website\",\"url\":\"https:\\\/\\\/www.bellunopress.it\\\/\",\"name\":\"Bellunopress - Dolomiti\",\"description\":\"e-mail: redazione@bellunopress.it\",\"publisher\":{\"@id\":\"https:\\\/\\\/www.bellunopress.it\\\/#organization\"},\"potentialAction\":[{\"@type\":\"SearchAction\",\"target\":{\"@type\":\"EntryPoint\",\"urlTemplate\":\"https:\\\/\\\/www.bellunopress.it\\\/?s={search_term_string}\"},\"query-input\":{\"@type\":\"PropertyValueSpecification\",\"valueRequired\":true,\"valueName\":\"search_term_string\"}}],\"inLanguage\":\"fr-FR\"},{\"@type\":\"Organization\",\"@id\":\"https:\\\/\\\/www.bellunopress.it\\\/#organization\",\"name\":\"Bellunopress\",\"url\":\"https:\\\/\\\/www.bellunopress.it\\\/\",\"logo\":{\"@type\":\"ImageObject\",\"inLanguage\":\"fr-FR\",\"@id\":\"https:\\\/\\\/www.bellunopress.it\\\/#\\\/schema\\\/logo\\\/image\\\/\",\"url\":\"https:\\\/\\\/www.bellunopress.it\\\/wp-content\\\/uploads\\\/2011\\\/05\\\/cropped-logo-bellunopress-.jpg\",\"contentUrl\":\"https:\\\/\\\/www.bellunopress.it\\\/wp-content\\\/uploads\\\/2011\\\/05\\\/cropped-logo-bellunopress-.jpg\",\"width\":512,\"height\":512,\"caption\":\"Bellunopress\"},\"image\":{\"@id\":\"https:\\\/\\\/www.bellunopress.it\\\/#\\\/schema\\\/logo\\\/image\\\/\"},\"sameAs\":[\"https:\\\/\\\/www.facebook.com\\\/profile.php?id=100008943462799\",\"https:\\\/\\\/x.com\\\/bellunopress\",\"https:\\\/\\\/www.linkedin.com\\\/hp\\\/?dnr=JBzUWaJfMUw8vbXJJ2tVW5-I3jZKvC4wsoxE&amp;amp;amp;amp;amp;amp;trk=nav_responsive_tab_home\",\"https:\\\/\\\/www.youtube.com\\\/channel\\\/UCxL0wu1uN0_3_7hGG0306cw\"]},{\"@type\":\"Person\",\"@id\":\"https:\\\/\\\/www.bellunopress.it\\\/#\\\/schema\\\/person\\\/79bb06722b37ece1c03d3e94beb30d73\",\"name\":\"redazione\",\"image\":{\"@type\":\"ImageObject\",\"inLanguage\":\"fr-FR\",\"@id\":\"https:\\\/\\\/secure.gravatar.com\\\/avatar\\\/37d968a2e67a6fd04c169c4bdef102d0bc5d31b2546345219e348575eb80e9a0?s=96&d=mm&r=g\",\"url\":\"https:\\\/\\\/secure.gravatar.com\\\/avatar\\\/37d968a2e67a6fd04c169c4bdef102d0bc5d31b2546345219e348575eb80e9a0?s=96&d=mm&r=g\",\"contentUrl\":\"https:\\\/\\\/secure.gravatar.com\\\/avatar\\\/37d968a2e67a6fd04c169c4bdef102d0bc5d31b2546345219e348575eb80e9a0?s=96&d=mm&r=g\",\"caption\":\"redazione\"},\"sameAs\":[\"http:\\\/\\\/www.bellunopress.it\",\"https:\\\/\\\/x.com\\\/bellunopress\"],\"url\":\"https:\\\/\\\/www.bellunopress.it\\\/fr\\\/author\\\/redazione\\\/\"}]}<\/script>\n<!-- \/ Yoast SEO plugin. -->","yoast_head_json":{"title":"Sabato ultimo appuntamento con il corso \"Racchette da neve e sicurezza in montagna\" - Bellunopress - Dolomiti","robots":{"index":"index","follow":"follow","max-snippet":"max-snippet:-1","max-image-preview":"max-image-preview:large","max-video-preview":"max-video-preview:-1"},"canonical":"https:\/\/www.bellunopress.it\/fr\/2010\/01\/27\/sabato-ultimo-appuntamento-con-il-corso-racchette-da-neve-e-sicurezza-in-montagna\/","og_locale":"fr_FR","og_type":"article","og_title":"Sabato ultimo appuntamento con il corso \"Racchette da neve e sicurezza in montagna\" - Bellunopress - Dolomiti","og_description":"Il Cai di Agordo informa che l\u2019ultimo appuntamento per gli allievi che hanno partecipato al corso in oggetto \u00e8 fissato per sabato 30 gennaio 2010 alle ore 14.00 con ritrovo a Forcella Aurine. Nell\u2019incontro saranno illustrati \u2013 in modo pratico e direttamente sul campo &#8211; i metodi di ricerca ed il corretto uso dell\u2019 ARVA, [&hellip;]","og_url":"https:\/\/www.bellunopress.it\/fr\/2010\/01\/27\/sabato-ultimo-appuntamento-con-il-corso-racchette-da-neve-e-sicurezza-in-montagna\/","og_site_name":"Bellunopress - Dolomiti","article_publisher":"https:\/\/www.facebook.com\/profile.php?id=100008943462799","article_published_time":"2010-01-27T14:27:19+00:00","article_modified_time":"2010-01-27T14:29:32+00:00","og_image":[{"url":"http:\/\/www.bellunopress.it\/wp-content\/uploads\/2010\/01\/altopiano-rosetta-leggera.jpg","type":"","width":"","height":""}],"author":"redazione","twitter_card":"summary_large_image","twitter_creator":"@bellunopress","twitter_site":"@bellunopress","twitter_misc":{"\u00c9crit par":"redazione","Dur\u00e9e de lecture estim\u00e9e":"1 minute"},"schema":{"@context":"https:\/\/schema.org","@graph":[{"@type":"Article","@id":"https:\/\/www.bellunopress.it\/2010\/01\/27\/sabato-ultimo-appuntamento-con-il-corso-racchette-da-neve-e-sicurezza-in-montagna\/#article","isPartOf":{"@id":"https:\/\/www.bellunopress.it\/2010\/01\/27\/sabato-ultimo-appuntamento-con-il-corso-racchette-da-neve-e-sicurezza-in-montagna\/"},"author":{"name":"redazione","@id":"https:\/\/www.bellunopress.it\/#\/schema\/person\/79bb06722b37ece1c03d3e94beb30d73"},"headline":"Sabato ultimo appuntamento con il corso &#8220;Racchette da neve e sicurezza in montagna&#8221;","datePublished":"2010-01-27T14:27:19+00:00","dateModified":"2010-01-27T14:29:32+00:00","mainEntityOfPage":{"@id":"https:\/\/www.bellunopress.it\/2010\/01\/27\/sabato-ultimo-appuntamento-con-il-corso-racchette-da-neve-e-sicurezza-in-montagna\/"},"wordCount":251,"publisher":{"@id":"https:\/\/www.bellunopress.it\/#organization"},"image":{"@id":"https:\/\/www.bellunopress.it\/2010\/01\/27\/sabato-ultimo-appuntamento-con-il-corso-racchette-da-neve-e-sicurezza-in-montagna\/#primaryimage"},"thumbnailUrl":"http:\/\/www.bellunopress.it\/wp-content\/uploads\/2010\/01\/altopiano-rosetta-leggera.jpg","keywords":["Belluno","Dolomiti"],"articleSection":["Meteo, natura, ambiente, animali","Pausa Caff\u00e8"],"inLanguage":"fr-FR"},{"@type":"WebPage","@id":"https:\/\/www.bellunopress.it\/2010\/01\/27\/sabato-ultimo-appuntamento-con-il-corso-racchette-da-neve-e-sicurezza-in-montagna\/","url":"https:\/\/www.bellunopress.it\/2010\/01\/27\/sabato-ultimo-appuntamento-con-il-corso-racchette-da-neve-e-sicurezza-in-montagna\/","name":"Sabato ultimo appuntamento con il corso \"Racchette da neve e sicurezza in montagna\" - Bellunopress - Dolomiti","isPartOf":{"@id":"https:\/\/www.bellunopress.it\/#website"},"primaryImageOfPage":{"@id":"https:\/\/www.bellunopress.it\/2010\/01\/27\/sabato-ultimo-appuntamento-con-il-corso-racchette-da-neve-e-sicurezza-in-montagna\/#primaryimage"},"image":{"@id":"https:\/\/www.bellunopress.it\/2010\/01\/27\/sabato-ultimo-appuntamento-con-il-corso-racchette-da-neve-e-sicurezza-in-montagna\/#primaryimage"},"thumbnailUrl":"http:\/\/www.bellunopress.it\/wp-content\/uploads\/2010\/01\/altopiano-rosetta-leggera.jpg","datePublished":"2010-01-27T14:27:19+00:00","dateModified":"2010-01-27T14:29:32+00:00","breadcrumb":{"@id":"https:\/\/www.bellunopress.it\/2010\/01\/27\/sabato-ultimo-appuntamento-con-il-corso-racchette-da-neve-e-sicurezza-in-montagna\/#breadcrumb"},"inLanguage":"fr-FR","potentialAction":[{"@type":"ReadAction","target":["https:\/\/www.bellunopress.it\/2010\/01\/27\/sabato-ultimo-appuntamento-con-il-corso-racchette-da-neve-e-sicurezza-in-montagna\/"]}]},{"@type":"ImageObject","inLanguage":"fr-FR","@id":"https:\/\/www.bellunopress.it\/2010\/01\/27\/sabato-ultimo-appuntamento-con-il-corso-racchette-da-neve-e-sicurezza-in-montagna\/#primaryimage","url":"http:\/\/www.bellunopress.it\/wp-content\/uploads\/2010\/01\/altopiano-rosetta-leggera.jpg","contentUrl":"http:\/\/www.bellunopress.it\/wp-content\/uploads\/2010\/01\/altopiano-rosetta-leggera.jpg"},{"@type":"BreadcrumbList","@id":"https:\/\/www.bellunopress.it\/2010\/01\/27\/sabato-ultimo-appuntamento-con-il-corso-racchette-da-neve-e-sicurezza-in-montagna\/#breadcrumb","itemListElement":[{"@type":"ListItem","position":1,"name":"Home","item":"https:\/\/www.bellunopress.it\/"},{"@type":"ListItem","position":2,"name":"Sabato ultimo appuntamento con il corso &#8220;Racchette da neve e sicurezza in montagna&#8221;"}]},{"@type":"WebSite","@id":"https:\/\/www.bellunopress.it\/#website","url":"https:\/\/www.bellunopress.it\/","name":"Bellunopress - Dolomiti","description":"e-mail: redazione@bellunopress.it","publisher":{"@id":"https:\/\/www.bellunopress.it\/#organization"},"potentialAction":[{"@type":"SearchAction","target":{"@type":"EntryPoint","urlTemplate":"https:\/\/www.bellunopress.it\/?s={search_term_string}"},"query-input":{"@type":"PropertyValueSpecification","valueRequired":true,"valueName":"search_term_string"}}],"inLanguage":"fr-FR"},{"@type":"Organization","@id":"https:\/\/www.bellunopress.it\/#organization","name":"Bellunopress","url":"https:\/\/www.bellunopress.it\/","logo":{"@type":"ImageObject","inLanguage":"fr-FR","@id":"https:\/\/www.bellunopress.it\/#\/schema\/logo\/image\/","url":"https:\/\/www.bellunopress.it\/wp-content\/uploads\/2011\/05\/cropped-logo-bellunopress-.jpg","contentUrl":"https:\/\/www.bellunopress.it\/wp-content\/uploads\/2011\/05\/cropped-logo-bellunopress-.jpg","width":512,"height":512,"caption":"Bellunopress"},"image":{"@id":"https:\/\/www.bellunopress.it\/#\/schema\/logo\/image\/"},"sameAs":["https:\/\/www.facebook.com\/profile.php?id=100008943462799","https:\/\/x.com\/bellunopress","https:\/\/www.linkedin.com\/hp\/?dnr=JBzUWaJfMUw8vbXJJ2tVW5-I3jZKvC4wsoxE&amp;amp;amp;amp;amp;amp;trk=nav_responsive_tab_home","https:\/\/www.youtube.com\/channel\/UCxL0wu1uN0_3_7hGG0306cw"]},{"@type":"Person","@id":"https:\/\/www.bellunopress.it\/#\/schema\/person\/79bb06722b37ece1c03d3e94beb30d73","name":"r\u00e9daction","image":{"@type":"ImageObject","inLanguage":"fr-FR","@id":"https:\/\/secure.gravatar.com\/avatar\/37d968a2e67a6fd04c169c4bdef102d0bc5d31b2546345219e348575eb80e9a0?s=96&d=mm&r=g","url":"https:\/\/secure.gravatar.com\/avatar\/37d968a2e67a6fd04c169c4bdef102d0bc5d31b2546345219e348575eb80e9a0?s=96&d=mm&r=g","contentUrl":"https:\/\/secure.gravatar.com\/avatar\/37d968a2e67a6fd04c169c4bdef102d0bc5d31b2546345219e348575eb80e9a0?s=96&d=mm&r=g","caption":"redazione"},"sameAs":["http:\/\/www.bellunopress.it","https:\/\/x.com\/bellunopress"],"url":"https:\/\/www.bellunopress.it\/fr\/author\/redazione\/"}]}},"_links":{"self":[{"href":"https:\/\/www.bellunopress.it\/fr\/wp-json\/wp\/v2\/posts\/11898","targetHints":{"allow":["GET"]}}],"collection":[{"href":"https:\/\/www.bellunopress.it\/fr\/wp-json\/wp\/v2\/posts"}],"about":[{"href":"https:\/\/www.bellunopress.it\/fr\/wp-json\/wp\/v2\/types\/post"}],"author":[{"embeddable":true,"href":"https:\/\/www.bellunopress.it\/fr\/wp-json\/wp\/v2\/users\/2"}],"replies":[{"embeddable":true,"href":"https:\/\/www.bellunopress.it\/fr\/wp-json\/wp\/v2\/comments?post=11898"}],"version-history":[{"count":2,"href":"https:\/\/www.bellunopress.it\/fr\/wp-json\/wp\/v2\/posts\/11898\/revisions"}],"predecessor-version":[{"id":11902,"href":"https:\/\/www.bellunopress.it\/fr\/wp-json\/wp\/v2\/posts\/11898\/revisions\/11902"}],"wp:attachment":[{"href":"https:\/\/www.bellunopress.it\/fr\/wp-json\/wp\/v2\/media?parent=11898"}],"wp:term":[{"taxonomy":"category","embeddable":true,"href":"https:\/\/www.bellunopress.it\/fr\/wp-json\/wp\/v2\/categories?post=11898"},{"taxonomy":"post_tag","embeddable":true,"href":"https:\/\/www.bellunopress.it\/fr\/wp-json\/wp\/v2\/tags?post=11898"}],"curies":[{"name":"wp","href":"https:\/\/api.w.org\/{rel}","templated":true}]}}