{"id":118885,"date":"2020-10-28T08:13:56","date_gmt":"2020-10-28T07:13:56","guid":{"rendered":"http:\/\/www.bellunopress.it\/?p=118885"},"modified":"2020-10-28T08:13:56","modified_gmt":"2020-10-28T07:13:56","slug":"covid-19-e-il-crollo-delloccidente-di-aldo-constantini","status":"publish","type":"post","link":"https:\/\/www.bellunopress.it\/fr\/2020\/10\/28\/covid-19-e-il-crollo-delloccidente-di-aldo-constantini\/","title":{"rendered":"Covid-19 e il crollo dell\u2019Occidente  * di Aldo Constantini\u00a0"},"content":{"rendered":"<figure id=\"attachment_113751\" aria-describedby=\"caption-attachment-113751\" style=\"width: 600px\" class=\"wp-caption alignleft\"><a href=\"http:\/\/www.bellunopress.it\/fr\/2020\/04\/13\/proteste-di-hong-kong-una-vecchia-storia-di-terreni-soldi-e-potere-parte-2-analisi-di-aldo-constantini\/hong-kong_edited\/\" rel=\"attachment wp-att-113751\"><img loading=\"lazy\" decoding=\"async\" class=\"size-full wp-image-113751\" src=\"http:\/\/www.bellunopress.it\/wp-content\/uploads\/2020\/04\/hong-kong_edited.jpg\" alt=\"\" width=\"600\" height=\"800\" srcset=\"https:\/\/www.bellunopress.it\/wp-content\/uploads\/2020\/04\/hong-kong_edited.jpg 600w, https:\/\/www.bellunopress.it\/wp-content\/uploads\/2020\/04\/hong-kong_edited-375x500.jpg 375w, https:\/\/www.bellunopress.it\/wp-content\/uploads\/2020\/04\/hong-kong_edited-315x420.jpg 315w\" sizes=\"auto, (max-width: 600px) 100vw, 600px\" \/><\/a><figcaption id=\"caption-attachment-113751\" class=\"wp-caption-text\">Hong Kong<\/figcaption><\/figure>\n<p>Perch\u00e9 l\u2019oriente (Cina, Hong Kong, Taiwan, Vietnam, Singapore, Sud Korea, Giappone) riescono a controllare e gestire la pandemia di Covid-19 e l\u2019occidente (Italia, Francia, Gran Bretagna, Germania, Spagna, Stati Uniti) no?<\/p>\n<p>L\u2019occidente, le sue istituzioni e la capacit\u00e0 di governarsi stanno crollando mentre l\u2019oriente, le sue istituzioni e la capacit\u00e0 di governarsi sono salite in cattedra.<\/p>\n<p>La pandemia di Covid-19 sta testando l\u2019integrit\u00e0 delle istituzioni e del loro funzionamento. Il risultato \u00e8 che in occidente i morti sono nell\u2019ordine delle migliaia, i contagiati del milione e il virus fuori controllo la gente in piazza a protestare; mentre in oriente i morti sono nell\u2019ordine delle centinaia, i contagiati delle migliaia e il virus \u00e8 sotto controllo o quasi debellato e la gente lavora, studia e si diverte.<\/p>\n<p>Dietro questi numeri non c\u2019\u00e8 un elisir o misticismo orientale elaborato in cima ad una montagna ai piedi di un monaco, si tratta semplicemente di noioso e vecchio buon governo per di pi\u00f9 in parte copiato dall\u2019occidente.<br \/>\nMentre Europa e America si godevano le vacanze al sole, con l\u2019idea che il caldo avrebbe ucciso il virus, i Paesi asiatici hanno limitato i viaggi internazionali e controllato i confini. Taiwan ha chiuso le frontiere appena scoppiata l\u2019epidemia in Cina nel gennaio 2020 e ha perseguito con un programma trasparente di tracciatura, quarantena e distanziamento sociale per eliminare gli emergenti focolai con il risultato di non aver praticamente sentito n\u00e9 l\u2019epidemia n\u00e9 la successiva pandemia. Il Sud Korea si \u00e8 attivato con programmi di test di massa per individuare i casi positivi e curarli. La Cina dopo aver isolato Wuhan e portato i casi a zero ha proseguito con l\u2019estinzione di focolai emergenti con chiusure mirate, controllo di entrate-uscite dalle frontiere con quarantene, test di massa e tracciatura. L\u2019ultimo caso di due giorni fa quello di Kashgar, citt\u00e0 di 4.5 milioni di persone, dove dopo aver trovato un focolaio di una ventina di persone, nel giro di 3 giorni l\u2019intera popolazione \u00e8 stata testata, i positivi isolati e messi in cura.<\/p>\n<p>In Asia il risultato economico \u00e8 che la gente pu\u00f2 agire senza paura del virus andando al bar, in piscina e in ufficio con il PIL che cresce al 4.9%. In occidente invece si \u00e8 deciso di combattere la pandemia con politiche, se tali si possono chiamare, del tipo: \u201cse tutti ce la prendiamo poi siamo tutti immuni\u201d e \u201ccon il caldo passer\u00e0\u201d. Come ogni anno il caldo \u00e8 passato, il virus \u00e8 rimasto e siamo sulla buona strada per prendercelo tutti e, dalle ultime scoperte, non diventeremo immuni, mentre il PIL \u00e8 a -8% con un\u2019altra chiusura dietro l\u2019angolo. Genius!<br \/>\nTutto questo e le proteste in piazza devono essere e sono evitabili. Come? Applicando civitas e scienza; la prossima settimana si organizza un\u2019elezione per\u00f2 anzich\u00e9 votare facciamo tutti il test Covid-19, scarichiamo un\u2019applicazione sul telefono e registriamo i risultati. Ognuno sa quello che deve fare: i positivi si isolano per davvero non con i famigliari, gli ammalati vengono curati e i negativi tornano a fare quello che gli piace fare. Come per le elezioni tutto finito in 3 giorni, nessuna chiusura semplicemente un\u2019applicazione coscienziosa di democrazia e scienza da parte della cittadinanza in visa dei balli delle feste di Natale e per ripartire nel 2021 senza Covid-19. Eureka!<\/p>\n<p>Leggendo i media occidentali, il successo di Taiwan, Vietnam e Sud Korea sono solo riportati come curiosit\u00e0 orientali non come il successo di nazioni vere da cui si pu\u00f2 imparare.<br \/>\nItalia, Francia, Gran Bretagna, Spagna hanno fallito spettacolarmente, negli Stati Uniti oltre al danno di un virus furi controllo, la popolazione ha anche subito la beffa di sentirsi dire di bere ammoniaca, cos\u00ec la Germania \u00e8 prima della classe nonostante abbia pi\u00f9 del doppio dei morti e contagiati della Cina, capolista dei paesi Asiatici.<\/p>\n<p>Stiamo assistendo al suicidio dell\u2019occidente portato avanti dalla stupidit\u00e0 e arroganza delle false \u00e9lite sia di destra che di sinistra al timone di Europa e America e supportate da un\u2019ideologia accademica neoliberale che non trova alcuna applicazione in un mondo dove da sempre carattere e decisioni, e non il mercato, fanno la differenza.<\/p>\n<p>Questa bigotteria di aspettative basse deve finire. Gli standard vanno alzati a partire da quello dell\u2019aspettativa di vita che al momento \u00e8 minacciato dal Covid-19. E\u2019 tempo di guardare al mondo intero con mente aperta e umilt\u00e0 per imparare dai migliori ovunque essi siano. I Paesi asiatici sono avanzati perch\u00e9 hanno imparato bene e adattato istituzioni e idee occidentali; se l\u2019occidente \u00e8 troppo arrogante per riprenderle e avanzarle a sua volta non solo croller\u00e0 ma morir\u00e0 di questo virus. Letteralmente!<\/p>\n<p><strong>Aldo Constantini<\/strong><\/p>\n<p><strong><em>Aldo Constantini, \u00e8 nativo di Cortina d\u2019Ampezzo, \u00e8 un ingegnere e contract manager con esperienza di progetti di infrastruttura civile in Asia, Europa e Africa. Aldo ha studiato, vive e lavora ad Hong Kong e Cina da 5 anni e occasionalmente espone analisi e punti di vista sul mondo Asiatico.<\/em><\/strong><\/p>","protected":false},"excerpt":{"rendered":"<p>Perch\u00e9 l\u2019oriente (Cina, Hong Kong, Taiwan, Vietnam, Singapore, Sud Korea, Giappone) riescono a controllare e gestire la pandemia di Covid-19 e l\u2019occidente (Italia, Francia, Gran Bretagna, Germania, Spagna, Stati Uniti) no? L\u2019occidente, le sue istituzioni e la capacit\u00e0 di governarsi stanno crollando mentre l\u2019oriente, le sue istituzioni e la capacit\u00e0 di governarsi sono salite in [&hellip;]<\/p>\n","protected":false},"author":2,"featured_media":113661,"comment_status":"closed","ping_status":"open","sticky":false,"template":"","format":"standard","meta":{"footnotes":""},"categories":[49,36,26,17],"tags":[],"class_list":["post-118885","post","type-post","status-publish","format-standard","has-post-thumbnail","category-speciali","category-lavoro-economia","category-prima-pagina","category-sanita"],"yoast_head":"<!-- This site is optimized with the Yoast SEO plugin v28.4 - https:\/\/yoast.com\/product\/yoast-seo-wordpress\/ -->\n<title>Covid-19 e il crollo dell\u2019Occidente * di Aldo Constantini\u00a0 - Bellunopress - Dolomiti<\/title>\n<meta name=\"robots\" content=\"index, follow, max-snippet:-1, max-image-preview:large, max-video-preview:-1\" \/>\n<link rel=\"canonical\" href=\"https:\/\/www.bellunopress.it\/fr\/2020\/10\/28\/covid-19-e-il-crollo-delloccidente-di-aldo-constantini\/\" \/>\n<meta property=\"og:locale\" content=\"fr_FR\" \/>\n<meta property=\"og:type\" content=\"article\" \/>\n<meta property=\"og:title\" content=\"Covid-19 e il crollo dell\u2019Occidente * di Aldo Constantini\u00a0 - Bellunopress - Dolomiti\" \/>\n<meta property=\"og:description\" content=\"Perch\u00e9 l\u2019oriente (Cina, Hong Kong, Taiwan, Vietnam, Singapore, Sud Korea, Giappone) riescono a controllare e gestire la pandemia di Covid-19 e l\u2019occidente (Italia, Francia, Gran Bretagna, Germania, Spagna, Stati Uniti) no? L\u2019occidente, le sue istituzioni e la capacit\u00e0 di governarsi stanno crollando mentre l\u2019oriente, le sue istituzioni e la capacit\u00e0 di governarsi sono salite in [&hellip;]\" \/>\n<meta property=\"og:url\" content=\"https:\/\/www.bellunopress.it\/fr\/2020\/10\/28\/covid-19-e-il-crollo-delloccidente-di-aldo-constantini\/\" \/>\n<meta property=\"og:site_name\" content=\"Bellunopress - Dolomiti\" \/>\n<meta property=\"article:publisher\" content=\"https:\/\/www.facebook.com\/profile.php?id=100008943462799\" \/>\n<meta property=\"article:published_time\" content=\"2020-10-28T07:13:56+00:00\" \/>\n<meta property=\"og:image\" content=\"https:\/\/www.bellunopress.it\/wp-content\/uploads\/2020\/04\/hong-kong-1_edited.jpg\" \/>\n\t<meta property=\"og:image:width\" content=\"800\" \/>\n\t<meta property=\"og:image:height\" content=\"600\" \/>\n\t<meta property=\"og:image:type\" content=\"image\/jpeg\" \/>\n<meta name=\"author\" content=\"redazione\" \/>\n<meta name=\"twitter:card\" content=\"summary_large_image\" \/>\n<meta name=\"twitter:creator\" content=\"@bellunopress\" \/>\n<meta name=\"twitter:site\" content=\"@bellunopress\" \/>\n<meta name=\"twitter:label1\" content=\"\u00c9crit par\" \/>\n\t<meta name=\"twitter:data1\" content=\"redazione\" \/>\n\t<meta name=\"twitter:label2\" content=\"Dur\u00e9e de lecture estim\u00e9e\" \/>\n\t<meta name=\"twitter:data2\" content=\"4 minutes\" \/>\n<script type=\"application\/ld+json\" class=\"yoast-schema-graph\">{\"@context\":\"https:\\\/\\\/schema.org\",\"@graph\":[{\"@type\":\"Article\",\"@id\":\"https:\\\/\\\/www.bellunopress.it\\\/2020\\\/10\\\/28\\\/covid-19-e-il-crollo-delloccidente-di-aldo-constantini\\\/#article\",\"isPartOf\":{\"@id\":\"https:\\\/\\\/www.bellunopress.it\\\/2020\\\/10\\\/28\\\/covid-19-e-il-crollo-delloccidente-di-aldo-constantini\\\/\"},\"author\":{\"name\":\"redazione\",\"@id\":\"https:\\\/\\\/www.bellunopress.it\\\/#\\\/schema\\\/person\\\/79bb06722b37ece1c03d3e94beb30d73\"},\"headline\":\"Covid-19 e il crollo dell\u2019Occidente * di Aldo Constantini\u00a0\",\"datePublished\":\"2020-10-28T07:13:56+00:00\",\"mainEntityOfPage\":{\"@id\":\"https:\\\/\\\/www.bellunopress.it\\\/2020\\\/10\\\/28\\\/covid-19-e-il-crollo-delloccidente-di-aldo-constantini\\\/\"},\"wordCount\":834,\"publisher\":{\"@id\":\"https:\\\/\\\/www.bellunopress.it\\\/#organization\"},\"image\":{\"@id\":\"https:\\\/\\\/www.bellunopress.it\\\/2020\\\/10\\\/28\\\/covid-19-e-il-crollo-delloccidente-di-aldo-constantini\\\/#primaryimage\"},\"thumbnailUrl\":\"https:\\\/\\\/www.bellunopress.it\\\/wp-content\\\/uploads\\\/2020\\\/04\\\/hong-kong-1_edited.jpg\",\"articleSection\":[\"Gli speciali di Bellunopress\",\"Lavoro, Economia, Turismo\",\"Prima Pagina\",\"Sanit\u00e0 Medicina\"],\"inLanguage\":\"fr-FR\"},{\"@type\":\"WebPage\",\"@id\":\"https:\\\/\\\/www.bellunopress.it\\\/2020\\\/10\\\/28\\\/covid-19-e-il-crollo-delloccidente-di-aldo-constantini\\\/\",\"url\":\"https:\\\/\\\/www.bellunopress.it\\\/2020\\\/10\\\/28\\\/covid-19-e-il-crollo-delloccidente-di-aldo-constantini\\\/\",\"name\":\"Covid-19 e il crollo dell\u2019Occidente * di Aldo Constantini\u00a0 - Bellunopress - Dolomiti\",\"isPartOf\":{\"@id\":\"https:\\\/\\\/www.bellunopress.it\\\/#website\"},\"primaryImageOfPage\":{\"@id\":\"https:\\\/\\\/www.bellunopress.it\\\/2020\\\/10\\\/28\\\/covid-19-e-il-crollo-delloccidente-di-aldo-constantini\\\/#primaryimage\"},\"image\":{\"@id\":\"https:\\\/\\\/www.bellunopress.it\\\/2020\\\/10\\\/28\\\/covid-19-e-il-crollo-delloccidente-di-aldo-constantini\\\/#primaryimage\"},\"thumbnailUrl\":\"https:\\\/\\\/www.bellunopress.it\\\/wp-content\\\/uploads\\\/2020\\\/04\\\/hong-kong-1_edited.jpg\",\"datePublished\":\"2020-10-28T07:13:56+00:00\",\"breadcrumb\":{\"@id\":\"https:\\\/\\\/www.bellunopress.it\\\/2020\\\/10\\\/28\\\/covid-19-e-il-crollo-delloccidente-di-aldo-constantini\\\/#breadcrumb\"},\"inLanguage\":\"fr-FR\",\"potentialAction\":[{\"@type\":\"ReadAction\",\"target\":[\"https:\\\/\\\/www.bellunopress.it\\\/2020\\\/10\\\/28\\\/covid-19-e-il-crollo-delloccidente-di-aldo-constantini\\\/\"]}]},{\"@type\":\"ImageObject\",\"inLanguage\":\"fr-FR\",\"@id\":\"https:\\\/\\\/www.bellunopress.it\\\/2020\\\/10\\\/28\\\/covid-19-e-il-crollo-delloccidente-di-aldo-constantini\\\/#primaryimage\",\"url\":\"https:\\\/\\\/www.bellunopress.it\\\/wp-content\\\/uploads\\\/2020\\\/04\\\/hong-kong-1_edited.jpg\",\"contentUrl\":\"https:\\\/\\\/www.bellunopress.it\\\/wp-content\\\/uploads\\\/2020\\\/04\\\/hong-kong-1_edited.jpg\",\"width\":800,\"height\":600,\"caption\":\"Hong Kong\"},{\"@type\":\"BreadcrumbList\",\"@id\":\"https:\\\/\\\/www.bellunopress.it\\\/2020\\\/10\\\/28\\\/covid-19-e-il-crollo-delloccidente-di-aldo-constantini\\\/#breadcrumb\",\"itemListElement\":[{\"@type\":\"ListItem\",\"position\":1,\"name\":\"Home\",\"item\":\"https:\\\/\\\/www.bellunopress.it\\\/\"},{\"@type\":\"ListItem\",\"position\":2,\"name\":\"Covid-19 e il crollo dell\u2019Occidente * di Aldo Constantini\u00a0\"}]},{\"@type\":\"WebSite\",\"@id\":\"https:\\\/\\\/www.bellunopress.it\\\/#website\",\"url\":\"https:\\\/\\\/www.bellunopress.it\\\/\",\"name\":\"Bellunopress - Dolomiti\",\"description\":\"e-mail: redazione@bellunopress.it\",\"publisher\":{\"@id\":\"https:\\\/\\\/www.bellunopress.it\\\/#organization\"},\"potentialAction\":[{\"@type\":\"SearchAction\",\"target\":{\"@type\":\"EntryPoint\",\"urlTemplate\":\"https:\\\/\\\/www.bellunopress.it\\\/?s={search_term_string}\"},\"query-input\":{\"@type\":\"PropertyValueSpecification\",\"valueRequired\":true,\"valueName\":\"search_term_string\"}}],\"inLanguage\":\"fr-FR\"},{\"@type\":\"Organization\",\"@id\":\"https:\\\/\\\/www.bellunopress.it\\\/#organization\",\"name\":\"Bellunopress\",\"url\":\"https:\\\/\\\/www.bellunopress.it\\\/\",\"logo\":{\"@type\":\"ImageObject\",\"inLanguage\":\"fr-FR\",\"@id\":\"https:\\\/\\\/www.bellunopress.it\\\/#\\\/schema\\\/logo\\\/image\\\/\",\"url\":\"https:\\\/\\\/www.bellunopress.it\\\/wp-content\\\/uploads\\\/2011\\\/05\\\/cropped-logo-bellunopress-.jpg\",\"contentUrl\":\"https:\\\/\\\/www.bellunopress.it\\\/wp-content\\\/uploads\\\/2011\\\/05\\\/cropped-logo-bellunopress-.jpg\",\"width\":512,\"height\":512,\"caption\":\"Bellunopress\"},\"image\":{\"@id\":\"https:\\\/\\\/www.bellunopress.it\\\/#\\\/schema\\\/logo\\\/image\\\/\"},\"sameAs\":[\"https:\\\/\\\/www.facebook.com\\\/profile.php?id=100008943462799\",\"https:\\\/\\\/x.com\\\/bellunopress\",\"https:\\\/\\\/www.linkedin.com\\\/hp\\\/?dnr=JBzUWaJfMUw8vbXJJ2tVW5-I3jZKvC4wsoxE&amp;amp;amp;amp;amp;amp;trk=nav_responsive_tab_home\",\"https:\\\/\\\/www.youtube.com\\\/channel\\\/UCxL0wu1uN0_3_7hGG0306cw\"]},{\"@type\":\"Person\",\"@id\":\"https:\\\/\\\/www.bellunopress.it\\\/#\\\/schema\\\/person\\\/79bb06722b37ece1c03d3e94beb30d73\",\"name\":\"redazione\",\"image\":{\"@type\":\"ImageObject\",\"inLanguage\":\"fr-FR\",\"@id\":\"https:\\\/\\\/secure.gravatar.com\\\/avatar\\\/37d968a2e67a6fd04c169c4bdef102d0bc5d31b2546345219e348575eb80e9a0?s=96&d=mm&r=g\",\"url\":\"https:\\\/\\\/secure.gravatar.com\\\/avatar\\\/37d968a2e67a6fd04c169c4bdef102d0bc5d31b2546345219e348575eb80e9a0?s=96&d=mm&r=g\",\"contentUrl\":\"https:\\\/\\\/secure.gravatar.com\\\/avatar\\\/37d968a2e67a6fd04c169c4bdef102d0bc5d31b2546345219e348575eb80e9a0?s=96&d=mm&r=g\",\"caption\":\"redazione\"},\"sameAs\":[\"http:\\\/\\\/www.bellunopress.it\",\"https:\\\/\\\/x.com\\\/bellunopress\"],\"url\":\"https:\\\/\\\/www.bellunopress.it\\\/fr\\\/author\\\/redazione\\\/\"}]}<\/script>\n<!-- \/ Yoast SEO plugin. -->","yoast_head_json":{"title":"Covid-19 e il crollo dell\u2019Occidente * di Aldo Constantini\u00a0 - Bellunopress - Dolomiti","robots":{"index":"index","follow":"follow","max-snippet":"max-snippet:-1","max-image-preview":"max-image-preview:large","max-video-preview":"max-video-preview:-1"},"canonical":"https:\/\/www.bellunopress.it\/fr\/2020\/10\/28\/covid-19-e-il-crollo-delloccidente-di-aldo-constantini\/","og_locale":"fr_FR","og_type":"article","og_title":"Covid-19 e il crollo dell\u2019Occidente * di Aldo Constantini\u00a0 - Bellunopress - Dolomiti","og_description":"Perch\u00e9 l\u2019oriente (Cina, Hong Kong, Taiwan, Vietnam, Singapore, Sud Korea, Giappone) riescono a controllare e gestire la pandemia di Covid-19 e l\u2019occidente (Italia, Francia, Gran Bretagna, Germania, Spagna, Stati Uniti) no? L\u2019occidente, le sue istituzioni e la capacit\u00e0 di governarsi stanno crollando mentre l\u2019oriente, le sue istituzioni e la capacit\u00e0 di governarsi sono salite in [&hellip;]","og_url":"https:\/\/www.bellunopress.it\/fr\/2020\/10\/28\/covid-19-e-il-crollo-delloccidente-di-aldo-constantini\/","og_site_name":"Bellunopress - Dolomiti","article_publisher":"https:\/\/www.facebook.com\/profile.php?id=100008943462799","article_published_time":"2020-10-28T07:13:56+00:00","og_image":[{"width":800,"height":600,"url":"https:\/\/www.bellunopress.it\/wp-content\/uploads\/2020\/04\/hong-kong-1_edited.jpg","type":"image\/jpeg"}],"author":"redazione","twitter_card":"summary_large_image","twitter_creator":"@bellunopress","twitter_site":"@bellunopress","twitter_misc":{"\u00c9crit par":"redazione","Dur\u00e9e de lecture estim\u00e9e":"4 minutes"},"schema":{"@context":"https:\/\/schema.org","@graph":[{"@type":"Article","@id":"https:\/\/www.bellunopress.it\/2020\/10\/28\/covid-19-e-il-crollo-delloccidente-di-aldo-constantini\/#article","isPartOf":{"@id":"https:\/\/www.bellunopress.it\/2020\/10\/28\/covid-19-e-il-crollo-delloccidente-di-aldo-constantini\/"},"author":{"name":"redazione","@id":"https:\/\/www.bellunopress.it\/#\/schema\/person\/79bb06722b37ece1c03d3e94beb30d73"},"headline":"Covid-19 e il crollo dell\u2019Occidente * di Aldo Constantini\u00a0","datePublished":"2020-10-28T07:13:56+00:00","mainEntityOfPage":{"@id":"https:\/\/www.bellunopress.it\/2020\/10\/28\/covid-19-e-il-crollo-delloccidente-di-aldo-constantini\/"},"wordCount":834,"publisher":{"@id":"https:\/\/www.bellunopress.it\/#organization"},"image":{"@id":"https:\/\/www.bellunopress.it\/2020\/10\/28\/covid-19-e-il-crollo-delloccidente-di-aldo-constantini\/#primaryimage"},"thumbnailUrl":"https:\/\/www.bellunopress.it\/wp-content\/uploads\/2020\/04\/hong-kong-1_edited.jpg","articleSection":["Gli speciali di Bellunopress","Lavoro, Economia, Turismo","Prima Pagina","Sanit\u00e0 Medicina"],"inLanguage":"fr-FR"},{"@type":"WebPage","@id":"https:\/\/www.bellunopress.it\/2020\/10\/28\/covid-19-e-il-crollo-delloccidente-di-aldo-constantini\/","url":"https:\/\/www.bellunopress.it\/2020\/10\/28\/covid-19-e-il-crollo-delloccidente-di-aldo-constantini\/","name":"Covid-19 e il crollo dell\u2019Occidente * di Aldo Constantini\u00a0 - Bellunopress - Dolomiti","isPartOf":{"@id":"https:\/\/www.bellunopress.it\/#website"},"primaryImageOfPage":{"@id":"https:\/\/www.bellunopress.it\/2020\/10\/28\/covid-19-e-il-crollo-delloccidente-di-aldo-constantini\/#primaryimage"},"image":{"@id":"https:\/\/www.bellunopress.it\/2020\/10\/28\/covid-19-e-il-crollo-delloccidente-di-aldo-constantini\/#primaryimage"},"thumbnailUrl":"https:\/\/www.bellunopress.it\/wp-content\/uploads\/2020\/04\/hong-kong-1_edited.jpg","datePublished":"2020-10-28T07:13:56+00:00","breadcrumb":{"@id":"https:\/\/www.bellunopress.it\/2020\/10\/28\/covid-19-e-il-crollo-delloccidente-di-aldo-constantini\/#breadcrumb"},"inLanguage":"fr-FR","potentialAction":[{"@type":"ReadAction","target":["https:\/\/www.bellunopress.it\/2020\/10\/28\/covid-19-e-il-crollo-delloccidente-di-aldo-constantini\/"]}]},{"@type":"ImageObject","inLanguage":"fr-FR","@id":"https:\/\/www.bellunopress.it\/2020\/10\/28\/covid-19-e-il-crollo-delloccidente-di-aldo-constantini\/#primaryimage","url":"https:\/\/www.bellunopress.it\/wp-content\/uploads\/2020\/04\/hong-kong-1_edited.jpg","contentUrl":"https:\/\/www.bellunopress.it\/wp-content\/uploads\/2020\/04\/hong-kong-1_edited.jpg","width":800,"height":600,"caption":"Hong Kong"},{"@type":"BreadcrumbList","@id":"https:\/\/www.bellunopress.it\/2020\/10\/28\/covid-19-e-il-crollo-delloccidente-di-aldo-constantini\/#breadcrumb","itemListElement":[{"@type":"ListItem","position":1,"name":"Home","item":"https:\/\/www.bellunopress.it\/"},{"@type":"ListItem","position":2,"name":"Covid-19 e il crollo dell\u2019Occidente * di Aldo Constantini\u00a0"}]},{"@type":"WebSite","@id":"https:\/\/www.bellunopress.it\/#website","url":"https:\/\/www.bellunopress.it\/","name":"Bellunopress - Dolomiti","description":"e-mail: redazione@bellunopress.it","publisher":{"@id":"https:\/\/www.bellunopress.it\/#organization"},"potentialAction":[{"@type":"SearchAction","target":{"@type":"EntryPoint","urlTemplate":"https:\/\/www.bellunopress.it\/?s={search_term_string}"},"query-input":{"@type":"PropertyValueSpecification","valueRequired":true,"valueName":"search_term_string"}}],"inLanguage":"fr-FR"},{"@type":"Organization","@id":"https:\/\/www.bellunopress.it\/#organization","name":"Bellunopress","url":"https:\/\/www.bellunopress.it\/","logo":{"@type":"ImageObject","inLanguage":"fr-FR","@id":"https:\/\/www.bellunopress.it\/#\/schema\/logo\/image\/","url":"https:\/\/www.bellunopress.it\/wp-content\/uploads\/2011\/05\/cropped-logo-bellunopress-.jpg","contentUrl":"https:\/\/www.bellunopress.it\/wp-content\/uploads\/2011\/05\/cropped-logo-bellunopress-.jpg","width":512,"height":512,"caption":"Bellunopress"},"image":{"@id":"https:\/\/www.bellunopress.it\/#\/schema\/logo\/image\/"},"sameAs":["https:\/\/www.facebook.com\/profile.php?id=100008943462799","https:\/\/x.com\/bellunopress","https:\/\/www.linkedin.com\/hp\/?dnr=JBzUWaJfMUw8vbXJJ2tVW5-I3jZKvC4wsoxE&amp;amp;amp;amp;amp;amp;trk=nav_responsive_tab_home","https:\/\/www.youtube.com\/channel\/UCxL0wu1uN0_3_7hGG0306cw"]},{"@type":"Person","@id":"https:\/\/www.bellunopress.it\/#\/schema\/person\/79bb06722b37ece1c03d3e94beb30d73","name":"r\u00e9daction","image":{"@type":"ImageObject","inLanguage":"fr-FR","@id":"https:\/\/secure.gravatar.com\/avatar\/37d968a2e67a6fd04c169c4bdef102d0bc5d31b2546345219e348575eb80e9a0?s=96&d=mm&r=g","url":"https:\/\/secure.gravatar.com\/avatar\/37d968a2e67a6fd04c169c4bdef102d0bc5d31b2546345219e348575eb80e9a0?s=96&d=mm&r=g","contentUrl":"https:\/\/secure.gravatar.com\/avatar\/37d968a2e67a6fd04c169c4bdef102d0bc5d31b2546345219e348575eb80e9a0?s=96&d=mm&r=g","caption":"redazione"},"sameAs":["http:\/\/www.bellunopress.it","https:\/\/x.com\/bellunopress"],"url":"https:\/\/www.bellunopress.it\/fr\/author\/redazione\/"}]}},"_links":{"self":[{"href":"https:\/\/www.bellunopress.it\/fr\/wp-json\/wp\/v2\/posts\/118885","targetHints":{"allow":["GET"]}}],"collection":[{"href":"https:\/\/www.bellunopress.it\/fr\/wp-json\/wp\/v2\/posts"}],"about":[{"href":"https:\/\/www.bellunopress.it\/fr\/wp-json\/wp\/v2\/types\/post"}],"author":[{"embeddable":true,"href":"https:\/\/www.bellunopress.it\/fr\/wp-json\/wp\/v2\/users\/2"}],"replies":[{"embeddable":true,"href":"https:\/\/www.bellunopress.it\/fr\/wp-json\/wp\/v2\/comments?post=118885"}],"version-history":[{"count":1,"href":"https:\/\/www.bellunopress.it\/fr\/wp-json\/wp\/v2\/posts\/118885\/revisions"}],"predecessor-version":[{"id":118886,"href":"https:\/\/www.bellunopress.it\/fr\/wp-json\/wp\/v2\/posts\/118885\/revisions\/118886"}],"wp:featuredmedia":[{"embeddable":true,"href":"https:\/\/www.bellunopress.it\/fr\/wp-json\/wp\/v2\/media\/113661"}],"wp:attachment":[{"href":"https:\/\/www.bellunopress.it\/fr\/wp-json\/wp\/v2\/media?parent=118885"}],"wp:term":[{"taxonomy":"category","embeddable":true,"href":"https:\/\/www.bellunopress.it\/fr\/wp-json\/wp\/v2\/categories?post=118885"},{"taxonomy":"post_tag","embeddable":true,"href":"https:\/\/www.bellunopress.it\/fr\/wp-json\/wp\/v2\/tags?post=118885"}],"curies":[{"name":"wp","href":"https:\/\/api.w.org\/{rel}","templated":true}]}}