{"id":118879,"date":"2020-10-27T21:25:42","date_gmt":"2020-10-27T20:25:42","guid":{"rendered":"http:\/\/www.bellunopress.it\/?p=118879"},"modified":"2021-04-12T20:14:15","modified_gmt":"2021-04-12T18:14:15","slug":"tre-furti-in-appartamento-due-a-borgo-valbelluna-e-uno-a-pedavena","status":"publish","type":"post","link":"https:\/\/www.bellunopress.it\/fr\/2020\/10\/27\/tre-furti-in-appartamento-due-a-borgo-valbelluna-e-uno-a-pedavena\/","title":{"rendered":"Tre furti in appartamento. Due a Borgo Valbelluna e uno a Pedavena"},"content":{"rendered":"<p><a href=\"http:\/\/www.bellunopress.it\/fr\/2020\/10\/27\/tre-furti-in-appartamento-due-a-borgo-valbelluna-e-uno-a-pedavena\/carabinieri-1_edited\/\" rel=\"attachment wp-att-118881\"><img loading=\"lazy\" decoding=\"async\" class=\"alignleft size-full wp-image-118881\" src=\"http:\/\/www.bellunopress.it\/wp-content\/uploads\/2020\/10\/carabinieri-1_edited.jpg\" alt=\"\" width=\"800\" height=\"601\" srcset=\"https:\/\/www.bellunopress.it\/wp-content\/uploads\/2020\/10\/carabinieri-1_edited.jpg 800w, https:\/\/www.bellunopress.it\/wp-content\/uploads\/2020\/10\/carabinieri-1_edited-500x376.jpg 500w, https:\/\/www.bellunopress.it\/wp-content\/uploads\/2020\/10\/carabinieri-1_edited-696x523.jpg 696w, https:\/\/www.bellunopress.it\/wp-content\/uploads\/2020\/10\/carabinieri-1_edited-559x420.jpg 559w, https:\/\/www.bellunopress.it\/wp-content\/uploads\/2020\/10\/carabinieri-1_edited-80x60.jpg 80w, https:\/\/www.bellunopress.it\/wp-content\/uploads\/2020\/10\/carabinieri-1_edited-265x198.jpg 265w\" sizes=\"auto, (max-width: 800px) 100vw, 800px\" \/><\/a>Sono tre i furti in appartamento denunciati tra ieri e oggi: due sono avvenuti nel Comune di Borgo Valbelluna nel quartiere Salvo d&#8217;Acquisto dove ignoti in orario serale e previa effrazione degli infissi, hanno asportato complessivamente un orologio un bracciale in oro e 150 euro.<\/p>\n<p>Il terzo furto \u00e8 successo a Pedavena in via Remuglia, con gli stessi tempi e modalit\u00e0, e con un bottino di alcuni monili in oro. La Compagnia dei carabinieri di Feltre ha ulteriormente intensificato i controlli con l&#8217;ausilio di altri equipaggi provenienti da altri reparti della provincia nonch\u00e9 con il personale del IV Battaglione Veneto di Mestre.<\/p>\n<p>(tda)<\/p>","protected":false},"excerpt":{"rendered":"<p>Sono tre i furti in appartamento denunciati tra ieri e oggi: due sono avvenuti nel Comune di Borgo Valbelluna nel quartiere Salvo d&#8217;Acquisto dove ignoti in orario serale e previa effrazione degli infissi, hanno asportato complessivamente un orologio un bracciale in oro e 150 euro. Il terzo furto \u00e8 successo a Pedavena in via Remuglia, [&hellip;]<\/p>\n","protected":false},"author":2,"featured_media":118880,"comment_status":"closed","ping_status":"open","sticky":false,"template":"","format":"standard","meta":{"footnotes":""},"categories":[5,26],"tags":[],"class_list":["post-118879","post","type-post","status-publish","format-standard","has-post-thumbnail","category-cronaca","category-prima-pagina"],"yoast_head":"<!-- This site is optimized with the Yoast SEO plugin v28.4 - https:\/\/yoast.com\/product\/yoast-seo-wordpress\/ -->\n<title>Tre furti in appartamento. Due a Borgo Valbelluna e uno a Pedavena - Bellunopress - Dolomiti<\/title>\n<meta name=\"robots\" content=\"index, follow, max-snippet:-1, max-image-preview:large, max-video-preview:-1\" \/>\n<link rel=\"canonical\" href=\"https:\/\/www.bellunopress.it\/fr\/2020\/10\/27\/tre-furti-in-appartamento-due-a-borgo-valbelluna-e-uno-a-pedavena\/\" \/>\n<meta property=\"og:locale\" content=\"fr_FR\" \/>\n<meta property=\"og:type\" content=\"article\" \/>\n<meta property=\"og:title\" content=\"Tre furti in appartamento. Due a Borgo Valbelluna e uno a Pedavena - Bellunopress - Dolomiti\" \/>\n<meta property=\"og:description\" content=\"Sono tre i furti in appartamento denunciati tra ieri e oggi: due sono avvenuti nel Comune di Borgo Valbelluna nel quartiere Salvo d&#8217;Acquisto dove ignoti in orario serale e previa effrazione degli infissi, hanno asportato complessivamente un orologio un bracciale in oro e 150 euro. Il terzo furto \u00e8 successo a Pedavena in via Remuglia, [&hellip;]\" \/>\n<meta property=\"og:url\" content=\"https:\/\/www.bellunopress.it\/fr\/2020\/10\/27\/tre-furti-in-appartamento-due-a-borgo-valbelluna-e-uno-a-pedavena\/\" \/>\n<meta property=\"og:site_name\" content=\"Bellunopress - Dolomiti\" \/>\n<meta property=\"article:publisher\" content=\"https:\/\/www.facebook.com\/profile.php?id=100008943462799\" \/>\n<meta property=\"article:published_time\" content=\"2020-10-27T20:25:42+00:00\" \/>\n<meta property=\"article:modified_time\" content=\"2021-04-12T18:14:15+00:00\" \/>\n<meta property=\"og:image\" content=\"https:\/\/www.bellunopress.it\/wp-content\/uploads\/2020\/10\/carabinieri-2_edited-1.jpg\" \/>\n\t<meta property=\"og:image:width\" content=\"596\" \/>\n\t<meta property=\"og:image:height\" content=\"411\" \/>\n\t<meta property=\"og:image:type\" content=\"image\/jpeg\" \/>\n<meta name=\"author\" content=\"redazione\" \/>\n<meta name=\"twitter:card\" content=\"summary_large_image\" \/>\n<meta name=\"twitter:creator\" content=\"@bellunopress\" \/>\n<meta name=\"twitter:site\" content=\"@bellunopress\" \/>\n<meta name=\"twitter:label1\" content=\"\u00c9crit par\" \/>\n\t<meta name=\"twitter:data1\" content=\"redazione\" \/>\n\t<meta name=\"twitter:label2\" content=\"Dur\u00e9e de lecture estim\u00e9e\" \/>\n\t<meta name=\"twitter:data2\" content=\"1 minute\" \/>\n<script type=\"application\/ld+json\" class=\"yoast-schema-graph\">{\"@context\":\"https:\\\/\\\/schema.org\",\"@graph\":[{\"@type\":\"Article\",\"@id\":\"https:\\\/\\\/www.bellunopress.it\\\/2020\\\/10\\\/27\\\/tre-furti-in-appartamento-due-a-borgo-valbelluna-e-uno-a-pedavena\\\/#article\",\"isPartOf\":{\"@id\":\"https:\\\/\\\/www.bellunopress.it\\\/2020\\\/10\\\/27\\\/tre-furti-in-appartamento-due-a-borgo-valbelluna-e-uno-a-pedavena\\\/\"},\"author\":{\"name\":\"redazione\",\"@id\":\"https:\\\/\\\/www.bellunopress.it\\\/#\\\/schema\\\/person\\\/79bb06722b37ece1c03d3e94beb30d73\"},\"headline\":\"Tre furti in appartamento. Due a Borgo Valbelluna e uno a Pedavena\",\"datePublished\":\"2020-10-27T20:25:42+00:00\",\"dateModified\":\"2021-04-12T18:14:15+00:00\",\"mainEntityOfPage\":{\"@id\":\"https:\\\/\\\/www.bellunopress.it\\\/2020\\\/10\\\/27\\\/tre-furti-in-appartamento-due-a-borgo-valbelluna-e-uno-a-pedavena\\\/\"},\"wordCount\":115,\"publisher\":{\"@id\":\"https:\\\/\\\/www.bellunopress.it\\\/#organization\"},\"image\":{\"@id\":\"https:\\\/\\\/www.bellunopress.it\\\/2020\\\/10\\\/27\\\/tre-furti-in-appartamento-due-a-borgo-valbelluna-e-uno-a-pedavena\\\/#primaryimage\"},\"thumbnailUrl\":\"https:\\\/\\\/www.bellunopress.it\\\/wp-content\\\/uploads\\\/2020\\\/10\\\/carabinieri-2_edited-1.jpg\",\"articleSection\":[\"Cronaca\\\/Politica\",\"Prima Pagina\"],\"inLanguage\":\"fr-FR\"},{\"@type\":\"WebPage\",\"@id\":\"https:\\\/\\\/www.bellunopress.it\\\/2020\\\/10\\\/27\\\/tre-furti-in-appartamento-due-a-borgo-valbelluna-e-uno-a-pedavena\\\/\",\"url\":\"https:\\\/\\\/www.bellunopress.it\\\/2020\\\/10\\\/27\\\/tre-furti-in-appartamento-due-a-borgo-valbelluna-e-uno-a-pedavena\\\/\",\"name\":\"Tre furti in appartamento. Due a Borgo Valbelluna e uno a Pedavena - Bellunopress - Dolomiti\",\"isPartOf\":{\"@id\":\"https:\\\/\\\/www.bellunopress.it\\\/#website\"},\"primaryImageOfPage\":{\"@id\":\"https:\\\/\\\/www.bellunopress.it\\\/2020\\\/10\\\/27\\\/tre-furti-in-appartamento-due-a-borgo-valbelluna-e-uno-a-pedavena\\\/#primaryimage\"},\"image\":{\"@id\":\"https:\\\/\\\/www.bellunopress.it\\\/2020\\\/10\\\/27\\\/tre-furti-in-appartamento-due-a-borgo-valbelluna-e-uno-a-pedavena\\\/#primaryimage\"},\"thumbnailUrl\":\"https:\\\/\\\/www.bellunopress.it\\\/wp-content\\\/uploads\\\/2020\\\/10\\\/carabinieri-2_edited-1.jpg\",\"datePublished\":\"2020-10-27T20:25:42+00:00\",\"dateModified\":\"2021-04-12T18:14:15+00:00\",\"breadcrumb\":{\"@id\":\"https:\\\/\\\/www.bellunopress.it\\\/2020\\\/10\\\/27\\\/tre-furti-in-appartamento-due-a-borgo-valbelluna-e-uno-a-pedavena\\\/#breadcrumb\"},\"inLanguage\":\"fr-FR\",\"potentialAction\":[{\"@type\":\"ReadAction\",\"target\":[\"https:\\\/\\\/www.bellunopress.it\\\/2020\\\/10\\\/27\\\/tre-furti-in-appartamento-due-a-borgo-valbelluna-e-uno-a-pedavena\\\/\"]}]},{\"@type\":\"ImageObject\",\"inLanguage\":\"fr-FR\",\"@id\":\"https:\\\/\\\/www.bellunopress.it\\\/2020\\\/10\\\/27\\\/tre-furti-in-appartamento-due-a-borgo-valbelluna-e-uno-a-pedavena\\\/#primaryimage\",\"url\":\"https:\\\/\\\/www.bellunopress.it\\\/wp-content\\\/uploads\\\/2020\\\/10\\\/carabinieri-2_edited-1.jpg\",\"contentUrl\":\"https:\\\/\\\/www.bellunopress.it\\\/wp-content\\\/uploads\\\/2020\\\/10\\\/carabinieri-2_edited-1.jpg\",\"width\":596,\"height\":411},{\"@type\":\"BreadcrumbList\",\"@id\":\"https:\\\/\\\/www.bellunopress.it\\\/2020\\\/10\\\/27\\\/tre-furti-in-appartamento-due-a-borgo-valbelluna-e-uno-a-pedavena\\\/#breadcrumb\",\"itemListElement\":[{\"@type\":\"ListItem\",\"position\":1,\"name\":\"Home\",\"item\":\"https:\\\/\\\/www.bellunopress.it\\\/\"},{\"@type\":\"ListItem\",\"position\":2,\"name\":\"Tre furti in appartamento. Due a Borgo Valbelluna e uno a Pedavena\"}]},{\"@type\":\"WebSite\",\"@id\":\"https:\\\/\\\/www.bellunopress.it\\\/#website\",\"url\":\"https:\\\/\\\/www.bellunopress.it\\\/\",\"name\":\"Bellunopress - Dolomiti\",\"description\":\"e-mail: redazione@bellunopress.it\",\"publisher\":{\"@id\":\"https:\\\/\\\/www.bellunopress.it\\\/#organization\"},\"potentialAction\":[{\"@type\":\"SearchAction\",\"target\":{\"@type\":\"EntryPoint\",\"urlTemplate\":\"https:\\\/\\\/www.bellunopress.it\\\/?s={search_term_string}\"},\"query-input\":{\"@type\":\"PropertyValueSpecification\",\"valueRequired\":true,\"valueName\":\"search_term_string\"}}],\"inLanguage\":\"fr-FR\"},{\"@type\":\"Organization\",\"@id\":\"https:\\\/\\\/www.bellunopress.it\\\/#organization\",\"name\":\"Bellunopress\",\"url\":\"https:\\\/\\\/www.bellunopress.it\\\/\",\"logo\":{\"@type\":\"ImageObject\",\"inLanguage\":\"fr-FR\",\"@id\":\"https:\\\/\\\/www.bellunopress.it\\\/#\\\/schema\\\/logo\\\/image\\\/\",\"url\":\"https:\\\/\\\/www.bellunopress.it\\\/wp-content\\\/uploads\\\/2011\\\/05\\\/cropped-logo-bellunopress-.jpg\",\"contentUrl\":\"https:\\\/\\\/www.bellunopress.it\\\/wp-content\\\/uploads\\\/2011\\\/05\\\/cropped-logo-bellunopress-.jpg\",\"width\":512,\"height\":512,\"caption\":\"Bellunopress\"},\"image\":{\"@id\":\"https:\\\/\\\/www.bellunopress.it\\\/#\\\/schema\\\/logo\\\/image\\\/\"},\"sameAs\":[\"https:\\\/\\\/www.facebook.com\\\/profile.php?id=100008943462799\",\"https:\\\/\\\/x.com\\\/bellunopress\",\"https:\\\/\\\/www.linkedin.com\\\/hp\\\/?dnr=JBzUWaJfMUw8vbXJJ2tVW5-I3jZKvC4wsoxE&amp;amp;amp;amp;amp;amp;trk=nav_responsive_tab_home\",\"https:\\\/\\\/www.youtube.com\\\/channel\\\/UCxL0wu1uN0_3_7hGG0306cw\"]},{\"@type\":\"Person\",\"@id\":\"https:\\\/\\\/www.bellunopress.it\\\/#\\\/schema\\\/person\\\/79bb06722b37ece1c03d3e94beb30d73\",\"name\":\"redazione\",\"image\":{\"@type\":\"ImageObject\",\"inLanguage\":\"fr-FR\",\"@id\":\"https:\\\/\\\/secure.gravatar.com\\\/avatar\\\/37d968a2e67a6fd04c169c4bdef102d0bc5d31b2546345219e348575eb80e9a0?s=96&d=mm&r=g\",\"url\":\"https:\\\/\\\/secure.gravatar.com\\\/avatar\\\/37d968a2e67a6fd04c169c4bdef102d0bc5d31b2546345219e348575eb80e9a0?s=96&d=mm&r=g\",\"contentUrl\":\"https:\\\/\\\/secure.gravatar.com\\\/avatar\\\/37d968a2e67a6fd04c169c4bdef102d0bc5d31b2546345219e348575eb80e9a0?s=96&d=mm&r=g\",\"caption\":\"redazione\"},\"sameAs\":[\"http:\\\/\\\/www.bellunopress.it\",\"https:\\\/\\\/x.com\\\/bellunopress\"],\"url\":\"https:\\\/\\\/www.bellunopress.it\\\/fr\\\/author\\\/redazione\\\/\"}]}<\/script>\n<!-- \/ Yoast SEO plugin. -->","yoast_head_json":{"title":"Tre furti in appartamento. Due a Borgo Valbelluna e uno a Pedavena - Bellunopress - Dolomiti","robots":{"index":"index","follow":"follow","max-snippet":"max-snippet:-1","max-image-preview":"max-image-preview:large","max-video-preview":"max-video-preview:-1"},"canonical":"https:\/\/www.bellunopress.it\/fr\/2020\/10\/27\/tre-furti-in-appartamento-due-a-borgo-valbelluna-e-uno-a-pedavena\/","og_locale":"fr_FR","og_type":"article","og_title":"Tre furti in appartamento. Due a Borgo Valbelluna e uno a Pedavena - Bellunopress - Dolomiti","og_description":"Sono tre i furti in appartamento denunciati tra ieri e oggi: due sono avvenuti nel Comune di Borgo Valbelluna nel quartiere Salvo d&#8217;Acquisto dove ignoti in orario serale e previa effrazione degli infissi, hanno asportato complessivamente un orologio un bracciale in oro e 150 euro. Il terzo furto \u00e8 successo a Pedavena in via Remuglia, [&hellip;]","og_url":"https:\/\/www.bellunopress.it\/fr\/2020\/10\/27\/tre-furti-in-appartamento-due-a-borgo-valbelluna-e-uno-a-pedavena\/","og_site_name":"Bellunopress - Dolomiti","article_publisher":"https:\/\/www.facebook.com\/profile.php?id=100008943462799","article_published_time":"2020-10-27T20:25:42+00:00","article_modified_time":"2021-04-12T18:14:15+00:00","og_image":[{"width":596,"height":411,"url":"https:\/\/www.bellunopress.it\/wp-content\/uploads\/2020\/10\/carabinieri-2_edited-1.jpg","type":"image\/jpeg"}],"author":"redazione","twitter_card":"summary_large_image","twitter_creator":"@bellunopress","twitter_site":"@bellunopress","twitter_misc":{"\u00c9crit par":"redazione","Dur\u00e9e de lecture estim\u00e9e":"1 minute"},"schema":{"@context":"https:\/\/schema.org","@graph":[{"@type":"Article","@id":"https:\/\/www.bellunopress.it\/2020\/10\/27\/tre-furti-in-appartamento-due-a-borgo-valbelluna-e-uno-a-pedavena\/#article","isPartOf":{"@id":"https:\/\/www.bellunopress.it\/2020\/10\/27\/tre-furti-in-appartamento-due-a-borgo-valbelluna-e-uno-a-pedavena\/"},"author":{"name":"redazione","@id":"https:\/\/www.bellunopress.it\/#\/schema\/person\/79bb06722b37ece1c03d3e94beb30d73"},"headline":"Tre furti in appartamento. Due a Borgo Valbelluna e uno a Pedavena","datePublished":"2020-10-27T20:25:42+00:00","dateModified":"2021-04-12T18:14:15+00:00","mainEntityOfPage":{"@id":"https:\/\/www.bellunopress.it\/2020\/10\/27\/tre-furti-in-appartamento-due-a-borgo-valbelluna-e-uno-a-pedavena\/"},"wordCount":115,"publisher":{"@id":"https:\/\/www.bellunopress.it\/#organization"},"image":{"@id":"https:\/\/www.bellunopress.it\/2020\/10\/27\/tre-furti-in-appartamento-due-a-borgo-valbelluna-e-uno-a-pedavena\/#primaryimage"},"thumbnailUrl":"https:\/\/www.bellunopress.it\/wp-content\/uploads\/2020\/10\/carabinieri-2_edited-1.jpg","articleSection":["Cronaca\/Politica","Prima Pagina"],"inLanguage":"fr-FR"},{"@type":"WebPage","@id":"https:\/\/www.bellunopress.it\/2020\/10\/27\/tre-furti-in-appartamento-due-a-borgo-valbelluna-e-uno-a-pedavena\/","url":"https:\/\/www.bellunopress.it\/2020\/10\/27\/tre-furti-in-appartamento-due-a-borgo-valbelluna-e-uno-a-pedavena\/","name":"Tre furti in appartamento. Due a Borgo Valbelluna e uno a Pedavena - Bellunopress - Dolomiti","isPartOf":{"@id":"https:\/\/www.bellunopress.it\/#website"},"primaryImageOfPage":{"@id":"https:\/\/www.bellunopress.it\/2020\/10\/27\/tre-furti-in-appartamento-due-a-borgo-valbelluna-e-uno-a-pedavena\/#primaryimage"},"image":{"@id":"https:\/\/www.bellunopress.it\/2020\/10\/27\/tre-furti-in-appartamento-due-a-borgo-valbelluna-e-uno-a-pedavena\/#primaryimage"},"thumbnailUrl":"https:\/\/www.bellunopress.it\/wp-content\/uploads\/2020\/10\/carabinieri-2_edited-1.jpg","datePublished":"2020-10-27T20:25:42+00:00","dateModified":"2021-04-12T18:14:15+00:00","breadcrumb":{"@id":"https:\/\/www.bellunopress.it\/2020\/10\/27\/tre-furti-in-appartamento-due-a-borgo-valbelluna-e-uno-a-pedavena\/#breadcrumb"},"inLanguage":"fr-FR","potentialAction":[{"@type":"ReadAction","target":["https:\/\/www.bellunopress.it\/2020\/10\/27\/tre-furti-in-appartamento-due-a-borgo-valbelluna-e-uno-a-pedavena\/"]}]},{"@type":"ImageObject","inLanguage":"fr-FR","@id":"https:\/\/www.bellunopress.it\/2020\/10\/27\/tre-furti-in-appartamento-due-a-borgo-valbelluna-e-uno-a-pedavena\/#primaryimage","url":"https:\/\/www.bellunopress.it\/wp-content\/uploads\/2020\/10\/carabinieri-2_edited-1.jpg","contentUrl":"https:\/\/www.bellunopress.it\/wp-content\/uploads\/2020\/10\/carabinieri-2_edited-1.jpg","width":596,"height":411},{"@type":"BreadcrumbList","@id":"https:\/\/www.bellunopress.it\/2020\/10\/27\/tre-furti-in-appartamento-due-a-borgo-valbelluna-e-uno-a-pedavena\/#breadcrumb","itemListElement":[{"@type":"ListItem","position":1,"name":"Home","item":"https:\/\/www.bellunopress.it\/"},{"@type":"ListItem","position":2,"name":"Tre furti in appartamento. Due a Borgo Valbelluna e uno a Pedavena"}]},{"@type":"WebSite","@id":"https:\/\/www.bellunopress.it\/#website","url":"https:\/\/www.bellunopress.it\/","name":"Bellunopress - Dolomiti","description":"e-mail: redazione@bellunopress.it","publisher":{"@id":"https:\/\/www.bellunopress.it\/#organization"},"potentialAction":[{"@type":"SearchAction","target":{"@type":"EntryPoint","urlTemplate":"https:\/\/www.bellunopress.it\/?s={search_term_string}"},"query-input":{"@type":"PropertyValueSpecification","valueRequired":true,"valueName":"search_term_string"}}],"inLanguage":"fr-FR"},{"@type":"Organization","@id":"https:\/\/www.bellunopress.it\/#organization","name":"Bellunopress","url":"https:\/\/www.bellunopress.it\/","logo":{"@type":"ImageObject","inLanguage":"fr-FR","@id":"https:\/\/www.bellunopress.it\/#\/schema\/logo\/image\/","url":"https:\/\/www.bellunopress.it\/wp-content\/uploads\/2011\/05\/cropped-logo-bellunopress-.jpg","contentUrl":"https:\/\/www.bellunopress.it\/wp-content\/uploads\/2011\/05\/cropped-logo-bellunopress-.jpg","width":512,"height":512,"caption":"Bellunopress"},"image":{"@id":"https:\/\/www.bellunopress.it\/#\/schema\/logo\/image\/"},"sameAs":["https:\/\/www.facebook.com\/profile.php?id=100008943462799","https:\/\/x.com\/bellunopress","https:\/\/www.linkedin.com\/hp\/?dnr=JBzUWaJfMUw8vbXJJ2tVW5-I3jZKvC4wsoxE&amp;amp;amp;amp;amp;amp;trk=nav_responsive_tab_home","https:\/\/www.youtube.com\/channel\/UCxL0wu1uN0_3_7hGG0306cw"]},{"@type":"Person","@id":"https:\/\/www.bellunopress.it\/#\/schema\/person\/79bb06722b37ece1c03d3e94beb30d73","name":"r\u00e9daction","image":{"@type":"ImageObject","inLanguage":"fr-FR","@id":"https:\/\/secure.gravatar.com\/avatar\/37d968a2e67a6fd04c169c4bdef102d0bc5d31b2546345219e348575eb80e9a0?s=96&d=mm&r=g","url":"https:\/\/secure.gravatar.com\/avatar\/37d968a2e67a6fd04c169c4bdef102d0bc5d31b2546345219e348575eb80e9a0?s=96&d=mm&r=g","contentUrl":"https:\/\/secure.gravatar.com\/avatar\/37d968a2e67a6fd04c169c4bdef102d0bc5d31b2546345219e348575eb80e9a0?s=96&d=mm&r=g","caption":"redazione"},"sameAs":["http:\/\/www.bellunopress.it","https:\/\/x.com\/bellunopress"],"url":"https:\/\/www.bellunopress.it\/fr\/author\/redazione\/"}]}},"_links":{"self":[{"href":"https:\/\/www.bellunopress.it\/fr\/wp-json\/wp\/v2\/posts\/118879","targetHints":{"allow":["GET"]}}],"collection":[{"href":"https:\/\/www.bellunopress.it\/fr\/wp-json\/wp\/v2\/posts"}],"about":[{"href":"https:\/\/www.bellunopress.it\/fr\/wp-json\/wp\/v2\/types\/post"}],"author":[{"embeddable":true,"href":"https:\/\/www.bellunopress.it\/fr\/wp-json\/wp\/v2\/users\/2"}],"replies":[{"embeddable":true,"href":"https:\/\/www.bellunopress.it\/fr\/wp-json\/wp\/v2\/comments?post=118879"}],"version-history":[{"count":4,"href":"https:\/\/www.bellunopress.it\/fr\/wp-json\/wp\/v2\/posts\/118879\/revisions"}],"predecessor-version":[{"id":123274,"href":"https:\/\/www.bellunopress.it\/fr\/wp-json\/wp\/v2\/posts\/118879\/revisions\/123274"}],"wp:featuredmedia":[{"embeddable":true,"href":"https:\/\/www.bellunopress.it\/fr\/wp-json\/wp\/v2\/media\/118880"}],"wp:attachment":[{"href":"https:\/\/www.bellunopress.it\/fr\/wp-json\/wp\/v2\/media?parent=118879"}],"wp:term":[{"taxonomy":"category","embeddable":true,"href":"https:\/\/www.bellunopress.it\/fr\/wp-json\/wp\/v2\/categories?post=118879"},{"taxonomy":"post_tag","embeddable":true,"href":"https:\/\/www.bellunopress.it\/fr\/wp-json\/wp\/v2\/tags?post=118879"}],"curies":[{"name":"wp","href":"https:\/\/api.w.org\/{rel}","templated":true}]}}