{"id":118873,"date":"2020-10-27T18:31:31","date_gmt":"2020-10-27T17:31:31","guid":{"rendered":"http:\/\/www.bellunopress.it\/?p=118873"},"modified":"2020-10-27T18:31:31","modified_gmt":"2020-10-27T17:31:31","slug":"in-corso-di-attivazione-lospedale-di-comunita-di-agordo","status":"publish","type":"post","link":"https:\/\/www.bellunopress.it\/fr\/2020\/10\/27\/in-corso-di-attivazione-lospedale-di-comunita-di-agordo\/","title":{"rendered":"In corso di attivazione l\u2019ospedale di Comunit\u00e0 di Agordo"},"content":{"rendered":"<p><a href=\"http:\/\/www.bellunopress.it\/fr\/2020\/07\/16\/ulss-1-dolomiti-aggiudicati-i-lavori-di-ristrutturazione-e-ampliamento-del-pronto-soccorso-dellospedale-di-agordo\/ospedale-agordo_edited\/\" rel=\"attachment wp-att-115841\"><img loading=\"lazy\" decoding=\"async\" class=\"alignleft size-full wp-image-115841\" src=\"http:\/\/www.bellunopress.it\/wp-content\/uploads\/2020\/07\/ospedale-agordo_edited.jpg\" alt=\"\" width=\"320\" height=\"240\" srcset=\"https:\/\/www.bellunopress.it\/wp-content\/uploads\/2020\/07\/ospedale-agordo_edited.jpg 320w, https:\/\/www.bellunopress.it\/wp-content\/uploads\/2020\/07\/ospedale-agordo_edited-80x60.jpg 80w, https:\/\/www.bellunopress.it\/wp-content\/uploads\/2020\/07\/ospedale-agordo_edited-265x198.jpg 265w\" sizes=\"auto, (max-width: 320px) 100vw, 320px\" \/><\/a>Al via l\u2019attivazione di un \u201cOspedale di Comunit\u00e0\u201d all\u2019interno del presidio di Agordo.<br \/>\nL\u2019Ulss Dolomiti sta predisponendo in questi giorni il nuovo piano di emergenza ospedaliera secondo le nuove indicazioni del \u201cAggiornamento Piano Emergenza autunno\u201d adottato dall\u2019unit\u00e0 di crisi regionale il 22 ottobre.<\/p>\n<p>La Regione Veneto, infatti, ha costruito una programmazione per cinque fasi in crescendo di gravit\u00e0, ad ognuna delle quali corrisponde una diversa organizzazione ospedaliera, sulla base di matrici di rischio che tengono conto di dati oggetti come i ricoveri in Terapia Intensiva e le degenze per persone Covid positive in area non critica. Per ciascuna fase sono previste rimodulazioni di attivit\u00e0 ordinaria. Attualmente l\u2019Ulss Dolomiti si trova in \u201cfase 3\u201d per quanto riguarda le degenze di media e bassa intensit\u00e0.<\/p>\n<p>La sfida \u00e8 quella di mantenere il pi\u00f9 possibile le attivit\u00e0 ordinarie, sia dell\u2019ospedale HUB di Belluno che del centro di riferimento extraregionale di Feltre che dei presidi territoriali, attraverso la programmazione dei \u201cpercorsi puliti\u201de, allo stesso tempo, di garantire in modo modulare l\u2019adeguata risposta assistenziale ai pazienti COVID positivi secondo una stratificazione dell\u2019intensit\u00e0 di cura.<\/p>\n<p>L\u2019organizzazione pensata \u00e8 modulare con attivazione di nuove degenze Covid e, al crescere del numero di posti letto occupati, la graduale rimodulazione di alcuni servizi. Si ricorda, infatti, che i pazienti covid richiedono un carico assistenziale pi\u00f9 elevato rispetto alle degenze ordinarie e molto personale aggiuntivo assunto in questi mesi \u00e8 impegnato nelle attivit\u00e0 di diagnostica e contact tracing del dipartimento di Prevenzione.<\/p>\n<p><strong>Attualmente in Ulss Dolomiti sono attivi i seguenti reparti COVID:<\/strong><\/p>\n<p>Ospedale di Belluno<br \/>\n\u2022 Terapia Intensiva Covid a Belluno<br \/>\n\u2022 Pneumologia Covid (area sub intensiva), Malattie Infettive Covid che assicurano la media intensit\u00e0 di cura<br \/>\n\u2022 Geriatria Covid (bassa intensit\u00e0)<\/p>\n<p>Ospedale di Feltre<br \/>\n\u2022 Pneumologia Covid (media intensit\u00e0)<\/p>\n<p>Ospedale di Comunit\u00e0<\/p>\n<p>\u2022 Alano<\/p>\n<p>\u2022 Feltre (Padiglione Gaggia)<\/p>\n<p>Al momento i ricoveri in terapia intensiva l\u2019occupazione dei posti letto di Terapia intensiva non presentano criticit\u00e0 mentre \u00e8 significativo il numero di ricoveri in area non critica.<\/p>\n<p>Alla luce delle esigenze di connessione dell\u2019attuale fase epidemiologica e seguendo le indicazioni del Piano di Emergenza sopra citato, l\u2019Ulss Dolomiti attiver\u00e0 nei prossimi giorni un Ospedale di comunit\u00e0 in Agordo con contestuale sospensione dell\u2019attivit\u00e0 dell\u2019Unit\u00e0 Operativa Ortopedia . L\u2019attivit\u00e0 di ortopedia proseguir\u00e0 presso le unit\u00e0 operative dell\u2019hub di Belluno e dell\u2019ospedale di Feltre.<\/p>\n<p>L\u2019Ulss Dolomiti continuer\u00e0 a monitorare la situazione epidemiologica e l\u2019afflusso alle proprie strutture ospedaliere e in funzione di questa rimoduler\u00e0 l\u2019offerta secondo quando previsto dal Piano Emergenza.<\/p>","protected":false},"excerpt":{"rendered":"<p>Al via l\u2019attivazione di un \u201cOspedale di Comunit\u00e0\u201d all\u2019interno del presidio di Agordo. L\u2019Ulss Dolomiti sta predisponendo in questi giorni il nuovo piano di emergenza ospedaliera secondo le nuove indicazioni del \u201cAggiornamento Piano Emergenza autunno\u201d adottato dall\u2019unit\u00e0 di crisi regionale il 22 ottobre. La Regione Veneto, infatti, ha costruito una programmazione per cinque fasi in [&hellip;]<\/p>\n","protected":false},"author":2,"featured_media":115841,"comment_status":"closed","ping_status":"open","sticky":false,"template":"","format":"standard","meta":{"footnotes":""},"categories":[17],"tags":[],"class_list":["post-118873","post","type-post","status-publish","format-standard","has-post-thumbnail","category-sanita"],"yoast_head":"<!-- This site is optimized with the Yoast SEO plugin v28.4 - https:\/\/yoast.com\/product\/yoast-seo-wordpress\/ -->\n<title>In corso di attivazione l\u2019ospedale di Comunit\u00e0 di Agordo - Bellunopress - Dolomiti<\/title>\n<meta name=\"robots\" content=\"index, follow, max-snippet:-1, max-image-preview:large, max-video-preview:-1\" \/>\n<link rel=\"canonical\" href=\"https:\/\/www.bellunopress.it\/fr\/2020\/10\/27\/in-corso-di-attivazione-lospedale-di-comunita-di-agordo\/\" \/>\n<meta property=\"og:locale\" content=\"fr_FR\" \/>\n<meta property=\"og:type\" content=\"article\" \/>\n<meta property=\"og:title\" content=\"In corso di attivazione l\u2019ospedale di Comunit\u00e0 di Agordo - Bellunopress - Dolomiti\" \/>\n<meta property=\"og:description\" content=\"Al via l\u2019attivazione di un \u201cOspedale di Comunit\u00e0\u201d all\u2019interno del presidio di Agordo. L\u2019Ulss Dolomiti sta predisponendo in questi giorni il nuovo piano di emergenza ospedaliera secondo le nuove indicazioni del \u201cAggiornamento Piano Emergenza autunno\u201d adottato dall\u2019unit\u00e0 di crisi regionale il 22 ottobre. La Regione Veneto, infatti, ha costruito una programmazione per cinque fasi in [&hellip;]\" \/>\n<meta property=\"og:url\" content=\"https:\/\/www.bellunopress.it\/fr\/2020\/10\/27\/in-corso-di-attivazione-lospedale-di-comunita-di-agordo\/\" \/>\n<meta property=\"og:site_name\" content=\"Bellunopress - Dolomiti\" \/>\n<meta property=\"article:publisher\" content=\"https:\/\/www.facebook.com\/profile.php?id=100008943462799\" \/>\n<meta property=\"article:published_time\" content=\"2020-10-27T17:31:31+00:00\" \/>\n<meta property=\"og:image\" content=\"https:\/\/www.bellunopress.it\/wp-content\/uploads\/2020\/07\/ospedale-agordo_edited.jpg\" \/>\n\t<meta property=\"og:image:width\" content=\"320\" \/>\n\t<meta property=\"og:image:height\" content=\"240\" \/>\n\t<meta property=\"og:image:type\" content=\"image\/jpeg\" \/>\n<meta name=\"author\" content=\"redazione\" \/>\n<meta name=\"twitter:card\" content=\"summary_large_image\" \/>\n<meta name=\"twitter:creator\" content=\"@bellunopress\" \/>\n<meta name=\"twitter:site\" content=\"@bellunopress\" \/>\n<meta name=\"twitter:label1\" content=\"\u00c9crit par\" \/>\n\t<meta name=\"twitter:data1\" content=\"redazione\" \/>\n\t<meta name=\"twitter:label2\" content=\"Dur\u00e9e de lecture estim\u00e9e\" \/>\n\t<meta name=\"twitter:data2\" content=\"2 minutes\" \/>\n<script type=\"application\/ld+json\" class=\"yoast-schema-graph\">{\"@context\":\"https:\\\/\\\/schema.org\",\"@graph\":[{\"@type\":\"Article\",\"@id\":\"https:\\\/\\\/www.bellunopress.it\\\/2020\\\/10\\\/27\\\/in-corso-di-attivazione-lospedale-di-comunita-di-agordo\\\/#article\",\"isPartOf\":{\"@id\":\"https:\\\/\\\/www.bellunopress.it\\\/2020\\\/10\\\/27\\\/in-corso-di-attivazione-lospedale-di-comunita-di-agordo\\\/\"},\"author\":{\"name\":\"redazione\",\"@id\":\"https:\\\/\\\/www.bellunopress.it\\\/#\\\/schema\\\/person\\\/79bb06722b37ece1c03d3e94beb30d73\"},\"headline\":\"In corso di attivazione l\u2019ospedale di Comunit\u00e0 di Agordo\",\"datePublished\":\"2020-10-27T17:31:31+00:00\",\"mainEntityOfPage\":{\"@id\":\"https:\\\/\\\/www.bellunopress.it\\\/2020\\\/10\\\/27\\\/in-corso-di-attivazione-lospedale-di-comunita-di-agordo\\\/\"},\"wordCount\":426,\"publisher\":{\"@id\":\"https:\\\/\\\/www.bellunopress.it\\\/#organization\"},\"image\":{\"@id\":\"https:\\\/\\\/www.bellunopress.it\\\/2020\\\/10\\\/27\\\/in-corso-di-attivazione-lospedale-di-comunita-di-agordo\\\/#primaryimage\"},\"thumbnailUrl\":\"https:\\\/\\\/www.bellunopress.it\\\/wp-content\\\/uploads\\\/2020\\\/07\\\/ospedale-agordo_edited.jpg\",\"articleSection\":[\"Sanit\u00e0 Medicina\"],\"inLanguage\":\"fr-FR\"},{\"@type\":\"WebPage\",\"@id\":\"https:\\\/\\\/www.bellunopress.it\\\/2020\\\/10\\\/27\\\/in-corso-di-attivazione-lospedale-di-comunita-di-agordo\\\/\",\"url\":\"https:\\\/\\\/www.bellunopress.it\\\/2020\\\/10\\\/27\\\/in-corso-di-attivazione-lospedale-di-comunita-di-agordo\\\/\",\"name\":\"In corso di attivazione l\u2019ospedale di Comunit\u00e0 di Agordo - Bellunopress - Dolomiti\",\"isPartOf\":{\"@id\":\"https:\\\/\\\/www.bellunopress.it\\\/#website\"},\"primaryImageOfPage\":{\"@id\":\"https:\\\/\\\/www.bellunopress.it\\\/2020\\\/10\\\/27\\\/in-corso-di-attivazione-lospedale-di-comunita-di-agordo\\\/#primaryimage\"},\"image\":{\"@id\":\"https:\\\/\\\/www.bellunopress.it\\\/2020\\\/10\\\/27\\\/in-corso-di-attivazione-lospedale-di-comunita-di-agordo\\\/#primaryimage\"},\"thumbnailUrl\":\"https:\\\/\\\/www.bellunopress.it\\\/wp-content\\\/uploads\\\/2020\\\/07\\\/ospedale-agordo_edited.jpg\",\"datePublished\":\"2020-10-27T17:31:31+00:00\",\"breadcrumb\":{\"@id\":\"https:\\\/\\\/www.bellunopress.it\\\/2020\\\/10\\\/27\\\/in-corso-di-attivazione-lospedale-di-comunita-di-agordo\\\/#breadcrumb\"},\"inLanguage\":\"fr-FR\",\"potentialAction\":[{\"@type\":\"ReadAction\",\"target\":[\"https:\\\/\\\/www.bellunopress.it\\\/2020\\\/10\\\/27\\\/in-corso-di-attivazione-lospedale-di-comunita-di-agordo\\\/\"]}]},{\"@type\":\"ImageObject\",\"inLanguage\":\"fr-FR\",\"@id\":\"https:\\\/\\\/www.bellunopress.it\\\/2020\\\/10\\\/27\\\/in-corso-di-attivazione-lospedale-di-comunita-di-agordo\\\/#primaryimage\",\"url\":\"https:\\\/\\\/www.bellunopress.it\\\/wp-content\\\/uploads\\\/2020\\\/07\\\/ospedale-agordo_edited.jpg\",\"contentUrl\":\"https:\\\/\\\/www.bellunopress.it\\\/wp-content\\\/uploads\\\/2020\\\/07\\\/ospedale-agordo_edited.jpg\",\"width\":320,\"height\":240},{\"@type\":\"BreadcrumbList\",\"@id\":\"https:\\\/\\\/www.bellunopress.it\\\/2020\\\/10\\\/27\\\/in-corso-di-attivazione-lospedale-di-comunita-di-agordo\\\/#breadcrumb\",\"itemListElement\":[{\"@type\":\"ListItem\",\"position\":1,\"name\":\"Home\",\"item\":\"https:\\\/\\\/www.bellunopress.it\\\/\"},{\"@type\":\"ListItem\",\"position\":2,\"name\":\"In corso di attivazione l\u2019ospedale di Comunit\u00e0 di Agordo\"}]},{\"@type\":\"WebSite\",\"@id\":\"https:\\\/\\\/www.bellunopress.it\\\/#website\",\"url\":\"https:\\\/\\\/www.bellunopress.it\\\/\",\"name\":\"Bellunopress - Dolomiti\",\"description\":\"e-mail: redazione@bellunopress.it\",\"publisher\":{\"@id\":\"https:\\\/\\\/www.bellunopress.it\\\/#organization\"},\"potentialAction\":[{\"@type\":\"SearchAction\",\"target\":{\"@type\":\"EntryPoint\",\"urlTemplate\":\"https:\\\/\\\/www.bellunopress.it\\\/?s={search_term_string}\"},\"query-input\":{\"@type\":\"PropertyValueSpecification\",\"valueRequired\":true,\"valueName\":\"search_term_string\"}}],\"inLanguage\":\"fr-FR\"},{\"@type\":\"Organization\",\"@id\":\"https:\\\/\\\/www.bellunopress.it\\\/#organization\",\"name\":\"Bellunopress\",\"url\":\"https:\\\/\\\/www.bellunopress.it\\\/\",\"logo\":{\"@type\":\"ImageObject\",\"inLanguage\":\"fr-FR\",\"@id\":\"https:\\\/\\\/www.bellunopress.it\\\/#\\\/schema\\\/logo\\\/image\\\/\",\"url\":\"https:\\\/\\\/www.bellunopress.it\\\/wp-content\\\/uploads\\\/2011\\\/05\\\/cropped-logo-bellunopress-.jpg\",\"contentUrl\":\"https:\\\/\\\/www.bellunopress.it\\\/wp-content\\\/uploads\\\/2011\\\/05\\\/cropped-logo-bellunopress-.jpg\",\"width\":512,\"height\":512,\"caption\":\"Bellunopress\"},\"image\":{\"@id\":\"https:\\\/\\\/www.bellunopress.it\\\/#\\\/schema\\\/logo\\\/image\\\/\"},\"sameAs\":[\"https:\\\/\\\/www.facebook.com\\\/profile.php?id=100008943462799\",\"https:\\\/\\\/x.com\\\/bellunopress\",\"https:\\\/\\\/www.linkedin.com\\\/hp\\\/?dnr=JBzUWaJfMUw8vbXJJ2tVW5-I3jZKvC4wsoxE&amp;amp;amp;amp;amp;amp;trk=nav_responsive_tab_home\",\"https:\\\/\\\/www.youtube.com\\\/channel\\\/UCxL0wu1uN0_3_7hGG0306cw\"]},{\"@type\":\"Person\",\"@id\":\"https:\\\/\\\/www.bellunopress.it\\\/#\\\/schema\\\/person\\\/79bb06722b37ece1c03d3e94beb30d73\",\"name\":\"redazione\",\"image\":{\"@type\":\"ImageObject\",\"inLanguage\":\"fr-FR\",\"@id\":\"https:\\\/\\\/secure.gravatar.com\\\/avatar\\\/37d968a2e67a6fd04c169c4bdef102d0bc5d31b2546345219e348575eb80e9a0?s=96&d=mm&r=g\",\"url\":\"https:\\\/\\\/secure.gravatar.com\\\/avatar\\\/37d968a2e67a6fd04c169c4bdef102d0bc5d31b2546345219e348575eb80e9a0?s=96&d=mm&r=g\",\"contentUrl\":\"https:\\\/\\\/secure.gravatar.com\\\/avatar\\\/37d968a2e67a6fd04c169c4bdef102d0bc5d31b2546345219e348575eb80e9a0?s=96&d=mm&r=g\",\"caption\":\"redazione\"},\"sameAs\":[\"http:\\\/\\\/www.bellunopress.it\",\"https:\\\/\\\/x.com\\\/bellunopress\"],\"url\":\"https:\\\/\\\/www.bellunopress.it\\\/fr\\\/author\\\/redazione\\\/\"}]}<\/script>\n<!-- \/ Yoast SEO plugin. -->","yoast_head_json":{"title":"In corso di attivazione l\u2019ospedale di Comunit\u00e0 di Agordo - Bellunopress - Dolomiti","robots":{"index":"index","follow":"follow","max-snippet":"max-snippet:-1","max-image-preview":"max-image-preview:large","max-video-preview":"max-video-preview:-1"},"canonical":"https:\/\/www.bellunopress.it\/fr\/2020\/10\/27\/in-corso-di-attivazione-lospedale-di-comunita-di-agordo\/","og_locale":"fr_FR","og_type":"article","og_title":"In corso di attivazione l\u2019ospedale di Comunit\u00e0 di Agordo - Bellunopress - Dolomiti","og_description":"Al via l\u2019attivazione di un \u201cOspedale di Comunit\u00e0\u201d all\u2019interno del presidio di Agordo. L\u2019Ulss Dolomiti sta predisponendo in questi giorni il nuovo piano di emergenza ospedaliera secondo le nuove indicazioni del \u201cAggiornamento Piano Emergenza autunno\u201d adottato dall\u2019unit\u00e0 di crisi regionale il 22 ottobre. La Regione Veneto, infatti, ha costruito una programmazione per cinque fasi in [&hellip;]","og_url":"https:\/\/www.bellunopress.it\/fr\/2020\/10\/27\/in-corso-di-attivazione-lospedale-di-comunita-di-agordo\/","og_site_name":"Bellunopress - Dolomiti","article_publisher":"https:\/\/www.facebook.com\/profile.php?id=100008943462799","article_published_time":"2020-10-27T17:31:31+00:00","og_image":[{"width":320,"height":240,"url":"https:\/\/www.bellunopress.it\/wp-content\/uploads\/2020\/07\/ospedale-agordo_edited.jpg","type":"image\/jpeg"}],"author":"redazione","twitter_card":"summary_large_image","twitter_creator":"@bellunopress","twitter_site":"@bellunopress","twitter_misc":{"\u00c9crit par":"redazione","Dur\u00e9e de lecture estim\u00e9e":"2 minutes"},"schema":{"@context":"https:\/\/schema.org","@graph":[{"@type":"Article","@id":"https:\/\/www.bellunopress.it\/2020\/10\/27\/in-corso-di-attivazione-lospedale-di-comunita-di-agordo\/#article","isPartOf":{"@id":"https:\/\/www.bellunopress.it\/2020\/10\/27\/in-corso-di-attivazione-lospedale-di-comunita-di-agordo\/"},"author":{"name":"redazione","@id":"https:\/\/www.bellunopress.it\/#\/schema\/person\/79bb06722b37ece1c03d3e94beb30d73"},"headline":"In corso di attivazione l\u2019ospedale di Comunit\u00e0 di Agordo","datePublished":"2020-10-27T17:31:31+00:00","mainEntityOfPage":{"@id":"https:\/\/www.bellunopress.it\/2020\/10\/27\/in-corso-di-attivazione-lospedale-di-comunita-di-agordo\/"},"wordCount":426,"publisher":{"@id":"https:\/\/www.bellunopress.it\/#organization"},"image":{"@id":"https:\/\/www.bellunopress.it\/2020\/10\/27\/in-corso-di-attivazione-lospedale-di-comunita-di-agordo\/#primaryimage"},"thumbnailUrl":"https:\/\/www.bellunopress.it\/wp-content\/uploads\/2020\/07\/ospedale-agordo_edited.jpg","articleSection":["Sanit\u00e0 Medicina"],"inLanguage":"fr-FR"},{"@type":"WebPage","@id":"https:\/\/www.bellunopress.it\/2020\/10\/27\/in-corso-di-attivazione-lospedale-di-comunita-di-agordo\/","url":"https:\/\/www.bellunopress.it\/2020\/10\/27\/in-corso-di-attivazione-lospedale-di-comunita-di-agordo\/","name":"In corso di attivazione l\u2019ospedale di Comunit\u00e0 di Agordo - Bellunopress - Dolomiti","isPartOf":{"@id":"https:\/\/www.bellunopress.it\/#website"},"primaryImageOfPage":{"@id":"https:\/\/www.bellunopress.it\/2020\/10\/27\/in-corso-di-attivazione-lospedale-di-comunita-di-agordo\/#primaryimage"},"image":{"@id":"https:\/\/www.bellunopress.it\/2020\/10\/27\/in-corso-di-attivazione-lospedale-di-comunita-di-agordo\/#primaryimage"},"thumbnailUrl":"https:\/\/www.bellunopress.it\/wp-content\/uploads\/2020\/07\/ospedale-agordo_edited.jpg","datePublished":"2020-10-27T17:31:31+00:00","breadcrumb":{"@id":"https:\/\/www.bellunopress.it\/2020\/10\/27\/in-corso-di-attivazione-lospedale-di-comunita-di-agordo\/#breadcrumb"},"inLanguage":"fr-FR","potentialAction":[{"@type":"ReadAction","target":["https:\/\/www.bellunopress.it\/2020\/10\/27\/in-corso-di-attivazione-lospedale-di-comunita-di-agordo\/"]}]},{"@type":"ImageObject","inLanguage":"fr-FR","@id":"https:\/\/www.bellunopress.it\/2020\/10\/27\/in-corso-di-attivazione-lospedale-di-comunita-di-agordo\/#primaryimage","url":"https:\/\/www.bellunopress.it\/wp-content\/uploads\/2020\/07\/ospedale-agordo_edited.jpg","contentUrl":"https:\/\/www.bellunopress.it\/wp-content\/uploads\/2020\/07\/ospedale-agordo_edited.jpg","width":320,"height":240},{"@type":"BreadcrumbList","@id":"https:\/\/www.bellunopress.it\/2020\/10\/27\/in-corso-di-attivazione-lospedale-di-comunita-di-agordo\/#breadcrumb","itemListElement":[{"@type":"ListItem","position":1,"name":"Home","item":"https:\/\/www.bellunopress.it\/"},{"@type":"ListItem","position":2,"name":"In corso di attivazione l\u2019ospedale di Comunit\u00e0 di Agordo"}]},{"@type":"WebSite","@id":"https:\/\/www.bellunopress.it\/#website","url":"https:\/\/www.bellunopress.it\/","name":"Bellunopress - Dolomiti","description":"e-mail: redazione@bellunopress.it","publisher":{"@id":"https:\/\/www.bellunopress.it\/#organization"},"potentialAction":[{"@type":"SearchAction","target":{"@type":"EntryPoint","urlTemplate":"https:\/\/www.bellunopress.it\/?s={search_term_string}"},"query-input":{"@type":"PropertyValueSpecification","valueRequired":true,"valueName":"search_term_string"}}],"inLanguage":"fr-FR"},{"@type":"Organization","@id":"https:\/\/www.bellunopress.it\/#organization","name":"Bellunopress","url":"https:\/\/www.bellunopress.it\/","logo":{"@type":"ImageObject","inLanguage":"fr-FR","@id":"https:\/\/www.bellunopress.it\/#\/schema\/logo\/image\/","url":"https:\/\/www.bellunopress.it\/wp-content\/uploads\/2011\/05\/cropped-logo-bellunopress-.jpg","contentUrl":"https:\/\/www.bellunopress.it\/wp-content\/uploads\/2011\/05\/cropped-logo-bellunopress-.jpg","width":512,"height":512,"caption":"Bellunopress"},"image":{"@id":"https:\/\/www.bellunopress.it\/#\/schema\/logo\/image\/"},"sameAs":["https:\/\/www.facebook.com\/profile.php?id=100008943462799","https:\/\/x.com\/bellunopress","https:\/\/www.linkedin.com\/hp\/?dnr=JBzUWaJfMUw8vbXJJ2tVW5-I3jZKvC4wsoxE&amp;amp;amp;amp;amp;amp;trk=nav_responsive_tab_home","https:\/\/www.youtube.com\/channel\/UCxL0wu1uN0_3_7hGG0306cw"]},{"@type":"Person","@id":"https:\/\/www.bellunopress.it\/#\/schema\/person\/79bb06722b37ece1c03d3e94beb30d73","name":"r\u00e9daction","image":{"@type":"ImageObject","inLanguage":"fr-FR","@id":"https:\/\/secure.gravatar.com\/avatar\/37d968a2e67a6fd04c169c4bdef102d0bc5d31b2546345219e348575eb80e9a0?s=96&d=mm&r=g","url":"https:\/\/secure.gravatar.com\/avatar\/37d968a2e67a6fd04c169c4bdef102d0bc5d31b2546345219e348575eb80e9a0?s=96&d=mm&r=g","contentUrl":"https:\/\/secure.gravatar.com\/avatar\/37d968a2e67a6fd04c169c4bdef102d0bc5d31b2546345219e348575eb80e9a0?s=96&d=mm&r=g","caption":"redazione"},"sameAs":["http:\/\/www.bellunopress.it","https:\/\/x.com\/bellunopress"],"url":"https:\/\/www.bellunopress.it\/fr\/author\/redazione\/"}]}},"_links":{"self":[{"href":"https:\/\/www.bellunopress.it\/fr\/wp-json\/wp\/v2\/posts\/118873","targetHints":{"allow":["GET"]}}],"collection":[{"href":"https:\/\/www.bellunopress.it\/fr\/wp-json\/wp\/v2\/posts"}],"about":[{"href":"https:\/\/www.bellunopress.it\/fr\/wp-json\/wp\/v2\/types\/post"}],"author":[{"embeddable":true,"href":"https:\/\/www.bellunopress.it\/fr\/wp-json\/wp\/v2\/users\/2"}],"replies":[{"embeddable":true,"href":"https:\/\/www.bellunopress.it\/fr\/wp-json\/wp\/v2\/comments?post=118873"}],"version-history":[{"count":1,"href":"https:\/\/www.bellunopress.it\/fr\/wp-json\/wp\/v2\/posts\/118873\/revisions"}],"predecessor-version":[{"id":118874,"href":"https:\/\/www.bellunopress.it\/fr\/wp-json\/wp\/v2\/posts\/118873\/revisions\/118874"}],"wp:featuredmedia":[{"embeddable":true,"href":"https:\/\/www.bellunopress.it\/fr\/wp-json\/wp\/v2\/media\/115841"}],"wp:attachment":[{"href":"https:\/\/www.bellunopress.it\/fr\/wp-json\/wp\/v2\/media?parent=118873"}],"wp:term":[{"taxonomy":"category","embeddable":true,"href":"https:\/\/www.bellunopress.it\/fr\/wp-json\/wp\/v2\/categories?post=118873"},{"taxonomy":"post_tag","embeddable":true,"href":"https:\/\/www.bellunopress.it\/fr\/wp-json\/wp\/v2\/tags?post=118873"}],"curies":[{"name":"wp","href":"https:\/\/api.w.org\/{rel}","templated":true}]}}