{"id":118867,"date":"2020-10-27T14:21:03","date_gmt":"2020-10-27T13:21:03","guid":{"rendered":"http:\/\/www.bellunopress.it\/?p=118867"},"modified":"2020-10-27T18:41:27","modified_gmt":"2020-10-27T17:41:27","slug":"nessuna-violazione-al-codice-deontologico-archiviata-laccusa-di-gidoni-al-direttore-di-bellunopress","status":"publish","type":"post","link":"https:\/\/www.bellunopress.it\/fr\/2020\/10\/27\/nessuna-violazione-al-codice-deontologico-archiviata-laccusa-di-gidoni-al-direttore-di-bellunopress\/","title":{"rendered":"Nessuna violazione al codice deontologico. Archiviata l&#8217;accusa di Gidoni al direttore di Bellunopress"},"content":{"rendered":"<p><a href=\"http:\/\/www.bellunopress.it\/fr\/2020\/10\/27\/nessuna-violazione-al-codice-deontologico-archiviata-laccusa-di-gidoni-al-direttore-di-bellunopress\/tesserino-odg_edited\/\" rel=\"attachment wp-att-118868\"><img loading=\"lazy\" decoding=\"async\" class=\"alignleft size-full wp-image-118868\" src=\"http:\/\/www.bellunopress.it\/wp-content\/uploads\/2020\/10\/tesserino-odg_edited.jpg\" alt=\"\" width=\"638\" height=\"705\" srcset=\"https:\/\/www.bellunopress.it\/wp-content\/uploads\/2020\/10\/tesserino-odg_edited.jpg 638w, https:\/\/www.bellunopress.it\/wp-content\/uploads\/2020\/10\/tesserino-odg_edited-452x500.jpg 452w, https:\/\/www.bellunopress.it\/wp-content\/uploads\/2020\/10\/tesserino-odg_edited-380x420.jpg 380w\" sizes=\"auto, (max-width: 638px) 100vw, 638px\" \/><\/a>Il Consiglio di Disciplina Territoriale dell&#8217;Ordine dei Giornalisti del Veneto, nella riunione del 16 luglio 2020, delibera &#8220;il non doversi procedere per il presente procedimento, non ravvedendosi nei fatti in esame alcuna possibile violazione deontologica&#8221; nei confronti del direttore della testata Bellunopress Roberto De Nart, che ha immediatamente pubblicato sul giornale la precisazione inviatagli da Franco Gidoni, commissario della lega bellunese, che il 3 giugno 2020 ha segnalato la presunta violazione all&#8217;Ordine dei Giornalisti per l&#8217;articolo dal titolo \u201c<a href=\"https:\/\/www.bellunopress.it\/fr\/2020\/06\/02\/in-piazza-dei-martiri-si-celebra-la-festa-della-repubblica-in-stazione-va-in-scena-la-brodaglia-in-salsa-leghista\/\">In Piazza Martiri si celebra la Festa della Repubblica. In stazione va in scena la brodaglia in salsa leghista<\/a>\u201d<\/p>\n<p>La foto a corredo del pezzo contestato mostra un gruppetto di manifestanti che comunque non sembra raggiungere le 50 unit\u00e0 &#8211; si legge nel dispositivo del Consiglio di Disciplina &#8211;\u00a0 e\u00a0 il tono del pezzo, salvo non trascendere nell\u2019offesa o nella diffamazione, fa parte della libera critica politica, secondo la linea editoriale del giornale;<br \/>\nconsiderato dunque che non emerge alcun elemento, di fatto e\/o di diritto, tale da<br \/>\nconfigurare un comportamento deontologicamente scorretto da parte di alcun giornalista;<br \/>\nritenuta non necessaria l&#8217;apertura della fase delle sommarie informazioni per il motivo di cui sopra;<br \/>\ndichiara deontologicamente corretto l&#8217;articolo.<\/p>\n<p>&nbsp;<\/p>","protected":false},"excerpt":{"rendered":"<p>Il Consiglio di Disciplina Territoriale dell&#8217;Ordine dei Giornalisti del Veneto, nella riunione del 16 luglio 2020, delibera &#8220;il non doversi procedere per il presente procedimento, non ravvedendosi nei fatti in esame alcuna possibile violazione deontologica&#8221; nei confronti del direttore della testata Bellunopress Roberto De Nart, che ha immediatamente pubblicato sul giornale la precisazione inviatagli da [&hellip;]<\/p>\n","protected":false},"author":2,"featured_media":118868,"comment_status":"closed","ping_status":"open","sticky":false,"template":"","format":"standard","meta":{"footnotes":""},"categories":[5,3446,26],"tags":[],"class_list":["post-118867","post","type-post","status-publish","format-standard","has-post-thumbnail","category-cronaca","category-featured","category-prima-pagina"],"yoast_head":"<!-- This site is optimized with the Yoast SEO plugin v28.4 - https:\/\/yoast.com\/product\/yoast-seo-wordpress\/ -->\n<title>Nessuna violazione al codice deontologico. Archiviata l&#039;accusa di Gidoni al direttore di Bellunopress - Bellunopress - Dolomiti<\/title>\n<meta name=\"robots\" content=\"index, follow, max-snippet:-1, max-image-preview:large, max-video-preview:-1\" \/>\n<link rel=\"canonical\" href=\"https:\/\/www.bellunopress.it\/fr\/2020\/10\/27\/nessuna-violazione-al-codice-deontologico-archiviata-laccusa-di-gidoni-al-direttore-di-bellunopress\/\" \/>\n<meta property=\"og:locale\" content=\"fr_FR\" \/>\n<meta property=\"og:type\" content=\"article\" \/>\n<meta property=\"og:title\" content=\"Nessuna violazione al codice deontologico. Archiviata l&#039;accusa di Gidoni al direttore di Bellunopress - Bellunopress - Dolomiti\" \/>\n<meta property=\"og:description\" content=\"Il Consiglio di Disciplina Territoriale dell&#8217;Ordine dei Giornalisti del Veneto, nella riunione del 16 luglio 2020, delibera &#8220;il non doversi procedere per il presente procedimento, non ravvedendosi nei fatti in esame alcuna possibile violazione deontologica&#8221; nei confronti del direttore della testata Bellunopress Roberto De Nart, che ha immediatamente pubblicato sul giornale la precisazione inviatagli da [&hellip;]\" \/>\n<meta property=\"og:url\" content=\"https:\/\/www.bellunopress.it\/fr\/2020\/10\/27\/nessuna-violazione-al-codice-deontologico-archiviata-laccusa-di-gidoni-al-direttore-di-bellunopress\/\" \/>\n<meta property=\"og:site_name\" content=\"Bellunopress - Dolomiti\" \/>\n<meta property=\"article:publisher\" content=\"https:\/\/www.facebook.com\/profile.php?id=100008943462799\" \/>\n<meta property=\"article:published_time\" content=\"2020-10-27T13:21:03+00:00\" \/>\n<meta property=\"article:modified_time\" content=\"2020-10-27T17:41:27+00:00\" \/>\n<meta property=\"og:image\" content=\"https:\/\/www.bellunopress.it\/wp-content\/uploads\/2020\/10\/tesserino-odg_edited.jpg\" \/>\n\t<meta property=\"og:image:width\" content=\"638\" \/>\n\t<meta property=\"og:image:height\" content=\"705\" \/>\n\t<meta property=\"og:image:type\" content=\"image\/jpeg\" \/>\n<meta name=\"author\" content=\"redazione\" \/>\n<meta name=\"twitter:card\" content=\"summary_large_image\" \/>\n<meta name=\"twitter:creator\" content=\"@bellunopress\" \/>\n<meta name=\"twitter:site\" content=\"@bellunopress\" \/>\n<meta name=\"twitter:label1\" content=\"\u00c9crit par\" \/>\n\t<meta name=\"twitter:data1\" content=\"redazione\" \/>\n\t<meta name=\"twitter:label2\" content=\"Dur\u00e9e de lecture estim\u00e9e\" \/>\n\t<meta name=\"twitter:data2\" content=\"1 minute\" \/>\n<script type=\"application\/ld+json\" class=\"yoast-schema-graph\">{\"@context\":\"https:\\\/\\\/schema.org\",\"@graph\":[{\"@type\":\"Article\",\"@id\":\"https:\\\/\\\/www.bellunopress.it\\\/2020\\\/10\\\/27\\\/nessuna-violazione-al-codice-deontologico-archiviata-laccusa-di-gidoni-al-direttore-di-bellunopress\\\/#article\",\"isPartOf\":{\"@id\":\"https:\\\/\\\/www.bellunopress.it\\\/2020\\\/10\\\/27\\\/nessuna-violazione-al-codice-deontologico-archiviata-laccusa-di-gidoni-al-direttore-di-bellunopress\\\/\"},\"author\":{\"name\":\"redazione\",\"@id\":\"https:\\\/\\\/www.bellunopress.it\\\/#\\\/schema\\\/person\\\/79bb06722b37ece1c03d3e94beb30d73\"},\"headline\":\"Nessuna violazione al codice deontologico. Archiviata l&#8217;accusa di Gidoni al direttore di Bellunopress\",\"datePublished\":\"2020-10-27T13:21:03+00:00\",\"dateModified\":\"2020-10-27T17:41:27+00:00\",\"mainEntityOfPage\":{\"@id\":\"https:\\\/\\\/www.bellunopress.it\\\/2020\\\/10\\\/27\\\/nessuna-violazione-al-codice-deontologico-archiviata-laccusa-di-gidoni-al-direttore-di-bellunopress\\\/\"},\"wordCount\":211,\"publisher\":{\"@id\":\"https:\\\/\\\/www.bellunopress.it\\\/#organization\"},\"image\":{\"@id\":\"https:\\\/\\\/www.bellunopress.it\\\/2020\\\/10\\\/27\\\/nessuna-violazione-al-codice-deontologico-archiviata-laccusa-di-gidoni-al-direttore-di-bellunopress\\\/#primaryimage\"},\"thumbnailUrl\":\"https:\\\/\\\/www.bellunopress.it\\\/wp-content\\\/uploads\\\/2020\\\/10\\\/tesserino-odg_edited.jpg\",\"articleSection\":[\"Cronaca\\\/Politica\",\"Featured\",\"Prima Pagina\"],\"inLanguage\":\"fr-FR\"},{\"@type\":\"WebPage\",\"@id\":\"https:\\\/\\\/www.bellunopress.it\\\/2020\\\/10\\\/27\\\/nessuna-violazione-al-codice-deontologico-archiviata-laccusa-di-gidoni-al-direttore-di-bellunopress\\\/\",\"url\":\"https:\\\/\\\/www.bellunopress.it\\\/2020\\\/10\\\/27\\\/nessuna-violazione-al-codice-deontologico-archiviata-laccusa-di-gidoni-al-direttore-di-bellunopress\\\/\",\"name\":\"Nessuna violazione al codice deontologico. Archiviata l'accusa di Gidoni al direttore di Bellunopress - Bellunopress - Dolomiti\",\"isPartOf\":{\"@id\":\"https:\\\/\\\/www.bellunopress.it\\\/#website\"},\"primaryImageOfPage\":{\"@id\":\"https:\\\/\\\/www.bellunopress.it\\\/2020\\\/10\\\/27\\\/nessuna-violazione-al-codice-deontologico-archiviata-laccusa-di-gidoni-al-direttore-di-bellunopress\\\/#primaryimage\"},\"image\":{\"@id\":\"https:\\\/\\\/www.bellunopress.it\\\/2020\\\/10\\\/27\\\/nessuna-violazione-al-codice-deontologico-archiviata-laccusa-di-gidoni-al-direttore-di-bellunopress\\\/#primaryimage\"},\"thumbnailUrl\":\"https:\\\/\\\/www.bellunopress.it\\\/wp-content\\\/uploads\\\/2020\\\/10\\\/tesserino-odg_edited.jpg\",\"datePublished\":\"2020-10-27T13:21:03+00:00\",\"dateModified\":\"2020-10-27T17:41:27+00:00\",\"breadcrumb\":{\"@id\":\"https:\\\/\\\/www.bellunopress.it\\\/2020\\\/10\\\/27\\\/nessuna-violazione-al-codice-deontologico-archiviata-laccusa-di-gidoni-al-direttore-di-bellunopress\\\/#breadcrumb\"},\"inLanguage\":\"fr-FR\",\"potentialAction\":[{\"@type\":\"ReadAction\",\"target\":[\"https:\\\/\\\/www.bellunopress.it\\\/2020\\\/10\\\/27\\\/nessuna-violazione-al-codice-deontologico-archiviata-laccusa-di-gidoni-al-direttore-di-bellunopress\\\/\"]}]},{\"@type\":\"ImageObject\",\"inLanguage\":\"fr-FR\",\"@id\":\"https:\\\/\\\/www.bellunopress.it\\\/2020\\\/10\\\/27\\\/nessuna-violazione-al-codice-deontologico-archiviata-laccusa-di-gidoni-al-direttore-di-bellunopress\\\/#primaryimage\",\"url\":\"https:\\\/\\\/www.bellunopress.it\\\/wp-content\\\/uploads\\\/2020\\\/10\\\/tesserino-odg_edited.jpg\",\"contentUrl\":\"https:\\\/\\\/www.bellunopress.it\\\/wp-content\\\/uploads\\\/2020\\\/10\\\/tesserino-odg_edited.jpg\",\"width\":638,\"height\":705},{\"@type\":\"BreadcrumbList\",\"@id\":\"https:\\\/\\\/www.bellunopress.it\\\/2020\\\/10\\\/27\\\/nessuna-violazione-al-codice-deontologico-archiviata-laccusa-di-gidoni-al-direttore-di-bellunopress\\\/#breadcrumb\",\"itemListElement\":[{\"@type\":\"ListItem\",\"position\":1,\"name\":\"Home\",\"item\":\"https:\\\/\\\/www.bellunopress.it\\\/\"},{\"@type\":\"ListItem\",\"position\":2,\"name\":\"Nessuna violazione al codice deontologico. Archiviata l&#8217;accusa di Gidoni al direttore di Bellunopress\"}]},{\"@type\":\"WebSite\",\"@id\":\"https:\\\/\\\/www.bellunopress.it\\\/#website\",\"url\":\"https:\\\/\\\/www.bellunopress.it\\\/\",\"name\":\"Bellunopress - Dolomiti\",\"description\":\"e-mail: redazione@bellunopress.it\",\"publisher\":{\"@id\":\"https:\\\/\\\/www.bellunopress.it\\\/#organization\"},\"potentialAction\":[{\"@type\":\"SearchAction\",\"target\":{\"@type\":\"EntryPoint\",\"urlTemplate\":\"https:\\\/\\\/www.bellunopress.it\\\/?s={search_term_string}\"},\"query-input\":{\"@type\":\"PropertyValueSpecification\",\"valueRequired\":true,\"valueName\":\"search_term_string\"}}],\"inLanguage\":\"fr-FR\"},{\"@type\":\"Organization\",\"@id\":\"https:\\\/\\\/www.bellunopress.it\\\/#organization\",\"name\":\"Bellunopress\",\"url\":\"https:\\\/\\\/www.bellunopress.it\\\/\",\"logo\":{\"@type\":\"ImageObject\",\"inLanguage\":\"fr-FR\",\"@id\":\"https:\\\/\\\/www.bellunopress.it\\\/#\\\/schema\\\/logo\\\/image\\\/\",\"url\":\"https:\\\/\\\/www.bellunopress.it\\\/wp-content\\\/uploads\\\/2011\\\/05\\\/cropped-logo-bellunopress-.jpg\",\"contentUrl\":\"https:\\\/\\\/www.bellunopress.it\\\/wp-content\\\/uploads\\\/2011\\\/05\\\/cropped-logo-bellunopress-.jpg\",\"width\":512,\"height\":512,\"caption\":\"Bellunopress\"},\"image\":{\"@id\":\"https:\\\/\\\/www.bellunopress.it\\\/#\\\/schema\\\/logo\\\/image\\\/\"},\"sameAs\":[\"https:\\\/\\\/www.facebook.com\\\/profile.php?id=100008943462799\",\"https:\\\/\\\/x.com\\\/bellunopress\",\"https:\\\/\\\/www.linkedin.com\\\/hp\\\/?dnr=JBzUWaJfMUw8vbXJJ2tVW5-I3jZKvC4wsoxE&amp;amp;amp;amp;amp;amp;trk=nav_responsive_tab_home\",\"https:\\\/\\\/www.youtube.com\\\/channel\\\/UCxL0wu1uN0_3_7hGG0306cw\"]},{\"@type\":\"Person\",\"@id\":\"https:\\\/\\\/www.bellunopress.it\\\/#\\\/schema\\\/person\\\/79bb06722b37ece1c03d3e94beb30d73\",\"name\":\"redazione\",\"image\":{\"@type\":\"ImageObject\",\"inLanguage\":\"fr-FR\",\"@id\":\"https:\\\/\\\/secure.gravatar.com\\\/avatar\\\/37d968a2e67a6fd04c169c4bdef102d0bc5d31b2546345219e348575eb80e9a0?s=96&d=mm&r=g\",\"url\":\"https:\\\/\\\/secure.gravatar.com\\\/avatar\\\/37d968a2e67a6fd04c169c4bdef102d0bc5d31b2546345219e348575eb80e9a0?s=96&d=mm&r=g\",\"contentUrl\":\"https:\\\/\\\/secure.gravatar.com\\\/avatar\\\/37d968a2e67a6fd04c169c4bdef102d0bc5d31b2546345219e348575eb80e9a0?s=96&d=mm&r=g\",\"caption\":\"redazione\"},\"sameAs\":[\"http:\\\/\\\/www.bellunopress.it\",\"https:\\\/\\\/x.com\\\/bellunopress\"],\"url\":\"https:\\\/\\\/www.bellunopress.it\\\/fr\\\/author\\\/redazione\\\/\"}]}<\/script>\n<!-- \/ Yoast SEO plugin. -->","yoast_head_json":{"title":"Nessuna violazione al codice deontologico. Archiviata l'accusa di Gidoni al direttore di Bellunopress - Bellunopress - Dolomiti","robots":{"index":"index","follow":"follow","max-snippet":"max-snippet:-1","max-image-preview":"max-image-preview:large","max-video-preview":"max-video-preview:-1"},"canonical":"https:\/\/www.bellunopress.it\/fr\/2020\/10\/27\/nessuna-violazione-al-codice-deontologico-archiviata-laccusa-di-gidoni-al-direttore-di-bellunopress\/","og_locale":"fr_FR","og_type":"article","og_title":"Nessuna violazione al codice deontologico. Archiviata l'accusa di Gidoni al direttore di Bellunopress - Bellunopress - Dolomiti","og_description":"Il Consiglio di Disciplina Territoriale dell&#8217;Ordine dei Giornalisti del Veneto, nella riunione del 16 luglio 2020, delibera &#8220;il non doversi procedere per il presente procedimento, non ravvedendosi nei fatti in esame alcuna possibile violazione deontologica&#8221; nei confronti del direttore della testata Bellunopress Roberto De Nart, che ha immediatamente pubblicato sul giornale la precisazione inviatagli da [&hellip;]","og_url":"https:\/\/www.bellunopress.it\/fr\/2020\/10\/27\/nessuna-violazione-al-codice-deontologico-archiviata-laccusa-di-gidoni-al-direttore-di-bellunopress\/","og_site_name":"Bellunopress - Dolomiti","article_publisher":"https:\/\/www.facebook.com\/profile.php?id=100008943462799","article_published_time":"2020-10-27T13:21:03+00:00","article_modified_time":"2020-10-27T17:41:27+00:00","og_image":[{"width":638,"height":705,"url":"https:\/\/www.bellunopress.it\/wp-content\/uploads\/2020\/10\/tesserino-odg_edited.jpg","type":"image\/jpeg"}],"author":"redazione","twitter_card":"summary_large_image","twitter_creator":"@bellunopress","twitter_site":"@bellunopress","twitter_misc":{"\u00c9crit par":"redazione","Dur\u00e9e de lecture estim\u00e9e":"1 minute"},"schema":{"@context":"https:\/\/schema.org","@graph":[{"@type":"Article","@id":"https:\/\/www.bellunopress.it\/2020\/10\/27\/nessuna-violazione-al-codice-deontologico-archiviata-laccusa-di-gidoni-al-direttore-di-bellunopress\/#article","isPartOf":{"@id":"https:\/\/www.bellunopress.it\/2020\/10\/27\/nessuna-violazione-al-codice-deontologico-archiviata-laccusa-di-gidoni-al-direttore-di-bellunopress\/"},"author":{"name":"redazione","@id":"https:\/\/www.bellunopress.it\/#\/schema\/person\/79bb06722b37ece1c03d3e94beb30d73"},"headline":"Nessuna violazione al codice deontologico. Archiviata l&#8217;accusa di Gidoni al direttore di Bellunopress","datePublished":"2020-10-27T13:21:03+00:00","dateModified":"2020-10-27T17:41:27+00:00","mainEntityOfPage":{"@id":"https:\/\/www.bellunopress.it\/2020\/10\/27\/nessuna-violazione-al-codice-deontologico-archiviata-laccusa-di-gidoni-al-direttore-di-bellunopress\/"},"wordCount":211,"publisher":{"@id":"https:\/\/www.bellunopress.it\/#organization"},"image":{"@id":"https:\/\/www.bellunopress.it\/2020\/10\/27\/nessuna-violazione-al-codice-deontologico-archiviata-laccusa-di-gidoni-al-direttore-di-bellunopress\/#primaryimage"},"thumbnailUrl":"https:\/\/www.bellunopress.it\/wp-content\/uploads\/2020\/10\/tesserino-odg_edited.jpg","articleSection":["Cronaca\/Politica","Featured","Prima Pagina"],"inLanguage":"fr-FR"},{"@type":"WebPage","@id":"https:\/\/www.bellunopress.it\/2020\/10\/27\/nessuna-violazione-al-codice-deontologico-archiviata-laccusa-di-gidoni-al-direttore-di-bellunopress\/","url":"https:\/\/www.bellunopress.it\/2020\/10\/27\/nessuna-violazione-al-codice-deontologico-archiviata-laccusa-di-gidoni-al-direttore-di-bellunopress\/","name":"Nessuna violazione al codice deontologico. Archiviata l'accusa di Gidoni al direttore di Bellunopress - Bellunopress - Dolomiti","isPartOf":{"@id":"https:\/\/www.bellunopress.it\/#website"},"primaryImageOfPage":{"@id":"https:\/\/www.bellunopress.it\/2020\/10\/27\/nessuna-violazione-al-codice-deontologico-archiviata-laccusa-di-gidoni-al-direttore-di-bellunopress\/#primaryimage"},"image":{"@id":"https:\/\/www.bellunopress.it\/2020\/10\/27\/nessuna-violazione-al-codice-deontologico-archiviata-laccusa-di-gidoni-al-direttore-di-bellunopress\/#primaryimage"},"thumbnailUrl":"https:\/\/www.bellunopress.it\/wp-content\/uploads\/2020\/10\/tesserino-odg_edited.jpg","datePublished":"2020-10-27T13:21:03+00:00","dateModified":"2020-10-27T17:41:27+00:00","breadcrumb":{"@id":"https:\/\/www.bellunopress.it\/2020\/10\/27\/nessuna-violazione-al-codice-deontologico-archiviata-laccusa-di-gidoni-al-direttore-di-bellunopress\/#breadcrumb"},"inLanguage":"fr-FR","potentialAction":[{"@type":"ReadAction","target":["https:\/\/www.bellunopress.it\/2020\/10\/27\/nessuna-violazione-al-codice-deontologico-archiviata-laccusa-di-gidoni-al-direttore-di-bellunopress\/"]}]},{"@type":"ImageObject","inLanguage":"fr-FR","@id":"https:\/\/www.bellunopress.it\/2020\/10\/27\/nessuna-violazione-al-codice-deontologico-archiviata-laccusa-di-gidoni-al-direttore-di-bellunopress\/#primaryimage","url":"https:\/\/www.bellunopress.it\/wp-content\/uploads\/2020\/10\/tesserino-odg_edited.jpg","contentUrl":"https:\/\/www.bellunopress.it\/wp-content\/uploads\/2020\/10\/tesserino-odg_edited.jpg","width":638,"height":705},{"@type":"BreadcrumbList","@id":"https:\/\/www.bellunopress.it\/2020\/10\/27\/nessuna-violazione-al-codice-deontologico-archiviata-laccusa-di-gidoni-al-direttore-di-bellunopress\/#breadcrumb","itemListElement":[{"@type":"ListItem","position":1,"name":"Home","item":"https:\/\/www.bellunopress.it\/"},{"@type":"ListItem","position":2,"name":"Nessuna violazione al codice deontologico. Archiviata l&#8217;accusa di Gidoni al direttore di Bellunopress"}]},{"@type":"WebSite","@id":"https:\/\/www.bellunopress.it\/#website","url":"https:\/\/www.bellunopress.it\/","name":"Bellunopress - Dolomiti","description":"e-mail: redazione@bellunopress.it","publisher":{"@id":"https:\/\/www.bellunopress.it\/#organization"},"potentialAction":[{"@type":"SearchAction","target":{"@type":"EntryPoint","urlTemplate":"https:\/\/www.bellunopress.it\/?s={search_term_string}"},"query-input":{"@type":"PropertyValueSpecification","valueRequired":true,"valueName":"search_term_string"}}],"inLanguage":"fr-FR"},{"@type":"Organization","@id":"https:\/\/www.bellunopress.it\/#organization","name":"Bellunopress","url":"https:\/\/www.bellunopress.it\/","logo":{"@type":"ImageObject","inLanguage":"fr-FR","@id":"https:\/\/www.bellunopress.it\/#\/schema\/logo\/image\/","url":"https:\/\/www.bellunopress.it\/wp-content\/uploads\/2011\/05\/cropped-logo-bellunopress-.jpg","contentUrl":"https:\/\/www.bellunopress.it\/wp-content\/uploads\/2011\/05\/cropped-logo-bellunopress-.jpg","width":512,"height":512,"caption":"Bellunopress"},"image":{"@id":"https:\/\/www.bellunopress.it\/#\/schema\/logo\/image\/"},"sameAs":["https:\/\/www.facebook.com\/profile.php?id=100008943462799","https:\/\/x.com\/bellunopress","https:\/\/www.linkedin.com\/hp\/?dnr=JBzUWaJfMUw8vbXJJ2tVW5-I3jZKvC4wsoxE&amp;amp;amp;amp;amp;amp;trk=nav_responsive_tab_home","https:\/\/www.youtube.com\/channel\/UCxL0wu1uN0_3_7hGG0306cw"]},{"@type":"Person","@id":"https:\/\/www.bellunopress.it\/#\/schema\/person\/79bb06722b37ece1c03d3e94beb30d73","name":"r\u00e9daction","image":{"@type":"ImageObject","inLanguage":"fr-FR","@id":"https:\/\/secure.gravatar.com\/avatar\/37d968a2e67a6fd04c169c4bdef102d0bc5d31b2546345219e348575eb80e9a0?s=96&d=mm&r=g","url":"https:\/\/secure.gravatar.com\/avatar\/37d968a2e67a6fd04c169c4bdef102d0bc5d31b2546345219e348575eb80e9a0?s=96&d=mm&r=g","contentUrl":"https:\/\/secure.gravatar.com\/avatar\/37d968a2e67a6fd04c169c4bdef102d0bc5d31b2546345219e348575eb80e9a0?s=96&d=mm&r=g","caption":"redazione"},"sameAs":["http:\/\/www.bellunopress.it","https:\/\/x.com\/bellunopress"],"url":"https:\/\/www.bellunopress.it\/fr\/author\/redazione\/"}]}},"_links":{"self":[{"href":"https:\/\/www.bellunopress.it\/fr\/wp-json\/wp\/v2\/posts\/118867","targetHints":{"allow":["GET"]}}],"collection":[{"href":"https:\/\/www.bellunopress.it\/fr\/wp-json\/wp\/v2\/posts"}],"about":[{"href":"https:\/\/www.bellunopress.it\/fr\/wp-json\/wp\/v2\/types\/post"}],"author":[{"embeddable":true,"href":"https:\/\/www.bellunopress.it\/fr\/wp-json\/wp\/v2\/users\/2"}],"replies":[{"embeddable":true,"href":"https:\/\/www.bellunopress.it\/fr\/wp-json\/wp\/v2\/comments?post=118867"}],"version-history":[{"count":2,"href":"https:\/\/www.bellunopress.it\/fr\/wp-json\/wp\/v2\/posts\/118867\/revisions"}],"predecessor-version":[{"id":118870,"href":"https:\/\/www.bellunopress.it\/fr\/wp-json\/wp\/v2\/posts\/118867\/revisions\/118870"}],"wp:featuredmedia":[{"embeddable":true,"href":"https:\/\/www.bellunopress.it\/fr\/wp-json\/wp\/v2\/media\/118868"}],"wp:attachment":[{"href":"https:\/\/www.bellunopress.it\/fr\/wp-json\/wp\/v2\/media?parent=118867"}],"wp:term":[{"taxonomy":"category","embeddable":true,"href":"https:\/\/www.bellunopress.it\/fr\/wp-json\/wp\/v2\/categories?post=118867"},{"taxonomy":"post_tag","embeddable":true,"href":"https:\/\/www.bellunopress.it\/fr\/wp-json\/wp\/v2\/tags?post=118867"}],"curies":[{"name":"wp","href":"https:\/\/api.w.org\/{rel}","templated":true}]}}