{"id":118865,"date":"2020-10-27T13:45:07","date_gmt":"2020-10-27T12:45:07","guid":{"rendered":"http:\/\/www.bellunopress.it\/?p=118865"},"modified":"2020-10-27T13:45:07","modified_gmt":"2020-10-27T12:45:07","slug":"non-ce-stato-alcun-mobbing-la-corte-dappello-rovescia-la-sentenza-del-giudice-del-lavoro-e-accoglie-il-ricorso-del-comune-di-belluno","status":"publish","type":"post","link":"https:\/\/www.bellunopress.it\/fr\/2020\/10\/27\/non-ce-stato-alcun-mobbing-la-corte-dappello-rovescia-la-sentenza-del-giudice-del-lavoro-e-accoglie-il-ricorso-del-comune-di-belluno\/","title":{"rendered":"Non c&#8217;\u00e8 stato alcun mobbing. La Corte d&#8217;Appello rovescia la sentenza del giudice del lavoro e accoglie il ricorso del Comune di Belluno"},"content":{"rendered":"<figure id=\"attachment_113617\" aria-describedby=\"caption-attachment-113617\" style=\"width: 800px\" class=\"wp-caption alignleft\"><a href=\"http:\/\/www.bellunopress.it\/fr\/2020\/04\/06\/una-cabina-di-regia-per-il-dopo-coronavirus-addamiano-la-politica-deve-dare-un-segnale-forte\/palazzo-rosso_edited\/\" rel=\"attachment wp-att-113617\"><img loading=\"lazy\" decoding=\"async\" class=\"size-full wp-image-113617\" src=\"http:\/\/www.bellunopress.it\/wp-content\/uploads\/2020\/04\/palazzo-rosso_edited.jpg\" alt=\"\" width=\"800\" height=\"563\" srcset=\"https:\/\/www.bellunopress.it\/wp-content\/uploads\/2020\/04\/palazzo-rosso_edited.jpg 800w, https:\/\/www.bellunopress.it\/wp-content\/uploads\/2020\/04\/palazzo-rosso_edited-500x352.jpg 500w, https:\/\/www.bellunopress.it\/wp-content\/uploads\/2020\/04\/palazzo-rosso_edited-696x490.jpg 696w, https:\/\/www.bellunopress.it\/wp-content\/uploads\/2020\/04\/palazzo-rosso_edited-597x420.jpg 597w, https:\/\/www.bellunopress.it\/wp-content\/uploads\/2020\/04\/palazzo-rosso_edited-100x70.jpg 100w\" sizes=\"auto, (max-width: 800px) 100vw, 800px\" \/><\/a><figcaption id=\"caption-attachment-113617\" class=\"wp-caption-text\">Palazzo Rosso, sede dell&#8217;amministrazione comunale di Belluno<\/figcaption><\/figure>\n<p>La Sezione Lavoro della Corte d&#8217;Appello di Venezia ha accolto il ricorso del Comune di Belluno contro la sentenza non definitiva del Tribunale di Belluno che aveva dichiarato il Comune responsabile di mobbing nei confronti di un ex dipendente.<br \/>\nNel 2019, il Giudice del lavoro del Tribunale di Belluno aveva infatti accolto la richiesta di un ex dipendente comunale di riconoscimento di azioni di mobbing ai suoi danni e del relativo risarcimento danni.<br \/>\nIl Comune di Belluno, con l&#8217;avvocato civico Paolo Vignola e l&#8217;avvocato Francesco Rossi giuslavorista di Padova, aveva impugnato questa sentenza non definitiva; nei giorni scorsi \u00e8 stato pubblicato il dispositivo \u2013 per le motivazioni sar\u00e0 necessario attendere \u2013 che ha riformato in toto la decisione del Tribunale di Belluno, annullandola.<\/p>","protected":false},"excerpt":{"rendered":"<p>La Sezione Lavoro della Corte d&#8217;Appello di Venezia ha accolto il ricorso del Comune di Belluno contro la sentenza non definitiva del Tribunale di Belluno che aveva dichiarato il Comune responsabile di mobbing nei confronti di un ex dipendente. Nel 2019, il Giudice del lavoro del Tribunale di Belluno aveva infatti accolto la richiesta di [&hellip;]<\/p>\n","protected":false},"author":2,"featured_media":113617,"comment_status":"closed","ping_status":"open","sticky":false,"template":"","format":"standard","meta":{"footnotes":""},"categories":[36,26],"tags":[],"class_list":["post-118865","post","type-post","status-publish","format-standard","has-post-thumbnail","category-lavoro-economia","category-prima-pagina"],"yoast_head":"<!-- This site is optimized with the Yoast SEO plugin v28.4 - https:\/\/yoast.com\/product\/yoast-seo-wordpress\/ -->\n<title>Non c&#039;\u00e8 stato alcun mobbing. La Corte d&#039;Appello rovescia la sentenza del giudice del lavoro e accoglie il ricorso del Comune di Belluno - Bellunopress - Dolomiti<\/title>\n<meta name=\"robots\" content=\"index, follow, max-snippet:-1, max-image-preview:large, max-video-preview:-1\" \/>\n<link rel=\"canonical\" href=\"https:\/\/www.bellunopress.it\/fr\/2020\/10\/27\/non-ce-stato-alcun-mobbing-la-corte-dappello-rovescia-la-sentenza-del-giudice-del-lavoro-e-accoglie-il-ricorso-del-comune-di-belluno\/\" \/>\n<meta property=\"og:locale\" content=\"fr_FR\" \/>\n<meta property=\"og:type\" content=\"article\" \/>\n<meta property=\"og:title\" content=\"Non c&#039;\u00e8 stato alcun mobbing. La Corte d&#039;Appello rovescia la sentenza del giudice del lavoro e accoglie il ricorso del Comune di Belluno - Bellunopress - Dolomiti\" \/>\n<meta property=\"og:description\" content=\"La Sezione Lavoro della Corte d&#8217;Appello di Venezia ha accolto il ricorso del Comune di Belluno contro la sentenza non definitiva del Tribunale di Belluno che aveva dichiarato il Comune responsabile di mobbing nei confronti di un ex dipendente. Nel 2019, il Giudice del lavoro del Tribunale di Belluno aveva infatti accolto la richiesta di [&hellip;]\" \/>\n<meta property=\"og:url\" content=\"https:\/\/www.bellunopress.it\/fr\/2020\/10\/27\/non-ce-stato-alcun-mobbing-la-corte-dappello-rovescia-la-sentenza-del-giudice-del-lavoro-e-accoglie-il-ricorso-del-comune-di-belluno\/\" \/>\n<meta property=\"og:site_name\" content=\"Bellunopress - Dolomiti\" \/>\n<meta property=\"article:publisher\" content=\"https:\/\/www.facebook.com\/profile.php?id=100008943462799\" \/>\n<meta property=\"article:published_time\" content=\"2020-10-27T12:45:07+00:00\" \/>\n<meta property=\"og:image\" content=\"https:\/\/www.bellunopress.it\/wp-content\/uploads\/2020\/04\/palazzo-rosso_edited.jpg\" \/>\n\t<meta property=\"og:image:width\" content=\"800\" \/>\n\t<meta property=\"og:image:height\" content=\"563\" \/>\n\t<meta property=\"og:image:type\" content=\"image\/jpeg\" \/>\n<meta name=\"author\" content=\"redazione\" \/>\n<meta name=\"twitter:card\" content=\"summary_large_image\" \/>\n<meta name=\"twitter:creator\" content=\"@bellunopress\" \/>\n<meta name=\"twitter:site\" content=\"@bellunopress\" \/>\n<meta name=\"twitter:label1\" content=\"\u00c9crit par\" \/>\n\t<meta name=\"twitter:data1\" content=\"redazione\" \/>\n\t<meta name=\"twitter:label2\" content=\"Dur\u00e9e de lecture estim\u00e9e\" \/>\n\t<meta name=\"twitter:data2\" content=\"1 minute\" \/>\n<script type=\"application\/ld+json\" class=\"yoast-schema-graph\">{\"@context\":\"https:\\\/\\\/schema.org\",\"@graph\":[{\"@type\":\"Article\",\"@id\":\"https:\\\/\\\/www.bellunopress.it\\\/2020\\\/10\\\/27\\\/non-ce-stato-alcun-mobbing-la-corte-dappello-rovescia-la-sentenza-del-giudice-del-lavoro-e-accoglie-il-ricorso-del-comune-di-belluno\\\/#article\",\"isPartOf\":{\"@id\":\"https:\\\/\\\/www.bellunopress.it\\\/2020\\\/10\\\/27\\\/non-ce-stato-alcun-mobbing-la-corte-dappello-rovescia-la-sentenza-del-giudice-del-lavoro-e-accoglie-il-ricorso-del-comune-di-belluno\\\/\"},\"author\":{\"name\":\"redazione\",\"@id\":\"https:\\\/\\\/www.bellunopress.it\\\/#\\\/schema\\\/person\\\/79bb06722b37ece1c03d3e94beb30d73\"},\"headline\":\"Non c&#8217;\u00e8 stato alcun mobbing. La Corte d&#8217;Appello rovescia la sentenza del giudice del lavoro e accoglie il ricorso del Comune di Belluno\",\"datePublished\":\"2020-10-27T12:45:07+00:00\",\"mainEntityOfPage\":{\"@id\":\"https:\\\/\\\/www.bellunopress.it\\\/2020\\\/10\\\/27\\\/non-ce-stato-alcun-mobbing-la-corte-dappello-rovescia-la-sentenza-del-giudice-del-lavoro-e-accoglie-il-ricorso-del-comune-di-belluno\\\/\"},\"wordCount\":161,\"publisher\":{\"@id\":\"https:\\\/\\\/www.bellunopress.it\\\/#organization\"},\"image\":{\"@id\":\"https:\\\/\\\/www.bellunopress.it\\\/2020\\\/10\\\/27\\\/non-ce-stato-alcun-mobbing-la-corte-dappello-rovescia-la-sentenza-del-giudice-del-lavoro-e-accoglie-il-ricorso-del-comune-di-belluno\\\/#primaryimage\"},\"thumbnailUrl\":\"https:\\\/\\\/www.bellunopress.it\\\/wp-content\\\/uploads\\\/2020\\\/04\\\/palazzo-rosso_edited.jpg\",\"articleSection\":[\"Lavoro, Economia, Turismo\",\"Prima Pagina\"],\"inLanguage\":\"fr-FR\"},{\"@type\":\"WebPage\",\"@id\":\"https:\\\/\\\/www.bellunopress.it\\\/2020\\\/10\\\/27\\\/non-ce-stato-alcun-mobbing-la-corte-dappello-rovescia-la-sentenza-del-giudice-del-lavoro-e-accoglie-il-ricorso-del-comune-di-belluno\\\/\",\"url\":\"https:\\\/\\\/www.bellunopress.it\\\/2020\\\/10\\\/27\\\/non-ce-stato-alcun-mobbing-la-corte-dappello-rovescia-la-sentenza-del-giudice-del-lavoro-e-accoglie-il-ricorso-del-comune-di-belluno\\\/\",\"name\":\"Non c'\u00e8 stato alcun mobbing. La Corte d'Appello rovescia la sentenza del giudice del lavoro e accoglie il ricorso del Comune di Belluno - Bellunopress - Dolomiti\",\"isPartOf\":{\"@id\":\"https:\\\/\\\/www.bellunopress.it\\\/#website\"},\"primaryImageOfPage\":{\"@id\":\"https:\\\/\\\/www.bellunopress.it\\\/2020\\\/10\\\/27\\\/non-ce-stato-alcun-mobbing-la-corte-dappello-rovescia-la-sentenza-del-giudice-del-lavoro-e-accoglie-il-ricorso-del-comune-di-belluno\\\/#primaryimage\"},\"image\":{\"@id\":\"https:\\\/\\\/www.bellunopress.it\\\/2020\\\/10\\\/27\\\/non-ce-stato-alcun-mobbing-la-corte-dappello-rovescia-la-sentenza-del-giudice-del-lavoro-e-accoglie-il-ricorso-del-comune-di-belluno\\\/#primaryimage\"},\"thumbnailUrl\":\"https:\\\/\\\/www.bellunopress.it\\\/wp-content\\\/uploads\\\/2020\\\/04\\\/palazzo-rosso_edited.jpg\",\"datePublished\":\"2020-10-27T12:45:07+00:00\",\"breadcrumb\":{\"@id\":\"https:\\\/\\\/www.bellunopress.it\\\/2020\\\/10\\\/27\\\/non-ce-stato-alcun-mobbing-la-corte-dappello-rovescia-la-sentenza-del-giudice-del-lavoro-e-accoglie-il-ricorso-del-comune-di-belluno\\\/#breadcrumb\"},\"inLanguage\":\"fr-FR\",\"potentialAction\":[{\"@type\":\"ReadAction\",\"target\":[\"https:\\\/\\\/www.bellunopress.it\\\/2020\\\/10\\\/27\\\/non-ce-stato-alcun-mobbing-la-corte-dappello-rovescia-la-sentenza-del-giudice-del-lavoro-e-accoglie-il-ricorso-del-comune-di-belluno\\\/\"]}]},{\"@type\":\"ImageObject\",\"inLanguage\":\"fr-FR\",\"@id\":\"https:\\\/\\\/www.bellunopress.it\\\/2020\\\/10\\\/27\\\/non-ce-stato-alcun-mobbing-la-corte-dappello-rovescia-la-sentenza-del-giudice-del-lavoro-e-accoglie-il-ricorso-del-comune-di-belluno\\\/#primaryimage\",\"url\":\"https:\\\/\\\/www.bellunopress.it\\\/wp-content\\\/uploads\\\/2020\\\/04\\\/palazzo-rosso_edited.jpg\",\"contentUrl\":\"https:\\\/\\\/www.bellunopress.it\\\/wp-content\\\/uploads\\\/2020\\\/04\\\/palazzo-rosso_edited.jpg\",\"width\":800,\"height\":563,\"caption\":\"Palazzo Rosso, sede dell'amministrazione comunale di Belluno\"},{\"@type\":\"BreadcrumbList\",\"@id\":\"https:\\\/\\\/www.bellunopress.it\\\/2020\\\/10\\\/27\\\/non-ce-stato-alcun-mobbing-la-corte-dappello-rovescia-la-sentenza-del-giudice-del-lavoro-e-accoglie-il-ricorso-del-comune-di-belluno\\\/#breadcrumb\",\"itemListElement\":[{\"@type\":\"ListItem\",\"position\":1,\"name\":\"Home\",\"item\":\"https:\\\/\\\/www.bellunopress.it\\\/\"},{\"@type\":\"ListItem\",\"position\":2,\"name\":\"Non c&#8217;\u00e8 stato alcun mobbing. La Corte d&#8217;Appello rovescia la sentenza del giudice del lavoro e accoglie il ricorso del Comune di Belluno\"}]},{\"@type\":\"WebSite\",\"@id\":\"https:\\\/\\\/www.bellunopress.it\\\/#website\",\"url\":\"https:\\\/\\\/www.bellunopress.it\\\/\",\"name\":\"Bellunopress - Dolomiti\",\"description\":\"e-mail: redazione@bellunopress.it\",\"publisher\":{\"@id\":\"https:\\\/\\\/www.bellunopress.it\\\/#organization\"},\"potentialAction\":[{\"@type\":\"SearchAction\",\"target\":{\"@type\":\"EntryPoint\",\"urlTemplate\":\"https:\\\/\\\/www.bellunopress.it\\\/?s={search_term_string}\"},\"query-input\":{\"@type\":\"PropertyValueSpecification\",\"valueRequired\":true,\"valueName\":\"search_term_string\"}}],\"inLanguage\":\"fr-FR\"},{\"@type\":\"Organization\",\"@id\":\"https:\\\/\\\/www.bellunopress.it\\\/#organization\",\"name\":\"Bellunopress\",\"url\":\"https:\\\/\\\/www.bellunopress.it\\\/\",\"logo\":{\"@type\":\"ImageObject\",\"inLanguage\":\"fr-FR\",\"@id\":\"https:\\\/\\\/www.bellunopress.it\\\/#\\\/schema\\\/logo\\\/image\\\/\",\"url\":\"https:\\\/\\\/www.bellunopress.it\\\/wp-content\\\/uploads\\\/2011\\\/05\\\/cropped-logo-bellunopress-.jpg\",\"contentUrl\":\"https:\\\/\\\/www.bellunopress.it\\\/wp-content\\\/uploads\\\/2011\\\/05\\\/cropped-logo-bellunopress-.jpg\",\"width\":512,\"height\":512,\"caption\":\"Bellunopress\"},\"image\":{\"@id\":\"https:\\\/\\\/www.bellunopress.it\\\/#\\\/schema\\\/logo\\\/image\\\/\"},\"sameAs\":[\"https:\\\/\\\/www.facebook.com\\\/profile.php?id=100008943462799\",\"https:\\\/\\\/x.com\\\/bellunopress\",\"https:\\\/\\\/www.linkedin.com\\\/hp\\\/?dnr=JBzUWaJfMUw8vbXJJ2tVW5-I3jZKvC4wsoxE&amp;amp;amp;amp;amp;amp;trk=nav_responsive_tab_home\",\"https:\\\/\\\/www.youtube.com\\\/channel\\\/UCxL0wu1uN0_3_7hGG0306cw\"]},{\"@type\":\"Person\",\"@id\":\"https:\\\/\\\/www.bellunopress.it\\\/#\\\/schema\\\/person\\\/79bb06722b37ece1c03d3e94beb30d73\",\"name\":\"redazione\",\"image\":{\"@type\":\"ImageObject\",\"inLanguage\":\"fr-FR\",\"@id\":\"https:\\\/\\\/secure.gravatar.com\\\/avatar\\\/37d968a2e67a6fd04c169c4bdef102d0bc5d31b2546345219e348575eb80e9a0?s=96&d=mm&r=g\",\"url\":\"https:\\\/\\\/secure.gravatar.com\\\/avatar\\\/37d968a2e67a6fd04c169c4bdef102d0bc5d31b2546345219e348575eb80e9a0?s=96&d=mm&r=g\",\"contentUrl\":\"https:\\\/\\\/secure.gravatar.com\\\/avatar\\\/37d968a2e67a6fd04c169c4bdef102d0bc5d31b2546345219e348575eb80e9a0?s=96&d=mm&r=g\",\"caption\":\"redazione\"},\"sameAs\":[\"http:\\\/\\\/www.bellunopress.it\",\"https:\\\/\\\/x.com\\\/bellunopress\"],\"url\":\"https:\\\/\\\/www.bellunopress.it\\\/fr\\\/author\\\/redazione\\\/\"}]}<\/script>\n<!-- \/ Yoast SEO plugin. -->","yoast_head_json":{"title":"Non c'\u00e8 stato alcun mobbing. La Corte d'Appello rovescia la sentenza del giudice del lavoro e accoglie il ricorso del Comune di Belluno - Bellunopress - Dolomiti","robots":{"index":"index","follow":"follow","max-snippet":"max-snippet:-1","max-image-preview":"max-image-preview:large","max-video-preview":"max-video-preview:-1"},"canonical":"https:\/\/www.bellunopress.it\/fr\/2020\/10\/27\/non-ce-stato-alcun-mobbing-la-corte-dappello-rovescia-la-sentenza-del-giudice-del-lavoro-e-accoglie-il-ricorso-del-comune-di-belluno\/","og_locale":"fr_FR","og_type":"article","og_title":"Non c'\u00e8 stato alcun mobbing. La Corte d'Appello rovescia la sentenza del giudice del lavoro e accoglie il ricorso del Comune di Belluno - Bellunopress - Dolomiti","og_description":"La Sezione Lavoro della Corte d&#8217;Appello di Venezia ha accolto il ricorso del Comune di Belluno contro la sentenza non definitiva del Tribunale di Belluno che aveva dichiarato il Comune responsabile di mobbing nei confronti di un ex dipendente. Nel 2019, il Giudice del lavoro del Tribunale di Belluno aveva infatti accolto la richiesta di [&hellip;]","og_url":"https:\/\/www.bellunopress.it\/fr\/2020\/10\/27\/non-ce-stato-alcun-mobbing-la-corte-dappello-rovescia-la-sentenza-del-giudice-del-lavoro-e-accoglie-il-ricorso-del-comune-di-belluno\/","og_site_name":"Bellunopress - Dolomiti","article_publisher":"https:\/\/www.facebook.com\/profile.php?id=100008943462799","article_published_time":"2020-10-27T12:45:07+00:00","og_image":[{"width":800,"height":563,"url":"https:\/\/www.bellunopress.it\/wp-content\/uploads\/2020\/04\/palazzo-rosso_edited.jpg","type":"image\/jpeg"}],"author":"redazione","twitter_card":"summary_large_image","twitter_creator":"@bellunopress","twitter_site":"@bellunopress","twitter_misc":{"\u00c9crit par":"redazione","Dur\u00e9e de lecture estim\u00e9e":"1 minute"},"schema":{"@context":"https:\/\/schema.org","@graph":[{"@type":"Article","@id":"https:\/\/www.bellunopress.it\/2020\/10\/27\/non-ce-stato-alcun-mobbing-la-corte-dappello-rovescia-la-sentenza-del-giudice-del-lavoro-e-accoglie-il-ricorso-del-comune-di-belluno\/#article","isPartOf":{"@id":"https:\/\/www.bellunopress.it\/2020\/10\/27\/non-ce-stato-alcun-mobbing-la-corte-dappello-rovescia-la-sentenza-del-giudice-del-lavoro-e-accoglie-il-ricorso-del-comune-di-belluno\/"},"author":{"name":"redazione","@id":"https:\/\/www.bellunopress.it\/#\/schema\/person\/79bb06722b37ece1c03d3e94beb30d73"},"headline":"Non c&#8217;\u00e8 stato alcun mobbing. La Corte d&#8217;Appello rovescia la sentenza del giudice del lavoro e accoglie il ricorso del Comune di Belluno","datePublished":"2020-10-27T12:45:07+00:00","mainEntityOfPage":{"@id":"https:\/\/www.bellunopress.it\/2020\/10\/27\/non-ce-stato-alcun-mobbing-la-corte-dappello-rovescia-la-sentenza-del-giudice-del-lavoro-e-accoglie-il-ricorso-del-comune-di-belluno\/"},"wordCount":161,"publisher":{"@id":"https:\/\/www.bellunopress.it\/#organization"},"image":{"@id":"https:\/\/www.bellunopress.it\/2020\/10\/27\/non-ce-stato-alcun-mobbing-la-corte-dappello-rovescia-la-sentenza-del-giudice-del-lavoro-e-accoglie-il-ricorso-del-comune-di-belluno\/#primaryimage"},"thumbnailUrl":"https:\/\/www.bellunopress.it\/wp-content\/uploads\/2020\/04\/palazzo-rosso_edited.jpg","articleSection":["Lavoro, Economia, Turismo","Prima Pagina"],"inLanguage":"fr-FR"},{"@type":"WebPage","@id":"https:\/\/www.bellunopress.it\/2020\/10\/27\/non-ce-stato-alcun-mobbing-la-corte-dappello-rovescia-la-sentenza-del-giudice-del-lavoro-e-accoglie-il-ricorso-del-comune-di-belluno\/","url":"https:\/\/www.bellunopress.it\/2020\/10\/27\/non-ce-stato-alcun-mobbing-la-corte-dappello-rovescia-la-sentenza-del-giudice-del-lavoro-e-accoglie-il-ricorso-del-comune-di-belluno\/","name":"Non c'\u00e8 stato alcun mobbing. La Corte d'Appello rovescia la sentenza del giudice del lavoro e accoglie il ricorso del Comune di Belluno - Bellunopress - Dolomiti","isPartOf":{"@id":"https:\/\/www.bellunopress.it\/#website"},"primaryImageOfPage":{"@id":"https:\/\/www.bellunopress.it\/2020\/10\/27\/non-ce-stato-alcun-mobbing-la-corte-dappello-rovescia-la-sentenza-del-giudice-del-lavoro-e-accoglie-il-ricorso-del-comune-di-belluno\/#primaryimage"},"image":{"@id":"https:\/\/www.bellunopress.it\/2020\/10\/27\/non-ce-stato-alcun-mobbing-la-corte-dappello-rovescia-la-sentenza-del-giudice-del-lavoro-e-accoglie-il-ricorso-del-comune-di-belluno\/#primaryimage"},"thumbnailUrl":"https:\/\/www.bellunopress.it\/wp-content\/uploads\/2020\/04\/palazzo-rosso_edited.jpg","datePublished":"2020-10-27T12:45:07+00:00","breadcrumb":{"@id":"https:\/\/www.bellunopress.it\/2020\/10\/27\/non-ce-stato-alcun-mobbing-la-corte-dappello-rovescia-la-sentenza-del-giudice-del-lavoro-e-accoglie-il-ricorso-del-comune-di-belluno\/#breadcrumb"},"inLanguage":"fr-FR","potentialAction":[{"@type":"ReadAction","target":["https:\/\/www.bellunopress.it\/2020\/10\/27\/non-ce-stato-alcun-mobbing-la-corte-dappello-rovescia-la-sentenza-del-giudice-del-lavoro-e-accoglie-il-ricorso-del-comune-di-belluno\/"]}]},{"@type":"ImageObject","inLanguage":"fr-FR","@id":"https:\/\/www.bellunopress.it\/2020\/10\/27\/non-ce-stato-alcun-mobbing-la-corte-dappello-rovescia-la-sentenza-del-giudice-del-lavoro-e-accoglie-il-ricorso-del-comune-di-belluno\/#primaryimage","url":"https:\/\/www.bellunopress.it\/wp-content\/uploads\/2020\/04\/palazzo-rosso_edited.jpg","contentUrl":"https:\/\/www.bellunopress.it\/wp-content\/uploads\/2020\/04\/palazzo-rosso_edited.jpg","width":800,"height":563,"caption":"Palazzo Rosso, sede dell'amministrazione comunale di Belluno"},{"@type":"BreadcrumbList","@id":"https:\/\/www.bellunopress.it\/2020\/10\/27\/non-ce-stato-alcun-mobbing-la-corte-dappello-rovescia-la-sentenza-del-giudice-del-lavoro-e-accoglie-il-ricorso-del-comune-di-belluno\/#breadcrumb","itemListElement":[{"@type":"ListItem","position":1,"name":"Home","item":"https:\/\/www.bellunopress.it\/"},{"@type":"ListItem","position":2,"name":"Non c&#8217;\u00e8 stato alcun mobbing. La Corte d&#8217;Appello rovescia la sentenza del giudice del lavoro e accoglie il ricorso del Comune di Belluno"}]},{"@type":"WebSite","@id":"https:\/\/www.bellunopress.it\/#website","url":"https:\/\/www.bellunopress.it\/","name":"Bellunopress - Dolomiti","description":"e-mail: redazione@bellunopress.it","publisher":{"@id":"https:\/\/www.bellunopress.it\/#organization"},"potentialAction":[{"@type":"SearchAction","target":{"@type":"EntryPoint","urlTemplate":"https:\/\/www.bellunopress.it\/?s={search_term_string}"},"query-input":{"@type":"PropertyValueSpecification","valueRequired":true,"valueName":"search_term_string"}}],"inLanguage":"fr-FR"},{"@type":"Organization","@id":"https:\/\/www.bellunopress.it\/#organization","name":"Bellunopress","url":"https:\/\/www.bellunopress.it\/","logo":{"@type":"ImageObject","inLanguage":"fr-FR","@id":"https:\/\/www.bellunopress.it\/#\/schema\/logo\/image\/","url":"https:\/\/www.bellunopress.it\/wp-content\/uploads\/2011\/05\/cropped-logo-bellunopress-.jpg","contentUrl":"https:\/\/www.bellunopress.it\/wp-content\/uploads\/2011\/05\/cropped-logo-bellunopress-.jpg","width":512,"height":512,"caption":"Bellunopress"},"image":{"@id":"https:\/\/www.bellunopress.it\/#\/schema\/logo\/image\/"},"sameAs":["https:\/\/www.facebook.com\/profile.php?id=100008943462799","https:\/\/x.com\/bellunopress","https:\/\/www.linkedin.com\/hp\/?dnr=JBzUWaJfMUw8vbXJJ2tVW5-I3jZKvC4wsoxE&amp;amp;amp;amp;amp;amp;trk=nav_responsive_tab_home","https:\/\/www.youtube.com\/channel\/UCxL0wu1uN0_3_7hGG0306cw"]},{"@type":"Person","@id":"https:\/\/www.bellunopress.it\/#\/schema\/person\/79bb06722b37ece1c03d3e94beb30d73","name":"r\u00e9daction","image":{"@type":"ImageObject","inLanguage":"fr-FR","@id":"https:\/\/secure.gravatar.com\/avatar\/37d968a2e67a6fd04c169c4bdef102d0bc5d31b2546345219e348575eb80e9a0?s=96&d=mm&r=g","url":"https:\/\/secure.gravatar.com\/avatar\/37d968a2e67a6fd04c169c4bdef102d0bc5d31b2546345219e348575eb80e9a0?s=96&d=mm&r=g","contentUrl":"https:\/\/secure.gravatar.com\/avatar\/37d968a2e67a6fd04c169c4bdef102d0bc5d31b2546345219e348575eb80e9a0?s=96&d=mm&r=g","caption":"redazione"},"sameAs":["http:\/\/www.bellunopress.it","https:\/\/x.com\/bellunopress"],"url":"https:\/\/www.bellunopress.it\/fr\/author\/redazione\/"}]}},"_links":{"self":[{"href":"https:\/\/www.bellunopress.it\/fr\/wp-json\/wp\/v2\/posts\/118865","targetHints":{"allow":["GET"]}}],"collection":[{"href":"https:\/\/www.bellunopress.it\/fr\/wp-json\/wp\/v2\/posts"}],"about":[{"href":"https:\/\/www.bellunopress.it\/fr\/wp-json\/wp\/v2\/types\/post"}],"author":[{"embeddable":true,"href":"https:\/\/www.bellunopress.it\/fr\/wp-json\/wp\/v2\/users\/2"}],"replies":[{"embeddable":true,"href":"https:\/\/www.bellunopress.it\/fr\/wp-json\/wp\/v2\/comments?post=118865"}],"version-history":[{"count":1,"href":"https:\/\/www.bellunopress.it\/fr\/wp-json\/wp\/v2\/posts\/118865\/revisions"}],"predecessor-version":[{"id":118866,"href":"https:\/\/www.bellunopress.it\/fr\/wp-json\/wp\/v2\/posts\/118865\/revisions\/118866"}],"wp:featuredmedia":[{"embeddable":true,"href":"https:\/\/www.bellunopress.it\/fr\/wp-json\/wp\/v2\/media\/113617"}],"wp:attachment":[{"href":"https:\/\/www.bellunopress.it\/fr\/wp-json\/wp\/v2\/media?parent=118865"}],"wp:term":[{"taxonomy":"category","embeddable":true,"href":"https:\/\/www.bellunopress.it\/fr\/wp-json\/wp\/v2\/categories?post=118865"},{"taxonomy":"post_tag","embeddable":true,"href":"https:\/\/www.bellunopress.it\/fr\/wp-json\/wp\/v2\/tags?post=118865"}],"curies":[{"name":"wp","href":"https:\/\/api.w.org\/{rel}","templated":true}]}}