{"id":11883,"date":"2010-01-26T14:42:51","date_gmt":"2010-01-26T13:42:51","guid":{"rendered":"http:\/\/www.bellunopress.it\/?p=11883"},"modified":"2010-01-26T14:46:30","modified_gmt":"2010-01-26T13:46:30","slug":"centralina-in-val-del-mis-il-direttore-martino-replica-%e2%80%9cho-solo-applicato-le-norme-%e2%80%9d","status":"publish","type":"post","link":"https:\/\/www.bellunopress.it\/fr\/2010\/01\/26\/centralina-in-val-del-mis-il-direttore-martino-replica-%e2%80%9cho-solo-applicato-le-norme-%e2%80%9d\/","title":{"rendered":"Centralina in Val del Mis: il Direttore Martino replica \u201cHo solo applicato le norme \u201d"},"content":{"rendered":"<p>In merito agli articoli apparsi sul Corriere delle Alpi domenica 24 gennaio e su Il Gazzettino marted\u00ec 26 gennaio, rispettivamente dal titolo \u201cIl Pd all\u2019attacco sulla centrale\u201d e \u201cCentralina, altol\u00e0 del Pd\u201d, l\u2019Ente Parco precisa che tutte le normative in materia ambientale sono state rispettate. \u201cMi si accusa \u2013 ha dichiarato il Direttore del Parco, Nino Martino \u2013 di essermi comportato in evidente contrasto con lo spirito e le norme dell\u2019Ente Parco: niente di pi\u00f9 falso\u201d. Per chiarire definitivamente la questione ricostruiamo in modo sintetico ma puntuale l\u2019intera vicenda: a. l\u2019Ente Parco riceve una richiesta di nulla osta per la realizzazione di una centralina idroelettrica in Valle del Mis. b. Il Direttore del Parco non concede il nulla osta perch\u00e9 il Piano del Parco (approvato con Legge) vieta le opere di derivazione idrica all\u2019interno del territorio protetto e proibisce la costruzione di nuovi edifici nelle zone \u201cB\u201d dell\u2019area protetta (e la Valle del Mis \u00e8 attualmente classificata come zona \u201cB\u201d). c. Il Consiglio Direttivo dell\u2019Ente Parco decide di applicare l\u2019articolo 16 &#8220;Prescrizioni per la tutela e il recupero ambientale&#8221;, delle norme di attuazione del vigente Piano del Parco. Questo articolo prevede che il Consiglio Direttivo (non il Direttore del Parco) possa autorizzare \u201cmodeste derivazioni idriche, da riservare esclusivamente agli apprestamenti che l&#8217;Ente Parco intenda favorire, promuovere, realizzare o destinare alle proprie finalit\u00e0 istituzionali\u201d. Queste derivazioni sono possibili solo &#8220;previa delibera del Consiglio Direttivo dell&#8217;Ente, formulata sulla base di una perizia tecnico-scientifica che attesti le caratteristiche paesaggistiche, floristiche, vegetazionali e faunistiche delle zone di presa e delle aree umide ad esse collegate, che dichiari gli effetti ambientali dell&#8217;intervento&#8221;. d. In base alla normativa sopra citata il Consiglio Direttivo del Parco, con Delibera n. 31 del 27.11.2008, ha ritenuto ammissibile la realizzazione dell\u2019impianto idroelettrico e autorizzato il Direttore ad esprimere, presso la Commissione Regionale V.I.A. il parere favorevole dell\u2019Ente Parco \u201ca condizione che, per salvaguardare l\u2019integrit\u00e0 ecosistemica del torrente nel tratto sotteso dall\u2019impianto, l\u2019opera di captazione sia dimensionata in modo di garantire il Deflusso Minimo Vitale aumentato del 50%.<br \/>\ne. Il Ministero per la Tutela dell\u2019Ambiente, del Territorio e del Mare approva la Delibera del Consiglio Direttivo.<br \/>\nf. Il Direttore, sulla base della Delibera di Consiglio e dell\u2019approvazione ministeriale, rilascia il proprio nulla osta al progetto. \u201cQuale Direttore dell\u2019Ente Parco &#8211; ha dichiarato il dottor Martino &#8211; sono chiamato ad applicare la normativa vigente, non a commentarla o ad interpretarla in base alle mie opinioni personali. Poich\u00e9 le precisazioni del Parco, su questa vicenda, sono gi\u00e0 state numerose e circostanziate non accetter\u00f2 pi\u00f9 ulteriori ingiustificati attacchi, soprattutto se fatti dalle pagine dei giornali, al mio operato quale Direttore del Parco in merito all\u2019iter di approvazione del progetto per la centralina in Val del Mis. Non esiter\u00f2 anzi a sporgere querela nei confronti di chiunque esprima accuse infondate nei miei confronti, contestando una procedura amministrativa che \u00e8 stata trasparente e inappuntabile, come dimostrano tutti gli atti depositati presso la sede dell\u2019Ente Parco. La Delibera n. 31 del 27.11.2008 \u00e8 stata presa in una riunione pubblica del Consiglio Direttivo, ampliamente commentata dalla stampa e pubblicata sul sito internet del Parco, come facciamo sempre, perch\u00e9 la trasparenza per noi, pi\u00f9 che un obbligo, \u00e8 una missione\u201d.<\/p>","protected":false},"excerpt":{"rendered":"<p>In merito agli articoli apparsi sul Corriere delle Alpi domenica 24 gennaio e su Il Gazzettino marted\u00ec 26 gennaio, rispettivamente dal titolo \u201cIl Pd all\u2019attacco sulla centrale\u201d e \u201cCentralina, altol\u00e0 del Pd\u201d, l\u2019Ente Parco precisa che tutte le normative in materia ambientale sono state rispettate. \u201cMi si accusa \u2013 ha dichiarato il Direttore del Parco, [&hellip;]<\/p>\n","protected":false},"author":2,"featured_media":0,"comment_status":"closed","ping_status":"open","sticky":false,"template":"","format":"standard","meta":{"footnotes":""},"categories":[5,38,26],"tags":[],"class_list":["post-11883","post","type-post","status-publish","format-standard","category-cronaca","category-natura-ambiente","category-prima-pagina"],"yoast_head":"<!-- This site is optimized with the Yoast SEO plugin v28.4 - https:\/\/yoast.com\/product\/yoast-seo-wordpress\/ -->\n<title>Centralina in Val del Mis: il Direttore Martino replica \u201cHo solo applicato le norme \u201d - Bellunopress - Dolomiti<\/title>\n<meta name=\"robots\" content=\"index, follow, max-snippet:-1, max-image-preview:large, max-video-preview:-1\" \/>\n<link rel=\"canonical\" href=\"https:\/\/www.bellunopress.it\/fr\/2010\/01\/26\/centralina-in-val-del-mis-il-direttore-martino-replica-\u201cho-solo-applicato-le-norme-\u201d\/\" \/>\n<meta property=\"og:locale\" content=\"fr_FR\" \/>\n<meta property=\"og:type\" content=\"article\" \/>\n<meta property=\"og:title\" content=\"Centralina in Val del Mis: il Direttore Martino replica \u201cHo solo applicato le norme \u201d - Bellunopress - Dolomiti\" \/>\n<meta property=\"og:description\" content=\"In merito agli articoli apparsi sul Corriere delle Alpi domenica 24 gennaio e su Il Gazzettino marted\u00ec 26 gennaio, rispettivamente dal titolo \u201cIl Pd all\u2019attacco sulla centrale\u201d e \u201cCentralina, altol\u00e0 del Pd\u201d, l\u2019Ente Parco precisa che tutte le normative in materia ambientale sono state rispettate. \u201cMi si accusa \u2013 ha dichiarato il Direttore del Parco, [&hellip;]\" \/>\n<meta property=\"og:url\" content=\"https:\/\/www.bellunopress.it\/fr\/2010\/01\/26\/centralina-in-val-del-mis-il-direttore-martino-replica-\u201cho-solo-applicato-le-norme-\u201d\/\" \/>\n<meta property=\"og:site_name\" content=\"Bellunopress - Dolomiti\" \/>\n<meta property=\"article:publisher\" content=\"https:\/\/www.facebook.com\/profile.php?id=100008943462799\" \/>\n<meta property=\"article:published_time\" content=\"2010-01-26T13:42:51+00:00\" \/>\n<meta property=\"article:modified_time\" content=\"2010-01-26T13:46:30+00:00\" \/>\n<meta property=\"og:image\" content=\"http:\/\/www.bellunopress.it\/wp-content\/uploads\/2012\/07\/logo-bellunopress-250x250-2012.jpg\" \/>\n<meta name=\"author\" content=\"redazione\" \/>\n<meta name=\"twitter:card\" content=\"summary_large_image\" \/>\n<meta name=\"twitter:creator\" content=\"@bellunopress\" \/>\n<meta name=\"twitter:site\" content=\"@bellunopress\" \/>\n<meta name=\"twitter:label1\" content=\"\u00c9crit par\" \/>\n\t<meta name=\"twitter:data1\" content=\"redazione\" \/>\n\t<meta name=\"twitter:label2\" content=\"Dur\u00e9e de lecture estim\u00e9e\" \/>\n\t<meta name=\"twitter:data2\" content=\"3 minutes\" \/>\n<script type=\"application\/ld+json\" class=\"yoast-schema-graph\">{\"@context\":\"https:\\\/\\\/schema.org\",\"@graph\":[{\"@type\":\"Article\",\"@id\":\"https:\\\/\\\/www.bellunopress.it\\\/2010\\\/01\\\/26\\\/centralina-in-val-del-mis-il-direttore-martino-replica-%e2%80%9cho-solo-applicato-le-norme-%e2%80%9d\\\/#article\",\"isPartOf\":{\"@id\":\"https:\\\/\\\/www.bellunopress.it\\\/2010\\\/01\\\/26\\\/centralina-in-val-del-mis-il-direttore-martino-replica-%e2%80%9cho-solo-applicato-le-norme-%e2%80%9d\\\/\"},\"author\":{\"name\":\"redazione\",\"@id\":\"https:\\\/\\\/www.bellunopress.it\\\/#\\\/schema\\\/person\\\/79bb06722b37ece1c03d3e94beb30d73\"},\"headline\":\"Centralina in Val del Mis: il Direttore Martino replica \u201cHo solo applicato le norme \u201d\",\"datePublished\":\"2010-01-26T13:42:51+00:00\",\"dateModified\":\"2010-01-26T13:46:30+00:00\",\"mainEntityOfPage\":{\"@id\":\"https:\\\/\\\/www.bellunopress.it\\\/2010\\\/01\\\/26\\\/centralina-in-val-del-mis-il-direttore-martino-replica-%e2%80%9cho-solo-applicato-le-norme-%e2%80%9d\\\/\"},\"wordCount\":555,\"publisher\":{\"@id\":\"https:\\\/\\\/www.bellunopress.it\\\/#organization\"},\"articleSection\":[\"Cronaca\\\/Politica\",\"Meteo, natura, ambiente, animali\",\"Prima Pagina\"],\"inLanguage\":\"fr-FR\"},{\"@type\":\"WebPage\",\"@id\":\"https:\\\/\\\/www.bellunopress.it\\\/2010\\\/01\\\/26\\\/centralina-in-val-del-mis-il-direttore-martino-replica-%e2%80%9cho-solo-applicato-le-norme-%e2%80%9d\\\/\",\"url\":\"https:\\\/\\\/www.bellunopress.it\\\/2010\\\/01\\\/26\\\/centralina-in-val-del-mis-il-direttore-martino-replica-%e2%80%9cho-solo-applicato-le-norme-%e2%80%9d\\\/\",\"name\":\"Centralina in Val del Mis: il Direttore Martino replica \u201cHo solo applicato le norme \u201d - Bellunopress - Dolomiti\",\"isPartOf\":{\"@id\":\"https:\\\/\\\/www.bellunopress.it\\\/#website\"},\"datePublished\":\"2010-01-26T13:42:51+00:00\",\"dateModified\":\"2010-01-26T13:46:30+00:00\",\"breadcrumb\":{\"@id\":\"https:\\\/\\\/www.bellunopress.it\\\/2010\\\/01\\\/26\\\/centralina-in-val-del-mis-il-direttore-martino-replica-%e2%80%9cho-solo-applicato-le-norme-%e2%80%9d\\\/#breadcrumb\"},\"inLanguage\":\"fr-FR\",\"potentialAction\":[{\"@type\":\"ReadAction\",\"target\":[\"https:\\\/\\\/www.bellunopress.it\\\/2010\\\/01\\\/26\\\/centralina-in-val-del-mis-il-direttore-martino-replica-%e2%80%9cho-solo-applicato-le-norme-%e2%80%9d\\\/\"]}]},{\"@type\":\"BreadcrumbList\",\"@id\":\"https:\\\/\\\/www.bellunopress.it\\\/2010\\\/01\\\/26\\\/centralina-in-val-del-mis-il-direttore-martino-replica-%e2%80%9cho-solo-applicato-le-norme-%e2%80%9d\\\/#breadcrumb\",\"itemListElement\":[{\"@type\":\"ListItem\",\"position\":1,\"name\":\"Home\",\"item\":\"https:\\\/\\\/www.bellunopress.it\\\/\"},{\"@type\":\"ListItem\",\"position\":2,\"name\":\"Centralina in Val del Mis: il Direttore Martino replica \u201cHo solo applicato le norme \u201d\"}]},{\"@type\":\"WebSite\",\"@id\":\"https:\\\/\\\/www.bellunopress.it\\\/#website\",\"url\":\"https:\\\/\\\/www.bellunopress.it\\\/\",\"name\":\"Bellunopress - Dolomiti\",\"description\":\"e-mail: redazione@bellunopress.it\",\"publisher\":{\"@id\":\"https:\\\/\\\/www.bellunopress.it\\\/#organization\"},\"potentialAction\":[{\"@type\":\"SearchAction\",\"target\":{\"@type\":\"EntryPoint\",\"urlTemplate\":\"https:\\\/\\\/www.bellunopress.it\\\/?s={search_term_string}\"},\"query-input\":{\"@type\":\"PropertyValueSpecification\",\"valueRequired\":true,\"valueName\":\"search_term_string\"}}],\"inLanguage\":\"fr-FR\"},{\"@type\":\"Organization\",\"@id\":\"https:\\\/\\\/www.bellunopress.it\\\/#organization\",\"name\":\"Bellunopress\",\"url\":\"https:\\\/\\\/www.bellunopress.it\\\/\",\"logo\":{\"@type\":\"ImageObject\",\"inLanguage\":\"fr-FR\",\"@id\":\"https:\\\/\\\/www.bellunopress.it\\\/#\\\/schema\\\/logo\\\/image\\\/\",\"url\":\"https:\\\/\\\/www.bellunopress.it\\\/wp-content\\\/uploads\\\/2011\\\/05\\\/cropped-logo-bellunopress-.jpg\",\"contentUrl\":\"https:\\\/\\\/www.bellunopress.it\\\/wp-content\\\/uploads\\\/2011\\\/05\\\/cropped-logo-bellunopress-.jpg\",\"width\":512,\"height\":512,\"caption\":\"Bellunopress\"},\"image\":{\"@id\":\"https:\\\/\\\/www.bellunopress.it\\\/#\\\/schema\\\/logo\\\/image\\\/\"},\"sameAs\":[\"https:\\\/\\\/www.facebook.com\\\/profile.php?id=100008943462799\",\"https:\\\/\\\/x.com\\\/bellunopress\",\"https:\\\/\\\/www.linkedin.com\\\/hp\\\/?dnr=JBzUWaJfMUw8vbXJJ2tVW5-I3jZKvC4wsoxE&amp;amp;amp;amp;amp;amp;trk=nav_responsive_tab_home\",\"https:\\\/\\\/www.youtube.com\\\/channel\\\/UCxL0wu1uN0_3_7hGG0306cw\"]},{\"@type\":\"Person\",\"@id\":\"https:\\\/\\\/www.bellunopress.it\\\/#\\\/schema\\\/person\\\/79bb06722b37ece1c03d3e94beb30d73\",\"name\":\"redazione\",\"image\":{\"@type\":\"ImageObject\",\"inLanguage\":\"fr-FR\",\"@id\":\"https:\\\/\\\/secure.gravatar.com\\\/avatar\\\/37d968a2e67a6fd04c169c4bdef102d0bc5d31b2546345219e348575eb80e9a0?s=96&d=mm&r=g\",\"url\":\"https:\\\/\\\/secure.gravatar.com\\\/avatar\\\/37d968a2e67a6fd04c169c4bdef102d0bc5d31b2546345219e348575eb80e9a0?s=96&d=mm&r=g\",\"contentUrl\":\"https:\\\/\\\/secure.gravatar.com\\\/avatar\\\/37d968a2e67a6fd04c169c4bdef102d0bc5d31b2546345219e348575eb80e9a0?s=96&d=mm&r=g\",\"caption\":\"redazione\"},\"sameAs\":[\"http:\\\/\\\/www.bellunopress.it\",\"https:\\\/\\\/x.com\\\/bellunopress\"],\"url\":\"https:\\\/\\\/www.bellunopress.it\\\/fr\\\/author\\\/redazione\\\/\"}]}<\/script>\n<!-- \/ Yoast SEO plugin. -->","yoast_head_json":{"title":"Centralina in Val del Mis: il Direttore Martino replica \u201cHo solo applicato le norme \u201d - Bellunopress - Dolomiti","robots":{"index":"index","follow":"follow","max-snippet":"max-snippet:-1","max-image-preview":"max-image-preview:large","max-video-preview":"max-video-preview:-1"},"canonical":"https:\/\/www.bellunopress.it\/fr\/2010\/01\/26\/centralina-in-val-del-mis-il-direttore-martino-replica-\u201cho-solo-applicato-le-norme-\u201d\/","og_locale":"fr_FR","og_type":"article","og_title":"Centralina in Val del Mis: il Direttore Martino replica \u201cHo solo applicato le norme \u201d - Bellunopress - Dolomiti","og_description":"In merito agli articoli apparsi sul Corriere delle Alpi domenica 24 gennaio e su Il Gazzettino marted\u00ec 26 gennaio, rispettivamente dal titolo \u201cIl Pd all\u2019attacco sulla centrale\u201d e \u201cCentralina, altol\u00e0 del Pd\u201d, l\u2019Ente Parco precisa che tutte le normative in materia ambientale sono state rispettate. \u201cMi si accusa \u2013 ha dichiarato il Direttore del Parco, [&hellip;]","og_url":"https:\/\/www.bellunopress.it\/fr\/2010\/01\/26\/centralina-in-val-del-mis-il-direttore-martino-replica-\u201cho-solo-applicato-le-norme-\u201d\/","og_site_name":"Bellunopress - Dolomiti","article_publisher":"https:\/\/www.facebook.com\/profile.php?id=100008943462799","article_published_time":"2010-01-26T13:42:51+00:00","article_modified_time":"2010-01-26T13:46:30+00:00","og_image":[{"url":"http:\/\/www.bellunopress.it\/wp-content\/uploads\/2012\/07\/logo-bellunopress-250x250-2012.jpg","type":"","width":"","height":""}],"author":"redazione","twitter_card":"summary_large_image","twitter_creator":"@bellunopress","twitter_site":"@bellunopress","twitter_misc":{"\u00c9crit par":"redazione","Dur\u00e9e de lecture estim\u00e9e":"3 minutes"},"schema":{"@context":"https:\/\/schema.org","@graph":[{"@type":"Article","@id":"https:\/\/www.bellunopress.it\/2010\/01\/26\/centralina-in-val-del-mis-il-direttore-martino-replica-%e2%80%9cho-solo-applicato-le-norme-%e2%80%9d\/#article","isPartOf":{"@id":"https:\/\/www.bellunopress.it\/2010\/01\/26\/centralina-in-val-del-mis-il-direttore-martino-replica-%e2%80%9cho-solo-applicato-le-norme-%e2%80%9d\/"},"author":{"name":"redazione","@id":"https:\/\/www.bellunopress.it\/#\/schema\/person\/79bb06722b37ece1c03d3e94beb30d73"},"headline":"Centralina in Val del Mis: il Direttore Martino replica \u201cHo solo applicato le norme \u201d","datePublished":"2010-01-26T13:42:51+00:00","dateModified":"2010-01-26T13:46:30+00:00","mainEntityOfPage":{"@id":"https:\/\/www.bellunopress.it\/2010\/01\/26\/centralina-in-val-del-mis-il-direttore-martino-replica-%e2%80%9cho-solo-applicato-le-norme-%e2%80%9d\/"},"wordCount":555,"publisher":{"@id":"https:\/\/www.bellunopress.it\/#organization"},"articleSection":["Cronaca\/Politica","Meteo, natura, ambiente, animali","Prima Pagina"],"inLanguage":"fr-FR"},{"@type":"WebPage","@id":"https:\/\/www.bellunopress.it\/2010\/01\/26\/centralina-in-val-del-mis-il-direttore-martino-replica-%e2%80%9cho-solo-applicato-le-norme-%e2%80%9d\/","url":"https:\/\/www.bellunopress.it\/2010\/01\/26\/centralina-in-val-del-mis-il-direttore-martino-replica-%e2%80%9cho-solo-applicato-le-norme-%e2%80%9d\/","name":"Centralina in Val del Mis: il Direttore Martino replica \u201cHo solo applicato le norme \u201d - Bellunopress - Dolomiti","isPartOf":{"@id":"https:\/\/www.bellunopress.it\/#website"},"datePublished":"2010-01-26T13:42:51+00:00","dateModified":"2010-01-26T13:46:30+00:00","breadcrumb":{"@id":"https:\/\/www.bellunopress.it\/2010\/01\/26\/centralina-in-val-del-mis-il-direttore-martino-replica-%e2%80%9cho-solo-applicato-le-norme-%e2%80%9d\/#breadcrumb"},"inLanguage":"fr-FR","potentialAction":[{"@type":"ReadAction","target":["https:\/\/www.bellunopress.it\/2010\/01\/26\/centralina-in-val-del-mis-il-direttore-martino-replica-%e2%80%9cho-solo-applicato-le-norme-%e2%80%9d\/"]}]},{"@type":"BreadcrumbList","@id":"https:\/\/www.bellunopress.it\/2010\/01\/26\/centralina-in-val-del-mis-il-direttore-martino-replica-%e2%80%9cho-solo-applicato-le-norme-%e2%80%9d\/#breadcrumb","itemListElement":[{"@type":"ListItem","position":1,"name":"Home","item":"https:\/\/www.bellunopress.it\/"},{"@type":"ListItem","position":2,"name":"Centralina in Val del Mis: il Direttore Martino replica \u201cHo solo applicato le norme \u201d"}]},{"@type":"WebSite","@id":"https:\/\/www.bellunopress.it\/#website","url":"https:\/\/www.bellunopress.it\/","name":"Bellunopress - Dolomiti","description":"e-mail: redazione@bellunopress.it","publisher":{"@id":"https:\/\/www.bellunopress.it\/#organization"},"potentialAction":[{"@type":"SearchAction","target":{"@type":"EntryPoint","urlTemplate":"https:\/\/www.bellunopress.it\/?s={search_term_string}"},"query-input":{"@type":"PropertyValueSpecification","valueRequired":true,"valueName":"search_term_string"}}],"inLanguage":"fr-FR"},{"@type":"Organization","@id":"https:\/\/www.bellunopress.it\/#organization","name":"Bellunopress","url":"https:\/\/www.bellunopress.it\/","logo":{"@type":"ImageObject","inLanguage":"fr-FR","@id":"https:\/\/www.bellunopress.it\/#\/schema\/logo\/image\/","url":"https:\/\/www.bellunopress.it\/wp-content\/uploads\/2011\/05\/cropped-logo-bellunopress-.jpg","contentUrl":"https:\/\/www.bellunopress.it\/wp-content\/uploads\/2011\/05\/cropped-logo-bellunopress-.jpg","width":512,"height":512,"caption":"Bellunopress"},"image":{"@id":"https:\/\/www.bellunopress.it\/#\/schema\/logo\/image\/"},"sameAs":["https:\/\/www.facebook.com\/profile.php?id=100008943462799","https:\/\/x.com\/bellunopress","https:\/\/www.linkedin.com\/hp\/?dnr=JBzUWaJfMUw8vbXJJ2tVW5-I3jZKvC4wsoxE&amp;amp;amp;amp;amp;amp;trk=nav_responsive_tab_home","https:\/\/www.youtube.com\/channel\/UCxL0wu1uN0_3_7hGG0306cw"]},{"@type":"Person","@id":"https:\/\/www.bellunopress.it\/#\/schema\/person\/79bb06722b37ece1c03d3e94beb30d73","name":"r\u00e9daction","image":{"@type":"ImageObject","inLanguage":"fr-FR","@id":"https:\/\/secure.gravatar.com\/avatar\/37d968a2e67a6fd04c169c4bdef102d0bc5d31b2546345219e348575eb80e9a0?s=96&d=mm&r=g","url":"https:\/\/secure.gravatar.com\/avatar\/37d968a2e67a6fd04c169c4bdef102d0bc5d31b2546345219e348575eb80e9a0?s=96&d=mm&r=g","contentUrl":"https:\/\/secure.gravatar.com\/avatar\/37d968a2e67a6fd04c169c4bdef102d0bc5d31b2546345219e348575eb80e9a0?s=96&d=mm&r=g","caption":"redazione"},"sameAs":["http:\/\/www.bellunopress.it","https:\/\/x.com\/bellunopress"],"url":"https:\/\/www.bellunopress.it\/fr\/author\/redazione\/"}]}},"_links":{"self":[{"href":"https:\/\/www.bellunopress.it\/fr\/wp-json\/wp\/v2\/posts\/11883","targetHints":{"allow":["GET"]}}],"collection":[{"href":"https:\/\/www.bellunopress.it\/fr\/wp-json\/wp\/v2\/posts"}],"about":[{"href":"https:\/\/www.bellunopress.it\/fr\/wp-json\/wp\/v2\/types\/post"}],"author":[{"embeddable":true,"href":"https:\/\/www.bellunopress.it\/fr\/wp-json\/wp\/v2\/users\/2"}],"replies":[{"embeddable":true,"href":"https:\/\/www.bellunopress.it\/fr\/wp-json\/wp\/v2\/comments?post=11883"}],"version-history":[{"count":2,"href":"https:\/\/www.bellunopress.it\/fr\/wp-json\/wp\/v2\/posts\/11883\/revisions"}],"predecessor-version":[{"id":11886,"href":"https:\/\/www.bellunopress.it\/fr\/wp-json\/wp\/v2\/posts\/11883\/revisions\/11886"}],"wp:attachment":[{"href":"https:\/\/www.bellunopress.it\/fr\/wp-json\/wp\/v2\/media?parent=11883"}],"wp:term":[{"taxonomy":"category","embeddable":true,"href":"https:\/\/www.bellunopress.it\/fr\/wp-json\/wp\/v2\/categories?post=11883"},{"taxonomy":"post_tag","embeddable":true,"href":"https:\/\/www.bellunopress.it\/fr\/wp-json\/wp\/v2\/tags?post=11883"}],"curies":[{"name":"wp","href":"https:\/\/api.w.org\/{rel}","templated":true}]}}