{"id":118809,"date":"2020-10-25T12:36:29","date_gmt":"2020-10-25T11:36:29","guid":{"rendered":"http:\/\/www.bellunopress.it\/?p=118809"},"modified":"2020-10-25T18:07:30","modified_gmt":"2020-10-25T17:07:30","slug":"dpcm-del-25-ottobre-2020-ecco-le-nuove-restrizioni-in-vigore-da-lunedi-al-24-novembre","status":"publish","type":"post","link":"https:\/\/www.bellunopress.it\/fr\/2020\/10\/25\/dpcm-del-25-ottobre-2020-ecco-le-nuove-restrizioni-in-vigore-da-lunedi-al-24-novembre\/","title":{"rendered":"Dpcm del 25 ottobre 2020, ecco le nuove restrizioni in vigore da luned\u00ec 26 ottobre al 24 novembre"},"content":{"rendered":"<figure id=\"attachment_112929\" aria-describedby=\"caption-attachment-112929\" style=\"width: 422px\" class=\"wp-caption alignleft\"><a href=\"http:\/\/www.bellunopress.it\/fr\/2020\/03\/11\/ulteriori-restrizioni-estese-a-tutta-italia-chiuse-tutte-le-attivita-commerciali-bar-ristoranti-mense-centri-estetici-parrucchieri\/giuseppe-conte-2\/\" rel=\"attachment wp-att-112929\"><img loading=\"lazy\" decoding=\"async\" class=\"size-full wp-image-112929\" src=\"http:\/\/www.bellunopress.it\/wp-content\/uploads\/2020\/03\/Giuseppe-Conte-1.jpg\" alt=\"\" width=\"422\" height=\"373\" \/><\/a><figcaption id=\"caption-attachment-112929\" class=\"wp-caption-text\">Giuseppe Conte, Presidente del Consiglio<\/figcaption><\/figure>\n<p>E&#8217; stato diffuso il testo definitivo del nuovo Decreto del presidente del Consiglio dei ministri del 25 ottobre 2020 che sar\u00e0 in vigore dal 26 ottobre al 24 novembre 2020<\/p>\n<p>Ecco in sintesi i punti principali (Qui il <a href=\"https:\/\/www.corriere.it\/cronache\/20_ottobre_25\/nuovo-dpcm-covid-25-ottobre-2020-testo-definitivo-a71e3102-16a4-11eb-b530-8ca6e758b252.shtml\">link<\/a> al testo integrale pubblicato dal Corriere.it)<\/p>\n<p><strong>COMPORTAMENTI INDIVIDUALI<\/strong><br \/>\n\u2705Obbligo sull&#8217;intero territorio nazionale di avere sempre con s\u00e9 dispositivi di protezione delle vie respiratorie e di indossarli nei luoghi al chiuso diversi dalle abitazioni private e in tutti i luoghi all&#8217;aperto a eccezione dei casi in cui sia garantito, in modo continuativo, il distanziamento da persone non conviventi.<br \/>\n\u2705Obbligo di mantenere una distanza di sicurezza interpersonale di almeno un metro.<br \/>\n\u2705\u00c8 fortemente raccomandato a tutte le persone fisiche di non spostarsi, con mezzi di trasporto pubblici o privati, in un comune diverso da quello di residenza, domicilio o abitazione, salvo che per comprovate esigenze lavorative, di studio, per motivi di salute, per situazioni di necessit\u00e0 o per svolgere attivit\u00e0 o usufruire di servizi non sospesi e non disponibili in tale comune.<br \/>\n\u2705I soggetti con infezione respiratoria caratterizzata da febbre (maggiore di 37,5\u00b0) devono rimanere presso il proprio domicilio, contattando il proprio medico curante.<br \/>\n\u2705E\u2019 imposto divieto agli accompagnatori dei pazienti di permanere nelle sale di attesa dei dipartimenti emergenze e accettazione e dei pronto soccorso.<\/p>\n<p><strong>ORDINANZE DI CHIUSURA<\/strong><br \/>\n\u2705Possibile chiusura delle strade o piazze nei centri urbani, dove si possono creare situazioni di assembramento, dopo le ore 21,00.<\/p>\n<p><strong>PARCHI PUBBLICI<\/strong><br \/>\n\u2705Consentito l&#8217;accesso del pubblico ai parchi, alle ville e ai giardini pubblici nel rigoroso rispetto del divieto di assembramento nonch\u00e9 della distanza di sicurezza interpersonale di almeno un metro.<br \/>\n\u2705Sospese le attivit\u00e0 dei parchi tematici.<br \/>\n\u2705Consentito svolgere attivit\u00e0 sportiva o attivit\u00e0 motoria all&#8217;aperto, anche presso aree attrezzate e parchi pubblici, ove accessibili, purch\u00e9 comunque nel rispetto della distanza di sicurezza interpersonale di almeno due metri per l&#8217;attivit\u00e0 sportiva e di almeno un metro per ogni altra attivit\u00e0.<\/p>\n<p><strong>COMPETIZIONI SPORTIVE<\/strong><br \/>\n\u2705Sospesi gli eventi e le competizioni sportive di ogni ordine e disciplina, svolti in ogni luogo, sia pubblico sia privato ad eccezione delle competizioni e delle sedute di allenamento degli atleti agonisti, riguardanti gli sport individuali e di squadra, riconosciuti dal CONI, dal CIP e dalle Federazioni.<\/p>\n<p><strong>IMPIANTI SCIISTICI<\/strong><br \/>\n\u2705Sono chiusi gli impianti nei comprensori sciistici; gli stessi possono essere utilizzati solo da parte di atleti professionisti e non professionisti, riconosciuti di interesse nazionale dal Comitato olimpico nazionale italiano (CONI), dal Comitato Italiano Paralimpico (CIP) e\/o dalle rispettive federazioni per permettere la preparazione finalizzata allo svolgimento di competizioni sportive nazionali ed internazionali o lo svolgimento di tali competizioni.<br \/>\n\u2705Gli impianti sono aperti agli sciatori amatoriali solo subordinatamente all&#8217;adozione di apposite linee guida da parte della Conferenza delle Regioni e delle Province autonome e validate dal Comitato tecnico-scientifico, rivolte ad evitare aggregazioni di persone e, in genere, assembramenti.<\/p>\n<p><strong>PALESTRE E PISCINE<\/strong><br \/>\n\u2705Sospese le attivit\u00e0 di palestre, piscine, centri natatori, centri benessere, centri termali, fatta eccezione per l\u2019erogazione delle prestazioni rientranti nei livelli essenziali di assistenza, nonch\u00e9 centri culturali, centri sociali e centri ricreativi. L&#8217;attivit\u00e0 sportiva di base e l&#8217;attivit\u00e0 motoria in genere svolte presso centri e circoli sportivi, pubblici e privati, sono consentite nel rispetto delle norme di distanziamento sociale e senza alcun assembramento.<\/p>\n<p><strong>MANIFESTAZIONI PUBBLICHE<\/strong><br \/>\n\u2705Consentito soltanto in forma statica lo svolgimento delle manifestazioni pubbliche, a condizione che siano osservate le distanze sociali prescritte e le altre misure di contenimento.<\/p>\n<p><strong>SALE GIOCHI<\/strong><br \/>\n\u2705Sospese le attivit\u00e0 di sale giochi, sale scommesse e sale bingo e casin\u00f2.<\/p>\n<p><strong>CINEMA, TEATRO, SPETTACOLI<\/strong><br \/>\n\u2705Sospesi gli spettacoli aperti al pubblico in sale teatrali, sale da concerto, sale cinematografiche e in altri spazi anche all&#8217;aperto.<\/p>\n<p><strong>SALE DA BALLO<\/strong><br \/>\n\u2705Sospese le attivit\u00e0 che abbiano luogo in sale da ballo e discoteche e locali assimilati, all&#8217;aperto o al chiuso.<\/p>\n<p><strong>FESTE<\/strong><br \/>\n\u2705Vietate le feste nei luoghi al chiuso e all\u2019aperto, ivi comprese quelle conseguenti alle cerimonie civili e religiose.<\/p>\n<p><strong>SAGRE E FIERE<\/strong><br \/>\n\u2705Vietate le sagre, le fiere e gli altri analoghi eventi ad eccezione di quelle di carattere nazionale ed internazionale nel rispetto di protocolli di sicurezza.<\/p>\n<p><strong>CONVEGNI<\/strong><br \/>\n\u2705Sospesi i convegni, i congressi e gli altri eventi, ad eccezione di quelli che si svolgono con modalit\u00e0 a distanza.<\/p>\n<p><strong>CERIMONIE PUBBLICHE<\/strong><br \/>\n\u2705Le cerimonie pubbliche si svolgono nel rispetto dei protocolli e linee guida vigenti e in assenza di pubblico.<\/p>\n<p><strong>PUBBLICHE AMMINISTRAZIONI<\/strong><br \/>\n\u2705Le riunioni nell&#8217;ambito delle pubbliche amministrazioni si svolgono in modalit\u00e0 a distanza, salvo la sussistenza di motivate ragioni.<br \/>\n\u2705Nel predisporre le misure necessarie a garantire la progressiva riapertura di tutti gli uffici pubblici e il rientro in sicurezza dei propri, le pubbliche amministrazioni assicurano il rispetto delle prescrizioni vigenti in materia di tutela della salute adottate dalle competenti autorit\u00e0.<br \/>\n\u2705Nelle pubbliche amministrazioni \u00e8 incentivato il lavoro agile con le modalit\u00e0 stabilite da uno o pi\u00f9 decreti del Ministro della pubblica amministrazione, garantendo almeno la percentuale del 50%.<br \/>\n\u2705Le pubbliche amministrazione dispongono una differenziazione dell\u2019orario di ingresso del personale, fatto salvo il personale sanitario e socio sanitario, nonch\u00e9 quello impegnato in attivit\u00e0 connessa all\u2019emergenza o in servizi pubblici essenziali.<\/p>\n<p><strong>LUOGHI DI CULTO<\/strong><br \/>\n\u2705Consentito l&#8217;accesso ai luoghi di culto con misure organizzative tali da evitare assembramenti di persone e il distanziamento; le funzioni religiose con la partecipazione di persone si svolgono nel rispetto dei protocolli sottoscritti dal Governo e dalle rispettive confessioni.<\/p>\n<p><strong>MUSEI<\/strong><br \/>\n\u2705Consentito l\u2019accesso ai musei culto con misure organizzative tali da evitare assembramenti di persone e il distanziamento.<\/p>\n<p><strong>SCUOLE<\/strong><br \/>\n\u2705L\u2019attivit\u00e0 didattica ed educativa per il primo ciclo di istruzione e per i servizi educativi per l\u2019infanzia continua a svolgersi in presenza.<br \/>\n\u2705Le istituzioni scolastiche secondarie di secondo grado adottano forme flessibili nell&#8217;organizzazione dell&#8217;attivit\u00e0 didattica, incrementando il ricorso alla didattica digitale integrata, per una quota pari al 75 per cento delle attivit\u00e0 , modulando ulteriormente la gestione degli orari di ingresso e di uscita degli alunni, anche attraverso l&#8217;eventuale utilizzo di turni pomeridiani e disponendo che l&#8217;ingresso non avvenga in ogni caso prima delle 9,00.<br \/>\n\u2705E\u2019 promosso lo svolgimento periodico delle riunioni di coordinamento regionale e locale previste nel Documento per la pianificazione delle attivit\u00e0 scolastiche, educative e formative in tutte le Istituzioni del Sistema nazionale di Istruzione per l&#8217;anno scolastico 2020\/2021 (cd. &#8220;Piano scuola&#8221;), adottato con D.M. 26 giugno 2020, n. 39.<br \/>\n\u2705Sospesi i viaggi d&#8217;istruzione, le iniziative di scambio o gemellaggio, le visite guidate e le uscite didattiche comunque denominate, programmate dalle istituzioni scolastiche di ogni ordine e grado.<\/p>\n<p><strong>UNIVERSITA\u2019<\/strong><br \/>\n\u2705Le Universit\u00e0 predispongono, in base all&#8217;andamento del quadro epidemiologico, piani di organizzazione della didattica e delle attivit\u00e0 curriculari in presenza e a distanza in funzione delle esigenze formative tenendo conto dell&#8217;evoluzione del quadro pandemico territoriale e delle corrispondenti esigenze di sicurezza sanitaria ed, in ogni caso, nel rispetto delle linee guida del Ministero dell\u2019universit\u00e0 e della ricerca.<\/p>\n<p><strong>CONCORSI PUBBLICI<\/strong><br \/>\n\u2705Sospeso lo svolgimento delle procedure concorsuali pubbliche e private e di quelle di abilitazione all\u2019esercizio delle professioni, ad esclusione dei casi in cui la valutazione dei candidati sia effettuata esclusivamente su basi curriculari o in maniera telematica, ovvero in cui la commissione ritenga di poter procedere alla correzione delle prove scritte con collegamento da remoto.<br \/>\n\u2705Sono fatte salve le procedure in corso, quelle per le quali esistono specifici protocolli organizzativi validati dal Comitato tecnico scientifico e quelle gi\u00e0 bandite che si dotino del suddetto protocollo.<\/p>\n<p><strong>ATTIVITA\u2019 COMMERCIALI<\/strong><br \/>\n\u2705Le attivit\u00e0 commerciali al dettaglio si svolgono a condizione che sia assicurato, oltre alla distanza interpersonale di almeno un metro, che gli ingressi avvengano in modo dilazionato e che venga impedito di sostare all&#8217;interno dei locali pi\u00f9 del tempo necessario all&#8217;acquisto dei beni.<\/p>\n<p><strong>BAR E RISTORANTI<\/strong><br \/>\n\u2705Le attivit\u00e0 dei servizi di ristorazione (fra cui bar, pub, ristoranti, gelaterie, pasticcerie) sono consentite dalle ore 5.00 fino alle 18.00.<br \/>\n\u2705Il consumo al tavolo \u00e8 consentito per un massimo di quattro persone per tavolo, salvo che siano tutti conviventi.<br \/>\n\u2705Dopo le ore 18,00 \u00e8 vietato il consumo di cibi e bevande nei luoghi pubblici e aperti al pubblico.<br \/>\n\u2705E&#8217; consentita senza limiti di orario la ristorazione negli alberghi e in altre strutture ricettive limitatamente ai propri clienti<br \/>\n\u2705E&#8217; sempre consentita la ristorazione con consegna a domicilio nel rispetto delle norme igienico-sanitarie sia per l\u2019attivit\u00e0 di confezionamento che di trasporto, nonch\u00e9 fino alle ore 24,00 la ristorazione con asporto, con divieto di consumazione sul posto o nelle adiacenze.<\/p>\n<p><strong>SERVIZI ALLA PERSONA<\/strong><br \/>\n\u2705Consentite le attivit\u00e0 inerenti ai servizi alla persona nel rispetto dei protocolli vigenti, i servizi bancari, finanziari, assicurativi nonch\u00e9 l&#8217;attivit\u00e0 del settore agricolo, zootecnico di trasformazione agro-alimentare comprese le filiere che ne forniscono beni e servizi.<\/p>\n<p><strong>STRUTTURE RICETTIVE<\/strong><br \/>\n\u2705Consentite le attivit\u00e0 delle strutture ricettive a condizione che sia assicurato il mantenimento del distanziamento sociale, garantendo comunque la distanza interpersonale di sicurezza di un metro negli spazi comuni, nel rispetto dei protocolli e delle linee guida.<\/p>","protected":false},"excerpt":{"rendered":"<p>E&#8217; stato diffuso il testo definitivo del nuovo Decreto del presidente del Consiglio dei ministri del 25 ottobre 2020 che sar\u00e0 in vigore dal 26 ottobre al 24 novembre 2020 Ecco in sintesi i punti principali (Qui il link al testo integrale pubblicato dal Corriere.it) COMPORTAMENTI INDIVIDUALI \u2705Obbligo sull&#8217;intero territorio nazionale di avere sempre con [&hellip;]<\/p>\n","protected":false},"author":2,"featured_media":112929,"comment_status":"closed","ping_status":"open","sticky":false,"template":"","format":"standard","meta":{"footnotes":""},"categories":[5,3446,8],"tags":[],"class_list":["post-118809","post","type-post","status-publish","format-standard","has-post-thumbnail","category-cronaca","category-featured","category-societa-istituzioni"],"yoast_head":"<!-- This site is optimized with the Yoast SEO plugin v28.4 - https:\/\/yoast.com\/product\/yoast-seo-wordpress\/ -->\n<title>Dpcm del 25 ottobre 2020, ecco le nuove restrizioni in vigore da luned\u00ec 26 ottobre al 24 novembre - Bellunopress - Dolomiti<\/title>\n<meta name=\"robots\" content=\"index, follow, max-snippet:-1, max-image-preview:large, max-video-preview:-1\" \/>\n<link rel=\"canonical\" href=\"https:\/\/www.bellunopress.it\/fr\/2020\/10\/25\/dpcm-del-25-ottobre-2020-ecco-le-nuove-restrizioni-in-vigore-da-lunedi-al-24-novembre\/\" \/>\n<meta property=\"og:locale\" content=\"fr_FR\" \/>\n<meta property=\"og:type\" content=\"article\" \/>\n<meta property=\"og:title\" content=\"Dpcm del 25 ottobre 2020, ecco le nuove restrizioni in vigore da luned\u00ec 26 ottobre al 24 novembre - Bellunopress - Dolomiti\" \/>\n<meta property=\"og:description\" content=\"E&#8217; stato diffuso il testo definitivo del nuovo Decreto del presidente del Consiglio dei ministri del 25 ottobre 2020 che sar\u00e0 in vigore dal 26 ottobre al 24 novembre 2020 Ecco in sintesi i punti principali (Qui il link al testo integrale pubblicato dal Corriere.it) COMPORTAMENTI INDIVIDUALI \u2705Obbligo sull&#8217;intero territorio nazionale di avere sempre con [&hellip;]\" \/>\n<meta property=\"og:url\" content=\"https:\/\/www.bellunopress.it\/fr\/2020\/10\/25\/dpcm-del-25-ottobre-2020-ecco-le-nuove-restrizioni-in-vigore-da-lunedi-al-24-novembre\/\" \/>\n<meta property=\"og:site_name\" content=\"Bellunopress - Dolomiti\" \/>\n<meta property=\"article:publisher\" content=\"https:\/\/www.facebook.com\/profile.php?id=100008943462799\" \/>\n<meta property=\"article:published_time\" content=\"2020-10-25T11:36:29+00:00\" \/>\n<meta property=\"article:modified_time\" content=\"2020-10-25T17:07:30+00:00\" \/>\n<meta property=\"og:image\" content=\"https:\/\/www.bellunopress.it\/wp-content\/uploads\/2020\/03\/Giuseppe-Conte-1.jpg\" \/>\n\t<meta property=\"og:image:width\" content=\"422\" \/>\n\t<meta property=\"og:image:height\" content=\"373\" \/>\n\t<meta property=\"og:image:type\" content=\"image\/jpeg\" \/>\n<meta name=\"author\" content=\"redazione\" \/>\n<meta name=\"twitter:card\" content=\"summary_large_image\" \/>\n<meta name=\"twitter:creator\" content=\"@bellunopress\" \/>\n<meta name=\"twitter:site\" content=\"@bellunopress\" \/>\n<meta name=\"twitter:label1\" content=\"\u00c9crit par\" \/>\n\t<meta name=\"twitter:data1\" content=\"redazione\" \/>\n\t<meta name=\"twitter:label2\" content=\"Dur\u00e9e de lecture estim\u00e9e\" \/>\n\t<meta name=\"twitter:data2\" content=\"7 minutes\" \/>\n<script type=\"application\/ld+json\" class=\"yoast-schema-graph\">{\"@context\":\"https:\\\/\\\/schema.org\",\"@graph\":[{\"@type\":\"Article\",\"@id\":\"https:\\\/\\\/www.bellunopress.it\\\/2020\\\/10\\\/25\\\/dpcm-del-25-ottobre-2020-ecco-le-nuove-restrizioni-in-vigore-da-lunedi-al-24-novembre\\\/#article\",\"isPartOf\":{\"@id\":\"https:\\\/\\\/www.bellunopress.it\\\/2020\\\/10\\\/25\\\/dpcm-del-25-ottobre-2020-ecco-le-nuove-restrizioni-in-vigore-da-lunedi-al-24-novembre\\\/\"},\"author\":{\"name\":\"redazione\",\"@id\":\"https:\\\/\\\/www.bellunopress.it\\\/#\\\/schema\\\/person\\\/79bb06722b37ece1c03d3e94beb30d73\"},\"headline\":\"Dpcm del 25 ottobre 2020, ecco le nuove restrizioni in vigore da luned\u00ec 26 ottobre al 24 novembre\",\"datePublished\":\"2020-10-25T11:36:29+00:00\",\"dateModified\":\"2020-10-25T17:07:30+00:00\",\"mainEntityOfPage\":{\"@id\":\"https:\\\/\\\/www.bellunopress.it\\\/2020\\\/10\\\/25\\\/dpcm-del-25-ottobre-2020-ecco-le-nuove-restrizioni-in-vigore-da-lunedi-al-24-novembre\\\/\"},\"wordCount\":1475,\"publisher\":{\"@id\":\"https:\\\/\\\/www.bellunopress.it\\\/#organization\"},\"image\":{\"@id\":\"https:\\\/\\\/www.bellunopress.it\\\/2020\\\/10\\\/25\\\/dpcm-del-25-ottobre-2020-ecco-le-nuove-restrizioni-in-vigore-da-lunedi-al-24-novembre\\\/#primaryimage\"},\"thumbnailUrl\":\"https:\\\/\\\/www.bellunopress.it\\\/wp-content\\\/uploads\\\/2020\\\/03\\\/Giuseppe-Conte-1.jpg\",\"articleSection\":[\"Cronaca\\\/Politica\",\"Featured\",\"Societ\u00e0, Associazioni, Istituzioni\"],\"inLanguage\":\"fr-FR\"},{\"@type\":\"WebPage\",\"@id\":\"https:\\\/\\\/www.bellunopress.it\\\/2020\\\/10\\\/25\\\/dpcm-del-25-ottobre-2020-ecco-le-nuove-restrizioni-in-vigore-da-lunedi-al-24-novembre\\\/\",\"url\":\"https:\\\/\\\/www.bellunopress.it\\\/2020\\\/10\\\/25\\\/dpcm-del-25-ottobre-2020-ecco-le-nuove-restrizioni-in-vigore-da-lunedi-al-24-novembre\\\/\",\"name\":\"Dpcm del 25 ottobre 2020, ecco le nuove restrizioni in vigore da luned\u00ec 26 ottobre al 24 novembre - Bellunopress - Dolomiti\",\"isPartOf\":{\"@id\":\"https:\\\/\\\/www.bellunopress.it\\\/#website\"},\"primaryImageOfPage\":{\"@id\":\"https:\\\/\\\/www.bellunopress.it\\\/2020\\\/10\\\/25\\\/dpcm-del-25-ottobre-2020-ecco-le-nuove-restrizioni-in-vigore-da-lunedi-al-24-novembre\\\/#primaryimage\"},\"image\":{\"@id\":\"https:\\\/\\\/www.bellunopress.it\\\/2020\\\/10\\\/25\\\/dpcm-del-25-ottobre-2020-ecco-le-nuove-restrizioni-in-vigore-da-lunedi-al-24-novembre\\\/#primaryimage\"},\"thumbnailUrl\":\"https:\\\/\\\/www.bellunopress.it\\\/wp-content\\\/uploads\\\/2020\\\/03\\\/Giuseppe-Conte-1.jpg\",\"datePublished\":\"2020-10-25T11:36:29+00:00\",\"dateModified\":\"2020-10-25T17:07:30+00:00\",\"breadcrumb\":{\"@id\":\"https:\\\/\\\/www.bellunopress.it\\\/2020\\\/10\\\/25\\\/dpcm-del-25-ottobre-2020-ecco-le-nuove-restrizioni-in-vigore-da-lunedi-al-24-novembre\\\/#breadcrumb\"},\"inLanguage\":\"fr-FR\",\"potentialAction\":[{\"@type\":\"ReadAction\",\"target\":[\"https:\\\/\\\/www.bellunopress.it\\\/2020\\\/10\\\/25\\\/dpcm-del-25-ottobre-2020-ecco-le-nuove-restrizioni-in-vigore-da-lunedi-al-24-novembre\\\/\"]}]},{\"@type\":\"ImageObject\",\"inLanguage\":\"fr-FR\",\"@id\":\"https:\\\/\\\/www.bellunopress.it\\\/2020\\\/10\\\/25\\\/dpcm-del-25-ottobre-2020-ecco-le-nuove-restrizioni-in-vigore-da-lunedi-al-24-novembre\\\/#primaryimage\",\"url\":\"https:\\\/\\\/www.bellunopress.it\\\/wp-content\\\/uploads\\\/2020\\\/03\\\/Giuseppe-Conte-1.jpg\",\"contentUrl\":\"https:\\\/\\\/www.bellunopress.it\\\/wp-content\\\/uploads\\\/2020\\\/03\\\/Giuseppe-Conte-1.jpg\",\"width\":422,\"height\":373,\"caption\":\"Giuseppe Conte, Presidente del Consiglio\"},{\"@type\":\"BreadcrumbList\",\"@id\":\"https:\\\/\\\/www.bellunopress.it\\\/2020\\\/10\\\/25\\\/dpcm-del-25-ottobre-2020-ecco-le-nuove-restrizioni-in-vigore-da-lunedi-al-24-novembre\\\/#breadcrumb\",\"itemListElement\":[{\"@type\":\"ListItem\",\"position\":1,\"name\":\"Home\",\"item\":\"https:\\\/\\\/www.bellunopress.it\\\/\"},{\"@type\":\"ListItem\",\"position\":2,\"name\":\"Dpcm del 25 ottobre 2020, ecco le nuove restrizioni in vigore da luned\u00ec 26 ottobre al 24 novembre\"}]},{\"@type\":\"WebSite\",\"@id\":\"https:\\\/\\\/www.bellunopress.it\\\/#website\",\"url\":\"https:\\\/\\\/www.bellunopress.it\\\/\",\"name\":\"Bellunopress - Dolomiti\",\"description\":\"e-mail: redazione@bellunopress.it\",\"publisher\":{\"@id\":\"https:\\\/\\\/www.bellunopress.it\\\/#organization\"},\"potentialAction\":[{\"@type\":\"SearchAction\",\"target\":{\"@type\":\"EntryPoint\",\"urlTemplate\":\"https:\\\/\\\/www.bellunopress.it\\\/?s={search_term_string}\"},\"query-input\":{\"@type\":\"PropertyValueSpecification\",\"valueRequired\":true,\"valueName\":\"search_term_string\"}}],\"inLanguage\":\"fr-FR\"},{\"@type\":\"Organization\",\"@id\":\"https:\\\/\\\/www.bellunopress.it\\\/#organization\",\"name\":\"Bellunopress\",\"url\":\"https:\\\/\\\/www.bellunopress.it\\\/\",\"logo\":{\"@type\":\"ImageObject\",\"inLanguage\":\"fr-FR\",\"@id\":\"https:\\\/\\\/www.bellunopress.it\\\/#\\\/schema\\\/logo\\\/image\\\/\",\"url\":\"https:\\\/\\\/www.bellunopress.it\\\/wp-content\\\/uploads\\\/2011\\\/05\\\/cropped-logo-bellunopress-.jpg\",\"contentUrl\":\"https:\\\/\\\/www.bellunopress.it\\\/wp-content\\\/uploads\\\/2011\\\/05\\\/cropped-logo-bellunopress-.jpg\",\"width\":512,\"height\":512,\"caption\":\"Bellunopress\"},\"image\":{\"@id\":\"https:\\\/\\\/www.bellunopress.it\\\/#\\\/schema\\\/logo\\\/image\\\/\"},\"sameAs\":[\"https:\\\/\\\/www.facebook.com\\\/profile.php?id=100008943462799\",\"https:\\\/\\\/x.com\\\/bellunopress\",\"https:\\\/\\\/www.linkedin.com\\\/hp\\\/?dnr=JBzUWaJfMUw8vbXJJ2tVW5-I3jZKvC4wsoxE&amp;amp;amp;amp;amp;amp;trk=nav_responsive_tab_home\",\"https:\\\/\\\/www.youtube.com\\\/channel\\\/UCxL0wu1uN0_3_7hGG0306cw\"]},{\"@type\":\"Person\",\"@id\":\"https:\\\/\\\/www.bellunopress.it\\\/#\\\/schema\\\/person\\\/79bb06722b37ece1c03d3e94beb30d73\",\"name\":\"redazione\",\"image\":{\"@type\":\"ImageObject\",\"inLanguage\":\"fr-FR\",\"@id\":\"https:\\\/\\\/secure.gravatar.com\\\/avatar\\\/37d968a2e67a6fd04c169c4bdef102d0bc5d31b2546345219e348575eb80e9a0?s=96&d=mm&r=g\",\"url\":\"https:\\\/\\\/secure.gravatar.com\\\/avatar\\\/37d968a2e67a6fd04c169c4bdef102d0bc5d31b2546345219e348575eb80e9a0?s=96&d=mm&r=g\",\"contentUrl\":\"https:\\\/\\\/secure.gravatar.com\\\/avatar\\\/37d968a2e67a6fd04c169c4bdef102d0bc5d31b2546345219e348575eb80e9a0?s=96&d=mm&r=g\",\"caption\":\"redazione\"},\"sameAs\":[\"http:\\\/\\\/www.bellunopress.it\",\"https:\\\/\\\/x.com\\\/bellunopress\"],\"url\":\"https:\\\/\\\/www.bellunopress.it\\\/fr\\\/author\\\/redazione\\\/\"}]}<\/script>\n<!-- \/ Yoast SEO plugin. -->","yoast_head_json":{"title":"Dpcm del 25 ottobre 2020, ecco le nuove restrizioni in vigore da luned\u00ec 26 ottobre al 24 novembre - Bellunopress - Dolomiti","robots":{"index":"index","follow":"follow","max-snippet":"max-snippet:-1","max-image-preview":"max-image-preview:large","max-video-preview":"max-video-preview:-1"},"canonical":"https:\/\/www.bellunopress.it\/fr\/2020\/10\/25\/dpcm-del-25-ottobre-2020-ecco-le-nuove-restrizioni-in-vigore-da-lunedi-al-24-novembre\/","og_locale":"fr_FR","og_type":"article","og_title":"Dpcm del 25 ottobre 2020, ecco le nuove restrizioni in vigore da luned\u00ec 26 ottobre al 24 novembre - Bellunopress - Dolomiti","og_description":"E&#8217; stato diffuso il testo definitivo del nuovo Decreto del presidente del Consiglio dei ministri del 25 ottobre 2020 che sar\u00e0 in vigore dal 26 ottobre al 24 novembre 2020 Ecco in sintesi i punti principali (Qui il link al testo integrale pubblicato dal Corriere.it) COMPORTAMENTI INDIVIDUALI \u2705Obbligo sull&#8217;intero territorio nazionale di avere sempre con [&hellip;]","og_url":"https:\/\/www.bellunopress.it\/fr\/2020\/10\/25\/dpcm-del-25-ottobre-2020-ecco-le-nuove-restrizioni-in-vigore-da-lunedi-al-24-novembre\/","og_site_name":"Bellunopress - Dolomiti","article_publisher":"https:\/\/www.facebook.com\/profile.php?id=100008943462799","article_published_time":"2020-10-25T11:36:29+00:00","article_modified_time":"2020-10-25T17:07:30+00:00","og_image":[{"width":422,"height":373,"url":"https:\/\/www.bellunopress.it\/wp-content\/uploads\/2020\/03\/Giuseppe-Conte-1.jpg","type":"image\/jpeg"}],"author":"redazione","twitter_card":"summary_large_image","twitter_creator":"@bellunopress","twitter_site":"@bellunopress","twitter_misc":{"\u00c9crit par":"redazione","Dur\u00e9e de lecture estim\u00e9e":"7 minutes"},"schema":{"@context":"https:\/\/schema.org","@graph":[{"@type":"Article","@id":"https:\/\/www.bellunopress.it\/2020\/10\/25\/dpcm-del-25-ottobre-2020-ecco-le-nuove-restrizioni-in-vigore-da-lunedi-al-24-novembre\/#article","isPartOf":{"@id":"https:\/\/www.bellunopress.it\/2020\/10\/25\/dpcm-del-25-ottobre-2020-ecco-le-nuove-restrizioni-in-vigore-da-lunedi-al-24-novembre\/"},"author":{"name":"redazione","@id":"https:\/\/www.bellunopress.it\/#\/schema\/person\/79bb06722b37ece1c03d3e94beb30d73"},"headline":"Dpcm del 25 ottobre 2020, ecco le nuove restrizioni in vigore da luned\u00ec 26 ottobre al 24 novembre","datePublished":"2020-10-25T11:36:29+00:00","dateModified":"2020-10-25T17:07:30+00:00","mainEntityOfPage":{"@id":"https:\/\/www.bellunopress.it\/2020\/10\/25\/dpcm-del-25-ottobre-2020-ecco-le-nuove-restrizioni-in-vigore-da-lunedi-al-24-novembre\/"},"wordCount":1475,"publisher":{"@id":"https:\/\/www.bellunopress.it\/#organization"},"image":{"@id":"https:\/\/www.bellunopress.it\/2020\/10\/25\/dpcm-del-25-ottobre-2020-ecco-le-nuove-restrizioni-in-vigore-da-lunedi-al-24-novembre\/#primaryimage"},"thumbnailUrl":"https:\/\/www.bellunopress.it\/wp-content\/uploads\/2020\/03\/Giuseppe-Conte-1.jpg","articleSection":["Cronaca\/Politica","Featured","Societ\u00e0, Associazioni, Istituzioni"],"inLanguage":"fr-FR"},{"@type":"WebPage","@id":"https:\/\/www.bellunopress.it\/2020\/10\/25\/dpcm-del-25-ottobre-2020-ecco-le-nuove-restrizioni-in-vigore-da-lunedi-al-24-novembre\/","url":"https:\/\/www.bellunopress.it\/2020\/10\/25\/dpcm-del-25-ottobre-2020-ecco-le-nuove-restrizioni-in-vigore-da-lunedi-al-24-novembre\/","name":"Dpcm del 25 ottobre 2020, ecco le nuove restrizioni in vigore da luned\u00ec 26 ottobre al 24 novembre - Bellunopress - Dolomiti","isPartOf":{"@id":"https:\/\/www.bellunopress.it\/#website"},"primaryImageOfPage":{"@id":"https:\/\/www.bellunopress.it\/2020\/10\/25\/dpcm-del-25-ottobre-2020-ecco-le-nuove-restrizioni-in-vigore-da-lunedi-al-24-novembre\/#primaryimage"},"image":{"@id":"https:\/\/www.bellunopress.it\/2020\/10\/25\/dpcm-del-25-ottobre-2020-ecco-le-nuove-restrizioni-in-vigore-da-lunedi-al-24-novembre\/#primaryimage"},"thumbnailUrl":"https:\/\/www.bellunopress.it\/wp-content\/uploads\/2020\/03\/Giuseppe-Conte-1.jpg","datePublished":"2020-10-25T11:36:29+00:00","dateModified":"2020-10-25T17:07:30+00:00","breadcrumb":{"@id":"https:\/\/www.bellunopress.it\/2020\/10\/25\/dpcm-del-25-ottobre-2020-ecco-le-nuove-restrizioni-in-vigore-da-lunedi-al-24-novembre\/#breadcrumb"},"inLanguage":"fr-FR","potentialAction":[{"@type":"ReadAction","target":["https:\/\/www.bellunopress.it\/2020\/10\/25\/dpcm-del-25-ottobre-2020-ecco-le-nuove-restrizioni-in-vigore-da-lunedi-al-24-novembre\/"]}]},{"@type":"ImageObject","inLanguage":"fr-FR","@id":"https:\/\/www.bellunopress.it\/2020\/10\/25\/dpcm-del-25-ottobre-2020-ecco-le-nuove-restrizioni-in-vigore-da-lunedi-al-24-novembre\/#primaryimage","url":"https:\/\/www.bellunopress.it\/wp-content\/uploads\/2020\/03\/Giuseppe-Conte-1.jpg","contentUrl":"https:\/\/www.bellunopress.it\/wp-content\/uploads\/2020\/03\/Giuseppe-Conte-1.jpg","width":422,"height":373,"caption":"Giuseppe Conte, Presidente del Consiglio"},{"@type":"BreadcrumbList","@id":"https:\/\/www.bellunopress.it\/2020\/10\/25\/dpcm-del-25-ottobre-2020-ecco-le-nuove-restrizioni-in-vigore-da-lunedi-al-24-novembre\/#breadcrumb","itemListElement":[{"@type":"ListItem","position":1,"name":"Home","item":"https:\/\/www.bellunopress.it\/"},{"@type":"ListItem","position":2,"name":"Dpcm del 25 ottobre 2020, ecco le nuove restrizioni in vigore da luned\u00ec 26 ottobre al 24 novembre"}]},{"@type":"WebSite","@id":"https:\/\/www.bellunopress.it\/#website","url":"https:\/\/www.bellunopress.it\/","name":"Bellunopress - Dolomiti","description":"e-mail: redazione@bellunopress.it","publisher":{"@id":"https:\/\/www.bellunopress.it\/#organization"},"potentialAction":[{"@type":"SearchAction","target":{"@type":"EntryPoint","urlTemplate":"https:\/\/www.bellunopress.it\/?s={search_term_string}"},"query-input":{"@type":"PropertyValueSpecification","valueRequired":true,"valueName":"search_term_string"}}],"inLanguage":"fr-FR"},{"@type":"Organization","@id":"https:\/\/www.bellunopress.it\/#organization","name":"Bellunopress","url":"https:\/\/www.bellunopress.it\/","logo":{"@type":"ImageObject","inLanguage":"fr-FR","@id":"https:\/\/www.bellunopress.it\/#\/schema\/logo\/image\/","url":"https:\/\/www.bellunopress.it\/wp-content\/uploads\/2011\/05\/cropped-logo-bellunopress-.jpg","contentUrl":"https:\/\/www.bellunopress.it\/wp-content\/uploads\/2011\/05\/cropped-logo-bellunopress-.jpg","width":512,"height":512,"caption":"Bellunopress"},"image":{"@id":"https:\/\/www.bellunopress.it\/#\/schema\/logo\/image\/"},"sameAs":["https:\/\/www.facebook.com\/profile.php?id=100008943462799","https:\/\/x.com\/bellunopress","https:\/\/www.linkedin.com\/hp\/?dnr=JBzUWaJfMUw8vbXJJ2tVW5-I3jZKvC4wsoxE&amp;amp;amp;amp;amp;amp;trk=nav_responsive_tab_home","https:\/\/www.youtube.com\/channel\/UCxL0wu1uN0_3_7hGG0306cw"]},{"@type":"Person","@id":"https:\/\/www.bellunopress.it\/#\/schema\/person\/79bb06722b37ece1c03d3e94beb30d73","name":"r\u00e9daction","image":{"@type":"ImageObject","inLanguage":"fr-FR","@id":"https:\/\/secure.gravatar.com\/avatar\/37d968a2e67a6fd04c169c4bdef102d0bc5d31b2546345219e348575eb80e9a0?s=96&d=mm&r=g","url":"https:\/\/secure.gravatar.com\/avatar\/37d968a2e67a6fd04c169c4bdef102d0bc5d31b2546345219e348575eb80e9a0?s=96&d=mm&r=g","contentUrl":"https:\/\/secure.gravatar.com\/avatar\/37d968a2e67a6fd04c169c4bdef102d0bc5d31b2546345219e348575eb80e9a0?s=96&d=mm&r=g","caption":"redazione"},"sameAs":["http:\/\/www.bellunopress.it","https:\/\/x.com\/bellunopress"],"url":"https:\/\/www.bellunopress.it\/fr\/author\/redazione\/"}]}},"_links":{"self":[{"href":"https:\/\/www.bellunopress.it\/fr\/wp-json\/wp\/v2\/posts\/118809","targetHints":{"allow":["GET"]}}],"collection":[{"href":"https:\/\/www.bellunopress.it\/fr\/wp-json\/wp\/v2\/posts"}],"about":[{"href":"https:\/\/www.bellunopress.it\/fr\/wp-json\/wp\/v2\/types\/post"}],"author":[{"embeddable":true,"href":"https:\/\/www.bellunopress.it\/fr\/wp-json\/wp\/v2\/users\/2"}],"replies":[{"embeddable":true,"href":"https:\/\/www.bellunopress.it\/fr\/wp-json\/wp\/v2\/comments?post=118809"}],"version-history":[{"count":2,"href":"https:\/\/www.bellunopress.it\/fr\/wp-json\/wp\/v2\/posts\/118809\/revisions"}],"predecessor-version":[{"id":118811,"href":"https:\/\/www.bellunopress.it\/fr\/wp-json\/wp\/v2\/posts\/118809\/revisions\/118811"}],"wp:featuredmedia":[{"embeddable":true,"href":"https:\/\/www.bellunopress.it\/fr\/wp-json\/wp\/v2\/media\/112929"}],"wp:attachment":[{"href":"https:\/\/www.bellunopress.it\/fr\/wp-json\/wp\/v2\/media?parent=118809"}],"wp:term":[{"taxonomy":"category","embeddable":true,"href":"https:\/\/www.bellunopress.it\/fr\/wp-json\/wp\/v2\/categories?post=118809"},{"taxonomy":"post_tag","embeddable":true,"href":"https:\/\/www.bellunopress.it\/fr\/wp-json\/wp\/v2\/tags?post=118809"}],"curies":[{"name":"wp","href":"https:\/\/api.w.org\/{rel}","templated":true}]}}