{"id":118805,"date":"2020-10-24T21:15:20","date_gmt":"2020-10-24T19:15:20","guid":{"rendered":"http:\/\/www.bellunopress.it\/?p=118805"},"modified":"2020-10-24T21:15:21","modified_gmt":"2020-10-24T19:15:21","slug":"nasce-a-ponte-nelle-alpi-il-nuovo-ambulatorio-di-medicina-generale-che-riunira-5-medici","status":"publish","type":"post","link":"https:\/\/www.bellunopress.it\/fr\/2020\/10\/24\/nasce-a-ponte-nelle-alpi-il-nuovo-ambulatorio-di-medicina-generale-che-riunira-5-medici\/","title":{"rendered":"Nasce a Ponte nelle Alpi il nuovo ambulatorio di Medicina generale che riunir\u00e0 5 medici"},"content":{"rendered":"<p><a href=\"http:\/\/www.bellunopress.it\/fr\/2020\/10\/24\/nasce-a-ponte-nelle-alpi-il-nuovo-ambulatorio-di-medicina-generale-che-riunira-5-medici\/medico_edited-2\/\" rel=\"attachment wp-att-118806\"><img loading=\"lazy\" decoding=\"async\" class=\"alignleft size-full wp-image-118806\" src=\"http:\/\/www.bellunopress.it\/wp-content\/uploads\/2020\/10\/medico_edited.jpg\" alt=\"\" width=\"800\" height=\"530\" srcset=\"https:\/\/www.bellunopress.it\/wp-content\/uploads\/2020\/10\/medico_edited.jpg 800w, https:\/\/www.bellunopress.it\/wp-content\/uploads\/2020\/10\/medico_edited-500x331.jpg 500w, https:\/\/www.bellunopress.it\/wp-content\/uploads\/2020\/10\/medico_edited-696x461.jpg 696w, https:\/\/www.bellunopress.it\/wp-content\/uploads\/2020\/10\/medico_edited-634x420.jpg 634w\" sizes=\"auto, (max-width: 800px) 100vw, 800px\" \/><\/a>Un&#8217;unica sede per riunire tutti i medici di Ponte nelle Alpi: sta per nascere il nuovo ambulatorio di Medicina generale, finalizzato a offrire alla collettivit\u00e0 un servizio all&#8217;avanguardia.<\/p>\n<p>\u00ab\u00c8 il progetto a cui abbiamo lavorato quest&#8217;anno &#8211; spiegano i professionisti &#8211; in stretta collaborazione con la Cooperativa Le Valli di Longarone, che ci ha egregiamente supportati. L&#8217;idea \u00e8 emersa alcuni anni fa, ma finora non eravamo riusciti a concretizzarla per la difficolt\u00e0 di trovare una sede adeguata\u00bb.<\/p>\n<p>Il progetto verr\u00e0 completato nei primi mesi del 2021 e assumer\u00e0 la forma di un ambiente accogliente in una sede centralissima, dove un ambulatorio \u00e8 destinato a ospitare ognuno dei cinque medici operativi sul territorio: dottoressa Margherita De Marchi, dottor Fulvio De Pasqual, dottoressa Camilla Lorenzato, dottoressa Valentina Mares e dottoressa Lisa Scapol. A tutto ci\u00f2 si aggiungeranno una sala d&#8217;aspetto e una segreteria.<\/p>\n<p>Il dottor De Pasqual e la dottoressa Lorenzato manterranno anche gli ambulatori di Paiane e Col di Cugnan.<\/p>\n<p>\u00abMalgrado il periodo complesso che stiamo attraversando &#8211; concludono i medici &#8211; non abbiamo smesso di guardare al futuro con fiducia ed entusiasmo, impegnandoci in un percorso che ci permetter\u00e0 di offrire alla popolazione di Ponte nelle Alpi un servizio al passo con i tempi\u00bb.<\/p>\n<p>L&#8217;iniziativa raccoglie il plauso dell&#8217;amministrazione comunale: \u00abSosteniamo questo progetto di assoluta importanza per l&#8217;intera comunit\u00e0\u00bb.<\/p>","protected":false},"excerpt":{"rendered":"<p>Un&#8217;unica sede per riunire tutti i medici di Ponte nelle Alpi: sta per nascere il nuovo ambulatorio di Medicina generale, finalizzato a offrire alla collettivit\u00e0 un servizio all&#8217;avanguardia. \u00ab\u00c8 il progetto a cui abbiamo lavorato quest&#8217;anno &#8211; spiegano i professionisti &#8211; in stretta collaborazione con la Cooperativa Le Valli di Longarone, che ci ha egregiamente [&hellip;]<\/p>\n","protected":false},"author":2,"featured_media":118806,"comment_status":"closed","ping_status":"open","sticky":false,"template":"","format":"standard","meta":{"footnotes":""},"categories":[26,17],"tags":[],"class_list":["post-118805","post","type-post","status-publish","format-standard","has-post-thumbnail","category-prima-pagina","category-sanita"],"yoast_head":"<!-- This site is optimized with the Yoast SEO plugin v28.4 - https:\/\/yoast.com\/product\/yoast-seo-wordpress\/ -->\n<title>Nasce a Ponte nelle Alpi il nuovo ambulatorio di Medicina generale che riunir\u00e0 5 medici - Bellunopress - Dolomiti<\/title>\n<meta name=\"robots\" content=\"index, follow, max-snippet:-1, max-image-preview:large, max-video-preview:-1\" \/>\n<link rel=\"canonical\" href=\"https:\/\/www.bellunopress.it\/fr\/2020\/10\/24\/nasce-a-ponte-nelle-alpi-il-nuovo-ambulatorio-di-medicina-generale-che-riunira-5-medici\/\" \/>\n<meta property=\"og:locale\" content=\"fr_FR\" \/>\n<meta property=\"og:type\" content=\"article\" \/>\n<meta property=\"og:title\" content=\"Nasce a Ponte nelle Alpi il nuovo ambulatorio di Medicina generale che riunir\u00e0 5 medici - Bellunopress - Dolomiti\" \/>\n<meta property=\"og:description\" content=\"Un&#8217;unica sede per riunire tutti i medici di Ponte nelle Alpi: sta per nascere il nuovo ambulatorio di Medicina generale, finalizzato a offrire alla collettivit\u00e0 un servizio all&#8217;avanguardia. \u00ab\u00c8 il progetto a cui abbiamo lavorato quest&#8217;anno &#8211; spiegano i professionisti &#8211; in stretta collaborazione con la Cooperativa Le Valli di Longarone, che ci ha egregiamente [&hellip;]\" \/>\n<meta property=\"og:url\" content=\"https:\/\/www.bellunopress.it\/fr\/2020\/10\/24\/nasce-a-ponte-nelle-alpi-il-nuovo-ambulatorio-di-medicina-generale-che-riunira-5-medici\/\" \/>\n<meta property=\"og:site_name\" content=\"Bellunopress - Dolomiti\" \/>\n<meta property=\"article:publisher\" content=\"https:\/\/www.facebook.com\/profile.php?id=100008943462799\" \/>\n<meta property=\"article:published_time\" content=\"2020-10-24T19:15:20+00:00\" \/>\n<meta property=\"article:modified_time\" content=\"2020-10-24T19:15:21+00:00\" \/>\n<meta property=\"og:image\" content=\"https:\/\/www.bellunopress.it\/wp-content\/uploads\/2020\/10\/medico_edited.jpg\" \/>\n\t<meta property=\"og:image:width\" content=\"800\" \/>\n\t<meta property=\"og:image:height\" content=\"530\" \/>\n\t<meta property=\"og:image:type\" content=\"image\/jpeg\" \/>\n<meta name=\"author\" content=\"redazione\" \/>\n<meta name=\"twitter:card\" content=\"summary_large_image\" \/>\n<meta name=\"twitter:creator\" content=\"@bellunopress\" \/>\n<meta name=\"twitter:site\" content=\"@bellunopress\" \/>\n<meta name=\"twitter:label1\" content=\"\u00c9crit par\" \/>\n\t<meta name=\"twitter:data1\" content=\"redazione\" \/>\n\t<meta name=\"twitter:label2\" content=\"Dur\u00e9e de lecture estim\u00e9e\" \/>\n\t<meta name=\"twitter:data2\" content=\"1 minute\" \/>\n<script type=\"application\/ld+json\" class=\"yoast-schema-graph\">{\"@context\":\"https:\\\/\\\/schema.org\",\"@graph\":[{\"@type\":\"Article\",\"@id\":\"https:\\\/\\\/www.bellunopress.it\\\/2020\\\/10\\\/24\\\/nasce-a-ponte-nelle-alpi-il-nuovo-ambulatorio-di-medicina-generale-che-riunira-5-medici\\\/#article\",\"isPartOf\":{\"@id\":\"https:\\\/\\\/www.bellunopress.it\\\/2020\\\/10\\\/24\\\/nasce-a-ponte-nelle-alpi-il-nuovo-ambulatorio-di-medicina-generale-che-riunira-5-medici\\\/\"},\"author\":{\"name\":\"redazione\",\"@id\":\"https:\\\/\\\/www.bellunopress.it\\\/#\\\/schema\\\/person\\\/79bb06722b37ece1c03d3e94beb30d73\"},\"headline\":\"Nasce a Ponte nelle Alpi il nuovo ambulatorio di Medicina generale che riunir\u00e0 5 medici\",\"datePublished\":\"2020-10-24T19:15:20+00:00\",\"dateModified\":\"2020-10-24T19:15:21+00:00\",\"mainEntityOfPage\":{\"@id\":\"https:\\\/\\\/www.bellunopress.it\\\/2020\\\/10\\\/24\\\/nasce-a-ponte-nelle-alpi-il-nuovo-ambulatorio-di-medicina-generale-che-riunira-5-medici\\\/\"},\"wordCount\":237,\"publisher\":{\"@id\":\"https:\\\/\\\/www.bellunopress.it\\\/#organization\"},\"image\":{\"@id\":\"https:\\\/\\\/www.bellunopress.it\\\/2020\\\/10\\\/24\\\/nasce-a-ponte-nelle-alpi-il-nuovo-ambulatorio-di-medicina-generale-che-riunira-5-medici\\\/#primaryimage\"},\"thumbnailUrl\":\"https:\\\/\\\/www.bellunopress.it\\\/wp-content\\\/uploads\\\/2020\\\/10\\\/medico_edited.jpg\",\"articleSection\":[\"Prima Pagina\",\"Sanit\u00e0 Medicina\"],\"inLanguage\":\"fr-FR\"},{\"@type\":\"WebPage\",\"@id\":\"https:\\\/\\\/www.bellunopress.it\\\/2020\\\/10\\\/24\\\/nasce-a-ponte-nelle-alpi-il-nuovo-ambulatorio-di-medicina-generale-che-riunira-5-medici\\\/\",\"url\":\"https:\\\/\\\/www.bellunopress.it\\\/2020\\\/10\\\/24\\\/nasce-a-ponte-nelle-alpi-il-nuovo-ambulatorio-di-medicina-generale-che-riunira-5-medici\\\/\",\"name\":\"Nasce a Ponte nelle Alpi il nuovo ambulatorio di Medicina generale che riunir\u00e0 5 medici - Bellunopress - Dolomiti\",\"isPartOf\":{\"@id\":\"https:\\\/\\\/www.bellunopress.it\\\/#website\"},\"primaryImageOfPage\":{\"@id\":\"https:\\\/\\\/www.bellunopress.it\\\/2020\\\/10\\\/24\\\/nasce-a-ponte-nelle-alpi-il-nuovo-ambulatorio-di-medicina-generale-che-riunira-5-medici\\\/#primaryimage\"},\"image\":{\"@id\":\"https:\\\/\\\/www.bellunopress.it\\\/2020\\\/10\\\/24\\\/nasce-a-ponte-nelle-alpi-il-nuovo-ambulatorio-di-medicina-generale-che-riunira-5-medici\\\/#primaryimage\"},\"thumbnailUrl\":\"https:\\\/\\\/www.bellunopress.it\\\/wp-content\\\/uploads\\\/2020\\\/10\\\/medico_edited.jpg\",\"datePublished\":\"2020-10-24T19:15:20+00:00\",\"dateModified\":\"2020-10-24T19:15:21+00:00\",\"breadcrumb\":{\"@id\":\"https:\\\/\\\/www.bellunopress.it\\\/2020\\\/10\\\/24\\\/nasce-a-ponte-nelle-alpi-il-nuovo-ambulatorio-di-medicina-generale-che-riunira-5-medici\\\/#breadcrumb\"},\"inLanguage\":\"fr-FR\",\"potentialAction\":[{\"@type\":\"ReadAction\",\"target\":[\"https:\\\/\\\/www.bellunopress.it\\\/2020\\\/10\\\/24\\\/nasce-a-ponte-nelle-alpi-il-nuovo-ambulatorio-di-medicina-generale-che-riunira-5-medici\\\/\"]}]},{\"@type\":\"ImageObject\",\"inLanguage\":\"fr-FR\",\"@id\":\"https:\\\/\\\/www.bellunopress.it\\\/2020\\\/10\\\/24\\\/nasce-a-ponte-nelle-alpi-il-nuovo-ambulatorio-di-medicina-generale-che-riunira-5-medici\\\/#primaryimage\",\"url\":\"https:\\\/\\\/www.bellunopress.it\\\/wp-content\\\/uploads\\\/2020\\\/10\\\/medico_edited.jpg\",\"contentUrl\":\"https:\\\/\\\/www.bellunopress.it\\\/wp-content\\\/uploads\\\/2020\\\/10\\\/medico_edited.jpg\",\"width\":800,\"height\":530},{\"@type\":\"BreadcrumbList\",\"@id\":\"https:\\\/\\\/www.bellunopress.it\\\/2020\\\/10\\\/24\\\/nasce-a-ponte-nelle-alpi-il-nuovo-ambulatorio-di-medicina-generale-che-riunira-5-medici\\\/#breadcrumb\",\"itemListElement\":[{\"@type\":\"ListItem\",\"position\":1,\"name\":\"Home\",\"item\":\"https:\\\/\\\/www.bellunopress.it\\\/\"},{\"@type\":\"ListItem\",\"position\":2,\"name\":\"Nasce a Ponte nelle Alpi il nuovo ambulatorio di Medicina generale che riunir\u00e0 5 medici\"}]},{\"@type\":\"WebSite\",\"@id\":\"https:\\\/\\\/www.bellunopress.it\\\/#website\",\"url\":\"https:\\\/\\\/www.bellunopress.it\\\/\",\"name\":\"Bellunopress - Dolomiti\",\"description\":\"e-mail: redazione@bellunopress.it\",\"publisher\":{\"@id\":\"https:\\\/\\\/www.bellunopress.it\\\/#organization\"},\"potentialAction\":[{\"@type\":\"SearchAction\",\"target\":{\"@type\":\"EntryPoint\",\"urlTemplate\":\"https:\\\/\\\/www.bellunopress.it\\\/?s={search_term_string}\"},\"query-input\":{\"@type\":\"PropertyValueSpecification\",\"valueRequired\":true,\"valueName\":\"search_term_string\"}}],\"inLanguage\":\"fr-FR\"},{\"@type\":\"Organization\",\"@id\":\"https:\\\/\\\/www.bellunopress.it\\\/#organization\",\"name\":\"Bellunopress\",\"url\":\"https:\\\/\\\/www.bellunopress.it\\\/\",\"logo\":{\"@type\":\"ImageObject\",\"inLanguage\":\"fr-FR\",\"@id\":\"https:\\\/\\\/www.bellunopress.it\\\/#\\\/schema\\\/logo\\\/image\\\/\",\"url\":\"https:\\\/\\\/www.bellunopress.it\\\/wp-content\\\/uploads\\\/2011\\\/05\\\/cropped-logo-bellunopress-.jpg\",\"contentUrl\":\"https:\\\/\\\/www.bellunopress.it\\\/wp-content\\\/uploads\\\/2011\\\/05\\\/cropped-logo-bellunopress-.jpg\",\"width\":512,\"height\":512,\"caption\":\"Bellunopress\"},\"image\":{\"@id\":\"https:\\\/\\\/www.bellunopress.it\\\/#\\\/schema\\\/logo\\\/image\\\/\"},\"sameAs\":[\"https:\\\/\\\/www.facebook.com\\\/profile.php?id=100008943462799\",\"https:\\\/\\\/x.com\\\/bellunopress\",\"https:\\\/\\\/www.linkedin.com\\\/hp\\\/?dnr=JBzUWaJfMUw8vbXJJ2tVW5-I3jZKvC4wsoxE&amp;amp;amp;amp;amp;amp;trk=nav_responsive_tab_home\",\"https:\\\/\\\/www.youtube.com\\\/channel\\\/UCxL0wu1uN0_3_7hGG0306cw\"]},{\"@type\":\"Person\",\"@id\":\"https:\\\/\\\/www.bellunopress.it\\\/#\\\/schema\\\/person\\\/79bb06722b37ece1c03d3e94beb30d73\",\"name\":\"redazione\",\"image\":{\"@type\":\"ImageObject\",\"inLanguage\":\"fr-FR\",\"@id\":\"https:\\\/\\\/secure.gravatar.com\\\/avatar\\\/37d968a2e67a6fd04c169c4bdef102d0bc5d31b2546345219e348575eb80e9a0?s=96&d=mm&r=g\",\"url\":\"https:\\\/\\\/secure.gravatar.com\\\/avatar\\\/37d968a2e67a6fd04c169c4bdef102d0bc5d31b2546345219e348575eb80e9a0?s=96&d=mm&r=g\",\"contentUrl\":\"https:\\\/\\\/secure.gravatar.com\\\/avatar\\\/37d968a2e67a6fd04c169c4bdef102d0bc5d31b2546345219e348575eb80e9a0?s=96&d=mm&r=g\",\"caption\":\"redazione\"},\"sameAs\":[\"http:\\\/\\\/www.bellunopress.it\",\"https:\\\/\\\/x.com\\\/bellunopress\"],\"url\":\"https:\\\/\\\/www.bellunopress.it\\\/fr\\\/author\\\/redazione\\\/\"}]}<\/script>\n<!-- \/ Yoast SEO plugin. -->","yoast_head_json":{"title":"Nasce a Ponte nelle Alpi il nuovo ambulatorio di Medicina generale che riunir\u00e0 5 medici - Bellunopress - Dolomiti","robots":{"index":"index","follow":"follow","max-snippet":"max-snippet:-1","max-image-preview":"max-image-preview:large","max-video-preview":"max-video-preview:-1"},"canonical":"https:\/\/www.bellunopress.it\/fr\/2020\/10\/24\/nasce-a-ponte-nelle-alpi-il-nuovo-ambulatorio-di-medicina-generale-che-riunira-5-medici\/","og_locale":"fr_FR","og_type":"article","og_title":"Nasce a Ponte nelle Alpi il nuovo ambulatorio di Medicina generale che riunir\u00e0 5 medici - Bellunopress - Dolomiti","og_description":"Un&#8217;unica sede per riunire tutti i medici di Ponte nelle Alpi: sta per nascere il nuovo ambulatorio di Medicina generale, finalizzato a offrire alla collettivit\u00e0 un servizio all&#8217;avanguardia. \u00ab\u00c8 il progetto a cui abbiamo lavorato quest&#8217;anno &#8211; spiegano i professionisti &#8211; in stretta collaborazione con la Cooperativa Le Valli di Longarone, che ci ha egregiamente [&hellip;]","og_url":"https:\/\/www.bellunopress.it\/fr\/2020\/10\/24\/nasce-a-ponte-nelle-alpi-il-nuovo-ambulatorio-di-medicina-generale-che-riunira-5-medici\/","og_site_name":"Bellunopress - Dolomiti","article_publisher":"https:\/\/www.facebook.com\/profile.php?id=100008943462799","article_published_time":"2020-10-24T19:15:20+00:00","article_modified_time":"2020-10-24T19:15:21+00:00","og_image":[{"width":800,"height":530,"url":"https:\/\/www.bellunopress.it\/wp-content\/uploads\/2020\/10\/medico_edited.jpg","type":"image\/jpeg"}],"author":"redazione","twitter_card":"summary_large_image","twitter_creator":"@bellunopress","twitter_site":"@bellunopress","twitter_misc":{"\u00c9crit par":"redazione","Dur\u00e9e de lecture estim\u00e9e":"1 minute"},"schema":{"@context":"https:\/\/schema.org","@graph":[{"@type":"Article","@id":"https:\/\/www.bellunopress.it\/2020\/10\/24\/nasce-a-ponte-nelle-alpi-il-nuovo-ambulatorio-di-medicina-generale-che-riunira-5-medici\/#article","isPartOf":{"@id":"https:\/\/www.bellunopress.it\/2020\/10\/24\/nasce-a-ponte-nelle-alpi-il-nuovo-ambulatorio-di-medicina-generale-che-riunira-5-medici\/"},"author":{"name":"redazione","@id":"https:\/\/www.bellunopress.it\/#\/schema\/person\/79bb06722b37ece1c03d3e94beb30d73"},"headline":"Nasce a Ponte nelle Alpi il nuovo ambulatorio di Medicina generale che riunir\u00e0 5 medici","datePublished":"2020-10-24T19:15:20+00:00","dateModified":"2020-10-24T19:15:21+00:00","mainEntityOfPage":{"@id":"https:\/\/www.bellunopress.it\/2020\/10\/24\/nasce-a-ponte-nelle-alpi-il-nuovo-ambulatorio-di-medicina-generale-che-riunira-5-medici\/"},"wordCount":237,"publisher":{"@id":"https:\/\/www.bellunopress.it\/#organization"},"image":{"@id":"https:\/\/www.bellunopress.it\/2020\/10\/24\/nasce-a-ponte-nelle-alpi-il-nuovo-ambulatorio-di-medicina-generale-che-riunira-5-medici\/#primaryimage"},"thumbnailUrl":"https:\/\/www.bellunopress.it\/wp-content\/uploads\/2020\/10\/medico_edited.jpg","articleSection":["Prima Pagina","Sanit\u00e0 Medicina"],"inLanguage":"fr-FR"},{"@type":"WebPage","@id":"https:\/\/www.bellunopress.it\/2020\/10\/24\/nasce-a-ponte-nelle-alpi-il-nuovo-ambulatorio-di-medicina-generale-che-riunira-5-medici\/","url":"https:\/\/www.bellunopress.it\/2020\/10\/24\/nasce-a-ponte-nelle-alpi-il-nuovo-ambulatorio-di-medicina-generale-che-riunira-5-medici\/","name":"Nasce a Ponte nelle Alpi il nuovo ambulatorio di Medicina generale che riunir\u00e0 5 medici - Bellunopress - Dolomiti","isPartOf":{"@id":"https:\/\/www.bellunopress.it\/#website"},"primaryImageOfPage":{"@id":"https:\/\/www.bellunopress.it\/2020\/10\/24\/nasce-a-ponte-nelle-alpi-il-nuovo-ambulatorio-di-medicina-generale-che-riunira-5-medici\/#primaryimage"},"image":{"@id":"https:\/\/www.bellunopress.it\/2020\/10\/24\/nasce-a-ponte-nelle-alpi-il-nuovo-ambulatorio-di-medicina-generale-che-riunira-5-medici\/#primaryimage"},"thumbnailUrl":"https:\/\/www.bellunopress.it\/wp-content\/uploads\/2020\/10\/medico_edited.jpg","datePublished":"2020-10-24T19:15:20+00:00","dateModified":"2020-10-24T19:15:21+00:00","breadcrumb":{"@id":"https:\/\/www.bellunopress.it\/2020\/10\/24\/nasce-a-ponte-nelle-alpi-il-nuovo-ambulatorio-di-medicina-generale-che-riunira-5-medici\/#breadcrumb"},"inLanguage":"fr-FR","potentialAction":[{"@type":"ReadAction","target":["https:\/\/www.bellunopress.it\/2020\/10\/24\/nasce-a-ponte-nelle-alpi-il-nuovo-ambulatorio-di-medicina-generale-che-riunira-5-medici\/"]}]},{"@type":"ImageObject","inLanguage":"fr-FR","@id":"https:\/\/www.bellunopress.it\/2020\/10\/24\/nasce-a-ponte-nelle-alpi-il-nuovo-ambulatorio-di-medicina-generale-che-riunira-5-medici\/#primaryimage","url":"https:\/\/www.bellunopress.it\/wp-content\/uploads\/2020\/10\/medico_edited.jpg","contentUrl":"https:\/\/www.bellunopress.it\/wp-content\/uploads\/2020\/10\/medico_edited.jpg","width":800,"height":530},{"@type":"BreadcrumbList","@id":"https:\/\/www.bellunopress.it\/2020\/10\/24\/nasce-a-ponte-nelle-alpi-il-nuovo-ambulatorio-di-medicina-generale-che-riunira-5-medici\/#breadcrumb","itemListElement":[{"@type":"ListItem","position":1,"name":"Home","item":"https:\/\/www.bellunopress.it\/"},{"@type":"ListItem","position":2,"name":"Nasce a Ponte nelle Alpi il nuovo ambulatorio di Medicina generale che riunir\u00e0 5 medici"}]},{"@type":"WebSite","@id":"https:\/\/www.bellunopress.it\/#website","url":"https:\/\/www.bellunopress.it\/","name":"Bellunopress - Dolomiti","description":"e-mail: redazione@bellunopress.it","publisher":{"@id":"https:\/\/www.bellunopress.it\/#organization"},"potentialAction":[{"@type":"SearchAction","target":{"@type":"EntryPoint","urlTemplate":"https:\/\/www.bellunopress.it\/?s={search_term_string}"},"query-input":{"@type":"PropertyValueSpecification","valueRequired":true,"valueName":"search_term_string"}}],"inLanguage":"fr-FR"},{"@type":"Organization","@id":"https:\/\/www.bellunopress.it\/#organization","name":"Bellunopress","url":"https:\/\/www.bellunopress.it\/","logo":{"@type":"ImageObject","inLanguage":"fr-FR","@id":"https:\/\/www.bellunopress.it\/#\/schema\/logo\/image\/","url":"https:\/\/www.bellunopress.it\/wp-content\/uploads\/2011\/05\/cropped-logo-bellunopress-.jpg","contentUrl":"https:\/\/www.bellunopress.it\/wp-content\/uploads\/2011\/05\/cropped-logo-bellunopress-.jpg","width":512,"height":512,"caption":"Bellunopress"},"image":{"@id":"https:\/\/www.bellunopress.it\/#\/schema\/logo\/image\/"},"sameAs":["https:\/\/www.facebook.com\/profile.php?id=100008943462799","https:\/\/x.com\/bellunopress","https:\/\/www.linkedin.com\/hp\/?dnr=JBzUWaJfMUw8vbXJJ2tVW5-I3jZKvC4wsoxE&amp;amp;amp;amp;amp;amp;trk=nav_responsive_tab_home","https:\/\/www.youtube.com\/channel\/UCxL0wu1uN0_3_7hGG0306cw"]},{"@type":"Person","@id":"https:\/\/www.bellunopress.it\/#\/schema\/person\/79bb06722b37ece1c03d3e94beb30d73","name":"r\u00e9daction","image":{"@type":"ImageObject","inLanguage":"fr-FR","@id":"https:\/\/secure.gravatar.com\/avatar\/37d968a2e67a6fd04c169c4bdef102d0bc5d31b2546345219e348575eb80e9a0?s=96&d=mm&r=g","url":"https:\/\/secure.gravatar.com\/avatar\/37d968a2e67a6fd04c169c4bdef102d0bc5d31b2546345219e348575eb80e9a0?s=96&d=mm&r=g","contentUrl":"https:\/\/secure.gravatar.com\/avatar\/37d968a2e67a6fd04c169c4bdef102d0bc5d31b2546345219e348575eb80e9a0?s=96&d=mm&r=g","caption":"redazione"},"sameAs":["http:\/\/www.bellunopress.it","https:\/\/x.com\/bellunopress"],"url":"https:\/\/www.bellunopress.it\/fr\/author\/redazione\/"}]}},"_links":{"self":[{"href":"https:\/\/www.bellunopress.it\/fr\/wp-json\/wp\/v2\/posts\/118805","targetHints":{"allow":["GET"]}}],"collection":[{"href":"https:\/\/www.bellunopress.it\/fr\/wp-json\/wp\/v2\/posts"}],"about":[{"href":"https:\/\/www.bellunopress.it\/fr\/wp-json\/wp\/v2\/types\/post"}],"author":[{"embeddable":true,"href":"https:\/\/www.bellunopress.it\/fr\/wp-json\/wp\/v2\/users\/2"}],"replies":[{"embeddable":true,"href":"https:\/\/www.bellunopress.it\/fr\/wp-json\/wp\/v2\/comments?post=118805"}],"version-history":[{"count":2,"href":"https:\/\/www.bellunopress.it\/fr\/wp-json\/wp\/v2\/posts\/118805\/revisions"}],"predecessor-version":[{"id":118808,"href":"https:\/\/www.bellunopress.it\/fr\/wp-json\/wp\/v2\/posts\/118805\/revisions\/118808"}],"wp:featuredmedia":[{"embeddable":true,"href":"https:\/\/www.bellunopress.it\/fr\/wp-json\/wp\/v2\/media\/118806"}],"wp:attachment":[{"href":"https:\/\/www.bellunopress.it\/fr\/wp-json\/wp\/v2\/media?parent=118805"}],"wp:term":[{"taxonomy":"category","embeddable":true,"href":"https:\/\/www.bellunopress.it\/fr\/wp-json\/wp\/v2\/categories?post=118805"},{"taxonomy":"post_tag","embeddable":true,"href":"https:\/\/www.bellunopress.it\/fr\/wp-json\/wp\/v2\/tags?post=118805"}],"curies":[{"name":"wp","href":"https:\/\/api.w.org\/{rel}","templated":true}]}}