{"id":118803,"date":"2020-10-24T21:07:55","date_gmt":"2020-10-24T19:07:55","guid":{"rendered":"http:\/\/www.bellunopress.it\/?p=118803"},"modified":"2020-10-24T21:07:55","modified_gmt":"2020-10-24T19:07:55","slug":"rispettiamo-le-regole-lappello-del-presidente-della-provincia-roberto-padrin","status":"publish","type":"post","link":"https:\/\/www.bellunopress.it\/fr\/2020\/10\/24\/rispettiamo-le-regole-lappello-del-presidente-della-provincia-roberto-padrin\/","title":{"rendered":"Rispettiamo le regole. L&#8217;appello del presidente della Provincia Roberto Padrin"},"content":{"rendered":"<figure id=\"attachment_114481\" aria-describedby=\"caption-attachment-114481\" style=\"width: 800px\" class=\"wp-caption alignleft\"><a href=\"http:\/\/www.bellunopress.it\/fr\/2020\/05\/17\/fase-2-bis-padrin-la-provincia-puo-fare-da-collettore-di-tutte-le-esigenze-e-le-idee-che-emergono-dal-nostro-territorio\/roberto-padrin_edited-2\/\" rel=\"attachment wp-att-114481\"><img loading=\"lazy\" decoding=\"async\" class=\"size-full wp-image-114481\" src=\"http:\/\/www.bellunopress.it\/wp-content\/uploads\/2020\/05\/roberto-padrin_edited-1.jpg\" alt=\"\" width=\"800\" height=\"595\" srcset=\"https:\/\/www.bellunopress.it\/wp-content\/uploads\/2020\/05\/roberto-padrin_edited-1.jpg 800w, https:\/\/www.bellunopress.it\/wp-content\/uploads\/2020\/05\/roberto-padrin_edited-1-500x372.jpg 500w, https:\/\/www.bellunopress.it\/wp-content\/uploads\/2020\/05\/roberto-padrin_edited-1-485x360.jpg 485w, https:\/\/www.bellunopress.it\/wp-content\/uploads\/2020\/05\/roberto-padrin_edited-1-696x518.jpg 696w, https:\/\/www.bellunopress.it\/wp-content\/uploads\/2020\/05\/roberto-padrin_edited-1-565x420.jpg 565w, https:\/\/www.bellunopress.it\/wp-content\/uploads\/2020\/05\/roberto-padrin_edited-1-80x60.jpg 80w, https:\/\/www.bellunopress.it\/wp-content\/uploads\/2020\/05\/roberto-padrin_edited-1-265x198.jpg 265w\" sizes=\"auto, (max-width: 800px) 100vw, 800px\" \/><\/a><figcaption id=\"caption-attachment-114481\" class=\"wp-caption-text\">Roberto Padrin &#8211; Presidente della Provincia<\/figcaption><\/figure>\n<p>In questo momento dobbiamo essere tutti responsabili. I numeri dei contagi e l&#8217;aumento dei ricoveri ospedalieri ci obbligano a comportamenti rispettosi delle regole. Dobbiamo farlo per chi sta male e anche per chi sta lavorando per la salute di ciascuno di noi.<\/p>\n<p>Non ci aspettavamo che la seconda ondata ci avrebbe investito in maniera cos\u00ec poderosa. Ma il contenimento del virus, che viaggia con le persone, dipende anche da noi, dai nostri comportamenti. Solo utilizzando la mascherina e rispettando i distanziamenti possiamo evitare un nuovo lockdown generale, misura che rischierebbe di essere esiziale per la nostra economia, anche in vista della stagione invernale e dei Mondiali di sci di Cortina. Dobbiamo stringere i denti adesso, in questo momento, per alleggerire la pressione del virus e poter gestire con maggiore tranquillit\u00e0 il periodo successivo.<\/p>\n<p>Sono consapevole che si tratta di fare qualche sacrificio, di limitare gli spostamenti e comprimere qualche libert\u00e0 personale. Come so che comincia a diffondersi un certo malcontento, con persone che negano l&#8217;esistenza del virus e decidono di non indossare le mascherine e di contravvenire alle regole anti-contagio. Mi rivolgo anche a queste persone: siate rispettosi e fatelo per i soggetti fragili, per gli anziani, per coloro che hanno paura del virus, per le attivit\u00e0 economiche che rischiano di dover chiudere un&#8217;altra volta&#8230;<\/p>\n<p>I bellunesi sono stati bravi a rispondere con grande senso di responsabilit\u00e0 durante la prima ondata. Ora saranno altrettanto bravi a rispettare le misure previste.<\/p>\n<p>Roberto Padrin<\/p>","protected":false},"excerpt":{"rendered":"<p>In questo momento dobbiamo essere tutti responsabili. I numeri dei contagi e l&#8217;aumento dei ricoveri ospedalieri ci obbligano a comportamenti rispettosi delle regole. Dobbiamo farlo per chi sta male e anche per chi sta lavorando per la salute di ciascuno di noi. Non ci aspettavamo che la seconda ondata ci avrebbe investito in maniera cos\u00ec [&hellip;]<\/p>\n","protected":false},"author":2,"featured_media":114304,"comment_status":"closed","ping_status":"open","sticky":false,"template":"","format":"standard","meta":{"footnotes":""},"categories":[5,26,17],"tags":[],"class_list":["post-118803","post","type-post","status-publish","format-standard","has-post-thumbnail","category-cronaca","category-prima-pagina","category-sanita"],"yoast_head":"<!-- This site is optimized with the Yoast SEO plugin v28.4 - https:\/\/yoast.com\/product\/yoast-seo-wordpress\/ -->\n<title>Rispettiamo le regole. L&#039;appello del presidente della Provincia Roberto Padrin - Bellunopress - Dolomiti<\/title>\n<meta name=\"robots\" content=\"index, follow, max-snippet:-1, max-image-preview:large, max-video-preview:-1\" \/>\n<link rel=\"canonical\" href=\"https:\/\/www.bellunopress.it\/fr\/2020\/10\/24\/rispettiamo-le-regole-lappello-del-presidente-della-provincia-roberto-padrin\/\" \/>\n<meta property=\"og:locale\" content=\"fr_FR\" \/>\n<meta property=\"og:type\" content=\"article\" \/>\n<meta property=\"og:title\" content=\"Rispettiamo le regole. L&#039;appello del presidente della Provincia Roberto Padrin - Bellunopress - Dolomiti\" \/>\n<meta property=\"og:description\" content=\"In questo momento dobbiamo essere tutti responsabili. I numeri dei contagi e l&#8217;aumento dei ricoveri ospedalieri ci obbligano a comportamenti rispettosi delle regole. Dobbiamo farlo per chi sta male e anche per chi sta lavorando per la salute di ciascuno di noi. Non ci aspettavamo che la seconda ondata ci avrebbe investito in maniera cos\u00ec [&hellip;]\" \/>\n<meta property=\"og:url\" content=\"https:\/\/www.bellunopress.it\/fr\/2020\/10\/24\/rispettiamo-le-regole-lappello-del-presidente-della-provincia-roberto-padrin\/\" \/>\n<meta property=\"og:site_name\" content=\"Bellunopress - Dolomiti\" \/>\n<meta property=\"article:publisher\" content=\"https:\/\/www.facebook.com\/profile.php?id=100008943462799\" \/>\n<meta property=\"article:published_time\" content=\"2020-10-24T19:07:55+00:00\" \/>\n<meta property=\"og:image\" content=\"https:\/\/www.bellunopress.it\/wp-content\/uploads\/2020\/05\/roberto-padrin_edited.jpg\" \/>\n\t<meta property=\"og:image:width\" content=\"736\" \/>\n\t<meta property=\"og:image:height\" content=\"800\" \/>\n\t<meta property=\"og:image:type\" content=\"image\/jpeg\" \/>\n<meta name=\"author\" content=\"redazione\" \/>\n<meta name=\"twitter:card\" content=\"summary_large_image\" \/>\n<meta name=\"twitter:creator\" content=\"@bellunopress\" \/>\n<meta name=\"twitter:site\" content=\"@bellunopress\" \/>\n<meta name=\"twitter:label1\" content=\"\u00c9crit par\" \/>\n\t<meta name=\"twitter:data1\" content=\"redazione\" \/>\n\t<meta name=\"twitter:label2\" content=\"Dur\u00e9e de lecture estim\u00e9e\" \/>\n\t<meta name=\"twitter:data2\" content=\"1 minute\" \/>\n<script type=\"application\/ld+json\" class=\"yoast-schema-graph\">{\"@context\":\"https:\\\/\\\/schema.org\",\"@graph\":[{\"@type\":\"Article\",\"@id\":\"https:\\\/\\\/www.bellunopress.it\\\/2020\\\/10\\\/24\\\/rispettiamo-le-regole-lappello-del-presidente-della-provincia-roberto-padrin\\\/#article\",\"isPartOf\":{\"@id\":\"https:\\\/\\\/www.bellunopress.it\\\/2020\\\/10\\\/24\\\/rispettiamo-le-regole-lappello-del-presidente-della-provincia-roberto-padrin\\\/\"},\"author\":{\"name\":\"redazione\",\"@id\":\"https:\\\/\\\/www.bellunopress.it\\\/#\\\/schema\\\/person\\\/79bb06722b37ece1c03d3e94beb30d73\"},\"headline\":\"Rispettiamo le regole. L&#8217;appello del presidente della Provincia Roberto Padrin\",\"datePublished\":\"2020-10-24T19:07:55+00:00\",\"mainEntityOfPage\":{\"@id\":\"https:\\\/\\\/www.bellunopress.it\\\/2020\\\/10\\\/24\\\/rispettiamo-le-regole-lappello-del-presidente-della-provincia-roberto-padrin\\\/\"},\"wordCount\":269,\"publisher\":{\"@id\":\"https:\\\/\\\/www.bellunopress.it\\\/#organization\"},\"image\":{\"@id\":\"https:\\\/\\\/www.bellunopress.it\\\/2020\\\/10\\\/24\\\/rispettiamo-le-regole-lappello-del-presidente-della-provincia-roberto-padrin\\\/#primaryimage\"},\"thumbnailUrl\":\"https:\\\/\\\/www.bellunopress.it\\\/wp-content\\\/uploads\\\/2020\\\/05\\\/roberto-padrin_edited.jpg\",\"articleSection\":[\"Cronaca\\\/Politica\",\"Prima Pagina\",\"Sanit\u00e0 Medicina\"],\"inLanguage\":\"fr-FR\"},{\"@type\":\"WebPage\",\"@id\":\"https:\\\/\\\/www.bellunopress.it\\\/2020\\\/10\\\/24\\\/rispettiamo-le-regole-lappello-del-presidente-della-provincia-roberto-padrin\\\/\",\"url\":\"https:\\\/\\\/www.bellunopress.it\\\/2020\\\/10\\\/24\\\/rispettiamo-le-regole-lappello-del-presidente-della-provincia-roberto-padrin\\\/\",\"name\":\"Rispettiamo le regole. L'appello del presidente della Provincia Roberto Padrin - Bellunopress - Dolomiti\",\"isPartOf\":{\"@id\":\"https:\\\/\\\/www.bellunopress.it\\\/#website\"},\"primaryImageOfPage\":{\"@id\":\"https:\\\/\\\/www.bellunopress.it\\\/2020\\\/10\\\/24\\\/rispettiamo-le-regole-lappello-del-presidente-della-provincia-roberto-padrin\\\/#primaryimage\"},\"image\":{\"@id\":\"https:\\\/\\\/www.bellunopress.it\\\/2020\\\/10\\\/24\\\/rispettiamo-le-regole-lappello-del-presidente-della-provincia-roberto-padrin\\\/#primaryimage\"},\"thumbnailUrl\":\"https:\\\/\\\/www.bellunopress.it\\\/wp-content\\\/uploads\\\/2020\\\/05\\\/roberto-padrin_edited.jpg\",\"datePublished\":\"2020-10-24T19:07:55+00:00\",\"breadcrumb\":{\"@id\":\"https:\\\/\\\/www.bellunopress.it\\\/2020\\\/10\\\/24\\\/rispettiamo-le-regole-lappello-del-presidente-della-provincia-roberto-padrin\\\/#breadcrumb\"},\"inLanguage\":\"fr-FR\",\"potentialAction\":[{\"@type\":\"ReadAction\",\"target\":[\"https:\\\/\\\/www.bellunopress.it\\\/2020\\\/10\\\/24\\\/rispettiamo-le-regole-lappello-del-presidente-della-provincia-roberto-padrin\\\/\"]}]},{\"@type\":\"ImageObject\",\"inLanguage\":\"fr-FR\",\"@id\":\"https:\\\/\\\/www.bellunopress.it\\\/2020\\\/10\\\/24\\\/rispettiamo-le-regole-lappello-del-presidente-della-provincia-roberto-padrin\\\/#primaryimage\",\"url\":\"https:\\\/\\\/www.bellunopress.it\\\/wp-content\\\/uploads\\\/2020\\\/05\\\/roberto-padrin_edited.jpg\",\"contentUrl\":\"https:\\\/\\\/www.bellunopress.it\\\/wp-content\\\/uploads\\\/2020\\\/05\\\/roberto-padrin_edited.jpg\",\"width\":736,\"height\":800},{\"@type\":\"BreadcrumbList\",\"@id\":\"https:\\\/\\\/www.bellunopress.it\\\/2020\\\/10\\\/24\\\/rispettiamo-le-regole-lappello-del-presidente-della-provincia-roberto-padrin\\\/#breadcrumb\",\"itemListElement\":[{\"@type\":\"ListItem\",\"position\":1,\"name\":\"Home\",\"item\":\"https:\\\/\\\/www.bellunopress.it\\\/\"},{\"@type\":\"ListItem\",\"position\":2,\"name\":\"Rispettiamo le regole. L&#8217;appello del presidente della Provincia Roberto Padrin\"}]},{\"@type\":\"WebSite\",\"@id\":\"https:\\\/\\\/www.bellunopress.it\\\/#website\",\"url\":\"https:\\\/\\\/www.bellunopress.it\\\/\",\"name\":\"Bellunopress - Dolomiti\",\"description\":\"e-mail: redazione@bellunopress.it\",\"publisher\":{\"@id\":\"https:\\\/\\\/www.bellunopress.it\\\/#organization\"},\"potentialAction\":[{\"@type\":\"SearchAction\",\"target\":{\"@type\":\"EntryPoint\",\"urlTemplate\":\"https:\\\/\\\/www.bellunopress.it\\\/?s={search_term_string}\"},\"query-input\":{\"@type\":\"PropertyValueSpecification\",\"valueRequired\":true,\"valueName\":\"search_term_string\"}}],\"inLanguage\":\"fr-FR\"},{\"@type\":\"Organization\",\"@id\":\"https:\\\/\\\/www.bellunopress.it\\\/#organization\",\"name\":\"Bellunopress\",\"url\":\"https:\\\/\\\/www.bellunopress.it\\\/\",\"logo\":{\"@type\":\"ImageObject\",\"inLanguage\":\"fr-FR\",\"@id\":\"https:\\\/\\\/www.bellunopress.it\\\/#\\\/schema\\\/logo\\\/image\\\/\",\"url\":\"https:\\\/\\\/www.bellunopress.it\\\/wp-content\\\/uploads\\\/2011\\\/05\\\/cropped-logo-bellunopress-.jpg\",\"contentUrl\":\"https:\\\/\\\/www.bellunopress.it\\\/wp-content\\\/uploads\\\/2011\\\/05\\\/cropped-logo-bellunopress-.jpg\",\"width\":512,\"height\":512,\"caption\":\"Bellunopress\"},\"image\":{\"@id\":\"https:\\\/\\\/www.bellunopress.it\\\/#\\\/schema\\\/logo\\\/image\\\/\"},\"sameAs\":[\"https:\\\/\\\/www.facebook.com\\\/profile.php?id=100008943462799\",\"https:\\\/\\\/x.com\\\/bellunopress\",\"https:\\\/\\\/www.linkedin.com\\\/hp\\\/?dnr=JBzUWaJfMUw8vbXJJ2tVW5-I3jZKvC4wsoxE&amp;amp;amp;amp;amp;amp;trk=nav_responsive_tab_home\",\"https:\\\/\\\/www.youtube.com\\\/channel\\\/UCxL0wu1uN0_3_7hGG0306cw\"]},{\"@type\":\"Person\",\"@id\":\"https:\\\/\\\/www.bellunopress.it\\\/#\\\/schema\\\/person\\\/79bb06722b37ece1c03d3e94beb30d73\",\"name\":\"redazione\",\"image\":{\"@type\":\"ImageObject\",\"inLanguage\":\"fr-FR\",\"@id\":\"https:\\\/\\\/secure.gravatar.com\\\/avatar\\\/37d968a2e67a6fd04c169c4bdef102d0bc5d31b2546345219e348575eb80e9a0?s=96&d=mm&r=g\",\"url\":\"https:\\\/\\\/secure.gravatar.com\\\/avatar\\\/37d968a2e67a6fd04c169c4bdef102d0bc5d31b2546345219e348575eb80e9a0?s=96&d=mm&r=g\",\"contentUrl\":\"https:\\\/\\\/secure.gravatar.com\\\/avatar\\\/37d968a2e67a6fd04c169c4bdef102d0bc5d31b2546345219e348575eb80e9a0?s=96&d=mm&r=g\",\"caption\":\"redazione\"},\"sameAs\":[\"http:\\\/\\\/www.bellunopress.it\",\"https:\\\/\\\/x.com\\\/bellunopress\"],\"url\":\"https:\\\/\\\/www.bellunopress.it\\\/fr\\\/author\\\/redazione\\\/\"}]}<\/script>\n<!-- \/ Yoast SEO plugin. -->","yoast_head_json":{"title":"Rispettiamo le regole. L'appello del presidente della Provincia Roberto Padrin - Bellunopress - Dolomiti","robots":{"index":"index","follow":"follow","max-snippet":"max-snippet:-1","max-image-preview":"max-image-preview:large","max-video-preview":"max-video-preview:-1"},"canonical":"https:\/\/www.bellunopress.it\/fr\/2020\/10\/24\/rispettiamo-le-regole-lappello-del-presidente-della-provincia-roberto-padrin\/","og_locale":"fr_FR","og_type":"article","og_title":"Rispettiamo le regole. L'appello del presidente della Provincia Roberto Padrin - Bellunopress - Dolomiti","og_description":"In questo momento dobbiamo essere tutti responsabili. I numeri dei contagi e l&#8217;aumento dei ricoveri ospedalieri ci obbligano a comportamenti rispettosi delle regole. Dobbiamo farlo per chi sta male e anche per chi sta lavorando per la salute di ciascuno di noi. Non ci aspettavamo che la seconda ondata ci avrebbe investito in maniera cos\u00ec [&hellip;]","og_url":"https:\/\/www.bellunopress.it\/fr\/2020\/10\/24\/rispettiamo-le-regole-lappello-del-presidente-della-provincia-roberto-padrin\/","og_site_name":"Bellunopress - Dolomiti","article_publisher":"https:\/\/www.facebook.com\/profile.php?id=100008943462799","article_published_time":"2020-10-24T19:07:55+00:00","og_image":[{"width":736,"height":800,"url":"https:\/\/www.bellunopress.it\/wp-content\/uploads\/2020\/05\/roberto-padrin_edited.jpg","type":"image\/jpeg"}],"author":"redazione","twitter_card":"summary_large_image","twitter_creator":"@bellunopress","twitter_site":"@bellunopress","twitter_misc":{"\u00c9crit par":"redazione","Dur\u00e9e de lecture estim\u00e9e":"1 minute"},"schema":{"@context":"https:\/\/schema.org","@graph":[{"@type":"Article","@id":"https:\/\/www.bellunopress.it\/2020\/10\/24\/rispettiamo-le-regole-lappello-del-presidente-della-provincia-roberto-padrin\/#article","isPartOf":{"@id":"https:\/\/www.bellunopress.it\/2020\/10\/24\/rispettiamo-le-regole-lappello-del-presidente-della-provincia-roberto-padrin\/"},"author":{"name":"redazione","@id":"https:\/\/www.bellunopress.it\/#\/schema\/person\/79bb06722b37ece1c03d3e94beb30d73"},"headline":"Rispettiamo le regole. L&#8217;appello del presidente della Provincia Roberto Padrin","datePublished":"2020-10-24T19:07:55+00:00","mainEntityOfPage":{"@id":"https:\/\/www.bellunopress.it\/2020\/10\/24\/rispettiamo-le-regole-lappello-del-presidente-della-provincia-roberto-padrin\/"},"wordCount":269,"publisher":{"@id":"https:\/\/www.bellunopress.it\/#organization"},"image":{"@id":"https:\/\/www.bellunopress.it\/2020\/10\/24\/rispettiamo-le-regole-lappello-del-presidente-della-provincia-roberto-padrin\/#primaryimage"},"thumbnailUrl":"https:\/\/www.bellunopress.it\/wp-content\/uploads\/2020\/05\/roberto-padrin_edited.jpg","articleSection":["Cronaca\/Politica","Prima Pagina","Sanit\u00e0 Medicina"],"inLanguage":"fr-FR"},{"@type":"WebPage","@id":"https:\/\/www.bellunopress.it\/2020\/10\/24\/rispettiamo-le-regole-lappello-del-presidente-della-provincia-roberto-padrin\/","url":"https:\/\/www.bellunopress.it\/2020\/10\/24\/rispettiamo-le-regole-lappello-del-presidente-della-provincia-roberto-padrin\/","name":"Rispettiamo le regole. L'appello del presidente della Provincia Roberto Padrin - Bellunopress - Dolomiti","isPartOf":{"@id":"https:\/\/www.bellunopress.it\/#website"},"primaryImageOfPage":{"@id":"https:\/\/www.bellunopress.it\/2020\/10\/24\/rispettiamo-le-regole-lappello-del-presidente-della-provincia-roberto-padrin\/#primaryimage"},"image":{"@id":"https:\/\/www.bellunopress.it\/2020\/10\/24\/rispettiamo-le-regole-lappello-del-presidente-della-provincia-roberto-padrin\/#primaryimage"},"thumbnailUrl":"https:\/\/www.bellunopress.it\/wp-content\/uploads\/2020\/05\/roberto-padrin_edited.jpg","datePublished":"2020-10-24T19:07:55+00:00","breadcrumb":{"@id":"https:\/\/www.bellunopress.it\/2020\/10\/24\/rispettiamo-le-regole-lappello-del-presidente-della-provincia-roberto-padrin\/#breadcrumb"},"inLanguage":"fr-FR","potentialAction":[{"@type":"ReadAction","target":["https:\/\/www.bellunopress.it\/2020\/10\/24\/rispettiamo-le-regole-lappello-del-presidente-della-provincia-roberto-padrin\/"]}]},{"@type":"ImageObject","inLanguage":"fr-FR","@id":"https:\/\/www.bellunopress.it\/2020\/10\/24\/rispettiamo-le-regole-lappello-del-presidente-della-provincia-roberto-padrin\/#primaryimage","url":"https:\/\/www.bellunopress.it\/wp-content\/uploads\/2020\/05\/roberto-padrin_edited.jpg","contentUrl":"https:\/\/www.bellunopress.it\/wp-content\/uploads\/2020\/05\/roberto-padrin_edited.jpg","width":736,"height":800},{"@type":"BreadcrumbList","@id":"https:\/\/www.bellunopress.it\/2020\/10\/24\/rispettiamo-le-regole-lappello-del-presidente-della-provincia-roberto-padrin\/#breadcrumb","itemListElement":[{"@type":"ListItem","position":1,"name":"Home","item":"https:\/\/www.bellunopress.it\/"},{"@type":"ListItem","position":2,"name":"Rispettiamo le regole. L&#8217;appello del presidente della Provincia Roberto Padrin"}]},{"@type":"WebSite","@id":"https:\/\/www.bellunopress.it\/#website","url":"https:\/\/www.bellunopress.it\/","name":"Bellunopress - Dolomiti","description":"e-mail: redazione@bellunopress.it","publisher":{"@id":"https:\/\/www.bellunopress.it\/#organization"},"potentialAction":[{"@type":"SearchAction","target":{"@type":"EntryPoint","urlTemplate":"https:\/\/www.bellunopress.it\/?s={search_term_string}"},"query-input":{"@type":"PropertyValueSpecification","valueRequired":true,"valueName":"search_term_string"}}],"inLanguage":"fr-FR"},{"@type":"Organization","@id":"https:\/\/www.bellunopress.it\/#organization","name":"Bellunopress","url":"https:\/\/www.bellunopress.it\/","logo":{"@type":"ImageObject","inLanguage":"fr-FR","@id":"https:\/\/www.bellunopress.it\/#\/schema\/logo\/image\/","url":"https:\/\/www.bellunopress.it\/wp-content\/uploads\/2011\/05\/cropped-logo-bellunopress-.jpg","contentUrl":"https:\/\/www.bellunopress.it\/wp-content\/uploads\/2011\/05\/cropped-logo-bellunopress-.jpg","width":512,"height":512,"caption":"Bellunopress"},"image":{"@id":"https:\/\/www.bellunopress.it\/#\/schema\/logo\/image\/"},"sameAs":["https:\/\/www.facebook.com\/profile.php?id=100008943462799","https:\/\/x.com\/bellunopress","https:\/\/www.linkedin.com\/hp\/?dnr=JBzUWaJfMUw8vbXJJ2tVW5-I3jZKvC4wsoxE&amp;amp;amp;amp;amp;amp;trk=nav_responsive_tab_home","https:\/\/www.youtube.com\/channel\/UCxL0wu1uN0_3_7hGG0306cw"]},{"@type":"Person","@id":"https:\/\/www.bellunopress.it\/#\/schema\/person\/79bb06722b37ece1c03d3e94beb30d73","name":"r\u00e9daction","image":{"@type":"ImageObject","inLanguage":"fr-FR","@id":"https:\/\/secure.gravatar.com\/avatar\/37d968a2e67a6fd04c169c4bdef102d0bc5d31b2546345219e348575eb80e9a0?s=96&d=mm&r=g","url":"https:\/\/secure.gravatar.com\/avatar\/37d968a2e67a6fd04c169c4bdef102d0bc5d31b2546345219e348575eb80e9a0?s=96&d=mm&r=g","contentUrl":"https:\/\/secure.gravatar.com\/avatar\/37d968a2e67a6fd04c169c4bdef102d0bc5d31b2546345219e348575eb80e9a0?s=96&d=mm&r=g","caption":"redazione"},"sameAs":["http:\/\/www.bellunopress.it","https:\/\/x.com\/bellunopress"],"url":"https:\/\/www.bellunopress.it\/fr\/author\/redazione\/"}]}},"_links":{"self":[{"href":"https:\/\/www.bellunopress.it\/fr\/wp-json\/wp\/v2\/posts\/118803","targetHints":{"allow":["GET"]}}],"collection":[{"href":"https:\/\/www.bellunopress.it\/fr\/wp-json\/wp\/v2\/posts"}],"about":[{"href":"https:\/\/www.bellunopress.it\/fr\/wp-json\/wp\/v2\/types\/post"}],"author":[{"embeddable":true,"href":"https:\/\/www.bellunopress.it\/fr\/wp-json\/wp\/v2\/users\/2"}],"replies":[{"embeddable":true,"href":"https:\/\/www.bellunopress.it\/fr\/wp-json\/wp\/v2\/comments?post=118803"}],"version-history":[{"count":1,"href":"https:\/\/www.bellunopress.it\/fr\/wp-json\/wp\/v2\/posts\/118803\/revisions"}],"predecessor-version":[{"id":118804,"href":"https:\/\/www.bellunopress.it\/fr\/wp-json\/wp\/v2\/posts\/118803\/revisions\/118804"}],"wp:featuredmedia":[{"embeddable":true,"href":"https:\/\/www.bellunopress.it\/fr\/wp-json\/wp\/v2\/media\/114304"}],"wp:attachment":[{"href":"https:\/\/www.bellunopress.it\/fr\/wp-json\/wp\/v2\/media?parent=118803"}],"wp:term":[{"taxonomy":"category","embeddable":true,"href":"https:\/\/www.bellunopress.it\/fr\/wp-json\/wp\/v2\/categories?post=118803"},{"taxonomy":"post_tag","embeddable":true,"href":"https:\/\/www.bellunopress.it\/fr\/wp-json\/wp\/v2\/tags?post=118803"}],"curies":[{"name":"wp","href":"https:\/\/api.w.org\/{rel}","templated":true}]}}