{"id":118721,"date":"2020-10-21T16:19:05","date_gmt":"2020-10-21T14:19:05","guid":{"rendered":"http:\/\/www.bellunopress.it\/?p=118721"},"modified":"2020-10-21T16:19:05","modified_gmt":"2020-10-21T14:19:05","slug":"chiuse-le-elementari-di-cortina-trasferiti-10-ospiti-dal-centro-servizi-di-ponte-nelle-alpi-nuove-modalita-di-accesso-ai-drive-in","status":"publish","type":"post","link":"https:\/\/www.bellunopress.it\/fr\/2020\/10\/21\/chiuse-le-elementari-di-cortina-trasferiti-10-ospiti-dal-centro-servizi-di-ponte-nelle-alpi-nuove-modalita-di-accesso-ai-drive-in\/","title":{"rendered":"Chiuse le elementari di Cortina. Trasferiti 10 ospiti dal Centro servizi di Ponte nelle Alpi. Nuove modalit\u00e0 di accesso ai drive-in"},"content":{"rendered":"<p><a href=\"http:\/\/www.bellunopress.it\/fr\/2020\/09\/01\/ulss-dolomiti-nessun-positivo-su-334-tamponi-caprile-via-alla-vaccinazione-contro-lo-pneumococco\/vaccinazione-drive-in_edited\/\" rel=\"attachment wp-att-117261\"><img loading=\"lazy\" decoding=\"async\" class=\"alignleft size-full wp-image-117261\" src=\"http:\/\/www.bellunopress.it\/wp-content\/uploads\/2020\/09\/vaccinazione-drive-in_edited.jpg\" alt=\"\" width=\"800\" height=\"600\" srcset=\"https:\/\/www.bellunopress.it\/wp-content\/uploads\/2020\/09\/vaccinazione-drive-in_edited.jpg 800w, https:\/\/www.bellunopress.it\/wp-content\/uploads\/2020\/09\/vaccinazione-drive-in_edited-500x375.jpg 500w, https:\/\/www.bellunopress.it\/wp-content\/uploads\/2020\/09\/vaccinazione-drive-in_edited-696x522.jpg 696w, https:\/\/www.bellunopress.it\/wp-content\/uploads\/2020\/09\/vaccinazione-drive-in_edited-560x420.jpg 560w, https:\/\/www.bellunopress.it\/wp-content\/uploads\/2020\/09\/vaccinazione-drive-in_edited-80x60.jpg 80w, https:\/\/www.bellunopress.it\/wp-content\/uploads\/2020\/09\/vaccinazione-drive-in_edited-265x198.jpg 265w\" sizes=\"auto, (max-width: 800px) 100vw, 800px\" \/><\/a>Quattro maestre della scuola primaria &#8220;Duca d&#8217;Aosta&#8221; di Cortina d&#8217;Ampezzo sono risultate positive al covid, pertanto il sindaco Gianpietro Ghedina ha pubblicato oggi l&#8217;ordinanza di sospensione delle attivit\u00e0 didattiche fino al 31 ottobre, come da vigente normativa.<\/p>\n<p>L&#8217;Ulss 1 Dolomiti comunica che \u00e8 stata completata oggi l\u2019accoglienza nelle proprie strutture\u00a0 di 10 ospiti provenienti dal Centro Servizi di Ponte nelle Alpi, allo scopo di alleggerire il carico di lavoro e il carico assistenziale del personale della struttura.<br \/>\nL\u2019intervento ha carattere di straordinariet\u00e0 e si aggiunge alle numerose azioni di supporto e di verifica attuate in questi giorni nella struttura di Ponte nelle Alpi, con un notevole impegno da parte dell\u2019Ulss Dolomiti. L\u2019Azienda Sanitaria, infatti, oltre a garantire le risposte ai bisogni di cura dei pazienti covid con sintomatologia che necessitano di un ricovero stratificato secondo intensit\u00e0 di cura nei reparti covid, \u00e8 impegnata a garantire le risposte ai bisogni sanitari \u201cnon covid\u201d della cittadinanza. Inoltre, molto del personale aggiuntivo assunto in questi mesi \u00e8 stato inserito nello staff del Dipartimento di Prevenzione per le nuove e impegnative attivit\u00e0 di diagnostica attraverso tamponi, contact tracing e sorveglianza attiva.<\/p>\n<p>Per quanto riguarda il Centro Servizi di Cortina, si precisa che da diverse settimane la situazione \u00e8 monitorata ed \u00e8 stato attivato un supporto organizzativo con la consulenza di coordinatori Ulss immediatamente intervenuti.<br \/>\nProcede, inoltre, l\u2019attivit\u00e0 di verifica e controllo da parte dell\u2019Ulss degli assetti organizzativi che ogni singolo Centro Servizio ha il compito di attuare secondo il Piano di Sanit\u00e0 Pubblica e le specifiche linee guida regionali.<\/p>\n<p><strong>Nuove modalit\u00e0 di accesso drive-in tamponi<\/strong><br \/>\nDrive-in h24 e accesso libero (senza prenotazione) con impegnativa del Medico di famiglia.<\/p>\n<p>Da luned\u00ec 26 ottobre sar\u00e0 fortemente potenziata l\u2019offerta tamponi nei 4 Covid point (drive-in tamponi) attivi sul territorio, per far fronte all\u2019aumento della richiesta di diagnostica Covid e per rendere pi\u00f9 fluidi e accessibili i percorsi di esecuzione del tampone.<br \/>\n\u2022 Il Covid Point di Belluno sar\u00e0 attivo h 24 7 giorni su 7<br \/>\no dalle 7.00 alle ore 19.00 in Loc. Sagrogna;<br \/>\no dalle 19.00 alle 7.00 all\u2019Ospedale San Martino;<br \/>\n\u2022 Il Covid Point di Feltre \u2013 Zona Peschiera &#8211; ex Marangoni sar\u00e0 attivo dal luned\u00ec al sabato dalle 8.30 alle 12.30<br \/>\n\u2022 Covid point Tai di Cadore \u2013 P.le Dolomiti: dal luned\u00ec al sabato dalle 16.00 alle 18.00<br \/>\n\u2022 Covid point Agordo \u2013 P.le Tamonich: luned\u00ec, mercoled\u00ec e venerd\u00ec dalle 16.00 alle 18.00<\/p>\n<p>Inoltre, per facilitare e velocizzare i percorsi, da luned\u00ec 26 ottobre potranno accedere ai 4 drive-in SENZA APPUNTAMENTO anche le persone a cui \u00e8 stato prescritto un tampone molecolare o un tampone antigenico rapido da parte del Medico di Famiglia. Si ricorda di presentarsi in auto, con mascherina e tessera sanitaria magnetica. All\u2019ingresso dei drive-in andr\u00e0 esibita l\u2019impegnativa cartacea o l\u2019impegnativa dematerializzata sul cellulare. Sar\u00e0 eseguito, sempre in modalit\u00e0 drive-in (abbassando il finestrino dell\u2019auto) il tipo di tampone (antigenico rapido o molecolare) prescritto dal Medico, secondo quanto previsto dalle linee guida per le varie indicazioni al test.<br \/>\nIn caso di test antigenico rapido, il referto sar\u00e0 consegnato sul posto dopo circa 20 minuti. In caso di tampone molecolare sar\u00e0 inviato un SMS con i codici per lo scarico del referto che, di regola, sar\u00e0 disponibile dopo 48\/72 ore. Fino all\u2019esito, la persona dovr\u00e0 rimanere in isolamento domiciliare, seguendo le raccomandazioni sui comportamenti da tenere presenti sul sito www.aulss1.veneto.it.<br \/>\nSi ricorda che accedono al drive-in anche:<br \/>\n\u2022 i soggetti (bambini\/ragazzi\/adulti) frequentanti la scuola con sintomatologia simil covid, preferibilmente su indicazione del Pediatra o del Medico di Famiglia, con ACCESSO LIBERO<br \/>\n\u2022 i soggetti in rientro da Belgio, Francia, Paesi Bassi, Regno Unito di Gran Bretagna e Irlanda del Nord, Repubblica Ceca con ACCESSO LIBERO (senza prenotazione, senza impegnativa)<br \/>\n\u2022 i soggetti inviati dall\u2019unit\u00e0 di Crisi del Dipartimento di Prevenzione \u2013 SU INDICAZIONE DEL DIPARTIMENTO DI PREVENZIONE<\/p>\n<p>&nbsp;<\/p>","protected":false},"excerpt":{"rendered":"<p>Quattro maestre della scuola primaria &#8220;Duca d&#8217;Aosta&#8221; di Cortina d&#8217;Ampezzo sono risultate positive al covid, pertanto il sindaco Gianpietro Ghedina ha pubblicato oggi l&#8217;ordinanza di sospensione delle attivit\u00e0 didattiche fino al 31 ottobre, come da vigente normativa. L&#8217;Ulss 1 Dolomiti comunica che \u00e8 stata completata oggi l\u2019accoglienza nelle proprie strutture\u00a0 di 10 ospiti provenienti dal [&hellip;]<\/p>\n","protected":false},"author":2,"featured_media":117261,"comment_status":"closed","ping_status":"open","sticky":false,"template":"","format":"standard","meta":{"footnotes":""},"categories":[5,26,17],"tags":[],"class_list":["post-118721","post","type-post","status-publish","format-standard","has-post-thumbnail","category-cronaca","category-prima-pagina","category-sanita"],"yoast_head":"<!-- This site is optimized with the Yoast SEO plugin v28.4 - https:\/\/yoast.com\/product\/yoast-seo-wordpress\/ -->\n<title>Chiuse le elementari di Cortina. Trasferiti 10 ospiti dal Centro servizi di Ponte nelle Alpi. Nuove modalit\u00e0 di accesso ai drive-in - Bellunopress - Dolomiti<\/title>\n<meta name=\"robots\" content=\"index, follow, max-snippet:-1, max-image-preview:large, max-video-preview:-1\" \/>\n<link rel=\"canonical\" href=\"https:\/\/www.bellunopress.it\/fr\/2020\/10\/21\/chiuse-le-elementari-di-cortina-trasferiti-10-ospiti-dal-centro-servizi-di-ponte-nelle-alpi-nuove-modalita-di-accesso-ai-drive-in\/\" \/>\n<meta property=\"og:locale\" content=\"fr_FR\" \/>\n<meta property=\"og:type\" content=\"article\" \/>\n<meta property=\"og:title\" content=\"Chiuse le elementari di Cortina. Trasferiti 10 ospiti dal Centro servizi di Ponte nelle Alpi. Nuove modalit\u00e0 di accesso ai drive-in - Bellunopress - Dolomiti\" \/>\n<meta property=\"og:description\" content=\"Quattro maestre della scuola primaria &#8220;Duca d&#8217;Aosta&#8221; di Cortina d&#8217;Ampezzo sono risultate positive al covid, pertanto il sindaco Gianpietro Ghedina ha pubblicato oggi l&#8217;ordinanza di sospensione delle attivit\u00e0 didattiche fino al 31 ottobre, come da vigente normativa. L&#8217;Ulss 1 Dolomiti comunica che \u00e8 stata completata oggi l\u2019accoglienza nelle proprie strutture\u00a0 di 10 ospiti provenienti dal [&hellip;]\" \/>\n<meta property=\"og:url\" content=\"https:\/\/www.bellunopress.it\/fr\/2020\/10\/21\/chiuse-le-elementari-di-cortina-trasferiti-10-ospiti-dal-centro-servizi-di-ponte-nelle-alpi-nuove-modalita-di-accesso-ai-drive-in\/\" \/>\n<meta property=\"og:site_name\" content=\"Bellunopress - Dolomiti\" \/>\n<meta property=\"article:publisher\" content=\"https:\/\/www.facebook.com\/profile.php?id=100008943462799\" \/>\n<meta property=\"article:published_time\" content=\"2020-10-21T14:19:05+00:00\" \/>\n<meta property=\"og:image\" content=\"https:\/\/www.bellunopress.it\/wp-content\/uploads\/2020\/09\/vaccinazione-drive-in_edited.jpg\" \/>\n\t<meta property=\"og:image:width\" content=\"800\" \/>\n\t<meta property=\"og:image:height\" content=\"600\" \/>\n\t<meta property=\"og:image:type\" content=\"image\/jpeg\" \/>\n<meta name=\"author\" content=\"redazione\" \/>\n<meta name=\"twitter:card\" content=\"summary_large_image\" \/>\n<meta name=\"twitter:creator\" content=\"@bellunopress\" \/>\n<meta name=\"twitter:site\" content=\"@bellunopress\" \/>\n<meta name=\"twitter:label1\" content=\"\u00c9crit par\" \/>\n\t<meta name=\"twitter:data1\" content=\"redazione\" \/>\n\t<meta name=\"twitter:label2\" content=\"Dur\u00e9e de lecture estim\u00e9e\" \/>\n\t<meta name=\"twitter:data2\" content=\"3 minutes\" \/>\n<script type=\"application\/ld+json\" class=\"yoast-schema-graph\">{\"@context\":\"https:\\\/\\\/schema.org\",\"@graph\":[{\"@type\":\"Article\",\"@id\":\"https:\\\/\\\/www.bellunopress.it\\\/2020\\\/10\\\/21\\\/chiuse-le-elementari-di-cortina-trasferiti-10-ospiti-dal-centro-servizi-di-ponte-nelle-alpi-nuove-modalita-di-accesso-ai-drive-in\\\/#article\",\"isPartOf\":{\"@id\":\"https:\\\/\\\/www.bellunopress.it\\\/2020\\\/10\\\/21\\\/chiuse-le-elementari-di-cortina-trasferiti-10-ospiti-dal-centro-servizi-di-ponte-nelle-alpi-nuove-modalita-di-accesso-ai-drive-in\\\/\"},\"author\":{\"name\":\"redazione\",\"@id\":\"https:\\\/\\\/www.bellunopress.it\\\/#\\\/schema\\\/person\\\/79bb06722b37ece1c03d3e94beb30d73\"},\"headline\":\"Chiuse le elementari di Cortina. Trasferiti 10 ospiti dal Centro servizi di Ponte nelle Alpi. Nuove modalit\u00e0 di accesso ai drive-in\",\"datePublished\":\"2020-10-21T14:19:05+00:00\",\"mainEntityOfPage\":{\"@id\":\"https:\\\/\\\/www.bellunopress.it\\\/2020\\\/10\\\/21\\\/chiuse-le-elementari-di-cortina-trasferiti-10-ospiti-dal-centro-servizi-di-ponte-nelle-alpi-nuove-modalita-di-accesso-ai-drive-in\\\/\"},\"wordCount\":642,\"publisher\":{\"@id\":\"https:\\\/\\\/www.bellunopress.it\\\/#organization\"},\"image\":{\"@id\":\"https:\\\/\\\/www.bellunopress.it\\\/2020\\\/10\\\/21\\\/chiuse-le-elementari-di-cortina-trasferiti-10-ospiti-dal-centro-servizi-di-ponte-nelle-alpi-nuove-modalita-di-accesso-ai-drive-in\\\/#primaryimage\"},\"thumbnailUrl\":\"https:\\\/\\\/www.bellunopress.it\\\/wp-content\\\/uploads\\\/2020\\\/09\\\/vaccinazione-drive-in_edited.jpg\",\"articleSection\":[\"Cronaca\\\/Politica\",\"Prima Pagina\",\"Sanit\u00e0 Medicina\"],\"inLanguage\":\"fr-FR\"},{\"@type\":\"WebPage\",\"@id\":\"https:\\\/\\\/www.bellunopress.it\\\/2020\\\/10\\\/21\\\/chiuse-le-elementari-di-cortina-trasferiti-10-ospiti-dal-centro-servizi-di-ponte-nelle-alpi-nuove-modalita-di-accesso-ai-drive-in\\\/\",\"url\":\"https:\\\/\\\/www.bellunopress.it\\\/2020\\\/10\\\/21\\\/chiuse-le-elementari-di-cortina-trasferiti-10-ospiti-dal-centro-servizi-di-ponte-nelle-alpi-nuove-modalita-di-accesso-ai-drive-in\\\/\",\"name\":\"Chiuse le elementari di Cortina. Trasferiti 10 ospiti dal Centro servizi di Ponte nelle Alpi. Nuove modalit\u00e0 di accesso ai drive-in - Bellunopress - Dolomiti\",\"isPartOf\":{\"@id\":\"https:\\\/\\\/www.bellunopress.it\\\/#website\"},\"primaryImageOfPage\":{\"@id\":\"https:\\\/\\\/www.bellunopress.it\\\/2020\\\/10\\\/21\\\/chiuse-le-elementari-di-cortina-trasferiti-10-ospiti-dal-centro-servizi-di-ponte-nelle-alpi-nuove-modalita-di-accesso-ai-drive-in\\\/#primaryimage\"},\"image\":{\"@id\":\"https:\\\/\\\/www.bellunopress.it\\\/2020\\\/10\\\/21\\\/chiuse-le-elementari-di-cortina-trasferiti-10-ospiti-dal-centro-servizi-di-ponte-nelle-alpi-nuove-modalita-di-accesso-ai-drive-in\\\/#primaryimage\"},\"thumbnailUrl\":\"https:\\\/\\\/www.bellunopress.it\\\/wp-content\\\/uploads\\\/2020\\\/09\\\/vaccinazione-drive-in_edited.jpg\",\"datePublished\":\"2020-10-21T14:19:05+00:00\",\"breadcrumb\":{\"@id\":\"https:\\\/\\\/www.bellunopress.it\\\/2020\\\/10\\\/21\\\/chiuse-le-elementari-di-cortina-trasferiti-10-ospiti-dal-centro-servizi-di-ponte-nelle-alpi-nuove-modalita-di-accesso-ai-drive-in\\\/#breadcrumb\"},\"inLanguage\":\"fr-FR\",\"potentialAction\":[{\"@type\":\"ReadAction\",\"target\":[\"https:\\\/\\\/www.bellunopress.it\\\/2020\\\/10\\\/21\\\/chiuse-le-elementari-di-cortina-trasferiti-10-ospiti-dal-centro-servizi-di-ponte-nelle-alpi-nuove-modalita-di-accesso-ai-drive-in\\\/\"]}]},{\"@type\":\"ImageObject\",\"inLanguage\":\"fr-FR\",\"@id\":\"https:\\\/\\\/www.bellunopress.it\\\/2020\\\/10\\\/21\\\/chiuse-le-elementari-di-cortina-trasferiti-10-ospiti-dal-centro-servizi-di-ponte-nelle-alpi-nuove-modalita-di-accesso-ai-drive-in\\\/#primaryimage\",\"url\":\"https:\\\/\\\/www.bellunopress.it\\\/wp-content\\\/uploads\\\/2020\\\/09\\\/vaccinazione-drive-in_edited.jpg\",\"contentUrl\":\"https:\\\/\\\/www.bellunopress.it\\\/wp-content\\\/uploads\\\/2020\\\/09\\\/vaccinazione-drive-in_edited.jpg\",\"width\":800,\"height\":600,\"caption\":\"tampone\"},{\"@type\":\"BreadcrumbList\",\"@id\":\"https:\\\/\\\/www.bellunopress.it\\\/2020\\\/10\\\/21\\\/chiuse-le-elementari-di-cortina-trasferiti-10-ospiti-dal-centro-servizi-di-ponte-nelle-alpi-nuove-modalita-di-accesso-ai-drive-in\\\/#breadcrumb\",\"itemListElement\":[{\"@type\":\"ListItem\",\"position\":1,\"name\":\"Home\",\"item\":\"https:\\\/\\\/www.bellunopress.it\\\/\"},{\"@type\":\"ListItem\",\"position\":2,\"name\":\"Chiuse le elementari di Cortina. Trasferiti 10 ospiti dal Centro servizi di Ponte nelle Alpi. Nuove modalit\u00e0 di accesso ai drive-in\"}]},{\"@type\":\"WebSite\",\"@id\":\"https:\\\/\\\/www.bellunopress.it\\\/#website\",\"url\":\"https:\\\/\\\/www.bellunopress.it\\\/\",\"name\":\"Bellunopress - Dolomiti\",\"description\":\"e-mail: redazione@bellunopress.it\",\"publisher\":{\"@id\":\"https:\\\/\\\/www.bellunopress.it\\\/#organization\"},\"potentialAction\":[{\"@type\":\"SearchAction\",\"target\":{\"@type\":\"EntryPoint\",\"urlTemplate\":\"https:\\\/\\\/www.bellunopress.it\\\/?s={search_term_string}\"},\"query-input\":{\"@type\":\"PropertyValueSpecification\",\"valueRequired\":true,\"valueName\":\"search_term_string\"}}],\"inLanguage\":\"fr-FR\"},{\"@type\":\"Organization\",\"@id\":\"https:\\\/\\\/www.bellunopress.it\\\/#organization\",\"name\":\"Bellunopress\",\"url\":\"https:\\\/\\\/www.bellunopress.it\\\/\",\"logo\":{\"@type\":\"ImageObject\",\"inLanguage\":\"fr-FR\",\"@id\":\"https:\\\/\\\/www.bellunopress.it\\\/#\\\/schema\\\/logo\\\/image\\\/\",\"url\":\"https:\\\/\\\/www.bellunopress.it\\\/wp-content\\\/uploads\\\/2011\\\/05\\\/cropped-logo-bellunopress-.jpg\",\"contentUrl\":\"https:\\\/\\\/www.bellunopress.it\\\/wp-content\\\/uploads\\\/2011\\\/05\\\/cropped-logo-bellunopress-.jpg\",\"width\":512,\"height\":512,\"caption\":\"Bellunopress\"},\"image\":{\"@id\":\"https:\\\/\\\/www.bellunopress.it\\\/#\\\/schema\\\/logo\\\/image\\\/\"},\"sameAs\":[\"https:\\\/\\\/www.facebook.com\\\/profile.php?id=100008943462799\",\"https:\\\/\\\/x.com\\\/bellunopress\",\"https:\\\/\\\/www.linkedin.com\\\/hp\\\/?dnr=JBzUWaJfMUw8vbXJJ2tVW5-I3jZKvC4wsoxE&amp;amp;amp;amp;amp;amp;trk=nav_responsive_tab_home\",\"https:\\\/\\\/www.youtube.com\\\/channel\\\/UCxL0wu1uN0_3_7hGG0306cw\"]},{\"@type\":\"Person\",\"@id\":\"https:\\\/\\\/www.bellunopress.it\\\/#\\\/schema\\\/person\\\/79bb06722b37ece1c03d3e94beb30d73\",\"name\":\"redazione\",\"image\":{\"@type\":\"ImageObject\",\"inLanguage\":\"fr-FR\",\"@id\":\"https:\\\/\\\/secure.gravatar.com\\\/avatar\\\/37d968a2e67a6fd04c169c4bdef102d0bc5d31b2546345219e348575eb80e9a0?s=96&d=mm&r=g\",\"url\":\"https:\\\/\\\/secure.gravatar.com\\\/avatar\\\/37d968a2e67a6fd04c169c4bdef102d0bc5d31b2546345219e348575eb80e9a0?s=96&d=mm&r=g\",\"contentUrl\":\"https:\\\/\\\/secure.gravatar.com\\\/avatar\\\/37d968a2e67a6fd04c169c4bdef102d0bc5d31b2546345219e348575eb80e9a0?s=96&d=mm&r=g\",\"caption\":\"redazione\"},\"sameAs\":[\"http:\\\/\\\/www.bellunopress.it\",\"https:\\\/\\\/x.com\\\/bellunopress\"],\"url\":\"https:\\\/\\\/www.bellunopress.it\\\/fr\\\/author\\\/redazione\\\/\"}]}<\/script>\n<!-- \/ Yoast SEO plugin. -->","yoast_head_json":{"title":"Chiuse le elementari di Cortina. Trasferiti 10 ospiti dal Centro servizi di Ponte nelle Alpi. Nuove modalit\u00e0 di accesso ai drive-in - Bellunopress - Dolomiti","robots":{"index":"index","follow":"follow","max-snippet":"max-snippet:-1","max-image-preview":"max-image-preview:large","max-video-preview":"max-video-preview:-1"},"canonical":"https:\/\/www.bellunopress.it\/fr\/2020\/10\/21\/chiuse-le-elementari-di-cortina-trasferiti-10-ospiti-dal-centro-servizi-di-ponte-nelle-alpi-nuove-modalita-di-accesso-ai-drive-in\/","og_locale":"fr_FR","og_type":"article","og_title":"Chiuse le elementari di Cortina. Trasferiti 10 ospiti dal Centro servizi di Ponte nelle Alpi. Nuove modalit\u00e0 di accesso ai drive-in - Bellunopress - Dolomiti","og_description":"Quattro maestre della scuola primaria &#8220;Duca d&#8217;Aosta&#8221; di Cortina d&#8217;Ampezzo sono risultate positive al covid, pertanto il sindaco Gianpietro Ghedina ha pubblicato oggi l&#8217;ordinanza di sospensione delle attivit\u00e0 didattiche fino al 31 ottobre, come da vigente normativa. L&#8217;Ulss 1 Dolomiti comunica che \u00e8 stata completata oggi l\u2019accoglienza nelle proprie strutture\u00a0 di 10 ospiti provenienti dal [&hellip;]","og_url":"https:\/\/www.bellunopress.it\/fr\/2020\/10\/21\/chiuse-le-elementari-di-cortina-trasferiti-10-ospiti-dal-centro-servizi-di-ponte-nelle-alpi-nuove-modalita-di-accesso-ai-drive-in\/","og_site_name":"Bellunopress - Dolomiti","article_publisher":"https:\/\/www.facebook.com\/profile.php?id=100008943462799","article_published_time":"2020-10-21T14:19:05+00:00","og_image":[{"width":800,"height":600,"url":"https:\/\/www.bellunopress.it\/wp-content\/uploads\/2020\/09\/vaccinazione-drive-in_edited.jpg","type":"image\/jpeg"}],"author":"redazione","twitter_card":"summary_large_image","twitter_creator":"@bellunopress","twitter_site":"@bellunopress","twitter_misc":{"\u00c9crit par":"redazione","Dur\u00e9e de lecture estim\u00e9e":"3 minutes"},"schema":{"@context":"https:\/\/schema.org","@graph":[{"@type":"Article","@id":"https:\/\/www.bellunopress.it\/2020\/10\/21\/chiuse-le-elementari-di-cortina-trasferiti-10-ospiti-dal-centro-servizi-di-ponte-nelle-alpi-nuove-modalita-di-accesso-ai-drive-in\/#article","isPartOf":{"@id":"https:\/\/www.bellunopress.it\/2020\/10\/21\/chiuse-le-elementari-di-cortina-trasferiti-10-ospiti-dal-centro-servizi-di-ponte-nelle-alpi-nuove-modalita-di-accesso-ai-drive-in\/"},"author":{"name":"redazione","@id":"https:\/\/www.bellunopress.it\/#\/schema\/person\/79bb06722b37ece1c03d3e94beb30d73"},"headline":"Chiuse le elementari di Cortina. Trasferiti 10 ospiti dal Centro servizi di Ponte nelle Alpi. Nuove modalit\u00e0 di accesso ai drive-in","datePublished":"2020-10-21T14:19:05+00:00","mainEntityOfPage":{"@id":"https:\/\/www.bellunopress.it\/2020\/10\/21\/chiuse-le-elementari-di-cortina-trasferiti-10-ospiti-dal-centro-servizi-di-ponte-nelle-alpi-nuove-modalita-di-accesso-ai-drive-in\/"},"wordCount":642,"publisher":{"@id":"https:\/\/www.bellunopress.it\/#organization"},"image":{"@id":"https:\/\/www.bellunopress.it\/2020\/10\/21\/chiuse-le-elementari-di-cortina-trasferiti-10-ospiti-dal-centro-servizi-di-ponte-nelle-alpi-nuove-modalita-di-accesso-ai-drive-in\/#primaryimage"},"thumbnailUrl":"https:\/\/www.bellunopress.it\/wp-content\/uploads\/2020\/09\/vaccinazione-drive-in_edited.jpg","articleSection":["Cronaca\/Politica","Prima Pagina","Sanit\u00e0 Medicina"],"inLanguage":"fr-FR"},{"@type":"WebPage","@id":"https:\/\/www.bellunopress.it\/2020\/10\/21\/chiuse-le-elementari-di-cortina-trasferiti-10-ospiti-dal-centro-servizi-di-ponte-nelle-alpi-nuove-modalita-di-accesso-ai-drive-in\/","url":"https:\/\/www.bellunopress.it\/2020\/10\/21\/chiuse-le-elementari-di-cortina-trasferiti-10-ospiti-dal-centro-servizi-di-ponte-nelle-alpi-nuove-modalita-di-accesso-ai-drive-in\/","name":"Chiuse le elementari di Cortina. Trasferiti 10 ospiti dal Centro servizi di Ponte nelle Alpi. Nuove modalit\u00e0 di accesso ai drive-in - Bellunopress - Dolomiti","isPartOf":{"@id":"https:\/\/www.bellunopress.it\/#website"},"primaryImageOfPage":{"@id":"https:\/\/www.bellunopress.it\/2020\/10\/21\/chiuse-le-elementari-di-cortina-trasferiti-10-ospiti-dal-centro-servizi-di-ponte-nelle-alpi-nuove-modalita-di-accesso-ai-drive-in\/#primaryimage"},"image":{"@id":"https:\/\/www.bellunopress.it\/2020\/10\/21\/chiuse-le-elementari-di-cortina-trasferiti-10-ospiti-dal-centro-servizi-di-ponte-nelle-alpi-nuove-modalita-di-accesso-ai-drive-in\/#primaryimage"},"thumbnailUrl":"https:\/\/www.bellunopress.it\/wp-content\/uploads\/2020\/09\/vaccinazione-drive-in_edited.jpg","datePublished":"2020-10-21T14:19:05+00:00","breadcrumb":{"@id":"https:\/\/www.bellunopress.it\/2020\/10\/21\/chiuse-le-elementari-di-cortina-trasferiti-10-ospiti-dal-centro-servizi-di-ponte-nelle-alpi-nuove-modalita-di-accesso-ai-drive-in\/#breadcrumb"},"inLanguage":"fr-FR","potentialAction":[{"@type":"ReadAction","target":["https:\/\/www.bellunopress.it\/2020\/10\/21\/chiuse-le-elementari-di-cortina-trasferiti-10-ospiti-dal-centro-servizi-di-ponte-nelle-alpi-nuove-modalita-di-accesso-ai-drive-in\/"]}]},{"@type":"ImageObject","inLanguage":"fr-FR","@id":"https:\/\/www.bellunopress.it\/2020\/10\/21\/chiuse-le-elementari-di-cortina-trasferiti-10-ospiti-dal-centro-servizi-di-ponte-nelle-alpi-nuove-modalita-di-accesso-ai-drive-in\/#primaryimage","url":"https:\/\/www.bellunopress.it\/wp-content\/uploads\/2020\/09\/vaccinazione-drive-in_edited.jpg","contentUrl":"https:\/\/www.bellunopress.it\/wp-content\/uploads\/2020\/09\/vaccinazione-drive-in_edited.jpg","width":800,"height":600,"caption":"tampone"},{"@type":"BreadcrumbList","@id":"https:\/\/www.bellunopress.it\/2020\/10\/21\/chiuse-le-elementari-di-cortina-trasferiti-10-ospiti-dal-centro-servizi-di-ponte-nelle-alpi-nuove-modalita-di-accesso-ai-drive-in\/#breadcrumb","itemListElement":[{"@type":"ListItem","position":1,"name":"Home","item":"https:\/\/www.bellunopress.it\/"},{"@type":"ListItem","position":2,"name":"Chiuse le elementari di Cortina. Trasferiti 10 ospiti dal Centro servizi di Ponte nelle Alpi. Nuove modalit\u00e0 di accesso ai drive-in"}]},{"@type":"WebSite","@id":"https:\/\/www.bellunopress.it\/#website","url":"https:\/\/www.bellunopress.it\/","name":"Bellunopress - Dolomiti","description":"e-mail: redazione@bellunopress.it","publisher":{"@id":"https:\/\/www.bellunopress.it\/#organization"},"potentialAction":[{"@type":"SearchAction","target":{"@type":"EntryPoint","urlTemplate":"https:\/\/www.bellunopress.it\/?s={search_term_string}"},"query-input":{"@type":"PropertyValueSpecification","valueRequired":true,"valueName":"search_term_string"}}],"inLanguage":"fr-FR"},{"@type":"Organization","@id":"https:\/\/www.bellunopress.it\/#organization","name":"Bellunopress","url":"https:\/\/www.bellunopress.it\/","logo":{"@type":"ImageObject","inLanguage":"fr-FR","@id":"https:\/\/www.bellunopress.it\/#\/schema\/logo\/image\/","url":"https:\/\/www.bellunopress.it\/wp-content\/uploads\/2011\/05\/cropped-logo-bellunopress-.jpg","contentUrl":"https:\/\/www.bellunopress.it\/wp-content\/uploads\/2011\/05\/cropped-logo-bellunopress-.jpg","width":512,"height":512,"caption":"Bellunopress"},"image":{"@id":"https:\/\/www.bellunopress.it\/#\/schema\/logo\/image\/"},"sameAs":["https:\/\/www.facebook.com\/profile.php?id=100008943462799","https:\/\/x.com\/bellunopress","https:\/\/www.linkedin.com\/hp\/?dnr=JBzUWaJfMUw8vbXJJ2tVW5-I3jZKvC4wsoxE&amp;amp;amp;amp;amp;amp;trk=nav_responsive_tab_home","https:\/\/www.youtube.com\/channel\/UCxL0wu1uN0_3_7hGG0306cw"]},{"@type":"Person","@id":"https:\/\/www.bellunopress.it\/#\/schema\/person\/79bb06722b37ece1c03d3e94beb30d73","name":"r\u00e9daction","image":{"@type":"ImageObject","inLanguage":"fr-FR","@id":"https:\/\/secure.gravatar.com\/avatar\/37d968a2e67a6fd04c169c4bdef102d0bc5d31b2546345219e348575eb80e9a0?s=96&d=mm&r=g","url":"https:\/\/secure.gravatar.com\/avatar\/37d968a2e67a6fd04c169c4bdef102d0bc5d31b2546345219e348575eb80e9a0?s=96&d=mm&r=g","contentUrl":"https:\/\/secure.gravatar.com\/avatar\/37d968a2e67a6fd04c169c4bdef102d0bc5d31b2546345219e348575eb80e9a0?s=96&d=mm&r=g","caption":"redazione"},"sameAs":["http:\/\/www.bellunopress.it","https:\/\/x.com\/bellunopress"],"url":"https:\/\/www.bellunopress.it\/fr\/author\/redazione\/"}]}},"_links":{"self":[{"href":"https:\/\/www.bellunopress.it\/fr\/wp-json\/wp\/v2\/posts\/118721","targetHints":{"allow":["GET"]}}],"collection":[{"href":"https:\/\/www.bellunopress.it\/fr\/wp-json\/wp\/v2\/posts"}],"about":[{"href":"https:\/\/www.bellunopress.it\/fr\/wp-json\/wp\/v2\/types\/post"}],"author":[{"embeddable":true,"href":"https:\/\/www.bellunopress.it\/fr\/wp-json\/wp\/v2\/users\/2"}],"replies":[{"embeddable":true,"href":"https:\/\/www.bellunopress.it\/fr\/wp-json\/wp\/v2\/comments?post=118721"}],"version-history":[{"count":1,"href":"https:\/\/www.bellunopress.it\/fr\/wp-json\/wp\/v2\/posts\/118721\/revisions"}],"predecessor-version":[{"id":118722,"href":"https:\/\/www.bellunopress.it\/fr\/wp-json\/wp\/v2\/posts\/118721\/revisions\/118722"}],"wp:featuredmedia":[{"embeddable":true,"href":"https:\/\/www.bellunopress.it\/fr\/wp-json\/wp\/v2\/media\/117261"}],"wp:attachment":[{"href":"https:\/\/www.bellunopress.it\/fr\/wp-json\/wp\/v2\/media?parent=118721"}],"wp:term":[{"taxonomy":"category","embeddable":true,"href":"https:\/\/www.bellunopress.it\/fr\/wp-json\/wp\/v2\/categories?post=118721"},{"taxonomy":"post_tag","embeddable":true,"href":"https:\/\/www.bellunopress.it\/fr\/wp-json\/wp\/v2\/tags?post=118721"}],"curies":[{"name":"wp","href":"https:\/\/api.w.org\/{rel}","templated":true}]}}