{"id":118652,"date":"2020-10-19T14:22:22","date_gmt":"2020-10-19T12:22:22","guid":{"rendered":"http:\/\/www.bellunopress.it\/?p=118652"},"modified":"2020-10-19T14:22:22","modified_gmt":"2020-10-19T12:22:22","slug":"nuovo-dpcm-rischio-chiusure-indifferenziate-per-le-palestre-michele-basso-confartigianato-distinguere-tra-chi-rispetta-le-norme-anti-contagio-e-chi-no","status":"publish","type":"post","link":"https:\/\/www.bellunopress.it\/fr\/2020\/10\/19\/nuovo-dpcm-rischio-chiusure-indifferenziate-per-le-palestre-michele-basso-confartigianato-distinguere-tra-chi-rispetta-le-norme-anti-contagio-e-chi-no\/","title":{"rendered":"Nuovo Dpcm, rischio chiusure indifferenziate per le palestre. Michele Basso (Confartigianato): \u00abDistinguere tra chi rispetta le norme anti-contagio e chi no\u00bb"},"content":{"rendered":"<figure id=\"attachment_113858\" aria-describedby=\"caption-attachment-113858\" style=\"width: 302px\" class=\"wp-caption alignleft\"><a href=\"http:\/\/www.bellunopress.it\/fr\/2020\/04\/18\/appello-per-la-riapertura-dei-cantieri-michele-basso-confartigianato-da-piu-di-un-mese-in-provincia-sono-ferme-1-600-aziende-del-settore\/michele-basso-direttore-confartigianato-belluno_edited\/\" rel=\"attachment wp-att-113858\"><img loading=\"lazy\" decoding=\"async\" class=\"size-full wp-image-113858\" src=\"http:\/\/www.bellunopress.it\/wp-content\/uploads\/2020\/04\/Michele-Basso-direttore-Confartigianato-Belluno_edited.jpg\" alt=\"\" width=\"302\" height=\"334\" \/><\/a><figcaption id=\"caption-attachment-113858\" class=\"wp-caption-text\">Michele Basso &#8211; Direttore Confartigianato Belluno<\/figcaption><\/figure>\n<p>\u00abLe imprese artigiane hanno sempre rispettato i protocolli e le linee guida anti-Covid. Adesso si operi una distinzione netta tra chi \u00e8 in regola e chi no, lasciando lavorare coloro che possono farlo\u00bb. \u00c8 il primo commento di Michele Basso, direttore Confartigianato Belluno al nuovo Dpcm firmato dal premier Conte. Un decreto che prevede ulteriori strette, soprattutto per quanto riguarda palestre e centri sportivi, che hanno una settimana per adeguarsi.<\/p>\n<p>\u00ab\u00c8 inaccettabile &#8211; afferma Lorenzo Battistel, titolare della palestra Miros e presidente di mestiere della categoria fitness -. Il 20 maggio scorso con l&#8217;ordinanza 64 la Regione Veneto ha accolto il Dpcm che imponeva alle attivit\u00e0 di riaprire soltanto a fronte di una procedura specifica anti-Covid. Significa che chi ha riaperto l&#8217;ha fatto a fronte di misure stringenti. Come settore fitness di Confartigianato Belluno, poi, abbiamo predisposto un protocollo dettagliatissimo che \u00e8 stato preso come modello anche per i controlli e in altre realt\u00e0 d&#8217;Italia\u00bb.<\/p>\n<p>Il protocollo predisposto dall&#8217;ufficio ambiente e sicurezza di Confartigianato Belluno \u00e8 un modello standard per le palestre che gi\u00e0 alcuni soci applicano e che costituisce una buona prassi adattabile alle esigenze delle singole strutture. Il testo dettaglia una serie di misure precise: dalla segnaletica alla logistica dei flussi all&#8217;interno della struttura, dalla raccolta delle immondizie ai distanziamenti, per arrivare fino ai detergenti utilizzati e a tutto quello che \u00e8 certifica l&#8217;avvenuta sanificazione. \u00abStiamo rispettando questi criteri da fine maggio &#8211; continua Battistel -. E adesso il premier ci dice che ci sono sette giorni di tempo per adeguarsi? Allora vuol dire che lo Stato sa benissimo che negli ultimi quattro-cinque mesi ci sono palestre che hanno aperto senza avere i requisiti per farlo. Non accetto che tra una settimana venga imposta una chiusura indifferenziata. Noi abbiamo tutte le carte in regola perch\u00e9 abbiamo sempre seguito le misure previste. Credo sia doveroso, in questa situazione, cominciare a fare un po&#8217; di ordine nella giungla di palestre e centri sportivi: chi ha i requisiti per lavorare, continui a farlo; gli altri chiudano\u00bb.<\/p>\n<p>Dello stesso avviso anche il direttore di Confartigianato Belluno, Michele Basso, che analizza il nuovo Dpcm in modo positivo per quanto riguarda le rassicurazioni di continuit\u00e0 lavorativa per determinate categorie. \u00abI saloni di parrucchieri e acconciatori rimangono aperti e anche i centri estetici sono fuori dalle restrizioni. Questo \u00e8 un bene, visto che all&#8217;inizio si ipotizzava una chiusura totale per queste attivit\u00e0. Sulla conferma della capienza dei mezzi pubblici all&#8217;80% ribadiamo la nostra disponibilit\u00e0 a collaborare per potenziare il servizio. Resta invece l&#8217;amarezza per quanto riguarda le palestre. Non \u00e8 possibile che non si distingua tra chi ha operato e continua a farlo nel rispetto delle norme anti-Covi e chi invece ha agito fuori dai protocolli. Colpire tutti indistintamente significa dare la mazzata finale ad alcuni settori che hanno scelto di lavorare; magari con fatica, tra mille difficolt\u00e0, ma con grande senso di responsabilit\u00e0 nei confronti dei clienti. Una settimana di tempo, dice il premier: gli chiediamo noi di adeguarsi, distinguendo finalmente tra chi si impegna per uscire dal virus e chi ci sta condannando a nuove chiusure\u00bb.<\/p>\n<p>&nbsp;<\/p>","protected":false},"excerpt":{"rendered":"<p>\u00abLe imprese artigiane hanno sempre rispettato i protocolli e le linee guida anti-Covid. Adesso si operi una distinzione netta tra chi \u00e8 in regola e chi no, lasciando lavorare coloro che possono farlo\u00bb. \u00c8 il primo commento di Michele Basso, direttore Confartigianato Belluno al nuovo Dpcm firmato dal premier Conte. Un decreto che prevede ulteriori [&hellip;]<\/p>\n","protected":false},"author":2,"featured_media":113858,"comment_status":"closed","ping_status":"open","sticky":false,"template":"","format":"standard","meta":{"footnotes":""},"categories":[36,26],"tags":[],"class_list":["post-118652","post","type-post","status-publish","format-standard","has-post-thumbnail","category-lavoro-economia","category-prima-pagina"],"yoast_head":"<!-- This site is optimized with the Yoast SEO plugin v28.4 - https:\/\/yoast.com\/product\/yoast-seo-wordpress\/ -->\n<title>Nuovo Dpcm, rischio chiusure indifferenziate per le palestre. Michele Basso (Confartigianato): \u00abDistinguere tra chi rispetta le norme anti-contagio e chi no\u00bb - Bellunopress - Dolomiti<\/title>\n<meta name=\"robots\" content=\"index, follow, max-snippet:-1, max-image-preview:large, max-video-preview:-1\" \/>\n<link rel=\"canonical\" href=\"https:\/\/www.bellunopress.it\/fr\/2020\/10\/19\/nuovo-dpcm-rischio-chiusure-indifferenziate-per-le-palestre-michele-basso-confartigianato-distinguere-tra-chi-rispetta-le-norme-anti-contagio-e-chi-no\/\" \/>\n<meta property=\"og:locale\" content=\"fr_FR\" \/>\n<meta property=\"og:type\" content=\"article\" \/>\n<meta property=\"og:title\" content=\"Nuovo Dpcm, rischio chiusure indifferenziate per le palestre. Michele Basso (Confartigianato): \u00abDistinguere tra chi rispetta le norme anti-contagio e chi no\u00bb - Bellunopress - Dolomiti\" \/>\n<meta property=\"og:description\" content=\"\u00abLe imprese artigiane hanno sempre rispettato i protocolli e le linee guida anti-Covid. Adesso si operi una distinzione netta tra chi \u00e8 in regola e chi no, lasciando lavorare coloro che possono farlo\u00bb. \u00c8 il primo commento di Michele Basso, direttore Confartigianato Belluno al nuovo Dpcm firmato dal premier Conte. Un decreto che prevede ulteriori [&hellip;]\" \/>\n<meta property=\"og:url\" content=\"https:\/\/www.bellunopress.it\/fr\/2020\/10\/19\/nuovo-dpcm-rischio-chiusure-indifferenziate-per-le-palestre-michele-basso-confartigianato-distinguere-tra-chi-rispetta-le-norme-anti-contagio-e-chi-no\/\" \/>\n<meta property=\"og:site_name\" content=\"Bellunopress - Dolomiti\" \/>\n<meta property=\"article:publisher\" content=\"https:\/\/www.facebook.com\/profile.php?id=100008943462799\" \/>\n<meta property=\"article:published_time\" content=\"2020-10-19T12:22:22+00:00\" \/>\n<meta property=\"og:image\" content=\"https:\/\/www.bellunopress.it\/wp-content\/uploads\/2020\/04\/Michele-Basso-direttore-Confartigianato-Belluno_edited.jpg\" \/>\n\t<meta property=\"og:image:width\" content=\"302\" \/>\n\t<meta property=\"og:image:height\" content=\"334\" \/>\n\t<meta property=\"og:image:type\" content=\"image\/jpeg\" \/>\n<meta name=\"author\" content=\"redazione\" \/>\n<meta name=\"twitter:card\" content=\"summary_large_image\" \/>\n<meta name=\"twitter:creator\" content=\"@bellunopress\" \/>\n<meta name=\"twitter:site\" content=\"@bellunopress\" \/>\n<meta name=\"twitter:label1\" content=\"\u00c9crit par\" \/>\n\t<meta name=\"twitter:data1\" content=\"redazione\" \/>\n\t<meta name=\"twitter:label2\" content=\"Dur\u00e9e de lecture estim\u00e9e\" \/>\n\t<meta name=\"twitter:data2\" content=\"3 minutes\" \/>\n<script type=\"application\/ld+json\" class=\"yoast-schema-graph\">{\"@context\":\"https:\\\/\\\/schema.org\",\"@graph\":[{\"@type\":\"Article\",\"@id\":\"https:\\\/\\\/www.bellunopress.it\\\/2020\\\/10\\\/19\\\/nuovo-dpcm-rischio-chiusure-indifferenziate-per-le-palestre-michele-basso-confartigianato-distinguere-tra-chi-rispetta-le-norme-anti-contagio-e-chi-no\\\/#article\",\"isPartOf\":{\"@id\":\"https:\\\/\\\/www.bellunopress.it\\\/2020\\\/10\\\/19\\\/nuovo-dpcm-rischio-chiusure-indifferenziate-per-le-palestre-michele-basso-confartigianato-distinguere-tra-chi-rispetta-le-norme-anti-contagio-e-chi-no\\\/\"},\"author\":{\"name\":\"redazione\",\"@id\":\"https:\\\/\\\/www.bellunopress.it\\\/#\\\/schema\\\/person\\\/79bb06722b37ece1c03d3e94beb30d73\"},\"headline\":\"Nuovo Dpcm, rischio chiusure indifferenziate per le palestre. Michele Basso (Confartigianato): \u00abDistinguere tra chi rispetta le norme anti-contagio e chi no\u00bb\",\"datePublished\":\"2020-10-19T12:22:22+00:00\",\"mainEntityOfPage\":{\"@id\":\"https:\\\/\\\/www.bellunopress.it\\\/2020\\\/10\\\/19\\\/nuovo-dpcm-rischio-chiusure-indifferenziate-per-le-palestre-michele-basso-confartigianato-distinguere-tra-chi-rispetta-le-norme-anti-contagio-e-chi-no\\\/\"},\"wordCount\":546,\"publisher\":{\"@id\":\"https:\\\/\\\/www.bellunopress.it\\\/#organization\"},\"image\":{\"@id\":\"https:\\\/\\\/www.bellunopress.it\\\/2020\\\/10\\\/19\\\/nuovo-dpcm-rischio-chiusure-indifferenziate-per-le-palestre-michele-basso-confartigianato-distinguere-tra-chi-rispetta-le-norme-anti-contagio-e-chi-no\\\/#primaryimage\"},\"thumbnailUrl\":\"https:\\\/\\\/www.bellunopress.it\\\/wp-content\\\/uploads\\\/2020\\\/04\\\/Michele-Basso-direttore-Confartigianato-Belluno_edited.jpg\",\"articleSection\":[\"Lavoro, Economia, Turismo\",\"Prima Pagina\"],\"inLanguage\":\"fr-FR\"},{\"@type\":\"WebPage\",\"@id\":\"https:\\\/\\\/www.bellunopress.it\\\/2020\\\/10\\\/19\\\/nuovo-dpcm-rischio-chiusure-indifferenziate-per-le-palestre-michele-basso-confartigianato-distinguere-tra-chi-rispetta-le-norme-anti-contagio-e-chi-no\\\/\",\"url\":\"https:\\\/\\\/www.bellunopress.it\\\/2020\\\/10\\\/19\\\/nuovo-dpcm-rischio-chiusure-indifferenziate-per-le-palestre-michele-basso-confartigianato-distinguere-tra-chi-rispetta-le-norme-anti-contagio-e-chi-no\\\/\",\"name\":\"Nuovo Dpcm, rischio chiusure indifferenziate per le palestre. Michele Basso (Confartigianato): \u00abDistinguere tra chi rispetta le norme anti-contagio e chi no\u00bb - Bellunopress - Dolomiti\",\"isPartOf\":{\"@id\":\"https:\\\/\\\/www.bellunopress.it\\\/#website\"},\"primaryImageOfPage\":{\"@id\":\"https:\\\/\\\/www.bellunopress.it\\\/2020\\\/10\\\/19\\\/nuovo-dpcm-rischio-chiusure-indifferenziate-per-le-palestre-michele-basso-confartigianato-distinguere-tra-chi-rispetta-le-norme-anti-contagio-e-chi-no\\\/#primaryimage\"},\"image\":{\"@id\":\"https:\\\/\\\/www.bellunopress.it\\\/2020\\\/10\\\/19\\\/nuovo-dpcm-rischio-chiusure-indifferenziate-per-le-palestre-michele-basso-confartigianato-distinguere-tra-chi-rispetta-le-norme-anti-contagio-e-chi-no\\\/#primaryimage\"},\"thumbnailUrl\":\"https:\\\/\\\/www.bellunopress.it\\\/wp-content\\\/uploads\\\/2020\\\/04\\\/Michele-Basso-direttore-Confartigianato-Belluno_edited.jpg\",\"datePublished\":\"2020-10-19T12:22:22+00:00\",\"breadcrumb\":{\"@id\":\"https:\\\/\\\/www.bellunopress.it\\\/2020\\\/10\\\/19\\\/nuovo-dpcm-rischio-chiusure-indifferenziate-per-le-palestre-michele-basso-confartigianato-distinguere-tra-chi-rispetta-le-norme-anti-contagio-e-chi-no\\\/#breadcrumb\"},\"inLanguage\":\"fr-FR\",\"potentialAction\":[{\"@type\":\"ReadAction\",\"target\":[\"https:\\\/\\\/www.bellunopress.it\\\/2020\\\/10\\\/19\\\/nuovo-dpcm-rischio-chiusure-indifferenziate-per-le-palestre-michele-basso-confartigianato-distinguere-tra-chi-rispetta-le-norme-anti-contagio-e-chi-no\\\/\"]}]},{\"@type\":\"ImageObject\",\"inLanguage\":\"fr-FR\",\"@id\":\"https:\\\/\\\/www.bellunopress.it\\\/2020\\\/10\\\/19\\\/nuovo-dpcm-rischio-chiusure-indifferenziate-per-le-palestre-michele-basso-confartigianato-distinguere-tra-chi-rispetta-le-norme-anti-contagio-e-chi-no\\\/#primaryimage\",\"url\":\"https:\\\/\\\/www.bellunopress.it\\\/wp-content\\\/uploads\\\/2020\\\/04\\\/Michele-Basso-direttore-Confartigianato-Belluno_edited.jpg\",\"contentUrl\":\"https:\\\/\\\/www.bellunopress.it\\\/wp-content\\\/uploads\\\/2020\\\/04\\\/Michele-Basso-direttore-Confartigianato-Belluno_edited.jpg\",\"width\":302,\"height\":334,\"caption\":\"Michele Basso - Direttore Confartigianato Belluno\"},{\"@type\":\"BreadcrumbList\",\"@id\":\"https:\\\/\\\/www.bellunopress.it\\\/2020\\\/10\\\/19\\\/nuovo-dpcm-rischio-chiusure-indifferenziate-per-le-palestre-michele-basso-confartigianato-distinguere-tra-chi-rispetta-le-norme-anti-contagio-e-chi-no\\\/#breadcrumb\",\"itemListElement\":[{\"@type\":\"ListItem\",\"position\":1,\"name\":\"Home\",\"item\":\"https:\\\/\\\/www.bellunopress.it\\\/\"},{\"@type\":\"ListItem\",\"position\":2,\"name\":\"Nuovo Dpcm, rischio chiusure indifferenziate per le palestre. Michele Basso (Confartigianato): \u00abDistinguere tra chi rispetta le norme anti-contagio e chi no\u00bb\"}]},{\"@type\":\"WebSite\",\"@id\":\"https:\\\/\\\/www.bellunopress.it\\\/#website\",\"url\":\"https:\\\/\\\/www.bellunopress.it\\\/\",\"name\":\"Bellunopress - Dolomiti\",\"description\":\"e-mail: redazione@bellunopress.it\",\"publisher\":{\"@id\":\"https:\\\/\\\/www.bellunopress.it\\\/#organization\"},\"potentialAction\":[{\"@type\":\"SearchAction\",\"target\":{\"@type\":\"EntryPoint\",\"urlTemplate\":\"https:\\\/\\\/www.bellunopress.it\\\/?s={search_term_string}\"},\"query-input\":{\"@type\":\"PropertyValueSpecification\",\"valueRequired\":true,\"valueName\":\"search_term_string\"}}],\"inLanguage\":\"fr-FR\"},{\"@type\":\"Organization\",\"@id\":\"https:\\\/\\\/www.bellunopress.it\\\/#organization\",\"name\":\"Bellunopress\",\"url\":\"https:\\\/\\\/www.bellunopress.it\\\/\",\"logo\":{\"@type\":\"ImageObject\",\"inLanguage\":\"fr-FR\",\"@id\":\"https:\\\/\\\/www.bellunopress.it\\\/#\\\/schema\\\/logo\\\/image\\\/\",\"url\":\"https:\\\/\\\/www.bellunopress.it\\\/wp-content\\\/uploads\\\/2011\\\/05\\\/cropped-logo-bellunopress-.jpg\",\"contentUrl\":\"https:\\\/\\\/www.bellunopress.it\\\/wp-content\\\/uploads\\\/2011\\\/05\\\/cropped-logo-bellunopress-.jpg\",\"width\":512,\"height\":512,\"caption\":\"Bellunopress\"},\"image\":{\"@id\":\"https:\\\/\\\/www.bellunopress.it\\\/#\\\/schema\\\/logo\\\/image\\\/\"},\"sameAs\":[\"https:\\\/\\\/www.facebook.com\\\/profile.php?id=100008943462799\",\"https:\\\/\\\/x.com\\\/bellunopress\",\"https:\\\/\\\/www.linkedin.com\\\/hp\\\/?dnr=JBzUWaJfMUw8vbXJJ2tVW5-I3jZKvC4wsoxE&amp;amp;amp;amp;amp;amp;trk=nav_responsive_tab_home\",\"https:\\\/\\\/www.youtube.com\\\/channel\\\/UCxL0wu1uN0_3_7hGG0306cw\"]},{\"@type\":\"Person\",\"@id\":\"https:\\\/\\\/www.bellunopress.it\\\/#\\\/schema\\\/person\\\/79bb06722b37ece1c03d3e94beb30d73\",\"name\":\"redazione\",\"image\":{\"@type\":\"ImageObject\",\"inLanguage\":\"fr-FR\",\"@id\":\"https:\\\/\\\/secure.gravatar.com\\\/avatar\\\/37d968a2e67a6fd04c169c4bdef102d0bc5d31b2546345219e348575eb80e9a0?s=96&d=mm&r=g\",\"url\":\"https:\\\/\\\/secure.gravatar.com\\\/avatar\\\/37d968a2e67a6fd04c169c4bdef102d0bc5d31b2546345219e348575eb80e9a0?s=96&d=mm&r=g\",\"contentUrl\":\"https:\\\/\\\/secure.gravatar.com\\\/avatar\\\/37d968a2e67a6fd04c169c4bdef102d0bc5d31b2546345219e348575eb80e9a0?s=96&d=mm&r=g\",\"caption\":\"redazione\"},\"sameAs\":[\"http:\\\/\\\/www.bellunopress.it\",\"https:\\\/\\\/x.com\\\/bellunopress\"],\"url\":\"https:\\\/\\\/www.bellunopress.it\\\/fr\\\/author\\\/redazione\\\/\"}]}<\/script>\n<!-- \/ Yoast SEO plugin. -->","yoast_head_json":{"title":"Nuovo Dpcm, rischio chiusure indifferenziate per le palestre. Michele Basso (Confartigianato): \u00abDistinguere tra chi rispetta le norme anti-contagio e chi no\u00bb - Bellunopress - Dolomiti","robots":{"index":"index","follow":"follow","max-snippet":"max-snippet:-1","max-image-preview":"max-image-preview:large","max-video-preview":"max-video-preview:-1"},"canonical":"https:\/\/www.bellunopress.it\/fr\/2020\/10\/19\/nuovo-dpcm-rischio-chiusure-indifferenziate-per-le-palestre-michele-basso-confartigianato-distinguere-tra-chi-rispetta-le-norme-anti-contagio-e-chi-no\/","og_locale":"fr_FR","og_type":"article","og_title":"Nuovo Dpcm, rischio chiusure indifferenziate per le palestre. Michele Basso (Confartigianato): \u00abDistinguere tra chi rispetta le norme anti-contagio e chi no\u00bb - Bellunopress - Dolomiti","og_description":"\u00abLe imprese artigiane hanno sempre rispettato i protocolli e le linee guida anti-Covid. Adesso si operi una distinzione netta tra chi \u00e8 in regola e chi no, lasciando lavorare coloro che possono farlo\u00bb. \u00c8 il primo commento di Michele Basso, direttore Confartigianato Belluno al nuovo Dpcm firmato dal premier Conte. Un decreto che prevede ulteriori [&hellip;]","og_url":"https:\/\/www.bellunopress.it\/fr\/2020\/10\/19\/nuovo-dpcm-rischio-chiusure-indifferenziate-per-le-palestre-michele-basso-confartigianato-distinguere-tra-chi-rispetta-le-norme-anti-contagio-e-chi-no\/","og_site_name":"Bellunopress - Dolomiti","article_publisher":"https:\/\/www.facebook.com\/profile.php?id=100008943462799","article_published_time":"2020-10-19T12:22:22+00:00","og_image":[{"width":302,"height":334,"url":"https:\/\/www.bellunopress.it\/wp-content\/uploads\/2020\/04\/Michele-Basso-direttore-Confartigianato-Belluno_edited.jpg","type":"image\/jpeg"}],"author":"redazione","twitter_card":"summary_large_image","twitter_creator":"@bellunopress","twitter_site":"@bellunopress","twitter_misc":{"\u00c9crit par":"redazione","Dur\u00e9e de lecture estim\u00e9e":"3 minutes"},"schema":{"@context":"https:\/\/schema.org","@graph":[{"@type":"Article","@id":"https:\/\/www.bellunopress.it\/2020\/10\/19\/nuovo-dpcm-rischio-chiusure-indifferenziate-per-le-palestre-michele-basso-confartigianato-distinguere-tra-chi-rispetta-le-norme-anti-contagio-e-chi-no\/#article","isPartOf":{"@id":"https:\/\/www.bellunopress.it\/2020\/10\/19\/nuovo-dpcm-rischio-chiusure-indifferenziate-per-le-palestre-michele-basso-confartigianato-distinguere-tra-chi-rispetta-le-norme-anti-contagio-e-chi-no\/"},"author":{"name":"redazione","@id":"https:\/\/www.bellunopress.it\/#\/schema\/person\/79bb06722b37ece1c03d3e94beb30d73"},"headline":"Nuovo Dpcm, rischio chiusure indifferenziate per le palestre. Michele Basso (Confartigianato): \u00abDistinguere tra chi rispetta le norme anti-contagio e chi no\u00bb","datePublished":"2020-10-19T12:22:22+00:00","mainEntityOfPage":{"@id":"https:\/\/www.bellunopress.it\/2020\/10\/19\/nuovo-dpcm-rischio-chiusure-indifferenziate-per-le-palestre-michele-basso-confartigianato-distinguere-tra-chi-rispetta-le-norme-anti-contagio-e-chi-no\/"},"wordCount":546,"publisher":{"@id":"https:\/\/www.bellunopress.it\/#organization"},"image":{"@id":"https:\/\/www.bellunopress.it\/2020\/10\/19\/nuovo-dpcm-rischio-chiusure-indifferenziate-per-le-palestre-michele-basso-confartigianato-distinguere-tra-chi-rispetta-le-norme-anti-contagio-e-chi-no\/#primaryimage"},"thumbnailUrl":"https:\/\/www.bellunopress.it\/wp-content\/uploads\/2020\/04\/Michele-Basso-direttore-Confartigianato-Belluno_edited.jpg","articleSection":["Lavoro, Economia, Turismo","Prima Pagina"],"inLanguage":"fr-FR"},{"@type":"WebPage","@id":"https:\/\/www.bellunopress.it\/2020\/10\/19\/nuovo-dpcm-rischio-chiusure-indifferenziate-per-le-palestre-michele-basso-confartigianato-distinguere-tra-chi-rispetta-le-norme-anti-contagio-e-chi-no\/","url":"https:\/\/www.bellunopress.it\/2020\/10\/19\/nuovo-dpcm-rischio-chiusure-indifferenziate-per-le-palestre-michele-basso-confartigianato-distinguere-tra-chi-rispetta-le-norme-anti-contagio-e-chi-no\/","name":"Nuovo Dpcm, rischio chiusure indifferenziate per le palestre. Michele Basso (Confartigianato): \u00abDistinguere tra chi rispetta le norme anti-contagio e chi no\u00bb - Bellunopress - Dolomiti","isPartOf":{"@id":"https:\/\/www.bellunopress.it\/#website"},"primaryImageOfPage":{"@id":"https:\/\/www.bellunopress.it\/2020\/10\/19\/nuovo-dpcm-rischio-chiusure-indifferenziate-per-le-palestre-michele-basso-confartigianato-distinguere-tra-chi-rispetta-le-norme-anti-contagio-e-chi-no\/#primaryimage"},"image":{"@id":"https:\/\/www.bellunopress.it\/2020\/10\/19\/nuovo-dpcm-rischio-chiusure-indifferenziate-per-le-palestre-michele-basso-confartigianato-distinguere-tra-chi-rispetta-le-norme-anti-contagio-e-chi-no\/#primaryimage"},"thumbnailUrl":"https:\/\/www.bellunopress.it\/wp-content\/uploads\/2020\/04\/Michele-Basso-direttore-Confartigianato-Belluno_edited.jpg","datePublished":"2020-10-19T12:22:22+00:00","breadcrumb":{"@id":"https:\/\/www.bellunopress.it\/2020\/10\/19\/nuovo-dpcm-rischio-chiusure-indifferenziate-per-le-palestre-michele-basso-confartigianato-distinguere-tra-chi-rispetta-le-norme-anti-contagio-e-chi-no\/#breadcrumb"},"inLanguage":"fr-FR","potentialAction":[{"@type":"ReadAction","target":["https:\/\/www.bellunopress.it\/2020\/10\/19\/nuovo-dpcm-rischio-chiusure-indifferenziate-per-le-palestre-michele-basso-confartigianato-distinguere-tra-chi-rispetta-le-norme-anti-contagio-e-chi-no\/"]}]},{"@type":"ImageObject","inLanguage":"fr-FR","@id":"https:\/\/www.bellunopress.it\/2020\/10\/19\/nuovo-dpcm-rischio-chiusure-indifferenziate-per-le-palestre-michele-basso-confartigianato-distinguere-tra-chi-rispetta-le-norme-anti-contagio-e-chi-no\/#primaryimage","url":"https:\/\/www.bellunopress.it\/wp-content\/uploads\/2020\/04\/Michele-Basso-direttore-Confartigianato-Belluno_edited.jpg","contentUrl":"https:\/\/www.bellunopress.it\/wp-content\/uploads\/2020\/04\/Michele-Basso-direttore-Confartigianato-Belluno_edited.jpg","width":302,"height":334,"caption":"Michele Basso - Direttore Confartigianato Belluno"},{"@type":"BreadcrumbList","@id":"https:\/\/www.bellunopress.it\/2020\/10\/19\/nuovo-dpcm-rischio-chiusure-indifferenziate-per-le-palestre-michele-basso-confartigianato-distinguere-tra-chi-rispetta-le-norme-anti-contagio-e-chi-no\/#breadcrumb","itemListElement":[{"@type":"ListItem","position":1,"name":"Home","item":"https:\/\/www.bellunopress.it\/"},{"@type":"ListItem","position":2,"name":"Nuovo Dpcm, rischio chiusure indifferenziate per le palestre. Michele Basso (Confartigianato): \u00abDistinguere tra chi rispetta le norme anti-contagio e chi no\u00bb"}]},{"@type":"WebSite","@id":"https:\/\/www.bellunopress.it\/#website","url":"https:\/\/www.bellunopress.it\/","name":"Bellunopress - Dolomiti","description":"e-mail: redazione@bellunopress.it","publisher":{"@id":"https:\/\/www.bellunopress.it\/#organization"},"potentialAction":[{"@type":"SearchAction","target":{"@type":"EntryPoint","urlTemplate":"https:\/\/www.bellunopress.it\/?s={search_term_string}"},"query-input":{"@type":"PropertyValueSpecification","valueRequired":true,"valueName":"search_term_string"}}],"inLanguage":"fr-FR"},{"@type":"Organization","@id":"https:\/\/www.bellunopress.it\/#organization","name":"Bellunopress","url":"https:\/\/www.bellunopress.it\/","logo":{"@type":"ImageObject","inLanguage":"fr-FR","@id":"https:\/\/www.bellunopress.it\/#\/schema\/logo\/image\/","url":"https:\/\/www.bellunopress.it\/wp-content\/uploads\/2011\/05\/cropped-logo-bellunopress-.jpg","contentUrl":"https:\/\/www.bellunopress.it\/wp-content\/uploads\/2011\/05\/cropped-logo-bellunopress-.jpg","width":512,"height":512,"caption":"Bellunopress"},"image":{"@id":"https:\/\/www.bellunopress.it\/#\/schema\/logo\/image\/"},"sameAs":["https:\/\/www.facebook.com\/profile.php?id=100008943462799","https:\/\/x.com\/bellunopress","https:\/\/www.linkedin.com\/hp\/?dnr=JBzUWaJfMUw8vbXJJ2tVW5-I3jZKvC4wsoxE&amp;amp;amp;amp;amp;amp;trk=nav_responsive_tab_home","https:\/\/www.youtube.com\/channel\/UCxL0wu1uN0_3_7hGG0306cw"]},{"@type":"Person","@id":"https:\/\/www.bellunopress.it\/#\/schema\/person\/79bb06722b37ece1c03d3e94beb30d73","name":"r\u00e9daction","image":{"@type":"ImageObject","inLanguage":"fr-FR","@id":"https:\/\/secure.gravatar.com\/avatar\/37d968a2e67a6fd04c169c4bdef102d0bc5d31b2546345219e348575eb80e9a0?s=96&d=mm&r=g","url":"https:\/\/secure.gravatar.com\/avatar\/37d968a2e67a6fd04c169c4bdef102d0bc5d31b2546345219e348575eb80e9a0?s=96&d=mm&r=g","contentUrl":"https:\/\/secure.gravatar.com\/avatar\/37d968a2e67a6fd04c169c4bdef102d0bc5d31b2546345219e348575eb80e9a0?s=96&d=mm&r=g","caption":"redazione"},"sameAs":["http:\/\/www.bellunopress.it","https:\/\/x.com\/bellunopress"],"url":"https:\/\/www.bellunopress.it\/fr\/author\/redazione\/"}]}},"_links":{"self":[{"href":"https:\/\/www.bellunopress.it\/fr\/wp-json\/wp\/v2\/posts\/118652","targetHints":{"allow":["GET"]}}],"collection":[{"href":"https:\/\/www.bellunopress.it\/fr\/wp-json\/wp\/v2\/posts"}],"about":[{"href":"https:\/\/www.bellunopress.it\/fr\/wp-json\/wp\/v2\/types\/post"}],"author":[{"embeddable":true,"href":"https:\/\/www.bellunopress.it\/fr\/wp-json\/wp\/v2\/users\/2"}],"replies":[{"embeddable":true,"href":"https:\/\/www.bellunopress.it\/fr\/wp-json\/wp\/v2\/comments?post=118652"}],"version-history":[{"count":1,"href":"https:\/\/www.bellunopress.it\/fr\/wp-json\/wp\/v2\/posts\/118652\/revisions"}],"predecessor-version":[{"id":118653,"href":"https:\/\/www.bellunopress.it\/fr\/wp-json\/wp\/v2\/posts\/118652\/revisions\/118653"}],"wp:featuredmedia":[{"embeddable":true,"href":"https:\/\/www.bellunopress.it\/fr\/wp-json\/wp\/v2\/media\/113858"}],"wp:attachment":[{"href":"https:\/\/www.bellunopress.it\/fr\/wp-json\/wp\/v2\/media?parent=118652"}],"wp:term":[{"taxonomy":"category","embeddable":true,"href":"https:\/\/www.bellunopress.it\/fr\/wp-json\/wp\/v2\/categories?post=118652"},{"taxonomy":"post_tag","embeddable":true,"href":"https:\/\/www.bellunopress.it\/fr\/wp-json\/wp\/v2\/tags?post=118652"}],"curies":[{"name":"wp","href":"https:\/\/api.w.org\/{rel}","templated":true}]}}