{"id":11865,"date":"2010-01-26T21:20:13","date_gmt":"2010-01-26T20:20:13","guid":{"rendered":"http:\/\/www.bellunopress.it\/?p=11865"},"modified":"2010-01-25T21:24:51","modified_gmt":"2010-01-25T20:24:51","slug":"sabato-lo-psicologo-ezio-aceti-a-torres-dalpago","status":"publish","type":"post","link":"https:\/\/www.bellunopress.it\/fr\/2010\/01\/26\/sabato-lo-psicologo-ezio-aceti-a-torres-dalpago\/","title":{"rendered":"Sabato lo psicologo Ezio Aceti a Torres d&#8217;Alpago"},"content":{"rendered":"<p><a href=\"http:\/\/www.bellunopress.it\/wp-content\/uploads\/2010\/01\/ezio-aceti.jpg\"><img loading=\"lazy\" decoding=\"async\" class=\"alignleft size-medium wp-image-11866\" title=\"ezio-aceti\" src=\"http:\/\/www.bellunopress.it\/wp-content\/uploads\/2010\/01\/ezio-aceti.jpg\" alt=\"\" width=\"242\" height=\"242\" srcset=\"https:\/\/www.bellunopress.it\/wp-content\/uploads\/2010\/01\/ezio-aceti.jpg 242w, https:\/\/www.bellunopress.it\/wp-content\/uploads\/2010\/01\/ezio-aceti-150x150.jpg 150w\" sizes=\"auto, (max-width: 242px) 100vw, 242px\" \/><\/a>Quarto appuntamento, sabato 30 gennaio, a partire dalle ore 17, nella sala riunioni del ristorante Beyruth di Torres di d\u2019Alpago, per la fortunata kermesse \u201cGiovani In\u201d. \u201cBasta cavoli e cicogne. Viaggio nell\u2019affettivit\u00e0 e nella sessualit\u00e0\u201d sar\u00e0 il tema affrontato dal relatore Ezio Aceti (nella foto) . Al noto psicologo dell\u2019et\u00e0 evolutiva, autore di numerose pubblicazioni\u00a0 sulla materia, consulente in diversi comuni della Lombardia, \u00e8 stato affidato il compito di dialogare per un paio d\u2019ore, con i giovani adolescenti dell\u2019Alpago e di rispondere alle loro domande. Di affrontare i temi tipici di un periodo della vita di crescita e di grandi cambiamenti fisici e psicologici: quindi amicizia, relazioni tra i coetanei e con i genitori, innamoramento, cambiamenti del corpo, sessualit\u00e0. Ma anche di\u00a0 facilitare lo scambio di esperienze, di far emergere le diverse opinioni ed emozioni, di stimolare la riflessione, per permettere di maturare poi scelte consapevoli, anche nei confronti dei temi della sessualit\u00e0, favorendo nel contempo il processo di crescita personale e relazionale. Ma Aceti \u00e8 stato invitato anche per offrire qualche suggerimento pratico alle famiglie che hanno figli nell\u2019et\u00e0 della pre-adoloescenza e dell\u2019adolescenza e a tutti gli educatori interessati al tema. Per questo l\u2019incontro \u00e8 aperto a tutti. A seguire, alle 19.30 per i giovani \u00e8 prevista la cena, alla quale far\u00e0 seguito una serata musicale con il gruppo Erresse. \u201cGiovani In\u201d \u00e8 promosso\u00a0 dal \u201cComitato Alpago 2 ruote &amp; solidariet\u00e0, finanziato dalla Regione Veneto e patrocinato dalla locale Comunit\u00e0 Montana,\u201d ed \u00e8 organizzato in collaborazione con le parrocchie dell\u2019Alpago e gestito operativamente da giovani provenienti sia dal mondo cattolico che laico della conca.<br \/>\nPer ulteriori informazioni si pu\u00f2 vistare il sito internet <a href=\"http:\/\/www.2ruotealpago.it\">www.2ruotealpago.it<\/a> o scrivere alla mail <a href=\"mailto:info@2ruotealpago.it\">info@2ruotealpago.it<\/a>.<\/p>","protected":false},"excerpt":{"rendered":"<p>Quarto appuntamento, sabato 30 gennaio, a partire dalle ore 17, nella sala riunioni del ristorante Beyruth di Torres di d\u2019Alpago, per la fortunata kermesse \u201cGiovani In\u201d. \u201cBasta cavoli e cicogne. Viaggio nell\u2019affettivit\u00e0 e nella sessualit\u00e0\u201d sar\u00e0 il tema affrontato dal relatore Ezio Aceti (nella foto) . Al noto psicologo dell\u2019et\u00e0 evolutiva, autore di numerose pubblicazioni\u00a0 [&hellip;]<\/p>\n","protected":false},"author":2,"featured_media":0,"comment_status":"closed","ping_status":"open","sticky":false,"template":"","format":"standard","meta":{"footnotes":""},"categories":[27,25],"tags":[139],"class_list":["post-11865","post","type-post","status-publish","format-standard","category-appuntamenti","category-pausa-caffe","tag-belluno"],"yoast_head":"<!-- This site is optimized with the Yoast SEO plugin v28.4 - https:\/\/yoast.com\/product\/yoast-seo-wordpress\/ -->\n<title>Sabato lo psicologo Ezio Aceti a Torres d&#039;Alpago - Bellunopress - Dolomiti<\/title>\n<meta name=\"robots\" content=\"index, follow, max-snippet:-1, max-image-preview:large, max-video-preview:-1\" \/>\n<link rel=\"canonical\" href=\"https:\/\/www.bellunopress.it\/fr\/2010\/01\/26\/sabato-lo-psicologo-ezio-aceti-a-torres-dalpago\/\" \/>\n<meta property=\"og:locale\" content=\"fr_FR\" \/>\n<meta property=\"og:type\" content=\"article\" \/>\n<meta property=\"og:title\" content=\"Sabato lo psicologo Ezio Aceti a Torres d&#039;Alpago - Bellunopress - Dolomiti\" \/>\n<meta property=\"og:description\" content=\"Quarto appuntamento, sabato 30 gennaio, a partire dalle ore 17, nella sala riunioni del ristorante Beyruth di Torres di d\u2019Alpago, per la fortunata kermesse \u201cGiovani In\u201d. \u201cBasta cavoli e cicogne. Viaggio nell\u2019affettivit\u00e0 e nella sessualit\u00e0\u201d sar\u00e0 il tema affrontato dal relatore Ezio Aceti (nella foto) . Al noto psicologo dell\u2019et\u00e0 evolutiva, autore di numerose pubblicazioni\u00a0 [&hellip;]\" \/>\n<meta property=\"og:url\" content=\"https:\/\/www.bellunopress.it\/fr\/2010\/01\/26\/sabato-lo-psicologo-ezio-aceti-a-torres-dalpago\/\" \/>\n<meta property=\"og:site_name\" content=\"Bellunopress - Dolomiti\" \/>\n<meta property=\"article:publisher\" content=\"https:\/\/www.facebook.com\/profile.php?id=100008943462799\" \/>\n<meta property=\"article:published_time\" content=\"2010-01-26T20:20:13+00:00\" \/>\n<meta property=\"og:image\" content=\"http:\/\/www.bellunopress.it\/wp-content\/uploads\/2010\/01\/ezio-aceti.jpg\" \/>\n<meta name=\"author\" content=\"redazione\" \/>\n<meta name=\"twitter:card\" content=\"summary_large_image\" \/>\n<meta name=\"twitter:creator\" content=\"@bellunopress\" \/>\n<meta name=\"twitter:site\" content=\"@bellunopress\" \/>\n<meta name=\"twitter:label1\" content=\"\u00c9crit par\" \/>\n\t<meta name=\"twitter:data1\" content=\"redazione\" \/>\n\t<meta name=\"twitter:label2\" content=\"Dur\u00e9e de lecture estim\u00e9e\" \/>\n\t<meta name=\"twitter:data2\" content=\"1 minute\" \/>\n<script type=\"application\/ld+json\" class=\"yoast-schema-graph\">{\"@context\":\"https:\\\/\\\/schema.org\",\"@graph\":[{\"@type\":\"Article\",\"@id\":\"https:\\\/\\\/www.bellunopress.it\\\/2010\\\/01\\\/26\\\/sabato-lo-psicologo-ezio-aceti-a-torres-dalpago\\\/#article\",\"isPartOf\":{\"@id\":\"https:\\\/\\\/www.bellunopress.it\\\/2010\\\/01\\\/26\\\/sabato-lo-psicologo-ezio-aceti-a-torres-dalpago\\\/\"},\"author\":{\"name\":\"redazione\",\"@id\":\"https:\\\/\\\/www.bellunopress.it\\\/#\\\/schema\\\/person\\\/79bb06722b37ece1c03d3e94beb30d73\"},\"headline\":\"Sabato lo psicologo Ezio Aceti a Torres d&#8217;Alpago\",\"datePublished\":\"2010-01-26T20:20:13+00:00\",\"mainEntityOfPage\":{\"@id\":\"https:\\\/\\\/www.bellunopress.it\\\/2010\\\/01\\\/26\\\/sabato-lo-psicologo-ezio-aceti-a-torres-dalpago\\\/\"},\"wordCount\":291,\"publisher\":{\"@id\":\"https:\\\/\\\/www.bellunopress.it\\\/#organization\"},\"image\":{\"@id\":\"https:\\\/\\\/www.bellunopress.it\\\/2010\\\/01\\\/26\\\/sabato-lo-psicologo-ezio-aceti-a-torres-dalpago\\\/#primaryimage\"},\"thumbnailUrl\":\"http:\\\/\\\/www.bellunopress.it\\\/wp-content\\\/uploads\\\/2010\\\/01\\\/ezio-aceti.jpg\",\"keywords\":[\"Belluno\"],\"articleSection\":[\"Appuntamenti, Eventi\",\"Pausa Caff\u00e8\"],\"inLanguage\":\"fr-FR\"},{\"@type\":\"WebPage\",\"@id\":\"https:\\\/\\\/www.bellunopress.it\\\/2010\\\/01\\\/26\\\/sabato-lo-psicologo-ezio-aceti-a-torres-dalpago\\\/\",\"url\":\"https:\\\/\\\/www.bellunopress.it\\\/2010\\\/01\\\/26\\\/sabato-lo-psicologo-ezio-aceti-a-torres-dalpago\\\/\",\"name\":\"Sabato lo psicologo Ezio Aceti a Torres d'Alpago - Bellunopress - Dolomiti\",\"isPartOf\":{\"@id\":\"https:\\\/\\\/www.bellunopress.it\\\/#website\"},\"primaryImageOfPage\":{\"@id\":\"https:\\\/\\\/www.bellunopress.it\\\/2010\\\/01\\\/26\\\/sabato-lo-psicologo-ezio-aceti-a-torres-dalpago\\\/#primaryimage\"},\"image\":{\"@id\":\"https:\\\/\\\/www.bellunopress.it\\\/2010\\\/01\\\/26\\\/sabato-lo-psicologo-ezio-aceti-a-torres-dalpago\\\/#primaryimage\"},\"thumbnailUrl\":\"http:\\\/\\\/www.bellunopress.it\\\/wp-content\\\/uploads\\\/2010\\\/01\\\/ezio-aceti.jpg\",\"datePublished\":\"2010-01-26T20:20:13+00:00\",\"breadcrumb\":{\"@id\":\"https:\\\/\\\/www.bellunopress.it\\\/2010\\\/01\\\/26\\\/sabato-lo-psicologo-ezio-aceti-a-torres-dalpago\\\/#breadcrumb\"},\"inLanguage\":\"fr-FR\",\"potentialAction\":[{\"@type\":\"ReadAction\",\"target\":[\"https:\\\/\\\/www.bellunopress.it\\\/2010\\\/01\\\/26\\\/sabato-lo-psicologo-ezio-aceti-a-torres-dalpago\\\/\"]}]},{\"@type\":\"ImageObject\",\"inLanguage\":\"fr-FR\",\"@id\":\"https:\\\/\\\/www.bellunopress.it\\\/2010\\\/01\\\/26\\\/sabato-lo-psicologo-ezio-aceti-a-torres-dalpago\\\/#primaryimage\",\"url\":\"http:\\\/\\\/www.bellunopress.it\\\/wp-content\\\/uploads\\\/2010\\\/01\\\/ezio-aceti.jpg\",\"contentUrl\":\"http:\\\/\\\/www.bellunopress.it\\\/wp-content\\\/uploads\\\/2010\\\/01\\\/ezio-aceti.jpg\"},{\"@type\":\"BreadcrumbList\",\"@id\":\"https:\\\/\\\/www.bellunopress.it\\\/2010\\\/01\\\/26\\\/sabato-lo-psicologo-ezio-aceti-a-torres-dalpago\\\/#breadcrumb\",\"itemListElement\":[{\"@type\":\"ListItem\",\"position\":1,\"name\":\"Home\",\"item\":\"https:\\\/\\\/www.bellunopress.it\\\/\"},{\"@type\":\"ListItem\",\"position\":2,\"name\":\"Sabato lo psicologo Ezio Aceti a Torres d&#8217;Alpago\"}]},{\"@type\":\"WebSite\",\"@id\":\"https:\\\/\\\/www.bellunopress.it\\\/#website\",\"url\":\"https:\\\/\\\/www.bellunopress.it\\\/\",\"name\":\"Bellunopress - Dolomiti\",\"description\":\"e-mail: redazione@bellunopress.it\",\"publisher\":{\"@id\":\"https:\\\/\\\/www.bellunopress.it\\\/#organization\"},\"potentialAction\":[{\"@type\":\"SearchAction\",\"target\":{\"@type\":\"EntryPoint\",\"urlTemplate\":\"https:\\\/\\\/www.bellunopress.it\\\/?s={search_term_string}\"},\"query-input\":{\"@type\":\"PropertyValueSpecification\",\"valueRequired\":true,\"valueName\":\"search_term_string\"}}],\"inLanguage\":\"fr-FR\"},{\"@type\":\"Organization\",\"@id\":\"https:\\\/\\\/www.bellunopress.it\\\/#organization\",\"name\":\"Bellunopress\",\"url\":\"https:\\\/\\\/www.bellunopress.it\\\/\",\"logo\":{\"@type\":\"ImageObject\",\"inLanguage\":\"fr-FR\",\"@id\":\"https:\\\/\\\/www.bellunopress.it\\\/#\\\/schema\\\/logo\\\/image\\\/\",\"url\":\"https:\\\/\\\/www.bellunopress.it\\\/wp-content\\\/uploads\\\/2011\\\/05\\\/cropped-logo-bellunopress-.jpg\",\"contentUrl\":\"https:\\\/\\\/www.bellunopress.it\\\/wp-content\\\/uploads\\\/2011\\\/05\\\/cropped-logo-bellunopress-.jpg\",\"width\":512,\"height\":512,\"caption\":\"Bellunopress\"},\"image\":{\"@id\":\"https:\\\/\\\/www.bellunopress.it\\\/#\\\/schema\\\/logo\\\/image\\\/\"},\"sameAs\":[\"https:\\\/\\\/www.facebook.com\\\/profile.php?id=100008943462799\",\"https:\\\/\\\/x.com\\\/bellunopress\",\"https:\\\/\\\/www.linkedin.com\\\/hp\\\/?dnr=JBzUWaJfMUw8vbXJJ2tVW5-I3jZKvC4wsoxE&amp;amp;amp;amp;amp;amp;trk=nav_responsive_tab_home\",\"https:\\\/\\\/www.youtube.com\\\/channel\\\/UCxL0wu1uN0_3_7hGG0306cw\"]},{\"@type\":\"Person\",\"@id\":\"https:\\\/\\\/www.bellunopress.it\\\/#\\\/schema\\\/person\\\/79bb06722b37ece1c03d3e94beb30d73\",\"name\":\"redazione\",\"image\":{\"@type\":\"ImageObject\",\"inLanguage\":\"fr-FR\",\"@id\":\"https:\\\/\\\/secure.gravatar.com\\\/avatar\\\/37d968a2e67a6fd04c169c4bdef102d0bc5d31b2546345219e348575eb80e9a0?s=96&d=mm&r=g\",\"url\":\"https:\\\/\\\/secure.gravatar.com\\\/avatar\\\/37d968a2e67a6fd04c169c4bdef102d0bc5d31b2546345219e348575eb80e9a0?s=96&d=mm&r=g\",\"contentUrl\":\"https:\\\/\\\/secure.gravatar.com\\\/avatar\\\/37d968a2e67a6fd04c169c4bdef102d0bc5d31b2546345219e348575eb80e9a0?s=96&d=mm&r=g\",\"caption\":\"redazione\"},\"sameAs\":[\"http:\\\/\\\/www.bellunopress.it\",\"https:\\\/\\\/x.com\\\/bellunopress\"],\"url\":\"https:\\\/\\\/www.bellunopress.it\\\/fr\\\/author\\\/redazione\\\/\"}]}<\/script>\n<!-- \/ Yoast SEO plugin. -->","yoast_head_json":{"title":"Sabato lo psicologo Ezio Aceti a Torres d'Alpago - Bellunopress - Dolomiti","robots":{"index":"index","follow":"follow","max-snippet":"max-snippet:-1","max-image-preview":"max-image-preview:large","max-video-preview":"max-video-preview:-1"},"canonical":"https:\/\/www.bellunopress.it\/fr\/2010\/01\/26\/sabato-lo-psicologo-ezio-aceti-a-torres-dalpago\/","og_locale":"fr_FR","og_type":"article","og_title":"Sabato lo psicologo Ezio Aceti a Torres d'Alpago - Bellunopress - Dolomiti","og_description":"Quarto appuntamento, sabato 30 gennaio, a partire dalle ore 17, nella sala riunioni del ristorante Beyruth di Torres di d\u2019Alpago, per la fortunata kermesse \u201cGiovani In\u201d. \u201cBasta cavoli e cicogne. Viaggio nell\u2019affettivit\u00e0 e nella sessualit\u00e0\u201d sar\u00e0 il tema affrontato dal relatore Ezio Aceti (nella foto) . Al noto psicologo dell\u2019et\u00e0 evolutiva, autore di numerose pubblicazioni\u00a0 [&hellip;]","og_url":"https:\/\/www.bellunopress.it\/fr\/2010\/01\/26\/sabato-lo-psicologo-ezio-aceti-a-torres-dalpago\/","og_site_name":"Bellunopress - Dolomiti","article_publisher":"https:\/\/www.facebook.com\/profile.php?id=100008943462799","article_published_time":"2010-01-26T20:20:13+00:00","og_image":[{"url":"http:\/\/www.bellunopress.it\/wp-content\/uploads\/2010\/01\/ezio-aceti.jpg","type":"","width":"","height":""}],"author":"redazione","twitter_card":"summary_large_image","twitter_creator":"@bellunopress","twitter_site":"@bellunopress","twitter_misc":{"\u00c9crit par":"redazione","Dur\u00e9e de lecture estim\u00e9e":"1 minute"},"schema":{"@context":"https:\/\/schema.org","@graph":[{"@type":"Article","@id":"https:\/\/www.bellunopress.it\/2010\/01\/26\/sabato-lo-psicologo-ezio-aceti-a-torres-dalpago\/#article","isPartOf":{"@id":"https:\/\/www.bellunopress.it\/2010\/01\/26\/sabato-lo-psicologo-ezio-aceti-a-torres-dalpago\/"},"author":{"name":"redazione","@id":"https:\/\/www.bellunopress.it\/#\/schema\/person\/79bb06722b37ece1c03d3e94beb30d73"},"headline":"Sabato lo psicologo Ezio Aceti a Torres d&#8217;Alpago","datePublished":"2010-01-26T20:20:13+00:00","mainEntityOfPage":{"@id":"https:\/\/www.bellunopress.it\/2010\/01\/26\/sabato-lo-psicologo-ezio-aceti-a-torres-dalpago\/"},"wordCount":291,"publisher":{"@id":"https:\/\/www.bellunopress.it\/#organization"},"image":{"@id":"https:\/\/www.bellunopress.it\/2010\/01\/26\/sabato-lo-psicologo-ezio-aceti-a-torres-dalpago\/#primaryimage"},"thumbnailUrl":"http:\/\/www.bellunopress.it\/wp-content\/uploads\/2010\/01\/ezio-aceti.jpg","keywords":["Belluno"],"articleSection":["Appuntamenti, Eventi","Pausa Caff\u00e8"],"inLanguage":"fr-FR"},{"@type":"WebPage","@id":"https:\/\/www.bellunopress.it\/2010\/01\/26\/sabato-lo-psicologo-ezio-aceti-a-torres-dalpago\/","url":"https:\/\/www.bellunopress.it\/2010\/01\/26\/sabato-lo-psicologo-ezio-aceti-a-torres-dalpago\/","name":"Sabato lo psicologo Ezio Aceti a Torres d'Alpago - Bellunopress - Dolomiti","isPartOf":{"@id":"https:\/\/www.bellunopress.it\/#website"},"primaryImageOfPage":{"@id":"https:\/\/www.bellunopress.it\/2010\/01\/26\/sabato-lo-psicologo-ezio-aceti-a-torres-dalpago\/#primaryimage"},"image":{"@id":"https:\/\/www.bellunopress.it\/2010\/01\/26\/sabato-lo-psicologo-ezio-aceti-a-torres-dalpago\/#primaryimage"},"thumbnailUrl":"http:\/\/www.bellunopress.it\/wp-content\/uploads\/2010\/01\/ezio-aceti.jpg","datePublished":"2010-01-26T20:20:13+00:00","breadcrumb":{"@id":"https:\/\/www.bellunopress.it\/2010\/01\/26\/sabato-lo-psicologo-ezio-aceti-a-torres-dalpago\/#breadcrumb"},"inLanguage":"fr-FR","potentialAction":[{"@type":"ReadAction","target":["https:\/\/www.bellunopress.it\/2010\/01\/26\/sabato-lo-psicologo-ezio-aceti-a-torres-dalpago\/"]}]},{"@type":"ImageObject","inLanguage":"fr-FR","@id":"https:\/\/www.bellunopress.it\/2010\/01\/26\/sabato-lo-psicologo-ezio-aceti-a-torres-dalpago\/#primaryimage","url":"http:\/\/www.bellunopress.it\/wp-content\/uploads\/2010\/01\/ezio-aceti.jpg","contentUrl":"http:\/\/www.bellunopress.it\/wp-content\/uploads\/2010\/01\/ezio-aceti.jpg"},{"@type":"BreadcrumbList","@id":"https:\/\/www.bellunopress.it\/2010\/01\/26\/sabato-lo-psicologo-ezio-aceti-a-torres-dalpago\/#breadcrumb","itemListElement":[{"@type":"ListItem","position":1,"name":"Home","item":"https:\/\/www.bellunopress.it\/"},{"@type":"ListItem","position":2,"name":"Sabato lo psicologo Ezio Aceti a Torres d&#8217;Alpago"}]},{"@type":"WebSite","@id":"https:\/\/www.bellunopress.it\/#website","url":"https:\/\/www.bellunopress.it\/","name":"Bellunopress - Dolomiti","description":"e-mail: redazione@bellunopress.it","publisher":{"@id":"https:\/\/www.bellunopress.it\/#organization"},"potentialAction":[{"@type":"SearchAction","target":{"@type":"EntryPoint","urlTemplate":"https:\/\/www.bellunopress.it\/?s={search_term_string}"},"query-input":{"@type":"PropertyValueSpecification","valueRequired":true,"valueName":"search_term_string"}}],"inLanguage":"fr-FR"},{"@type":"Organization","@id":"https:\/\/www.bellunopress.it\/#organization","name":"Bellunopress","url":"https:\/\/www.bellunopress.it\/","logo":{"@type":"ImageObject","inLanguage":"fr-FR","@id":"https:\/\/www.bellunopress.it\/#\/schema\/logo\/image\/","url":"https:\/\/www.bellunopress.it\/wp-content\/uploads\/2011\/05\/cropped-logo-bellunopress-.jpg","contentUrl":"https:\/\/www.bellunopress.it\/wp-content\/uploads\/2011\/05\/cropped-logo-bellunopress-.jpg","width":512,"height":512,"caption":"Bellunopress"},"image":{"@id":"https:\/\/www.bellunopress.it\/#\/schema\/logo\/image\/"},"sameAs":["https:\/\/www.facebook.com\/profile.php?id=100008943462799","https:\/\/x.com\/bellunopress","https:\/\/www.linkedin.com\/hp\/?dnr=JBzUWaJfMUw8vbXJJ2tVW5-I3jZKvC4wsoxE&amp;amp;amp;amp;amp;amp;trk=nav_responsive_tab_home","https:\/\/www.youtube.com\/channel\/UCxL0wu1uN0_3_7hGG0306cw"]},{"@type":"Person","@id":"https:\/\/www.bellunopress.it\/#\/schema\/person\/79bb06722b37ece1c03d3e94beb30d73","name":"r\u00e9daction","image":{"@type":"ImageObject","inLanguage":"fr-FR","@id":"https:\/\/secure.gravatar.com\/avatar\/37d968a2e67a6fd04c169c4bdef102d0bc5d31b2546345219e348575eb80e9a0?s=96&d=mm&r=g","url":"https:\/\/secure.gravatar.com\/avatar\/37d968a2e67a6fd04c169c4bdef102d0bc5d31b2546345219e348575eb80e9a0?s=96&d=mm&r=g","contentUrl":"https:\/\/secure.gravatar.com\/avatar\/37d968a2e67a6fd04c169c4bdef102d0bc5d31b2546345219e348575eb80e9a0?s=96&d=mm&r=g","caption":"redazione"},"sameAs":["http:\/\/www.bellunopress.it","https:\/\/x.com\/bellunopress"],"url":"https:\/\/www.bellunopress.it\/fr\/author\/redazione\/"}]}},"_links":{"self":[{"href":"https:\/\/www.bellunopress.it\/fr\/wp-json\/wp\/v2\/posts\/11865","targetHints":{"allow":["GET"]}}],"collection":[{"href":"https:\/\/www.bellunopress.it\/fr\/wp-json\/wp\/v2\/posts"}],"about":[{"href":"https:\/\/www.bellunopress.it\/fr\/wp-json\/wp\/v2\/types\/post"}],"author":[{"embeddable":true,"href":"https:\/\/www.bellunopress.it\/fr\/wp-json\/wp\/v2\/users\/2"}],"replies":[{"embeddable":true,"href":"https:\/\/www.bellunopress.it\/fr\/wp-json\/wp\/v2\/comments?post=11865"}],"version-history":[{"count":1,"href":"https:\/\/www.bellunopress.it\/fr\/wp-json\/wp\/v2\/posts\/11865\/revisions"}],"predecessor-version":[{"id":11867,"href":"https:\/\/www.bellunopress.it\/fr\/wp-json\/wp\/v2\/posts\/11865\/revisions\/11867"}],"wp:attachment":[{"href":"https:\/\/www.bellunopress.it\/fr\/wp-json\/wp\/v2\/media?parent=11865"}],"wp:term":[{"taxonomy":"category","embeddable":true,"href":"https:\/\/www.bellunopress.it\/fr\/wp-json\/wp\/v2\/categories?post=11865"},{"taxonomy":"post_tag","embeddable":true,"href":"https:\/\/www.bellunopress.it\/fr\/wp-json\/wp\/v2\/tags?post=11865"}],"curies":[{"name":"wp","href":"https:\/\/api.w.org\/{rel}","templated":true}]}}