{"id":118637,"date":"2020-10-18T22:56:52","date_gmt":"2020-10-18T20:56:52","guid":{"rendered":"http:\/\/www.bellunopress.it\/?p=118637"},"modified":"2020-10-18T23:00:44","modified_gmt":"2020-10-18T21:00:44","slug":"nuovo-dpcm-in-vigore-dalla-mezzanotte-conte-in-diretta-ne-anticipa-i-contenuti","status":"publish","type":"post","link":"https:\/\/www.bellunopress.it\/fr\/2020\/10\/18\/nuovo-dpcm-in-vigore-dalla-mezzanotte-conte-in-diretta-ne-anticipa-i-contenuti\/","title":{"rendered":"Nuovo Dpcm in vigore dalla mezzanotte. Conte in diretta ne anticipa i contenuti"},"content":{"rendered":"<figure id=\"attachment_112929\" aria-describedby=\"caption-attachment-112929\" style=\"width: 422px\" class=\"wp-caption alignleft\"><a href=\"http:\/\/www.bellunopress.it\/fr\/2020\/03\/11\/ulteriori-restrizioni-estese-a-tutta-italia-chiuse-tutte-le-attivita-commerciali-bar-ristoranti-mense-centri-estetici-parrucchieri\/giuseppe-conte-2\/\" rel=\"attachment wp-att-112929\"><img loading=\"lazy\" decoding=\"async\" class=\"size-full wp-image-112929\" src=\"http:\/\/www.bellunopress.it\/wp-content\/uploads\/2020\/03\/Giuseppe-Conte-1.jpg\" alt=\"\" width=\"422\" height=\"373\" \/><\/a><figcaption id=\"caption-attachment-112929\" class=\"wp-caption-text\">Giuseppe Conte, Presidente del Consiglio<\/figcaption><\/figure>\n<p>Bar aperti fino alle 18\/24, ristoranti fino alle 24, palestre e piscine aperte, potere ai sindaci di decidere il coprifuoco dalle 21. Lo ha detto in diretta tv il premier Conte questa sera, anticipando i contenuti del nuovo Dpcm.<br \/>\nConfermato l&#8217;orario di apertura dalle 5 alle 24 con consumo al tavolo per ristoranti bar, pub, ristoranti, gelaterie, pasticcerie, con al massimo sei persone per tavolo. Ma per locali senza servizio al tavolo la chiusura \u00e8 anticipata alle 18. Rimane consentita fino alle 24 la ristorazione con consegna a domicilio con le consuete regole igienico-sanitarie sia per l\u2019attivit\u00e0 di confezionamento che di trasporto, con divieto di consumazione sul posto o nelle adiacenze dopo le ore 21.<\/p>\n<p>Sul coprifuoco dopo le 21 per evitare gli assembramenti, la decisione spetta ai sindaci che potranno chiudere piazze e vie, fatta salva la possibilit\u00e0 di accesso e deflusso agli esercizi commerciali legittimamente aperti e alle abitazioni private.<\/p>\n<p>Palestre e piscine potranno rimanere aperte adeguandosi alle normative.<br \/>\nSmart working al 75% dei lavoratori.<\/p>\n<p class=\"chapter-paragraph\">Nessuna novit\u00e0 per l\u2019attivit\u00e0 didattica ed educativa del primo ciclo di istruzione e per l\u2019infanzia che continuer\u00e0 a svolgersi in aula. Mentre le istituzioni scolastiche secondarie di secondo grado dovranno adottare forme flessibili e quindi incrementando la didattica digitale integrata, che rimane complementare alla didattica in presenza. Ingressi a scuola scaglionati, anche attraverso l\u2019eventuale utilizzo di turni pomeridiani e disponendo che l\u2019ingresso non avvenga prima delle 9.00.<\/p>\n<div class=\"chapter clearfix\">\n<p class=\"chapter-paragraph\"><span style=\"color: #111111; font-family: Roboto, sans-serif; font-size: 17px;\">Lo sport a livello dilettantistico<\/span>, le scuole e l\u2019attivit\u00e0 formativa di avviamento relative agli sport di contatto sono consentite solo in forma individuale. Non sono consentite gare e competizioni. Sospese tutte le gare, le competizioni e le attivit\u00e0 connesse agli sport di contatto aventi carattere ludico-amatoriale. Quindi, calcetto, basket e gli altri sport da contatto sono vietati a livello amatoriale.<\/p>\n<\/div>\n<div class=\"chapter\">\n<p class=\"chapter-paragraph\"><span style=\"color: #111111; font-family: Roboto, sans-serif; font-size: 17px;\">Per il trasporto pubblico, prima di limitare la capienza dei mezzi, il governo si riserva di monitorare gli effetti dello<\/span> smart working e dello scaglionamento degli ingressi della scuola.<\/p>\n<\/div>","protected":false},"excerpt":{"rendered":"<p>Bar aperti fino alle 18\/24, ristoranti fino alle 24, palestre e piscine aperte, potere ai sindaci di decidere il coprifuoco dalle 21. Lo ha detto in diretta tv il premier Conte questa sera, anticipando i contenuti del nuovo Dpcm. Confermato l&#8217;orario di apertura dalle 5 alle 24 con consumo al tavolo per ristoranti bar, pub, [&hellip;]<\/p>\n","protected":false},"author":2,"featured_media":112929,"comment_status":"closed","ping_status":"open","sticky":false,"template":"","format":"standard","meta":{"footnotes":""},"categories":[1],"tags":[],"class_list":["post-118637","post","type-post","status-publish","format-standard","has-post-thumbnail","category-leo"],"yoast_head":"<!-- This site is optimized with the Yoast SEO plugin v28.4 - https:\/\/yoast.com\/product\/yoast-seo-wordpress\/ -->\n<title>Nuovo Dpcm in vigore dalla mezzanotte. Conte in diretta ne anticipa i contenuti - Bellunopress - Dolomiti<\/title>\n<meta name=\"robots\" content=\"index, follow, max-snippet:-1, max-image-preview:large, max-video-preview:-1\" \/>\n<link rel=\"canonical\" href=\"https:\/\/www.bellunopress.it\/fr\/2020\/10\/18\/nuovo-dpcm-in-vigore-dalla-mezzanotte-conte-in-diretta-ne-anticipa-i-contenuti\/\" \/>\n<meta property=\"og:locale\" content=\"fr_FR\" \/>\n<meta property=\"og:type\" content=\"article\" \/>\n<meta property=\"og:title\" content=\"Nuovo Dpcm in vigore dalla mezzanotte. Conte in diretta ne anticipa i contenuti - Bellunopress - Dolomiti\" \/>\n<meta property=\"og:description\" content=\"Bar aperti fino alle 18\/24, ristoranti fino alle 24, palestre e piscine aperte, potere ai sindaci di decidere il coprifuoco dalle 21. Lo ha detto in diretta tv il premier Conte questa sera, anticipando i contenuti del nuovo Dpcm. Confermato l&#8217;orario di apertura dalle 5 alle 24 con consumo al tavolo per ristoranti bar, pub, [&hellip;]\" \/>\n<meta property=\"og:url\" content=\"https:\/\/www.bellunopress.it\/fr\/2020\/10\/18\/nuovo-dpcm-in-vigore-dalla-mezzanotte-conte-in-diretta-ne-anticipa-i-contenuti\/\" \/>\n<meta property=\"og:site_name\" content=\"Bellunopress - Dolomiti\" \/>\n<meta property=\"article:publisher\" content=\"https:\/\/www.facebook.com\/profile.php?id=100008943462799\" \/>\n<meta property=\"article:published_time\" content=\"2020-10-18T20:56:52+00:00\" \/>\n<meta property=\"article:modified_time\" content=\"2020-10-18T21:00:44+00:00\" \/>\n<meta property=\"og:image\" content=\"https:\/\/www.bellunopress.it\/wp-content\/uploads\/2020\/03\/Giuseppe-Conte-1.jpg\" \/>\n\t<meta property=\"og:image:width\" content=\"422\" \/>\n\t<meta property=\"og:image:height\" content=\"373\" \/>\n\t<meta property=\"og:image:type\" content=\"image\/jpeg\" \/>\n<meta name=\"author\" content=\"redazione\" \/>\n<meta name=\"twitter:card\" content=\"summary_large_image\" \/>\n<meta name=\"twitter:creator\" content=\"@bellunopress\" \/>\n<meta name=\"twitter:site\" content=\"@bellunopress\" \/>\n<meta name=\"twitter:label1\" content=\"\u00c9crit par\" \/>\n\t<meta name=\"twitter:data1\" content=\"redazione\" \/>\n\t<meta name=\"twitter:label2\" content=\"Dur\u00e9e de lecture estim\u00e9e\" \/>\n\t<meta name=\"twitter:data2\" content=\"2 minutes\" \/>\n<script type=\"application\/ld+json\" class=\"yoast-schema-graph\">{\"@context\":\"https:\\\/\\\/schema.org\",\"@graph\":[{\"@type\":\"Article\",\"@id\":\"https:\\\/\\\/www.bellunopress.it\\\/2020\\\/10\\\/18\\\/nuovo-dpcm-in-vigore-dalla-mezzanotte-conte-in-diretta-ne-anticipa-i-contenuti\\\/#article\",\"isPartOf\":{\"@id\":\"https:\\\/\\\/www.bellunopress.it\\\/2020\\\/10\\\/18\\\/nuovo-dpcm-in-vigore-dalla-mezzanotte-conte-in-diretta-ne-anticipa-i-contenuti\\\/\"},\"author\":{\"name\":\"redazione\",\"@id\":\"https:\\\/\\\/www.bellunopress.it\\\/#\\\/schema\\\/person\\\/79bb06722b37ece1c03d3e94beb30d73\"},\"headline\":\"Nuovo Dpcm in vigore dalla mezzanotte. Conte in diretta ne anticipa i contenuti\",\"datePublished\":\"2020-10-18T20:56:52+00:00\",\"dateModified\":\"2020-10-18T21:00:44+00:00\",\"mainEntityOfPage\":{\"@id\":\"https:\\\/\\\/www.bellunopress.it\\\/2020\\\/10\\\/18\\\/nuovo-dpcm-in-vigore-dalla-mezzanotte-conte-in-diretta-ne-anticipa-i-contenuti\\\/\"},\"wordCount\":343,\"publisher\":{\"@id\":\"https:\\\/\\\/www.bellunopress.it\\\/#organization\"},\"image\":{\"@id\":\"https:\\\/\\\/www.bellunopress.it\\\/2020\\\/10\\\/18\\\/nuovo-dpcm-in-vigore-dalla-mezzanotte-conte-in-diretta-ne-anticipa-i-contenuti\\\/#primaryimage\"},\"thumbnailUrl\":\"https:\\\/\\\/www.bellunopress.it\\\/wp-content\\\/uploads\\\/2020\\\/03\\\/Giuseppe-Conte-1.jpg\",\"articleSection\":[\"Lettere Opinioni\"],\"inLanguage\":\"fr-FR\"},{\"@type\":\"WebPage\",\"@id\":\"https:\\\/\\\/www.bellunopress.it\\\/2020\\\/10\\\/18\\\/nuovo-dpcm-in-vigore-dalla-mezzanotte-conte-in-diretta-ne-anticipa-i-contenuti\\\/\",\"url\":\"https:\\\/\\\/www.bellunopress.it\\\/2020\\\/10\\\/18\\\/nuovo-dpcm-in-vigore-dalla-mezzanotte-conte-in-diretta-ne-anticipa-i-contenuti\\\/\",\"name\":\"Nuovo Dpcm in vigore dalla mezzanotte. Conte in diretta ne anticipa i contenuti - Bellunopress - Dolomiti\",\"isPartOf\":{\"@id\":\"https:\\\/\\\/www.bellunopress.it\\\/#website\"},\"primaryImageOfPage\":{\"@id\":\"https:\\\/\\\/www.bellunopress.it\\\/2020\\\/10\\\/18\\\/nuovo-dpcm-in-vigore-dalla-mezzanotte-conte-in-diretta-ne-anticipa-i-contenuti\\\/#primaryimage\"},\"image\":{\"@id\":\"https:\\\/\\\/www.bellunopress.it\\\/2020\\\/10\\\/18\\\/nuovo-dpcm-in-vigore-dalla-mezzanotte-conte-in-diretta-ne-anticipa-i-contenuti\\\/#primaryimage\"},\"thumbnailUrl\":\"https:\\\/\\\/www.bellunopress.it\\\/wp-content\\\/uploads\\\/2020\\\/03\\\/Giuseppe-Conte-1.jpg\",\"datePublished\":\"2020-10-18T20:56:52+00:00\",\"dateModified\":\"2020-10-18T21:00:44+00:00\",\"breadcrumb\":{\"@id\":\"https:\\\/\\\/www.bellunopress.it\\\/2020\\\/10\\\/18\\\/nuovo-dpcm-in-vigore-dalla-mezzanotte-conte-in-diretta-ne-anticipa-i-contenuti\\\/#breadcrumb\"},\"inLanguage\":\"fr-FR\",\"potentialAction\":[{\"@type\":\"ReadAction\",\"target\":[\"https:\\\/\\\/www.bellunopress.it\\\/2020\\\/10\\\/18\\\/nuovo-dpcm-in-vigore-dalla-mezzanotte-conte-in-diretta-ne-anticipa-i-contenuti\\\/\"]}]},{\"@type\":\"ImageObject\",\"inLanguage\":\"fr-FR\",\"@id\":\"https:\\\/\\\/www.bellunopress.it\\\/2020\\\/10\\\/18\\\/nuovo-dpcm-in-vigore-dalla-mezzanotte-conte-in-diretta-ne-anticipa-i-contenuti\\\/#primaryimage\",\"url\":\"https:\\\/\\\/www.bellunopress.it\\\/wp-content\\\/uploads\\\/2020\\\/03\\\/Giuseppe-Conte-1.jpg\",\"contentUrl\":\"https:\\\/\\\/www.bellunopress.it\\\/wp-content\\\/uploads\\\/2020\\\/03\\\/Giuseppe-Conte-1.jpg\",\"width\":422,\"height\":373,\"caption\":\"Giuseppe Conte, Presidente del Consiglio\"},{\"@type\":\"BreadcrumbList\",\"@id\":\"https:\\\/\\\/www.bellunopress.it\\\/2020\\\/10\\\/18\\\/nuovo-dpcm-in-vigore-dalla-mezzanotte-conte-in-diretta-ne-anticipa-i-contenuti\\\/#breadcrumb\",\"itemListElement\":[{\"@type\":\"ListItem\",\"position\":1,\"name\":\"Home\",\"item\":\"https:\\\/\\\/www.bellunopress.it\\\/\"},{\"@type\":\"ListItem\",\"position\":2,\"name\":\"Nuovo Dpcm in vigore dalla mezzanotte. Conte in diretta ne anticipa i contenuti\"}]},{\"@type\":\"WebSite\",\"@id\":\"https:\\\/\\\/www.bellunopress.it\\\/#website\",\"url\":\"https:\\\/\\\/www.bellunopress.it\\\/\",\"name\":\"Bellunopress - Dolomiti\",\"description\":\"e-mail: redazione@bellunopress.it\",\"publisher\":{\"@id\":\"https:\\\/\\\/www.bellunopress.it\\\/#organization\"},\"potentialAction\":[{\"@type\":\"SearchAction\",\"target\":{\"@type\":\"EntryPoint\",\"urlTemplate\":\"https:\\\/\\\/www.bellunopress.it\\\/?s={search_term_string}\"},\"query-input\":{\"@type\":\"PropertyValueSpecification\",\"valueRequired\":true,\"valueName\":\"search_term_string\"}}],\"inLanguage\":\"fr-FR\"},{\"@type\":\"Organization\",\"@id\":\"https:\\\/\\\/www.bellunopress.it\\\/#organization\",\"name\":\"Bellunopress\",\"url\":\"https:\\\/\\\/www.bellunopress.it\\\/\",\"logo\":{\"@type\":\"ImageObject\",\"inLanguage\":\"fr-FR\",\"@id\":\"https:\\\/\\\/www.bellunopress.it\\\/#\\\/schema\\\/logo\\\/image\\\/\",\"url\":\"https:\\\/\\\/www.bellunopress.it\\\/wp-content\\\/uploads\\\/2011\\\/05\\\/cropped-logo-bellunopress-.jpg\",\"contentUrl\":\"https:\\\/\\\/www.bellunopress.it\\\/wp-content\\\/uploads\\\/2011\\\/05\\\/cropped-logo-bellunopress-.jpg\",\"width\":512,\"height\":512,\"caption\":\"Bellunopress\"},\"image\":{\"@id\":\"https:\\\/\\\/www.bellunopress.it\\\/#\\\/schema\\\/logo\\\/image\\\/\"},\"sameAs\":[\"https:\\\/\\\/www.facebook.com\\\/profile.php?id=100008943462799\",\"https:\\\/\\\/x.com\\\/bellunopress\",\"https:\\\/\\\/www.linkedin.com\\\/hp\\\/?dnr=JBzUWaJfMUw8vbXJJ2tVW5-I3jZKvC4wsoxE&amp;amp;amp;amp;amp;amp;trk=nav_responsive_tab_home\",\"https:\\\/\\\/www.youtube.com\\\/channel\\\/UCxL0wu1uN0_3_7hGG0306cw\"]},{\"@type\":\"Person\",\"@id\":\"https:\\\/\\\/www.bellunopress.it\\\/#\\\/schema\\\/person\\\/79bb06722b37ece1c03d3e94beb30d73\",\"name\":\"redazione\",\"image\":{\"@type\":\"ImageObject\",\"inLanguage\":\"fr-FR\",\"@id\":\"https:\\\/\\\/secure.gravatar.com\\\/avatar\\\/37d968a2e67a6fd04c169c4bdef102d0bc5d31b2546345219e348575eb80e9a0?s=96&d=mm&r=g\",\"url\":\"https:\\\/\\\/secure.gravatar.com\\\/avatar\\\/37d968a2e67a6fd04c169c4bdef102d0bc5d31b2546345219e348575eb80e9a0?s=96&d=mm&r=g\",\"contentUrl\":\"https:\\\/\\\/secure.gravatar.com\\\/avatar\\\/37d968a2e67a6fd04c169c4bdef102d0bc5d31b2546345219e348575eb80e9a0?s=96&d=mm&r=g\",\"caption\":\"redazione\"},\"sameAs\":[\"http:\\\/\\\/www.bellunopress.it\",\"https:\\\/\\\/x.com\\\/bellunopress\"],\"url\":\"https:\\\/\\\/www.bellunopress.it\\\/fr\\\/author\\\/redazione\\\/\"}]}<\/script>\n<!-- \/ Yoast SEO plugin. -->","yoast_head_json":{"title":"Nuovo Dpcm in vigore dalla mezzanotte. Conte in diretta ne anticipa i contenuti - Bellunopress - Dolomiti","robots":{"index":"index","follow":"follow","max-snippet":"max-snippet:-1","max-image-preview":"max-image-preview:large","max-video-preview":"max-video-preview:-1"},"canonical":"https:\/\/www.bellunopress.it\/fr\/2020\/10\/18\/nuovo-dpcm-in-vigore-dalla-mezzanotte-conte-in-diretta-ne-anticipa-i-contenuti\/","og_locale":"fr_FR","og_type":"article","og_title":"Nuovo Dpcm in vigore dalla mezzanotte. Conte in diretta ne anticipa i contenuti - Bellunopress - Dolomiti","og_description":"Bar aperti fino alle 18\/24, ristoranti fino alle 24, palestre e piscine aperte, potere ai sindaci di decidere il coprifuoco dalle 21. Lo ha detto in diretta tv il premier Conte questa sera, anticipando i contenuti del nuovo Dpcm. Confermato l&#8217;orario di apertura dalle 5 alle 24 con consumo al tavolo per ristoranti bar, pub, [&hellip;]","og_url":"https:\/\/www.bellunopress.it\/fr\/2020\/10\/18\/nuovo-dpcm-in-vigore-dalla-mezzanotte-conte-in-diretta-ne-anticipa-i-contenuti\/","og_site_name":"Bellunopress - Dolomiti","article_publisher":"https:\/\/www.facebook.com\/profile.php?id=100008943462799","article_published_time":"2020-10-18T20:56:52+00:00","article_modified_time":"2020-10-18T21:00:44+00:00","og_image":[{"width":422,"height":373,"url":"https:\/\/www.bellunopress.it\/wp-content\/uploads\/2020\/03\/Giuseppe-Conte-1.jpg","type":"image\/jpeg"}],"author":"redazione","twitter_card":"summary_large_image","twitter_creator":"@bellunopress","twitter_site":"@bellunopress","twitter_misc":{"\u00c9crit par":"redazione","Dur\u00e9e de lecture estim\u00e9e":"2 minutes"},"schema":{"@context":"https:\/\/schema.org","@graph":[{"@type":"Article","@id":"https:\/\/www.bellunopress.it\/2020\/10\/18\/nuovo-dpcm-in-vigore-dalla-mezzanotte-conte-in-diretta-ne-anticipa-i-contenuti\/#article","isPartOf":{"@id":"https:\/\/www.bellunopress.it\/2020\/10\/18\/nuovo-dpcm-in-vigore-dalla-mezzanotte-conte-in-diretta-ne-anticipa-i-contenuti\/"},"author":{"name":"redazione","@id":"https:\/\/www.bellunopress.it\/#\/schema\/person\/79bb06722b37ece1c03d3e94beb30d73"},"headline":"Nuovo Dpcm in vigore dalla mezzanotte. Conte in diretta ne anticipa i contenuti","datePublished":"2020-10-18T20:56:52+00:00","dateModified":"2020-10-18T21:00:44+00:00","mainEntityOfPage":{"@id":"https:\/\/www.bellunopress.it\/2020\/10\/18\/nuovo-dpcm-in-vigore-dalla-mezzanotte-conte-in-diretta-ne-anticipa-i-contenuti\/"},"wordCount":343,"publisher":{"@id":"https:\/\/www.bellunopress.it\/#organization"},"image":{"@id":"https:\/\/www.bellunopress.it\/2020\/10\/18\/nuovo-dpcm-in-vigore-dalla-mezzanotte-conte-in-diretta-ne-anticipa-i-contenuti\/#primaryimage"},"thumbnailUrl":"https:\/\/www.bellunopress.it\/wp-content\/uploads\/2020\/03\/Giuseppe-Conte-1.jpg","articleSection":["Lettere Opinioni"],"inLanguage":"fr-FR"},{"@type":"WebPage","@id":"https:\/\/www.bellunopress.it\/2020\/10\/18\/nuovo-dpcm-in-vigore-dalla-mezzanotte-conte-in-diretta-ne-anticipa-i-contenuti\/","url":"https:\/\/www.bellunopress.it\/2020\/10\/18\/nuovo-dpcm-in-vigore-dalla-mezzanotte-conte-in-diretta-ne-anticipa-i-contenuti\/","name":"Nuovo Dpcm in vigore dalla mezzanotte. Conte in diretta ne anticipa i contenuti - Bellunopress - Dolomiti","isPartOf":{"@id":"https:\/\/www.bellunopress.it\/#website"},"primaryImageOfPage":{"@id":"https:\/\/www.bellunopress.it\/2020\/10\/18\/nuovo-dpcm-in-vigore-dalla-mezzanotte-conte-in-diretta-ne-anticipa-i-contenuti\/#primaryimage"},"image":{"@id":"https:\/\/www.bellunopress.it\/2020\/10\/18\/nuovo-dpcm-in-vigore-dalla-mezzanotte-conte-in-diretta-ne-anticipa-i-contenuti\/#primaryimage"},"thumbnailUrl":"https:\/\/www.bellunopress.it\/wp-content\/uploads\/2020\/03\/Giuseppe-Conte-1.jpg","datePublished":"2020-10-18T20:56:52+00:00","dateModified":"2020-10-18T21:00:44+00:00","breadcrumb":{"@id":"https:\/\/www.bellunopress.it\/2020\/10\/18\/nuovo-dpcm-in-vigore-dalla-mezzanotte-conte-in-diretta-ne-anticipa-i-contenuti\/#breadcrumb"},"inLanguage":"fr-FR","potentialAction":[{"@type":"ReadAction","target":["https:\/\/www.bellunopress.it\/2020\/10\/18\/nuovo-dpcm-in-vigore-dalla-mezzanotte-conte-in-diretta-ne-anticipa-i-contenuti\/"]}]},{"@type":"ImageObject","inLanguage":"fr-FR","@id":"https:\/\/www.bellunopress.it\/2020\/10\/18\/nuovo-dpcm-in-vigore-dalla-mezzanotte-conte-in-diretta-ne-anticipa-i-contenuti\/#primaryimage","url":"https:\/\/www.bellunopress.it\/wp-content\/uploads\/2020\/03\/Giuseppe-Conte-1.jpg","contentUrl":"https:\/\/www.bellunopress.it\/wp-content\/uploads\/2020\/03\/Giuseppe-Conte-1.jpg","width":422,"height":373,"caption":"Giuseppe Conte, Presidente del Consiglio"},{"@type":"BreadcrumbList","@id":"https:\/\/www.bellunopress.it\/2020\/10\/18\/nuovo-dpcm-in-vigore-dalla-mezzanotte-conte-in-diretta-ne-anticipa-i-contenuti\/#breadcrumb","itemListElement":[{"@type":"ListItem","position":1,"name":"Home","item":"https:\/\/www.bellunopress.it\/"},{"@type":"ListItem","position":2,"name":"Nuovo Dpcm in vigore dalla mezzanotte. Conte in diretta ne anticipa i contenuti"}]},{"@type":"WebSite","@id":"https:\/\/www.bellunopress.it\/#website","url":"https:\/\/www.bellunopress.it\/","name":"Bellunopress - Dolomiti","description":"e-mail: redazione@bellunopress.it","publisher":{"@id":"https:\/\/www.bellunopress.it\/#organization"},"potentialAction":[{"@type":"SearchAction","target":{"@type":"EntryPoint","urlTemplate":"https:\/\/www.bellunopress.it\/?s={search_term_string}"},"query-input":{"@type":"PropertyValueSpecification","valueRequired":true,"valueName":"search_term_string"}}],"inLanguage":"fr-FR"},{"@type":"Organization","@id":"https:\/\/www.bellunopress.it\/#organization","name":"Bellunopress","url":"https:\/\/www.bellunopress.it\/","logo":{"@type":"ImageObject","inLanguage":"fr-FR","@id":"https:\/\/www.bellunopress.it\/#\/schema\/logo\/image\/","url":"https:\/\/www.bellunopress.it\/wp-content\/uploads\/2011\/05\/cropped-logo-bellunopress-.jpg","contentUrl":"https:\/\/www.bellunopress.it\/wp-content\/uploads\/2011\/05\/cropped-logo-bellunopress-.jpg","width":512,"height":512,"caption":"Bellunopress"},"image":{"@id":"https:\/\/www.bellunopress.it\/#\/schema\/logo\/image\/"},"sameAs":["https:\/\/www.facebook.com\/profile.php?id=100008943462799","https:\/\/x.com\/bellunopress","https:\/\/www.linkedin.com\/hp\/?dnr=JBzUWaJfMUw8vbXJJ2tVW5-I3jZKvC4wsoxE&amp;amp;amp;amp;amp;amp;trk=nav_responsive_tab_home","https:\/\/www.youtube.com\/channel\/UCxL0wu1uN0_3_7hGG0306cw"]},{"@type":"Person","@id":"https:\/\/www.bellunopress.it\/#\/schema\/person\/79bb06722b37ece1c03d3e94beb30d73","name":"r\u00e9daction","image":{"@type":"ImageObject","inLanguage":"fr-FR","@id":"https:\/\/secure.gravatar.com\/avatar\/37d968a2e67a6fd04c169c4bdef102d0bc5d31b2546345219e348575eb80e9a0?s=96&d=mm&r=g","url":"https:\/\/secure.gravatar.com\/avatar\/37d968a2e67a6fd04c169c4bdef102d0bc5d31b2546345219e348575eb80e9a0?s=96&d=mm&r=g","contentUrl":"https:\/\/secure.gravatar.com\/avatar\/37d968a2e67a6fd04c169c4bdef102d0bc5d31b2546345219e348575eb80e9a0?s=96&d=mm&r=g","caption":"redazione"},"sameAs":["http:\/\/www.bellunopress.it","https:\/\/x.com\/bellunopress"],"url":"https:\/\/www.bellunopress.it\/fr\/author\/redazione\/"}]}},"_links":{"self":[{"href":"https:\/\/www.bellunopress.it\/fr\/wp-json\/wp\/v2\/posts\/118637","targetHints":{"allow":["GET"]}}],"collection":[{"href":"https:\/\/www.bellunopress.it\/fr\/wp-json\/wp\/v2\/posts"}],"about":[{"href":"https:\/\/www.bellunopress.it\/fr\/wp-json\/wp\/v2\/types\/post"}],"author":[{"embeddable":true,"href":"https:\/\/www.bellunopress.it\/fr\/wp-json\/wp\/v2\/users\/2"}],"replies":[{"embeddable":true,"href":"https:\/\/www.bellunopress.it\/fr\/wp-json\/wp\/v2\/comments?post=118637"}],"version-history":[{"count":4,"href":"https:\/\/www.bellunopress.it\/fr\/wp-json\/wp\/v2\/posts\/118637\/revisions"}],"predecessor-version":[{"id":118641,"href":"https:\/\/www.bellunopress.it\/fr\/wp-json\/wp\/v2\/posts\/118637\/revisions\/118641"}],"wp:featuredmedia":[{"embeddable":true,"href":"https:\/\/www.bellunopress.it\/fr\/wp-json\/wp\/v2\/media\/112929"}],"wp:attachment":[{"href":"https:\/\/www.bellunopress.it\/fr\/wp-json\/wp\/v2\/media?parent=118637"}],"wp:term":[{"taxonomy":"category","embeddable":true,"href":"https:\/\/www.bellunopress.it\/fr\/wp-json\/wp\/v2\/categories?post=118637"},{"taxonomy":"post_tag","embeddable":true,"href":"https:\/\/www.bellunopress.it\/fr\/wp-json\/wp\/v2\/tags?post=118637"}],"curies":[{"name":"wp","href":"https:\/\/api.w.org\/{rel}","templated":true}]}}