{"id":118619,"date":"2020-10-18T21:10:38","date_gmt":"2020-10-18T19:10:38","guid":{"rendered":"http:\/\/www.bellunopress.it\/?p=118619"},"modified":"2020-10-22T11:50:47","modified_gmt":"2020-10-22T09:50:47","slug":"percorsi-nella-sofferenza-psichica-venerdi-a-ponte-nelle-alpi-la-presentazione-del-libro-di-giovanna-toniolo","status":"publish","type":"post","link":"https:\/\/www.bellunopress.it\/fr\/2020\/10\/18\/percorsi-nella-sofferenza-psichica-venerdi-a-ponte-nelle-alpi-la-presentazione-del-libro-di-giovanna-toniolo\/","title":{"rendered":"&#8220;Percorsi\u201d nella sofferenza psichica: rinviata la presentazione del libro di Giovanna Toniolo"},"content":{"rendered":"<p><a href=\"http:\/\/www.bellunopress.it\/fr\/2020\/10\/03\/biblioteca-civica-di-ponte-nelle-alpi-contributo-di-10mila-euro-per-lacquisto-di-nuovi-volumi\/biblioteca-civica-ponte-nelle-alpi_edited\/\" rel=\"attachment wp-att-118165\"><img loading=\"lazy\" decoding=\"async\" class=\"alignleft size-full wp-image-118165\" src=\"http:\/\/www.bellunopress.it\/wp-content\/uploads\/2020\/10\/Biblioteca-civica-Ponte-nelle-Alpi_edited.jpg\" alt=\"\" width=\"800\" height=\"450\" srcset=\"https:\/\/www.bellunopress.it\/wp-content\/uploads\/2020\/10\/Biblioteca-civica-Ponte-nelle-Alpi_edited.jpg 800w, https:\/\/www.bellunopress.it\/wp-content\/uploads\/2020\/10\/Biblioteca-civica-Ponte-nelle-Alpi_edited-500x281.jpg 500w, https:\/\/www.bellunopress.it\/wp-content\/uploads\/2020\/10\/Biblioteca-civica-Ponte-nelle-Alpi_edited-696x392.jpg 696w, https:\/\/www.bellunopress.it\/wp-content\/uploads\/2020\/10\/Biblioteca-civica-Ponte-nelle-Alpi_edited-747x420.jpg 747w\" sizes=\"auto, (max-width: 800px) 100vw, 800px\" \/><\/a><\/p>\n<p><strong>\u00c8 rinviata a data destinarsi la presentazione del libro &#8220;Percorsi&#8221; di Giovanna Toniolo. L&#8217;incontro era previsto inizialmente per domani (venerd\u00ec 23), nella Biblioteca civica di Ponte nelle Alpi, ma la delicata situazione epidemiologica ha indotto gli organizzatori a posticipare l&#8217;iniziativa culturale. <\/strong><\/p>\n<p>Un racconto di pensieri e di emozioni nel mondo della sofferenza psichica.\u00a0Racconto che \u00e8 racchiuso in un libro: si intitola \u201cPercorsi\u201d (Europa Edizioni), \u00e8 scritto da Giovanna Toniolo e verr\u00e0 presentato venerd\u00ec 23 ottobre (ore 19.30) a Ponte nelle Alpi. E, precisamente, nella sala \u201cTina Merlin\u201d della Biblioteca civica.<\/p>\n<p>Oltre alla presenza dell&#8217;autrice, l\u2019appuntamento sar\u00e0 arricchito dalla competenza di una relatrice d&#8217;eccezione come la psicologa e psicoterapeuta Michela Marchet. E dagli interventi di Sabrina Dassi\u00e8 (consigliera comunale alle Pari opportunit\u00e0) e di Flavia Monego (Commissione e Politiche di genere del Comune di Ponte nelle Alpi), mentre le letture sono a cura di Susi Gregoris.<\/p>\n<p>\u00abSala d&#8217;attesa di uno studio medico &#8211; emerge dalla sinossi del libro -. Sguardi che vagano, bocche chiuse e parole che non escono perch\u00e9 non ci sono i giusti interlocutori. I pensieri, invece, quelli sono come saette, guizzano e scattano, lasciando intravedere dietro lo schermo degli occhi, che sono e resteranno sempre semitrasparenti. Solo una penna traccia i contorni di quei pensieri, di quegli occhi, di quelle storie. Forse sono vere, forse no, di sicuro non ha la minima importanza. Sono storie e vale la pena raccontarle\u00bb.<\/p>\n<p>Vari i protagonisti: dalla donna che odia il cibo al ragazzo che combatte un mostro invisibile. \u00abE c&#8217;\u00e8 anche il primo attacco di panico in una vita troppo ordinata, c&#8217;\u00e8 la paura, c&#8217;\u00e8 la solitudine di chi si trova in mezzo a un mondo intero che non vede, non sente e non parla, quale che sia la forza con cui si pu\u00f2 urlare\u00bb.<\/p>\n<p>La voce di Giovanna Toniolo sembra calma, lieve, malinconica, ma ci\u00f2 che racconta \u00e8 l&#8217;esatto opposto. E lo si potr\u00e0 scoprire anche all\u2019interno dell\u2019appuntamento inserito nell\u2019Ottobre Rosa, la rassegna orientata a promuovere eventi dedicati alla salute dell&#8217;universo femminile.<\/p>\n<p>Per l&#8217;incontro di venerd\u00ec prossimo, che si terr\u00e0 nel pieno rispetto delle misure anti-contagio, \u00e8 necessaria la prenotazione: 0437-99214 o biblioteca@pna.bl.it.<\/p>\n<p>L&#8217;organizzazione \u00e8 della Commissione Diritti civili e Politiche di genere, della Biblioteca civica, del Comune di Ponte nelle Alpi e della Commissione Pari opportunit\u00e0.<\/p>","protected":false},"excerpt":{"rendered":"<p>\u00c8 rinviata a data destinarsi la presentazione del libro &#8220;Percorsi&#8221; di Giovanna Toniolo. L&#8217;incontro era previsto inizialmente per domani (venerd\u00ec 23), nella Biblioteca civica di Ponte nelle Alpi, ma la delicata situazione epidemiologica ha indotto gli organizzatori a posticipare l&#8217;iniziativa culturale. Un racconto di pensieri e di emozioni nel mondo della sofferenza psichica.\u00a0Racconto che \u00e8 [&hellip;]<\/p>\n","protected":false},"author":2,"featured_media":118165,"comment_status":"closed","ping_status":"open","sticky":false,"template":"","format":"standard","meta":{"footnotes":""},"categories":[27,3,25],"tags":[],"class_list":["post-118619","post","type-post","status-publish","format-standard","has-post-thumbnail","category-appuntamenti","category-arte-cultura-spettacoli-scienza-archivi","category-pausa-caffe"],"yoast_head":"<!-- This site is optimized with the Yoast SEO plugin v28.4 - https:\/\/yoast.com\/product\/yoast-seo-wordpress\/ -->\n<title>&quot;Percorsi\u201d nella sofferenza psichica: rinviata la presentazione del libro di Giovanna Toniolo - Bellunopress - Dolomiti<\/title>\n<meta name=\"robots\" content=\"index, follow, max-snippet:-1, max-image-preview:large, max-video-preview:-1\" \/>\n<link rel=\"canonical\" href=\"https:\/\/www.bellunopress.it\/fr\/2020\/10\/18\/percorsi-nella-sofferenza-psichica-venerdi-a-ponte-nelle-alpi-la-presentazione-del-libro-di-giovanna-toniolo\/\" \/>\n<meta property=\"og:locale\" content=\"fr_FR\" \/>\n<meta property=\"og:type\" content=\"article\" \/>\n<meta property=\"og:title\" content=\"&quot;Percorsi\u201d nella sofferenza psichica: rinviata la presentazione del libro di Giovanna Toniolo - Bellunopress - Dolomiti\" \/>\n<meta property=\"og:description\" content=\"\u00c8 rinviata a data destinarsi la presentazione del libro &#8220;Percorsi&#8221; di Giovanna Toniolo. L&#8217;incontro era previsto inizialmente per domani (venerd\u00ec 23), nella Biblioteca civica di Ponte nelle Alpi, ma la delicata situazione epidemiologica ha indotto gli organizzatori a posticipare l&#8217;iniziativa culturale. Un racconto di pensieri e di emozioni nel mondo della sofferenza psichica.\u00a0Racconto che \u00e8 [&hellip;]\" \/>\n<meta property=\"og:url\" content=\"https:\/\/www.bellunopress.it\/fr\/2020\/10\/18\/percorsi-nella-sofferenza-psichica-venerdi-a-ponte-nelle-alpi-la-presentazione-del-libro-di-giovanna-toniolo\/\" \/>\n<meta property=\"og:site_name\" content=\"Bellunopress - Dolomiti\" \/>\n<meta property=\"article:publisher\" content=\"https:\/\/www.facebook.com\/profile.php?id=100008943462799\" \/>\n<meta property=\"article:published_time\" content=\"2020-10-18T19:10:38+00:00\" \/>\n<meta property=\"article:modified_time\" content=\"2020-10-22T09:50:47+00:00\" \/>\n<meta property=\"og:image\" content=\"https:\/\/www.bellunopress.it\/wp-content\/uploads\/2020\/10\/Biblioteca-civica-Ponte-nelle-Alpi_edited.jpg\" \/>\n\t<meta property=\"og:image:width\" content=\"800\" \/>\n\t<meta property=\"og:image:height\" content=\"450\" \/>\n\t<meta property=\"og:image:type\" content=\"image\/jpeg\" \/>\n<meta name=\"author\" content=\"redazione\" \/>\n<meta name=\"twitter:card\" content=\"summary_large_image\" \/>\n<meta name=\"twitter:creator\" content=\"@bellunopress\" \/>\n<meta name=\"twitter:site\" content=\"@bellunopress\" \/>\n<meta name=\"twitter:label1\" content=\"\u00c9crit par\" \/>\n\t<meta name=\"twitter:data1\" content=\"redazione\" \/>\n\t<meta name=\"twitter:label2\" content=\"Dur\u00e9e de lecture estim\u00e9e\" \/>\n\t<meta name=\"twitter:data2\" content=\"2 minutes\" \/>\n<script type=\"application\/ld+json\" class=\"yoast-schema-graph\">{\"@context\":\"https:\\\/\\\/schema.org\",\"@graph\":[{\"@type\":\"Article\",\"@id\":\"https:\\\/\\\/www.bellunopress.it\\\/2020\\\/10\\\/18\\\/percorsi-nella-sofferenza-psichica-venerdi-a-ponte-nelle-alpi-la-presentazione-del-libro-di-giovanna-toniolo\\\/#article\",\"isPartOf\":{\"@id\":\"https:\\\/\\\/www.bellunopress.it\\\/2020\\\/10\\\/18\\\/percorsi-nella-sofferenza-psichica-venerdi-a-ponte-nelle-alpi-la-presentazione-del-libro-di-giovanna-toniolo\\\/\"},\"author\":{\"name\":\"redazione\",\"@id\":\"https:\\\/\\\/www.bellunopress.it\\\/#\\\/schema\\\/person\\\/79bb06722b37ece1c03d3e94beb30d73\"},\"headline\":\"&#8220;Percorsi\u201d nella sofferenza psichica: rinviata la presentazione del libro di Giovanna Toniolo\",\"datePublished\":\"2020-10-18T19:10:38+00:00\",\"dateModified\":\"2020-10-22T09:50:47+00:00\",\"mainEntityOfPage\":{\"@id\":\"https:\\\/\\\/www.bellunopress.it\\\/2020\\\/10\\\/18\\\/percorsi-nella-sofferenza-psichica-venerdi-a-ponte-nelle-alpi-la-presentazione-del-libro-di-giovanna-toniolo\\\/\"},\"wordCount\":398,\"publisher\":{\"@id\":\"https:\\\/\\\/www.bellunopress.it\\\/#organization\"},\"image\":{\"@id\":\"https:\\\/\\\/www.bellunopress.it\\\/2020\\\/10\\\/18\\\/percorsi-nella-sofferenza-psichica-venerdi-a-ponte-nelle-alpi-la-presentazione-del-libro-di-giovanna-toniolo\\\/#primaryimage\"},\"thumbnailUrl\":\"https:\\\/\\\/www.bellunopress.it\\\/wp-content\\\/uploads\\\/2020\\\/10\\\/Biblioteca-civica-Ponte-nelle-Alpi_edited.jpg\",\"articleSection\":[\"Appuntamenti, Eventi\",\"Arte, Cultura, Spettacoli, Scienza\",\"Pausa Caff\u00e8\"],\"inLanguage\":\"fr-FR\"},{\"@type\":\"WebPage\",\"@id\":\"https:\\\/\\\/www.bellunopress.it\\\/2020\\\/10\\\/18\\\/percorsi-nella-sofferenza-psichica-venerdi-a-ponte-nelle-alpi-la-presentazione-del-libro-di-giovanna-toniolo\\\/\",\"url\":\"https:\\\/\\\/www.bellunopress.it\\\/2020\\\/10\\\/18\\\/percorsi-nella-sofferenza-psichica-venerdi-a-ponte-nelle-alpi-la-presentazione-del-libro-di-giovanna-toniolo\\\/\",\"name\":\"\\\"Percorsi\u201d nella sofferenza psichica: rinviata la presentazione del libro di Giovanna Toniolo - Bellunopress - Dolomiti\",\"isPartOf\":{\"@id\":\"https:\\\/\\\/www.bellunopress.it\\\/#website\"},\"primaryImageOfPage\":{\"@id\":\"https:\\\/\\\/www.bellunopress.it\\\/2020\\\/10\\\/18\\\/percorsi-nella-sofferenza-psichica-venerdi-a-ponte-nelle-alpi-la-presentazione-del-libro-di-giovanna-toniolo\\\/#primaryimage\"},\"image\":{\"@id\":\"https:\\\/\\\/www.bellunopress.it\\\/2020\\\/10\\\/18\\\/percorsi-nella-sofferenza-psichica-venerdi-a-ponte-nelle-alpi-la-presentazione-del-libro-di-giovanna-toniolo\\\/#primaryimage\"},\"thumbnailUrl\":\"https:\\\/\\\/www.bellunopress.it\\\/wp-content\\\/uploads\\\/2020\\\/10\\\/Biblioteca-civica-Ponte-nelle-Alpi_edited.jpg\",\"datePublished\":\"2020-10-18T19:10:38+00:00\",\"dateModified\":\"2020-10-22T09:50:47+00:00\",\"breadcrumb\":{\"@id\":\"https:\\\/\\\/www.bellunopress.it\\\/2020\\\/10\\\/18\\\/percorsi-nella-sofferenza-psichica-venerdi-a-ponte-nelle-alpi-la-presentazione-del-libro-di-giovanna-toniolo\\\/#breadcrumb\"},\"inLanguage\":\"fr-FR\",\"potentialAction\":[{\"@type\":\"ReadAction\",\"target\":[\"https:\\\/\\\/www.bellunopress.it\\\/2020\\\/10\\\/18\\\/percorsi-nella-sofferenza-psichica-venerdi-a-ponte-nelle-alpi-la-presentazione-del-libro-di-giovanna-toniolo\\\/\"]}]},{\"@type\":\"ImageObject\",\"inLanguage\":\"fr-FR\",\"@id\":\"https:\\\/\\\/www.bellunopress.it\\\/2020\\\/10\\\/18\\\/percorsi-nella-sofferenza-psichica-venerdi-a-ponte-nelle-alpi-la-presentazione-del-libro-di-giovanna-toniolo\\\/#primaryimage\",\"url\":\"https:\\\/\\\/www.bellunopress.it\\\/wp-content\\\/uploads\\\/2020\\\/10\\\/Biblioteca-civica-Ponte-nelle-Alpi_edited.jpg\",\"contentUrl\":\"https:\\\/\\\/www.bellunopress.it\\\/wp-content\\\/uploads\\\/2020\\\/10\\\/Biblioteca-civica-Ponte-nelle-Alpi_edited.jpg\",\"width\":800,\"height\":450,\"caption\":\"Biblioteca civica di Ponte nelle Alpi\"},{\"@type\":\"BreadcrumbList\",\"@id\":\"https:\\\/\\\/www.bellunopress.it\\\/2020\\\/10\\\/18\\\/percorsi-nella-sofferenza-psichica-venerdi-a-ponte-nelle-alpi-la-presentazione-del-libro-di-giovanna-toniolo\\\/#breadcrumb\",\"itemListElement\":[{\"@type\":\"ListItem\",\"position\":1,\"name\":\"Home\",\"item\":\"https:\\\/\\\/www.bellunopress.it\\\/\"},{\"@type\":\"ListItem\",\"position\":2,\"name\":\"&#8220;Percorsi\u201d nella sofferenza psichica: rinviata la presentazione del libro di Giovanna Toniolo\"}]},{\"@type\":\"WebSite\",\"@id\":\"https:\\\/\\\/www.bellunopress.it\\\/#website\",\"url\":\"https:\\\/\\\/www.bellunopress.it\\\/\",\"name\":\"Bellunopress - Dolomiti\",\"description\":\"e-mail: redazione@bellunopress.it\",\"publisher\":{\"@id\":\"https:\\\/\\\/www.bellunopress.it\\\/#organization\"},\"potentialAction\":[{\"@type\":\"SearchAction\",\"target\":{\"@type\":\"EntryPoint\",\"urlTemplate\":\"https:\\\/\\\/www.bellunopress.it\\\/?s={search_term_string}\"},\"query-input\":{\"@type\":\"PropertyValueSpecification\",\"valueRequired\":true,\"valueName\":\"search_term_string\"}}],\"inLanguage\":\"fr-FR\"},{\"@type\":\"Organization\",\"@id\":\"https:\\\/\\\/www.bellunopress.it\\\/#organization\",\"name\":\"Bellunopress\",\"url\":\"https:\\\/\\\/www.bellunopress.it\\\/\",\"logo\":{\"@type\":\"ImageObject\",\"inLanguage\":\"fr-FR\",\"@id\":\"https:\\\/\\\/www.bellunopress.it\\\/#\\\/schema\\\/logo\\\/image\\\/\",\"url\":\"https:\\\/\\\/www.bellunopress.it\\\/wp-content\\\/uploads\\\/2011\\\/05\\\/cropped-logo-bellunopress-.jpg\",\"contentUrl\":\"https:\\\/\\\/www.bellunopress.it\\\/wp-content\\\/uploads\\\/2011\\\/05\\\/cropped-logo-bellunopress-.jpg\",\"width\":512,\"height\":512,\"caption\":\"Bellunopress\"},\"image\":{\"@id\":\"https:\\\/\\\/www.bellunopress.it\\\/#\\\/schema\\\/logo\\\/image\\\/\"},\"sameAs\":[\"https:\\\/\\\/www.facebook.com\\\/profile.php?id=100008943462799\",\"https:\\\/\\\/x.com\\\/bellunopress\",\"https:\\\/\\\/www.linkedin.com\\\/hp\\\/?dnr=JBzUWaJfMUw8vbXJJ2tVW5-I3jZKvC4wsoxE&amp;amp;amp;amp;amp;amp;trk=nav_responsive_tab_home\",\"https:\\\/\\\/www.youtube.com\\\/channel\\\/UCxL0wu1uN0_3_7hGG0306cw\"]},{\"@type\":\"Person\",\"@id\":\"https:\\\/\\\/www.bellunopress.it\\\/#\\\/schema\\\/person\\\/79bb06722b37ece1c03d3e94beb30d73\",\"name\":\"redazione\",\"image\":{\"@type\":\"ImageObject\",\"inLanguage\":\"fr-FR\",\"@id\":\"https:\\\/\\\/secure.gravatar.com\\\/avatar\\\/37d968a2e67a6fd04c169c4bdef102d0bc5d31b2546345219e348575eb80e9a0?s=96&d=mm&r=g\",\"url\":\"https:\\\/\\\/secure.gravatar.com\\\/avatar\\\/37d968a2e67a6fd04c169c4bdef102d0bc5d31b2546345219e348575eb80e9a0?s=96&d=mm&r=g\",\"contentUrl\":\"https:\\\/\\\/secure.gravatar.com\\\/avatar\\\/37d968a2e67a6fd04c169c4bdef102d0bc5d31b2546345219e348575eb80e9a0?s=96&d=mm&r=g\",\"caption\":\"redazione\"},\"sameAs\":[\"http:\\\/\\\/www.bellunopress.it\",\"https:\\\/\\\/x.com\\\/bellunopress\"],\"url\":\"https:\\\/\\\/www.bellunopress.it\\\/fr\\\/author\\\/redazione\\\/\"}]}<\/script>\n<!-- \/ Yoast SEO plugin. -->","yoast_head_json":{"title":"\"Percorsi\u201d nella sofferenza psichica: rinviata la presentazione del libro di Giovanna Toniolo - Bellunopress - Dolomiti","robots":{"index":"index","follow":"follow","max-snippet":"max-snippet:-1","max-image-preview":"max-image-preview:large","max-video-preview":"max-video-preview:-1"},"canonical":"https:\/\/www.bellunopress.it\/fr\/2020\/10\/18\/percorsi-nella-sofferenza-psichica-venerdi-a-ponte-nelle-alpi-la-presentazione-del-libro-di-giovanna-toniolo\/","og_locale":"fr_FR","og_type":"article","og_title":"\"Percorsi\u201d nella sofferenza psichica: rinviata la presentazione del libro di Giovanna Toniolo - Bellunopress - Dolomiti","og_description":"\u00c8 rinviata a data destinarsi la presentazione del libro &#8220;Percorsi&#8221; di Giovanna Toniolo. L&#8217;incontro era previsto inizialmente per domani (venerd\u00ec 23), nella Biblioteca civica di Ponte nelle Alpi, ma la delicata situazione epidemiologica ha indotto gli organizzatori a posticipare l&#8217;iniziativa culturale. Un racconto di pensieri e di emozioni nel mondo della sofferenza psichica.\u00a0Racconto che \u00e8 [&hellip;]","og_url":"https:\/\/www.bellunopress.it\/fr\/2020\/10\/18\/percorsi-nella-sofferenza-psichica-venerdi-a-ponte-nelle-alpi-la-presentazione-del-libro-di-giovanna-toniolo\/","og_site_name":"Bellunopress - Dolomiti","article_publisher":"https:\/\/www.facebook.com\/profile.php?id=100008943462799","article_published_time":"2020-10-18T19:10:38+00:00","article_modified_time":"2020-10-22T09:50:47+00:00","og_image":[{"width":800,"height":450,"url":"https:\/\/www.bellunopress.it\/wp-content\/uploads\/2020\/10\/Biblioteca-civica-Ponte-nelle-Alpi_edited.jpg","type":"image\/jpeg"}],"author":"redazione","twitter_card":"summary_large_image","twitter_creator":"@bellunopress","twitter_site":"@bellunopress","twitter_misc":{"\u00c9crit par":"redazione","Dur\u00e9e de lecture estim\u00e9e":"2 minutes"},"schema":{"@context":"https:\/\/schema.org","@graph":[{"@type":"Article","@id":"https:\/\/www.bellunopress.it\/2020\/10\/18\/percorsi-nella-sofferenza-psichica-venerdi-a-ponte-nelle-alpi-la-presentazione-del-libro-di-giovanna-toniolo\/#article","isPartOf":{"@id":"https:\/\/www.bellunopress.it\/2020\/10\/18\/percorsi-nella-sofferenza-psichica-venerdi-a-ponte-nelle-alpi-la-presentazione-del-libro-di-giovanna-toniolo\/"},"author":{"name":"redazione","@id":"https:\/\/www.bellunopress.it\/#\/schema\/person\/79bb06722b37ece1c03d3e94beb30d73"},"headline":"&#8220;Percorsi\u201d nella sofferenza psichica: rinviata la presentazione del libro di Giovanna Toniolo","datePublished":"2020-10-18T19:10:38+00:00","dateModified":"2020-10-22T09:50:47+00:00","mainEntityOfPage":{"@id":"https:\/\/www.bellunopress.it\/2020\/10\/18\/percorsi-nella-sofferenza-psichica-venerdi-a-ponte-nelle-alpi-la-presentazione-del-libro-di-giovanna-toniolo\/"},"wordCount":398,"publisher":{"@id":"https:\/\/www.bellunopress.it\/#organization"},"image":{"@id":"https:\/\/www.bellunopress.it\/2020\/10\/18\/percorsi-nella-sofferenza-psichica-venerdi-a-ponte-nelle-alpi-la-presentazione-del-libro-di-giovanna-toniolo\/#primaryimage"},"thumbnailUrl":"https:\/\/www.bellunopress.it\/wp-content\/uploads\/2020\/10\/Biblioteca-civica-Ponte-nelle-Alpi_edited.jpg","articleSection":["Appuntamenti, Eventi","Arte, Cultura, Spettacoli, Scienza","Pausa Caff\u00e8"],"inLanguage":"fr-FR"},{"@type":"WebPage","@id":"https:\/\/www.bellunopress.it\/2020\/10\/18\/percorsi-nella-sofferenza-psichica-venerdi-a-ponte-nelle-alpi-la-presentazione-del-libro-di-giovanna-toniolo\/","url":"https:\/\/www.bellunopress.it\/2020\/10\/18\/percorsi-nella-sofferenza-psichica-venerdi-a-ponte-nelle-alpi-la-presentazione-del-libro-di-giovanna-toniolo\/","name":"\"Percorsi\u201d nella sofferenza psichica: rinviata la presentazione del libro di Giovanna Toniolo - Bellunopress - Dolomiti","isPartOf":{"@id":"https:\/\/www.bellunopress.it\/#website"},"primaryImageOfPage":{"@id":"https:\/\/www.bellunopress.it\/2020\/10\/18\/percorsi-nella-sofferenza-psichica-venerdi-a-ponte-nelle-alpi-la-presentazione-del-libro-di-giovanna-toniolo\/#primaryimage"},"image":{"@id":"https:\/\/www.bellunopress.it\/2020\/10\/18\/percorsi-nella-sofferenza-psichica-venerdi-a-ponte-nelle-alpi-la-presentazione-del-libro-di-giovanna-toniolo\/#primaryimage"},"thumbnailUrl":"https:\/\/www.bellunopress.it\/wp-content\/uploads\/2020\/10\/Biblioteca-civica-Ponte-nelle-Alpi_edited.jpg","datePublished":"2020-10-18T19:10:38+00:00","dateModified":"2020-10-22T09:50:47+00:00","breadcrumb":{"@id":"https:\/\/www.bellunopress.it\/2020\/10\/18\/percorsi-nella-sofferenza-psichica-venerdi-a-ponte-nelle-alpi-la-presentazione-del-libro-di-giovanna-toniolo\/#breadcrumb"},"inLanguage":"fr-FR","potentialAction":[{"@type":"ReadAction","target":["https:\/\/www.bellunopress.it\/2020\/10\/18\/percorsi-nella-sofferenza-psichica-venerdi-a-ponte-nelle-alpi-la-presentazione-del-libro-di-giovanna-toniolo\/"]}]},{"@type":"ImageObject","inLanguage":"fr-FR","@id":"https:\/\/www.bellunopress.it\/2020\/10\/18\/percorsi-nella-sofferenza-psichica-venerdi-a-ponte-nelle-alpi-la-presentazione-del-libro-di-giovanna-toniolo\/#primaryimage","url":"https:\/\/www.bellunopress.it\/wp-content\/uploads\/2020\/10\/Biblioteca-civica-Ponte-nelle-Alpi_edited.jpg","contentUrl":"https:\/\/www.bellunopress.it\/wp-content\/uploads\/2020\/10\/Biblioteca-civica-Ponte-nelle-Alpi_edited.jpg","width":800,"height":450,"caption":"Biblioteca civica di Ponte nelle Alpi"},{"@type":"BreadcrumbList","@id":"https:\/\/www.bellunopress.it\/2020\/10\/18\/percorsi-nella-sofferenza-psichica-venerdi-a-ponte-nelle-alpi-la-presentazione-del-libro-di-giovanna-toniolo\/#breadcrumb","itemListElement":[{"@type":"ListItem","position":1,"name":"Home","item":"https:\/\/www.bellunopress.it\/"},{"@type":"ListItem","position":2,"name":"&#8220;Percorsi\u201d nella sofferenza psichica: rinviata la presentazione del libro di Giovanna Toniolo"}]},{"@type":"WebSite","@id":"https:\/\/www.bellunopress.it\/#website","url":"https:\/\/www.bellunopress.it\/","name":"Bellunopress - Dolomiti","description":"e-mail: redazione@bellunopress.it","publisher":{"@id":"https:\/\/www.bellunopress.it\/#organization"},"potentialAction":[{"@type":"SearchAction","target":{"@type":"EntryPoint","urlTemplate":"https:\/\/www.bellunopress.it\/?s={search_term_string}"},"query-input":{"@type":"PropertyValueSpecification","valueRequired":true,"valueName":"search_term_string"}}],"inLanguage":"fr-FR"},{"@type":"Organization","@id":"https:\/\/www.bellunopress.it\/#organization","name":"Bellunopress","url":"https:\/\/www.bellunopress.it\/","logo":{"@type":"ImageObject","inLanguage":"fr-FR","@id":"https:\/\/www.bellunopress.it\/#\/schema\/logo\/image\/","url":"https:\/\/www.bellunopress.it\/wp-content\/uploads\/2011\/05\/cropped-logo-bellunopress-.jpg","contentUrl":"https:\/\/www.bellunopress.it\/wp-content\/uploads\/2011\/05\/cropped-logo-bellunopress-.jpg","width":512,"height":512,"caption":"Bellunopress"},"image":{"@id":"https:\/\/www.bellunopress.it\/#\/schema\/logo\/image\/"},"sameAs":["https:\/\/www.facebook.com\/profile.php?id=100008943462799","https:\/\/x.com\/bellunopress","https:\/\/www.linkedin.com\/hp\/?dnr=JBzUWaJfMUw8vbXJJ2tVW5-I3jZKvC4wsoxE&amp;amp;amp;amp;amp;amp;trk=nav_responsive_tab_home","https:\/\/www.youtube.com\/channel\/UCxL0wu1uN0_3_7hGG0306cw"]},{"@type":"Person","@id":"https:\/\/www.bellunopress.it\/#\/schema\/person\/79bb06722b37ece1c03d3e94beb30d73","name":"r\u00e9daction","image":{"@type":"ImageObject","inLanguage":"fr-FR","@id":"https:\/\/secure.gravatar.com\/avatar\/37d968a2e67a6fd04c169c4bdef102d0bc5d31b2546345219e348575eb80e9a0?s=96&d=mm&r=g","url":"https:\/\/secure.gravatar.com\/avatar\/37d968a2e67a6fd04c169c4bdef102d0bc5d31b2546345219e348575eb80e9a0?s=96&d=mm&r=g","contentUrl":"https:\/\/secure.gravatar.com\/avatar\/37d968a2e67a6fd04c169c4bdef102d0bc5d31b2546345219e348575eb80e9a0?s=96&d=mm&r=g","caption":"redazione"},"sameAs":["http:\/\/www.bellunopress.it","https:\/\/x.com\/bellunopress"],"url":"https:\/\/www.bellunopress.it\/fr\/author\/redazione\/"}]}},"_links":{"self":[{"href":"https:\/\/www.bellunopress.it\/fr\/wp-json\/wp\/v2\/posts\/118619","targetHints":{"allow":["GET"]}}],"collection":[{"href":"https:\/\/www.bellunopress.it\/fr\/wp-json\/wp\/v2\/posts"}],"about":[{"href":"https:\/\/www.bellunopress.it\/fr\/wp-json\/wp\/v2\/types\/post"}],"author":[{"embeddable":true,"href":"https:\/\/www.bellunopress.it\/fr\/wp-json\/wp\/v2\/users\/2"}],"replies":[{"embeddable":true,"href":"https:\/\/www.bellunopress.it\/fr\/wp-json\/wp\/v2\/comments?post=118619"}],"version-history":[{"count":3,"href":"https:\/\/www.bellunopress.it\/fr\/wp-json\/wp\/v2\/posts\/118619\/revisions"}],"predecessor-version":[{"id":118736,"href":"https:\/\/www.bellunopress.it\/fr\/wp-json\/wp\/v2\/posts\/118619\/revisions\/118736"}],"wp:featuredmedia":[{"embeddable":true,"href":"https:\/\/www.bellunopress.it\/fr\/wp-json\/wp\/v2\/media\/118165"}],"wp:attachment":[{"href":"https:\/\/www.bellunopress.it\/fr\/wp-json\/wp\/v2\/media?parent=118619"}],"wp:term":[{"taxonomy":"category","embeddable":true,"href":"https:\/\/www.bellunopress.it\/fr\/wp-json\/wp\/v2\/categories?post=118619"},{"taxonomy":"post_tag","embeddable":true,"href":"https:\/\/www.bellunopress.it\/fr\/wp-json\/wp\/v2\/tags?post=118619"}],"curies":[{"name":"wp","href":"https:\/\/api.w.org\/{rel}","templated":true}]}}