{"id":118605,"date":"2020-10-18T20:52:02","date_gmt":"2020-10-18T18:52:02","guid":{"rendered":"http:\/\/www.bellunopress.it\/?p=118605"},"modified":"2020-10-21T14:57:35","modified_gmt":"2020-10-21T12:57:35","slug":"domenica-al-botegon-di-borgo-piave-gli-dei-del-borgo-illustrazioni-letture-e-musica","status":"publish","type":"post","link":"https:\/\/www.bellunopress.it\/fr\/2020\/10\/18\/domenica-al-botegon-di-borgo-piave-gli-dei-del-borgo-illustrazioni-letture-e-musica\/","title":{"rendered":"Domenica al &#8220;Botegon&#8221; di Borgo Piave &#8220;Gli dei del Borgo&#8221;, illustrazioni, letture e musica"},"content":{"rendered":"<p><a href=\"http:\/\/www.bellunopress.it\/fr\/2020\/10\/18\/domenica-al-botegon-di-borgo-piave-gli-dei-del-borgo-illustrazioni-letture-e-musica\/palazzo-doglioni-borgo-piave-il-botegon_edited\/\" rel=\"attachment wp-att-118606\"><img loading=\"lazy\" decoding=\"async\" class=\"alignleft size-full wp-image-118606\" src=\"http:\/\/www.bellunopress.it\/wp-content\/uploads\/2020\/10\/Palazzo-Doglioni-Borgo-Piave-il-Botegon_edited.jpg\" alt=\"\" width=\"800\" height=\"563\" srcset=\"https:\/\/www.bellunopress.it\/wp-content\/uploads\/2020\/10\/Palazzo-Doglioni-Borgo-Piave-il-Botegon_edited.jpg 800w, https:\/\/www.bellunopress.it\/wp-content\/uploads\/2020\/10\/Palazzo-Doglioni-Borgo-Piave-il-Botegon_edited-500x352.jpg 500w, https:\/\/www.bellunopress.it\/wp-content\/uploads\/2020\/10\/Palazzo-Doglioni-Borgo-Piave-il-Botegon_edited-696x490.jpg 696w, https:\/\/www.bellunopress.it\/wp-content\/uploads\/2020\/10\/Palazzo-Doglioni-Borgo-Piave-il-Botegon_edited-597x420.jpg 597w, https:\/\/www.bellunopress.it\/wp-content\/uploads\/2020\/10\/Palazzo-Doglioni-Borgo-Piave-il-Botegon_edited-100x70.jpg 100w\" sizes=\"auto, (max-width: 800px) 100vw, 800px\" \/><\/a>Domenica 25 ottobre apre i battenti il rinnovato palazzo Doglioni a Borgo Piave, detto il &#8220;Botegon&#8221;, ossia taverna, dai lavoratori che gravitavano un tempo intorno al borgo, nella splendida cornice della piazzetta di fronte alla chiesa di San Nicol\u00f2. L&#8217;iniziativa \u00e8 coordinata da Gocce di Sole aps assieme all&#8217;Associazione Vivamelio e alla neonata Borgo Piave ETC aps.<\/p>\n<p>&nbsp;<\/p>\n<figure id=\"attachment_118607\" aria-describedby=\"caption-attachment-118607\" style=\"width: 566px\" class=\"wp-caption alignleft\"><a href=\"http:\/\/www.bellunopress.it\/fr\/2020\/10\/18\/domenica-al-botegon-di-borgo-piave-gli-dei-del-borgo-illustrazioni-letture-e-musica\/giove-di-armando-gaviglia_edited\/\" rel=\"attachment wp-att-118607\"><img loading=\"lazy\" decoding=\"async\" class=\"size-full wp-image-118607\" src=\"http:\/\/www.bellunopress.it\/wp-content\/uploads\/2020\/10\/Giove-di-Armando-Gaviglia_edited.jpg\" alt=\"\" width=\"566\" height=\"800\" srcset=\"https:\/\/www.bellunopress.it\/wp-content\/uploads\/2020\/10\/Giove-di-Armando-Gaviglia_edited.jpg 566w, https:\/\/www.bellunopress.it\/wp-content\/uploads\/2020\/10\/Giove-di-Armando-Gaviglia_edited-354x500.jpg 354w, https:\/\/www.bellunopress.it\/wp-content\/uploads\/2020\/10\/Giove-di-Armando-Gaviglia_edited-297x420.jpg 297w\" sizes=\"auto, (max-width: 566px) 100vw, 566px\" \/><\/a><figcaption id=\"caption-attachment-118607\" class=\"wp-caption-text\">Giove, di Armando Gaviglia<\/figcaption><\/figure>\n<p>Saranno esposte le opere che richiamano i personaggi epici della mitologia greca, &#8220;Gli dei del Borgo&#8221; gi\u00e0 protagoniste dell&#8217;8va rassegna &#8220;Mel&#8217;immagino &#8220;, sull&#8217;illustrazione e il cinema di animazione.<br \/>\nIl tutto con delle letture, nella cornice musicale con gli artisti Luisa Nalato (flauto), Laura Argenta (clarinetto), Davide Nenci (chitarra), Maddalena Menegardi e Ivan Zasso (violini).<\/p>\n<p>Introdurranno la mostra Rosy Tes\u00e8 e Claudio Rossi dell&#8217;Associazione Vivamelio.<\/p>\n<p>&#8220;Un&#8217;occasione &#8211; sottolinea la presidente di Gocce di Sole Manuela Selvestrel &#8211; molto ghiotta per poter conoscere le bellezze della nostra citt\u00e0 e gustarsi un&#8217;ora di arte e musica e cultura in un ambiente come il rinnovato Palazzo Doglioni, che conserva al suo interno affreschi di pregio in sale dai controsoffitti in larice e pavimenti in cotto.<br \/>\nEsso appare sul logo della neonata associazione Borgo Piave ETC aps fondata dalla volont\u00e0 di alcuni abitanti del borgo che hanno deciso di spendersi per valorizzare, far conoscere e mantenere il quartiere del centro storico&#8221;.<\/p>\n<p>&#8220;Quale miglior occasione &#8211; tiene a sottolineare Antonio Gheno presidente del sodalizio &#8211; di poter promuovere un appuntamento culturale di spessore proprio nel fulcro del nostro quartiere&#8221;.<\/p>\n<p>Orari ed accesso:<br \/>\nQuattro rappresentazioni: ore 10, ore 11, ore 15 e ore 16.<\/p>\n<p>Prenotazione obbligatoria :<br \/>\n-scrivendo a info@goccedisole.bl.it<br \/>\n-Messaggio su whatsapp al n\u00b0 3389486064<br \/>\nIndicando il nome e la fascia oraria prescelta.<br \/>\nIngresso libero.<\/p>\n<p>&nbsp;<\/p>\n<p>&nbsp;<\/p>\n<p>.<\/p>\n<p>&nbsp;<\/p>","protected":false},"excerpt":{"rendered":"<p>Domenica 25 ottobre apre i battenti il rinnovato palazzo Doglioni a Borgo Piave, detto il &#8220;Botegon&#8221;, ossia taverna, dai lavoratori che gravitavano un tempo intorno al borgo, nella splendida cornice della piazzetta di fronte alla chiesa di San Nicol\u00f2. L&#8217;iniziativa \u00e8 coordinata da Gocce di Sole aps assieme all&#8217;Associazione Vivamelio e alla neonata Borgo Piave [&hellip;]<\/p>\n","protected":false},"author":2,"featured_media":118606,"comment_status":"closed","ping_status":"open","sticky":false,"template":"","format":"standard","meta":{"footnotes":""},"categories":[27,3,25],"tags":[],"class_list":["post-118605","post","type-post","status-publish","format-standard","has-post-thumbnail","category-appuntamenti","category-arte-cultura-spettacoli-scienza-archivi","category-pausa-caffe"],"yoast_head":"<!-- This site is optimized with the Yoast SEO plugin v28.4 - https:\/\/yoast.com\/product\/yoast-seo-wordpress\/ -->\n<title>Domenica al &quot;Botegon&quot; di Borgo Piave &quot;Gli dei del Borgo&quot;, illustrazioni, letture e musica - Bellunopress - Dolomiti<\/title>\n<meta name=\"robots\" content=\"index, follow, max-snippet:-1, max-image-preview:large, max-video-preview:-1\" \/>\n<link rel=\"canonical\" href=\"https:\/\/www.bellunopress.it\/fr\/2020\/10\/18\/domenica-al-botegon-di-borgo-piave-gli-dei-del-borgo-illustrazioni-letture-e-musica\/\" \/>\n<meta property=\"og:locale\" content=\"fr_FR\" \/>\n<meta property=\"og:type\" content=\"article\" \/>\n<meta property=\"og:title\" content=\"Domenica al &quot;Botegon&quot; di Borgo Piave &quot;Gli dei del Borgo&quot;, illustrazioni, letture e musica - Bellunopress - Dolomiti\" \/>\n<meta property=\"og:description\" content=\"Domenica 25 ottobre apre i battenti il rinnovato palazzo Doglioni a Borgo Piave, detto il &#8220;Botegon&#8221;, ossia taverna, dai lavoratori che gravitavano un tempo intorno al borgo, nella splendida cornice della piazzetta di fronte alla chiesa di San Nicol\u00f2. L&#8217;iniziativa \u00e8 coordinata da Gocce di Sole aps assieme all&#8217;Associazione Vivamelio e alla neonata Borgo Piave [&hellip;]\" \/>\n<meta property=\"og:url\" content=\"https:\/\/www.bellunopress.it\/fr\/2020\/10\/18\/domenica-al-botegon-di-borgo-piave-gli-dei-del-borgo-illustrazioni-letture-e-musica\/\" \/>\n<meta property=\"og:site_name\" content=\"Bellunopress - Dolomiti\" \/>\n<meta property=\"article:publisher\" content=\"https:\/\/www.facebook.com\/profile.php?id=100008943462799\" \/>\n<meta property=\"article:published_time\" content=\"2020-10-18T18:52:02+00:00\" \/>\n<meta property=\"article:modified_time\" content=\"2020-10-21T12:57:35+00:00\" \/>\n<meta property=\"og:image\" content=\"https:\/\/www.bellunopress.it\/wp-content\/uploads\/2020\/10\/Palazzo-Doglioni-Borgo-Piave-il-Botegon_edited.jpg\" \/>\n\t<meta property=\"og:image:width\" content=\"800\" \/>\n\t<meta property=\"og:image:height\" content=\"563\" \/>\n\t<meta property=\"og:image:type\" content=\"image\/jpeg\" \/>\n<meta name=\"author\" content=\"redazione\" \/>\n<meta name=\"twitter:card\" content=\"summary_large_image\" \/>\n<meta name=\"twitter:creator\" content=\"@bellunopress\" \/>\n<meta name=\"twitter:site\" content=\"@bellunopress\" \/>\n<meta name=\"twitter:label1\" content=\"\u00c9crit par\" \/>\n\t<meta name=\"twitter:data1\" content=\"redazione\" \/>\n\t<meta name=\"twitter:label2\" content=\"Dur\u00e9e de lecture estim\u00e9e\" \/>\n\t<meta name=\"twitter:data2\" content=\"1 minute\" \/>\n<script type=\"application\/ld+json\" class=\"yoast-schema-graph\">{\"@context\":\"https:\\\/\\\/schema.org\",\"@graph\":[{\"@type\":\"Article\",\"@id\":\"https:\\\/\\\/www.bellunopress.it\\\/2020\\\/10\\\/18\\\/domenica-al-botegon-di-borgo-piave-gli-dei-del-borgo-illustrazioni-letture-e-musica\\\/#article\",\"isPartOf\":{\"@id\":\"https:\\\/\\\/www.bellunopress.it\\\/2020\\\/10\\\/18\\\/domenica-al-botegon-di-borgo-piave-gli-dei-del-borgo-illustrazioni-letture-e-musica\\\/\"},\"author\":{\"name\":\"redazione\",\"@id\":\"https:\\\/\\\/www.bellunopress.it\\\/#\\\/schema\\\/person\\\/79bb06722b37ece1c03d3e94beb30d73\"},\"headline\":\"Domenica al &#8220;Botegon&#8221; di Borgo Piave &#8220;Gli dei del Borgo&#8221;, illustrazioni, letture e musica\",\"datePublished\":\"2020-10-18T18:52:02+00:00\",\"dateModified\":\"2020-10-21T12:57:35+00:00\",\"mainEntityOfPage\":{\"@id\":\"https:\\\/\\\/www.bellunopress.it\\\/2020\\\/10\\\/18\\\/domenica-al-botegon-di-borgo-piave-gli-dei-del-borgo-illustrazioni-letture-e-musica\\\/\"},\"wordCount\":307,\"publisher\":{\"@id\":\"https:\\\/\\\/www.bellunopress.it\\\/#organization\"},\"image\":{\"@id\":\"https:\\\/\\\/www.bellunopress.it\\\/2020\\\/10\\\/18\\\/domenica-al-botegon-di-borgo-piave-gli-dei-del-borgo-illustrazioni-letture-e-musica\\\/#primaryimage\"},\"thumbnailUrl\":\"https:\\\/\\\/www.bellunopress.it\\\/wp-content\\\/uploads\\\/2020\\\/10\\\/Palazzo-Doglioni-Borgo-Piave-il-Botegon_edited.jpg\",\"articleSection\":[\"Appuntamenti, Eventi\",\"Arte, Cultura, Spettacoli, Scienza\",\"Pausa Caff\u00e8\"],\"inLanguage\":\"fr-FR\"},{\"@type\":\"WebPage\",\"@id\":\"https:\\\/\\\/www.bellunopress.it\\\/2020\\\/10\\\/18\\\/domenica-al-botegon-di-borgo-piave-gli-dei-del-borgo-illustrazioni-letture-e-musica\\\/\",\"url\":\"https:\\\/\\\/www.bellunopress.it\\\/2020\\\/10\\\/18\\\/domenica-al-botegon-di-borgo-piave-gli-dei-del-borgo-illustrazioni-letture-e-musica\\\/\",\"name\":\"Domenica al \\\"Botegon\\\" di Borgo Piave \\\"Gli dei del Borgo\\\", illustrazioni, letture e musica - Bellunopress - Dolomiti\",\"isPartOf\":{\"@id\":\"https:\\\/\\\/www.bellunopress.it\\\/#website\"},\"primaryImageOfPage\":{\"@id\":\"https:\\\/\\\/www.bellunopress.it\\\/2020\\\/10\\\/18\\\/domenica-al-botegon-di-borgo-piave-gli-dei-del-borgo-illustrazioni-letture-e-musica\\\/#primaryimage\"},\"image\":{\"@id\":\"https:\\\/\\\/www.bellunopress.it\\\/2020\\\/10\\\/18\\\/domenica-al-botegon-di-borgo-piave-gli-dei-del-borgo-illustrazioni-letture-e-musica\\\/#primaryimage\"},\"thumbnailUrl\":\"https:\\\/\\\/www.bellunopress.it\\\/wp-content\\\/uploads\\\/2020\\\/10\\\/Palazzo-Doglioni-Borgo-Piave-il-Botegon_edited.jpg\",\"datePublished\":\"2020-10-18T18:52:02+00:00\",\"dateModified\":\"2020-10-21T12:57:35+00:00\",\"breadcrumb\":{\"@id\":\"https:\\\/\\\/www.bellunopress.it\\\/2020\\\/10\\\/18\\\/domenica-al-botegon-di-borgo-piave-gli-dei-del-borgo-illustrazioni-letture-e-musica\\\/#breadcrumb\"},\"inLanguage\":\"fr-FR\",\"potentialAction\":[{\"@type\":\"ReadAction\",\"target\":[\"https:\\\/\\\/www.bellunopress.it\\\/2020\\\/10\\\/18\\\/domenica-al-botegon-di-borgo-piave-gli-dei-del-borgo-illustrazioni-letture-e-musica\\\/\"]}]},{\"@type\":\"ImageObject\",\"inLanguage\":\"fr-FR\",\"@id\":\"https:\\\/\\\/www.bellunopress.it\\\/2020\\\/10\\\/18\\\/domenica-al-botegon-di-borgo-piave-gli-dei-del-borgo-illustrazioni-letture-e-musica\\\/#primaryimage\",\"url\":\"https:\\\/\\\/www.bellunopress.it\\\/wp-content\\\/uploads\\\/2020\\\/10\\\/Palazzo-Doglioni-Borgo-Piave-il-Botegon_edited.jpg\",\"contentUrl\":\"https:\\\/\\\/www.bellunopress.it\\\/wp-content\\\/uploads\\\/2020\\\/10\\\/Palazzo-Doglioni-Borgo-Piave-il-Botegon_edited.jpg\",\"width\":800,\"height\":563,\"caption\":\"Palazzo Doglioni - Belluno, Borgo Piave\"},{\"@type\":\"BreadcrumbList\",\"@id\":\"https:\\\/\\\/www.bellunopress.it\\\/2020\\\/10\\\/18\\\/domenica-al-botegon-di-borgo-piave-gli-dei-del-borgo-illustrazioni-letture-e-musica\\\/#breadcrumb\",\"itemListElement\":[{\"@type\":\"ListItem\",\"position\":1,\"name\":\"Home\",\"item\":\"https:\\\/\\\/www.bellunopress.it\\\/\"},{\"@type\":\"ListItem\",\"position\":2,\"name\":\"Domenica al &#8220;Botegon&#8221; di Borgo Piave &#8220;Gli dei del Borgo&#8221;, illustrazioni, letture e musica\"}]},{\"@type\":\"WebSite\",\"@id\":\"https:\\\/\\\/www.bellunopress.it\\\/#website\",\"url\":\"https:\\\/\\\/www.bellunopress.it\\\/\",\"name\":\"Bellunopress - Dolomiti\",\"description\":\"e-mail: redazione@bellunopress.it\",\"publisher\":{\"@id\":\"https:\\\/\\\/www.bellunopress.it\\\/#organization\"},\"potentialAction\":[{\"@type\":\"SearchAction\",\"target\":{\"@type\":\"EntryPoint\",\"urlTemplate\":\"https:\\\/\\\/www.bellunopress.it\\\/?s={search_term_string}\"},\"query-input\":{\"@type\":\"PropertyValueSpecification\",\"valueRequired\":true,\"valueName\":\"search_term_string\"}}],\"inLanguage\":\"fr-FR\"},{\"@type\":\"Organization\",\"@id\":\"https:\\\/\\\/www.bellunopress.it\\\/#organization\",\"name\":\"Bellunopress\",\"url\":\"https:\\\/\\\/www.bellunopress.it\\\/\",\"logo\":{\"@type\":\"ImageObject\",\"inLanguage\":\"fr-FR\",\"@id\":\"https:\\\/\\\/www.bellunopress.it\\\/#\\\/schema\\\/logo\\\/image\\\/\",\"url\":\"https:\\\/\\\/www.bellunopress.it\\\/wp-content\\\/uploads\\\/2011\\\/05\\\/cropped-logo-bellunopress-.jpg\",\"contentUrl\":\"https:\\\/\\\/www.bellunopress.it\\\/wp-content\\\/uploads\\\/2011\\\/05\\\/cropped-logo-bellunopress-.jpg\",\"width\":512,\"height\":512,\"caption\":\"Bellunopress\"},\"image\":{\"@id\":\"https:\\\/\\\/www.bellunopress.it\\\/#\\\/schema\\\/logo\\\/image\\\/\"},\"sameAs\":[\"https:\\\/\\\/www.facebook.com\\\/profile.php?id=100008943462799\",\"https:\\\/\\\/x.com\\\/bellunopress\",\"https:\\\/\\\/www.linkedin.com\\\/hp\\\/?dnr=JBzUWaJfMUw8vbXJJ2tVW5-I3jZKvC4wsoxE&amp;amp;amp;amp;amp;amp;trk=nav_responsive_tab_home\",\"https:\\\/\\\/www.youtube.com\\\/channel\\\/UCxL0wu1uN0_3_7hGG0306cw\"]},{\"@type\":\"Person\",\"@id\":\"https:\\\/\\\/www.bellunopress.it\\\/#\\\/schema\\\/person\\\/79bb06722b37ece1c03d3e94beb30d73\",\"name\":\"redazione\",\"image\":{\"@type\":\"ImageObject\",\"inLanguage\":\"fr-FR\",\"@id\":\"https:\\\/\\\/secure.gravatar.com\\\/avatar\\\/37d968a2e67a6fd04c169c4bdef102d0bc5d31b2546345219e348575eb80e9a0?s=96&d=mm&r=g\",\"url\":\"https:\\\/\\\/secure.gravatar.com\\\/avatar\\\/37d968a2e67a6fd04c169c4bdef102d0bc5d31b2546345219e348575eb80e9a0?s=96&d=mm&r=g\",\"contentUrl\":\"https:\\\/\\\/secure.gravatar.com\\\/avatar\\\/37d968a2e67a6fd04c169c4bdef102d0bc5d31b2546345219e348575eb80e9a0?s=96&d=mm&r=g\",\"caption\":\"redazione\"},\"sameAs\":[\"http:\\\/\\\/www.bellunopress.it\",\"https:\\\/\\\/x.com\\\/bellunopress\"],\"url\":\"https:\\\/\\\/www.bellunopress.it\\\/fr\\\/author\\\/redazione\\\/\"}]}<\/script>\n<!-- \/ Yoast SEO plugin. -->","yoast_head_json":{"title":"Domenica al \"Botegon\" di Borgo Piave \"Gli dei del Borgo\", illustrazioni, letture e musica - Bellunopress - Dolomiti","robots":{"index":"index","follow":"follow","max-snippet":"max-snippet:-1","max-image-preview":"max-image-preview:large","max-video-preview":"max-video-preview:-1"},"canonical":"https:\/\/www.bellunopress.it\/fr\/2020\/10\/18\/domenica-al-botegon-di-borgo-piave-gli-dei-del-borgo-illustrazioni-letture-e-musica\/","og_locale":"fr_FR","og_type":"article","og_title":"Domenica al \"Botegon\" di Borgo Piave \"Gli dei del Borgo\", illustrazioni, letture e musica - Bellunopress - Dolomiti","og_description":"Domenica 25 ottobre apre i battenti il rinnovato palazzo Doglioni a Borgo Piave, detto il &#8220;Botegon&#8221;, ossia taverna, dai lavoratori che gravitavano un tempo intorno al borgo, nella splendida cornice della piazzetta di fronte alla chiesa di San Nicol\u00f2. L&#8217;iniziativa \u00e8 coordinata da Gocce di Sole aps assieme all&#8217;Associazione Vivamelio e alla neonata Borgo Piave [&hellip;]","og_url":"https:\/\/www.bellunopress.it\/fr\/2020\/10\/18\/domenica-al-botegon-di-borgo-piave-gli-dei-del-borgo-illustrazioni-letture-e-musica\/","og_site_name":"Bellunopress - Dolomiti","article_publisher":"https:\/\/www.facebook.com\/profile.php?id=100008943462799","article_published_time":"2020-10-18T18:52:02+00:00","article_modified_time":"2020-10-21T12:57:35+00:00","og_image":[{"width":800,"height":563,"url":"https:\/\/www.bellunopress.it\/wp-content\/uploads\/2020\/10\/Palazzo-Doglioni-Borgo-Piave-il-Botegon_edited.jpg","type":"image\/jpeg"}],"author":"redazione","twitter_card":"summary_large_image","twitter_creator":"@bellunopress","twitter_site":"@bellunopress","twitter_misc":{"\u00c9crit par":"redazione","Dur\u00e9e de lecture estim\u00e9e":"1 minute"},"schema":{"@context":"https:\/\/schema.org","@graph":[{"@type":"Article","@id":"https:\/\/www.bellunopress.it\/2020\/10\/18\/domenica-al-botegon-di-borgo-piave-gli-dei-del-borgo-illustrazioni-letture-e-musica\/#article","isPartOf":{"@id":"https:\/\/www.bellunopress.it\/2020\/10\/18\/domenica-al-botegon-di-borgo-piave-gli-dei-del-borgo-illustrazioni-letture-e-musica\/"},"author":{"name":"redazione","@id":"https:\/\/www.bellunopress.it\/#\/schema\/person\/79bb06722b37ece1c03d3e94beb30d73"},"headline":"Domenica al &#8220;Botegon&#8221; di Borgo Piave &#8220;Gli dei del Borgo&#8221;, illustrazioni, letture e musica","datePublished":"2020-10-18T18:52:02+00:00","dateModified":"2020-10-21T12:57:35+00:00","mainEntityOfPage":{"@id":"https:\/\/www.bellunopress.it\/2020\/10\/18\/domenica-al-botegon-di-borgo-piave-gli-dei-del-borgo-illustrazioni-letture-e-musica\/"},"wordCount":307,"publisher":{"@id":"https:\/\/www.bellunopress.it\/#organization"},"image":{"@id":"https:\/\/www.bellunopress.it\/2020\/10\/18\/domenica-al-botegon-di-borgo-piave-gli-dei-del-borgo-illustrazioni-letture-e-musica\/#primaryimage"},"thumbnailUrl":"https:\/\/www.bellunopress.it\/wp-content\/uploads\/2020\/10\/Palazzo-Doglioni-Borgo-Piave-il-Botegon_edited.jpg","articleSection":["Appuntamenti, Eventi","Arte, Cultura, Spettacoli, Scienza","Pausa Caff\u00e8"],"inLanguage":"fr-FR"},{"@type":"WebPage","@id":"https:\/\/www.bellunopress.it\/2020\/10\/18\/domenica-al-botegon-di-borgo-piave-gli-dei-del-borgo-illustrazioni-letture-e-musica\/","url":"https:\/\/www.bellunopress.it\/2020\/10\/18\/domenica-al-botegon-di-borgo-piave-gli-dei-del-borgo-illustrazioni-letture-e-musica\/","name":"Domenica al \"Botegon\" di Borgo Piave \"Gli dei del Borgo\", illustrazioni, letture e musica - Bellunopress - Dolomiti","isPartOf":{"@id":"https:\/\/www.bellunopress.it\/#website"},"primaryImageOfPage":{"@id":"https:\/\/www.bellunopress.it\/2020\/10\/18\/domenica-al-botegon-di-borgo-piave-gli-dei-del-borgo-illustrazioni-letture-e-musica\/#primaryimage"},"image":{"@id":"https:\/\/www.bellunopress.it\/2020\/10\/18\/domenica-al-botegon-di-borgo-piave-gli-dei-del-borgo-illustrazioni-letture-e-musica\/#primaryimage"},"thumbnailUrl":"https:\/\/www.bellunopress.it\/wp-content\/uploads\/2020\/10\/Palazzo-Doglioni-Borgo-Piave-il-Botegon_edited.jpg","datePublished":"2020-10-18T18:52:02+00:00","dateModified":"2020-10-21T12:57:35+00:00","breadcrumb":{"@id":"https:\/\/www.bellunopress.it\/2020\/10\/18\/domenica-al-botegon-di-borgo-piave-gli-dei-del-borgo-illustrazioni-letture-e-musica\/#breadcrumb"},"inLanguage":"fr-FR","potentialAction":[{"@type":"ReadAction","target":["https:\/\/www.bellunopress.it\/2020\/10\/18\/domenica-al-botegon-di-borgo-piave-gli-dei-del-borgo-illustrazioni-letture-e-musica\/"]}]},{"@type":"ImageObject","inLanguage":"fr-FR","@id":"https:\/\/www.bellunopress.it\/2020\/10\/18\/domenica-al-botegon-di-borgo-piave-gli-dei-del-borgo-illustrazioni-letture-e-musica\/#primaryimage","url":"https:\/\/www.bellunopress.it\/wp-content\/uploads\/2020\/10\/Palazzo-Doglioni-Borgo-Piave-il-Botegon_edited.jpg","contentUrl":"https:\/\/www.bellunopress.it\/wp-content\/uploads\/2020\/10\/Palazzo-Doglioni-Borgo-Piave-il-Botegon_edited.jpg","width":800,"height":563,"caption":"Palazzo Doglioni - Belluno, Borgo Piave"},{"@type":"BreadcrumbList","@id":"https:\/\/www.bellunopress.it\/2020\/10\/18\/domenica-al-botegon-di-borgo-piave-gli-dei-del-borgo-illustrazioni-letture-e-musica\/#breadcrumb","itemListElement":[{"@type":"ListItem","position":1,"name":"Home","item":"https:\/\/www.bellunopress.it\/"},{"@type":"ListItem","position":2,"name":"Domenica al &#8220;Botegon&#8221; di Borgo Piave &#8220;Gli dei del Borgo&#8221;, illustrazioni, letture e musica"}]},{"@type":"WebSite","@id":"https:\/\/www.bellunopress.it\/#website","url":"https:\/\/www.bellunopress.it\/","name":"Bellunopress - Dolomiti","description":"e-mail: redazione@bellunopress.it","publisher":{"@id":"https:\/\/www.bellunopress.it\/#organization"},"potentialAction":[{"@type":"SearchAction","target":{"@type":"EntryPoint","urlTemplate":"https:\/\/www.bellunopress.it\/?s={search_term_string}"},"query-input":{"@type":"PropertyValueSpecification","valueRequired":true,"valueName":"search_term_string"}}],"inLanguage":"fr-FR"},{"@type":"Organization","@id":"https:\/\/www.bellunopress.it\/#organization","name":"Bellunopress","url":"https:\/\/www.bellunopress.it\/","logo":{"@type":"ImageObject","inLanguage":"fr-FR","@id":"https:\/\/www.bellunopress.it\/#\/schema\/logo\/image\/","url":"https:\/\/www.bellunopress.it\/wp-content\/uploads\/2011\/05\/cropped-logo-bellunopress-.jpg","contentUrl":"https:\/\/www.bellunopress.it\/wp-content\/uploads\/2011\/05\/cropped-logo-bellunopress-.jpg","width":512,"height":512,"caption":"Bellunopress"},"image":{"@id":"https:\/\/www.bellunopress.it\/#\/schema\/logo\/image\/"},"sameAs":["https:\/\/www.facebook.com\/profile.php?id=100008943462799","https:\/\/x.com\/bellunopress","https:\/\/www.linkedin.com\/hp\/?dnr=JBzUWaJfMUw8vbXJJ2tVW5-I3jZKvC4wsoxE&amp;amp;amp;amp;amp;amp;trk=nav_responsive_tab_home","https:\/\/www.youtube.com\/channel\/UCxL0wu1uN0_3_7hGG0306cw"]},{"@type":"Person","@id":"https:\/\/www.bellunopress.it\/#\/schema\/person\/79bb06722b37ece1c03d3e94beb30d73","name":"r\u00e9daction","image":{"@type":"ImageObject","inLanguage":"fr-FR","@id":"https:\/\/secure.gravatar.com\/avatar\/37d968a2e67a6fd04c169c4bdef102d0bc5d31b2546345219e348575eb80e9a0?s=96&d=mm&r=g","url":"https:\/\/secure.gravatar.com\/avatar\/37d968a2e67a6fd04c169c4bdef102d0bc5d31b2546345219e348575eb80e9a0?s=96&d=mm&r=g","contentUrl":"https:\/\/secure.gravatar.com\/avatar\/37d968a2e67a6fd04c169c4bdef102d0bc5d31b2546345219e348575eb80e9a0?s=96&d=mm&r=g","caption":"redazione"},"sameAs":["http:\/\/www.bellunopress.it","https:\/\/x.com\/bellunopress"],"url":"https:\/\/www.bellunopress.it\/fr\/author\/redazione\/"}]}},"_links":{"self":[{"href":"https:\/\/www.bellunopress.it\/fr\/wp-json\/wp\/v2\/posts\/118605","targetHints":{"allow":["GET"]}}],"collection":[{"href":"https:\/\/www.bellunopress.it\/fr\/wp-json\/wp\/v2\/posts"}],"about":[{"href":"https:\/\/www.bellunopress.it\/fr\/wp-json\/wp\/v2\/types\/post"}],"author":[{"embeddable":true,"href":"https:\/\/www.bellunopress.it\/fr\/wp-json\/wp\/v2\/users\/2"}],"replies":[{"embeddable":true,"href":"https:\/\/www.bellunopress.it\/fr\/wp-json\/wp\/v2\/comments?post=118605"}],"version-history":[{"count":3,"href":"https:\/\/www.bellunopress.it\/fr\/wp-json\/wp\/v2\/posts\/118605\/revisions"}],"predecessor-version":[{"id":118712,"href":"https:\/\/www.bellunopress.it\/fr\/wp-json\/wp\/v2\/posts\/118605\/revisions\/118712"}],"wp:featuredmedia":[{"embeddable":true,"href":"https:\/\/www.bellunopress.it\/fr\/wp-json\/wp\/v2\/media\/118606"}],"wp:attachment":[{"href":"https:\/\/www.bellunopress.it\/fr\/wp-json\/wp\/v2\/media?parent=118605"}],"wp:term":[{"taxonomy":"category","embeddable":true,"href":"https:\/\/www.bellunopress.it\/fr\/wp-json\/wp\/v2\/categories?post=118605"},{"taxonomy":"post_tag","embeddable":true,"href":"https:\/\/www.bellunopress.it\/fr\/wp-json\/wp\/v2\/tags?post=118605"}],"curies":[{"name":"wp","href":"https:\/\/api.w.org\/{rel}","templated":true}]}}