{"id":118446,"date":"2020-10-10T17:38:56","date_gmt":"2020-10-10T15:38:56","guid":{"rendered":"http:\/\/www.bellunopress.it\/?p=118446"},"modified":"2020-10-10T17:38:56","modified_gmt":"2020-10-10T15:38:56","slug":"i-due-teppisti-con-lo-spray-urticante-sul-treno-fermati-nuovamente-per-furto","status":"publish","type":"post","link":"https:\/\/www.bellunopress.it\/fr\/2020\/10\/10\/i-due-teppisti-con-lo-spray-urticante-sul-treno-fermati-nuovamente-per-furto\/","title":{"rendered":"I due teppisti con lo spray urticante sul treno fermati nuovamente per furto"},"content":{"rendered":"<p><a href=\"http:\/\/www.bellunopress.it\/fr\/2020\/03\/12\/controlli-a-tappeto-nel-weekend-scatta-loperazione-dei-carabinieri-state-a-casa\/carabinieri-112\/\" rel=\"attachment wp-att-112958\"><img loading=\"lazy\" decoding=\"async\" class=\"alignleft size-full wp-image-112958\" src=\"http:\/\/www.bellunopress.it\/wp-content\/uploads\/2020\/03\/carabinieri-112.jpg\" alt=\"\" width=\"525\" height=\"700\" srcset=\"https:\/\/www.bellunopress.it\/wp-content\/uploads\/2020\/03\/carabinieri-112.jpg 525w, https:\/\/www.bellunopress.it\/wp-content\/uploads\/2020\/03\/carabinieri-112-375x500.jpg 375w, https:\/\/www.bellunopress.it\/wp-content\/uploads\/2020\/03\/carabinieri-112-315x420.jpg 315w\" sizes=\"auto, (max-width: 525px) 100vw, 525px\" \/><\/a>Feltre, 10 ottobre 2020 \u2013 I due che ieri sul convoglio regionale Montebelluna-Feltre avevano spruzzato lo spray urticante al capotreno, oltre ad aver danneggiato una carrozza e disturbato i viaggiatori, si sono resi protagonisti di un furto nella notte a Feltre. Si tratta di Z.B. 35enne, pluripregiudicato, disoccupato, coniugato, residente a Camposampiero (Padova) e A.D. 26enne tunisino residente a Jesolo (Venezia).<\/p>\n<p>I carabinieri di Feltre, hanno sottoposto a fermo di polizia giudiziaria i due, che dopo le scorribande ferroviarie, nel proseguo della notte, forzavano la porta d&#8217;ingresso del negozio di informatica &#8220;I &amp;T&#8221; con sede in Feltre via Trevigiano 5, rubando 6 pc portatili e del denaro in contanti per un valore complessivo di circa 4000 euro. Appena ricevuta la denuncia, i carabinieri hanno visionato le immagini registrate dalle telecamere interne del negozio e subito hanno riconosciuto i due giovani che avevano controllato e denunciato precedentemente. Dopo essersi messi sulle loro tracce li fermavano nei pressi della stazione ferroviaria di Feltre in procinto di salire su un taxi, vista la mancanza di treni per tornare nei loro luoghi di dimora. Al seguito avevano un borsone con tutta la refurtiva che \u00e8 gi\u00e0 riconsegnata al legittimo proprietario. Tuttavia, mancando la flagranza di reato, i due venivano sottoposti a fermo di polizia giudiziaria, e condotti presso il carcere di Belluno in attesa della convalida del fermo prevista per luned\u00ec.<\/p>","protected":false},"excerpt":{"rendered":"<p>Feltre, 10 ottobre 2020 \u2013 I due che ieri sul convoglio regionale Montebelluna-Feltre avevano spruzzato lo spray urticante al capotreno, oltre ad aver danneggiato una carrozza e disturbato i viaggiatori, si sono resi protagonisti di un furto nella notte a Feltre. Si tratta di Z.B. 35enne, pluripregiudicato, disoccupato, coniugato, residente a Camposampiero (Padova) e A.D. [&hellip;]<\/p>\n","protected":false},"author":2,"featured_media":112958,"comment_status":"closed","ping_status":"open","sticky":false,"template":"","format":"standard","meta":{"footnotes":""},"categories":[5,26],"tags":[],"class_list":["post-118446","post","type-post","status-publish","format-standard","has-post-thumbnail","category-cronaca","category-prima-pagina"],"yoast_head":"<!-- This site is optimized with the Yoast SEO plugin v28.4 - https:\/\/yoast.com\/product\/yoast-seo-wordpress\/ -->\n<title>I due teppisti con lo spray urticante sul treno fermati nuovamente per furto - Bellunopress - Dolomiti<\/title>\n<meta name=\"robots\" content=\"index, follow, max-snippet:-1, max-image-preview:large, max-video-preview:-1\" \/>\n<link rel=\"canonical\" href=\"https:\/\/www.bellunopress.it\/fr\/2020\/10\/10\/i-due-teppisti-con-lo-spray-urticante-sul-treno-fermati-nuovamente-per-furto\/\" \/>\n<meta property=\"og:locale\" content=\"fr_FR\" \/>\n<meta property=\"og:type\" content=\"article\" \/>\n<meta property=\"og:title\" content=\"I due teppisti con lo spray urticante sul treno fermati nuovamente per furto - Bellunopress - Dolomiti\" \/>\n<meta property=\"og:description\" content=\"Feltre, 10 ottobre 2020 \u2013 I due che ieri sul convoglio regionale Montebelluna-Feltre avevano spruzzato lo spray urticante al capotreno, oltre ad aver danneggiato una carrozza e disturbato i viaggiatori, si sono resi protagonisti di un furto nella notte a Feltre. Si tratta di Z.B. 35enne, pluripregiudicato, disoccupato, coniugato, residente a Camposampiero (Padova) e A.D. [&hellip;]\" \/>\n<meta property=\"og:url\" content=\"https:\/\/www.bellunopress.it\/fr\/2020\/10\/10\/i-due-teppisti-con-lo-spray-urticante-sul-treno-fermati-nuovamente-per-furto\/\" \/>\n<meta property=\"og:site_name\" content=\"Bellunopress - Dolomiti\" \/>\n<meta property=\"article:publisher\" content=\"https:\/\/www.facebook.com\/profile.php?id=100008943462799\" \/>\n<meta property=\"article:published_time\" content=\"2020-10-10T15:38:56+00:00\" \/>\n<meta property=\"og:image\" content=\"https:\/\/www.bellunopress.it\/wp-content\/uploads\/2020\/03\/carabinieri-112.jpg\" \/>\n\t<meta property=\"og:image:width\" content=\"525\" \/>\n\t<meta property=\"og:image:height\" content=\"700\" \/>\n\t<meta property=\"og:image:type\" content=\"image\/jpeg\" \/>\n<meta name=\"author\" content=\"redazione\" \/>\n<meta name=\"twitter:card\" content=\"summary_large_image\" \/>\n<meta name=\"twitter:creator\" content=\"@bellunopress\" \/>\n<meta name=\"twitter:site\" content=\"@bellunopress\" \/>\n<meta name=\"twitter:label1\" content=\"\u00c9crit par\" \/>\n\t<meta name=\"twitter:data1\" content=\"redazione\" \/>\n\t<meta name=\"twitter:label2\" content=\"Dur\u00e9e de lecture estim\u00e9e\" \/>\n\t<meta name=\"twitter:data2\" content=\"1 minute\" \/>\n<script type=\"application\/ld+json\" class=\"yoast-schema-graph\">{\"@context\":\"https:\\\/\\\/schema.org\",\"@graph\":[{\"@type\":\"Article\",\"@id\":\"https:\\\/\\\/www.bellunopress.it\\\/2020\\\/10\\\/10\\\/i-due-teppisti-con-lo-spray-urticante-sul-treno-fermati-nuovamente-per-furto\\\/#article\",\"isPartOf\":{\"@id\":\"https:\\\/\\\/www.bellunopress.it\\\/2020\\\/10\\\/10\\\/i-due-teppisti-con-lo-spray-urticante-sul-treno-fermati-nuovamente-per-furto\\\/\"},\"author\":{\"name\":\"redazione\",\"@id\":\"https:\\\/\\\/www.bellunopress.it\\\/#\\\/schema\\\/person\\\/79bb06722b37ece1c03d3e94beb30d73\"},\"headline\":\"I due teppisti con lo spray urticante sul treno fermati nuovamente per furto\",\"datePublished\":\"2020-10-10T15:38:56+00:00\",\"mainEntityOfPage\":{\"@id\":\"https:\\\/\\\/www.bellunopress.it\\\/2020\\\/10\\\/10\\\/i-due-teppisti-con-lo-spray-urticante-sul-treno-fermati-nuovamente-per-furto\\\/\"},\"wordCount\":237,\"publisher\":{\"@id\":\"https:\\\/\\\/www.bellunopress.it\\\/#organization\"},\"image\":{\"@id\":\"https:\\\/\\\/www.bellunopress.it\\\/2020\\\/10\\\/10\\\/i-due-teppisti-con-lo-spray-urticante-sul-treno-fermati-nuovamente-per-furto\\\/#primaryimage\"},\"thumbnailUrl\":\"https:\\\/\\\/www.bellunopress.it\\\/wp-content\\\/uploads\\\/2020\\\/03\\\/carabinieri-112.jpg\",\"articleSection\":[\"Cronaca\\\/Politica\",\"Prima Pagina\"],\"inLanguage\":\"fr-FR\"},{\"@type\":\"WebPage\",\"@id\":\"https:\\\/\\\/www.bellunopress.it\\\/2020\\\/10\\\/10\\\/i-due-teppisti-con-lo-spray-urticante-sul-treno-fermati-nuovamente-per-furto\\\/\",\"url\":\"https:\\\/\\\/www.bellunopress.it\\\/2020\\\/10\\\/10\\\/i-due-teppisti-con-lo-spray-urticante-sul-treno-fermati-nuovamente-per-furto\\\/\",\"name\":\"I due teppisti con lo spray urticante sul treno fermati nuovamente per furto - Bellunopress - Dolomiti\",\"isPartOf\":{\"@id\":\"https:\\\/\\\/www.bellunopress.it\\\/#website\"},\"primaryImageOfPage\":{\"@id\":\"https:\\\/\\\/www.bellunopress.it\\\/2020\\\/10\\\/10\\\/i-due-teppisti-con-lo-spray-urticante-sul-treno-fermati-nuovamente-per-furto\\\/#primaryimage\"},\"image\":{\"@id\":\"https:\\\/\\\/www.bellunopress.it\\\/2020\\\/10\\\/10\\\/i-due-teppisti-con-lo-spray-urticante-sul-treno-fermati-nuovamente-per-furto\\\/#primaryimage\"},\"thumbnailUrl\":\"https:\\\/\\\/www.bellunopress.it\\\/wp-content\\\/uploads\\\/2020\\\/03\\\/carabinieri-112.jpg\",\"datePublished\":\"2020-10-10T15:38:56+00:00\",\"breadcrumb\":{\"@id\":\"https:\\\/\\\/www.bellunopress.it\\\/2020\\\/10\\\/10\\\/i-due-teppisti-con-lo-spray-urticante-sul-treno-fermati-nuovamente-per-furto\\\/#breadcrumb\"},\"inLanguage\":\"fr-FR\",\"potentialAction\":[{\"@type\":\"ReadAction\",\"target\":[\"https:\\\/\\\/www.bellunopress.it\\\/2020\\\/10\\\/10\\\/i-due-teppisti-con-lo-spray-urticante-sul-treno-fermati-nuovamente-per-furto\\\/\"]}]},{\"@type\":\"ImageObject\",\"inLanguage\":\"fr-FR\",\"@id\":\"https:\\\/\\\/www.bellunopress.it\\\/2020\\\/10\\\/10\\\/i-due-teppisti-con-lo-spray-urticante-sul-treno-fermati-nuovamente-per-furto\\\/#primaryimage\",\"url\":\"https:\\\/\\\/www.bellunopress.it\\\/wp-content\\\/uploads\\\/2020\\\/03\\\/carabinieri-112.jpg\",\"contentUrl\":\"https:\\\/\\\/www.bellunopress.it\\\/wp-content\\\/uploads\\\/2020\\\/03\\\/carabinieri-112.jpg\",\"width\":525,\"height\":700},{\"@type\":\"BreadcrumbList\",\"@id\":\"https:\\\/\\\/www.bellunopress.it\\\/2020\\\/10\\\/10\\\/i-due-teppisti-con-lo-spray-urticante-sul-treno-fermati-nuovamente-per-furto\\\/#breadcrumb\",\"itemListElement\":[{\"@type\":\"ListItem\",\"position\":1,\"name\":\"Home\",\"item\":\"https:\\\/\\\/www.bellunopress.it\\\/\"},{\"@type\":\"ListItem\",\"position\":2,\"name\":\"I due teppisti con lo spray urticante sul treno fermati nuovamente per furto\"}]},{\"@type\":\"WebSite\",\"@id\":\"https:\\\/\\\/www.bellunopress.it\\\/#website\",\"url\":\"https:\\\/\\\/www.bellunopress.it\\\/\",\"name\":\"Bellunopress - Dolomiti\",\"description\":\"e-mail: redazione@bellunopress.it\",\"publisher\":{\"@id\":\"https:\\\/\\\/www.bellunopress.it\\\/#organization\"},\"potentialAction\":[{\"@type\":\"SearchAction\",\"target\":{\"@type\":\"EntryPoint\",\"urlTemplate\":\"https:\\\/\\\/www.bellunopress.it\\\/?s={search_term_string}\"},\"query-input\":{\"@type\":\"PropertyValueSpecification\",\"valueRequired\":true,\"valueName\":\"search_term_string\"}}],\"inLanguage\":\"fr-FR\"},{\"@type\":\"Organization\",\"@id\":\"https:\\\/\\\/www.bellunopress.it\\\/#organization\",\"name\":\"Bellunopress\",\"url\":\"https:\\\/\\\/www.bellunopress.it\\\/\",\"logo\":{\"@type\":\"ImageObject\",\"inLanguage\":\"fr-FR\",\"@id\":\"https:\\\/\\\/www.bellunopress.it\\\/#\\\/schema\\\/logo\\\/image\\\/\",\"url\":\"https:\\\/\\\/www.bellunopress.it\\\/wp-content\\\/uploads\\\/2011\\\/05\\\/cropped-logo-bellunopress-.jpg\",\"contentUrl\":\"https:\\\/\\\/www.bellunopress.it\\\/wp-content\\\/uploads\\\/2011\\\/05\\\/cropped-logo-bellunopress-.jpg\",\"width\":512,\"height\":512,\"caption\":\"Bellunopress\"},\"image\":{\"@id\":\"https:\\\/\\\/www.bellunopress.it\\\/#\\\/schema\\\/logo\\\/image\\\/\"},\"sameAs\":[\"https:\\\/\\\/www.facebook.com\\\/profile.php?id=100008943462799\",\"https:\\\/\\\/x.com\\\/bellunopress\",\"https:\\\/\\\/www.linkedin.com\\\/hp\\\/?dnr=JBzUWaJfMUw8vbXJJ2tVW5-I3jZKvC4wsoxE&amp;amp;amp;amp;amp;amp;trk=nav_responsive_tab_home\",\"https:\\\/\\\/www.youtube.com\\\/channel\\\/UCxL0wu1uN0_3_7hGG0306cw\"]},{\"@type\":\"Person\",\"@id\":\"https:\\\/\\\/www.bellunopress.it\\\/#\\\/schema\\\/person\\\/79bb06722b37ece1c03d3e94beb30d73\",\"name\":\"redazione\",\"image\":{\"@type\":\"ImageObject\",\"inLanguage\":\"fr-FR\",\"@id\":\"https:\\\/\\\/secure.gravatar.com\\\/avatar\\\/37d968a2e67a6fd04c169c4bdef102d0bc5d31b2546345219e348575eb80e9a0?s=96&d=mm&r=g\",\"url\":\"https:\\\/\\\/secure.gravatar.com\\\/avatar\\\/37d968a2e67a6fd04c169c4bdef102d0bc5d31b2546345219e348575eb80e9a0?s=96&d=mm&r=g\",\"contentUrl\":\"https:\\\/\\\/secure.gravatar.com\\\/avatar\\\/37d968a2e67a6fd04c169c4bdef102d0bc5d31b2546345219e348575eb80e9a0?s=96&d=mm&r=g\",\"caption\":\"redazione\"},\"sameAs\":[\"http:\\\/\\\/www.bellunopress.it\",\"https:\\\/\\\/x.com\\\/bellunopress\"],\"url\":\"https:\\\/\\\/www.bellunopress.it\\\/fr\\\/author\\\/redazione\\\/\"}]}<\/script>\n<!-- \/ Yoast SEO plugin. -->","yoast_head_json":{"title":"I due teppisti con lo spray urticante sul treno fermati nuovamente per furto - Bellunopress - Dolomiti","robots":{"index":"index","follow":"follow","max-snippet":"max-snippet:-1","max-image-preview":"max-image-preview:large","max-video-preview":"max-video-preview:-1"},"canonical":"https:\/\/www.bellunopress.it\/fr\/2020\/10\/10\/i-due-teppisti-con-lo-spray-urticante-sul-treno-fermati-nuovamente-per-furto\/","og_locale":"fr_FR","og_type":"article","og_title":"I due teppisti con lo spray urticante sul treno fermati nuovamente per furto - Bellunopress - Dolomiti","og_description":"Feltre, 10 ottobre 2020 \u2013 I due che ieri sul convoglio regionale Montebelluna-Feltre avevano spruzzato lo spray urticante al capotreno, oltre ad aver danneggiato una carrozza e disturbato i viaggiatori, si sono resi protagonisti di un furto nella notte a Feltre. Si tratta di Z.B. 35enne, pluripregiudicato, disoccupato, coniugato, residente a Camposampiero (Padova) e A.D. [&hellip;]","og_url":"https:\/\/www.bellunopress.it\/fr\/2020\/10\/10\/i-due-teppisti-con-lo-spray-urticante-sul-treno-fermati-nuovamente-per-furto\/","og_site_name":"Bellunopress - Dolomiti","article_publisher":"https:\/\/www.facebook.com\/profile.php?id=100008943462799","article_published_time":"2020-10-10T15:38:56+00:00","og_image":[{"width":525,"height":700,"url":"https:\/\/www.bellunopress.it\/wp-content\/uploads\/2020\/03\/carabinieri-112.jpg","type":"image\/jpeg"}],"author":"redazione","twitter_card":"summary_large_image","twitter_creator":"@bellunopress","twitter_site":"@bellunopress","twitter_misc":{"\u00c9crit par":"redazione","Dur\u00e9e de lecture estim\u00e9e":"1 minute"},"schema":{"@context":"https:\/\/schema.org","@graph":[{"@type":"Article","@id":"https:\/\/www.bellunopress.it\/2020\/10\/10\/i-due-teppisti-con-lo-spray-urticante-sul-treno-fermati-nuovamente-per-furto\/#article","isPartOf":{"@id":"https:\/\/www.bellunopress.it\/2020\/10\/10\/i-due-teppisti-con-lo-spray-urticante-sul-treno-fermati-nuovamente-per-furto\/"},"author":{"name":"redazione","@id":"https:\/\/www.bellunopress.it\/#\/schema\/person\/79bb06722b37ece1c03d3e94beb30d73"},"headline":"I due teppisti con lo spray urticante sul treno fermati nuovamente per furto","datePublished":"2020-10-10T15:38:56+00:00","mainEntityOfPage":{"@id":"https:\/\/www.bellunopress.it\/2020\/10\/10\/i-due-teppisti-con-lo-spray-urticante-sul-treno-fermati-nuovamente-per-furto\/"},"wordCount":237,"publisher":{"@id":"https:\/\/www.bellunopress.it\/#organization"},"image":{"@id":"https:\/\/www.bellunopress.it\/2020\/10\/10\/i-due-teppisti-con-lo-spray-urticante-sul-treno-fermati-nuovamente-per-furto\/#primaryimage"},"thumbnailUrl":"https:\/\/www.bellunopress.it\/wp-content\/uploads\/2020\/03\/carabinieri-112.jpg","articleSection":["Cronaca\/Politica","Prima Pagina"],"inLanguage":"fr-FR"},{"@type":"WebPage","@id":"https:\/\/www.bellunopress.it\/2020\/10\/10\/i-due-teppisti-con-lo-spray-urticante-sul-treno-fermati-nuovamente-per-furto\/","url":"https:\/\/www.bellunopress.it\/2020\/10\/10\/i-due-teppisti-con-lo-spray-urticante-sul-treno-fermati-nuovamente-per-furto\/","name":"I due teppisti con lo spray urticante sul treno fermati nuovamente per furto - Bellunopress - Dolomiti","isPartOf":{"@id":"https:\/\/www.bellunopress.it\/#website"},"primaryImageOfPage":{"@id":"https:\/\/www.bellunopress.it\/2020\/10\/10\/i-due-teppisti-con-lo-spray-urticante-sul-treno-fermati-nuovamente-per-furto\/#primaryimage"},"image":{"@id":"https:\/\/www.bellunopress.it\/2020\/10\/10\/i-due-teppisti-con-lo-spray-urticante-sul-treno-fermati-nuovamente-per-furto\/#primaryimage"},"thumbnailUrl":"https:\/\/www.bellunopress.it\/wp-content\/uploads\/2020\/03\/carabinieri-112.jpg","datePublished":"2020-10-10T15:38:56+00:00","breadcrumb":{"@id":"https:\/\/www.bellunopress.it\/2020\/10\/10\/i-due-teppisti-con-lo-spray-urticante-sul-treno-fermati-nuovamente-per-furto\/#breadcrumb"},"inLanguage":"fr-FR","potentialAction":[{"@type":"ReadAction","target":["https:\/\/www.bellunopress.it\/2020\/10\/10\/i-due-teppisti-con-lo-spray-urticante-sul-treno-fermati-nuovamente-per-furto\/"]}]},{"@type":"ImageObject","inLanguage":"fr-FR","@id":"https:\/\/www.bellunopress.it\/2020\/10\/10\/i-due-teppisti-con-lo-spray-urticante-sul-treno-fermati-nuovamente-per-furto\/#primaryimage","url":"https:\/\/www.bellunopress.it\/wp-content\/uploads\/2020\/03\/carabinieri-112.jpg","contentUrl":"https:\/\/www.bellunopress.it\/wp-content\/uploads\/2020\/03\/carabinieri-112.jpg","width":525,"height":700},{"@type":"BreadcrumbList","@id":"https:\/\/www.bellunopress.it\/2020\/10\/10\/i-due-teppisti-con-lo-spray-urticante-sul-treno-fermati-nuovamente-per-furto\/#breadcrumb","itemListElement":[{"@type":"ListItem","position":1,"name":"Home","item":"https:\/\/www.bellunopress.it\/"},{"@type":"ListItem","position":2,"name":"I due teppisti con lo spray urticante sul treno fermati nuovamente per furto"}]},{"@type":"WebSite","@id":"https:\/\/www.bellunopress.it\/#website","url":"https:\/\/www.bellunopress.it\/","name":"Bellunopress - Dolomiti","description":"e-mail: redazione@bellunopress.it","publisher":{"@id":"https:\/\/www.bellunopress.it\/#organization"},"potentialAction":[{"@type":"SearchAction","target":{"@type":"EntryPoint","urlTemplate":"https:\/\/www.bellunopress.it\/?s={search_term_string}"},"query-input":{"@type":"PropertyValueSpecification","valueRequired":true,"valueName":"search_term_string"}}],"inLanguage":"fr-FR"},{"@type":"Organization","@id":"https:\/\/www.bellunopress.it\/#organization","name":"Bellunopress","url":"https:\/\/www.bellunopress.it\/","logo":{"@type":"ImageObject","inLanguage":"fr-FR","@id":"https:\/\/www.bellunopress.it\/#\/schema\/logo\/image\/","url":"https:\/\/www.bellunopress.it\/wp-content\/uploads\/2011\/05\/cropped-logo-bellunopress-.jpg","contentUrl":"https:\/\/www.bellunopress.it\/wp-content\/uploads\/2011\/05\/cropped-logo-bellunopress-.jpg","width":512,"height":512,"caption":"Bellunopress"},"image":{"@id":"https:\/\/www.bellunopress.it\/#\/schema\/logo\/image\/"},"sameAs":["https:\/\/www.facebook.com\/profile.php?id=100008943462799","https:\/\/x.com\/bellunopress","https:\/\/www.linkedin.com\/hp\/?dnr=JBzUWaJfMUw8vbXJJ2tVW5-I3jZKvC4wsoxE&amp;amp;amp;amp;amp;amp;trk=nav_responsive_tab_home","https:\/\/www.youtube.com\/channel\/UCxL0wu1uN0_3_7hGG0306cw"]},{"@type":"Person","@id":"https:\/\/www.bellunopress.it\/#\/schema\/person\/79bb06722b37ece1c03d3e94beb30d73","name":"r\u00e9daction","image":{"@type":"ImageObject","inLanguage":"fr-FR","@id":"https:\/\/secure.gravatar.com\/avatar\/37d968a2e67a6fd04c169c4bdef102d0bc5d31b2546345219e348575eb80e9a0?s=96&d=mm&r=g","url":"https:\/\/secure.gravatar.com\/avatar\/37d968a2e67a6fd04c169c4bdef102d0bc5d31b2546345219e348575eb80e9a0?s=96&d=mm&r=g","contentUrl":"https:\/\/secure.gravatar.com\/avatar\/37d968a2e67a6fd04c169c4bdef102d0bc5d31b2546345219e348575eb80e9a0?s=96&d=mm&r=g","caption":"redazione"},"sameAs":["http:\/\/www.bellunopress.it","https:\/\/x.com\/bellunopress"],"url":"https:\/\/www.bellunopress.it\/fr\/author\/redazione\/"}]}},"_links":{"self":[{"href":"https:\/\/www.bellunopress.it\/fr\/wp-json\/wp\/v2\/posts\/118446","targetHints":{"allow":["GET"]}}],"collection":[{"href":"https:\/\/www.bellunopress.it\/fr\/wp-json\/wp\/v2\/posts"}],"about":[{"href":"https:\/\/www.bellunopress.it\/fr\/wp-json\/wp\/v2\/types\/post"}],"author":[{"embeddable":true,"href":"https:\/\/www.bellunopress.it\/fr\/wp-json\/wp\/v2\/users\/2"}],"replies":[{"embeddable":true,"href":"https:\/\/www.bellunopress.it\/fr\/wp-json\/wp\/v2\/comments?post=118446"}],"version-history":[{"count":1,"href":"https:\/\/www.bellunopress.it\/fr\/wp-json\/wp\/v2\/posts\/118446\/revisions"}],"predecessor-version":[{"id":118447,"href":"https:\/\/www.bellunopress.it\/fr\/wp-json\/wp\/v2\/posts\/118446\/revisions\/118447"}],"wp:featuredmedia":[{"embeddable":true,"href":"https:\/\/www.bellunopress.it\/fr\/wp-json\/wp\/v2\/media\/112958"}],"wp:attachment":[{"href":"https:\/\/www.bellunopress.it\/fr\/wp-json\/wp\/v2\/media?parent=118446"}],"wp:term":[{"taxonomy":"category","embeddable":true,"href":"https:\/\/www.bellunopress.it\/fr\/wp-json\/wp\/v2\/categories?post=118446"},{"taxonomy":"post_tag","embeddable":true,"href":"https:\/\/www.bellunopress.it\/fr\/wp-json\/wp\/v2\/tags?post=118446"}],"curies":[{"name":"wp","href":"https:\/\/api.w.org\/{rel}","templated":true}]}}