{"id":118301,"date":"2020-10-06T22:10:14","date_gmt":"2020-10-06T20:10:14","guid":{"rendered":"http:\/\/www.bellunopress.it\/?p=118301"},"modified":"2020-10-07T10:53:36","modified_gmt":"2020-10-07T08:53:36","slug":"dati-istat-mortalita-provincia-di-belluno-primo-semestre-dal-2015-al-2020-dai-dati-disponibili-la-mortalita-e-per-lo-piu-costante","status":"publish","type":"post","link":"https:\/\/www.bellunopress.it\/fr\/2020\/10\/06\/dati-istat-mortalita-provincia-di-belluno-primo-semestre-dal-2015-al-2020-dai-dati-disponibili-la-mortalita-e-per-lo-piu-costante\/","title":{"rendered":"Dati Istat mortalit\u00e0 provincia di Belluno primo semestre dal 2015 al 2020. Dai dati disponibili la mortalit\u00e0 \u00e8 per lo pi\u00f9 costante"},"content":{"rendered":"<p><a href=\"http:\/\/www.bellunopress.it\/fr\/2020\/10\/06\/dati-istat-mortalita-provincia-di-belluno-primo-semestre-dal-2015-al-2020-dai-dati-disponibili-la-mortalita-e-per-lo-piu-costante\/istat-istituto-nazionale-di-statistica_edited\/\" rel=\"attachment wp-att-118302\"><img loading=\"lazy\" decoding=\"async\" class=\"alignleft size-full wp-image-118302\" src=\"http:\/\/www.bellunopress.it\/wp-content\/uploads\/2020\/10\/Istat-Istituto-nazionale-di-statistica_edited.jpg\" alt=\"\" width=\"311\" height=\"162\" \/><\/a>Diciamo subito che i dati Istat, Istituto Nazionale di Statistica, del primo semestre 2020 dei Comuni della provincia di Belluno non sono completi. Non sono stati inseriti infatti i decessi relativi ai Comuni di Belluno, Borgo Valbelluna, Longarone, Limana, Fonzaso, Pieve di Cadore, Calalzo di Cadore e San Vito di Cadore. E dunque il\u00a0 totale generale \u00e8 irrilevante ai fini statistici.<\/p>\n<p>Tuttavia,\u00a0 per tutti gli altri comuni esaminati, \u00e8 possibile vedere il trend della mortalit\u00e0 negli anni dal 2015 fino al 2020.<\/p>\n<p>Ebbene, se i dati caricati sono corretti, appare evidente che nel 2020 non c&#8217;\u00e8 stata un&#8217;impennata della mortalit\u00e0 come era lecito aspettarsi per effetto della pandemia da coronavirus. La mortalit\u00e0, nei comuni per i quali i dati sono disponibili, infatti, \u00e8 pressoch\u00e9 stabile, in molti casi \u00e8 perfino diminuita.<\/p>\n<p>L&#8217;Istat da noi contattato, fa sapere che a fine mese sar\u00e0 disponibile l&#8217;aggiornamento al 31 agosto 2020.<\/p>\n<p>Per ora, la forza dei numeri statuisce che nei Comuni bellunesi sotto riportati, il covid-19 non ha determinato un aumento della mortalit\u00e0. Il dato non pu\u00f2 che essere accolto positivamente, ognuno potr\u00e0 interpretarlo come meglio crede, da parte nostra riteniamo che il comportamento rispettoso delle regole ci abbia premiato.<\/p>\n<p>Nota dell&#8217;Istat: Periodi di riferimento: 01\/01-31\/12, Anni 2015-2019 e 01\/01\u201330\/06 Anno 2020. La base dati sul quale si basano le elaborazioni \u00e8 il risultato dell\u2019integrazione a livello<br \/>\ndi micro-dato delle seguenti fonti di dati: rilevazione Istat P.5 sui Cancellati<br \/>\ndall\u2019Anagrafe per Decesso, Anagrafe Nazionale Popolazione Residente (ANPR) e<br \/>\nAnagrafe Tributaria.<\/p>\n<p>Elaborazione dei dati Istat a cura del dr. Tommaso Marzotto<\/p>\n<table width=\"817\">\n<tbody>\n<tr>\n<td width=\"163\">Comune<\/td>\n<td style=\"text-align: left;\" width=\"100\">morti I\u00b0 sem.2015<\/td>\n<td width=\"98\">morti I\u00b0 sem.2016<\/td>\n<td style=\"text-align: left;\" width=\"98\">morti I\u00b0 sem.2017<\/td>\n<td style=\"text-align: left;\" width=\"98\">morti I\u00b0 sem.2018<\/td>\n<td width=\"98\">\n<p style=\"text-align: left;\">morti I\u00b0 sem.2019<\/p>\n<\/td>\n<td width=\"98\">morti I\u00b0 sem.2020<\/td>\n<td width=\"64\"><\/td>\n<\/tr>\n<tr>\n<td>Belluno<\/td>\n<td>222<\/td>\n<td>190<\/td>\n<td>248<\/td>\n<td>212<\/td>\n<td>210<\/td>\n<td>0<\/td>\n<td><\/td>\n<\/tr>\n<tr>\n<td>Feltre<\/td>\n<td>121<\/td>\n<td>128<\/td>\n<td>121<\/td>\n<td>127<\/td>\n<td>125<\/td>\n<td>106<\/td>\n<td><\/td>\n<\/tr>\n<tr>\n<td>Borgo Valbelluna<\/td>\n<td>102<\/td>\n<td>91<\/td>\n<td>101<\/td>\n<td>93<\/td>\n<td>91<\/td>\n<td>0<\/td>\n<td><\/td>\n<\/tr>\n<tr>\n<td>Santa Giustina<\/td>\n<td>33<\/td>\n<td>38<\/td>\n<td>37<\/td>\n<td>42<\/td>\n<td>57<\/td>\n<td>38<\/td>\n<td><\/td>\n<\/tr>\n<tr>\n<td>Longarone<\/td>\n<td>32<\/td>\n<td>37<\/td>\n<td>39<\/td>\n<td>42<\/td>\n<td>51<\/td>\n<td>0<\/td>\n<td><\/td>\n<\/tr>\n<tr>\n<td>Sedico<\/td>\n<td>64<\/td>\n<td>51<\/td>\n<td>64<\/td>\n<td>40<\/td>\n<td>50<\/td>\n<td>48<\/td>\n<td><\/td>\n<\/tr>\n<tr>\n<td>Ponte nelle Alpi<\/td>\n<td>40<\/td>\n<td>49<\/td>\n<td>51<\/td>\n<td>37<\/td>\n<td>48<\/td>\n<td>41<\/td>\n<td><\/td>\n<\/tr>\n<tr>\n<td>Alpago<\/td>\n<td>64<\/td>\n<td>42<\/td>\n<td>61<\/td>\n<td>39<\/td>\n<td>47<\/td>\n<td>46<\/td>\n<td><\/td>\n<\/tr>\n<tr>\n<td>Limana<\/td>\n<td>45<\/td>\n<td>30<\/td>\n<td>32<\/td>\n<td>32<\/td>\n<td>42<\/td>\n<td>0<\/td>\n<td><\/td>\n<\/tr>\n<tr>\n<td>Pedavena<\/td>\n<td>32<\/td>\n<td>32<\/td>\n<td>40<\/td>\n<td>36<\/td>\n<td>36<\/td>\n<td>61<\/td>\n<td><\/td>\n<\/tr>\n<tr>\n<td>Val di Zoldo<\/td>\n<td>16<\/td>\n<td>28<\/td>\n<td>39<\/td>\n<td>20<\/td>\n<td>33<\/td>\n<td>28<\/td>\n<td><\/td>\n<\/tr>\n<tr>\n<td>Agordo<\/td>\n<td>24<\/td>\n<td>25<\/td>\n<td>39<\/td>\n<td>27<\/td>\n<td>31<\/td>\n<td>28<\/td>\n<td><\/td>\n<\/tr>\n<tr>\n<td>Cortina d&#8217;Ampezzo<\/td>\n<td>23<\/td>\n<td>41<\/td>\n<td>41<\/td>\n<td>39<\/td>\n<td>30<\/td>\n<td>37<\/td>\n<td><\/td>\n<\/tr>\n<tr>\n<td>Lamon<\/td>\n<td>27<\/td>\n<td>34<\/td>\n<td>26<\/td>\n<td>30<\/td>\n<td>30<\/td>\n<td>38<\/td>\n<td><\/td>\n<\/tr>\n<tr>\n<td>Cesiomaggiore<\/td>\n<td>23<\/td>\n<td>25<\/td>\n<td>28<\/td>\n<td>28<\/td>\n<td>29<\/td>\n<td>22<\/td>\n<td><\/td>\n<\/tr>\n<tr>\n<td>Auronzo di Cadore<\/td>\n<td>19<\/td>\n<td>17<\/td>\n<td>18<\/td>\n<td>24<\/td>\n<td>28<\/td>\n<td>27<\/td>\n<td><\/td>\n<\/tr>\n<tr>\n<td>Fonzaso<\/td>\n<td>36<\/td>\n<td>23<\/td>\n<td>15<\/td>\n<td>29<\/td>\n<td>27<\/td>\n<td>0<\/td>\n<td><\/td>\n<\/tr>\n<tr>\n<td>Pieve di Cadore<\/td>\n<td>22<\/td>\n<td>23<\/td>\n<td>28<\/td>\n<td>25<\/td>\n<td>26<\/td>\n<td>0<\/td>\n<td><\/td>\n<\/tr>\n<tr>\n<td>Sospirolo<\/td>\n<td>13<\/td>\n<td>14<\/td>\n<td>25<\/td>\n<td>20<\/td>\n<td>22<\/td>\n<td>22<\/td>\n<td><\/td>\n<\/tr>\n<tr>\n<td>Arsi\u00e8<\/td>\n<td>20<\/td>\n<td>25<\/td>\n<td>26<\/td>\n<td>31<\/td>\n<td>22<\/td>\n<td>20<\/td>\n<td><\/td>\n<\/tr>\n<tr>\n<td>Comelico Superiore<\/td>\n<td>24<\/td>\n<td>24<\/td>\n<td>15<\/td>\n<td>18<\/td>\n<td>20<\/td>\n<td>17<\/td>\n<td><\/td>\n<\/tr>\n<tr>\n<td>Alano di Piave<\/td>\n<td>18<\/td>\n<td>26<\/td>\n<td>10<\/td>\n<td>21<\/td>\n<td>19<\/td>\n<td>19<\/td>\n<td><\/td>\n<\/tr>\n<tr>\n<td>Seren del Grappa<\/td>\n<td>29<\/td>\n<td>13<\/td>\n<td>15<\/td>\n<td>25<\/td>\n<td>18<\/td>\n<td>21<\/td>\n<td><\/td>\n<\/tr>\n<tr>\n<td>Quero Vas<\/td>\n<td>17<\/td>\n<td>17<\/td>\n<td>19<\/td>\n<td>22<\/td>\n<td>18<\/td>\n<td>21<\/td>\n<td><\/td>\n<\/tr>\n<tr>\n<td>Domegge di Cadore<\/td>\n<td>21<\/td>\n<td>19<\/td>\n<td>13<\/td>\n<td>24<\/td>\n<td>16<\/td>\n<td>18<\/td>\n<td><\/td>\n<\/tr>\n<tr>\n<td>Falcade<\/td>\n<td>19<\/td>\n<td>14<\/td>\n<td>14<\/td>\n<td>14<\/td>\n<td>16<\/td>\n<td>10<\/td>\n<td><\/td>\n<\/tr>\n<tr>\n<td>Santo Stefano di Cadore<\/td>\n<td>14<\/td>\n<td>26<\/td>\n<td>19<\/td>\n<td>13<\/td>\n<td>16<\/td>\n<td>21<\/td>\n<td><\/td>\n<\/tr>\n<tr>\n<td>Sovramonte<\/td>\n<td>13<\/td>\n<td>7<\/td>\n<td>14<\/td>\n<td>11<\/td>\n<td>15<\/td>\n<td>9<\/td>\n<td><\/td>\n<\/tr>\n<tr>\n<td>Calalzo di Cadore<\/td>\n<td>24<\/td>\n<td>13<\/td>\n<td>15<\/td>\n<td>9<\/td>\n<td>13<\/td>\n<td>0<\/td>\n<td><\/td>\n<\/tr>\n<tr>\n<td>San Pietro di Cadore<\/td>\n<td>8<\/td>\n<td>7<\/td>\n<td>13<\/td>\n<td>12<\/td>\n<td>13<\/td>\n<td>7<\/td>\n<td><\/td>\n<\/tr>\n<tr>\n<td>Cencenighe Agordino<\/td>\n<td>11<\/td>\n<td>5<\/td>\n<td>16<\/td>\n<td>10<\/td>\n<td>11<\/td>\n<td>9<\/td>\n<td><\/td>\n<\/tr>\n<tr>\n<td>Tambre<\/td>\n<td>12<\/td>\n<td>12<\/td>\n<td>10<\/td>\n<td>10<\/td>\n<td>11<\/td>\n<td>11<\/td>\n<td><\/td>\n<\/tr>\n<tr>\n<td>Chies d&#8217;Alpago<\/td>\n<td>17<\/td>\n<td>14<\/td>\n<td>16<\/td>\n<td>10<\/td>\n<td>11<\/td>\n<td>13<\/td>\n<td><\/td>\n<\/tr>\n<tr>\n<td>Vigo di Cadore<\/td>\n<td>12<\/td>\n<td>9<\/td>\n<td>10<\/td>\n<td>6<\/td>\n<td>11<\/td>\n<td>16<\/td>\n<td><\/td>\n<\/tr>\n<tr>\n<td>Taibon Agordino<\/td>\n<td>8<\/td>\n<td>9<\/td>\n<td>12<\/td>\n<td>9<\/td>\n<td>10<\/td>\n<td>13<\/td>\n<td><\/td>\n<\/tr>\n<tr>\n<td>Valle di Cadore<\/td>\n<td>17<\/td>\n<td>14<\/td>\n<td>10<\/td>\n<td>13<\/td>\n<td>9<\/td>\n<td>15<\/td>\n<td><\/td>\n<\/tr>\n<tr>\n<td>Livinallongo del Col di Lana<\/td>\n<td>13<\/td>\n<td>16<\/td>\n<td>6<\/td>\n<td>7<\/td>\n<td>9<\/td>\n<td>15<\/td>\n<td><\/td>\n<\/tr>\n<tr>\n<td>San Vito di Cadore<\/td>\n<td>6<\/td>\n<td>9<\/td>\n<td>8<\/td>\n<td>6<\/td>\n<td>9<\/td>\n<td>0<\/td>\n<td><\/td>\n<\/tr>\n<tr>\n<td>Lozzo di Cadore<\/td>\n<td>9<\/td>\n<td>10<\/td>\n<td>5<\/td>\n<td>8<\/td>\n<td>9<\/td>\n<td>11<\/td>\n<td><\/td>\n<\/tr>\n<tr>\n<td>Gosaldo<\/td>\n<td>15<\/td>\n<td>3<\/td>\n<td>8<\/td>\n<td>7<\/td>\n<td>8<\/td>\n<td>9<\/td>\n<td><\/td>\n<\/tr>\n<tr>\n<td>Voltago Agordino<\/td>\n<td>6<\/td>\n<td>5<\/td>\n<td>4<\/td>\n<td>7<\/td>\n<td>8<\/td>\n<td>7<\/td>\n<td><\/td>\n<\/tr>\n<tr>\n<td>Alleghe<\/td>\n<td>14<\/td>\n<td>4<\/td>\n<td>12<\/td>\n<td>10<\/td>\n<td>8<\/td>\n<td>11<\/td>\n<td><\/td>\n<\/tr>\n<tr>\n<td>Rivamonte Agordino<\/td>\n<td>6<\/td>\n<td>4<\/td>\n<td>6<\/td>\n<td>7<\/td>\n<td>7<\/td>\n<td>7<\/td>\n<td><\/td>\n<\/tr>\n<tr>\n<td>Rocca Pietore<\/td>\n<td>7<\/td>\n<td>9<\/td>\n<td>11<\/td>\n<td>15<\/td>\n<td>7<\/td>\n<td>8<\/td>\n<td><\/td>\n<\/tr>\n<tr>\n<td>Colle Santa Lucia<\/td>\n<td>1<\/td>\n<td>0<\/td>\n<td>6<\/td>\n<td>1<\/td>\n<td>7<\/td>\n<td>2<\/td>\n<td><\/td>\n<\/tr>\n<tr>\n<td>San Gregorio nelle Alpi<\/td>\n<td>5<\/td>\n<td>9<\/td>\n<td>5<\/td>\n<td>8<\/td>\n<td>7<\/td>\n<td>10<\/td>\n<td><\/td>\n<\/tr>\n<tr>\n<td>Borca di Cadore<\/td>\n<td>4<\/td>\n<td>7<\/td>\n<td>6<\/td>\n<td>7<\/td>\n<td>6<\/td>\n<td>2<\/td>\n<td><\/td>\n<\/tr>\n<tr>\n<td>Cibiana di Cadore<\/td>\n<td>3<\/td>\n<td>4<\/td>\n<td>1<\/td>\n<td>5<\/td>\n<td>5<\/td>\n<td>5<\/td>\n<td><\/td>\n<\/tr>\n<tr>\n<td>La Valle Agordina<\/td>\n<td>9<\/td>\n<td>8<\/td>\n<td>4<\/td>\n<td>9<\/td>\n<td>5<\/td>\n<td>5<\/td>\n<td><\/td>\n<\/tr>\n<tr>\n<td>Soverzene<\/td>\n<td>1<\/td>\n<td>1<\/td>\n<td>2<\/td>\n<td>0<\/td>\n<td>5<\/td>\n<td>3<\/td>\n<td><\/td>\n<\/tr>\n<tr>\n<td>Vodo Cadore<\/td>\n<td>6<\/td>\n<td>4<\/td>\n<td>6<\/td>\n<td>6<\/td>\n<td>4<\/td>\n<td>4<\/td>\n<td><\/td>\n<\/tr>\n<tr>\n<td>Lorenzago di Cadore<\/td>\n<td>4<\/td>\n<td>3<\/td>\n<td>4<\/td>\n<td>3<\/td>\n<td>4<\/td>\n<td>1<\/td>\n<td><\/td>\n<\/tr>\n<tr>\n<td>Selva di Cadore<\/td>\n<td>2<\/td>\n<td>2<\/td>\n<td>5<\/td>\n<td>2<\/td>\n<td>4<\/td>\n<td>7<\/td>\n<td><\/td>\n<\/tr>\n<tr>\n<td>San Nicol\u00f2 di Comelico<\/td>\n<td>4<\/td>\n<td>4<\/td>\n<td>5<\/td>\n<td>3<\/td>\n<td>3<\/td>\n<td>2<\/td>\n<td><\/td>\n<\/tr>\n<tr>\n<td>Danta di Cadore<\/td>\n<td>3<\/td>\n<td>1<\/td>\n<td>9<\/td>\n<td>2<\/td>\n<td>3<\/td>\n<td>2<\/td>\n<td><\/td>\n<\/tr>\n<tr>\n<td>Canale d&#8217;Agordo<\/td>\n<td>9<\/td>\n<td>6<\/td>\n<td>8<\/td>\n<td>12<\/td>\n<td>3<\/td>\n<td>11<\/td>\n<td><\/td>\n<\/tr>\n<tr>\n<td>Vallada Agordina<\/td>\n<td>6<\/td>\n<td>2<\/td>\n<td>6<\/td>\n<td>2<\/td>\n<td>2<\/td>\n<td>5<\/td>\n<td><\/td>\n<\/tr>\n<tr>\n<td>San Tomaso Agordino<\/td>\n<td>10<\/td>\n<td>4<\/td>\n<td>3<\/td>\n<td>5<\/td>\n<td>2<\/td>\n<td>3<\/td>\n<td><\/td>\n<\/tr>\n<tr>\n<td>Zopp\u00c3\u00a8 di Cadore<\/td>\n<td>2<\/td>\n<td>0<\/td>\n<td>2<\/td>\n<td>3<\/td>\n<td>1<\/td>\n<td>1<\/td>\n<td><\/td>\n<\/tr>\n<tr>\n<td>Perarolo di Cadore<\/td>\n<td>3<\/td>\n<td>4<\/td>\n<td>0<\/td>\n<td>2<\/td>\n<td>1<\/td>\n<td>3<\/td>\n<td><\/td>\n<\/tr>\n<tr>\n<td>Ospitale di Cadore<\/td>\n<td>2<\/td>\n<td>1<\/td>\n<td>1<\/td>\n<td>3<\/td>\n<td>0<\/td>\n<td>1<\/td>\n<td><\/td>\n<\/tr>\n<tr>\n<td>Totale complessivo<\/td>\n<td>1392<\/td>\n<td>1292<\/td>\n<td>1433<\/td>\n<td>1340<\/td>\n<td>1389<\/td>\n<td>917 * mancano alcuni Comuni<\/td>\n<td><\/td>\n<\/tr>\n<\/tbody>\n<\/table>","protected":false},"excerpt":{"rendered":"<p>Diciamo subito che i dati Istat, Istituto Nazionale di Statistica, del primo semestre 2020 dei Comuni della provincia di Belluno non sono completi. Non sono stati inseriti infatti i decessi relativi ai Comuni di Belluno, Borgo Valbelluna, Longarone, Limana, Fonzaso, Pieve di Cadore, Calalzo di Cadore e San Vito di Cadore. E dunque il\u00a0 totale [&hellip;]<\/p>\n","protected":false},"author":2,"featured_media":118302,"comment_status":"closed","ping_status":"open","sticky":false,"template":"","format":"standard","meta":{"footnotes":""},"categories":[3446,49,26,17],"tags":[],"class_list":["post-118301","post","type-post","status-publish","format-standard","has-post-thumbnail","category-featured","category-speciali","category-prima-pagina","category-sanita"],"yoast_head":"<!-- This site is optimized with the Yoast SEO plugin v28.4 - https:\/\/yoast.com\/product\/yoast-seo-wordpress\/ -->\n<title>Dati Istat mortalit\u00e0 provincia di Belluno primo semestre dal 2015 al 2020. Dai dati disponibili la mortalit\u00e0 \u00e8 per lo pi\u00f9 costante - Bellunopress - Dolomiti<\/title>\n<meta name=\"robots\" content=\"index, follow, max-snippet:-1, max-image-preview:large, max-video-preview:-1\" \/>\n<link rel=\"canonical\" href=\"https:\/\/www.bellunopress.it\/fr\/2020\/10\/06\/dati-istat-mortalita-provincia-di-belluno-primo-semestre-dal-2015-al-2020-dai-dati-disponibili-la-mortalita-e-per-lo-piu-costante\/\" \/>\n<meta property=\"og:locale\" content=\"fr_FR\" \/>\n<meta property=\"og:type\" content=\"article\" \/>\n<meta property=\"og:title\" content=\"Dati Istat mortalit\u00e0 provincia di Belluno primo semestre dal 2015 al 2020. Dai dati disponibili la mortalit\u00e0 \u00e8 per lo pi\u00f9 costante - Bellunopress - Dolomiti\" \/>\n<meta property=\"og:description\" content=\"Diciamo subito che i dati Istat, Istituto Nazionale di Statistica, del primo semestre 2020 dei Comuni della provincia di Belluno non sono completi. Non sono stati inseriti infatti i decessi relativi ai Comuni di Belluno, Borgo Valbelluna, Longarone, Limana, Fonzaso, Pieve di Cadore, Calalzo di Cadore e San Vito di Cadore. E dunque il\u00a0 totale [&hellip;]\" \/>\n<meta property=\"og:url\" content=\"https:\/\/www.bellunopress.it\/fr\/2020\/10\/06\/dati-istat-mortalita-provincia-di-belluno-primo-semestre-dal-2015-al-2020-dai-dati-disponibili-la-mortalita-e-per-lo-piu-costante\/\" \/>\n<meta property=\"og:site_name\" content=\"Bellunopress - Dolomiti\" \/>\n<meta property=\"article:publisher\" content=\"https:\/\/www.facebook.com\/profile.php?id=100008943462799\" \/>\n<meta property=\"article:published_time\" content=\"2020-10-06T20:10:14+00:00\" \/>\n<meta property=\"article:modified_time\" content=\"2020-10-07T08:53:36+00:00\" \/>\n<meta property=\"og:image\" content=\"https:\/\/www.bellunopress.it\/wp-content\/uploads\/2020\/10\/Istat-Istituto-nazionale-di-statistica_edited.jpg\" \/>\n\t<meta property=\"og:image:width\" content=\"311\" \/>\n\t<meta property=\"og:image:height\" content=\"162\" \/>\n\t<meta property=\"og:image:type\" content=\"image\/jpeg\" \/>\n<meta name=\"author\" content=\"redazione\" \/>\n<meta name=\"twitter:card\" content=\"summary_large_image\" \/>\n<meta name=\"twitter:creator\" content=\"@bellunopress\" \/>\n<meta name=\"twitter:site\" content=\"@bellunopress\" \/>\n<meta name=\"twitter:label1\" content=\"\u00c9crit par\" \/>\n\t<meta name=\"twitter:data1\" content=\"redazione\" \/>\n\t<meta name=\"twitter:label2\" content=\"Dur\u00e9e de lecture estim\u00e9e\" \/>\n\t<meta name=\"twitter:data2\" content=\"2 minutes\" \/>\n<script type=\"application\/ld+json\" class=\"yoast-schema-graph\">{\"@context\":\"https:\\\/\\\/schema.org\",\"@graph\":[{\"@type\":\"Article\",\"@id\":\"https:\\\/\\\/www.bellunopress.it\\\/2020\\\/10\\\/06\\\/dati-istat-mortalita-provincia-di-belluno-primo-semestre-dal-2015-al-2020-dai-dati-disponibili-la-mortalita-e-per-lo-piu-costante\\\/#article\",\"isPartOf\":{\"@id\":\"https:\\\/\\\/www.bellunopress.it\\\/2020\\\/10\\\/06\\\/dati-istat-mortalita-provincia-di-belluno-primo-semestre-dal-2015-al-2020-dai-dati-disponibili-la-mortalita-e-per-lo-piu-costante\\\/\"},\"author\":{\"name\":\"redazione\",\"@id\":\"https:\\\/\\\/www.bellunopress.it\\\/#\\\/schema\\\/person\\\/79bb06722b37ece1c03d3e94beb30d73\"},\"headline\":\"Dati Istat mortalit\u00e0 provincia di Belluno primo semestre dal 2015 al 2020. Dai dati disponibili la mortalit\u00e0 \u00e8 per lo pi\u00f9 costante\",\"datePublished\":\"2020-10-06T20:10:14+00:00\",\"dateModified\":\"2020-10-07T08:53:36+00:00\",\"mainEntityOfPage\":{\"@id\":\"https:\\\/\\\/www.bellunopress.it\\\/2020\\\/10\\\/06\\\/dati-istat-mortalita-provincia-di-belluno-primo-semestre-dal-2015-al-2020-dai-dati-disponibili-la-mortalita-e-per-lo-piu-costante\\\/\"},\"wordCount\":434,\"publisher\":{\"@id\":\"https:\\\/\\\/www.bellunopress.it\\\/#organization\"},\"image\":{\"@id\":\"https:\\\/\\\/www.bellunopress.it\\\/2020\\\/10\\\/06\\\/dati-istat-mortalita-provincia-di-belluno-primo-semestre-dal-2015-al-2020-dai-dati-disponibili-la-mortalita-e-per-lo-piu-costante\\\/#primaryimage\"},\"thumbnailUrl\":\"https:\\\/\\\/www.bellunopress.it\\\/wp-content\\\/uploads\\\/2020\\\/10\\\/Istat-Istituto-nazionale-di-statistica_edited.jpg\",\"articleSection\":[\"Featured\",\"Gli speciali di Bellunopress\",\"Prima Pagina\",\"Sanit\u00e0 Medicina\"],\"inLanguage\":\"fr-FR\"},{\"@type\":\"WebPage\",\"@id\":\"https:\\\/\\\/www.bellunopress.it\\\/2020\\\/10\\\/06\\\/dati-istat-mortalita-provincia-di-belluno-primo-semestre-dal-2015-al-2020-dai-dati-disponibili-la-mortalita-e-per-lo-piu-costante\\\/\",\"url\":\"https:\\\/\\\/www.bellunopress.it\\\/2020\\\/10\\\/06\\\/dati-istat-mortalita-provincia-di-belluno-primo-semestre-dal-2015-al-2020-dai-dati-disponibili-la-mortalita-e-per-lo-piu-costante\\\/\",\"name\":\"Dati Istat mortalit\u00e0 provincia di Belluno primo semestre dal 2015 al 2020. Dai dati disponibili la mortalit\u00e0 \u00e8 per lo pi\u00f9 costante - Bellunopress - Dolomiti\",\"isPartOf\":{\"@id\":\"https:\\\/\\\/www.bellunopress.it\\\/#website\"},\"primaryImageOfPage\":{\"@id\":\"https:\\\/\\\/www.bellunopress.it\\\/2020\\\/10\\\/06\\\/dati-istat-mortalita-provincia-di-belluno-primo-semestre-dal-2015-al-2020-dai-dati-disponibili-la-mortalita-e-per-lo-piu-costante\\\/#primaryimage\"},\"image\":{\"@id\":\"https:\\\/\\\/www.bellunopress.it\\\/2020\\\/10\\\/06\\\/dati-istat-mortalita-provincia-di-belluno-primo-semestre-dal-2015-al-2020-dai-dati-disponibili-la-mortalita-e-per-lo-piu-costante\\\/#primaryimage\"},\"thumbnailUrl\":\"https:\\\/\\\/www.bellunopress.it\\\/wp-content\\\/uploads\\\/2020\\\/10\\\/Istat-Istituto-nazionale-di-statistica_edited.jpg\",\"datePublished\":\"2020-10-06T20:10:14+00:00\",\"dateModified\":\"2020-10-07T08:53:36+00:00\",\"breadcrumb\":{\"@id\":\"https:\\\/\\\/www.bellunopress.it\\\/2020\\\/10\\\/06\\\/dati-istat-mortalita-provincia-di-belluno-primo-semestre-dal-2015-al-2020-dai-dati-disponibili-la-mortalita-e-per-lo-piu-costante\\\/#breadcrumb\"},\"inLanguage\":\"fr-FR\",\"potentialAction\":[{\"@type\":\"ReadAction\",\"target\":[\"https:\\\/\\\/www.bellunopress.it\\\/2020\\\/10\\\/06\\\/dati-istat-mortalita-provincia-di-belluno-primo-semestre-dal-2015-al-2020-dai-dati-disponibili-la-mortalita-e-per-lo-piu-costante\\\/\"]}]},{\"@type\":\"ImageObject\",\"inLanguage\":\"fr-FR\",\"@id\":\"https:\\\/\\\/www.bellunopress.it\\\/2020\\\/10\\\/06\\\/dati-istat-mortalita-provincia-di-belluno-primo-semestre-dal-2015-al-2020-dai-dati-disponibili-la-mortalita-e-per-lo-piu-costante\\\/#primaryimage\",\"url\":\"https:\\\/\\\/www.bellunopress.it\\\/wp-content\\\/uploads\\\/2020\\\/10\\\/Istat-Istituto-nazionale-di-statistica_edited.jpg\",\"contentUrl\":\"https:\\\/\\\/www.bellunopress.it\\\/wp-content\\\/uploads\\\/2020\\\/10\\\/Istat-Istituto-nazionale-di-statistica_edited.jpg\",\"width\":311,\"height\":162},{\"@type\":\"BreadcrumbList\",\"@id\":\"https:\\\/\\\/www.bellunopress.it\\\/2020\\\/10\\\/06\\\/dati-istat-mortalita-provincia-di-belluno-primo-semestre-dal-2015-al-2020-dai-dati-disponibili-la-mortalita-e-per-lo-piu-costante\\\/#breadcrumb\",\"itemListElement\":[{\"@type\":\"ListItem\",\"position\":1,\"name\":\"Home\",\"item\":\"https:\\\/\\\/www.bellunopress.it\\\/\"},{\"@type\":\"ListItem\",\"position\":2,\"name\":\"Dati Istat mortalit\u00e0 provincia di Belluno primo semestre dal 2015 al 2020. Dai dati disponibili la mortalit\u00e0 \u00e8 per lo pi\u00f9 costante\"}]},{\"@type\":\"WebSite\",\"@id\":\"https:\\\/\\\/www.bellunopress.it\\\/#website\",\"url\":\"https:\\\/\\\/www.bellunopress.it\\\/\",\"name\":\"Bellunopress - Dolomiti\",\"description\":\"e-mail: redazione@bellunopress.it\",\"publisher\":{\"@id\":\"https:\\\/\\\/www.bellunopress.it\\\/#organization\"},\"potentialAction\":[{\"@type\":\"SearchAction\",\"target\":{\"@type\":\"EntryPoint\",\"urlTemplate\":\"https:\\\/\\\/www.bellunopress.it\\\/?s={search_term_string}\"},\"query-input\":{\"@type\":\"PropertyValueSpecification\",\"valueRequired\":true,\"valueName\":\"search_term_string\"}}],\"inLanguage\":\"fr-FR\"},{\"@type\":\"Organization\",\"@id\":\"https:\\\/\\\/www.bellunopress.it\\\/#organization\",\"name\":\"Bellunopress\",\"url\":\"https:\\\/\\\/www.bellunopress.it\\\/\",\"logo\":{\"@type\":\"ImageObject\",\"inLanguage\":\"fr-FR\",\"@id\":\"https:\\\/\\\/www.bellunopress.it\\\/#\\\/schema\\\/logo\\\/image\\\/\",\"url\":\"https:\\\/\\\/www.bellunopress.it\\\/wp-content\\\/uploads\\\/2011\\\/05\\\/cropped-logo-bellunopress-.jpg\",\"contentUrl\":\"https:\\\/\\\/www.bellunopress.it\\\/wp-content\\\/uploads\\\/2011\\\/05\\\/cropped-logo-bellunopress-.jpg\",\"width\":512,\"height\":512,\"caption\":\"Bellunopress\"},\"image\":{\"@id\":\"https:\\\/\\\/www.bellunopress.it\\\/#\\\/schema\\\/logo\\\/image\\\/\"},\"sameAs\":[\"https:\\\/\\\/www.facebook.com\\\/profile.php?id=100008943462799\",\"https:\\\/\\\/x.com\\\/bellunopress\",\"https:\\\/\\\/www.linkedin.com\\\/hp\\\/?dnr=JBzUWaJfMUw8vbXJJ2tVW5-I3jZKvC4wsoxE&amp;amp;amp;amp;amp;amp;trk=nav_responsive_tab_home\",\"https:\\\/\\\/www.youtube.com\\\/channel\\\/UCxL0wu1uN0_3_7hGG0306cw\"]},{\"@type\":\"Person\",\"@id\":\"https:\\\/\\\/www.bellunopress.it\\\/#\\\/schema\\\/person\\\/79bb06722b37ece1c03d3e94beb30d73\",\"name\":\"redazione\",\"image\":{\"@type\":\"ImageObject\",\"inLanguage\":\"fr-FR\",\"@id\":\"https:\\\/\\\/secure.gravatar.com\\\/avatar\\\/37d968a2e67a6fd04c169c4bdef102d0bc5d31b2546345219e348575eb80e9a0?s=96&d=mm&r=g\",\"url\":\"https:\\\/\\\/secure.gravatar.com\\\/avatar\\\/37d968a2e67a6fd04c169c4bdef102d0bc5d31b2546345219e348575eb80e9a0?s=96&d=mm&r=g\",\"contentUrl\":\"https:\\\/\\\/secure.gravatar.com\\\/avatar\\\/37d968a2e67a6fd04c169c4bdef102d0bc5d31b2546345219e348575eb80e9a0?s=96&d=mm&r=g\",\"caption\":\"redazione\"},\"sameAs\":[\"http:\\\/\\\/www.bellunopress.it\",\"https:\\\/\\\/x.com\\\/bellunopress\"],\"url\":\"https:\\\/\\\/www.bellunopress.it\\\/fr\\\/author\\\/redazione\\\/\"}]}<\/script>\n<!-- \/ Yoast SEO plugin. -->","yoast_head_json":{"title":"Dati Istat mortalit\u00e0 provincia di Belluno primo semestre dal 2015 al 2020. Dai dati disponibili la mortalit\u00e0 \u00e8 per lo pi\u00f9 costante - Bellunopress - Dolomiti","robots":{"index":"index","follow":"follow","max-snippet":"max-snippet:-1","max-image-preview":"max-image-preview:large","max-video-preview":"max-video-preview:-1"},"canonical":"https:\/\/www.bellunopress.it\/fr\/2020\/10\/06\/dati-istat-mortalita-provincia-di-belluno-primo-semestre-dal-2015-al-2020-dai-dati-disponibili-la-mortalita-e-per-lo-piu-costante\/","og_locale":"fr_FR","og_type":"article","og_title":"Dati Istat mortalit\u00e0 provincia di Belluno primo semestre dal 2015 al 2020. Dai dati disponibili la mortalit\u00e0 \u00e8 per lo pi\u00f9 costante - Bellunopress - Dolomiti","og_description":"Diciamo subito che i dati Istat, Istituto Nazionale di Statistica, del primo semestre 2020 dei Comuni della provincia di Belluno non sono completi. Non sono stati inseriti infatti i decessi relativi ai Comuni di Belluno, Borgo Valbelluna, Longarone, Limana, Fonzaso, Pieve di Cadore, Calalzo di Cadore e San Vito di Cadore. E dunque il\u00a0 totale [&hellip;]","og_url":"https:\/\/www.bellunopress.it\/fr\/2020\/10\/06\/dati-istat-mortalita-provincia-di-belluno-primo-semestre-dal-2015-al-2020-dai-dati-disponibili-la-mortalita-e-per-lo-piu-costante\/","og_site_name":"Bellunopress - Dolomiti","article_publisher":"https:\/\/www.facebook.com\/profile.php?id=100008943462799","article_published_time":"2020-10-06T20:10:14+00:00","article_modified_time":"2020-10-07T08:53:36+00:00","og_image":[{"width":311,"height":162,"url":"https:\/\/www.bellunopress.it\/wp-content\/uploads\/2020\/10\/Istat-Istituto-nazionale-di-statistica_edited.jpg","type":"image\/jpeg"}],"author":"redazione","twitter_card":"summary_large_image","twitter_creator":"@bellunopress","twitter_site":"@bellunopress","twitter_misc":{"\u00c9crit par":"redazione","Dur\u00e9e de lecture estim\u00e9e":"2 minutes"},"schema":{"@context":"https:\/\/schema.org","@graph":[{"@type":"Article","@id":"https:\/\/www.bellunopress.it\/2020\/10\/06\/dati-istat-mortalita-provincia-di-belluno-primo-semestre-dal-2015-al-2020-dai-dati-disponibili-la-mortalita-e-per-lo-piu-costante\/#article","isPartOf":{"@id":"https:\/\/www.bellunopress.it\/2020\/10\/06\/dati-istat-mortalita-provincia-di-belluno-primo-semestre-dal-2015-al-2020-dai-dati-disponibili-la-mortalita-e-per-lo-piu-costante\/"},"author":{"name":"redazione","@id":"https:\/\/www.bellunopress.it\/#\/schema\/person\/79bb06722b37ece1c03d3e94beb30d73"},"headline":"Dati Istat mortalit\u00e0 provincia di Belluno primo semestre dal 2015 al 2020. Dai dati disponibili la mortalit\u00e0 \u00e8 per lo pi\u00f9 costante","datePublished":"2020-10-06T20:10:14+00:00","dateModified":"2020-10-07T08:53:36+00:00","mainEntityOfPage":{"@id":"https:\/\/www.bellunopress.it\/2020\/10\/06\/dati-istat-mortalita-provincia-di-belluno-primo-semestre-dal-2015-al-2020-dai-dati-disponibili-la-mortalita-e-per-lo-piu-costante\/"},"wordCount":434,"publisher":{"@id":"https:\/\/www.bellunopress.it\/#organization"},"image":{"@id":"https:\/\/www.bellunopress.it\/2020\/10\/06\/dati-istat-mortalita-provincia-di-belluno-primo-semestre-dal-2015-al-2020-dai-dati-disponibili-la-mortalita-e-per-lo-piu-costante\/#primaryimage"},"thumbnailUrl":"https:\/\/www.bellunopress.it\/wp-content\/uploads\/2020\/10\/Istat-Istituto-nazionale-di-statistica_edited.jpg","articleSection":["Featured","Gli speciali di Bellunopress","Prima Pagina","Sanit\u00e0 Medicina"],"inLanguage":"fr-FR"},{"@type":"WebPage","@id":"https:\/\/www.bellunopress.it\/2020\/10\/06\/dati-istat-mortalita-provincia-di-belluno-primo-semestre-dal-2015-al-2020-dai-dati-disponibili-la-mortalita-e-per-lo-piu-costante\/","url":"https:\/\/www.bellunopress.it\/2020\/10\/06\/dati-istat-mortalita-provincia-di-belluno-primo-semestre-dal-2015-al-2020-dai-dati-disponibili-la-mortalita-e-per-lo-piu-costante\/","name":"Dati Istat mortalit\u00e0 provincia di Belluno primo semestre dal 2015 al 2020. Dai dati disponibili la mortalit\u00e0 \u00e8 per lo pi\u00f9 costante - Bellunopress - Dolomiti","isPartOf":{"@id":"https:\/\/www.bellunopress.it\/#website"},"primaryImageOfPage":{"@id":"https:\/\/www.bellunopress.it\/2020\/10\/06\/dati-istat-mortalita-provincia-di-belluno-primo-semestre-dal-2015-al-2020-dai-dati-disponibili-la-mortalita-e-per-lo-piu-costante\/#primaryimage"},"image":{"@id":"https:\/\/www.bellunopress.it\/2020\/10\/06\/dati-istat-mortalita-provincia-di-belluno-primo-semestre-dal-2015-al-2020-dai-dati-disponibili-la-mortalita-e-per-lo-piu-costante\/#primaryimage"},"thumbnailUrl":"https:\/\/www.bellunopress.it\/wp-content\/uploads\/2020\/10\/Istat-Istituto-nazionale-di-statistica_edited.jpg","datePublished":"2020-10-06T20:10:14+00:00","dateModified":"2020-10-07T08:53:36+00:00","breadcrumb":{"@id":"https:\/\/www.bellunopress.it\/2020\/10\/06\/dati-istat-mortalita-provincia-di-belluno-primo-semestre-dal-2015-al-2020-dai-dati-disponibili-la-mortalita-e-per-lo-piu-costante\/#breadcrumb"},"inLanguage":"fr-FR","potentialAction":[{"@type":"ReadAction","target":["https:\/\/www.bellunopress.it\/2020\/10\/06\/dati-istat-mortalita-provincia-di-belluno-primo-semestre-dal-2015-al-2020-dai-dati-disponibili-la-mortalita-e-per-lo-piu-costante\/"]}]},{"@type":"ImageObject","inLanguage":"fr-FR","@id":"https:\/\/www.bellunopress.it\/2020\/10\/06\/dati-istat-mortalita-provincia-di-belluno-primo-semestre-dal-2015-al-2020-dai-dati-disponibili-la-mortalita-e-per-lo-piu-costante\/#primaryimage","url":"https:\/\/www.bellunopress.it\/wp-content\/uploads\/2020\/10\/Istat-Istituto-nazionale-di-statistica_edited.jpg","contentUrl":"https:\/\/www.bellunopress.it\/wp-content\/uploads\/2020\/10\/Istat-Istituto-nazionale-di-statistica_edited.jpg","width":311,"height":162},{"@type":"BreadcrumbList","@id":"https:\/\/www.bellunopress.it\/2020\/10\/06\/dati-istat-mortalita-provincia-di-belluno-primo-semestre-dal-2015-al-2020-dai-dati-disponibili-la-mortalita-e-per-lo-piu-costante\/#breadcrumb","itemListElement":[{"@type":"ListItem","position":1,"name":"Home","item":"https:\/\/www.bellunopress.it\/"},{"@type":"ListItem","position":2,"name":"Dati Istat mortalit\u00e0 provincia di Belluno primo semestre dal 2015 al 2020. Dai dati disponibili la mortalit\u00e0 \u00e8 per lo pi\u00f9 costante"}]},{"@type":"WebSite","@id":"https:\/\/www.bellunopress.it\/#website","url":"https:\/\/www.bellunopress.it\/","name":"Bellunopress - Dolomiti","description":"e-mail: redazione@bellunopress.it","publisher":{"@id":"https:\/\/www.bellunopress.it\/#organization"},"potentialAction":[{"@type":"SearchAction","target":{"@type":"EntryPoint","urlTemplate":"https:\/\/www.bellunopress.it\/?s={search_term_string}"},"query-input":{"@type":"PropertyValueSpecification","valueRequired":true,"valueName":"search_term_string"}}],"inLanguage":"fr-FR"},{"@type":"Organization","@id":"https:\/\/www.bellunopress.it\/#organization","name":"Bellunopress","url":"https:\/\/www.bellunopress.it\/","logo":{"@type":"ImageObject","inLanguage":"fr-FR","@id":"https:\/\/www.bellunopress.it\/#\/schema\/logo\/image\/","url":"https:\/\/www.bellunopress.it\/wp-content\/uploads\/2011\/05\/cropped-logo-bellunopress-.jpg","contentUrl":"https:\/\/www.bellunopress.it\/wp-content\/uploads\/2011\/05\/cropped-logo-bellunopress-.jpg","width":512,"height":512,"caption":"Bellunopress"},"image":{"@id":"https:\/\/www.bellunopress.it\/#\/schema\/logo\/image\/"},"sameAs":["https:\/\/www.facebook.com\/profile.php?id=100008943462799","https:\/\/x.com\/bellunopress","https:\/\/www.linkedin.com\/hp\/?dnr=JBzUWaJfMUw8vbXJJ2tVW5-I3jZKvC4wsoxE&amp;amp;amp;amp;amp;amp;trk=nav_responsive_tab_home","https:\/\/www.youtube.com\/channel\/UCxL0wu1uN0_3_7hGG0306cw"]},{"@type":"Person","@id":"https:\/\/www.bellunopress.it\/#\/schema\/person\/79bb06722b37ece1c03d3e94beb30d73","name":"r\u00e9daction","image":{"@type":"ImageObject","inLanguage":"fr-FR","@id":"https:\/\/secure.gravatar.com\/avatar\/37d968a2e67a6fd04c169c4bdef102d0bc5d31b2546345219e348575eb80e9a0?s=96&d=mm&r=g","url":"https:\/\/secure.gravatar.com\/avatar\/37d968a2e67a6fd04c169c4bdef102d0bc5d31b2546345219e348575eb80e9a0?s=96&d=mm&r=g","contentUrl":"https:\/\/secure.gravatar.com\/avatar\/37d968a2e67a6fd04c169c4bdef102d0bc5d31b2546345219e348575eb80e9a0?s=96&d=mm&r=g","caption":"redazione"},"sameAs":["http:\/\/www.bellunopress.it","https:\/\/x.com\/bellunopress"],"url":"https:\/\/www.bellunopress.it\/fr\/author\/redazione\/"}]}},"_links":{"self":[{"href":"https:\/\/www.bellunopress.it\/fr\/wp-json\/wp\/v2\/posts\/118301","targetHints":{"allow":["GET"]}}],"collection":[{"href":"https:\/\/www.bellunopress.it\/fr\/wp-json\/wp\/v2\/posts"}],"about":[{"href":"https:\/\/www.bellunopress.it\/fr\/wp-json\/wp\/v2\/types\/post"}],"author":[{"embeddable":true,"href":"https:\/\/www.bellunopress.it\/fr\/wp-json\/wp\/v2\/users\/2"}],"replies":[{"embeddable":true,"href":"https:\/\/www.bellunopress.it\/fr\/wp-json\/wp\/v2\/comments?post=118301"}],"version-history":[{"count":7,"href":"https:\/\/www.bellunopress.it\/fr\/wp-json\/wp\/v2\/posts\/118301\/revisions"}],"predecessor-version":[{"id":118313,"href":"https:\/\/www.bellunopress.it\/fr\/wp-json\/wp\/v2\/posts\/118301\/revisions\/118313"}],"wp:featuredmedia":[{"embeddable":true,"href":"https:\/\/www.bellunopress.it\/fr\/wp-json\/wp\/v2\/media\/118302"}],"wp:attachment":[{"href":"https:\/\/www.bellunopress.it\/fr\/wp-json\/wp\/v2\/media?parent=118301"}],"wp:term":[{"taxonomy":"category","embeddable":true,"href":"https:\/\/www.bellunopress.it\/fr\/wp-json\/wp\/v2\/categories?post=118301"},{"taxonomy":"post_tag","embeddable":true,"href":"https:\/\/www.bellunopress.it\/fr\/wp-json\/wp\/v2\/tags?post=118301"}],"curies":[{"name":"wp","href":"https:\/\/api.w.org\/{rel}","templated":true}]}}