{"id":118297,"date":"2020-10-06T21:05:49","date_gmt":"2020-10-06T19:05:49","guid":{"rendered":"http:\/\/www.bellunopress.it\/?p=118297"},"modified":"2020-10-06T21:05:49","modified_gmt":"2020-10-06T19:05:49","slug":"aggiornamento-ulss-1-dolomiti-drive-in-affollato-questa-sera-al-san-martino","status":"publish","type":"post","link":"https:\/\/www.bellunopress.it\/fr\/2020\/10\/06\/aggiornamento-ulss-1-dolomiti-drive-in-affollato-questa-sera-al-san-martino\/","title":{"rendered":"Aggiornamento Ulss 1 Dolomiti. Drive-in affollato questa sera al San Martino"},"content":{"rendered":"<p><a href=\"http:\/\/www.bellunopress.it\/fr\/2020\/10\/06\/aggiornamento-ulss-1-dolomiti-drive-in-affollato-questa-sera-al-san-martino\/drive-in-ospedale-san-martino_edited\/\" rel=\"attachment wp-att-118298\"><img loading=\"lazy\" decoding=\"async\" class=\"alignleft size-full wp-image-118298\" src=\"http:\/\/www.bellunopress.it\/wp-content\/uploads\/2020\/10\/drive-in-ospedale-San-Martino_edited.jpg\" alt=\"\" width=\"800\" height=\"452\" srcset=\"https:\/\/www.bellunopress.it\/wp-content\/uploads\/2020\/10\/drive-in-ospedale-San-Martino_edited.jpg 800w, https:\/\/www.bellunopress.it\/wp-content\/uploads\/2020\/10\/drive-in-ospedale-San-Martino_edited-500x283.jpg 500w, https:\/\/www.bellunopress.it\/wp-content\/uploads\/2020\/10\/drive-in-ospedale-San-Martino_edited-696x393.jpg 696w, https:\/\/www.bellunopress.it\/wp-content\/uploads\/2020\/10\/drive-in-ospedale-San-Martino_edited-743x420.jpg 743w\" sizes=\"auto, (max-width: 800px) 100vw, 800px\" \/><\/a>C&#8217;era tutto l&#8217;Istituto Dolomieu di Longarone, professori e studenti, questa sera al drive-in dell&#8217;Ospedale San Martino di Belluno. Una lunga colonna di veicoli in attesa di effettuare il tampone, tempi di attesa due ore.<\/p>\n<div class=\"youtube-embed\" data-video_id=\"YlwWwZ8z89s\"><iframe loading=\"lazy\" title=\"Tamponi al drive in dell&#039;ospedale San Martino Belluno\" width=\"696\" height=\"392\" src=\"https:\/\/www.youtube.com\/embed\/YlwWwZ8z89s?feature=oembed&#038;enablejsapi=1\" frameborder=\"0\" allow=\"accelerometer; autoplay; clipboard-write; encrypted-media; gyroscope; picture-in-picture\" allowfullscreen><\/iframe><\/div>\n<p>&nbsp;<\/p>\n<p>Nelle ultime 24 ore sono emerse 20 nuove positivit\u00e0 di cui 10 riferite a Comuni del Cadore e 4 a centri di servizio. Si tratta come nei giorni scorsi di maturazione di positivit\u00e0 in soggetti gi\u00e0 sottoposti a quarantena in quanto contatti di caso.<br \/>\nLe persone attualmente ricoverate in Malattie Infettive al San Martino di Belluno sono 27.<\/p>\n<p><strong>Tamponi per i sintomatici frequentanti la scuola<\/strong><br \/>\nDa domani in tutti i drive-in tamponi per soggetti sintomatici frequentanti la scuola saranno utilizzati i test antigenici rapidi. Si ricordano sedi e orari:<br \/>\n\u2022 Belluno \u2013 Via Meassa Sagrogna &#8211; tutti i giorni &#8211; dalle 8.30 alle 12.30.<br \/>\n\u2022 Feltre \u2013 Borgo Ruga, 34 (accesso da via Panoramica) &#8211; tutti i giorni &#8211; dalle 8.30 alle 12.30.<br \/>\n\u2022 Caprile \u2013 Piazzale parco giochi &#8211; luned\u00ec, mercoled\u00ec, venerd\u00ec \u2013 dalle 17.00 alle 19.00<br \/>\n\u2022 Tai di Cadore- Piazzale Dolomiti &#8211; marted\u00ec, gioved\u00ec, sabato \u2013 dalle 17.00 alle 19.00<\/p>\n<p>Da mercoled\u00ec 7 ottobre 2020 il drive-in tamponi rapidi operativo a Feltre in via Borgo Ruga, 34 (accesso da via panoramica) sar\u00e0 disponibile anche per i residenti della Valle del Primiero e del Vanoi.<\/p>\n<p>&nbsp;<\/p>\n<p>&nbsp;<\/p>","protected":false},"excerpt":{"rendered":"<p>C&#8217;era tutto l&#8217;Istituto Dolomieu di Longarone, professori e studenti, questa sera al drive-in dell&#8217;Ospedale San Martino di Belluno. Una lunga colonna di veicoli in attesa di effettuare il tampone, tempi di attesa due ore. &nbsp; Nelle ultime 24 ore sono emerse 20 nuove positivit\u00e0 di cui 10 riferite a Comuni del Cadore e 4 a [&hellip;]<\/p>\n","protected":false},"author":2,"featured_media":118298,"comment_status":"closed","ping_status":"open","sticky":false,"template":"","format":"standard","meta":{"footnotes":""},"categories":[26,17],"tags":[],"class_list":["post-118297","post","type-post","status-publish","format-standard","has-post-thumbnail","category-prima-pagina","category-sanita"],"yoast_head":"<!-- This site is optimized with the Yoast SEO plugin v28.4 - https:\/\/yoast.com\/product\/yoast-seo-wordpress\/ -->\n<title>Aggiornamento Ulss 1 Dolomiti. Drive-in affollato questa sera al San Martino - Bellunopress - Dolomiti<\/title>\n<meta name=\"robots\" content=\"index, follow, max-snippet:-1, max-image-preview:large, max-video-preview:-1\" \/>\n<link rel=\"canonical\" href=\"https:\/\/www.bellunopress.it\/fr\/2020\/10\/06\/aggiornamento-ulss-1-dolomiti-drive-in-affollato-questa-sera-al-san-martino\/\" \/>\n<meta property=\"og:locale\" content=\"fr_FR\" \/>\n<meta property=\"og:type\" content=\"article\" \/>\n<meta property=\"og:title\" content=\"Aggiornamento Ulss 1 Dolomiti. Drive-in affollato questa sera al San Martino - Bellunopress - Dolomiti\" \/>\n<meta property=\"og:description\" content=\"C&#8217;era tutto l&#8217;Istituto Dolomieu di Longarone, professori e studenti, questa sera al drive-in dell&#8217;Ospedale San Martino di Belluno. Una lunga colonna di veicoli in attesa di effettuare il tampone, tempi di attesa due ore. &nbsp; Nelle ultime 24 ore sono emerse 20 nuove positivit\u00e0 di cui 10 riferite a Comuni del Cadore e 4 a [&hellip;]\" \/>\n<meta property=\"og:url\" content=\"https:\/\/www.bellunopress.it\/fr\/2020\/10\/06\/aggiornamento-ulss-1-dolomiti-drive-in-affollato-questa-sera-al-san-martino\/\" \/>\n<meta property=\"og:site_name\" content=\"Bellunopress - Dolomiti\" \/>\n<meta property=\"article:publisher\" content=\"https:\/\/www.facebook.com\/profile.php?id=100008943462799\" \/>\n<meta property=\"article:published_time\" content=\"2020-10-06T19:05:49+00:00\" \/>\n<meta property=\"og:image\" content=\"https:\/\/www.bellunopress.it\/wp-content\/uploads\/2020\/10\/drive-in-ospedale-San-Martino_edited.jpg\" \/>\n\t<meta property=\"og:image:width\" content=\"800\" \/>\n\t<meta property=\"og:image:height\" content=\"452\" \/>\n\t<meta property=\"og:image:type\" content=\"image\/jpeg\" \/>\n<meta name=\"author\" content=\"redazione\" \/>\n<meta name=\"twitter:card\" content=\"summary_large_image\" \/>\n<meta name=\"twitter:creator\" content=\"@bellunopress\" \/>\n<meta name=\"twitter:site\" content=\"@bellunopress\" \/>\n<meta name=\"twitter:label1\" content=\"\u00c9crit par\" \/>\n\t<meta name=\"twitter:data1\" content=\"redazione\" \/>\n\t<meta name=\"twitter:label2\" content=\"Dur\u00e9e de lecture estim\u00e9e\" \/>\n\t<meta name=\"twitter:data2\" content=\"1 minute\" \/>\n<script type=\"application\/ld+json\" class=\"yoast-schema-graph\">{\"@context\":\"https:\\\/\\\/schema.org\",\"@graph\":[{\"@type\":\"Article\",\"@id\":\"https:\\\/\\\/www.bellunopress.it\\\/2020\\\/10\\\/06\\\/aggiornamento-ulss-1-dolomiti-drive-in-affollato-questa-sera-al-san-martino\\\/#article\",\"isPartOf\":{\"@id\":\"https:\\\/\\\/www.bellunopress.it\\\/2020\\\/10\\\/06\\\/aggiornamento-ulss-1-dolomiti-drive-in-affollato-questa-sera-al-san-martino\\\/\"},\"author\":{\"name\":\"redazione\",\"@id\":\"https:\\\/\\\/www.bellunopress.it\\\/#\\\/schema\\\/person\\\/79bb06722b37ece1c03d3e94beb30d73\"},\"headline\":\"Aggiornamento Ulss 1 Dolomiti. Drive-in affollato questa sera al San Martino\",\"datePublished\":\"2020-10-06T19:05:49+00:00\",\"mainEntityOfPage\":{\"@id\":\"https:\\\/\\\/www.bellunopress.it\\\/2020\\\/10\\\/06\\\/aggiornamento-ulss-1-dolomiti-drive-in-affollato-questa-sera-al-san-martino\\\/\"},\"wordCount\":220,\"publisher\":{\"@id\":\"https:\\\/\\\/www.bellunopress.it\\\/#organization\"},\"image\":{\"@id\":\"https:\\\/\\\/www.bellunopress.it\\\/2020\\\/10\\\/06\\\/aggiornamento-ulss-1-dolomiti-drive-in-affollato-questa-sera-al-san-martino\\\/#primaryimage\"},\"thumbnailUrl\":\"https:\\\/\\\/www.bellunopress.it\\\/wp-content\\\/uploads\\\/2020\\\/10\\\/drive-in-ospedale-San-Martino_edited.jpg\",\"articleSection\":[\"Prima Pagina\",\"Sanit\u00e0 Medicina\"],\"inLanguage\":\"fr-FR\"},{\"@type\":\"WebPage\",\"@id\":\"https:\\\/\\\/www.bellunopress.it\\\/2020\\\/10\\\/06\\\/aggiornamento-ulss-1-dolomiti-drive-in-affollato-questa-sera-al-san-martino\\\/\",\"url\":\"https:\\\/\\\/www.bellunopress.it\\\/2020\\\/10\\\/06\\\/aggiornamento-ulss-1-dolomiti-drive-in-affollato-questa-sera-al-san-martino\\\/\",\"name\":\"Aggiornamento Ulss 1 Dolomiti. Drive-in affollato questa sera al San Martino - Bellunopress - Dolomiti\",\"isPartOf\":{\"@id\":\"https:\\\/\\\/www.bellunopress.it\\\/#website\"},\"primaryImageOfPage\":{\"@id\":\"https:\\\/\\\/www.bellunopress.it\\\/2020\\\/10\\\/06\\\/aggiornamento-ulss-1-dolomiti-drive-in-affollato-questa-sera-al-san-martino\\\/#primaryimage\"},\"image\":{\"@id\":\"https:\\\/\\\/www.bellunopress.it\\\/2020\\\/10\\\/06\\\/aggiornamento-ulss-1-dolomiti-drive-in-affollato-questa-sera-al-san-martino\\\/#primaryimage\"},\"thumbnailUrl\":\"https:\\\/\\\/www.bellunopress.it\\\/wp-content\\\/uploads\\\/2020\\\/10\\\/drive-in-ospedale-San-Martino_edited.jpg\",\"datePublished\":\"2020-10-06T19:05:49+00:00\",\"breadcrumb\":{\"@id\":\"https:\\\/\\\/www.bellunopress.it\\\/2020\\\/10\\\/06\\\/aggiornamento-ulss-1-dolomiti-drive-in-affollato-questa-sera-al-san-martino\\\/#breadcrumb\"},\"inLanguage\":\"fr-FR\",\"potentialAction\":[{\"@type\":\"ReadAction\",\"target\":[\"https:\\\/\\\/www.bellunopress.it\\\/2020\\\/10\\\/06\\\/aggiornamento-ulss-1-dolomiti-drive-in-affollato-questa-sera-al-san-martino\\\/\"]}]},{\"@type\":\"ImageObject\",\"inLanguage\":\"fr-FR\",\"@id\":\"https:\\\/\\\/www.bellunopress.it\\\/2020\\\/10\\\/06\\\/aggiornamento-ulss-1-dolomiti-drive-in-affollato-questa-sera-al-san-martino\\\/#primaryimage\",\"url\":\"https:\\\/\\\/www.bellunopress.it\\\/wp-content\\\/uploads\\\/2020\\\/10\\\/drive-in-ospedale-San-Martino_edited.jpg\",\"contentUrl\":\"https:\\\/\\\/www.bellunopress.it\\\/wp-content\\\/uploads\\\/2020\\\/10\\\/drive-in-ospedale-San-Martino_edited.jpg\",\"width\":800,\"height\":452},{\"@type\":\"BreadcrumbList\",\"@id\":\"https:\\\/\\\/www.bellunopress.it\\\/2020\\\/10\\\/06\\\/aggiornamento-ulss-1-dolomiti-drive-in-affollato-questa-sera-al-san-martino\\\/#breadcrumb\",\"itemListElement\":[{\"@type\":\"ListItem\",\"position\":1,\"name\":\"Home\",\"item\":\"https:\\\/\\\/www.bellunopress.it\\\/\"},{\"@type\":\"ListItem\",\"position\":2,\"name\":\"Aggiornamento Ulss 1 Dolomiti. Drive-in affollato questa sera al San Martino\"}]},{\"@type\":\"WebSite\",\"@id\":\"https:\\\/\\\/www.bellunopress.it\\\/#website\",\"url\":\"https:\\\/\\\/www.bellunopress.it\\\/\",\"name\":\"Bellunopress - Dolomiti\",\"description\":\"e-mail: redazione@bellunopress.it\",\"publisher\":{\"@id\":\"https:\\\/\\\/www.bellunopress.it\\\/#organization\"},\"potentialAction\":[{\"@type\":\"SearchAction\",\"target\":{\"@type\":\"EntryPoint\",\"urlTemplate\":\"https:\\\/\\\/www.bellunopress.it\\\/?s={search_term_string}\"},\"query-input\":{\"@type\":\"PropertyValueSpecification\",\"valueRequired\":true,\"valueName\":\"search_term_string\"}}],\"inLanguage\":\"fr-FR\"},{\"@type\":\"Organization\",\"@id\":\"https:\\\/\\\/www.bellunopress.it\\\/#organization\",\"name\":\"Bellunopress\",\"url\":\"https:\\\/\\\/www.bellunopress.it\\\/\",\"logo\":{\"@type\":\"ImageObject\",\"inLanguage\":\"fr-FR\",\"@id\":\"https:\\\/\\\/www.bellunopress.it\\\/#\\\/schema\\\/logo\\\/image\\\/\",\"url\":\"https:\\\/\\\/www.bellunopress.it\\\/wp-content\\\/uploads\\\/2011\\\/05\\\/cropped-logo-bellunopress-.jpg\",\"contentUrl\":\"https:\\\/\\\/www.bellunopress.it\\\/wp-content\\\/uploads\\\/2011\\\/05\\\/cropped-logo-bellunopress-.jpg\",\"width\":512,\"height\":512,\"caption\":\"Bellunopress\"},\"image\":{\"@id\":\"https:\\\/\\\/www.bellunopress.it\\\/#\\\/schema\\\/logo\\\/image\\\/\"},\"sameAs\":[\"https:\\\/\\\/www.facebook.com\\\/profile.php?id=100008943462799\",\"https:\\\/\\\/x.com\\\/bellunopress\",\"https:\\\/\\\/www.linkedin.com\\\/hp\\\/?dnr=JBzUWaJfMUw8vbXJJ2tVW5-I3jZKvC4wsoxE&amp;amp;amp;amp;amp;amp;trk=nav_responsive_tab_home\",\"https:\\\/\\\/www.youtube.com\\\/channel\\\/UCxL0wu1uN0_3_7hGG0306cw\"]},{\"@type\":\"Person\",\"@id\":\"https:\\\/\\\/www.bellunopress.it\\\/#\\\/schema\\\/person\\\/79bb06722b37ece1c03d3e94beb30d73\",\"name\":\"redazione\",\"image\":{\"@type\":\"ImageObject\",\"inLanguage\":\"fr-FR\",\"@id\":\"https:\\\/\\\/secure.gravatar.com\\\/avatar\\\/37d968a2e67a6fd04c169c4bdef102d0bc5d31b2546345219e348575eb80e9a0?s=96&d=mm&r=g\",\"url\":\"https:\\\/\\\/secure.gravatar.com\\\/avatar\\\/37d968a2e67a6fd04c169c4bdef102d0bc5d31b2546345219e348575eb80e9a0?s=96&d=mm&r=g\",\"contentUrl\":\"https:\\\/\\\/secure.gravatar.com\\\/avatar\\\/37d968a2e67a6fd04c169c4bdef102d0bc5d31b2546345219e348575eb80e9a0?s=96&d=mm&r=g\",\"caption\":\"redazione\"},\"sameAs\":[\"http:\\\/\\\/www.bellunopress.it\",\"https:\\\/\\\/x.com\\\/bellunopress\"],\"url\":\"https:\\\/\\\/www.bellunopress.it\\\/fr\\\/author\\\/redazione\\\/\"}]}<\/script>\n<!-- \/ Yoast SEO plugin. -->","yoast_head_json":{"title":"Aggiornamento Ulss 1 Dolomiti. Drive-in affollato questa sera al San Martino - Bellunopress - Dolomiti","robots":{"index":"index","follow":"follow","max-snippet":"max-snippet:-1","max-image-preview":"max-image-preview:large","max-video-preview":"max-video-preview:-1"},"canonical":"https:\/\/www.bellunopress.it\/fr\/2020\/10\/06\/aggiornamento-ulss-1-dolomiti-drive-in-affollato-questa-sera-al-san-martino\/","og_locale":"fr_FR","og_type":"article","og_title":"Aggiornamento Ulss 1 Dolomiti. Drive-in affollato questa sera al San Martino - Bellunopress - Dolomiti","og_description":"C&#8217;era tutto l&#8217;Istituto Dolomieu di Longarone, professori e studenti, questa sera al drive-in dell&#8217;Ospedale San Martino di Belluno. Una lunga colonna di veicoli in attesa di effettuare il tampone, tempi di attesa due ore. &nbsp; Nelle ultime 24 ore sono emerse 20 nuove positivit\u00e0 di cui 10 riferite a Comuni del Cadore e 4 a [&hellip;]","og_url":"https:\/\/www.bellunopress.it\/fr\/2020\/10\/06\/aggiornamento-ulss-1-dolomiti-drive-in-affollato-questa-sera-al-san-martino\/","og_site_name":"Bellunopress - Dolomiti","article_publisher":"https:\/\/www.facebook.com\/profile.php?id=100008943462799","article_published_time":"2020-10-06T19:05:49+00:00","og_image":[{"width":800,"height":452,"url":"https:\/\/www.bellunopress.it\/wp-content\/uploads\/2020\/10\/drive-in-ospedale-San-Martino_edited.jpg","type":"image\/jpeg"}],"author":"redazione","twitter_card":"summary_large_image","twitter_creator":"@bellunopress","twitter_site":"@bellunopress","twitter_misc":{"\u00c9crit par":"redazione","Dur\u00e9e de lecture estim\u00e9e":"1 minute"},"schema":{"@context":"https:\/\/schema.org","@graph":[{"@type":"Article","@id":"https:\/\/www.bellunopress.it\/2020\/10\/06\/aggiornamento-ulss-1-dolomiti-drive-in-affollato-questa-sera-al-san-martino\/#article","isPartOf":{"@id":"https:\/\/www.bellunopress.it\/2020\/10\/06\/aggiornamento-ulss-1-dolomiti-drive-in-affollato-questa-sera-al-san-martino\/"},"author":{"name":"redazione","@id":"https:\/\/www.bellunopress.it\/#\/schema\/person\/79bb06722b37ece1c03d3e94beb30d73"},"headline":"Aggiornamento Ulss 1 Dolomiti. Drive-in affollato questa sera al San Martino","datePublished":"2020-10-06T19:05:49+00:00","mainEntityOfPage":{"@id":"https:\/\/www.bellunopress.it\/2020\/10\/06\/aggiornamento-ulss-1-dolomiti-drive-in-affollato-questa-sera-al-san-martino\/"},"wordCount":220,"publisher":{"@id":"https:\/\/www.bellunopress.it\/#organization"},"image":{"@id":"https:\/\/www.bellunopress.it\/2020\/10\/06\/aggiornamento-ulss-1-dolomiti-drive-in-affollato-questa-sera-al-san-martino\/#primaryimage"},"thumbnailUrl":"https:\/\/www.bellunopress.it\/wp-content\/uploads\/2020\/10\/drive-in-ospedale-San-Martino_edited.jpg","articleSection":["Prima Pagina","Sanit\u00e0 Medicina"],"inLanguage":"fr-FR"},{"@type":"WebPage","@id":"https:\/\/www.bellunopress.it\/2020\/10\/06\/aggiornamento-ulss-1-dolomiti-drive-in-affollato-questa-sera-al-san-martino\/","url":"https:\/\/www.bellunopress.it\/2020\/10\/06\/aggiornamento-ulss-1-dolomiti-drive-in-affollato-questa-sera-al-san-martino\/","name":"Aggiornamento Ulss 1 Dolomiti. Drive-in affollato questa sera al San Martino - Bellunopress - Dolomiti","isPartOf":{"@id":"https:\/\/www.bellunopress.it\/#website"},"primaryImageOfPage":{"@id":"https:\/\/www.bellunopress.it\/2020\/10\/06\/aggiornamento-ulss-1-dolomiti-drive-in-affollato-questa-sera-al-san-martino\/#primaryimage"},"image":{"@id":"https:\/\/www.bellunopress.it\/2020\/10\/06\/aggiornamento-ulss-1-dolomiti-drive-in-affollato-questa-sera-al-san-martino\/#primaryimage"},"thumbnailUrl":"https:\/\/www.bellunopress.it\/wp-content\/uploads\/2020\/10\/drive-in-ospedale-San-Martino_edited.jpg","datePublished":"2020-10-06T19:05:49+00:00","breadcrumb":{"@id":"https:\/\/www.bellunopress.it\/2020\/10\/06\/aggiornamento-ulss-1-dolomiti-drive-in-affollato-questa-sera-al-san-martino\/#breadcrumb"},"inLanguage":"fr-FR","potentialAction":[{"@type":"ReadAction","target":["https:\/\/www.bellunopress.it\/2020\/10\/06\/aggiornamento-ulss-1-dolomiti-drive-in-affollato-questa-sera-al-san-martino\/"]}]},{"@type":"ImageObject","inLanguage":"fr-FR","@id":"https:\/\/www.bellunopress.it\/2020\/10\/06\/aggiornamento-ulss-1-dolomiti-drive-in-affollato-questa-sera-al-san-martino\/#primaryimage","url":"https:\/\/www.bellunopress.it\/wp-content\/uploads\/2020\/10\/drive-in-ospedale-San-Martino_edited.jpg","contentUrl":"https:\/\/www.bellunopress.it\/wp-content\/uploads\/2020\/10\/drive-in-ospedale-San-Martino_edited.jpg","width":800,"height":452},{"@type":"BreadcrumbList","@id":"https:\/\/www.bellunopress.it\/2020\/10\/06\/aggiornamento-ulss-1-dolomiti-drive-in-affollato-questa-sera-al-san-martino\/#breadcrumb","itemListElement":[{"@type":"ListItem","position":1,"name":"Home","item":"https:\/\/www.bellunopress.it\/"},{"@type":"ListItem","position":2,"name":"Aggiornamento Ulss 1 Dolomiti. Drive-in affollato questa sera al San Martino"}]},{"@type":"WebSite","@id":"https:\/\/www.bellunopress.it\/#website","url":"https:\/\/www.bellunopress.it\/","name":"Bellunopress - Dolomiti","description":"e-mail: redazione@bellunopress.it","publisher":{"@id":"https:\/\/www.bellunopress.it\/#organization"},"potentialAction":[{"@type":"SearchAction","target":{"@type":"EntryPoint","urlTemplate":"https:\/\/www.bellunopress.it\/?s={search_term_string}"},"query-input":{"@type":"PropertyValueSpecification","valueRequired":true,"valueName":"search_term_string"}}],"inLanguage":"fr-FR"},{"@type":"Organization","@id":"https:\/\/www.bellunopress.it\/#organization","name":"Bellunopress","url":"https:\/\/www.bellunopress.it\/","logo":{"@type":"ImageObject","inLanguage":"fr-FR","@id":"https:\/\/www.bellunopress.it\/#\/schema\/logo\/image\/","url":"https:\/\/www.bellunopress.it\/wp-content\/uploads\/2011\/05\/cropped-logo-bellunopress-.jpg","contentUrl":"https:\/\/www.bellunopress.it\/wp-content\/uploads\/2011\/05\/cropped-logo-bellunopress-.jpg","width":512,"height":512,"caption":"Bellunopress"},"image":{"@id":"https:\/\/www.bellunopress.it\/#\/schema\/logo\/image\/"},"sameAs":["https:\/\/www.facebook.com\/profile.php?id=100008943462799","https:\/\/x.com\/bellunopress","https:\/\/www.linkedin.com\/hp\/?dnr=JBzUWaJfMUw8vbXJJ2tVW5-I3jZKvC4wsoxE&amp;amp;amp;amp;amp;amp;trk=nav_responsive_tab_home","https:\/\/www.youtube.com\/channel\/UCxL0wu1uN0_3_7hGG0306cw"]},{"@type":"Person","@id":"https:\/\/www.bellunopress.it\/#\/schema\/person\/79bb06722b37ece1c03d3e94beb30d73","name":"r\u00e9daction","image":{"@type":"ImageObject","inLanguage":"fr-FR","@id":"https:\/\/secure.gravatar.com\/avatar\/37d968a2e67a6fd04c169c4bdef102d0bc5d31b2546345219e348575eb80e9a0?s=96&d=mm&r=g","url":"https:\/\/secure.gravatar.com\/avatar\/37d968a2e67a6fd04c169c4bdef102d0bc5d31b2546345219e348575eb80e9a0?s=96&d=mm&r=g","contentUrl":"https:\/\/secure.gravatar.com\/avatar\/37d968a2e67a6fd04c169c4bdef102d0bc5d31b2546345219e348575eb80e9a0?s=96&d=mm&r=g","caption":"redazione"},"sameAs":["http:\/\/www.bellunopress.it","https:\/\/x.com\/bellunopress"],"url":"https:\/\/www.bellunopress.it\/fr\/author\/redazione\/"}]}},"_links":{"self":[{"href":"https:\/\/www.bellunopress.it\/fr\/wp-json\/wp\/v2\/posts\/118297","targetHints":{"allow":["GET"]}}],"collection":[{"href":"https:\/\/www.bellunopress.it\/fr\/wp-json\/wp\/v2\/posts"}],"about":[{"href":"https:\/\/www.bellunopress.it\/fr\/wp-json\/wp\/v2\/types\/post"}],"author":[{"embeddable":true,"href":"https:\/\/www.bellunopress.it\/fr\/wp-json\/wp\/v2\/users\/2"}],"replies":[{"embeddable":true,"href":"https:\/\/www.bellunopress.it\/fr\/wp-json\/wp\/v2\/comments?post=118297"}],"version-history":[{"count":2,"href":"https:\/\/www.bellunopress.it\/fr\/wp-json\/wp\/v2\/posts\/118297\/revisions"}],"predecessor-version":[{"id":118300,"href":"https:\/\/www.bellunopress.it\/fr\/wp-json\/wp\/v2\/posts\/118297\/revisions\/118300"}],"wp:featuredmedia":[{"embeddable":true,"href":"https:\/\/www.bellunopress.it\/fr\/wp-json\/wp\/v2\/media\/118298"}],"wp:attachment":[{"href":"https:\/\/www.bellunopress.it\/fr\/wp-json\/wp\/v2\/media?parent=118297"}],"wp:term":[{"taxonomy":"category","embeddable":true,"href":"https:\/\/www.bellunopress.it\/fr\/wp-json\/wp\/v2\/categories?post=118297"},{"taxonomy":"post_tag","embeddable":true,"href":"https:\/\/www.bellunopress.it\/fr\/wp-json\/wp\/v2\/tags?post=118297"}],"curies":[{"name":"wp","href":"https:\/\/api.w.org\/{rel}","templated":true}]}}