{"id":118201,"date":"2020-10-03T19:51:04","date_gmt":"2020-10-03T17:51:04","guid":{"rendered":"http:\/\/www.bellunopress.it\/?p=118201"},"modified":"2020-10-03T19:51:04","modified_gmt":"2020-10-03T17:51:04","slug":"ulss-belluno-dolomiti-situazione-stabile-nessuna-nuova-positivita-attivi-i-drive-in-di-belluno-feltre-caprile-tai","status":"publish","type":"post","link":"https:\/\/www.bellunopress.it\/fr\/2020\/10\/03\/ulss-belluno-dolomiti-situazione-stabile-nessuna-nuova-positivita-attivi-i-drive-in-di-belluno-feltre-caprile-tai\/","title":{"rendered":"Ulss Belluno Dolomiti. Situazione stabile, nessuna nuova positivit\u00e0. Attivi i drive-in di Belluno, Feltre, Caprile, Tai"},"content":{"rendered":"<p><a href=\"http:\/\/www.bellunopress.it\/fr\/2020\/03\/03\/al-san-martino-una-sala-travaglio-parto-idonea-allassistenza-per-le-donne-con-sospetto-o-diagnosi-di-infezione-da-covid-19\/ospedale-pronto-soccorso\/\" rel=\"attachment wp-att-112649\"><img loading=\"lazy\" decoding=\"async\" class=\"alignleft size-full wp-image-112649\" src=\"http:\/\/www.bellunopress.it\/wp-content\/uploads\/2020\/03\/ospedale-pronto-soccorso.jpg\" alt=\"\" width=\"900\" height=\"707\" srcset=\"https:\/\/www.bellunopress.it\/wp-content\/uploads\/2020\/03\/ospedale-pronto-soccorso.jpg 900w, https:\/\/www.bellunopress.it\/wp-content\/uploads\/2020\/03\/ospedale-pronto-soccorso-500x393.jpg 500w, https:\/\/www.bellunopress.it\/wp-content\/uploads\/2020\/03\/ospedale-pronto-soccorso-696x547.jpg 696w, https:\/\/www.bellunopress.it\/wp-content\/uploads\/2020\/03\/ospedale-pronto-soccorso-535x420.jpg 535w\" sizes=\"auto, (max-width: 900px) 100vw, 900px\" \/><\/a>Le ultime 24 ore di attivit\u00e0 laboratoristica non hanno messo in evidenza alcuna nuova positivit\u00e0 relativa al tampone standard in riferimento al focolaio del Comelico.<br \/>\nSono state tuttavia registrate cinque nuove positivit\u00e0 relative ad anziani ospiti di una casa di riposo di area Dolomitica, trasferiti per precauzione presso il reparto di Malattie Infettive del San Martino.<\/p>\n<p>Attualmente sono ricoverate in Malattie infettive 11 persone.<br \/>\nIn merito alla casa di riposo interessata da un focolaio interno sono stati eseguiti ieri tamponi di controllo agli ospiti e al personale, i risultati di tali tamponi determineranno eventuali ulteriori interventi di isolamento dei soggetti positivi.<br \/>\nNel pomeriggio odierno si \u00e8 svolta, inoltre, una sessione aggiuntiva di tamponi al drive-in di Tai di Cadore finalizzata ai numerosi controlli dei contatti dell\u2019ampia casisitica di positivi registrata ieri. L\u2019attivit\u00e0 proseguir\u00e0 domani per l\u2019intera giornata.<br \/>\nPur con orario ridotto per l\u2019allerta maltempo, i drive-in tampone di Belluno e di Feltre hanno eseguito questa mattina rispettivamente 87 e 73 tamponi.<\/p>\n<p>Il drive in di Belluno da luned\u00ec 5 ottobre operer\u00e0 nella nuova sede di via Meassa- Sagrogna (strada provinciale sinistra Piave tra Belluno- Col Cavalier e Ponte nelle Alpi) con accesso libero dalle 8.30 alle 12.30 tutti i giorni, al fine di alleggerire la viabilit\u00e0 interna ed esterna ospedaliera.<br \/>\nPromemoria attivit\u00e0 drive-in con accesso diretto per soggetti sintomatici frequentanti la scuola e rientri dall\u2019estero:<\/p>\n<p>\uf06c il drive in di Belluno &#8211; operativo tutti i giorni dalle 8.30 alle 12.30<br \/>\n\uf06c il drive in di Feltre &#8211; operativo tutti i giorni dalle 8.30 alle 12.30<br \/>\n\uf06c il drive-in di Caprile &#8211; operativo il luned\u00ec, mercoled\u00ec e venerd\u00ec dalle 17 alle 19<br \/>\n\uf06c il drive-in di Tai di Cadore &#8211; operativo il marted\u00ec, gioved\u00ec e sabato dalle 17 alle 19<\/p>\n<p>Aggiornamento 3 ottobre 2020 ore 16.00<\/p>","protected":false},"excerpt":{"rendered":"<p>Le ultime 24 ore di attivit\u00e0 laboratoristica non hanno messo in evidenza alcuna nuova positivit\u00e0 relativa al tampone standard in riferimento al focolaio del Comelico. Sono state tuttavia registrate cinque nuove positivit\u00e0 relative ad anziani ospiti di una casa di riposo di area Dolomitica, trasferiti per precauzione presso il reparto di Malattie Infettive del San [&hellip;]<\/p>\n","protected":false},"author":2,"featured_media":112649,"comment_status":"closed","ping_status":"open","sticky":false,"template":"","format":"standard","meta":{"footnotes":""},"categories":[17],"tags":[],"class_list":["post-118201","post","type-post","status-publish","format-standard","has-post-thumbnail","category-sanita"],"yoast_head":"<!-- This site is optimized with the Yoast SEO plugin v28.4 - https:\/\/yoast.com\/product\/yoast-seo-wordpress\/ -->\n<title>Ulss Belluno Dolomiti. Situazione stabile, nessuna nuova positivit\u00e0. Attivi i drive-in di Belluno, Feltre, Caprile, Tai - Bellunopress - Dolomiti<\/title>\n<meta name=\"robots\" content=\"index, follow, max-snippet:-1, max-image-preview:large, max-video-preview:-1\" \/>\n<link rel=\"canonical\" href=\"https:\/\/www.bellunopress.it\/fr\/2020\/10\/03\/ulss-belluno-dolomiti-situazione-stabile-nessuna-nuova-positivita-attivi-i-drive-in-di-belluno-feltre-caprile-tai\/\" \/>\n<meta property=\"og:locale\" content=\"fr_FR\" \/>\n<meta property=\"og:type\" content=\"article\" \/>\n<meta property=\"og:title\" content=\"Ulss Belluno Dolomiti. Situazione stabile, nessuna nuova positivit\u00e0. Attivi i drive-in di Belluno, Feltre, Caprile, Tai - Bellunopress - Dolomiti\" \/>\n<meta property=\"og:description\" content=\"Le ultime 24 ore di attivit\u00e0 laboratoristica non hanno messo in evidenza alcuna nuova positivit\u00e0 relativa al tampone standard in riferimento al focolaio del Comelico. Sono state tuttavia registrate cinque nuove positivit\u00e0 relative ad anziani ospiti di una casa di riposo di area Dolomitica, trasferiti per precauzione presso il reparto di Malattie Infettive del San [&hellip;]\" \/>\n<meta property=\"og:url\" content=\"https:\/\/www.bellunopress.it\/fr\/2020\/10\/03\/ulss-belluno-dolomiti-situazione-stabile-nessuna-nuova-positivita-attivi-i-drive-in-di-belluno-feltre-caprile-tai\/\" \/>\n<meta property=\"og:site_name\" content=\"Bellunopress - Dolomiti\" \/>\n<meta property=\"article:publisher\" content=\"https:\/\/www.facebook.com\/profile.php?id=100008943462799\" \/>\n<meta property=\"article:published_time\" content=\"2020-10-03T17:51:04+00:00\" \/>\n<meta property=\"og:image\" content=\"https:\/\/www.bellunopress.it\/wp-content\/uploads\/2020\/03\/ospedale-pronto-soccorso.jpg\" \/>\n\t<meta property=\"og:image:width\" content=\"900\" \/>\n\t<meta property=\"og:image:height\" content=\"707\" \/>\n\t<meta property=\"og:image:type\" content=\"image\/jpeg\" \/>\n<meta name=\"author\" content=\"redazione\" \/>\n<meta name=\"twitter:card\" content=\"summary_large_image\" \/>\n<meta name=\"twitter:creator\" content=\"@bellunopress\" \/>\n<meta name=\"twitter:site\" content=\"@bellunopress\" \/>\n<meta name=\"twitter:label1\" content=\"\u00c9crit par\" \/>\n\t<meta name=\"twitter:data1\" content=\"redazione\" \/>\n\t<meta name=\"twitter:label2\" content=\"Dur\u00e9e de lecture estim\u00e9e\" \/>\n\t<meta name=\"twitter:data2\" content=\"1 minute\" \/>\n<script type=\"application\/ld+json\" class=\"yoast-schema-graph\">{\"@context\":\"https:\\\/\\\/schema.org\",\"@graph\":[{\"@type\":\"Article\",\"@id\":\"https:\\\/\\\/www.bellunopress.it\\\/2020\\\/10\\\/03\\\/ulss-belluno-dolomiti-situazione-stabile-nessuna-nuova-positivita-attivi-i-drive-in-di-belluno-feltre-caprile-tai\\\/#article\",\"isPartOf\":{\"@id\":\"https:\\\/\\\/www.bellunopress.it\\\/2020\\\/10\\\/03\\\/ulss-belluno-dolomiti-situazione-stabile-nessuna-nuova-positivita-attivi-i-drive-in-di-belluno-feltre-caprile-tai\\\/\"},\"author\":{\"name\":\"redazione\",\"@id\":\"https:\\\/\\\/www.bellunopress.it\\\/#\\\/schema\\\/person\\\/79bb06722b37ece1c03d3e94beb30d73\"},\"headline\":\"Ulss Belluno Dolomiti. Situazione stabile, nessuna nuova positivit\u00e0. Attivi i drive-in di Belluno, Feltre, Caprile, Tai\",\"datePublished\":\"2020-10-03T17:51:04+00:00\",\"mainEntityOfPage\":{\"@id\":\"https:\\\/\\\/www.bellunopress.it\\\/2020\\\/10\\\/03\\\/ulss-belluno-dolomiti-situazione-stabile-nessuna-nuova-positivita-attivi-i-drive-in-di-belluno-feltre-caprile-tai\\\/\"},\"wordCount\":293,\"publisher\":{\"@id\":\"https:\\\/\\\/www.bellunopress.it\\\/#organization\"},\"image\":{\"@id\":\"https:\\\/\\\/www.bellunopress.it\\\/2020\\\/10\\\/03\\\/ulss-belluno-dolomiti-situazione-stabile-nessuna-nuova-positivita-attivi-i-drive-in-di-belluno-feltre-caprile-tai\\\/#primaryimage\"},\"thumbnailUrl\":\"https:\\\/\\\/www.bellunopress.it\\\/wp-content\\\/uploads\\\/2020\\\/03\\\/ospedale-pronto-soccorso.jpg\",\"articleSection\":[\"Sanit\u00e0 Medicina\"],\"inLanguage\":\"fr-FR\"},{\"@type\":\"WebPage\",\"@id\":\"https:\\\/\\\/www.bellunopress.it\\\/2020\\\/10\\\/03\\\/ulss-belluno-dolomiti-situazione-stabile-nessuna-nuova-positivita-attivi-i-drive-in-di-belluno-feltre-caprile-tai\\\/\",\"url\":\"https:\\\/\\\/www.bellunopress.it\\\/2020\\\/10\\\/03\\\/ulss-belluno-dolomiti-situazione-stabile-nessuna-nuova-positivita-attivi-i-drive-in-di-belluno-feltre-caprile-tai\\\/\",\"name\":\"Ulss Belluno Dolomiti. Situazione stabile, nessuna nuova positivit\u00e0. Attivi i drive-in di Belluno, Feltre, Caprile, Tai - Bellunopress - Dolomiti\",\"isPartOf\":{\"@id\":\"https:\\\/\\\/www.bellunopress.it\\\/#website\"},\"primaryImageOfPage\":{\"@id\":\"https:\\\/\\\/www.bellunopress.it\\\/2020\\\/10\\\/03\\\/ulss-belluno-dolomiti-situazione-stabile-nessuna-nuova-positivita-attivi-i-drive-in-di-belluno-feltre-caprile-tai\\\/#primaryimage\"},\"image\":{\"@id\":\"https:\\\/\\\/www.bellunopress.it\\\/2020\\\/10\\\/03\\\/ulss-belluno-dolomiti-situazione-stabile-nessuna-nuova-positivita-attivi-i-drive-in-di-belluno-feltre-caprile-tai\\\/#primaryimage\"},\"thumbnailUrl\":\"https:\\\/\\\/www.bellunopress.it\\\/wp-content\\\/uploads\\\/2020\\\/03\\\/ospedale-pronto-soccorso.jpg\",\"datePublished\":\"2020-10-03T17:51:04+00:00\",\"breadcrumb\":{\"@id\":\"https:\\\/\\\/www.bellunopress.it\\\/2020\\\/10\\\/03\\\/ulss-belluno-dolomiti-situazione-stabile-nessuna-nuova-positivita-attivi-i-drive-in-di-belluno-feltre-caprile-tai\\\/#breadcrumb\"},\"inLanguage\":\"fr-FR\",\"potentialAction\":[{\"@type\":\"ReadAction\",\"target\":[\"https:\\\/\\\/www.bellunopress.it\\\/2020\\\/10\\\/03\\\/ulss-belluno-dolomiti-situazione-stabile-nessuna-nuova-positivita-attivi-i-drive-in-di-belluno-feltre-caprile-tai\\\/\"]}]},{\"@type\":\"ImageObject\",\"inLanguage\":\"fr-FR\",\"@id\":\"https:\\\/\\\/www.bellunopress.it\\\/2020\\\/10\\\/03\\\/ulss-belluno-dolomiti-situazione-stabile-nessuna-nuova-positivita-attivi-i-drive-in-di-belluno-feltre-caprile-tai\\\/#primaryimage\",\"url\":\"https:\\\/\\\/www.bellunopress.it\\\/wp-content\\\/uploads\\\/2020\\\/03\\\/ospedale-pronto-soccorso.jpg\",\"contentUrl\":\"https:\\\/\\\/www.bellunopress.it\\\/wp-content\\\/uploads\\\/2020\\\/03\\\/ospedale-pronto-soccorso.jpg\",\"width\":900,\"height\":707,\"caption\":\"Ospedale \\\"San Martino\\\" di Belluno\"},{\"@type\":\"BreadcrumbList\",\"@id\":\"https:\\\/\\\/www.bellunopress.it\\\/2020\\\/10\\\/03\\\/ulss-belluno-dolomiti-situazione-stabile-nessuna-nuova-positivita-attivi-i-drive-in-di-belluno-feltre-caprile-tai\\\/#breadcrumb\",\"itemListElement\":[{\"@type\":\"ListItem\",\"position\":1,\"name\":\"Home\",\"item\":\"https:\\\/\\\/www.bellunopress.it\\\/\"},{\"@type\":\"ListItem\",\"position\":2,\"name\":\"Ulss Belluno Dolomiti. Situazione stabile, nessuna nuova positivit\u00e0. Attivi i drive-in di Belluno, Feltre, Caprile, Tai\"}]},{\"@type\":\"WebSite\",\"@id\":\"https:\\\/\\\/www.bellunopress.it\\\/#website\",\"url\":\"https:\\\/\\\/www.bellunopress.it\\\/\",\"name\":\"Bellunopress - Dolomiti\",\"description\":\"e-mail: redazione@bellunopress.it\",\"publisher\":{\"@id\":\"https:\\\/\\\/www.bellunopress.it\\\/#organization\"},\"potentialAction\":[{\"@type\":\"SearchAction\",\"target\":{\"@type\":\"EntryPoint\",\"urlTemplate\":\"https:\\\/\\\/www.bellunopress.it\\\/?s={search_term_string}\"},\"query-input\":{\"@type\":\"PropertyValueSpecification\",\"valueRequired\":true,\"valueName\":\"search_term_string\"}}],\"inLanguage\":\"fr-FR\"},{\"@type\":\"Organization\",\"@id\":\"https:\\\/\\\/www.bellunopress.it\\\/#organization\",\"name\":\"Bellunopress\",\"url\":\"https:\\\/\\\/www.bellunopress.it\\\/\",\"logo\":{\"@type\":\"ImageObject\",\"inLanguage\":\"fr-FR\",\"@id\":\"https:\\\/\\\/www.bellunopress.it\\\/#\\\/schema\\\/logo\\\/image\\\/\",\"url\":\"https:\\\/\\\/www.bellunopress.it\\\/wp-content\\\/uploads\\\/2011\\\/05\\\/cropped-logo-bellunopress-.jpg\",\"contentUrl\":\"https:\\\/\\\/www.bellunopress.it\\\/wp-content\\\/uploads\\\/2011\\\/05\\\/cropped-logo-bellunopress-.jpg\",\"width\":512,\"height\":512,\"caption\":\"Bellunopress\"},\"image\":{\"@id\":\"https:\\\/\\\/www.bellunopress.it\\\/#\\\/schema\\\/logo\\\/image\\\/\"},\"sameAs\":[\"https:\\\/\\\/www.facebook.com\\\/profile.php?id=100008943462799\",\"https:\\\/\\\/x.com\\\/bellunopress\",\"https:\\\/\\\/www.linkedin.com\\\/hp\\\/?dnr=JBzUWaJfMUw8vbXJJ2tVW5-I3jZKvC4wsoxE&amp;amp;amp;amp;amp;amp;trk=nav_responsive_tab_home\",\"https:\\\/\\\/www.youtube.com\\\/channel\\\/UCxL0wu1uN0_3_7hGG0306cw\"]},{\"@type\":\"Person\",\"@id\":\"https:\\\/\\\/www.bellunopress.it\\\/#\\\/schema\\\/person\\\/79bb06722b37ece1c03d3e94beb30d73\",\"name\":\"redazione\",\"image\":{\"@type\":\"ImageObject\",\"inLanguage\":\"fr-FR\",\"@id\":\"https:\\\/\\\/secure.gravatar.com\\\/avatar\\\/37d968a2e67a6fd04c169c4bdef102d0bc5d31b2546345219e348575eb80e9a0?s=96&d=mm&r=g\",\"url\":\"https:\\\/\\\/secure.gravatar.com\\\/avatar\\\/37d968a2e67a6fd04c169c4bdef102d0bc5d31b2546345219e348575eb80e9a0?s=96&d=mm&r=g\",\"contentUrl\":\"https:\\\/\\\/secure.gravatar.com\\\/avatar\\\/37d968a2e67a6fd04c169c4bdef102d0bc5d31b2546345219e348575eb80e9a0?s=96&d=mm&r=g\",\"caption\":\"redazione\"},\"sameAs\":[\"http:\\\/\\\/www.bellunopress.it\",\"https:\\\/\\\/x.com\\\/bellunopress\"],\"url\":\"https:\\\/\\\/www.bellunopress.it\\\/fr\\\/author\\\/redazione\\\/\"}]}<\/script>\n<!-- \/ Yoast SEO plugin. -->","yoast_head_json":{"title":"Ulss Belluno Dolomiti. Situazione stabile, nessuna nuova positivit\u00e0. Attivi i drive-in di Belluno, Feltre, Caprile, Tai - Bellunopress - Dolomiti","robots":{"index":"index","follow":"follow","max-snippet":"max-snippet:-1","max-image-preview":"max-image-preview:large","max-video-preview":"max-video-preview:-1"},"canonical":"https:\/\/www.bellunopress.it\/fr\/2020\/10\/03\/ulss-belluno-dolomiti-situazione-stabile-nessuna-nuova-positivita-attivi-i-drive-in-di-belluno-feltre-caprile-tai\/","og_locale":"fr_FR","og_type":"article","og_title":"Ulss Belluno Dolomiti. Situazione stabile, nessuna nuova positivit\u00e0. Attivi i drive-in di Belluno, Feltre, Caprile, Tai - Bellunopress - Dolomiti","og_description":"Le ultime 24 ore di attivit\u00e0 laboratoristica non hanno messo in evidenza alcuna nuova positivit\u00e0 relativa al tampone standard in riferimento al focolaio del Comelico. Sono state tuttavia registrate cinque nuove positivit\u00e0 relative ad anziani ospiti di una casa di riposo di area Dolomitica, trasferiti per precauzione presso il reparto di Malattie Infettive del San [&hellip;]","og_url":"https:\/\/www.bellunopress.it\/fr\/2020\/10\/03\/ulss-belluno-dolomiti-situazione-stabile-nessuna-nuova-positivita-attivi-i-drive-in-di-belluno-feltre-caprile-tai\/","og_site_name":"Bellunopress - Dolomiti","article_publisher":"https:\/\/www.facebook.com\/profile.php?id=100008943462799","article_published_time":"2020-10-03T17:51:04+00:00","og_image":[{"width":900,"height":707,"url":"https:\/\/www.bellunopress.it\/wp-content\/uploads\/2020\/03\/ospedale-pronto-soccorso.jpg","type":"image\/jpeg"}],"author":"redazione","twitter_card":"summary_large_image","twitter_creator":"@bellunopress","twitter_site":"@bellunopress","twitter_misc":{"\u00c9crit par":"redazione","Dur\u00e9e de lecture estim\u00e9e":"1 minute"},"schema":{"@context":"https:\/\/schema.org","@graph":[{"@type":"Article","@id":"https:\/\/www.bellunopress.it\/2020\/10\/03\/ulss-belluno-dolomiti-situazione-stabile-nessuna-nuova-positivita-attivi-i-drive-in-di-belluno-feltre-caprile-tai\/#article","isPartOf":{"@id":"https:\/\/www.bellunopress.it\/2020\/10\/03\/ulss-belluno-dolomiti-situazione-stabile-nessuna-nuova-positivita-attivi-i-drive-in-di-belluno-feltre-caprile-tai\/"},"author":{"name":"redazione","@id":"https:\/\/www.bellunopress.it\/#\/schema\/person\/79bb06722b37ece1c03d3e94beb30d73"},"headline":"Ulss Belluno Dolomiti. Situazione stabile, nessuna nuova positivit\u00e0. Attivi i drive-in di Belluno, Feltre, Caprile, Tai","datePublished":"2020-10-03T17:51:04+00:00","mainEntityOfPage":{"@id":"https:\/\/www.bellunopress.it\/2020\/10\/03\/ulss-belluno-dolomiti-situazione-stabile-nessuna-nuova-positivita-attivi-i-drive-in-di-belluno-feltre-caprile-tai\/"},"wordCount":293,"publisher":{"@id":"https:\/\/www.bellunopress.it\/#organization"},"image":{"@id":"https:\/\/www.bellunopress.it\/2020\/10\/03\/ulss-belluno-dolomiti-situazione-stabile-nessuna-nuova-positivita-attivi-i-drive-in-di-belluno-feltre-caprile-tai\/#primaryimage"},"thumbnailUrl":"https:\/\/www.bellunopress.it\/wp-content\/uploads\/2020\/03\/ospedale-pronto-soccorso.jpg","articleSection":["Sanit\u00e0 Medicina"],"inLanguage":"fr-FR"},{"@type":"WebPage","@id":"https:\/\/www.bellunopress.it\/2020\/10\/03\/ulss-belluno-dolomiti-situazione-stabile-nessuna-nuova-positivita-attivi-i-drive-in-di-belluno-feltre-caprile-tai\/","url":"https:\/\/www.bellunopress.it\/2020\/10\/03\/ulss-belluno-dolomiti-situazione-stabile-nessuna-nuova-positivita-attivi-i-drive-in-di-belluno-feltre-caprile-tai\/","name":"Ulss Belluno Dolomiti. Situazione stabile, nessuna nuova positivit\u00e0. Attivi i drive-in di Belluno, Feltre, Caprile, Tai - Bellunopress - Dolomiti","isPartOf":{"@id":"https:\/\/www.bellunopress.it\/#website"},"primaryImageOfPage":{"@id":"https:\/\/www.bellunopress.it\/2020\/10\/03\/ulss-belluno-dolomiti-situazione-stabile-nessuna-nuova-positivita-attivi-i-drive-in-di-belluno-feltre-caprile-tai\/#primaryimage"},"image":{"@id":"https:\/\/www.bellunopress.it\/2020\/10\/03\/ulss-belluno-dolomiti-situazione-stabile-nessuna-nuova-positivita-attivi-i-drive-in-di-belluno-feltre-caprile-tai\/#primaryimage"},"thumbnailUrl":"https:\/\/www.bellunopress.it\/wp-content\/uploads\/2020\/03\/ospedale-pronto-soccorso.jpg","datePublished":"2020-10-03T17:51:04+00:00","breadcrumb":{"@id":"https:\/\/www.bellunopress.it\/2020\/10\/03\/ulss-belluno-dolomiti-situazione-stabile-nessuna-nuova-positivita-attivi-i-drive-in-di-belluno-feltre-caprile-tai\/#breadcrumb"},"inLanguage":"fr-FR","potentialAction":[{"@type":"ReadAction","target":["https:\/\/www.bellunopress.it\/2020\/10\/03\/ulss-belluno-dolomiti-situazione-stabile-nessuna-nuova-positivita-attivi-i-drive-in-di-belluno-feltre-caprile-tai\/"]}]},{"@type":"ImageObject","inLanguage":"fr-FR","@id":"https:\/\/www.bellunopress.it\/2020\/10\/03\/ulss-belluno-dolomiti-situazione-stabile-nessuna-nuova-positivita-attivi-i-drive-in-di-belluno-feltre-caprile-tai\/#primaryimage","url":"https:\/\/www.bellunopress.it\/wp-content\/uploads\/2020\/03\/ospedale-pronto-soccorso.jpg","contentUrl":"https:\/\/www.bellunopress.it\/wp-content\/uploads\/2020\/03\/ospedale-pronto-soccorso.jpg","width":900,"height":707,"caption":"Ospedale \"San Martino\" di Belluno"},{"@type":"BreadcrumbList","@id":"https:\/\/www.bellunopress.it\/2020\/10\/03\/ulss-belluno-dolomiti-situazione-stabile-nessuna-nuova-positivita-attivi-i-drive-in-di-belluno-feltre-caprile-tai\/#breadcrumb","itemListElement":[{"@type":"ListItem","position":1,"name":"Home","item":"https:\/\/www.bellunopress.it\/"},{"@type":"ListItem","position":2,"name":"Ulss Belluno Dolomiti. Situazione stabile, nessuna nuova positivit\u00e0. Attivi i drive-in di Belluno, Feltre, Caprile, Tai"}]},{"@type":"WebSite","@id":"https:\/\/www.bellunopress.it\/#website","url":"https:\/\/www.bellunopress.it\/","name":"Bellunopress - Dolomiti","description":"e-mail: redazione@bellunopress.it","publisher":{"@id":"https:\/\/www.bellunopress.it\/#organization"},"potentialAction":[{"@type":"SearchAction","target":{"@type":"EntryPoint","urlTemplate":"https:\/\/www.bellunopress.it\/?s={search_term_string}"},"query-input":{"@type":"PropertyValueSpecification","valueRequired":true,"valueName":"search_term_string"}}],"inLanguage":"fr-FR"},{"@type":"Organization","@id":"https:\/\/www.bellunopress.it\/#organization","name":"Bellunopress","url":"https:\/\/www.bellunopress.it\/","logo":{"@type":"ImageObject","inLanguage":"fr-FR","@id":"https:\/\/www.bellunopress.it\/#\/schema\/logo\/image\/","url":"https:\/\/www.bellunopress.it\/wp-content\/uploads\/2011\/05\/cropped-logo-bellunopress-.jpg","contentUrl":"https:\/\/www.bellunopress.it\/wp-content\/uploads\/2011\/05\/cropped-logo-bellunopress-.jpg","width":512,"height":512,"caption":"Bellunopress"},"image":{"@id":"https:\/\/www.bellunopress.it\/#\/schema\/logo\/image\/"},"sameAs":["https:\/\/www.facebook.com\/profile.php?id=100008943462799","https:\/\/x.com\/bellunopress","https:\/\/www.linkedin.com\/hp\/?dnr=JBzUWaJfMUw8vbXJJ2tVW5-I3jZKvC4wsoxE&amp;amp;amp;amp;amp;amp;trk=nav_responsive_tab_home","https:\/\/www.youtube.com\/channel\/UCxL0wu1uN0_3_7hGG0306cw"]},{"@type":"Person","@id":"https:\/\/www.bellunopress.it\/#\/schema\/person\/79bb06722b37ece1c03d3e94beb30d73","name":"r\u00e9daction","image":{"@type":"ImageObject","inLanguage":"fr-FR","@id":"https:\/\/secure.gravatar.com\/avatar\/37d968a2e67a6fd04c169c4bdef102d0bc5d31b2546345219e348575eb80e9a0?s=96&d=mm&r=g","url":"https:\/\/secure.gravatar.com\/avatar\/37d968a2e67a6fd04c169c4bdef102d0bc5d31b2546345219e348575eb80e9a0?s=96&d=mm&r=g","contentUrl":"https:\/\/secure.gravatar.com\/avatar\/37d968a2e67a6fd04c169c4bdef102d0bc5d31b2546345219e348575eb80e9a0?s=96&d=mm&r=g","caption":"redazione"},"sameAs":["http:\/\/www.bellunopress.it","https:\/\/x.com\/bellunopress"],"url":"https:\/\/www.bellunopress.it\/fr\/author\/redazione\/"}]}},"_links":{"self":[{"href":"https:\/\/www.bellunopress.it\/fr\/wp-json\/wp\/v2\/posts\/118201","targetHints":{"allow":["GET"]}}],"collection":[{"href":"https:\/\/www.bellunopress.it\/fr\/wp-json\/wp\/v2\/posts"}],"about":[{"href":"https:\/\/www.bellunopress.it\/fr\/wp-json\/wp\/v2\/types\/post"}],"author":[{"embeddable":true,"href":"https:\/\/www.bellunopress.it\/fr\/wp-json\/wp\/v2\/users\/2"}],"replies":[{"embeddable":true,"href":"https:\/\/www.bellunopress.it\/fr\/wp-json\/wp\/v2\/comments?post=118201"}],"version-history":[{"count":1,"href":"https:\/\/www.bellunopress.it\/fr\/wp-json\/wp\/v2\/posts\/118201\/revisions"}],"predecessor-version":[{"id":118202,"href":"https:\/\/www.bellunopress.it\/fr\/wp-json\/wp\/v2\/posts\/118201\/revisions\/118202"}],"wp:featuredmedia":[{"embeddable":true,"href":"https:\/\/www.bellunopress.it\/fr\/wp-json\/wp\/v2\/media\/112649"}],"wp:attachment":[{"href":"https:\/\/www.bellunopress.it\/fr\/wp-json\/wp\/v2\/media?parent=118201"}],"wp:term":[{"taxonomy":"category","embeddable":true,"href":"https:\/\/www.bellunopress.it\/fr\/wp-json\/wp\/v2\/categories?post=118201"},{"taxonomy":"post_tag","embeddable":true,"href":"https:\/\/www.bellunopress.it\/fr\/wp-json\/wp\/v2\/tags?post=118201"}],"curies":[{"name":"wp","href":"https:\/\/api.w.org\/{rel}","templated":true}]}}