{"id":118193,"date":"2020-10-03T17:18:41","date_gmt":"2020-10-03T15:18:41","guid":{"rendered":"http:\/\/www.bellunopress.it\/?p=118193"},"modified":"2020-10-03T17:20:30","modified_gmt":"2020-10-03T15:20:30","slug":"il-reportage-afghanistan-18-anni-dopo-di-giovanni-cipolotti","status":"publish","type":"post","link":"https:\/\/www.bellunopress.it\/fr\/2020\/10\/03\/il-reportage-afghanistan-18-anni-dopo-di-giovanni-cipolotti\/","title":{"rendered":"Il reportage. Afghanistan, 18 anni dopo\u2026\u00a0 * di Giovanni Cipolotti"},"content":{"rendered":"<figure id=\"attachment_118194\" aria-describedby=\"caption-attachment-118194\" style=\"width: 424px\" class=\"wp-caption alignleft\"><a href=\"http:\/\/www.bellunopress.it\/fr\/2020\/10\/03\/il-reportage-afghanistan-18-anni-dopo-di-giovanni-cipolotti\/giovanni-cipolotti_edited\/\" rel=\"attachment wp-att-118194\"><img loading=\"lazy\" decoding=\"async\" class=\"size-full wp-image-118194\" src=\"http:\/\/www.bellunopress.it\/wp-content\/uploads\/2020\/10\/giovanni-cipolotti_edited.jpg\" alt=\"\" width=\"424\" height=\"514\" srcset=\"https:\/\/www.bellunopress.it\/wp-content\/uploads\/2020\/10\/giovanni-cipolotti_edited.jpg 424w, https:\/\/www.bellunopress.it\/wp-content\/uploads\/2020\/10\/giovanni-cipolotti_edited-412x500.jpg 412w, https:\/\/www.bellunopress.it\/wp-content\/uploads\/2020\/10\/giovanni-cipolotti_edited-346x420.jpg 346w\" sizes=\"auto, (max-width: 424px) 100vw, 424px\" \/><\/a><figcaption id=\"caption-attachment-118194\" class=\"wp-caption-text\">Giovanni Cipolotti<\/figcaption><\/figure>\n<p><strong><em>Il dottor Giovanni Cipolotti, medico rianimatore, anestesista, gi\u00e0 responsabile del Suem 118 di Verona, Treviso e Belluno, da met\u00e0 settembre si trova a Kabul (Afganistan) come medico volontario per Emergency e vi rimarr\u00e0 fino a met\u00e0 dicembre. Era gi\u00e0 stato per una missione di 6 mesi 18 anni fa e ha deciso di ritornarvi.<\/em><\/strong><\/p>\n<p><strong><em> Lo abbiamo contattato per raccogliere la sua testimonianza.\u00a0\u00a0<\/em><\/strong><\/p>\n<p>&nbsp;<\/p>\n<p>&nbsp;<\/p>\n<p><a href=\"http:\/\/www.bellunopress.it\/fr\/2020\/10\/03\/il-reportage-afghanistan-18-anni-dopo-di-giovanni-cipolotti\/ospedale-emergency-kabul_edited\/\" rel=\"attachment wp-att-118195\"><img loading=\"lazy\" decoding=\"async\" class=\"alignleft size-full wp-image-118195\" src=\"http:\/\/www.bellunopress.it\/wp-content\/uploads\/2020\/10\/ospedale-emergency-kabul_edited.jpg\" alt=\"\" width=\"409\" height=\"459\" srcset=\"https:\/\/www.bellunopress.it\/wp-content\/uploads\/2020\/10\/ospedale-emergency-kabul_edited.jpg 409w, https:\/\/www.bellunopress.it\/wp-content\/uploads\/2020\/10\/ospedale-emergency-kabul_edited-374x420.jpg 374w\" sizes=\"auto, (max-width: 409px) 100vw, 409px\" \/><\/a>Sono tornato in Afghanistan 18 anni dopo la mia prima esperienza fatta con Emergency a Kabul, per una missione in uno dei tre ospedali, quello della capitale, che viene gestito dall\u2019ONG fondata da Gino Strada e Teresa Sarti nel 1994. Dopo una vita professionale spesa in uno dei sistemi sanitari del mondo occidentale, sono dell\u2019opinione che, per chi lo sente, possa profilarsi un periodo della propria vita da impiegare in una \u201crestituzione\u201d nei confronti di chi, meno fortunato di noi, non si pu\u00f2 avvalere di una sanit\u00e0 gratuita e di qualit\u00e0.<\/p>\n<p>L\u2019Afghanistan \u00e8 un paese devastato da decenni di guerra, che hanno cancellato il sistema sociale e sanitario del paese, oltre a lasciare il territorio disseminato di ordigni inesplosi, con quotidiani scontri fra forze armate e gruppi di talebani; l\u2019ospedale di Kabul accoglie esclusivamente le vittime civili di guerra, e la penosa verit\u00e0 \u00e8 che, nonostante le notizie che arrivano in Occidente sembrano suggerire l\u2019arrivo di una pace imminente, in realt\u00e0 il numero di ricoveri ed interventi per patologie di guerra \u00e8, dal 2017 ad oggi, in costante aumento.<\/p>\n<p><a href=\"http:\/\/www.bellunopress.it\/fr\/2020\/10\/03\/il-reportage-afghanistan-18-anni-dopo-di-giovanni-cipolotti\/ospedale-emergency-kabul-2_edited\/\" rel=\"attachment wp-att-118196\"><img loading=\"lazy\" decoding=\"async\" class=\"alignleft size-full wp-image-118196\" src=\"http:\/\/www.bellunopress.it\/wp-content\/uploads\/2020\/10\/ospedale-emergency-kabul-2_edited.jpg\" alt=\"\" width=\"640\" height=\"480\" srcset=\"https:\/\/www.bellunopress.it\/wp-content\/uploads\/2020\/10\/ospedale-emergency-kabul-2_edited.jpg 640w, https:\/\/www.bellunopress.it\/wp-content\/uploads\/2020\/10\/ospedale-emergency-kabul-2_edited-500x375.jpg 500w, https:\/\/www.bellunopress.it\/wp-content\/uploads\/2020\/10\/ospedale-emergency-kabul-2_edited-560x420.jpg 560w, https:\/\/www.bellunopress.it\/wp-content\/uploads\/2020\/10\/ospedale-emergency-kabul-2_edited-80x60.jpg 80w, https:\/\/www.bellunopress.it\/wp-content\/uploads\/2020\/10\/ospedale-emergency-kabul-2_edited-265x198.jpg 265w\" sizes=\"auto, (max-width: 640px) 100vw, 640px\" \/><\/a>L\u2019ospedale gestito da Emergency si trova al centro della capitale, e riceve pazienti che giungono dal territorio o dalla rete dei FAP (Posti di Primo Soccorso) che operano intorno a Kabul e nel territorio montuoso del Panshir (in questa zona sono presenti 30 FAP); in questa valle, che dista un paio d\u2019ore di macchina da Kabul, \u00e8 presente il primo ospedale costruito da Emergency, che attualmente tratta soprattutto casi pediatrici o ostetrico-ginecologici. Inoltre, nella capitale, Emergency gestisce 7 cliniche che svolgono la loro attivit\u00e0 fra orfanotrofi e prigioni.<\/p>\n<p>L\u2019ospedale di Kabul ha 118 posti letto (che a causa del Covid 19 sono stati ridotti a 75), ed \u00e8 strutturato in un Pronto Soccorso, tre sale operatorie costruite ed attrezzate con standards occidentali, una Terapia Intensiva ed una Subintensiva, i reparti di degenza ed i servizi necessari, quali fra l\u2018altro una TAC, una delle poche strutture del genere presenti nel paese.<\/p>\n<p><a href=\"http:\/\/www.bellunopress.it\/fr\/2020\/10\/03\/il-reportage-afghanistan-18-anni-dopo-di-giovanni-cipolotti\/ospedale-emergency-kabul-1_edited\/\" rel=\"attachment wp-att-118197\"><img loading=\"lazy\" decoding=\"async\" class=\"alignleft size-full wp-image-118197\" src=\"http:\/\/www.bellunopress.it\/wp-content\/uploads\/2020\/10\/ospedale-emergency-kabul-1_edited.jpg\" alt=\"\" width=\"394\" height=\"316\" \/><\/a>Emergency opera con l\u2019obiettivo di portare nei paesi in cui \u00e8 presente la migliore sanit\u00e0 possibile, in termini di qualit\u00e0 e sostenibilit\u00e0: i protocolli di cura sono simili a quelli che si applicano nei nostri ospedali, fatto che ha permesso, negli anni, tramite un accordo con il Governo Afghano, di istituire un corso di training per i medici specializzandi in emergenza e area critica, che vengono istruiti e valutati dal personale internazionale.<br \/>\nLa quasi totalit\u00e0 dei medici e degli infermieri che operano all\u2019interno delle strutture di Emergency, sia come sanitari che come addetti ai servizi, sono afghani: oltre che garantire un sostegno economico alla popolazione, questo fatto permette anche di pianificare, nel tempo, un graduale trasferimento della gestione dell\u2019ospedale stesso alle Autorit\u00e0 Locali.<\/p>\n<p>Come tutti gli ospedali, anche quello di Kabul accoglie feriti 24 ore su 24: ad ogni ora del giorno e della notte, la radio che avvisa dell\u2019arrivo di nuovi pazienti pu\u00f2 interrompere la cena o il riposo; eppure, quando si viene a lavorare in questi contesti, chiaramente motivati da una spinta interiore, quello che si incontra tra i colleghi che condividono la propria esperienza \u00e8 un livello di motivazione molto elevato, che permette i noti risultati che sono descritti nei report che Emergency pubblica periodicamente riguardo ai propri progetti.<\/p>\n<p>L\u2019ospedale di Kabul ha iniziato la sua attivit\u00e0 nel 2001, e da allora sono stati effettuati oltre 76.000 interventi chirurgici: \u00e8 centro di riferimento per le vittime di guerra della capitale e delle aree circostanti, nel 2019 ha ricoverato 3700 feriti, un terzo dei quali hanno meno di 18 anni; in relazione alla situazione del Paese, non si \u00e8 purtroppo assistito, in questi anni, ad una diminuzione del numero dei pazienti che afferiscono all\u2019ospedale, dovendo purtroppo evidenziare, invece, che le persone che vengono maggiormente colpite sono donne e bambini, quei soggetti deboli che vengono tecnicamente definiti, purtroppo, gli \u201ceffetti collaterali\u201d delle guerre moderne.<\/p>\n<p><strong>Giovanni Cipolotti\u00a0<\/strong><\/p>\n<p>Chi volesse conoscere ulteriori informazioni sui progetti di Emergency, o fare una donazione, pu\u00f2 visitare il sito:<br \/>\n<a href=\"http:\/\/www.emergency.it\">www.emergency.it<\/a><\/p>\n<p>&nbsp;<\/p>\n<p>&nbsp;<\/p>\n<p>&nbsp;<\/p>\n<p>&nbsp;<\/p>","protected":false},"excerpt":{"rendered":"<p>Il dottor Giovanni Cipolotti, medico rianimatore, anestesista, gi\u00e0 responsabile del Suem 118 di Verona, Treviso e Belluno, da met\u00e0 settembre si trova a Kabul (Afganistan) come medico volontario per Emergency e vi rimarr\u00e0 fino a met\u00e0 dicembre. Era gi\u00e0 stato per una missione di 6 mesi 18 anni fa e ha deciso di ritornarvi. Lo [&hellip;]<\/p>\n","protected":false},"author":2,"featured_media":118194,"comment_status":"closed","ping_status":"open","sticky":false,"template":"","format":"standard","meta":{"footnotes":""},"categories":[5,3446,49,26],"tags":[],"class_list":["post-118193","post","type-post","status-publish","format-standard","has-post-thumbnail","category-cronaca","category-featured","category-speciali","category-prima-pagina"],"yoast_head":"<!-- This site is optimized with the Yoast SEO plugin v28.4 - https:\/\/yoast.com\/product\/yoast-seo-wordpress\/ -->\n<title>Il reportage. Afghanistan, 18 anni dopo\u2026\u00a0 * di Giovanni Cipolotti - Bellunopress - Dolomiti<\/title>\n<meta name=\"robots\" content=\"index, follow, max-snippet:-1, max-image-preview:large, max-video-preview:-1\" \/>\n<link rel=\"canonical\" href=\"https:\/\/www.bellunopress.it\/fr\/2020\/10\/03\/il-reportage-afghanistan-18-anni-dopo-di-giovanni-cipolotti\/\" \/>\n<meta property=\"og:locale\" content=\"fr_FR\" \/>\n<meta property=\"og:type\" content=\"article\" \/>\n<meta property=\"og:title\" content=\"Il reportage. Afghanistan, 18 anni dopo\u2026\u00a0 * di Giovanni Cipolotti - Bellunopress - Dolomiti\" \/>\n<meta property=\"og:description\" content=\"Il dottor Giovanni Cipolotti, medico rianimatore, anestesista, gi\u00e0 responsabile del Suem 118 di Verona, Treviso e Belluno, da met\u00e0 settembre si trova a Kabul (Afganistan) come medico volontario per Emergency e vi rimarr\u00e0 fino a met\u00e0 dicembre. Era gi\u00e0 stato per una missione di 6 mesi 18 anni fa e ha deciso di ritornarvi. Lo [&hellip;]\" \/>\n<meta property=\"og:url\" content=\"https:\/\/www.bellunopress.it\/fr\/2020\/10\/03\/il-reportage-afghanistan-18-anni-dopo-di-giovanni-cipolotti\/\" \/>\n<meta property=\"og:site_name\" content=\"Bellunopress - Dolomiti\" \/>\n<meta property=\"article:publisher\" content=\"https:\/\/www.facebook.com\/profile.php?id=100008943462799\" \/>\n<meta property=\"article:published_time\" content=\"2020-10-03T15:18:41+00:00\" \/>\n<meta property=\"article:modified_time\" content=\"2020-10-03T15:20:30+00:00\" \/>\n<meta property=\"og:image\" content=\"https:\/\/www.bellunopress.it\/wp-content\/uploads\/2020\/10\/giovanni-cipolotti_edited.jpg\" \/>\n\t<meta property=\"og:image:width\" content=\"424\" \/>\n\t<meta property=\"og:image:height\" content=\"514\" \/>\n\t<meta property=\"og:image:type\" content=\"image\/jpeg\" \/>\n<meta name=\"author\" content=\"redazione\" \/>\n<meta name=\"twitter:card\" content=\"summary_large_image\" \/>\n<meta name=\"twitter:creator\" content=\"@bellunopress\" \/>\n<meta name=\"twitter:site\" content=\"@bellunopress\" \/>\n<meta name=\"twitter:label1\" content=\"Written by\" \/>\n\t<meta name=\"twitter:data1\" content=\"redazione\" \/>\n\t<meta name=\"twitter:label2\" content=\"Est. reading time\" \/>\n\t<meta name=\"twitter:data2\" content=\"4 minutes\" \/>\n<script type=\"application\/ld+json\" class=\"yoast-schema-graph\">{\"@context\":\"https:\\\/\\\/schema.org\",\"@graph\":[{\"@type\":\"Article\",\"@id\":\"https:\\\/\\\/www.bellunopress.it\\\/2020\\\/10\\\/03\\\/il-reportage-afghanistan-18-anni-dopo-di-giovanni-cipolotti\\\/#article\",\"isPartOf\":{\"@id\":\"https:\\\/\\\/www.bellunopress.it\\\/2020\\\/10\\\/03\\\/il-reportage-afghanistan-18-anni-dopo-di-giovanni-cipolotti\\\/\"},\"author\":{\"name\":\"redazione\",\"@id\":\"https:\\\/\\\/www.bellunopress.it\\\/#\\\/schema\\\/person\\\/79bb06722b37ece1c03d3e94beb30d73\"},\"headline\":\"Il reportage. Afghanistan, 18 anni dopo\u2026\u00a0 * di Giovanni Cipolotti\",\"datePublished\":\"2020-10-03T15:18:41+00:00\",\"dateModified\":\"2020-10-03T15:20:30+00:00\",\"mainEntityOfPage\":{\"@id\":\"https:\\\/\\\/www.bellunopress.it\\\/2020\\\/10\\\/03\\\/il-reportage-afghanistan-18-anni-dopo-di-giovanni-cipolotti\\\/\"},\"wordCount\":739,\"publisher\":{\"@id\":\"https:\\\/\\\/www.bellunopress.it\\\/#organization\"},\"image\":{\"@id\":\"https:\\\/\\\/www.bellunopress.it\\\/2020\\\/10\\\/03\\\/il-reportage-afghanistan-18-anni-dopo-di-giovanni-cipolotti\\\/#primaryimage\"},\"thumbnailUrl\":\"https:\\\/\\\/www.bellunopress.it\\\/wp-content\\\/uploads\\\/2020\\\/10\\\/giovanni-cipolotti_edited.jpg\",\"articleSection\":[\"Cronaca\\\/Politica\",\"Featured\",\"Gli speciali di Bellunopress\",\"Prima Pagina\"],\"inLanguage\":\"fr-FR\"},{\"@type\":\"WebPage\",\"@id\":\"https:\\\/\\\/www.bellunopress.it\\\/2020\\\/10\\\/03\\\/il-reportage-afghanistan-18-anni-dopo-di-giovanni-cipolotti\\\/\",\"url\":\"https:\\\/\\\/www.bellunopress.it\\\/2020\\\/10\\\/03\\\/il-reportage-afghanistan-18-anni-dopo-di-giovanni-cipolotti\\\/\",\"name\":\"Il reportage. Afghanistan, 18 anni dopo\u2026\u00a0 * di Giovanni Cipolotti - Bellunopress - Dolomiti\",\"isPartOf\":{\"@id\":\"https:\\\/\\\/www.bellunopress.it\\\/#website\"},\"primaryImageOfPage\":{\"@id\":\"https:\\\/\\\/www.bellunopress.it\\\/2020\\\/10\\\/03\\\/il-reportage-afghanistan-18-anni-dopo-di-giovanni-cipolotti\\\/#primaryimage\"},\"image\":{\"@id\":\"https:\\\/\\\/www.bellunopress.it\\\/2020\\\/10\\\/03\\\/il-reportage-afghanistan-18-anni-dopo-di-giovanni-cipolotti\\\/#primaryimage\"},\"thumbnailUrl\":\"https:\\\/\\\/www.bellunopress.it\\\/wp-content\\\/uploads\\\/2020\\\/10\\\/giovanni-cipolotti_edited.jpg\",\"datePublished\":\"2020-10-03T15:18:41+00:00\",\"dateModified\":\"2020-10-03T15:20:30+00:00\",\"breadcrumb\":{\"@id\":\"https:\\\/\\\/www.bellunopress.it\\\/2020\\\/10\\\/03\\\/il-reportage-afghanistan-18-anni-dopo-di-giovanni-cipolotti\\\/#breadcrumb\"},\"inLanguage\":\"fr-FR\",\"potentialAction\":[{\"@type\":\"ReadAction\",\"target\":[\"https:\\\/\\\/www.bellunopress.it\\\/2020\\\/10\\\/03\\\/il-reportage-afghanistan-18-anni-dopo-di-giovanni-cipolotti\\\/\"]}]},{\"@type\":\"ImageObject\",\"inLanguage\":\"fr-FR\",\"@id\":\"https:\\\/\\\/www.bellunopress.it\\\/2020\\\/10\\\/03\\\/il-reportage-afghanistan-18-anni-dopo-di-giovanni-cipolotti\\\/#primaryimage\",\"url\":\"https:\\\/\\\/www.bellunopress.it\\\/wp-content\\\/uploads\\\/2020\\\/10\\\/giovanni-cipolotti_edited.jpg\",\"contentUrl\":\"https:\\\/\\\/www.bellunopress.it\\\/wp-content\\\/uploads\\\/2020\\\/10\\\/giovanni-cipolotti_edited.jpg\",\"width\":424,\"height\":514,\"caption\":\"Giovanni Cipolotti\"},{\"@type\":\"BreadcrumbList\",\"@id\":\"https:\\\/\\\/www.bellunopress.it\\\/2020\\\/10\\\/03\\\/il-reportage-afghanistan-18-anni-dopo-di-giovanni-cipolotti\\\/#breadcrumb\",\"itemListElement\":[{\"@type\":\"ListItem\",\"position\":1,\"name\":\"Home\",\"item\":\"https:\\\/\\\/www.bellunopress.it\\\/\"},{\"@type\":\"ListItem\",\"position\":2,\"name\":\"Il reportage. Afghanistan, 18 anni dopo\u2026\u00a0 * di Giovanni Cipolotti\"}]},{\"@type\":\"WebSite\",\"@id\":\"https:\\\/\\\/www.bellunopress.it\\\/#website\",\"url\":\"https:\\\/\\\/www.bellunopress.it\\\/\",\"name\":\"Bellunopress - Dolomiti\",\"description\":\"e-mail: redazione@bellunopress.it\",\"publisher\":{\"@id\":\"https:\\\/\\\/www.bellunopress.it\\\/#organization\"},\"potentialAction\":[{\"@type\":\"SearchAction\",\"target\":{\"@type\":\"EntryPoint\",\"urlTemplate\":\"https:\\\/\\\/www.bellunopress.it\\\/?s={search_term_string}\"},\"query-input\":{\"@type\":\"PropertyValueSpecification\",\"valueRequired\":true,\"valueName\":\"search_term_string\"}}],\"inLanguage\":\"fr-FR\"},{\"@type\":\"Organization\",\"@id\":\"https:\\\/\\\/www.bellunopress.it\\\/#organization\",\"name\":\"Bellunopress\",\"url\":\"https:\\\/\\\/www.bellunopress.it\\\/\",\"logo\":{\"@type\":\"ImageObject\",\"inLanguage\":\"fr-FR\",\"@id\":\"https:\\\/\\\/www.bellunopress.it\\\/#\\\/schema\\\/logo\\\/image\\\/\",\"url\":\"https:\\\/\\\/www.bellunopress.it\\\/wp-content\\\/uploads\\\/2011\\\/05\\\/cropped-logo-bellunopress-.jpg\",\"contentUrl\":\"https:\\\/\\\/www.bellunopress.it\\\/wp-content\\\/uploads\\\/2011\\\/05\\\/cropped-logo-bellunopress-.jpg\",\"width\":512,\"height\":512,\"caption\":\"Bellunopress\"},\"image\":{\"@id\":\"https:\\\/\\\/www.bellunopress.it\\\/#\\\/schema\\\/logo\\\/image\\\/\"},\"sameAs\":[\"https:\\\/\\\/www.facebook.com\\\/profile.php?id=100008943462799\",\"https:\\\/\\\/x.com\\\/bellunopress\",\"https:\\\/\\\/www.linkedin.com\\\/hp\\\/?dnr=JBzUWaJfMUw8vbXJJ2tVW5-I3jZKvC4wsoxE&amp;amp;amp;amp;amp;amp;trk=nav_responsive_tab_home\",\"https:\\\/\\\/www.youtube.com\\\/channel\\\/UCxL0wu1uN0_3_7hGG0306cw\"]},{\"@type\":\"Person\",\"@id\":\"https:\\\/\\\/www.bellunopress.it\\\/#\\\/schema\\\/person\\\/79bb06722b37ece1c03d3e94beb30d73\",\"name\":\"redazione\",\"image\":{\"@type\":\"ImageObject\",\"inLanguage\":\"fr-FR\",\"@id\":\"https:\\\/\\\/secure.gravatar.com\\\/avatar\\\/37d968a2e67a6fd04c169c4bdef102d0bc5d31b2546345219e348575eb80e9a0?s=96&d=mm&r=g\",\"url\":\"https:\\\/\\\/secure.gravatar.com\\\/avatar\\\/37d968a2e67a6fd04c169c4bdef102d0bc5d31b2546345219e348575eb80e9a0?s=96&d=mm&r=g\",\"contentUrl\":\"https:\\\/\\\/secure.gravatar.com\\\/avatar\\\/37d968a2e67a6fd04c169c4bdef102d0bc5d31b2546345219e348575eb80e9a0?s=96&d=mm&r=g\",\"caption\":\"redazione\"},\"sameAs\":[\"http:\\\/\\\/www.bellunopress.it\",\"https:\\\/\\\/x.com\\\/bellunopress\"],\"url\":\"https:\\\/\\\/www.bellunopress.it\\\/fr\\\/author\\\/redazione\\\/\"}]}<\/script>\n<!-- \/ Yoast SEO plugin. -->","yoast_head_json":{"title":"Il reportage. Afghanistan, 18 anni dopo\u2026\u00a0 * di Giovanni Cipolotti - Bellunopress - Dolomiti","robots":{"index":"index","follow":"follow","max-snippet":"max-snippet:-1","max-image-preview":"max-image-preview:large","max-video-preview":"max-video-preview:-1"},"canonical":"https:\/\/www.bellunopress.it\/fr\/2020\/10\/03\/il-reportage-afghanistan-18-anni-dopo-di-giovanni-cipolotti\/","og_locale":"fr_FR","og_type":"article","og_title":"Il reportage. Afghanistan, 18 anni dopo\u2026\u00a0 * di Giovanni Cipolotti - Bellunopress - Dolomiti","og_description":"Il dottor Giovanni Cipolotti, medico rianimatore, anestesista, gi\u00e0 responsabile del Suem 118 di Verona, Treviso e Belluno, da met\u00e0 settembre si trova a Kabul (Afganistan) come medico volontario per Emergency e vi rimarr\u00e0 fino a met\u00e0 dicembre. Era gi\u00e0 stato per una missione di 6 mesi 18 anni fa e ha deciso di ritornarvi. Lo [&hellip;]","og_url":"https:\/\/www.bellunopress.it\/fr\/2020\/10\/03\/il-reportage-afghanistan-18-anni-dopo-di-giovanni-cipolotti\/","og_site_name":"Bellunopress - Dolomiti","article_publisher":"https:\/\/www.facebook.com\/profile.php?id=100008943462799","article_published_time":"2020-10-03T15:18:41+00:00","article_modified_time":"2020-10-03T15:20:30+00:00","og_image":[{"width":424,"height":514,"url":"https:\/\/www.bellunopress.it\/wp-content\/uploads\/2020\/10\/giovanni-cipolotti_edited.jpg","type":"image\/jpeg"}],"author":"redazione","twitter_card":"summary_large_image","twitter_creator":"@bellunopress","twitter_site":"@bellunopress","twitter_misc":{"Written by":"redazione","Est. reading time":"4 minutes"},"schema":{"@context":"https:\/\/schema.org","@graph":[{"@type":"Article","@id":"https:\/\/www.bellunopress.it\/2020\/10\/03\/il-reportage-afghanistan-18-anni-dopo-di-giovanni-cipolotti\/#article","isPartOf":{"@id":"https:\/\/www.bellunopress.it\/2020\/10\/03\/il-reportage-afghanistan-18-anni-dopo-di-giovanni-cipolotti\/"},"author":{"name":"redazione","@id":"https:\/\/www.bellunopress.it\/#\/schema\/person\/79bb06722b37ece1c03d3e94beb30d73"},"headline":"Il reportage. Afghanistan, 18 anni dopo\u2026\u00a0 * di Giovanni Cipolotti","datePublished":"2020-10-03T15:18:41+00:00","dateModified":"2020-10-03T15:20:30+00:00","mainEntityOfPage":{"@id":"https:\/\/www.bellunopress.it\/2020\/10\/03\/il-reportage-afghanistan-18-anni-dopo-di-giovanni-cipolotti\/"},"wordCount":739,"publisher":{"@id":"https:\/\/www.bellunopress.it\/#organization"},"image":{"@id":"https:\/\/www.bellunopress.it\/2020\/10\/03\/il-reportage-afghanistan-18-anni-dopo-di-giovanni-cipolotti\/#primaryimage"},"thumbnailUrl":"https:\/\/www.bellunopress.it\/wp-content\/uploads\/2020\/10\/giovanni-cipolotti_edited.jpg","articleSection":["Cronaca\/Politica","Featured","Gli speciali di Bellunopress","Prima Pagina"],"inLanguage":"fr-FR"},{"@type":"WebPage","@id":"https:\/\/www.bellunopress.it\/2020\/10\/03\/il-reportage-afghanistan-18-anni-dopo-di-giovanni-cipolotti\/","url":"https:\/\/www.bellunopress.it\/2020\/10\/03\/il-reportage-afghanistan-18-anni-dopo-di-giovanni-cipolotti\/","name":"Il reportage. Afghanistan, 18 anni dopo\u2026\u00a0 * di Giovanni Cipolotti - Bellunopress - Dolomiti","isPartOf":{"@id":"https:\/\/www.bellunopress.it\/#website"},"primaryImageOfPage":{"@id":"https:\/\/www.bellunopress.it\/2020\/10\/03\/il-reportage-afghanistan-18-anni-dopo-di-giovanni-cipolotti\/#primaryimage"},"image":{"@id":"https:\/\/www.bellunopress.it\/2020\/10\/03\/il-reportage-afghanistan-18-anni-dopo-di-giovanni-cipolotti\/#primaryimage"},"thumbnailUrl":"https:\/\/www.bellunopress.it\/wp-content\/uploads\/2020\/10\/giovanni-cipolotti_edited.jpg","datePublished":"2020-10-03T15:18:41+00:00","dateModified":"2020-10-03T15:20:30+00:00","breadcrumb":{"@id":"https:\/\/www.bellunopress.it\/2020\/10\/03\/il-reportage-afghanistan-18-anni-dopo-di-giovanni-cipolotti\/#breadcrumb"},"inLanguage":"fr-FR","potentialAction":[{"@type":"ReadAction","target":["https:\/\/www.bellunopress.it\/2020\/10\/03\/il-reportage-afghanistan-18-anni-dopo-di-giovanni-cipolotti\/"]}]},{"@type":"ImageObject","inLanguage":"fr-FR","@id":"https:\/\/www.bellunopress.it\/2020\/10\/03\/il-reportage-afghanistan-18-anni-dopo-di-giovanni-cipolotti\/#primaryimage","url":"https:\/\/www.bellunopress.it\/wp-content\/uploads\/2020\/10\/giovanni-cipolotti_edited.jpg","contentUrl":"https:\/\/www.bellunopress.it\/wp-content\/uploads\/2020\/10\/giovanni-cipolotti_edited.jpg","width":424,"height":514,"caption":"Giovanni Cipolotti"},{"@type":"BreadcrumbList","@id":"https:\/\/www.bellunopress.it\/2020\/10\/03\/il-reportage-afghanistan-18-anni-dopo-di-giovanni-cipolotti\/#breadcrumb","itemListElement":[{"@type":"ListItem","position":1,"name":"Home","item":"https:\/\/www.bellunopress.it\/"},{"@type":"ListItem","position":2,"name":"Il reportage. Afghanistan, 18 anni dopo\u2026\u00a0 * di Giovanni Cipolotti"}]},{"@type":"WebSite","@id":"https:\/\/www.bellunopress.it\/#website","url":"https:\/\/www.bellunopress.it\/","name":"Bellunopress - Dolomiti","description":"e-mail: redazione@bellunopress.it","publisher":{"@id":"https:\/\/www.bellunopress.it\/#organization"},"potentialAction":[{"@type":"SearchAction","target":{"@type":"EntryPoint","urlTemplate":"https:\/\/www.bellunopress.it\/?s={search_term_string}"},"query-input":{"@type":"PropertyValueSpecification","valueRequired":true,"valueName":"search_term_string"}}],"inLanguage":"fr-FR"},{"@type":"Organization","@id":"https:\/\/www.bellunopress.it\/#organization","name":"Bellunopress","url":"https:\/\/www.bellunopress.it\/","logo":{"@type":"ImageObject","inLanguage":"fr-FR","@id":"https:\/\/www.bellunopress.it\/#\/schema\/logo\/image\/","url":"https:\/\/www.bellunopress.it\/wp-content\/uploads\/2011\/05\/cropped-logo-bellunopress-.jpg","contentUrl":"https:\/\/www.bellunopress.it\/wp-content\/uploads\/2011\/05\/cropped-logo-bellunopress-.jpg","width":512,"height":512,"caption":"Bellunopress"},"image":{"@id":"https:\/\/www.bellunopress.it\/#\/schema\/logo\/image\/"},"sameAs":["https:\/\/www.facebook.com\/profile.php?id=100008943462799","https:\/\/x.com\/bellunopress","https:\/\/www.linkedin.com\/hp\/?dnr=JBzUWaJfMUw8vbXJJ2tVW5-I3jZKvC4wsoxE&amp;amp;amp;amp;amp;amp;trk=nav_responsive_tab_home","https:\/\/www.youtube.com\/channel\/UCxL0wu1uN0_3_7hGG0306cw"]},{"@type":"Person","@id":"https:\/\/www.bellunopress.it\/#\/schema\/person\/79bb06722b37ece1c03d3e94beb30d73","name":"r\u00e9daction","image":{"@type":"ImageObject","inLanguage":"fr-FR","@id":"https:\/\/secure.gravatar.com\/avatar\/37d968a2e67a6fd04c169c4bdef102d0bc5d31b2546345219e348575eb80e9a0?s=96&d=mm&r=g","url":"https:\/\/secure.gravatar.com\/avatar\/37d968a2e67a6fd04c169c4bdef102d0bc5d31b2546345219e348575eb80e9a0?s=96&d=mm&r=g","contentUrl":"https:\/\/secure.gravatar.com\/avatar\/37d968a2e67a6fd04c169c4bdef102d0bc5d31b2546345219e348575eb80e9a0?s=96&d=mm&r=g","caption":"redazione"},"sameAs":["http:\/\/www.bellunopress.it","https:\/\/x.com\/bellunopress"],"url":"https:\/\/www.bellunopress.it\/fr\/author\/redazione\/"}]}},"_links":{"self":[{"href":"https:\/\/www.bellunopress.it\/fr\/wp-json\/wp\/v2\/posts\/118193","targetHints":{"allow":["GET"]}}],"collection":[{"href":"https:\/\/www.bellunopress.it\/fr\/wp-json\/wp\/v2\/posts"}],"about":[{"href":"https:\/\/www.bellunopress.it\/fr\/wp-json\/wp\/v2\/types\/post"}],"author":[{"embeddable":true,"href":"https:\/\/www.bellunopress.it\/fr\/wp-json\/wp\/v2\/users\/2"}],"replies":[{"embeddable":true,"href":"https:\/\/www.bellunopress.it\/fr\/wp-json\/wp\/v2\/comments?post=118193"}],"version-history":[{"count":3,"href":"https:\/\/www.bellunopress.it\/fr\/wp-json\/wp\/v2\/posts\/118193\/revisions"}],"predecessor-version":[{"id":118200,"href":"https:\/\/www.bellunopress.it\/fr\/wp-json\/wp\/v2\/posts\/118193\/revisions\/118200"}],"wp:featuredmedia":[{"embeddable":true,"href":"https:\/\/www.bellunopress.it\/fr\/wp-json\/wp\/v2\/media\/118194"}],"wp:attachment":[{"href":"https:\/\/www.bellunopress.it\/fr\/wp-json\/wp\/v2\/media?parent=118193"}],"wp:term":[{"taxonomy":"category","embeddable":true,"href":"https:\/\/www.bellunopress.it\/fr\/wp-json\/wp\/v2\/categories?post=118193"},{"taxonomy":"post_tag","embeddable":true,"href":"https:\/\/www.bellunopress.it\/fr\/wp-json\/wp\/v2\/tags?post=118193"}],"curies":[{"name":"wp","href":"https:\/\/api.w.org\/{rel}","templated":true}]}}