{"id":11819,"date":"2010-01-23T22:54:47","date_gmt":"2010-01-23T21:54:47","guid":{"rendered":"http:\/\/www.bellunopress.it\/?p=11819"},"modified":"2010-01-23T22:54:47","modified_gmt":"2010-01-23T21:54:47","slug":"fine-della-sinistra-e-nuovi-movimenti-nel-libro-di-francesco-raparelli-mercoledi-al-blitz","status":"publish","type":"post","link":"https:\/\/www.bellunopress.it\/fr\/2010\/01\/23\/fine-della-sinistra-e-nuovi-movimenti-nel-libro-di-francesco-raparelli-mercoledi-al-blitz\/","title":{"rendered":"Fine della sinistra e nuovi movimenti nel libro di Francesco Raparelli. Mercoled\u00ec al BL.itz"},"content":{"rendered":"<p>Mercoled\u00ec 27 gennaio alle 20.30 al BL.itz in via Mezzaterra, 56 a Belluno, avr\u00e0 luogo la presentazione del libro &#8220;La lunghezza dell&#8217;onda &#8211; fine della sinistra e nuovi movimenti&#8221;. Sar\u00e0 presente l&#8217;autore, Francesco Raparelli. Nato a Marino (Roma) poco pi\u00f9 di trent\u0092anni fa. Laureato in Filosofia politica presso l&#8217;Universit\u00e0 \u00abLa Sapienza\u00bb di Roma, sta conseguendo un dottorato di ricerca presso il dipartimento di Filosofia dell&#8217;Universit\u00e0 di Firenze. Si occupa di tematiche di frontiera: dalla filosofia del linguaggio alla teoria<br \/>\ndella sovranit\u00e0, dalla questione del soggetto nel pensiero politico moderno e contemporaneo alla trasformazione dei processi produttivi. Da sempre coinvolto nei movimenti studenteschi universitari, \u00e8 parte dell&#8217;Onda, presso \u00abLa Sapienza\u00bb. Attivista dell\u0092atelier autogestito Esc di Roma, fa parte della redazione della rivista Posse, del collettivo di ricerca UniNomade, della redazione dei progetti di<br \/>\ncomunicazione web UniRiot (<a href=\"http:\/\/www.uniriot.org\">www.uniriot.org<\/a>) e Global (<a href=\"http:\/\/www.globalproject.info\">www.globalproject.info<\/a>).<br \/>\nIL LIBRO &#8211; L&#8217;\u0092Onda e i nuovi movimenti in Italia e in Europa, hanno un vero e proprio programma? Come possono tradurre, e come gi\u00e0 stanno traducendo, il conflitto in pratica politica, la protesta in proposta? Che lettura danno dell&#8217;attuale crisi finanziaria, delle nuove condizioni del lavoro globalizzato, della morte del welfare, del penoso stato della politica dei partiti, della \u00abfine della sinistra\u00bb? Nessun libro come La lunghezza dell\u0092Onda, piccolo e sfrontato manifesto politico scritto da uno dei leader del movimento, Francesco<br \/>\nRaparelli, risponde con tanta ambizione e, occorre dire, tanta sapienza a queste domande. Raparelli offre qui non solo una testimonianza degli sviluppi e delle \u00abpratiche\u00bb dell&#8217;Onda, ma anche un esame, sintetico e acuto, dei grandi problemi del nostro tempo visti con l&#8217;ottica dei movimenti: l&#8217;ottica di una ricerca quotidiana del cambiamento possibile e prossimo, l&#8217;ottica di una nuova generazione<br \/>\nlargamente post-ideologica, pragmatica e combattiva, che intende riappropriarsi con urgenza della democrazia e creare nuove forme di cooperazione sociale. Ne nasce un Che fare? dei nostri giorni, circostanziato e fattivo, sui temi della formazione, del lavoro, del bene e dei beni comuni, della produzione di nuove istituzioni, che spinger\u00e0 a cambiare idea chi ritenga il movimento privo di capacit\u00e0 di<br \/>\nproposta e di visioni forti e nuove del mondo; e che sar\u00e0 prezioso per chi, dentro o fuori le sue file, voglia guardare al mondo con strumenti adeguati al tempo presente, per contribuire a cambiarlo.<br \/>\n\u00a0\u00abLa lunghezza dell&#8217;nda presenta senza timidezza il desiderio dei movimenti e di una nuova generazione di farla finita con la sinistra e il suo vocabolario. Un desiderio che pensa\u0092, per dirla con i filosofi, e che dunque non si accontenta della trasgressione, ma con \u00abLa lunghezza dell&#8217;\u0092Onda presenta senza timidezza il desiderio dei movimenti e di una nuova generazione di farla finita con la sinistra e il suo vocabolario. Un desiderio che pensa, per dirla con i filosofi, e che dunque non si accontenta della trasgressione, ma con realismo si dedica a prendere sul serio il cambiamento\u00bb. Paolo Virno.<\/p>","protected":false},"excerpt":{"rendered":"<p>Mercoled\u00ec 27 gennaio alle 20.30 al BL.itz in via Mezzaterra, 56 a Belluno, avr\u00e0 luogo la presentazione del libro &#8220;La lunghezza dell&#8217;onda &#8211; fine della sinistra e nuovi movimenti&#8221;. Sar\u00e0 presente l&#8217;autore, Francesco Raparelli. Nato a Marino (Roma) poco pi\u00f9 di trent\u0092anni fa. Laureato in Filosofia politica presso l&#8217;Universit\u00e0 \u00abLa Sapienza\u00bb di Roma, sta conseguendo [&hellip;]<\/p>\n","protected":false},"author":2,"featured_media":0,"comment_status":"closed","ping_status":"open","sticky":false,"template":"","format":"standard","meta":{"footnotes":""},"categories":[3,25],"tags":[139],"class_list":["post-11819","post","type-post","status-publish","format-standard","category-arte-cultura-spettacoli-scienza-archivi","category-pausa-caffe","tag-belluno"],"yoast_head":"<!-- This site is optimized with the Yoast SEO plugin v28.4 - https:\/\/yoast.com\/product\/yoast-seo-wordpress\/ -->\n<title>Fine della sinistra e nuovi movimenti nel libro di Francesco Raparelli. Mercoled\u00ec al BL.itz  - Bellunopress - Dolomiti<\/title>\n<meta name=\"robots\" content=\"index, follow, max-snippet:-1, max-image-preview:large, max-video-preview:-1\" \/>\n<link rel=\"canonical\" href=\"https:\/\/www.bellunopress.it\/fr\/2010\/01\/23\/fine-della-sinistra-e-nuovi-movimenti-nel-libro-di-francesco-raparelli-mercoledi-al-blitz\/\" \/>\n<meta property=\"og:locale\" content=\"fr_FR\" \/>\n<meta property=\"og:type\" content=\"article\" \/>\n<meta property=\"og:title\" content=\"Fine della sinistra e nuovi movimenti nel libro di Francesco Raparelli. Mercoled\u00ec al BL.itz  - Bellunopress - Dolomiti\" \/>\n<meta property=\"og:description\" content=\"Mercoled\u00ec 27 gennaio alle 20.30 al BL.itz in via Mezzaterra, 56 a Belluno, avr\u00e0 luogo la presentazione del libro &#8220;La lunghezza dell&#8217;onda &#8211; fine della sinistra e nuovi movimenti&#8221;. Sar\u00e0 presente l&#8217;autore, Francesco Raparelli. Nato a Marino (Roma) poco pi\u00f9 di trent\u0092anni fa. Laureato in Filosofia politica presso l&#8217;Universit\u00e0 \u00abLa Sapienza\u00bb di Roma, sta conseguendo [&hellip;]\" \/>\n<meta property=\"og:url\" content=\"https:\/\/www.bellunopress.it\/fr\/2010\/01\/23\/fine-della-sinistra-e-nuovi-movimenti-nel-libro-di-francesco-raparelli-mercoledi-al-blitz\/\" \/>\n<meta property=\"og:site_name\" content=\"Bellunopress - Dolomiti\" \/>\n<meta property=\"article:publisher\" content=\"https:\/\/www.facebook.com\/profile.php?id=100008943462799\" \/>\n<meta property=\"article:published_time\" content=\"2010-01-23T21:54:47+00:00\" \/>\n<meta property=\"og:image\" content=\"http:\/\/www.bellunopress.it\/wp-content\/uploads\/2012\/07\/logo-bellunopress-250x250-2012.jpg\" \/>\n<meta name=\"author\" content=\"redazione\" \/>\n<meta name=\"twitter:card\" content=\"summary_large_image\" \/>\n<meta name=\"twitter:creator\" content=\"@bellunopress\" \/>\n<meta name=\"twitter:site\" content=\"@bellunopress\" \/>\n<meta name=\"twitter:label1\" content=\"\u00c9crit par\" \/>\n\t<meta name=\"twitter:data1\" content=\"redazione\" \/>\n\t<meta name=\"twitter:label2\" content=\"Dur\u00e9e de lecture estim\u00e9e\" \/>\n\t<meta name=\"twitter:data2\" content=\"2 minutes\" \/>\n<script type=\"application\/ld+json\" class=\"yoast-schema-graph\">{\"@context\":\"https:\\\/\\\/schema.org\",\"@graph\":[{\"@type\":\"Article\",\"@id\":\"https:\\\/\\\/www.bellunopress.it\\\/2010\\\/01\\\/23\\\/fine-della-sinistra-e-nuovi-movimenti-nel-libro-di-francesco-raparelli-mercoledi-al-blitz\\\/#article\",\"isPartOf\":{\"@id\":\"https:\\\/\\\/www.bellunopress.it\\\/2010\\\/01\\\/23\\\/fine-della-sinistra-e-nuovi-movimenti-nel-libro-di-francesco-raparelli-mercoledi-al-blitz\\\/\"},\"author\":{\"name\":\"redazione\",\"@id\":\"https:\\\/\\\/www.bellunopress.it\\\/#\\\/schema\\\/person\\\/79bb06722b37ece1c03d3e94beb30d73\"},\"headline\":\"Fine della sinistra e nuovi movimenti nel libro di Francesco Raparelli. Mercoled\u00ec al BL.itz\",\"datePublished\":\"2010-01-23T21:54:47+00:00\",\"mainEntityOfPage\":{\"@id\":\"https:\\\/\\\/www.bellunopress.it\\\/2010\\\/01\\\/23\\\/fine-della-sinistra-e-nuovi-movimenti-nel-libro-di-francesco-raparelli-mercoledi-al-blitz\\\/\"},\"wordCount\":506,\"publisher\":{\"@id\":\"https:\\\/\\\/www.bellunopress.it\\\/#organization\"},\"keywords\":[\"Belluno\"],\"articleSection\":[\"Arte, Cultura, Spettacoli, Scienza\",\"Pausa Caff\u00e8\"],\"inLanguage\":\"fr-FR\"},{\"@type\":\"WebPage\",\"@id\":\"https:\\\/\\\/www.bellunopress.it\\\/2010\\\/01\\\/23\\\/fine-della-sinistra-e-nuovi-movimenti-nel-libro-di-francesco-raparelli-mercoledi-al-blitz\\\/\",\"url\":\"https:\\\/\\\/www.bellunopress.it\\\/2010\\\/01\\\/23\\\/fine-della-sinistra-e-nuovi-movimenti-nel-libro-di-francesco-raparelli-mercoledi-al-blitz\\\/\",\"name\":\"Fine della sinistra e nuovi movimenti nel libro di Francesco Raparelli. Mercoled\u00ec al BL.itz - Bellunopress - Dolomiti\",\"isPartOf\":{\"@id\":\"https:\\\/\\\/www.bellunopress.it\\\/#website\"},\"datePublished\":\"2010-01-23T21:54:47+00:00\",\"breadcrumb\":{\"@id\":\"https:\\\/\\\/www.bellunopress.it\\\/2010\\\/01\\\/23\\\/fine-della-sinistra-e-nuovi-movimenti-nel-libro-di-francesco-raparelli-mercoledi-al-blitz\\\/#breadcrumb\"},\"inLanguage\":\"fr-FR\",\"potentialAction\":[{\"@type\":\"ReadAction\",\"target\":[\"https:\\\/\\\/www.bellunopress.it\\\/2010\\\/01\\\/23\\\/fine-della-sinistra-e-nuovi-movimenti-nel-libro-di-francesco-raparelli-mercoledi-al-blitz\\\/\"]}]},{\"@type\":\"BreadcrumbList\",\"@id\":\"https:\\\/\\\/www.bellunopress.it\\\/2010\\\/01\\\/23\\\/fine-della-sinistra-e-nuovi-movimenti-nel-libro-di-francesco-raparelli-mercoledi-al-blitz\\\/#breadcrumb\",\"itemListElement\":[{\"@type\":\"ListItem\",\"position\":1,\"name\":\"Home\",\"item\":\"https:\\\/\\\/www.bellunopress.it\\\/\"},{\"@type\":\"ListItem\",\"position\":2,\"name\":\"Fine della sinistra e nuovi movimenti nel libro di Francesco Raparelli. Mercoled\u00ec al BL.itz\"}]},{\"@type\":\"WebSite\",\"@id\":\"https:\\\/\\\/www.bellunopress.it\\\/#website\",\"url\":\"https:\\\/\\\/www.bellunopress.it\\\/\",\"name\":\"Bellunopress - Dolomiti\",\"description\":\"e-mail: redazione@bellunopress.it\",\"publisher\":{\"@id\":\"https:\\\/\\\/www.bellunopress.it\\\/#organization\"},\"potentialAction\":[{\"@type\":\"SearchAction\",\"target\":{\"@type\":\"EntryPoint\",\"urlTemplate\":\"https:\\\/\\\/www.bellunopress.it\\\/?s={search_term_string}\"},\"query-input\":{\"@type\":\"PropertyValueSpecification\",\"valueRequired\":true,\"valueName\":\"search_term_string\"}}],\"inLanguage\":\"fr-FR\"},{\"@type\":\"Organization\",\"@id\":\"https:\\\/\\\/www.bellunopress.it\\\/#organization\",\"name\":\"Bellunopress\",\"url\":\"https:\\\/\\\/www.bellunopress.it\\\/\",\"logo\":{\"@type\":\"ImageObject\",\"inLanguage\":\"fr-FR\",\"@id\":\"https:\\\/\\\/www.bellunopress.it\\\/#\\\/schema\\\/logo\\\/image\\\/\",\"url\":\"https:\\\/\\\/www.bellunopress.it\\\/wp-content\\\/uploads\\\/2011\\\/05\\\/cropped-logo-bellunopress-.jpg\",\"contentUrl\":\"https:\\\/\\\/www.bellunopress.it\\\/wp-content\\\/uploads\\\/2011\\\/05\\\/cropped-logo-bellunopress-.jpg\",\"width\":512,\"height\":512,\"caption\":\"Bellunopress\"},\"image\":{\"@id\":\"https:\\\/\\\/www.bellunopress.it\\\/#\\\/schema\\\/logo\\\/image\\\/\"},\"sameAs\":[\"https:\\\/\\\/www.facebook.com\\\/profile.php?id=100008943462799\",\"https:\\\/\\\/x.com\\\/bellunopress\",\"https:\\\/\\\/www.linkedin.com\\\/hp\\\/?dnr=JBzUWaJfMUw8vbXJJ2tVW5-I3jZKvC4wsoxE&amp;amp;amp;amp;amp;amp;trk=nav_responsive_tab_home\",\"https:\\\/\\\/www.youtube.com\\\/channel\\\/UCxL0wu1uN0_3_7hGG0306cw\"]},{\"@type\":\"Person\",\"@id\":\"https:\\\/\\\/www.bellunopress.it\\\/#\\\/schema\\\/person\\\/79bb06722b37ece1c03d3e94beb30d73\",\"name\":\"redazione\",\"image\":{\"@type\":\"ImageObject\",\"inLanguage\":\"fr-FR\",\"@id\":\"https:\\\/\\\/secure.gravatar.com\\\/avatar\\\/37d968a2e67a6fd04c169c4bdef102d0bc5d31b2546345219e348575eb80e9a0?s=96&d=mm&r=g\",\"url\":\"https:\\\/\\\/secure.gravatar.com\\\/avatar\\\/37d968a2e67a6fd04c169c4bdef102d0bc5d31b2546345219e348575eb80e9a0?s=96&d=mm&r=g\",\"contentUrl\":\"https:\\\/\\\/secure.gravatar.com\\\/avatar\\\/37d968a2e67a6fd04c169c4bdef102d0bc5d31b2546345219e348575eb80e9a0?s=96&d=mm&r=g\",\"caption\":\"redazione\"},\"sameAs\":[\"http:\\\/\\\/www.bellunopress.it\",\"https:\\\/\\\/x.com\\\/bellunopress\"],\"url\":\"https:\\\/\\\/www.bellunopress.it\\\/fr\\\/author\\\/redazione\\\/\"}]}<\/script>\n<!-- \/ Yoast SEO plugin. -->","yoast_head_json":{"title":"Fine della sinistra e nuovi movimenti nel libro di Francesco Raparelli. Mercoled\u00ec al BL.itz  - Bellunopress - Dolomiti","robots":{"index":"index","follow":"follow","max-snippet":"max-snippet:-1","max-image-preview":"max-image-preview:large","max-video-preview":"max-video-preview:-1"},"canonical":"https:\/\/www.bellunopress.it\/fr\/2010\/01\/23\/fine-della-sinistra-e-nuovi-movimenti-nel-libro-di-francesco-raparelli-mercoledi-al-blitz\/","og_locale":"fr_FR","og_type":"article","og_title":"Fine della sinistra e nuovi movimenti nel libro di Francesco Raparelli. Mercoled\u00ec al BL.itz  - Bellunopress - Dolomiti","og_description":"Mercoled\u00ec 27 gennaio alle 20.30 al BL.itz in via Mezzaterra, 56 a Belluno, avr\u00e0 luogo la presentazione del libro &#8220;La lunghezza dell&#8217;onda &#8211; fine della sinistra e nuovi movimenti&#8221;. Sar\u00e0 presente l&#8217;autore, Francesco Raparelli. Nato a Marino (Roma) poco pi\u00f9 di trent\u0092anni fa. Laureato in Filosofia politica presso l&#8217;Universit\u00e0 \u00abLa Sapienza\u00bb di Roma, sta conseguendo [&hellip;]","og_url":"https:\/\/www.bellunopress.it\/fr\/2010\/01\/23\/fine-della-sinistra-e-nuovi-movimenti-nel-libro-di-francesco-raparelli-mercoledi-al-blitz\/","og_site_name":"Bellunopress - Dolomiti","article_publisher":"https:\/\/www.facebook.com\/profile.php?id=100008943462799","article_published_time":"2010-01-23T21:54:47+00:00","og_image":[{"url":"http:\/\/www.bellunopress.it\/wp-content\/uploads\/2012\/07\/logo-bellunopress-250x250-2012.jpg","type":"","width":"","height":""}],"author":"redazione","twitter_card":"summary_large_image","twitter_creator":"@bellunopress","twitter_site":"@bellunopress","twitter_misc":{"\u00c9crit par":"redazione","Dur\u00e9e de lecture estim\u00e9e":"2 minutes"},"schema":{"@context":"https:\/\/schema.org","@graph":[{"@type":"Article","@id":"https:\/\/www.bellunopress.it\/2010\/01\/23\/fine-della-sinistra-e-nuovi-movimenti-nel-libro-di-francesco-raparelli-mercoledi-al-blitz\/#article","isPartOf":{"@id":"https:\/\/www.bellunopress.it\/2010\/01\/23\/fine-della-sinistra-e-nuovi-movimenti-nel-libro-di-francesco-raparelli-mercoledi-al-blitz\/"},"author":{"name":"redazione","@id":"https:\/\/www.bellunopress.it\/#\/schema\/person\/79bb06722b37ece1c03d3e94beb30d73"},"headline":"Fine della sinistra e nuovi movimenti nel libro di Francesco Raparelli. Mercoled\u00ec al BL.itz","datePublished":"2010-01-23T21:54:47+00:00","mainEntityOfPage":{"@id":"https:\/\/www.bellunopress.it\/2010\/01\/23\/fine-della-sinistra-e-nuovi-movimenti-nel-libro-di-francesco-raparelli-mercoledi-al-blitz\/"},"wordCount":506,"publisher":{"@id":"https:\/\/www.bellunopress.it\/#organization"},"keywords":["Belluno"],"articleSection":["Arte, Cultura, Spettacoli, Scienza","Pausa Caff\u00e8"],"inLanguage":"fr-FR"},{"@type":"WebPage","@id":"https:\/\/www.bellunopress.it\/2010\/01\/23\/fine-della-sinistra-e-nuovi-movimenti-nel-libro-di-francesco-raparelli-mercoledi-al-blitz\/","url":"https:\/\/www.bellunopress.it\/2010\/01\/23\/fine-della-sinistra-e-nuovi-movimenti-nel-libro-di-francesco-raparelli-mercoledi-al-blitz\/","name":"Fine della sinistra e nuovi movimenti nel libro di Francesco Raparelli. Mercoled\u00ec al BL.itz - Bellunopress - Dolomiti","isPartOf":{"@id":"https:\/\/www.bellunopress.it\/#website"},"datePublished":"2010-01-23T21:54:47+00:00","breadcrumb":{"@id":"https:\/\/www.bellunopress.it\/2010\/01\/23\/fine-della-sinistra-e-nuovi-movimenti-nel-libro-di-francesco-raparelli-mercoledi-al-blitz\/#breadcrumb"},"inLanguage":"fr-FR","potentialAction":[{"@type":"ReadAction","target":["https:\/\/www.bellunopress.it\/2010\/01\/23\/fine-della-sinistra-e-nuovi-movimenti-nel-libro-di-francesco-raparelli-mercoledi-al-blitz\/"]}]},{"@type":"BreadcrumbList","@id":"https:\/\/www.bellunopress.it\/2010\/01\/23\/fine-della-sinistra-e-nuovi-movimenti-nel-libro-di-francesco-raparelli-mercoledi-al-blitz\/#breadcrumb","itemListElement":[{"@type":"ListItem","position":1,"name":"Home","item":"https:\/\/www.bellunopress.it\/"},{"@type":"ListItem","position":2,"name":"Fine della sinistra e nuovi movimenti nel libro di Francesco Raparelli. Mercoled\u00ec al BL.itz"}]},{"@type":"WebSite","@id":"https:\/\/www.bellunopress.it\/#website","url":"https:\/\/www.bellunopress.it\/","name":"Bellunopress - Dolomiti","description":"e-mail: redazione@bellunopress.it","publisher":{"@id":"https:\/\/www.bellunopress.it\/#organization"},"potentialAction":[{"@type":"SearchAction","target":{"@type":"EntryPoint","urlTemplate":"https:\/\/www.bellunopress.it\/?s={search_term_string}"},"query-input":{"@type":"PropertyValueSpecification","valueRequired":true,"valueName":"search_term_string"}}],"inLanguage":"fr-FR"},{"@type":"Organization","@id":"https:\/\/www.bellunopress.it\/#organization","name":"Bellunopress","url":"https:\/\/www.bellunopress.it\/","logo":{"@type":"ImageObject","inLanguage":"fr-FR","@id":"https:\/\/www.bellunopress.it\/#\/schema\/logo\/image\/","url":"https:\/\/www.bellunopress.it\/wp-content\/uploads\/2011\/05\/cropped-logo-bellunopress-.jpg","contentUrl":"https:\/\/www.bellunopress.it\/wp-content\/uploads\/2011\/05\/cropped-logo-bellunopress-.jpg","width":512,"height":512,"caption":"Bellunopress"},"image":{"@id":"https:\/\/www.bellunopress.it\/#\/schema\/logo\/image\/"},"sameAs":["https:\/\/www.facebook.com\/profile.php?id=100008943462799","https:\/\/x.com\/bellunopress","https:\/\/www.linkedin.com\/hp\/?dnr=JBzUWaJfMUw8vbXJJ2tVW5-I3jZKvC4wsoxE&amp;amp;amp;amp;amp;amp;trk=nav_responsive_tab_home","https:\/\/www.youtube.com\/channel\/UCxL0wu1uN0_3_7hGG0306cw"]},{"@type":"Person","@id":"https:\/\/www.bellunopress.it\/#\/schema\/person\/79bb06722b37ece1c03d3e94beb30d73","name":"r\u00e9daction","image":{"@type":"ImageObject","inLanguage":"fr-FR","@id":"https:\/\/secure.gravatar.com\/avatar\/37d968a2e67a6fd04c169c4bdef102d0bc5d31b2546345219e348575eb80e9a0?s=96&d=mm&r=g","url":"https:\/\/secure.gravatar.com\/avatar\/37d968a2e67a6fd04c169c4bdef102d0bc5d31b2546345219e348575eb80e9a0?s=96&d=mm&r=g","contentUrl":"https:\/\/secure.gravatar.com\/avatar\/37d968a2e67a6fd04c169c4bdef102d0bc5d31b2546345219e348575eb80e9a0?s=96&d=mm&r=g","caption":"redazione"},"sameAs":["http:\/\/www.bellunopress.it","https:\/\/x.com\/bellunopress"],"url":"https:\/\/www.bellunopress.it\/fr\/author\/redazione\/"}]}},"_links":{"self":[{"href":"https:\/\/www.bellunopress.it\/fr\/wp-json\/wp\/v2\/posts\/11819","targetHints":{"allow":["GET"]}}],"collection":[{"href":"https:\/\/www.bellunopress.it\/fr\/wp-json\/wp\/v2\/posts"}],"about":[{"href":"https:\/\/www.bellunopress.it\/fr\/wp-json\/wp\/v2\/types\/post"}],"author":[{"embeddable":true,"href":"https:\/\/www.bellunopress.it\/fr\/wp-json\/wp\/v2\/users\/2"}],"replies":[{"embeddable":true,"href":"https:\/\/www.bellunopress.it\/fr\/wp-json\/wp\/v2\/comments?post=11819"}],"version-history":[{"count":1,"href":"https:\/\/www.bellunopress.it\/fr\/wp-json\/wp\/v2\/posts\/11819\/revisions"}],"predecessor-version":[{"id":11820,"href":"https:\/\/www.bellunopress.it\/fr\/wp-json\/wp\/v2\/posts\/11819\/revisions\/11820"}],"wp:attachment":[{"href":"https:\/\/www.bellunopress.it\/fr\/wp-json\/wp\/v2\/media?parent=11819"}],"wp:term":[{"taxonomy":"category","embeddable":true,"href":"https:\/\/www.bellunopress.it\/fr\/wp-json\/wp\/v2\/categories?post=11819"},{"taxonomy":"post_tag","embeddable":true,"href":"https:\/\/www.bellunopress.it\/fr\/wp-json\/wp\/v2\/tags?post=11819"}],"curies":[{"name":"wp","href":"https:\/\/api.w.org\/{rel}","templated":true}]}}