{"id":118185,"date":"2020-10-03T15:47:57","date_gmt":"2020-10-03T13:47:57","guid":{"rendered":"http:\/\/www.bellunopress.it\/?p=118185"},"modified":"2020-10-03T15:53:25","modified_gmt":"2020-10-03T13:53:25","slug":"il-mose-ferma-lacqua-rotta-e-pellicani-ora-venezia-puo-guardare-al-futuro","status":"publish","type":"post","link":"https:\/\/www.bellunopress.it\/fr\/2020\/10\/03\/il-mose-ferma-lacqua-rotta-e-pellicani-ora-venezia-puo-guardare-al-futuro\/","title":{"rendered":"Il Mose ferma l&#8217;acqua. Rotta e Pellicani: &#8220;Ora Venezia pu\u00f2 guardare al futuro&#8221;"},"content":{"rendered":"<p><a href=\"http:\/\/www.bellunopress.it\/fr\/2020\/10\/03\/il-mose-ferma-lacqua-rotta-e-pellicani-ora-venezia-puo-guardare-al-futuro\/venezia_edited\/\" rel=\"attachment wp-att-118186\"><img loading=\"lazy\" decoding=\"async\" class=\"alignleft size-full wp-image-118186\" src=\"http:\/\/www.bellunopress.it\/wp-content\/uploads\/2020\/10\/venezia_edited.jpg\" alt=\"\" width=\"800\" height=\"550\" srcset=\"https:\/\/www.bellunopress.it\/wp-content\/uploads\/2020\/10\/venezia_edited.jpg 800w, https:\/\/www.bellunopress.it\/wp-content\/uploads\/2020\/10\/venezia_edited-500x344.jpg 500w, https:\/\/www.bellunopress.it\/wp-content\/uploads\/2020\/10\/venezia_edited-218x150.jpg 218w, https:\/\/www.bellunopress.it\/wp-content\/uploads\/2020\/10\/venezia_edited-696x479.jpg 696w, https:\/\/www.bellunopress.it\/wp-content\/uploads\/2020\/10\/venezia_edited-611x420.jpg 611w, https:\/\/www.bellunopress.it\/wp-content\/uploads\/2020\/10\/venezia_edited-100x70.jpg 100w\" sizes=\"auto, (max-width: 800px) 100vw, 800px\" \/><\/a>Roma, 3 ottobre 2020 &#8211; &#8220;In un&#8217;atmosfera surreale di attesa, come tutti i veneziani, abbiamo tirato un sospiro di sollievo: la citt\u00e0 \u00e8 rimasta all&#8217;asciutto. Il Mose ha funzionato&#8221; sono naturalmente piene di soddisfazione le parole con cui la presidente della Commissione Ambiente della Camera, Alessia Rotta, e il deputato veneziano Nicola Pellicani, salutano i risultati positivi del primo esperimento di funzionamento del Mose.<\/p>\n<p>&#8220;E&#8217; una buona notizia per Venezia e il mondo intero &#8211; spiegano i due deputati Pd &#8211; . Il primo vero test in condizioni atmosferiche avverse \u00e8 andato bene ed \u00e8 un&#8217;ottima notizia. Le paratoie del Mose si sono sollevate tutte e il flusso di marea verso la laguna si \u00e8 interrotto. A Punta della Salute la marea si \u00e8 fermata a 70 cm, mentre il picco \u00e8 stato di 129. Durante tutta la mattinata si \u00e8 creato un dislivello di 65\/70 cm tra il mare e la laguna&#8221;<\/p>\n<p>&#8220;Questo \u00e8 il risultato dell&#8217;attivit\u00e0 del Parlamento e del Governo- &#8211; ci tengono a ricordare Rotta e Pellicani &#8211; , che hanno dato nuovo impulso ai lavori, che si erano di fatto bloccati dopo lo scandalo del Mose che ha cos\u00ec tanto ferito e umiliato Venezia e l&#8217;intero Paese. Infatti sono stati la maggioranza e il Governo di centrosinistra a rifinanziare dopo lungo tempo la Legge Speciale in tutti i suoi aspetti, e creato le condizioni per riavviare i lavori, che saranno conclusi entro la fine del 2021&#8221;.<\/p>\n<p>Per la Presidente della Commissione Ambiente e per Pellicani per\u00f2 c&#8217;\u00e8 da continuare su questa strada: &#8220;ora bisogner\u00e0 concludere i lavori e fare in modo che le dighe mobili siano in grado di funzionare in tutte le condizioni- spiegano -. Perch\u00e9 se da una parte il test di oggi dimostra per\u00f2 che il Mose pu\u00f2 gi\u00e0 essere utilizzato e pu\u00f2 consentire alla citt\u00e0 di guardare con fiducia al futuro; dall&#8217;altra resta ancora tanto lavoro da fare per gettarsi finalmente alle spalle giornate tragiche come quella del 12 novembre scorso&#8221;.<\/p>\n<p>&#8220;Per far ci\u00f2 \u00e8 necessario affrontare contestualmente tutte le varie emergenze che riguardano il Dossier Venezia &#8211; precisano &#8211; , riprendendo anzitutto l&#8217;attivit\u00e0 di salvaguardia e manutenzione fisica della citt\u00e0 e della sua laguna e tutelando e rilanciando le attivit\u00e0 economiche, che oggi attraversano una crisi senza precedenti&#8221;.<\/p>\n<p>Ma oggi le condizioni sono pi\u00f9 promettenti rispetto al passato perch\u00e9 &#8220;sempre grazie all&#8217;attivit\u00e0 della maggioranza di centrosinistra in Parlamento e del Governo \u2013 dicono Rotta e Pellicani &#8211; in questi giorni l&#8217;Autorit\u00e0 per la laguna sar\u00e0 finalmente istituita per legge. Non \u00e8 altro che la ricostituzione del Magistrato alle Acque, potenziato di poteri e di strumenti operativi. Un passaggio decisivo per assicurare negli anni futuri il governo della laguna e la gestione del Mose. Inoltre sempre la nuova legge chiuder\u00e0 definitivamente il Consorzio Venezia Nuova, aprendo una nuova stagione per la citt\u00e0&#8221;.<\/p>\n<p>Si apre quindi una nuova stagione dove per\u00f2, avvisano i due deputati Pd &#8220;non ci sar\u00e0 spazio per coloro che in passato hanno collaborato a diverso titolo con i protagonisti dello scandalo Mose&#8221;.<\/p>\n<p>Quanto ai prossimi passaggi parlamentari Rotta e Pellicani spiegano che adesso &#8220;diventa quanto mai urgente riprendere in Commissione Ambiente della Camera l&#8217;indagine conoscitiva su tutti gli interventi in atto per la salvaguardia di Venezia, bruscamente interrotta per l&#8217;emergenza Covid&#8221;.<\/p>\n<p>&#8220;Perch\u00e9 dobbiamo fare in modo che il Parlamento . Concludono &#8211; abbia un quadro completo delle attivit\u00e0 in corso e di quanto \u00e8 ancora necessario fare per tutelare una citt\u00e0 unica al mondo&#8221;.<\/p>\n<p>&nbsp;<\/p>","protected":false},"excerpt":{"rendered":"<p>Roma, 3 ottobre 2020 &#8211; &#8220;In un&#8217;atmosfera surreale di attesa, come tutti i veneziani, abbiamo tirato un sospiro di sollievo: la citt\u00e0 \u00e8 rimasta all&#8217;asciutto. Il Mose ha funzionato&#8221; sono naturalmente piene di soddisfazione le parole con cui la presidente della Commissione Ambiente della Camera, Alessia Rotta, e il deputato veneziano Nicola Pellicani, salutano i [&hellip;]<\/p>\n","protected":false},"author":2,"featured_media":118186,"comment_status":"closed","ping_status":"open","sticky":false,"template":"","format":"standard","meta":{"footnotes":""},"categories":[5,3446,26],"tags":[],"class_list":["post-118185","post","type-post","status-publish","format-standard","has-post-thumbnail","category-cronaca","category-featured","category-prima-pagina"],"yoast_head":"<!-- This site is optimized with the Yoast SEO plugin v28.4 - https:\/\/yoast.com\/product\/yoast-seo-wordpress\/ -->\n<title>Il Mose ferma l&#039;acqua. Rotta e Pellicani: &quot;Ora Venezia pu\u00f2 guardare al futuro&quot; - Bellunopress - Dolomiti<\/title>\n<meta name=\"robots\" content=\"index, follow, max-snippet:-1, max-image-preview:large, max-video-preview:-1\" \/>\n<link rel=\"canonical\" href=\"https:\/\/www.bellunopress.it\/fr\/2020\/10\/03\/il-mose-ferma-lacqua-rotta-e-pellicani-ora-venezia-puo-guardare-al-futuro\/\" \/>\n<meta property=\"og:locale\" content=\"fr_FR\" \/>\n<meta property=\"og:type\" content=\"article\" \/>\n<meta property=\"og:title\" content=\"Il Mose ferma l&#039;acqua. Rotta e Pellicani: &quot;Ora Venezia pu\u00f2 guardare al futuro&quot; - Bellunopress - Dolomiti\" \/>\n<meta property=\"og:description\" content=\"Roma, 3 ottobre 2020 &#8211; &#8220;In un&#8217;atmosfera surreale di attesa, come tutti i veneziani, abbiamo tirato un sospiro di sollievo: la citt\u00e0 \u00e8 rimasta all&#8217;asciutto. Il Mose ha funzionato&#8221; sono naturalmente piene di soddisfazione le parole con cui la presidente della Commissione Ambiente della Camera, Alessia Rotta, e il deputato veneziano Nicola Pellicani, salutano i [&hellip;]\" \/>\n<meta property=\"og:url\" content=\"https:\/\/www.bellunopress.it\/fr\/2020\/10\/03\/il-mose-ferma-lacqua-rotta-e-pellicani-ora-venezia-puo-guardare-al-futuro\/\" \/>\n<meta property=\"og:site_name\" content=\"Bellunopress - Dolomiti\" \/>\n<meta property=\"article:publisher\" content=\"https:\/\/www.facebook.com\/profile.php?id=100008943462799\" \/>\n<meta property=\"article:published_time\" content=\"2020-10-03T13:47:57+00:00\" \/>\n<meta property=\"article:modified_time\" content=\"2020-10-03T13:53:25+00:00\" \/>\n<meta property=\"og:image\" content=\"https:\/\/www.bellunopress.it\/wp-content\/uploads\/2020\/10\/venezia_edited.jpg\" \/>\n\t<meta property=\"og:image:width\" content=\"800\" \/>\n\t<meta property=\"og:image:height\" content=\"550\" \/>\n\t<meta property=\"og:image:type\" content=\"image\/jpeg\" \/>\n<meta name=\"author\" content=\"redazione\" \/>\n<meta name=\"twitter:card\" content=\"summary_large_image\" \/>\n<meta name=\"twitter:creator\" content=\"@bellunopress\" \/>\n<meta name=\"twitter:site\" content=\"@bellunopress\" \/>\n<meta name=\"twitter:label1\" content=\"Written by\" \/>\n\t<meta name=\"twitter:data1\" content=\"redazione\" \/>\n\t<meta name=\"twitter:label2\" content=\"Est. reading time\" \/>\n\t<meta name=\"twitter:data2\" content=\"3 minutes\" \/>\n<script type=\"application\/ld+json\" class=\"yoast-schema-graph\">{\"@context\":\"https:\\\/\\\/schema.org\",\"@graph\":[{\"@type\":\"Article\",\"@id\":\"https:\\\/\\\/www.bellunopress.it\\\/2020\\\/10\\\/03\\\/il-mose-ferma-lacqua-rotta-e-pellicani-ora-venezia-puo-guardare-al-futuro\\\/#article\",\"isPartOf\":{\"@id\":\"https:\\\/\\\/www.bellunopress.it\\\/2020\\\/10\\\/03\\\/il-mose-ferma-lacqua-rotta-e-pellicani-ora-venezia-puo-guardare-al-futuro\\\/\"},\"author\":{\"name\":\"redazione\",\"@id\":\"https:\\\/\\\/www.bellunopress.it\\\/#\\\/schema\\\/person\\\/79bb06722b37ece1c03d3e94beb30d73\"},\"headline\":\"Il Mose ferma l&#8217;acqua. Rotta e Pellicani: &#8220;Ora Venezia pu\u00f2 guardare al futuro&#8221;\",\"datePublished\":\"2020-10-03T13:47:57+00:00\",\"dateModified\":\"2020-10-03T13:53:25+00:00\",\"mainEntityOfPage\":{\"@id\":\"https:\\\/\\\/www.bellunopress.it\\\/2020\\\/10\\\/03\\\/il-mose-ferma-lacqua-rotta-e-pellicani-ora-venezia-puo-guardare-al-futuro\\\/\"},\"wordCount\":579,\"publisher\":{\"@id\":\"https:\\\/\\\/www.bellunopress.it\\\/#organization\"},\"image\":{\"@id\":\"https:\\\/\\\/www.bellunopress.it\\\/2020\\\/10\\\/03\\\/il-mose-ferma-lacqua-rotta-e-pellicani-ora-venezia-puo-guardare-al-futuro\\\/#primaryimage\"},\"thumbnailUrl\":\"https:\\\/\\\/www.bellunopress.it\\\/wp-content\\\/uploads\\\/2020\\\/10\\\/venezia_edited.jpg\",\"articleSection\":[\"Cronaca\\\/Politica\",\"Featured\",\"Prima Pagina\"],\"inLanguage\":\"fr-FR\"},{\"@type\":\"WebPage\",\"@id\":\"https:\\\/\\\/www.bellunopress.it\\\/2020\\\/10\\\/03\\\/il-mose-ferma-lacqua-rotta-e-pellicani-ora-venezia-puo-guardare-al-futuro\\\/\",\"url\":\"https:\\\/\\\/www.bellunopress.it\\\/2020\\\/10\\\/03\\\/il-mose-ferma-lacqua-rotta-e-pellicani-ora-venezia-puo-guardare-al-futuro\\\/\",\"name\":\"Il Mose ferma l'acqua. Rotta e Pellicani: \\\"Ora Venezia pu\u00f2 guardare al futuro\\\" - Bellunopress - Dolomiti\",\"isPartOf\":{\"@id\":\"https:\\\/\\\/www.bellunopress.it\\\/#website\"},\"primaryImageOfPage\":{\"@id\":\"https:\\\/\\\/www.bellunopress.it\\\/2020\\\/10\\\/03\\\/il-mose-ferma-lacqua-rotta-e-pellicani-ora-venezia-puo-guardare-al-futuro\\\/#primaryimage\"},\"image\":{\"@id\":\"https:\\\/\\\/www.bellunopress.it\\\/2020\\\/10\\\/03\\\/il-mose-ferma-lacqua-rotta-e-pellicani-ora-venezia-puo-guardare-al-futuro\\\/#primaryimage\"},\"thumbnailUrl\":\"https:\\\/\\\/www.bellunopress.it\\\/wp-content\\\/uploads\\\/2020\\\/10\\\/venezia_edited.jpg\",\"datePublished\":\"2020-10-03T13:47:57+00:00\",\"dateModified\":\"2020-10-03T13:53:25+00:00\",\"breadcrumb\":{\"@id\":\"https:\\\/\\\/www.bellunopress.it\\\/2020\\\/10\\\/03\\\/il-mose-ferma-lacqua-rotta-e-pellicani-ora-venezia-puo-guardare-al-futuro\\\/#breadcrumb\"},\"inLanguage\":\"fr-FR\",\"potentialAction\":[{\"@type\":\"ReadAction\",\"target\":[\"https:\\\/\\\/www.bellunopress.it\\\/2020\\\/10\\\/03\\\/il-mose-ferma-lacqua-rotta-e-pellicani-ora-venezia-puo-guardare-al-futuro\\\/\"]}]},{\"@type\":\"ImageObject\",\"inLanguage\":\"fr-FR\",\"@id\":\"https:\\\/\\\/www.bellunopress.it\\\/2020\\\/10\\\/03\\\/il-mose-ferma-lacqua-rotta-e-pellicani-ora-venezia-puo-guardare-al-futuro\\\/#primaryimage\",\"url\":\"https:\\\/\\\/www.bellunopress.it\\\/wp-content\\\/uploads\\\/2020\\\/10\\\/venezia_edited.jpg\",\"contentUrl\":\"https:\\\/\\\/www.bellunopress.it\\\/wp-content\\\/uploads\\\/2020\\\/10\\\/venezia_edited.jpg\",\"width\":800,\"height\":550},{\"@type\":\"BreadcrumbList\",\"@id\":\"https:\\\/\\\/www.bellunopress.it\\\/2020\\\/10\\\/03\\\/il-mose-ferma-lacqua-rotta-e-pellicani-ora-venezia-puo-guardare-al-futuro\\\/#breadcrumb\",\"itemListElement\":[{\"@type\":\"ListItem\",\"position\":1,\"name\":\"Home\",\"item\":\"https:\\\/\\\/www.bellunopress.it\\\/\"},{\"@type\":\"ListItem\",\"position\":2,\"name\":\"Il Mose ferma l&#8217;acqua. Rotta e Pellicani: &#8220;Ora Venezia pu\u00f2 guardare al futuro&#8221;\"}]},{\"@type\":\"WebSite\",\"@id\":\"https:\\\/\\\/www.bellunopress.it\\\/#website\",\"url\":\"https:\\\/\\\/www.bellunopress.it\\\/\",\"name\":\"Bellunopress - Dolomiti\",\"description\":\"e-mail: redazione@bellunopress.it\",\"publisher\":{\"@id\":\"https:\\\/\\\/www.bellunopress.it\\\/#organization\"},\"potentialAction\":[{\"@type\":\"SearchAction\",\"target\":{\"@type\":\"EntryPoint\",\"urlTemplate\":\"https:\\\/\\\/www.bellunopress.it\\\/?s={search_term_string}\"},\"query-input\":{\"@type\":\"PropertyValueSpecification\",\"valueRequired\":true,\"valueName\":\"search_term_string\"}}],\"inLanguage\":\"fr-FR\"},{\"@type\":\"Organization\",\"@id\":\"https:\\\/\\\/www.bellunopress.it\\\/#organization\",\"name\":\"Bellunopress\",\"url\":\"https:\\\/\\\/www.bellunopress.it\\\/\",\"logo\":{\"@type\":\"ImageObject\",\"inLanguage\":\"fr-FR\",\"@id\":\"https:\\\/\\\/www.bellunopress.it\\\/#\\\/schema\\\/logo\\\/image\\\/\",\"url\":\"https:\\\/\\\/www.bellunopress.it\\\/wp-content\\\/uploads\\\/2011\\\/05\\\/cropped-logo-bellunopress-.jpg\",\"contentUrl\":\"https:\\\/\\\/www.bellunopress.it\\\/wp-content\\\/uploads\\\/2011\\\/05\\\/cropped-logo-bellunopress-.jpg\",\"width\":512,\"height\":512,\"caption\":\"Bellunopress\"},\"image\":{\"@id\":\"https:\\\/\\\/www.bellunopress.it\\\/#\\\/schema\\\/logo\\\/image\\\/\"},\"sameAs\":[\"https:\\\/\\\/www.facebook.com\\\/profile.php?id=100008943462799\",\"https:\\\/\\\/x.com\\\/bellunopress\",\"https:\\\/\\\/www.linkedin.com\\\/hp\\\/?dnr=JBzUWaJfMUw8vbXJJ2tVW5-I3jZKvC4wsoxE&amp;amp;amp;amp;amp;amp;trk=nav_responsive_tab_home\",\"https:\\\/\\\/www.youtube.com\\\/channel\\\/UCxL0wu1uN0_3_7hGG0306cw\"]},{\"@type\":\"Person\",\"@id\":\"https:\\\/\\\/www.bellunopress.it\\\/#\\\/schema\\\/person\\\/79bb06722b37ece1c03d3e94beb30d73\",\"name\":\"redazione\",\"image\":{\"@type\":\"ImageObject\",\"inLanguage\":\"fr-FR\",\"@id\":\"https:\\\/\\\/secure.gravatar.com\\\/avatar\\\/37d968a2e67a6fd04c169c4bdef102d0bc5d31b2546345219e348575eb80e9a0?s=96&d=mm&r=g\",\"url\":\"https:\\\/\\\/secure.gravatar.com\\\/avatar\\\/37d968a2e67a6fd04c169c4bdef102d0bc5d31b2546345219e348575eb80e9a0?s=96&d=mm&r=g\",\"contentUrl\":\"https:\\\/\\\/secure.gravatar.com\\\/avatar\\\/37d968a2e67a6fd04c169c4bdef102d0bc5d31b2546345219e348575eb80e9a0?s=96&d=mm&r=g\",\"caption\":\"redazione\"},\"sameAs\":[\"http:\\\/\\\/www.bellunopress.it\",\"https:\\\/\\\/x.com\\\/bellunopress\"],\"url\":\"https:\\\/\\\/www.bellunopress.it\\\/fr\\\/author\\\/redazione\\\/\"}]}<\/script>\n<!-- \/ Yoast SEO plugin. -->","yoast_head_json":{"title":"Il Mose ferma l'acqua. Rotta e Pellicani: \"Ora Venezia pu\u00f2 guardare al futuro\" - Bellunopress - Dolomiti","robots":{"index":"index","follow":"follow","max-snippet":"max-snippet:-1","max-image-preview":"max-image-preview:large","max-video-preview":"max-video-preview:-1"},"canonical":"https:\/\/www.bellunopress.it\/fr\/2020\/10\/03\/il-mose-ferma-lacqua-rotta-e-pellicani-ora-venezia-puo-guardare-al-futuro\/","og_locale":"fr_FR","og_type":"article","og_title":"Il Mose ferma l'acqua. Rotta e Pellicani: \"Ora Venezia pu\u00f2 guardare al futuro\" - Bellunopress - Dolomiti","og_description":"Roma, 3 ottobre 2020 &#8211; &#8220;In un&#8217;atmosfera surreale di attesa, come tutti i veneziani, abbiamo tirato un sospiro di sollievo: la citt\u00e0 \u00e8 rimasta all&#8217;asciutto. Il Mose ha funzionato&#8221; sono naturalmente piene di soddisfazione le parole con cui la presidente della Commissione Ambiente della Camera, Alessia Rotta, e il deputato veneziano Nicola Pellicani, salutano i [&hellip;]","og_url":"https:\/\/www.bellunopress.it\/fr\/2020\/10\/03\/il-mose-ferma-lacqua-rotta-e-pellicani-ora-venezia-puo-guardare-al-futuro\/","og_site_name":"Bellunopress - Dolomiti","article_publisher":"https:\/\/www.facebook.com\/profile.php?id=100008943462799","article_published_time":"2020-10-03T13:47:57+00:00","article_modified_time":"2020-10-03T13:53:25+00:00","og_image":[{"width":800,"height":550,"url":"https:\/\/www.bellunopress.it\/wp-content\/uploads\/2020\/10\/venezia_edited.jpg","type":"image\/jpeg"}],"author":"redazione","twitter_card":"summary_large_image","twitter_creator":"@bellunopress","twitter_site":"@bellunopress","twitter_misc":{"Written by":"redazione","Est. reading time":"3 minutes"},"schema":{"@context":"https:\/\/schema.org","@graph":[{"@type":"Article","@id":"https:\/\/www.bellunopress.it\/2020\/10\/03\/il-mose-ferma-lacqua-rotta-e-pellicani-ora-venezia-puo-guardare-al-futuro\/#article","isPartOf":{"@id":"https:\/\/www.bellunopress.it\/2020\/10\/03\/il-mose-ferma-lacqua-rotta-e-pellicani-ora-venezia-puo-guardare-al-futuro\/"},"author":{"name":"redazione","@id":"https:\/\/www.bellunopress.it\/#\/schema\/person\/79bb06722b37ece1c03d3e94beb30d73"},"headline":"Il Mose ferma l&#8217;acqua. Rotta e Pellicani: &#8220;Ora Venezia pu\u00f2 guardare al futuro&#8221;","datePublished":"2020-10-03T13:47:57+00:00","dateModified":"2020-10-03T13:53:25+00:00","mainEntityOfPage":{"@id":"https:\/\/www.bellunopress.it\/2020\/10\/03\/il-mose-ferma-lacqua-rotta-e-pellicani-ora-venezia-puo-guardare-al-futuro\/"},"wordCount":579,"publisher":{"@id":"https:\/\/www.bellunopress.it\/#organization"},"image":{"@id":"https:\/\/www.bellunopress.it\/2020\/10\/03\/il-mose-ferma-lacqua-rotta-e-pellicani-ora-venezia-puo-guardare-al-futuro\/#primaryimage"},"thumbnailUrl":"https:\/\/www.bellunopress.it\/wp-content\/uploads\/2020\/10\/venezia_edited.jpg","articleSection":["Cronaca\/Politica","Featured","Prima Pagina"],"inLanguage":"fr-FR"},{"@type":"WebPage","@id":"https:\/\/www.bellunopress.it\/2020\/10\/03\/il-mose-ferma-lacqua-rotta-e-pellicani-ora-venezia-puo-guardare-al-futuro\/","url":"https:\/\/www.bellunopress.it\/2020\/10\/03\/il-mose-ferma-lacqua-rotta-e-pellicani-ora-venezia-puo-guardare-al-futuro\/","name":"Il Mose ferma l'acqua. Rotta e Pellicani: \"Ora Venezia pu\u00f2 guardare al futuro\" - Bellunopress - Dolomiti","isPartOf":{"@id":"https:\/\/www.bellunopress.it\/#website"},"primaryImageOfPage":{"@id":"https:\/\/www.bellunopress.it\/2020\/10\/03\/il-mose-ferma-lacqua-rotta-e-pellicani-ora-venezia-puo-guardare-al-futuro\/#primaryimage"},"image":{"@id":"https:\/\/www.bellunopress.it\/2020\/10\/03\/il-mose-ferma-lacqua-rotta-e-pellicani-ora-venezia-puo-guardare-al-futuro\/#primaryimage"},"thumbnailUrl":"https:\/\/www.bellunopress.it\/wp-content\/uploads\/2020\/10\/venezia_edited.jpg","datePublished":"2020-10-03T13:47:57+00:00","dateModified":"2020-10-03T13:53:25+00:00","breadcrumb":{"@id":"https:\/\/www.bellunopress.it\/2020\/10\/03\/il-mose-ferma-lacqua-rotta-e-pellicani-ora-venezia-puo-guardare-al-futuro\/#breadcrumb"},"inLanguage":"fr-FR","potentialAction":[{"@type":"ReadAction","target":["https:\/\/www.bellunopress.it\/2020\/10\/03\/il-mose-ferma-lacqua-rotta-e-pellicani-ora-venezia-puo-guardare-al-futuro\/"]}]},{"@type":"ImageObject","inLanguage":"fr-FR","@id":"https:\/\/www.bellunopress.it\/2020\/10\/03\/il-mose-ferma-lacqua-rotta-e-pellicani-ora-venezia-puo-guardare-al-futuro\/#primaryimage","url":"https:\/\/www.bellunopress.it\/wp-content\/uploads\/2020\/10\/venezia_edited.jpg","contentUrl":"https:\/\/www.bellunopress.it\/wp-content\/uploads\/2020\/10\/venezia_edited.jpg","width":800,"height":550},{"@type":"BreadcrumbList","@id":"https:\/\/www.bellunopress.it\/2020\/10\/03\/il-mose-ferma-lacqua-rotta-e-pellicani-ora-venezia-puo-guardare-al-futuro\/#breadcrumb","itemListElement":[{"@type":"ListItem","position":1,"name":"Home","item":"https:\/\/www.bellunopress.it\/"},{"@type":"ListItem","position":2,"name":"Il Mose ferma l&#8217;acqua. Rotta e Pellicani: &#8220;Ora Venezia pu\u00f2 guardare al futuro&#8221;"}]},{"@type":"WebSite","@id":"https:\/\/www.bellunopress.it\/#website","url":"https:\/\/www.bellunopress.it\/","name":"Bellunopress - Dolomiti","description":"e-mail: redazione@bellunopress.it","publisher":{"@id":"https:\/\/www.bellunopress.it\/#organization"},"potentialAction":[{"@type":"SearchAction","target":{"@type":"EntryPoint","urlTemplate":"https:\/\/www.bellunopress.it\/?s={search_term_string}"},"query-input":{"@type":"PropertyValueSpecification","valueRequired":true,"valueName":"search_term_string"}}],"inLanguage":"fr-FR"},{"@type":"Organization","@id":"https:\/\/www.bellunopress.it\/#organization","name":"Bellunopress","url":"https:\/\/www.bellunopress.it\/","logo":{"@type":"ImageObject","inLanguage":"fr-FR","@id":"https:\/\/www.bellunopress.it\/#\/schema\/logo\/image\/","url":"https:\/\/www.bellunopress.it\/wp-content\/uploads\/2011\/05\/cropped-logo-bellunopress-.jpg","contentUrl":"https:\/\/www.bellunopress.it\/wp-content\/uploads\/2011\/05\/cropped-logo-bellunopress-.jpg","width":512,"height":512,"caption":"Bellunopress"},"image":{"@id":"https:\/\/www.bellunopress.it\/#\/schema\/logo\/image\/"},"sameAs":["https:\/\/www.facebook.com\/profile.php?id=100008943462799","https:\/\/x.com\/bellunopress","https:\/\/www.linkedin.com\/hp\/?dnr=JBzUWaJfMUw8vbXJJ2tVW5-I3jZKvC4wsoxE&amp;amp;amp;amp;amp;amp;trk=nav_responsive_tab_home","https:\/\/www.youtube.com\/channel\/UCxL0wu1uN0_3_7hGG0306cw"]},{"@type":"Person","@id":"https:\/\/www.bellunopress.it\/#\/schema\/person\/79bb06722b37ece1c03d3e94beb30d73","name":"r\u00e9daction","image":{"@type":"ImageObject","inLanguage":"fr-FR","@id":"https:\/\/secure.gravatar.com\/avatar\/37d968a2e67a6fd04c169c4bdef102d0bc5d31b2546345219e348575eb80e9a0?s=96&d=mm&r=g","url":"https:\/\/secure.gravatar.com\/avatar\/37d968a2e67a6fd04c169c4bdef102d0bc5d31b2546345219e348575eb80e9a0?s=96&d=mm&r=g","contentUrl":"https:\/\/secure.gravatar.com\/avatar\/37d968a2e67a6fd04c169c4bdef102d0bc5d31b2546345219e348575eb80e9a0?s=96&d=mm&r=g","caption":"redazione"},"sameAs":["http:\/\/www.bellunopress.it","https:\/\/x.com\/bellunopress"],"url":"https:\/\/www.bellunopress.it\/fr\/author\/redazione\/"}]}},"_links":{"self":[{"href":"https:\/\/www.bellunopress.it\/fr\/wp-json\/wp\/v2\/posts\/118185","targetHints":{"allow":["GET"]}}],"collection":[{"href":"https:\/\/www.bellunopress.it\/fr\/wp-json\/wp\/v2\/posts"}],"about":[{"href":"https:\/\/www.bellunopress.it\/fr\/wp-json\/wp\/v2\/types\/post"}],"author":[{"embeddable":true,"href":"https:\/\/www.bellunopress.it\/fr\/wp-json\/wp\/v2\/users\/2"}],"replies":[{"embeddable":true,"href":"https:\/\/www.bellunopress.it\/fr\/wp-json\/wp\/v2\/comments?post=118185"}],"version-history":[{"count":2,"href":"https:\/\/www.bellunopress.it\/fr\/wp-json\/wp\/v2\/posts\/118185\/revisions"}],"predecessor-version":[{"id":118188,"href":"https:\/\/www.bellunopress.it\/fr\/wp-json\/wp\/v2\/posts\/118185\/revisions\/118188"}],"wp:featuredmedia":[{"embeddable":true,"href":"https:\/\/www.bellunopress.it\/fr\/wp-json\/wp\/v2\/media\/118186"}],"wp:attachment":[{"href":"https:\/\/www.bellunopress.it\/fr\/wp-json\/wp\/v2\/media?parent=118185"}],"wp:term":[{"taxonomy":"category","embeddable":true,"href":"https:\/\/www.bellunopress.it\/fr\/wp-json\/wp\/v2\/categories?post=118185"},{"taxonomy":"post_tag","embeddable":true,"href":"https:\/\/www.bellunopress.it\/fr\/wp-json\/wp\/v2\/tags?post=118185"}],"curies":[{"name":"wp","href":"https:\/\/api.w.org\/{rel}","templated":true}]}}